{"id":5962,"date":"2026-01-14T12:12:59","date_gmt":"2026-01-14T15:12:59","guid":{"rendered":"https:\/\/www.encontraamericana.com.br\/guia\/biblioteca-de-americana-recebe-nova-sessao-de-contacao-de-historias-nesta-sexta\/"},"modified":"2026-01-14T12:12:59","modified_gmt":"2026-01-14T15:12:59","slug":"biblioteca-de-americana-recebe-nova-sessao-de-contacao-de-historias-nesta-sexta","status":"publish","type":"post","link":"https:\/\/www.encontraamericana.com.br\/guia\/biblioteca-de-americana-recebe-nova-sessao-de-contacao-de-historias-nesta-sexta\/","title":{"rendered":"Biblioteca de Americana recebe nova sess\u00e3o de conta\u00e7\u00e3o de hist\u00f3rias nesta sexta"},"content":{"rendered":"<h2>O que \u00e9 a programa\u00e7\u00e3o &#8216;Conta\u00e7\u00f5es e Divers\u00f5es&#8217;?<\/h2>\n<p>A programa\u00e7\u00e3o &#8220;Conta\u00e7\u00f5es e Divers\u00f5es&#8221; \u00e9 uma iniciativa promovida pela Biblioteca Municipal &#8220;Professora Jandyra Basseto P\u00e2ntano&#8221; de Americana, que visa incentivar a leitura e a valoriza\u00e7\u00e3o da literatura entre crian\u00e7as, suas fam\u00edlias e a comunidade em geral. Realizada durante todo o m\u00eas de janeiro, essa programa\u00e7\u00e3o conta com sess\u00f5es de conta\u00e7\u00e3o de hist\u00f3rias, onde profissionais especializados narram contos l\u00fadicos e cativantes. A proposta central \u00e9 n\u00e3o apenas entreter, mas tamb\u00e9m estimular a imagina\u00e7\u00e3o e a criatividade dos participantes, criando um ambiente acolhedor e educativo.<\/p>\n<p>As atividades s\u00e3o programadas para acontecer em diferentes datas ao longo do m\u00eas, permitindo que mais pessoas possam participar e desfrutar das hist\u00f3rias contadas. A participa\u00e7\u00e3o \u00e9 totalmente gratuita, o que democratiza o acesso \u00e0 cultura e ao prazer da leitura. Esta \u00e9 uma oportunidade imperd\u00edvel para que as crian\u00e7as e seus respons\u00e1veis vivenciem momentos de descontra\u00e7\u00e3o e aprendizado, enraizando, assim, o gosto pela leitura desde a inf\u00e2ncia.<\/p>\n<h2>A import\u00e2ncia da conta\u00e7\u00e3o de hist\u00f3rias<\/h2>\n<p>A conta\u00e7\u00e3o de hist\u00f3rias \u00e9 uma pr\u00e1tica ancestral que desempenha um papel crucial no desenvolvimento infantil. Ela n\u00e3o se limita a entreter, mas tamb\u00e9m oferece diversos benef\u00edcios que impactam positivamente o crescimento f\u00edsico, emocional e intelectual das crian\u00e7as. Primeiramente, as hist\u00f3rias ajudam a desenvolver habilidades lingu\u00edsticas, uma vez que a exposi\u00e7\u00e3o a diferentes vocabul\u00e1rios e estruturas narrativas enriquece o repert\u00f3rio lingu\u00edstico das crian\u00e7as, melhorando sua comunica\u00e7\u00e3o oral e escrita.<\/p>\n<p><img decoding=\"async\" src=\"https:\/\/www.encontraamericana.com.br\/guia\/wp-content\/uploads\/2026\/01\/biblioteca-de-americana-recebe-nova-sessao-de-contacao-de-historias-nesta-sexta.webp\" alt=\"conta\u00e7\u00e3o de hist\u00f3rias\" loading=\"lazy\" \/><\/p>\n<p>Al\u00e9m disso, as narrativas estimulam a empatia. Ao se identificarem com os personagens e suas jornadas, as crian\u00e7as aprendem a compreender e respeitar as emo\u00e7\u00f5es alheias, um aspecto fundamental para a forma\u00e7\u00e3o de relacionamentos saud\u00e1veis. A conta\u00e7\u00e3o de hist\u00f3rias tamb\u00e9m promove a criatividade, incentivando os pequenos a imaginar novos cen\u00e1rios e personagens, o que \u00e9 essencial para desenvolver o pensamento cr\u00edtico e inovador.<\/p>\n<p>Outra contribui\u00e7\u00e3o significativa da conta\u00e7\u00e3o de hist\u00f3rias \u00e9 a capacidade de transmitir valores e ensinamentos. Atrav\u00e9s de f\u00e1bulas e hist\u00f3rias, conceitos como amizade, respeito, coragem e justi\u00e7a s\u00e3o abordados de forma l\u00fadica, facilitando a assimila\u00e7\u00e3o desses valores pelas crian\u00e7as. Portanto, a conta\u00e7\u00e3o de hist\u00f3rias faz parte de um processo educacional muito mais amplo, que vai al\u00e9m da simples divers\u00e3o.<\/p>\n<h2>Quem s\u00e3o as contadoras de hist\u00f3rias?<\/h2>\n<p>As contadoras de hist\u00f3rias que participam da programa\u00e7\u00e3o s\u00e3o profissionais qualificadas, com vasta experi\u00eancia em narra\u00e7\u00e3o de contos e hist\u00f3rias. No evento, est\u00e3o presentes Izilda de Campos e Katya Forti, que foram escolhidas pela sua habilidade em cativar o p\u00fablico e criar um ambiente de encantamento e aprendizado. Essas narradoras possuem um olhar sens\u00edvel e apaixonado pela literatura infantil, compreendendo a import\u00e2ncia do seu papel na forma\u00e7\u00e3o das novas gera\u00e7\u00f5es.<\/p>\n<p>A contadora de hist\u00f3rias n\u00e3o apenas narra, mas tamb\u00e9m envolve os ouvintes de maneira interativa, utilizando diferentes t\u00e9cnicas, como entona\u00e7\u00e3o de voz, express\u00f5es corporais e at\u00e9 recursos visuais. Essa abordagem torna as hist\u00f3rias ainda mais instigantes, prendendo a aten\u00e7\u00e3o das crian\u00e7as e incentivando a participa\u00e7\u00e3o ativa por parte do p\u00fablico. O fato de contar com contadoras experientes \u00e9 um fator-chave para o sucesso das sess\u00f5es de conta\u00e7\u00e3o de hist\u00f3rias, proporcionando uma experi\u00eancia \u00fanica e memor\u00e1vel.<\/p>\n<h2>Quando e onde acontece a atividade?<\/h2>\n<p>A atividade acontece na Biblioteca Municipal &#8220;Professora Jandyra Basseto P\u00e2ntano&#8221;, localizada na Pra\u00e7a Comendador M\u00fcller, 172, no centro de Americana. As sess\u00f5es est\u00e3o programadas para ocorrer em diferentes datas ao longo do m\u00eas de janeiro, come\u00e7ando em uma sexta-feira, a partir das 14h. Essa variedade de hor\u00e1rios contribui para que mais fam\u00edlias possam participar e garantir a presen\u00e7a de crian\u00e7as que podem se interessar por essa experi\u00eancia cultural enriquecedora.<\/p>\n<p>Localizada em uma \u00e1rea central e acess\u00edvel, a Biblioteca oferece um espa\u00e7o agrad\u00e1vel e acolhedor, ideal para a realiza\u00e7\u00e3o de atividades voltadas \u00e0 leitura e \u00e0 educa\u00e7\u00e3o. As conta\u00e7\u00f5es de hist\u00f3rias s\u00e3o parte de um esfor\u00e7o cont\u00ednuo da Prefeitura de Americana, por meio da Secretaria de Cultura e Turismo, de integrar a comunidade em projetos que promovem a cultura e o lazer.<\/p>\n<h2>Como participar da sess\u00e3o de conta\u00e7\u00e3o de hist\u00f3rias?<\/h2>\n<p>A participa\u00e7\u00e3o nas sess\u00f5es de conta\u00e7\u00e3o de hist\u00f3rias \u00e9 completamente gratuita. Para garantir um espa\u00e7o, os interessados devem comparecer \u00e0 Biblioteca no hor\u00e1rio programado para a atividade. N\u00e3o \u00e9 necess\u00e1rio realizar uma inscri\u00e7\u00e3o pr\u00e9via; basta trazer a alegria de ouvir hist\u00f3rias e a disposi\u00e7\u00e3o para se encantar com as narrativas apresentadas.<\/p>\n<p>Os visitantes podem chegar com suas crian\u00e7as e desfrutar de um momento de descontra\u00e7\u00e3o e aprendizado. \u00c9 recomend\u00e1vel que os pais ou respons\u00e1veis cheguem um pouco antes do in\u00edcio da conta\u00e7\u00e3o para acomodar-se e garantir que os pequenos estejam prontos para mergulhar no mundo das hist\u00f3rias. Essa acessibilidade e simplicidade no acesso \u00e0s atividades \u00e9 uma das grandes vantagens desta programa\u00e7\u00e3o.<\/p>\n<h2>O que esperar das apresenta\u00e7\u00f5es?<\/h2>\n<p>As apresenta\u00e7\u00f5es s\u00e3o momentos m\u00e1gicos, repletos de cores, a\u00e7\u00f5es e emo\u00e7\u00f5es. Cada contadora traz seu estilo \u00fanico para a narrativa, criando um ambiente din\u00e2mico e interativo. As hist\u00f3rias variam desde cl\u00e1ssicos da literatura infantil at\u00e9 obras menos conhecidas, proporcionando variedade e surpresas a cada sess\u00e3o. Os temas muitas vezes abordam aventuras, amizade, f\u00e1bulas educativas e contos populares de diversas culturas.<\/p>\n<p>Os participantes podem esperar uma atmosfera acolhedora, onde as crian\u00e7as s\u00e3o incentivadas a fazer perguntas, interagir e at\u00e9 participar da narra\u00e7\u00e3o. A ideia \u00e9 que cada sess\u00e3o n\u00e3o seja apenas um momento passivo, mas sim uma oportunidade de engajamento e troca. Al\u00e9m disso, elementos visuais e sonoros podem ser utilizados para tornar a experi\u00eancia ainda mais rica e envolvente.<\/p>\n<h2>Hist\u00f3rias narradas por profissionais experientes<\/h2>\n<p>As contadoras de hist\u00f3rias possuem forma\u00e7\u00e3o e experi\u00eancia que garantem a qualidade das narrativas. Elas sabem como ajustar suas hist\u00f3rias para diferentes faixas et\u00e1rias, garantindo que o conte\u00fado seja adequado e estimulante para os participantes. Essas profissionais utilizam t\u00e9cnicas de storytelling que prendem a aten\u00e7\u00e3o e cultivam a imagina\u00e7\u00e3o das crian\u00e7as.<\/p>\n<p>Contar hist\u00f3rias n\u00e3o \u00e9 simplesmente ler um texto, mas sim uma arte que envolve a capacidade de tocar cora\u00e7\u00f5es e mentes. As contadoras de hist\u00f3rias sabem a import\u00e2ncia de respeitar a sensibilidade da audi\u00eancia, oferecendo uma experi\u00eancia que respeita a diversidade e promove a inclus\u00e3o. As narrativas escolhidas s\u00e3o pensadas n\u00e3o apenas para entreter, mas tamb\u00e9m para ensinar e fazer refletir, caracter\u00edsticas essenciais em um bom conto infantil.<\/p>\n<h2>Uma experi\u00eancia cultural para toda a fam\u00edlia<\/h2>\n<p>As sess\u00f5es de conta\u00e7\u00e3o de hist\u00f3rias s\u00e3o muito mais do que uma atividade voltada apenas para as crian\u00e7as; elas tamb\u00e9m s\u00e3o uma experi\u00eancia cultural enriquecedora para toda a fam\u00edlia. Os pais ou respons\u00e1veis se v\u00eaem imersos em um ambiente que estimula a conviv\u00eancia e a troca de experi\u00eancias. Durante as conta\u00e7\u00f5es, \u00e9 poss\u00edvel observar a alegria e a felicidade nas rea\u00e7\u00f5es das crian\u00e7as, o que traz satisfa\u00e7\u00e3o tamb\u00e9m para os adultos que compartilham esses momentos.<\/p>\n<p>Ao participar desse tipo de atividade, as fam\u00edlias t\u00eam a oportunidade de fortalecer v\u00ednculos familiares e criar mem\u00f3rias que ficar\u00e3o marcadas na inf\u00e2ncia das crian\u00e7as. Al\u00e9m disso, \u00e9 um convite \u00e0 conversa\u00e7\u00e3o e ao debate sobre as hist\u00f3rias ouvidas, estimulando assim o h\u00e1bito da leitura em casa e a troca de ideias sobre o que foi aprendido.<\/p>\n<h2>Benef\u00edcios da conta\u00e7\u00e3o de hist\u00f3rias para crian\u00e7as<\/h2>\n<p>A conta\u00e7\u00e3o de hist\u00f3rias oferece uma s\u00e9rie de benef\u00edcios significativos que impactam o desenvolvimento infantil. Indicados por estudos, destacam-se fatores como:<\/p>\n<ul>\n<li><strong>Desenvolvimento da Linguagem:<\/strong> A exposi\u00e7\u00e3o a diferentes tipos de narrativas aumenta o vocabul\u00e1rio e melhora a compreens\u00e3o oral.<\/li>\n<li><strong>Est\u00edmulo \u00e0 Imaginac\u00e3o:<\/strong> As narrativas despertam imagens mentais, o que \u00e9 fundamental para a criatividade.<\/li>\n<li><strong>Habilidades Sociais:<\/strong> O envolvimento em conta\u00e7\u00f5es promove a empatia e a sociabilidade entre as crian\u00e7as.<\/li>\n<li><strong>Aumento da Concentra\u00e7\u00e3o:<\/strong> Ouvir hist\u00f3rias requer aten\u00e7\u00e3o, ajudando a melhorar a capacidade de foco.<\/li>\n<li><strong>Transmiss\u00e3o de Valores:<\/strong> Hist\u00f3rias transmitem li\u00e7\u00f5es de vida e ensinamentos morais que s\u00e3o assimilados pelas crian\u00e7as de forma l\u00fadica.<\/li>\n<\/ul>\n<h2>Depoimentos de participantes anteriores<\/h2>\n<p>Os depoimentos de crian\u00e7as e pais que participaram de sess\u00f5es anteriores de conta\u00e7\u00e3o de hist\u00f3rias s\u00e3o repletos de entusiasmo e gratid\u00e3o. Crian\u00e7as costumam expressar a alegria que sentem ao ouvir suas hist\u00f3rias favoritas sendo contadas, mencionando aspectos que as encantaram e os ensinamentos que aprenderam. Os pais, por sua vez, ressaltam como essas atividades aproximam a fam\u00edlia e instigam as crian\u00e7as a querer ler mais em casa.<\/p>\n<p>O relato de uma m\u00e3e, por exemplo, destaca que a conta\u00e7\u00e3o de hist\u00f3rias proporcionou n\u00e3o apenas divers\u00e3o, mas tamb\u00e9m uma nova perspectiva sobre a import\u00e2ncia do livro como ferramenta de aprendizado. Relatos como esses tornam evidente o poder transformador da conta\u00e7\u00e3o de hist\u00f3rias, refletindo sua efic\u00e1cia n\u00e3o s\u00f3 na educa\u00e7\u00e3o, mas tamb\u00e9m na forma\u00e7\u00e3o de cidad\u00e3os mais conscientes e sens\u00edveis.<\/p>\n","protected":false},"excerpt":{"rendered":"<p>Nova sess\u00e3o de conta\u00e7\u00e3o de hist\u00f3rias na Biblioteca de Americana, uma experi\u00eancia cultural enriquecedora.<\/p>\n","protected":false},"author":1,"featured_media":5961,"comment_status":"open","ping_status":"open","sticky":false,"template":"","format":"standard","meta":{"footnotes":""},"categories":[5],"tags":[],"class_list":["post-5962","post","type-post","status-publish","format-standard","has-post-thumbnail","hentry","category-noticias","has_thumb"],"yoast_head":"<!-- This site is optimized with the Yoast SEO plugin v27.6 - https:\/\/yoast.com\/product\/yoast-seo-wordpress\/ -->\n<title>Biblioteca de Americana recebe nova sess\u00e3o de conta\u00e7\u00e3o de hist\u00f3rias nesta sexta | Guia Comercial de Americana SP<\/title>\n<meta name=\"robots\" content=\"index, follow, max-snippet:-1, max-image-preview:large, max-video-preview:-1\" \/>\n<link rel=\"canonical\" href=\"https:\/\/www.encontraamericana.com.br\/guia\/biblioteca-de-americana-recebe-nova-sessao-de-contacao-de-historias-nesta-sexta\/\" \/>\n<meta property=\"og:locale\" content=\"pt_BR\" \/>\n<meta property=\"og:type\" content=\"article\" \/>\n<meta property=\"og:title\" content=\"Biblioteca de Americana recebe nova sess\u00e3o de conta\u00e7\u00e3o de hist\u00f3rias nesta sexta | Guia Comercial de Americana SP\" \/>\n<meta property=\"og:description\" content=\"Nova sess\u00e3o de conta\u00e7\u00e3o de hist\u00f3rias na Biblioteca de Americana, uma experi\u00eancia cultural enriquecedora.\" \/>\n<meta property=\"og:url\" content=\"https:\/\/www.encontraamericana.com.br\/guia\/biblioteca-de-americana-recebe-nova-sessao-de-contacao-de-historias-nesta-sexta\/\" \/>\n<meta property=\"og:site_name\" content=\"Guia Comercial de Americana SP\" \/>\n<meta property=\"article:published_time\" content=\"2026-01-14T15:12:59+00:00\" \/>\n<meta property=\"og:image\" content=\"https:\/\/www.encontraamericana.com.br\/guia\/wp-content\/uploads\/2026\/01\/biblioteca-de-americana-recebe-nova-sessao-de-contacao-de-historias-nesta-sexta.webp\" \/>\n<meta name=\"author\" content=\"Encontra Americana\" \/>\n<meta name=\"twitter:card\" content=\"summary_large_image\" \/>\n<meta name=\"twitter:label1\" content=\"Escrito por\" \/>\n\t<meta name=\"twitter:data1\" content=\"Encontra Americana\" \/>\n\t<meta name=\"twitter:label2\" content=\"Est. tempo de leitura\" \/>\n\t<meta name=\"twitter:data2\" content=\"8 minutos\" \/>\n<script type=\"application\/ld+json\" class=\"yoast-schema-graph\">{\"@context\":\"https:\\\/\\\/schema.org\",\"@graph\":[{\"@type\":\"Article\",\"@id\":\"https:\\\/\\\/www.encontraamericana.com.br\\\/guia\\\/biblioteca-de-americana-recebe-nova-sessao-de-contacao-de-historias-nesta-sexta\\\/#article\",\"isPartOf\":{\"@id\":\"https:\\\/\\\/www.encontraamericana.com.br\\\/guia\\\/biblioteca-de-americana-recebe-nova-sessao-de-contacao-de-historias-nesta-sexta\\\/\"},\"author\":{\"name\":\"Encontra Americana\",\"@id\":\"https:\\\/\\\/www.encontraamericana.com.br\\\/guia\\\/#\\\/schema\\\/person\\\/515cbc6082144e7445cab98211d14f9b\"},\"headline\":\"Biblioteca de Americana recebe nova sess\u00e3o de conta\u00e7\u00e3o de hist\u00f3rias nesta sexta\",\"datePublished\":\"2026-01-14T15:12:59+00:00\",\"mainEntityOfPage\":{\"@id\":\"https:\\\/\\\/www.encontraamericana.com.br\\\/guia\\\/biblioteca-de-americana-recebe-nova-sessao-de-contacao-de-historias-nesta-sexta\\\/\"},\"wordCount\":1652,\"commentCount\":0,\"image\":{\"@id\":\"https:\\\/\\\/www.encontraamericana.com.br\\\/guia\\\/biblioteca-de-americana-recebe-nova-sessao-de-contacao-de-historias-nesta-sexta\\\/#primaryimage\"},\"thumbnailUrl\":\"https:\\\/\\\/www.encontraamericana.com.br\\\/guia\\\/wp-content\\\/uploads\\\/2026\\\/01\\\/biblioteca-de-americana-recebe-nova-sessao-de-contacao-de-historias-nesta-sexta.webp\",\"articleSection\":[\"Not\u00edcias Americana\"],\"inLanguage\":\"pt-BR\",\"potentialAction\":[{\"@type\":\"CommentAction\",\"name\":\"Comment\",\"target\":[\"https:\\\/\\\/www.encontraamericana.com.br\\\/guia\\\/biblioteca-de-americana-recebe-nova-sessao-de-contacao-de-historias-nesta-sexta\\\/#respond\"]}]},{\"@type\":\"WebPage\",\"@id\":\"https:\\\/\\\/www.encontraamericana.com.br\\\/guia\\\/biblioteca-de-americana-recebe-nova-sessao-de-contacao-de-historias-nesta-sexta\\\/\",\"url\":\"https:\\\/\\\/www.encontraamericana.com.br\\\/guia\\\/biblioteca-de-americana-recebe-nova-sessao-de-contacao-de-historias-nesta-sexta\\\/\",\"name\":\"Biblioteca de Americana recebe nova sess\u00e3o de conta\u00e7\u00e3o de hist\u00f3rias nesta sexta | Guia Comercial de Americana SP\",\"isPartOf\":{\"@id\":\"https:\\\/\\\/www.encontraamericana.com.br\\\/guia\\\/#website\"},\"primaryImageOfPage\":{\"@id\":\"https:\\\/\\\/www.encontraamericana.com.br\\\/guia\\\/biblioteca-de-americana-recebe-nova-sessao-de-contacao-de-historias-nesta-sexta\\\/#primaryimage\"},\"image\":{\"@id\":\"https:\\\/\\\/www.encontraamericana.com.br\\\/guia\\\/biblioteca-de-americana-recebe-nova-sessao-de-contacao-de-historias-nesta-sexta\\\/#primaryimage\"},\"thumbnailUrl\":\"https:\\\/\\\/www.encontraamericana.com.br\\\/guia\\\/wp-content\\\/uploads\\\/2026\\\/01\\\/biblioteca-de-americana-recebe-nova-sessao-de-contacao-de-historias-nesta-sexta.webp\",\"datePublished\":\"2026-01-14T15:12:59+00:00\",\"author\":{\"@id\":\"https:\\\/\\\/www.encontraamericana.com.br\\\/guia\\\/#\\\/schema\\\/person\\\/515cbc6082144e7445cab98211d14f9b\"},\"inLanguage\":\"pt-BR\",\"potentialAction\":[{\"@type\":\"ReadAction\",\"target\":[\"https:\\\/\\\/www.encontraamericana.com.br\\\/guia\\\/biblioteca-de-americana-recebe-nova-sessao-de-contacao-de-historias-nesta-sexta\\\/\"]}]},{\"@type\":\"ImageObject\",\"inLanguage\":\"pt-BR\",\"@id\":\"https:\\\/\\\/www.encontraamericana.com.br\\\/guia\\\/biblioteca-de-americana-recebe-nova-sessao-de-contacao-de-historias-nesta-sexta\\\/#primaryimage\",\"url\":\"https:\\\/\\\/www.encontraamericana.com.br\\\/guia\\\/wp-content\\\/uploads\\\/2026\\\/01\\\/biblioteca-de-americana-recebe-nova-sessao-de-contacao-de-historias-nesta-sexta.webp\",\"contentUrl\":\"https:\\\/\\\/www.encontraamericana.com.br\\\/guia\\\/wp-content\\\/uploads\\\/2026\\\/01\\\/biblioteca-de-americana-recebe-nova-sessao-de-contacao-de-historias-nesta-sexta.webp\",\"width\":280,\"height\":280,\"caption\":\"conta\u00e7\u00e3o de hist\u00f3rias\"},{\"@type\":\"WebSite\",\"@id\":\"https:\\\/\\\/www.encontraamericana.com.br\\\/guia\\\/#website\",\"url\":\"https:\\\/\\\/www.encontraamericana.com.br\\\/guia\\\/\",\"name\":\"Guia Comercial de Americana SP\",\"description\":\"ENCONTRA AMERICANA - O guia comercial de neg\u00f3cios e empresas, cultura e divers\u00e3o na cidade de Americana. Feito 100% para voc\u00ea morador!\",\"potentialAction\":[{\"@type\":\"SearchAction\",\"target\":{\"@type\":\"EntryPoint\",\"urlTemplate\":\"https:\\\/\\\/www.encontraamericana.com.br\\\/guia\\\/?s={search_term_string}\"},\"query-input\":{\"@type\":\"PropertyValueSpecification\",\"valueRequired\":true,\"valueName\":\"search_term_string\"}}],\"inLanguage\":\"pt-BR\"},{\"@type\":\"Person\",\"@id\":\"https:\\\/\\\/www.encontraamericana.com.br\\\/guia\\\/#\\\/schema\\\/person\\\/515cbc6082144e7445cab98211d14f9b\",\"name\":\"Encontra Americana\",\"image\":{\"@type\":\"ImageObject\",\"inLanguage\":\"pt-BR\",\"@id\":\"https:\\\/\\\/secure.gravatar.com\\\/avatar\\\/c50c17820bcf322f0a8fd6b110b8c0918141409dc69076470f6fca5fee70a5d4?s=96&d=mm&r=g\",\"url\":\"https:\\\/\\\/secure.gravatar.com\\\/avatar\\\/c50c17820bcf322f0a8fd6b110b8c0918141409dc69076470f6fca5fee70a5d4?s=96&d=mm&r=g\",\"contentUrl\":\"https:\\\/\\\/secure.gravatar.com\\\/avatar\\\/c50c17820bcf322f0a8fd6b110b8c0918141409dc69076470f6fca5fee70a5d4?s=96&d=mm&r=g\",\"caption\":\"Encontra Americana\"},\"url\":\"https:\\\/\\\/www.encontraamericana.com.br\\\/guia\\\/author\\\/encontraamericana\\\/\"}]}<\/script>\n<!-- \/ Yoast SEO plugin. -->","yoast_head_json":{"title":"Biblioteca de Americana recebe nova sess\u00e3o de conta\u00e7\u00e3o de hist\u00f3rias nesta sexta | Guia Comercial de Americana SP","robots":{"index":"index","follow":"follow","max-snippet":"max-snippet:-1","max-image-preview":"max-image-preview:large","max-video-preview":"max-video-preview:-1"},"canonical":"https:\/\/www.encontraamericana.com.br\/guia\/biblioteca-de-americana-recebe-nova-sessao-de-contacao-de-historias-nesta-sexta\/","og_locale":"pt_BR","og_type":"article","og_title":"Biblioteca de Americana recebe nova sess\u00e3o de conta\u00e7\u00e3o de hist\u00f3rias nesta sexta | Guia Comercial de Americana SP","og_description":"Nova sess\u00e3o de conta\u00e7\u00e3o de hist\u00f3rias na Biblioteca de Americana, uma experi\u00eancia cultural enriquecedora.","og_url":"https:\/\/www.encontraamericana.com.br\/guia\/biblioteca-de-americana-recebe-nova-sessao-de-contacao-de-historias-nesta-sexta\/","og_site_name":"Guia Comercial de Americana SP","article_published_time":"2026-01-14T15:12:59+00:00","og_image":[{"url":"https:\/\/www.encontraamericana.com.br\/guia\/wp-content\/uploads\/2026\/01\/biblioteca-de-americana-recebe-nova-sessao-de-contacao-de-historias-nesta-sexta.webp","type":"","width":"","height":""}],"author":"Encontra Americana","twitter_card":"summary_large_image","twitter_misc":{"Escrito por":"Encontra Americana","Est. tempo de leitura":"8 minutos"},"schema":{"@context":"https:\/\/schema.org","@graph":[{"@type":"Article","@id":"https:\/\/www.encontraamericana.com.br\/guia\/biblioteca-de-americana-recebe-nova-sessao-de-contacao-de-historias-nesta-sexta\/#article","isPartOf":{"@id":"https:\/\/www.encontraamericana.com.br\/guia\/biblioteca-de-americana-recebe-nova-sessao-de-contacao-de-historias-nesta-sexta\/"},"author":{"name":"Encontra Americana","@id":"https:\/\/www.encontraamericana.com.br\/guia\/#\/schema\/person\/515cbc6082144e7445cab98211d14f9b"},"headline":"Biblioteca de Americana recebe nova sess\u00e3o de conta\u00e7\u00e3o de hist\u00f3rias nesta sexta","datePublished":"2026-01-14T15:12:59+00:00","mainEntityOfPage":{"@id":"https:\/\/www.encontraamericana.com.br\/guia\/biblioteca-de-americana-recebe-nova-sessao-de-contacao-de-historias-nesta-sexta\/"},"wordCount":1652,"commentCount":0,"image":{"@id":"https:\/\/www.encontraamericana.com.br\/guia\/biblioteca-de-americana-recebe-nova-sessao-de-contacao-de-historias-nesta-sexta\/#primaryimage"},"thumbnailUrl":"https:\/\/www.encontraamericana.com.br\/guia\/wp-content\/uploads\/2026\/01\/biblioteca-de-americana-recebe-nova-sessao-de-contacao-de-historias-nesta-sexta.webp","articleSection":["Not\u00edcias Americana"],"inLanguage":"pt-BR","potentialAction":[{"@type":"CommentAction","name":"Comment","target":["https:\/\/www.encontraamericana.com.br\/guia\/biblioteca-de-americana-recebe-nova-sessao-de-contacao-de-historias-nesta-sexta\/#respond"]}]},{"@type":"WebPage","@id":"https:\/\/www.encontraamericana.com.br\/guia\/biblioteca-de-americana-recebe-nova-sessao-de-contacao-de-historias-nesta-sexta\/","url":"https:\/\/www.encontraamericana.com.br\/guia\/biblioteca-de-americana-recebe-nova-sessao-de-contacao-de-historias-nesta-sexta\/","name":"Biblioteca de Americana recebe nova sess\u00e3o de conta\u00e7\u00e3o de hist\u00f3rias nesta sexta | Guia Comercial de Americana SP","isPartOf":{"@id":"https:\/\/www.encontraamericana.com.br\/guia\/#website"},"primaryImageOfPage":{"@id":"https:\/\/www.encontraamericana.com.br\/guia\/biblioteca-de-americana-recebe-nova-sessao-de-contacao-de-historias-nesta-sexta\/#primaryimage"},"image":{"@id":"https:\/\/www.encontraamericana.com.br\/guia\/biblioteca-de-americana-recebe-nova-sessao-de-contacao-de-historias-nesta-sexta\/#primaryimage"},"thumbnailUrl":"https:\/\/www.encontraamericana.com.br\/guia\/wp-content\/uploads\/2026\/01\/biblioteca-de-americana-recebe-nova-sessao-de-contacao-de-historias-nesta-sexta.webp","datePublished":"2026-01-14T15:12:59+00:00","author":{"@id":"https:\/\/www.encontraamericana.com.br\/guia\/#\/schema\/person\/515cbc6082144e7445cab98211d14f9b"},"inLanguage":"pt-BR","potentialAction":[{"@type":"ReadAction","target":["https:\/\/www.encontraamericana.com.br\/guia\/biblioteca-de-americana-recebe-nova-sessao-de-contacao-de-historias-nesta-sexta\/"]}]},{"@type":"ImageObject","inLanguage":"pt-BR","@id":"https:\/\/www.encontraamericana.com.br\/guia\/biblioteca-de-americana-recebe-nova-sessao-de-contacao-de-historias-nesta-sexta\/#primaryimage","url":"https:\/\/www.encontraamericana.com.br\/guia\/wp-content\/uploads\/2026\/01\/biblioteca-de-americana-recebe-nova-sessao-de-contacao-de-historias-nesta-sexta.webp","contentUrl":"https:\/\/www.encontraamericana.com.br\/guia\/wp-content\/uploads\/2026\/01\/biblioteca-de-americana-recebe-nova-sessao-de-contacao-de-historias-nesta-sexta.webp","width":280,"height":280,"caption":"conta\u00e7\u00e3o de hist\u00f3rias"},{"@type":"WebSite","@id":"https:\/\/www.encontraamericana.com.br\/guia\/#website","url":"https:\/\/www.encontraamericana.com.br\/guia\/","name":"Guia Comercial de Americana SP","description":"ENCONTRA AMERICANA - O guia comercial de neg\u00f3cios e empresas, cultura e divers\u00e3o na cidade de Americana. Feito 100% para voc\u00ea morador!","potentialAction":[{"@type":"SearchAction","target":{"@type":"EntryPoint","urlTemplate":"https:\/\/www.encontraamericana.com.br\/guia\/?s={search_term_string}"},"query-input":{"@type":"PropertyValueSpecification","valueRequired":true,"valueName":"search_term_string"}}],"inLanguage":"pt-BR"},{"@type":"Person","@id":"https:\/\/www.encontraamericana.com.br\/guia\/#\/schema\/person\/515cbc6082144e7445cab98211d14f9b","name":"Encontra Americana","image":{"@type":"ImageObject","inLanguage":"pt-BR","@id":"https:\/\/secure.gravatar.com\/avatar\/c50c17820bcf322f0a8fd6b110b8c0918141409dc69076470f6fca5fee70a5d4?s=96&d=mm&r=g","url":"https:\/\/secure.gravatar.com\/avatar\/c50c17820bcf322f0a8fd6b110b8c0918141409dc69076470f6fca5fee70a5d4?s=96&d=mm&r=g","contentUrl":"https:\/\/secure.gravatar.com\/avatar\/c50c17820bcf322f0a8fd6b110b8c0918141409dc69076470f6fca5fee70a5d4?s=96&d=mm&r=g","caption":"Encontra Americana"},"url":"https:\/\/www.encontraamericana.com.br\/guia\/author\/encontraamericana\/"}]}},"_links":{"self":[{"href":"https:\/\/www.encontraamericana.com.br\/guia\/wp-json\/wp\/v2\/posts\/5962","targetHints":{"allow":["GET"]}}],"collection":[{"href":"https:\/\/www.encontraamericana.com.br\/guia\/wp-json\/wp\/v2\/posts"}],"about":[{"href":"https:\/\/www.encontraamericana.com.br\/guia\/wp-json\/wp\/v2\/types\/post"}],"author":[{"embeddable":true,"href":"https:\/\/www.encontraamericana.com.br\/guia\/wp-json\/wp\/v2\/users\/1"}],"replies":[{"embeddable":true,"href":"https:\/\/www.encontraamericana.com.br\/guia\/wp-json\/wp\/v2\/comments?post=5962"}],"version-history":[{"count":0,"href":"https:\/\/www.encontraamericana.com.br\/guia\/wp-json\/wp\/v2\/posts\/5962\/revisions"}],"wp:featuredmedia":[{"embeddable":true,"href":"https:\/\/www.encontraamericana.com.br\/guia\/wp-json\/wp\/v2\/media\/5961"}],"wp:attachment":[{"href":"https:\/\/www.encontraamericana.com.br\/guia\/wp-json\/wp\/v2\/media?parent=5962"}],"wp:term":[{"taxonomy":"category","embeddable":true,"href":"https:\/\/www.encontraamericana.com.br\/guia\/wp-json\/wp\/v2\/categories?post=5962"},{"taxonomy":"post_tag","embeddable":true,"href":"https:\/\/www.encontraamericana.com.br\/guia\/wp-json\/wp\/v2\/tags?post=5962"}],"curies":[{"name":"wp","href":"https:\/\/api.w.org\/{rel}","templated":true}]}}