{"id":5994,"date":"2026-01-21T12:10:34","date_gmt":"2026-01-21T15:10:34","guid":{"rendered":"https:\/\/www.encontraamericana.com.br\/guia\/americana-tem-audiencias-publicas-pra-discutir-residuos-solidos-em-fevereiro\/"},"modified":"2026-01-21T12:10:34","modified_gmt":"2026-01-21T15:10:34","slug":"americana-tem-audiencias-publicas-pra-discutir-residuos-solidos-em-fevereiro","status":"publish","type":"post","link":"https:\/\/www.encontraamericana.com.br\/guia\/americana-tem-audiencias-publicas-pra-discutir-residuos-solidos-em-fevereiro\/","title":{"rendered":"Americana tem audi\u00eancias p\u00fablicas pra discutir Res\u00edduos S\u00f3lidos em fevereiro"},"content":{"rendered":"<h2>O Que S\u00e3o Audi\u00eancias P\u00fablicas?<\/h2>\n<p>Audi\u00eancias p\u00fablicas s\u00e3o eventos realizados por \u00f3rg\u00e3os governamentais com o objetivo de apresentar e discutir projetos, leis ou pol\u00edticas p\u00fablicas com a participa\u00e7\u00e3o da popula\u00e7\u00e3o. Esses encontros s\u00e3o momentos essenciais para promover a transpar\u00eancia e incentivar a participa\u00e7\u00e3o cidad\u00e3 na constru\u00e7\u00e3o de decis\u00f5es que impactam diretamente a sociedade. No contexto da gest\u00e3o de res\u00edduos s\u00f3lidos, as audi\u00eancias p\u00fablicas oferecem uma plataforma para discuss\u00e3o de propostas e metodologias que visam a sustentabilidade e efici\u00eancia na administra\u00e7\u00e3o do lixo produzido em determinada localidade.<\/p>\n<p>Durante uma audi\u00eancia p\u00fablica, os cidad\u00e3os t\u00eam a oportunidade de se informar sobre as propostas apresentadas, apresentar suas opini\u00f5es, sugest\u00f5es e realizar questionamentos. Al\u00e9m disso, esses encontros garantem que as preocupa\u00e7\u00f5es da popula\u00e7\u00e3o sejam levadas em conta na constru\u00e7\u00e3o de pol\u00edticas p\u00fablicas, promovendo a democracia e a participa\u00e7\u00e3o ativa dos cidad\u00e3os.<\/p>\n<p>Um exemplo recente de audi\u00eancia p\u00fablica ocorreu em Americana, onde a C\u00e2mara Municipal organizou eventos para discutir a atualiza\u00e7\u00e3o do Plano Municipal de Gest\u00e3o Integrada de Res\u00edduos S\u00f3lidos, permitindo que os cidad\u00e3os se envolvessem ativamente nas decis\u00f5es que afetam seu meio ambiente e seu bem-estar.<\/p>\n<p><img decoding=\"async\" src=\"https:\/\/www.encontraamericana.com.br\/guia\/wp-content\/uploads\/2026\/01\/americana-tem-audiencias-publicas-pra-discutir-residuos-solidos-em-fevereiro.webp\" alt=\"audi\u00eancias p\u00fablicas sobre res\u00edduos s\u00f3lidos\" loading=\"lazy\" \/><\/p>\n<h2>Import\u00e2ncia da Gest\u00e3o de Res\u00edduos S\u00f3lidos<\/h2>\n<p>A gest\u00e3o de res\u00edduos s\u00f3lidos \u00e9 um desafio crescente enfrentado por cidades ao redor do mundo. A produ\u00e7\u00e3o de res\u00edduos tem aumentado significativamente com o crescimento populacional e a urbaniza\u00e7\u00e3o, tornando a gest\u00e3o eficiente desses res\u00edduos uma preocupa\u00e7\u00e3o central tanto para a sa\u00fade p\u00fablica quanto para a sustentabilidade ambiental.<\/p>\n<p>A gest\u00e3o eficaz dos res\u00edduos s\u00f3lidos envolve um conjunto de atividades que incluem a gera\u00e7\u00e3o, segrega\u00e7\u00e3o, acondicionamento, coleta, transporte, tratamento e disposi\u00e7\u00e3o final do lixo. Ela tem como objetivo minimizar os impactos negativos dos res\u00edduos sobre o meio ambiente e a sa\u00fade das pessoas, promovendo a reciclagem e a recupera\u00e7\u00e3o de materiais. Assim, a implementa\u00e7\u00e3o de a\u00e7\u00f5es adequadas nesta \u00e1rea contribui para um futuro mais sustent\u00e1vel.<\/p>\n<p>Al\u00e9m disso, a gest\u00e3o de res\u00edduos s\u00f3lidos est\u00e1 diretamente ligada ao cumprimento das legisla\u00e7\u00f5es ambientais, como a Pol\u00edtica Nacional de Res\u00edduos S\u00f3lidos e o Marco Legal do Saneamento B\u00e1sico. Estas legisla\u00e7\u00f5es estabelecem normas e diretrizes que visam melhorar a gest\u00e3o dos res\u00edduos, promover o desenvolvimento sustent\u00e1vel e proteger o meio ambiente. Atrav\u00e9s de audi\u00eancias p\u00fablicas, os cidad\u00e3os podem expressar suas preocupa\u00e7\u00f5es e propostas, criando um di\u00e1logo entre a popula\u00e7\u00e3o e as autoridades respons\u00e1veis, o que \u00e9 essencial para a elabora\u00e7\u00e3o de pol\u00edticas eficazes.<\/p>\n<h2>Como Funcionar\u00e3o as Audi\u00eancias em Americana<\/h2>\n<p>As audi\u00eancias p\u00fablicas em Americana, programadas para os dias 04 e 23 de fevereiro, ocorrer\u00e3o no Plen\u00e1rio Dr. Ant\u00f4nio \u00c1lvares Lobo. Essas reuni\u00f5es s\u00e3o abertas ao p\u00fablico e ter\u00e3o transmiss\u00e3o ao vivo atrav\u00e9s da TV C\u00e2mara, garantindo que aqueles que n\u00e3o possam comparecer fisicamente tamb\u00e9m tenham acesso \u00e0s discuss\u00f5es e propostas em pauta.<\/p>\n<p>A C\u00e2mara Municipal incentivar\u00e1 a participa\u00e7\u00e3o ativa dos cidad\u00e3os, permitindo que apresentem suas opini\u00f5es, d\u00favidas e sugest\u00f5es de diferentes formas, seja presencialmente, por e-mail ou atrav\u00e9s de formul\u00e1rio online. Essa diversidade de formas de participa\u00e7\u00e3o \u00e9 essencial para garantir que a voz de todos os segmentos da popula\u00e7\u00e3o seja ouvida.<\/p>\n<p>As audi\u00eancias t\u00eam como foco apresentar e discutir o projeto de lei n\u00ba 178\/2025, que visa a atualiza\u00e7\u00e3o do plano de gest\u00e3o integrada de res\u00edduos s\u00f3lidos do munic\u00edpio. Este tipo de engajamento \u00e9 crucial, pois a participa\u00e7\u00e3o da comunidade pode levar a propostas mais adequadas e efetivas, refletindo as necessidades e preocupa\u00e7\u00f5es dos cidad\u00e3os locais.<\/p>\n<h2>O Que Esperar dos Eventos?<\/h2>\n<p>Os eventos de audi\u00eancias p\u00fablicas s\u00e3o oportunidades valiosas para a elabora\u00e7\u00e3o de pol\u00edticas p\u00fablicas que realmente atendam aos interesses da popula\u00e7\u00e3o. Durante as audi\u00eancias sobre res\u00edduos s\u00f3lidos, espera-se que sejam discutidos aspectos como a gest\u00e3o da coleta e a destina\u00e7\u00e3o do lixo, a promo\u00e7\u00e3o da reciclagem e a redu\u00e7\u00e3o dos res\u00edduos gerados. Essas discuss\u00f5es s\u00e3o essenciais para garantir um ambiente urbano mais limpo e saud\u00e1vel.<\/p>\n<p>Outro aspecto importante que pode ser abordado nas audi\u00eancias \u00e9 a educa\u00e7\u00e3o ambiental, que visa conscientizar a popula\u00e7\u00e3o sobre a import\u00e2ncia de adotar h\u00e1bitos sustent\u00e1veis no dia a dia. A gest\u00e3o dos res\u00edduos s\u00f3lidos n\u00e3o diz respeito apenas a pol\u00edticas p\u00fablicas, mas tamb\u00e9m \u00e0 participa\u00e7\u00e3o ativa do cidad\u00e3o, que pode contribuir significativamente na redu\u00e7\u00e3o da quantidade de lixo produzido.<\/p>\n<p>Ainda, essas audi\u00eancias proporcionam um espa\u00e7o para que a popula\u00e7\u00e3o questione as autoridades e se informe sobre como est\u00e1 a implementa\u00e7\u00e3o das pol\u00edticas de gest\u00e3o de res\u00edduos. Essa transpar\u00eancia \u00e9 fundamental para a constru\u00e7\u00e3o de uma rela\u00e7\u00e3o de confian\u00e7a entre os cidad\u00e3os e os gestores p\u00fablicos.<\/p>\n<h2>Como Participar e Contribuir?<\/h2>\n<p>Participar de audi\u00eancias p\u00fablicas \u00e9 uma maneira poderosa de fazer a diferen\u00e7a em sua comunidade. Para contribuir de forma eficaz, os cidad\u00e3os devem se preparar antes dos eventos. Isso pode incluir pesquisar sobre o tema a ser discutido, ler o projeto de lei ou proposta em quest\u00e3o e formular perguntas ou coment\u00e1rios que voc\u00ea gostaria de abordar.<\/p>\n<p>Al\u00e9m disso, os cidad\u00e3os podem expressar suas opini\u00f5es por e-mail ou preencher formul\u00e1rios dispon\u00edveis no site da C\u00e2mara Municipal. Essa variedade de canais de participa\u00e7\u00e3o garante que todos tenham uma oportunidade de se manifestar, independentemente das suas circunst\u00e2ncias pessoais.<\/p>\n<p>Na audi\u00eancia, \u00e9 importante que os participantes sejam respeitosos e claros em suas exposi\u00e7\u00f5es. Apresentar ideias de forma organizada e fundamentada pode ajudar a assegurar que suas contribui\u00e7\u00f5es sejam consideradas. A participa\u00e7\u00e3o efetiva pode influenciar diretamente a formula\u00e7\u00e3o de pol\u00edticas e programas, destacando a relev\u00e2ncia da voz de cada cidad\u00e3o durante esse processo.<\/p>\n<h2>Dados sobre Res\u00edduos S\u00f3lidos em Americana<\/h2>\n<p>A coleta e a gest\u00e3o de res\u00edduos s\u00f3lidos s\u00e3o desafios constantes para cidades como Americana. De acordo com dados recentes, a cidade gera uma quantidade significativa de lixo anualmente, e os processos de coleta e manejo devem evoluir para atender a essa demanda crescente.<\/p>\n<p>Dados de estudos precedentes indicam que o Brasil gera cerca de 79 milh\u00f5es de toneladas de res\u00edduos s\u00f3lidos por ano, o que representa um desafio consider\u00e1vel para a gest\u00e3o municipal. Em Americana, esse n\u00famero tamb\u00e9m \u00e9 relevante, exigindo que a cidade encontre solu\u00e7\u00f5es vi\u00e1veis e sustent\u00e1veis para a correta destina\u00e7\u00e3o dos res\u00edduos.<\/p>\n<p>O gerenciamento eficiente dos res\u00edduos s\u00f3lidos n\u00e3o envolve apenas a coleta, mas tamb\u00e9m a recupera\u00e7\u00e3o e o tratamento adequados. Isso inclui a segrega\u00e7\u00e3o na fonte, o aumento das taxas de reciclagem e a implementa\u00e7\u00e3o de pr\u00e1ticas que incentivem a compostagem e a reutiliza\u00e7\u00e3o de materiais. Ao promover a conscientiza\u00e7\u00e3o e a educa\u00e7\u00e3o ambiental, a cidade poder\u00e1 reduzir os impactos negativos dos res\u00edduos s\u00f3lidos e contribuir para uma sociedade mais sustent\u00e1vel.<\/p>\n<h2>O Papel da Popula\u00e7\u00e3o na Gest\u00e3o Municipal<\/h2>\n<p>A participa\u00e7\u00e3o da popula\u00e7\u00e3o \u00e9 crucial na gest\u00e3o municipal, especialmente no que diz respeito \u00e0 gest\u00e3o dos res\u00edduos s\u00f3lidos. Os cidad\u00e3os desempenham um papel ativo e fundamental ao adotar pr\u00e1ticas sustent\u00e1veis em seu cotidiano, como a separa\u00e7\u00e3o do lixo recicl\u00e1vel e a redu\u00e7\u00e3o do uso de pl\u00e1sticos.<\/p>\n<p>Al\u00e9m disso, as audi\u00eancias p\u00fablicas fornecem uma plataforma onde os cidad\u00e3os podem expressar suas preocupa\u00e7\u00f5es e contribui\u00e7\u00f5es, permitindo que a gest\u00e3o de res\u00edduos se torne mais eficaz. Essa intera\u00e7\u00e3o \u00e9 essencial para alinhar as pol\u00edticas p\u00fablicas com as expectativas e necessidades da popula\u00e7\u00e3o, garantindo que elas sejam mais bem recebidas e implementadas.<\/p>\n<p>A educa\u00e7\u00e3o ambiental, que incentiva os cidad\u00e3os a participarem ativamente na gest\u00e3o dos res\u00edduos, pode conducir a uma mudan\u00e7a cultural em rela\u00e7\u00e3o \u00e0 forma como a sociedade v\u00ea e lida com o lixo. Iniciativas de conscientiza\u00e7\u00e3o e informa\u00e7\u00f5es sobre a import\u00e2ncia da reciclagem e compostagem podem estimular pr\u00e1ticas mais sustent\u00e1veis entre os indiv\u00edduos e as comunidades.<\/p>\n<h2>Impactos da Nova Legisla\u00e7\u00e3o<\/h2>\n<p>A atualiza\u00e7\u00e3o do Plano Municipal de Gest\u00e3o Integrada de Res\u00edduos S\u00f3lidos de Americana, pautada no projeto de lei em discuss\u00e3o, trar\u00e1 impactos significativos na forma como a cidade lida com a gest\u00e3o de lixo. Essa altera\u00e7\u00e3o legislativa est\u00e1 em sintonia com as diretrizes da Pol\u00edtica Nacional de Res\u00edduos S\u00f3lidos e do Marco Legal do Saneamento B\u00e1sico, que promovem a melhoria na gest\u00e3o e a prote\u00e7\u00e3o ambiental.<\/p>\n<p>Com a nova legisla\u00e7\u00e3o, espera-se um aumento na efici\u00eancia dos servi\u00e7os de coleta de lixo, uma maior \u00eanfase na reciclagem e na recupera\u00e7\u00e3o de materiais, e uma gest\u00e3o mais integrada que ir\u00e1 incluir a popula\u00e7\u00e3o nos processos de decis\u00e3o. Esse movimento n\u00e3o apenas atender\u00e1 as exig\u00eancias legais, mas tamb\u00e9m levar\u00e1 a um melhor reconhecimento da import\u00e2ncia da sustentabilidade e do cuidado com o meio ambiente.<\/p>\n<p>Essas melhorias tamb\u00e9m podem resultar em benef\u00edcios econ\u00f4micos para a cidade, j\u00e1 que pr\u00e1ticas de gest\u00e3o de res\u00edduos bem executadas podem reduzir custos operacionais, trazer economia atrav\u00e9s da reciclagem e promover o uso mais eficiente dos recursos p\u00fablicos. Assim, a nova legisla\u00e7\u00e3o se configura como um passo positivo que poder\u00e1 beneficiar tanto a popula\u00e7\u00e3o quanto o meio ambiente.<\/p>\n<h2>Vantagens da Reuni\u00e3o Presencial<\/h2>\n<p>A realiza\u00e7\u00e3o de reuni\u00f5es presenciais, como as audi\u00eancias p\u00fablicas, proporciona diversas vantagens em rela\u00e7\u00e3o a outros formatos, como as reuni\u00f5es virtuais. Em encontros f\u00edsicos, os participantes t\u00eam a oportunidade de interagir diretamente, o que pode levar a um di\u00e1logo mais rico e din\u00e2mico.<\/p>\n<p>Al\u00e9m disso, o ambiente presencial favorece a constru\u00e7\u00e3o de conex\u00f5es entre os cidad\u00e3os e os representantes do governo, permitindo que as vozes da comunidade sejam ouvidas de maneira mais clara e impactante. O contato visual e a troca imediata de ideias podem resultar em um entendimento mais profundo sobre a import\u00e2ncia dos assuntos discutidos.<\/p>\n<p>Estar presente em audi\u00eancias tamb\u00e9m permite que os cidad\u00e3os expressem suas preocupa\u00e7\u00f5es e compartilhem experi\u00eancias de forma mais eficaz. Essa intera\u00e7\u00e3o n\u00e3o s\u00f3 fortalece a participa\u00e7\u00e3o democr\u00e1tica, como tamb\u00e9m gera um sentimento de comunidade e responsabilidade coletiva em rela\u00e7\u00e3o \u00e0 gest\u00e3o dos res\u00edduos na cidade. <\/p>\n<h2>A Import\u00e2ncia da Transpar\u00eancia na Gest\u00e3o P\u00fablica<\/h2>\n<p>A transpar\u00eancia \u00e9 um dos pilares fundamentais para uma gest\u00e3o p\u00fablica eficaz. Nos debates sobre a gest\u00e3o de res\u00edduos s\u00f3lidos em Americana, a transpar\u00eancia se torna ainda mais crucial. Ao garantir que as informa\u00e7\u00f5es sobre as pol\u00edticas e a\u00e7\u00f5es governamentais estejam acess\u00edveis e compreens\u00edveis, fortalece-se a confian\u00e7a do p\u00fablico nas institui\u00e7\u00f5es.<\/p>\n<p>As audi\u00eancias p\u00fablicas s\u00e3o uma ferramenta valiosa para promover essa transpar\u00eancia, pois permitem que os cidad\u00e3os acompanhem de perto as discuss\u00f5es e decis\u00f5es que os afetam. Quando as informa\u00e7\u00f5es s\u00e3o compartilhadas de forma clara, a popula\u00e7\u00e3o se sente mais engajada e incentivada a participar ativamente dos processos decis\u00f3rios.<\/p>\n<p>Al\u00e9m disso, a transpar\u00eancia ajuda a evitar corrup\u00e7\u00e3o e m\u00e1 gest\u00e3o dos recursos p\u00fablicos, promovendo a responsabilidade dos l\u00edderes eleitos e dos gestores envolvidos. Essa abordagem contribui para uma cultura de governan\u00e7a onde as preocupa\u00e7\u00f5es e sugest\u00f5es da popula\u00e7\u00e3o s\u00e3o consideradas, resultando em pol\u00edticas p\u00fablicas que realmente atendem \u00e0s necessidades da comunidade.<\/p>\n","protected":false},"excerpt":{"rendered":"<p>Participe das audi\u00eancias p\u00fablicas em Americana sobre res\u00edduos s\u00f3lidos e compartilhe suas ideias.<\/p>\n","protected":false},"author":1,"featured_media":5993,"comment_status":"open","ping_status":"open","sticky":false,"template":"","format":"standard","meta":{"footnotes":""},"categories":[5],"tags":[],"class_list":["post-5994","post","type-post","status-publish","format-standard","has-post-thumbnail","hentry","category-noticias","has_thumb"],"yoast_head":"<!-- This site is optimized with the Yoast SEO plugin v27.6 - https:\/\/yoast.com\/product\/yoast-seo-wordpress\/ -->\n<title>Americana tem audi\u00eancias p\u00fablicas pra discutir Res\u00edduos S\u00f3lidos em fevereiro | Guia Comercial de Americana SP<\/title>\n<meta name=\"robots\" content=\"index, follow, max-snippet:-1, max-image-preview:large, max-video-preview:-1\" \/>\n<link rel=\"canonical\" href=\"https:\/\/www.encontraamericana.com.br\/guia\/americana-tem-audiencias-publicas-pra-discutir-residuos-solidos-em-fevereiro\/\" \/>\n<meta property=\"og:locale\" content=\"pt_BR\" \/>\n<meta property=\"og:type\" content=\"article\" \/>\n<meta property=\"og:title\" content=\"Americana tem audi\u00eancias p\u00fablicas pra discutir Res\u00edduos S\u00f3lidos em fevereiro | Guia Comercial de Americana SP\" \/>\n<meta property=\"og:description\" content=\"Participe das audi\u00eancias p\u00fablicas em Americana sobre res\u00edduos s\u00f3lidos e compartilhe suas ideias.\" \/>\n<meta property=\"og:url\" content=\"https:\/\/www.encontraamericana.com.br\/guia\/americana-tem-audiencias-publicas-pra-discutir-residuos-solidos-em-fevereiro\/\" \/>\n<meta property=\"og:site_name\" content=\"Guia Comercial de Americana SP\" \/>\n<meta property=\"article:published_time\" content=\"2026-01-21T15:10:34+00:00\" \/>\n<meta property=\"og:image\" content=\"https:\/\/www.encontraamericana.com.br\/guia\/wp-content\/uploads\/2026\/01\/americana-tem-audiencias-publicas-pra-discutir-residuos-solidos-em-fevereiro.webp\" \/>\n<meta name=\"author\" content=\"Encontra Americana\" \/>\n<meta name=\"twitter:card\" content=\"summary_large_image\" \/>\n<meta name=\"twitter:label1\" content=\"Escrito por\" \/>\n\t<meta name=\"twitter:data1\" content=\"Encontra Americana\" \/>\n\t<meta name=\"twitter:label2\" content=\"Est. tempo de leitura\" \/>\n\t<meta name=\"twitter:data2\" content=\"10 minutos\" \/>\n<script type=\"application\/ld+json\" class=\"yoast-schema-graph\">{\"@context\":\"https:\\\/\\\/schema.org\",\"@graph\":[{\"@type\":\"Article\",\"@id\":\"https:\\\/\\\/www.encontraamericana.com.br\\\/guia\\\/americana-tem-audiencias-publicas-pra-discutir-residuos-solidos-em-fevereiro\\\/#article\",\"isPartOf\":{\"@id\":\"https:\\\/\\\/www.encontraamericana.com.br\\\/guia\\\/americana-tem-audiencias-publicas-pra-discutir-residuos-solidos-em-fevereiro\\\/\"},\"author\":{\"name\":\"Encontra Americana\",\"@id\":\"https:\\\/\\\/www.encontraamericana.com.br\\\/guia\\\/#\\\/schema\\\/person\\\/515cbc6082144e7445cab98211d14f9b\"},\"headline\":\"Americana tem audi\u00eancias p\u00fablicas pra discutir Res\u00edduos S\u00f3lidos em fevereiro\",\"datePublished\":\"2026-01-21T15:10:34+00:00\",\"mainEntityOfPage\":{\"@id\":\"https:\\\/\\\/www.encontraamericana.com.br\\\/guia\\\/americana-tem-audiencias-publicas-pra-discutir-residuos-solidos-em-fevereiro\\\/\"},\"wordCount\":2084,\"commentCount\":0,\"image\":{\"@id\":\"https:\\\/\\\/www.encontraamericana.com.br\\\/guia\\\/americana-tem-audiencias-publicas-pra-discutir-residuos-solidos-em-fevereiro\\\/#primaryimage\"},\"thumbnailUrl\":\"https:\\\/\\\/www.encontraamericana.com.br\\\/guia\\\/wp-content\\\/uploads\\\/2026\\\/01\\\/americana-tem-audiencias-publicas-pra-discutir-residuos-solidos-em-fevereiro.webp\",\"articleSection\":[\"Not\u00edcias Americana\"],\"inLanguage\":\"pt-BR\",\"potentialAction\":[{\"@type\":\"CommentAction\",\"name\":\"Comment\",\"target\":[\"https:\\\/\\\/www.encontraamericana.com.br\\\/guia\\\/americana-tem-audiencias-publicas-pra-discutir-residuos-solidos-em-fevereiro\\\/#respond\"]}]},{\"@type\":\"WebPage\",\"@id\":\"https:\\\/\\\/www.encontraamericana.com.br\\\/guia\\\/americana-tem-audiencias-publicas-pra-discutir-residuos-solidos-em-fevereiro\\\/\",\"url\":\"https:\\\/\\\/www.encontraamericana.com.br\\\/guia\\\/americana-tem-audiencias-publicas-pra-discutir-residuos-solidos-em-fevereiro\\\/\",\"name\":\"Americana tem audi\u00eancias p\u00fablicas pra discutir Res\u00edduos S\u00f3lidos em fevereiro | Guia Comercial de Americana SP\",\"isPartOf\":{\"@id\":\"https:\\\/\\\/www.encontraamericana.com.br\\\/guia\\\/#website\"},\"primaryImageOfPage\":{\"@id\":\"https:\\\/\\\/www.encontraamericana.com.br\\\/guia\\\/americana-tem-audiencias-publicas-pra-discutir-residuos-solidos-em-fevereiro\\\/#primaryimage\"},\"image\":{\"@id\":\"https:\\\/\\\/www.encontraamericana.com.br\\\/guia\\\/americana-tem-audiencias-publicas-pra-discutir-residuos-solidos-em-fevereiro\\\/#primaryimage\"},\"thumbnailUrl\":\"https:\\\/\\\/www.encontraamericana.com.br\\\/guia\\\/wp-content\\\/uploads\\\/2026\\\/01\\\/americana-tem-audiencias-publicas-pra-discutir-residuos-solidos-em-fevereiro.webp\",\"datePublished\":\"2026-01-21T15:10:34+00:00\",\"author\":{\"@id\":\"https:\\\/\\\/www.encontraamericana.com.br\\\/guia\\\/#\\\/schema\\\/person\\\/515cbc6082144e7445cab98211d14f9b\"},\"inLanguage\":\"pt-BR\",\"potentialAction\":[{\"@type\":\"ReadAction\",\"target\":[\"https:\\\/\\\/www.encontraamericana.com.br\\\/guia\\\/americana-tem-audiencias-publicas-pra-discutir-residuos-solidos-em-fevereiro\\\/\"]}]},{\"@type\":\"ImageObject\",\"inLanguage\":\"pt-BR\",\"@id\":\"https:\\\/\\\/www.encontraamericana.com.br\\\/guia\\\/americana-tem-audiencias-publicas-pra-discutir-residuos-solidos-em-fevereiro\\\/#primaryimage\",\"url\":\"https:\\\/\\\/www.encontraamericana.com.br\\\/guia\\\/wp-content\\\/uploads\\\/2026\\\/01\\\/americana-tem-audiencias-publicas-pra-discutir-residuos-solidos-em-fevereiro.webp\",\"contentUrl\":\"https:\\\/\\\/www.encontraamericana.com.br\\\/guia\\\/wp-content\\\/uploads\\\/2026\\\/01\\\/americana-tem-audiencias-publicas-pra-discutir-residuos-solidos-em-fevereiro.webp\",\"width\":280,\"height\":280,\"caption\":\"audi\u00eancias p\u00fablicas sobre res\u00edduos s\u00f3lidos\"},{\"@type\":\"WebSite\",\"@id\":\"https:\\\/\\\/www.encontraamericana.com.br\\\/guia\\\/#website\",\"url\":\"https:\\\/\\\/www.encontraamericana.com.br\\\/guia\\\/\",\"name\":\"Guia Comercial de Americana SP\",\"description\":\"ENCONTRA AMERICANA - O guia comercial de neg\u00f3cios e empresas, cultura e divers\u00e3o na cidade de Americana. Feito 100% para voc\u00ea morador!\",\"potentialAction\":[{\"@type\":\"SearchAction\",\"target\":{\"@type\":\"EntryPoint\",\"urlTemplate\":\"https:\\\/\\\/www.encontraamericana.com.br\\\/guia\\\/?s={search_term_string}\"},\"query-input\":{\"@type\":\"PropertyValueSpecification\",\"valueRequired\":true,\"valueName\":\"search_term_string\"}}],\"inLanguage\":\"pt-BR\"},{\"@type\":\"Person\",\"@id\":\"https:\\\/\\\/www.encontraamericana.com.br\\\/guia\\\/#\\\/schema\\\/person\\\/515cbc6082144e7445cab98211d14f9b\",\"name\":\"Encontra Americana\",\"image\":{\"@type\":\"ImageObject\",\"inLanguage\":\"pt-BR\",\"@id\":\"https:\\\/\\\/secure.gravatar.com\\\/avatar\\\/c50c17820bcf322f0a8fd6b110b8c0918141409dc69076470f6fca5fee70a5d4?s=96&d=mm&r=g\",\"url\":\"https:\\\/\\\/secure.gravatar.com\\\/avatar\\\/c50c17820bcf322f0a8fd6b110b8c0918141409dc69076470f6fca5fee70a5d4?s=96&d=mm&r=g\",\"contentUrl\":\"https:\\\/\\\/secure.gravatar.com\\\/avatar\\\/c50c17820bcf322f0a8fd6b110b8c0918141409dc69076470f6fca5fee70a5d4?s=96&d=mm&r=g\",\"caption\":\"Encontra Americana\"},\"url\":\"https:\\\/\\\/www.encontraamericana.com.br\\\/guia\\\/author\\\/encontraamericana\\\/\"}]}<\/script>\n<!-- \/ Yoast SEO plugin. -->","yoast_head_json":{"title":"Americana tem audi\u00eancias p\u00fablicas pra discutir Res\u00edduos S\u00f3lidos em fevereiro | Guia Comercial de Americana SP","robots":{"index":"index","follow":"follow","max-snippet":"max-snippet:-1","max-image-preview":"max-image-preview:large","max-video-preview":"max-video-preview:-1"},"canonical":"https:\/\/www.encontraamericana.com.br\/guia\/americana-tem-audiencias-publicas-pra-discutir-residuos-solidos-em-fevereiro\/","og_locale":"pt_BR","og_type":"article","og_title":"Americana tem audi\u00eancias p\u00fablicas pra discutir Res\u00edduos S\u00f3lidos em fevereiro | Guia Comercial de Americana SP","og_description":"Participe das audi\u00eancias p\u00fablicas em Americana sobre res\u00edduos s\u00f3lidos e compartilhe suas ideias.","og_url":"https:\/\/www.encontraamericana.com.br\/guia\/americana-tem-audiencias-publicas-pra-discutir-residuos-solidos-em-fevereiro\/","og_site_name":"Guia Comercial de Americana SP","article_published_time":"2026-01-21T15:10:34+00:00","og_image":[{"url":"https:\/\/www.encontraamericana.com.br\/guia\/wp-content\/uploads\/2026\/01\/americana-tem-audiencias-publicas-pra-discutir-residuos-solidos-em-fevereiro.webp","type":"","width":"","height":""}],"author":"Encontra Americana","twitter_card":"summary_large_image","twitter_misc":{"Escrito por":"Encontra Americana","Est. tempo de leitura":"10 minutos"},"schema":{"@context":"https:\/\/schema.org","@graph":[{"@type":"Article","@id":"https:\/\/www.encontraamericana.com.br\/guia\/americana-tem-audiencias-publicas-pra-discutir-residuos-solidos-em-fevereiro\/#article","isPartOf":{"@id":"https:\/\/www.encontraamericana.com.br\/guia\/americana-tem-audiencias-publicas-pra-discutir-residuos-solidos-em-fevereiro\/"},"author":{"name":"Encontra Americana","@id":"https:\/\/www.encontraamericana.com.br\/guia\/#\/schema\/person\/515cbc6082144e7445cab98211d14f9b"},"headline":"Americana tem audi\u00eancias p\u00fablicas pra discutir Res\u00edduos S\u00f3lidos em fevereiro","datePublished":"2026-01-21T15:10:34+00:00","mainEntityOfPage":{"@id":"https:\/\/www.encontraamericana.com.br\/guia\/americana-tem-audiencias-publicas-pra-discutir-residuos-solidos-em-fevereiro\/"},"wordCount":2084,"commentCount":0,"image":{"@id":"https:\/\/www.encontraamericana.com.br\/guia\/americana-tem-audiencias-publicas-pra-discutir-residuos-solidos-em-fevereiro\/#primaryimage"},"thumbnailUrl":"https:\/\/www.encontraamericana.com.br\/guia\/wp-content\/uploads\/2026\/01\/americana-tem-audiencias-publicas-pra-discutir-residuos-solidos-em-fevereiro.webp","articleSection":["Not\u00edcias Americana"],"inLanguage":"pt-BR","potentialAction":[{"@type":"CommentAction","name":"Comment","target":["https:\/\/www.encontraamericana.com.br\/guia\/americana-tem-audiencias-publicas-pra-discutir-residuos-solidos-em-fevereiro\/#respond"]}]},{"@type":"WebPage","@id":"https:\/\/www.encontraamericana.com.br\/guia\/americana-tem-audiencias-publicas-pra-discutir-residuos-solidos-em-fevereiro\/","url":"https:\/\/www.encontraamericana.com.br\/guia\/americana-tem-audiencias-publicas-pra-discutir-residuos-solidos-em-fevereiro\/","name":"Americana tem audi\u00eancias p\u00fablicas pra discutir Res\u00edduos S\u00f3lidos em fevereiro | Guia Comercial de Americana SP","isPartOf":{"@id":"https:\/\/www.encontraamericana.com.br\/guia\/#website"},"primaryImageOfPage":{"@id":"https:\/\/www.encontraamericana.com.br\/guia\/americana-tem-audiencias-publicas-pra-discutir-residuos-solidos-em-fevereiro\/#primaryimage"},"image":{"@id":"https:\/\/www.encontraamericana.com.br\/guia\/americana-tem-audiencias-publicas-pra-discutir-residuos-solidos-em-fevereiro\/#primaryimage"},"thumbnailUrl":"https:\/\/www.encontraamericana.com.br\/guia\/wp-content\/uploads\/2026\/01\/americana-tem-audiencias-publicas-pra-discutir-residuos-solidos-em-fevereiro.webp","datePublished":"2026-01-21T15:10:34+00:00","author":{"@id":"https:\/\/www.encontraamericana.com.br\/guia\/#\/schema\/person\/515cbc6082144e7445cab98211d14f9b"},"inLanguage":"pt-BR","potentialAction":[{"@type":"ReadAction","target":["https:\/\/www.encontraamericana.com.br\/guia\/americana-tem-audiencias-publicas-pra-discutir-residuos-solidos-em-fevereiro\/"]}]},{"@type":"ImageObject","inLanguage":"pt-BR","@id":"https:\/\/www.encontraamericana.com.br\/guia\/americana-tem-audiencias-publicas-pra-discutir-residuos-solidos-em-fevereiro\/#primaryimage","url":"https:\/\/www.encontraamericana.com.br\/guia\/wp-content\/uploads\/2026\/01\/americana-tem-audiencias-publicas-pra-discutir-residuos-solidos-em-fevereiro.webp","contentUrl":"https:\/\/www.encontraamericana.com.br\/guia\/wp-content\/uploads\/2026\/01\/americana-tem-audiencias-publicas-pra-discutir-residuos-solidos-em-fevereiro.webp","width":280,"height":280,"caption":"audi\u00eancias p\u00fablicas sobre res\u00edduos s\u00f3lidos"},{"@type":"WebSite","@id":"https:\/\/www.encontraamericana.com.br\/guia\/#website","url":"https:\/\/www.encontraamericana.com.br\/guia\/","name":"Guia Comercial de Americana SP","description":"ENCONTRA AMERICANA - O guia comercial de neg\u00f3cios e empresas, cultura e divers\u00e3o na cidade de Americana. Feito 100% para voc\u00ea morador!","potentialAction":[{"@type":"SearchAction","target":{"@type":"EntryPoint","urlTemplate":"https:\/\/www.encontraamericana.com.br\/guia\/?s={search_term_string}"},"query-input":{"@type":"PropertyValueSpecification","valueRequired":true,"valueName":"search_term_string"}}],"inLanguage":"pt-BR"},{"@type":"Person","@id":"https:\/\/www.encontraamericana.com.br\/guia\/#\/schema\/person\/515cbc6082144e7445cab98211d14f9b","name":"Encontra Americana","image":{"@type":"ImageObject","inLanguage":"pt-BR","@id":"https:\/\/secure.gravatar.com\/avatar\/c50c17820bcf322f0a8fd6b110b8c0918141409dc69076470f6fca5fee70a5d4?s=96&d=mm&r=g","url":"https:\/\/secure.gravatar.com\/avatar\/c50c17820bcf322f0a8fd6b110b8c0918141409dc69076470f6fca5fee70a5d4?s=96&d=mm&r=g","contentUrl":"https:\/\/secure.gravatar.com\/avatar\/c50c17820bcf322f0a8fd6b110b8c0918141409dc69076470f6fca5fee70a5d4?s=96&d=mm&r=g","caption":"Encontra Americana"},"url":"https:\/\/www.encontraamericana.com.br\/guia\/author\/encontraamericana\/"}]}},"_links":{"self":[{"href":"https:\/\/www.encontraamericana.com.br\/guia\/wp-json\/wp\/v2\/posts\/5994","targetHints":{"allow":["GET"]}}],"collection":[{"href":"https:\/\/www.encontraamericana.com.br\/guia\/wp-json\/wp\/v2\/posts"}],"about":[{"href":"https:\/\/www.encontraamericana.com.br\/guia\/wp-json\/wp\/v2\/types\/post"}],"author":[{"embeddable":true,"href":"https:\/\/www.encontraamericana.com.br\/guia\/wp-json\/wp\/v2\/users\/1"}],"replies":[{"embeddable":true,"href":"https:\/\/www.encontraamericana.com.br\/guia\/wp-json\/wp\/v2\/comments?post=5994"}],"version-history":[{"count":0,"href":"https:\/\/www.encontraamericana.com.br\/guia\/wp-json\/wp\/v2\/posts\/5994\/revisions"}],"wp:featuredmedia":[{"embeddable":true,"href":"https:\/\/www.encontraamericana.com.br\/guia\/wp-json\/wp\/v2\/media\/5993"}],"wp:attachment":[{"href":"https:\/\/www.encontraamericana.com.br\/guia\/wp-json\/wp\/v2\/media?parent=5994"}],"wp:term":[{"taxonomy":"category","embeddable":true,"href":"https:\/\/www.encontraamericana.com.br\/guia\/wp-json\/wp\/v2\/categories?post=5994"},{"taxonomy":"post_tag","embeddable":true,"href":"https:\/\/www.encontraamericana.com.br\/guia\/wp-json\/wp\/v2\/tags?post=5994"}],"curies":[{"name":"wp","href":"https:\/\/api.w.org\/{rel}","templated":true}]}}