{"id":6078,"date":"2026-02-07T12:12:27","date_gmt":"2026-02-07T15:12:27","guid":{"rendered":"https:\/\/www.encontraamericana.com.br\/guia\/ccl-recebe-festival-gastronomico-com-entrada-solidaria-neste-sabado-e-domingo\/"},"modified":"2026-02-07T12:12:27","modified_gmt":"2026-02-07T15:12:27","slug":"ccl-recebe-festival-gastronomico-com-entrada-solidaria-neste-sabado-e-domingo","status":"publish","type":"post","link":"https:\/\/www.encontraamericana.com.br\/guia\/ccl-recebe-festival-gastronomico-com-entrada-solidaria-neste-sabado-e-domingo\/","title":{"rendered":"CCL recebe festival gastron\u00f4mico com entrada solid\u00e1ria neste s\u00e1bado e domingo"},"content":{"rendered":"<h2>O que \u00e9 o Massa Fest?<\/h2>\n<p>O Massa Fest \u00e9 um festival gastron\u00f4mico que ocorrer\u00e1 no Centro de Cultura e Lazer (CCL) de Americana. Este evento destaca-se por reunir diversos estabelecimentos que oferecem uma variedade de pratos e del\u00edcias culin\u00e1rias, promovendo a cultura da boa comida e o respeito \u00e0 gastronomia local. Com o apoio da Prefeitura de Americana e da Secretaria de Cultura e Turismo, este festival cria uma oportunidade \u00fanica para os moradores e visitantes apreciem a diversidade gastron\u00f4mica da regi\u00e3o.<\/p>\n<h2>Quando e onde acontece o evento?<\/h2>\n<p>O Massa Fest ocorrer\u00e1 neste pr\u00f3ximo fim de semana, especificamente no s\u00e1bado, dia 7, e no domingo, dia 8 de fevereiro de 2026. Os hor\u00e1rios est\u00e3o definidos para das 12h \u00e0s 22h, possibilitando que todos tenham a chance de participar em algum momento do dia. O evento ser\u00e1 realizado no CCL, que est\u00e1 localizado na Avenida Brasil, 1293, no Jardim S\u00e3o Paulo, uma \u00e1rea central e de f\u00e1cil acesso na cidade de Americana.<\/p>\n<h2>Como a solidariedade faz parte do festival?<\/h2>\n<p>A entrada para o Massa Fest \u00e9 gratuita, mas em uma a\u00e7\u00e3o solid\u00e1ria, os visitantes s\u00e3o incentivados a trazer 1 kg de alimento n\u00e3o perec\u00edvel para doa\u00e7\u00e3o. Esses alimentos ser\u00e3o destinados a fam\u00edlias que recebem assist\u00eancia do Fundo Social de Solidariedade. Dessa forma, al\u00e9m de proporcionar uma experi\u00eancia culin\u00e1ria rica, o evento ainda promove uma causa nobre ao permitir que os participantes contribuam com a comunit\u00e1ria, exercitando a solidariedade e ajudando aqueles que est\u00e3o em situa\u00e7\u00e3o de vulnerabilidade.<\/p>\n<p><img decoding=\"async\" src=\"https:\/\/www.encontraamericana.com.br\/guia\/wp-content\/uploads\/2026\/02\/ccl-recebe-festival-gastronomico-com-entrada-solidaria-neste-sabado-e-domingo.webp\" alt=\"festival gastron\u00f4mico\" loading=\"lazy\" \/><\/p>\n<h2>Quais restaurantes participar\u00e3o do Massa Fest?<\/h2>\n<p>O Massa Fest contar\u00e1 com a presen\u00e7a de 12 participantes gastron\u00f4micos, refletindo a rica diversidade de op\u00e7\u00f5es dispon\u00edveis em Americana. Os restaurantes confirmados incluem:<\/p>\n<ul>\n<li>HOPBEER<\/li>\n<li>Massa Pizzaria<\/li>\n<li>Formiguinha Do\u00e7aria<\/li>\n<li>Viva Bakery Padaria Artesanal<\/li>\n<li>Holycook<\/li>\n<li>Um Brinde Vinhos<\/li>\n<li>Pizzaria Carboretto<\/li>\n<li>Tutano Parrilha<\/li>\n<li>Prosa Comidaria<\/li>\n<li>Padoca da Alma<\/li>\n<li>Borelli Gelatos<\/li>\n<li>Harmonie Sucre\u00e9<\/li>\n<\/ul>\n<p>Esses estabelecimentos proporcionar\u00e3o uma experi\u00eancia gastron\u00f4mica completa, oferecendo pratos de diferentes cozinhas e estilos.<\/p>\n<h2>O que esperar da programa\u00e7\u00e3o musical?<\/h2>\n<p>Al\u00e9m das del\u00edcias gastron\u00f4micas, o Massa Fest promete uma programa\u00e7\u00e3o musical vibrante. Os participantes poder\u00e3o desfrutar de apresenta\u00e7\u00f5es ao vivo que animar\u00e3o o ambiente do evento. Confira as apresenta\u00e7\u00f5es programadas para cada dia:<\/p>\n<h3>S\u00e1bado (7)<\/h3>\n<ul>\n<li>DJ Daniel Cucatti &#8211; Durante todo o dia<\/li>\n<li>13h &#8211; Nallu Banda<\/li>\n<li>16h &#8211; Frann Azalim<\/li>\n<li>19h &#8211; Jet Set<\/li>\n<\/ul>\n<h3>Domingo (8)<\/h3>\n<ul>\n<li>DJ Nando Travessa &#8211; Durante todo o dia<\/li>\n<li>13h &#8211; LebrownBand<\/li>\n<li>16h &#8211; Stereo Supernova<\/li>\n<li>19h &#8211; The Fish<\/li>\n<\/ul>\n<p>Essa programa\u00e7\u00e3o musical inclui uma diversidade de estilos, garantindo entretenimento para todos os gostos.<\/p>\n<h2>Atividades para crian\u00e7as no evento<\/h2>\n<p>O Massa Fest n\u00e3o se limita apenas \u00e0 gastronomia e m\u00fasica. O evento tamb\u00e9m se preocupa em oferecer um espa\u00e7o dedicado \u00e0s crian\u00e7as, com atividades l\u00fadicas e criativas que asseguram a divers\u00e3o dos pequenos enquanto os adultos desfrutam do festival. Al\u00e9m disso, haver\u00e1 um espa\u00e7o de conviv\u00eancia que proporciona um ambiente acolhedor para toda a fam\u00edlia.<\/p>\n<h2>Acessibilidade e inclus\u00e3o no Massa Fest<\/h2>\n<p>A organiza\u00e7\u00e3o do Massa Fest prioriza a acessibilidade e a inclus\u00e3o. O local do evento foi estruturado para garantir que pessoas com dificuldades de mobilidade possam participar plenamente. Isso inclui acesso para cadeirantes, locais apropriados para atendimento e medidas espec\u00edficas para assegurar que todos tenham uma experi\u00eancia agrad\u00e1vel. Assim, o festival \u00e9 uma celebra\u00e7\u00e3o inclusiva, onde todos s\u00e3o bem-vindos.<\/p>\n<h2>Por que valorizar a gastronomia local?<\/h2>\n<p>Valorizar a gastronomia local \u00e9 fundamental para a preserva\u00e7\u00e3o da identidade cultural de uma regi\u00e3o. O Massa Fest desempenha um papel importante nesse aspecto, reunindo restaurantes que representam a riqueza e a diversidade da culin\u00e1ria de Americana. Esse festival n\u00e3o \u00e9 apenas uma oportunidade para degustar pratos deliciosos, mas tamb\u00e9m para conhecer e apoiar os empreendedores locais, que s\u00e3o parte essencial da economia e da cultura da cidade.<\/p>\n<h2>Depoimentos de participantes anteriores<\/h2>\n<p>A experi\u00eancia do Massa Fest \u00e9 sempre enriquecedora, e muitos visitantes expressam suas opini\u00f5es positivas sobre o evento. No passado, participantes destacaram a qualidade das comidas, a diversidade de op\u00e7\u00f5es e a alegria do ambiente. Esses depoimentos fundamentais ajudam a promover o festival e incentivam mais pessoas a participar das edi\u00e7\u00f5es futuras.<\/p>\n<h2>Informa\u00e7\u00f5es pr\u00e1ticas para visitar o Massa Fest<\/h2>\n<p>Para aqueles que desejam participar do Massa Fest, aqui est\u00e3o algumas informa\u00e7\u00f5es pr\u00e1ticas que podem ajudar:<\/p>\n<ul>\n<li><strong>Data:<\/strong> S\u00e1bado, 7 e domingo, 8 de fevereiro de 2026.<\/li>\n<li><strong>Hor\u00e1rio:<\/strong> Das 12h \u00e0s 22h ambos os dias.<\/li>\n<li><strong>Local:<\/strong> Centro de Cultura e Lazer (CCL) \u2013 Avenida Brasil, 1293, Jardim S\u00e3o Paulo, Americana.<\/li>\n<li><strong>Entrada:<\/strong> Gratuita, mediante a doa\u00e7\u00e3o de 1 kg de alimento n\u00e3o perec\u00edvel.<\/li>\n<li><strong>Atividades:<\/strong> M\u00fasica ao vivo, espa\u00e7o para crian\u00e7as, ativa\u00e7\u00f5es culturais.<\/li>\n<\/ul>\n<p>Com todas essas informa\u00e7\u00f5es, o Massa Fest se apresenta como uma experi\u00eancia imperd\u00edvel, repleta de del\u00edcias gastron\u00f4micas, boa m\u00fasica e solidariedade. A presen\u00e7a de todos \u00e9 muito esperada para juntos celebrarmos a cultura, a arte e a generosidade.<\/p>\n","protected":false},"excerpt":{"rendered":"<p>Participe do Massa Fest, um festival gastron\u00f4mico com entrada solid\u00e1ria e muita m\u00fasica ao vivo!<\/p>\n","protected":false},"author":1,"featured_media":6077,"comment_status":"open","ping_status":"open","sticky":false,"template":"","format":"standard","meta":{"footnotes":""},"categories":[5],"tags":[],"class_list":["post-6078","post","type-post","status-publish","format-standard","has-post-thumbnail","hentry","category-noticias","has_thumb"],"yoast_head":"<!-- This site is optimized with the Yoast SEO plugin v27.6 - https:\/\/yoast.com\/product\/yoast-seo-wordpress\/ -->\n<title>CCL recebe festival gastron\u00f4mico com entrada solid\u00e1ria neste s\u00e1bado e domingo | Guia Comercial de Americana SP<\/title>\n<meta name=\"robots\" content=\"index, follow, max-snippet:-1, max-image-preview:large, max-video-preview:-1\" \/>\n<link rel=\"canonical\" href=\"https:\/\/www.encontraamericana.com.br\/guia\/ccl-recebe-festival-gastronomico-com-entrada-solidaria-neste-sabado-e-domingo\/\" \/>\n<meta property=\"og:locale\" content=\"pt_BR\" \/>\n<meta property=\"og:type\" content=\"article\" \/>\n<meta property=\"og:title\" content=\"CCL recebe festival gastron\u00f4mico com entrada solid\u00e1ria neste s\u00e1bado e domingo | Guia Comercial de Americana SP\" \/>\n<meta property=\"og:description\" content=\"Participe do Massa Fest, um festival gastron\u00f4mico com entrada solid\u00e1ria e muita m\u00fasica ao vivo!\" \/>\n<meta property=\"og:url\" content=\"https:\/\/www.encontraamericana.com.br\/guia\/ccl-recebe-festival-gastronomico-com-entrada-solidaria-neste-sabado-e-domingo\/\" \/>\n<meta property=\"og:site_name\" content=\"Guia Comercial de Americana SP\" \/>\n<meta property=\"article:published_time\" content=\"2026-02-07T15:12:27+00:00\" \/>\n<meta property=\"og:image\" content=\"https:\/\/www.encontraamericana.com.br\/guia\/wp-content\/uploads\/2026\/02\/ccl-recebe-festival-gastronomico-com-entrada-solidaria-neste-sabado-e-domingo.webp\" \/>\n<meta name=\"author\" content=\"Encontra Americana\" \/>\n<meta name=\"twitter:card\" content=\"summary_large_image\" \/>\n<meta name=\"twitter:label1\" content=\"Escrito por\" \/>\n\t<meta name=\"twitter:data1\" content=\"Encontra Americana\" \/>\n\t<meta name=\"twitter:label2\" content=\"Est. tempo de leitura\" \/>\n\t<meta name=\"twitter:data2\" content=\"4 minutos\" \/>\n<script type=\"application\/ld+json\" class=\"yoast-schema-graph\">{\"@context\":\"https:\\\/\\\/schema.org\",\"@graph\":[{\"@type\":\"Article\",\"@id\":\"https:\\\/\\\/www.encontraamericana.com.br\\\/guia\\\/ccl-recebe-festival-gastronomico-com-entrada-solidaria-neste-sabado-e-domingo\\\/#article\",\"isPartOf\":{\"@id\":\"https:\\\/\\\/www.encontraamericana.com.br\\\/guia\\\/ccl-recebe-festival-gastronomico-com-entrada-solidaria-neste-sabado-e-domingo\\\/\"},\"author\":{\"name\":\"Encontra Americana\",\"@id\":\"https:\\\/\\\/www.encontraamericana.com.br\\\/guia\\\/#\\\/schema\\\/person\\\/515cbc6082144e7445cab98211d14f9b\"},\"headline\":\"CCL recebe festival gastron\u00f4mico com entrada solid\u00e1ria neste s\u00e1bado e domingo\",\"datePublished\":\"2026-02-07T15:12:27+00:00\",\"mainEntityOfPage\":{\"@id\":\"https:\\\/\\\/www.encontraamericana.com.br\\\/guia\\\/ccl-recebe-festival-gastronomico-com-entrada-solidaria-neste-sabado-e-domingo\\\/\"},\"wordCount\":872,\"commentCount\":0,\"image\":{\"@id\":\"https:\\\/\\\/www.encontraamericana.com.br\\\/guia\\\/ccl-recebe-festival-gastronomico-com-entrada-solidaria-neste-sabado-e-domingo\\\/#primaryimage\"},\"thumbnailUrl\":\"https:\\\/\\\/www.encontraamericana.com.br\\\/guia\\\/wp-content\\\/uploads\\\/2026\\\/02\\\/ccl-recebe-festival-gastronomico-com-entrada-solidaria-neste-sabado-e-domingo.webp\",\"articleSection\":[\"Not\u00edcias Americana\"],\"inLanguage\":\"pt-BR\",\"potentialAction\":[{\"@type\":\"CommentAction\",\"name\":\"Comment\",\"target\":[\"https:\\\/\\\/www.encontraamericana.com.br\\\/guia\\\/ccl-recebe-festival-gastronomico-com-entrada-solidaria-neste-sabado-e-domingo\\\/#respond\"]}]},{\"@type\":\"WebPage\",\"@id\":\"https:\\\/\\\/www.encontraamericana.com.br\\\/guia\\\/ccl-recebe-festival-gastronomico-com-entrada-solidaria-neste-sabado-e-domingo\\\/\",\"url\":\"https:\\\/\\\/www.encontraamericana.com.br\\\/guia\\\/ccl-recebe-festival-gastronomico-com-entrada-solidaria-neste-sabado-e-domingo\\\/\",\"name\":\"CCL recebe festival gastron\u00f4mico com entrada solid\u00e1ria neste s\u00e1bado e domingo | Guia Comercial de Americana SP\",\"isPartOf\":{\"@id\":\"https:\\\/\\\/www.encontraamericana.com.br\\\/guia\\\/#website\"},\"primaryImageOfPage\":{\"@id\":\"https:\\\/\\\/www.encontraamericana.com.br\\\/guia\\\/ccl-recebe-festival-gastronomico-com-entrada-solidaria-neste-sabado-e-domingo\\\/#primaryimage\"},\"image\":{\"@id\":\"https:\\\/\\\/www.encontraamericana.com.br\\\/guia\\\/ccl-recebe-festival-gastronomico-com-entrada-solidaria-neste-sabado-e-domingo\\\/#primaryimage\"},\"thumbnailUrl\":\"https:\\\/\\\/www.encontraamericana.com.br\\\/guia\\\/wp-content\\\/uploads\\\/2026\\\/02\\\/ccl-recebe-festival-gastronomico-com-entrada-solidaria-neste-sabado-e-domingo.webp\",\"datePublished\":\"2026-02-07T15:12:27+00:00\",\"author\":{\"@id\":\"https:\\\/\\\/www.encontraamericana.com.br\\\/guia\\\/#\\\/schema\\\/person\\\/515cbc6082144e7445cab98211d14f9b\"},\"inLanguage\":\"pt-BR\",\"potentialAction\":[{\"@type\":\"ReadAction\",\"target\":[\"https:\\\/\\\/www.encontraamericana.com.br\\\/guia\\\/ccl-recebe-festival-gastronomico-com-entrada-solidaria-neste-sabado-e-domingo\\\/\"]}]},{\"@type\":\"ImageObject\",\"inLanguage\":\"pt-BR\",\"@id\":\"https:\\\/\\\/www.encontraamericana.com.br\\\/guia\\\/ccl-recebe-festival-gastronomico-com-entrada-solidaria-neste-sabado-e-domingo\\\/#primaryimage\",\"url\":\"https:\\\/\\\/www.encontraamericana.com.br\\\/guia\\\/wp-content\\\/uploads\\\/2026\\\/02\\\/ccl-recebe-festival-gastronomico-com-entrada-solidaria-neste-sabado-e-domingo.webp\",\"contentUrl\":\"https:\\\/\\\/www.encontraamericana.com.br\\\/guia\\\/wp-content\\\/uploads\\\/2026\\\/02\\\/ccl-recebe-festival-gastronomico-com-entrada-solidaria-neste-sabado-e-domingo.webp\",\"width\":280,\"height\":280,\"caption\":\"festival gastron\u00f4mico\"},{\"@type\":\"WebSite\",\"@id\":\"https:\\\/\\\/www.encontraamericana.com.br\\\/guia\\\/#website\",\"url\":\"https:\\\/\\\/www.encontraamericana.com.br\\\/guia\\\/\",\"name\":\"Guia Comercial de Americana SP\",\"description\":\"ENCONTRA AMERICANA - O guia comercial de neg\u00f3cios e empresas, cultura e divers\u00e3o na cidade de Americana. Feito 100% para voc\u00ea morador!\",\"potentialAction\":[{\"@type\":\"SearchAction\",\"target\":{\"@type\":\"EntryPoint\",\"urlTemplate\":\"https:\\\/\\\/www.encontraamericana.com.br\\\/guia\\\/?s={search_term_string}\"},\"query-input\":{\"@type\":\"PropertyValueSpecification\",\"valueRequired\":true,\"valueName\":\"search_term_string\"}}],\"inLanguage\":\"pt-BR\"},{\"@type\":\"Person\",\"@id\":\"https:\\\/\\\/www.encontraamericana.com.br\\\/guia\\\/#\\\/schema\\\/person\\\/515cbc6082144e7445cab98211d14f9b\",\"name\":\"Encontra Americana\",\"image\":{\"@type\":\"ImageObject\",\"inLanguage\":\"pt-BR\",\"@id\":\"https:\\\/\\\/secure.gravatar.com\\\/avatar\\\/c50c17820bcf322f0a8fd6b110b8c0918141409dc69076470f6fca5fee70a5d4?s=96&d=mm&r=g\",\"url\":\"https:\\\/\\\/secure.gravatar.com\\\/avatar\\\/c50c17820bcf322f0a8fd6b110b8c0918141409dc69076470f6fca5fee70a5d4?s=96&d=mm&r=g\",\"contentUrl\":\"https:\\\/\\\/secure.gravatar.com\\\/avatar\\\/c50c17820bcf322f0a8fd6b110b8c0918141409dc69076470f6fca5fee70a5d4?s=96&d=mm&r=g\",\"caption\":\"Encontra Americana\"},\"url\":\"https:\\\/\\\/www.encontraamericana.com.br\\\/guia\\\/author\\\/encontraamericana\\\/\"}]}<\/script>\n<!-- \/ Yoast SEO plugin. -->","yoast_head_json":{"title":"CCL recebe festival gastron\u00f4mico com entrada solid\u00e1ria neste s\u00e1bado e domingo | Guia Comercial de Americana SP","robots":{"index":"index","follow":"follow","max-snippet":"max-snippet:-1","max-image-preview":"max-image-preview:large","max-video-preview":"max-video-preview:-1"},"canonical":"https:\/\/www.encontraamericana.com.br\/guia\/ccl-recebe-festival-gastronomico-com-entrada-solidaria-neste-sabado-e-domingo\/","og_locale":"pt_BR","og_type":"article","og_title":"CCL recebe festival gastron\u00f4mico com entrada solid\u00e1ria neste s\u00e1bado e domingo | Guia Comercial de Americana SP","og_description":"Participe do Massa Fest, um festival gastron\u00f4mico com entrada solid\u00e1ria e muita m\u00fasica ao vivo!","og_url":"https:\/\/www.encontraamericana.com.br\/guia\/ccl-recebe-festival-gastronomico-com-entrada-solidaria-neste-sabado-e-domingo\/","og_site_name":"Guia Comercial de Americana SP","article_published_time":"2026-02-07T15:12:27+00:00","og_image":[{"url":"https:\/\/www.encontraamericana.com.br\/guia\/wp-content\/uploads\/2026\/02\/ccl-recebe-festival-gastronomico-com-entrada-solidaria-neste-sabado-e-domingo.webp","type":"","width":"","height":""}],"author":"Encontra Americana","twitter_card":"summary_large_image","twitter_misc":{"Escrito por":"Encontra Americana","Est. tempo de leitura":"4 minutos"},"schema":{"@context":"https:\/\/schema.org","@graph":[{"@type":"Article","@id":"https:\/\/www.encontraamericana.com.br\/guia\/ccl-recebe-festival-gastronomico-com-entrada-solidaria-neste-sabado-e-domingo\/#article","isPartOf":{"@id":"https:\/\/www.encontraamericana.com.br\/guia\/ccl-recebe-festival-gastronomico-com-entrada-solidaria-neste-sabado-e-domingo\/"},"author":{"name":"Encontra Americana","@id":"https:\/\/www.encontraamericana.com.br\/guia\/#\/schema\/person\/515cbc6082144e7445cab98211d14f9b"},"headline":"CCL recebe festival gastron\u00f4mico com entrada solid\u00e1ria neste s\u00e1bado e domingo","datePublished":"2026-02-07T15:12:27+00:00","mainEntityOfPage":{"@id":"https:\/\/www.encontraamericana.com.br\/guia\/ccl-recebe-festival-gastronomico-com-entrada-solidaria-neste-sabado-e-domingo\/"},"wordCount":872,"commentCount":0,"image":{"@id":"https:\/\/www.encontraamericana.com.br\/guia\/ccl-recebe-festival-gastronomico-com-entrada-solidaria-neste-sabado-e-domingo\/#primaryimage"},"thumbnailUrl":"https:\/\/www.encontraamericana.com.br\/guia\/wp-content\/uploads\/2026\/02\/ccl-recebe-festival-gastronomico-com-entrada-solidaria-neste-sabado-e-domingo.webp","articleSection":["Not\u00edcias Americana"],"inLanguage":"pt-BR","potentialAction":[{"@type":"CommentAction","name":"Comment","target":["https:\/\/www.encontraamericana.com.br\/guia\/ccl-recebe-festival-gastronomico-com-entrada-solidaria-neste-sabado-e-domingo\/#respond"]}]},{"@type":"WebPage","@id":"https:\/\/www.encontraamericana.com.br\/guia\/ccl-recebe-festival-gastronomico-com-entrada-solidaria-neste-sabado-e-domingo\/","url":"https:\/\/www.encontraamericana.com.br\/guia\/ccl-recebe-festival-gastronomico-com-entrada-solidaria-neste-sabado-e-domingo\/","name":"CCL recebe festival gastron\u00f4mico com entrada solid\u00e1ria neste s\u00e1bado e domingo | Guia Comercial de Americana SP","isPartOf":{"@id":"https:\/\/www.encontraamericana.com.br\/guia\/#website"},"primaryImageOfPage":{"@id":"https:\/\/www.encontraamericana.com.br\/guia\/ccl-recebe-festival-gastronomico-com-entrada-solidaria-neste-sabado-e-domingo\/#primaryimage"},"image":{"@id":"https:\/\/www.encontraamericana.com.br\/guia\/ccl-recebe-festival-gastronomico-com-entrada-solidaria-neste-sabado-e-domingo\/#primaryimage"},"thumbnailUrl":"https:\/\/www.encontraamericana.com.br\/guia\/wp-content\/uploads\/2026\/02\/ccl-recebe-festival-gastronomico-com-entrada-solidaria-neste-sabado-e-domingo.webp","datePublished":"2026-02-07T15:12:27+00:00","author":{"@id":"https:\/\/www.encontraamericana.com.br\/guia\/#\/schema\/person\/515cbc6082144e7445cab98211d14f9b"},"inLanguage":"pt-BR","potentialAction":[{"@type":"ReadAction","target":["https:\/\/www.encontraamericana.com.br\/guia\/ccl-recebe-festival-gastronomico-com-entrada-solidaria-neste-sabado-e-domingo\/"]}]},{"@type":"ImageObject","inLanguage":"pt-BR","@id":"https:\/\/www.encontraamericana.com.br\/guia\/ccl-recebe-festival-gastronomico-com-entrada-solidaria-neste-sabado-e-domingo\/#primaryimage","url":"https:\/\/www.encontraamericana.com.br\/guia\/wp-content\/uploads\/2026\/02\/ccl-recebe-festival-gastronomico-com-entrada-solidaria-neste-sabado-e-domingo.webp","contentUrl":"https:\/\/www.encontraamericana.com.br\/guia\/wp-content\/uploads\/2026\/02\/ccl-recebe-festival-gastronomico-com-entrada-solidaria-neste-sabado-e-domingo.webp","width":280,"height":280,"caption":"festival gastron\u00f4mico"},{"@type":"WebSite","@id":"https:\/\/www.encontraamericana.com.br\/guia\/#website","url":"https:\/\/www.encontraamericana.com.br\/guia\/","name":"Guia Comercial de Americana SP","description":"ENCONTRA AMERICANA - O guia comercial de neg\u00f3cios e empresas, cultura e divers\u00e3o na cidade de Americana. Feito 100% para voc\u00ea morador!","potentialAction":[{"@type":"SearchAction","target":{"@type":"EntryPoint","urlTemplate":"https:\/\/www.encontraamericana.com.br\/guia\/?s={search_term_string}"},"query-input":{"@type":"PropertyValueSpecification","valueRequired":true,"valueName":"search_term_string"}}],"inLanguage":"pt-BR"},{"@type":"Person","@id":"https:\/\/www.encontraamericana.com.br\/guia\/#\/schema\/person\/515cbc6082144e7445cab98211d14f9b","name":"Encontra Americana","image":{"@type":"ImageObject","inLanguage":"pt-BR","@id":"https:\/\/secure.gravatar.com\/avatar\/c50c17820bcf322f0a8fd6b110b8c0918141409dc69076470f6fca5fee70a5d4?s=96&d=mm&r=g","url":"https:\/\/secure.gravatar.com\/avatar\/c50c17820bcf322f0a8fd6b110b8c0918141409dc69076470f6fca5fee70a5d4?s=96&d=mm&r=g","contentUrl":"https:\/\/secure.gravatar.com\/avatar\/c50c17820bcf322f0a8fd6b110b8c0918141409dc69076470f6fca5fee70a5d4?s=96&d=mm&r=g","caption":"Encontra Americana"},"url":"https:\/\/www.encontraamericana.com.br\/guia\/author\/encontraamericana\/"}]}},"_links":{"self":[{"href":"https:\/\/www.encontraamericana.com.br\/guia\/wp-json\/wp\/v2\/posts\/6078","targetHints":{"allow":["GET"]}}],"collection":[{"href":"https:\/\/www.encontraamericana.com.br\/guia\/wp-json\/wp\/v2\/posts"}],"about":[{"href":"https:\/\/www.encontraamericana.com.br\/guia\/wp-json\/wp\/v2\/types\/post"}],"author":[{"embeddable":true,"href":"https:\/\/www.encontraamericana.com.br\/guia\/wp-json\/wp\/v2\/users\/1"}],"replies":[{"embeddable":true,"href":"https:\/\/www.encontraamericana.com.br\/guia\/wp-json\/wp\/v2\/comments?post=6078"}],"version-history":[{"count":0,"href":"https:\/\/www.encontraamericana.com.br\/guia\/wp-json\/wp\/v2\/posts\/6078\/revisions"}],"wp:featuredmedia":[{"embeddable":true,"href":"https:\/\/www.encontraamericana.com.br\/guia\/wp-json\/wp\/v2\/media\/6077"}],"wp:attachment":[{"href":"https:\/\/www.encontraamericana.com.br\/guia\/wp-json\/wp\/v2\/media?parent=6078"}],"wp:term":[{"taxonomy":"category","embeddable":true,"href":"https:\/\/www.encontraamericana.com.br\/guia\/wp-json\/wp\/v2\/categories?post=6078"},{"taxonomy":"post_tag","embeddable":true,"href":"https:\/\/www.encontraamericana.com.br\/guia\/wp-json\/wp\/v2\/tags?post=6078"}],"curies":[{"name":"wp","href":"https:\/\/api.w.org\/{rel}","templated":true}]}}