{"id":6185,"date":"2026-03-03T11:57:00","date_gmt":"2026-03-03T14:57:00","guid":{"rendered":"https:\/\/www.encontraamericana.com.br\/guia\/escritorio-regional-de-campinas-em-duas-importantes-reunioes\/"},"modified":"2026-03-03T11:57:00","modified_gmt":"2026-03-03T14:57:00","slug":"escritorio-regional-de-campinas-em-duas-importantes-reunioes","status":"publish","type":"post","link":"https:\/\/www.encontraamericana.com.br\/guia\/escritorio-regional-de-campinas-em-duas-importantes-reunioes\/","title":{"rendered":"Escrit\u00f3rio Regional de Campinas em duas importantes reuni\u00f5es"},"content":{"rendered":"<h2>Mudan\u00e7as no Quadro de Colaboradores do CRT-SP<\/h2>\n<p>Recentemente, a diretoria do Conselho Regional dos T\u00e9cnicos Industriais do Estado de S\u00e3o Paulo (CRT-SP) promoveu algumas altera\u00e7\u00f5es na sua equipe visando uma reestrutura\u00e7\u00e3o interna. No Escrit\u00f3rio Regional de Campinas, Matheus de Paiva Calado, um profissional da \u00e1rea fiscal, assumiu o cargo de chefe de escrit\u00f3rio, enquanto seu antecessor, Marcos Henrique Ribeiro de Oliveira, agora \u00e9 o gerente de fiscaliza\u00e7\u00e3o. Essa mudan\u00e7a reflete um esfor\u00e7o cont\u00ednuo da organiza\u00e7\u00e3o em melhorar a efici\u00eancia e a qualidade dos servi\u00e7os prestados ao p\u00fablico e aos profissionais t\u00e9cnicos da regi\u00e3o.<\/p>\n<h2>Import\u00e2ncia das Reuni\u00f5es para a Fiscaliza\u00e7\u00e3o T\u00e9cnica<\/h2>\n<p>A manuten\u00e7\u00e3o do contato pr\u00f3ximo entre o CRT-SP e os diversos segmentos profissionais \u00e9 crucial para a efic\u00e1cia das a\u00e7\u00f5es de fiscaliza\u00e7\u00e3o. Para consolidar essa intera\u00e7\u00e3o, duas reuni\u00f5es institucionais foram realizadas nos dias 25 e 26 de fevereiro de 2026. O objetivo dessas reuni\u00f5es foi estreitar la\u00e7os com stakeholders importantes e discutir a regulariza\u00e7\u00e3o das atividades t\u00e9cnicas na regi\u00e3o do escrit\u00f3rio, promovendo um ambiente mais seguro e organizado para os profissionais.<\/p>\n<h2>Parceria com Escrit\u00f3rio de Contabilidade em Americana<\/h2>\n<p>No dia 25 de fevereiro, os representantes do CRT-SP visitaram um escrit\u00f3rio de contabilidade em Americana que oferece suporte cont\u00e1bil a diversas empresas, muitas das quais precisam de respons\u00e1veis t\u00e9cnicos para operar legalmente. Durante essa reuni\u00e3o, a equipe do CRT-SP forneceu orienta\u00e7\u00f5es \u00e0 contadora sobre a import\u00e2ncia do registro das empresas que possuem t\u00e9cnicos em seus quadros e esclareceu os diferentes tipos de responsabilidades associadas. O resultado dessa intera\u00e7\u00e3o foi a formaliza\u00e7\u00e3o de uma parceria que garantir\u00e1 um suporte cont\u00ednuo e a resolu\u00e7\u00e3o de d\u00favidas sobre registros profissionais.<\/p>\n<p><img decoding=\"async\" src=\"https:\/\/www.encontraamericana.com.br\/guia\/wp-content\/uploads\/2026\/03\/escritorio-regional-de-campinas-em-duas-importantes-reunioes.webp\" alt=\"Escrit\u00f3rio Regional de Campinas\" loading=\"lazy\" \/><\/p>\n<h2>Orienta\u00e7\u00e3o sobre Registro de Empresas T\u00e9cnicas<\/h2>\n<p>Uma das principais pautas do encontro em Americana foi a conscientiza\u00e7\u00e3o sobre a necessidade de registrar empresas que contam com t\u00e9cnicos. A presen\u00e7a de t\u00e9cnicos registrados \u00e9 essencial para assegurar a legalidade das opera\u00e7\u00f5es e fomentar a responsabilidade profissional. A equipe orientou sobre como esses registros podem facilitar n\u00e3o apenas a conformidade legal, mas tamb\u00e9m a valoriza\u00e7\u00e3o desses profissionais no mercado.<\/p>\n<h2>Termo de Coopera\u00e7\u00e3o T\u00e9cnica com o CRC-SP<\/h2>\n<p>Vale ressaltar que, como parte dos esfor\u00e7os para fomentar melhores pr\u00e1ticas no setor, o CRT-SP estabeleceu um Termo de Coopera\u00e7\u00e3o T\u00e9cnica com o Conselho Regional de Contabilidade do Estado de S\u00e3o Paulo (CRC-SP). Este termo, intitulado &#8220;Empresa Nascendo Regular&#8221;, visa criar um interc\u00e2mbio informativo que beneficia ambos os conselhos, ajudando tanto os profissionais t\u00e9cnicos quanto os contadores na consulta e na estrutura\u00e7\u00e3o de registros para a abertura de empresas, segundo as diretrizes da Classifica\u00e7\u00e3o Nacional de Atividades Econ\u00f4micas (CNAE).<\/p>\n<h2>Colabora\u00e7\u00e3o com a Secretaria de Cultura e Turismo<\/h2>\n<p>No dia seguinte, 26 de fevereiro, a equipe do CRT-SP se reuniu na Secretaria de Cultura e Turismo de Santa B\u00e1rbara d\u00b4Oeste, que faz divisa com Americana. O encontro teve a presen\u00e7a do secret\u00e1rio municipal, Evandro Felix, acompanhado de sua equipe e do 1\u00ba tenente e comandante regional do Corpo de Bombeiros, Ant\u00f4nio Carlos Brustolin. Juntos, discutiram a integra\u00e7\u00e3o do Termo de Responsabilidade T\u00e9cnica (TRT) exigido dos T\u00e9cnicos em Eletrot\u00e9cnica nas contrata\u00e7\u00f5es realizadas pela secretaria, especialmente em rela\u00e7\u00e3o a eventos, geradores e servi\u00e7os relacionados.<\/p>\n<h2>Inclus\u00e3o de Respons\u00e1veis T\u00e9cnicos nas Contrata\u00e7\u00f5es<\/h2>\n<p>A inclus\u00e3o de profissionais t\u00e9cnicos nas contrata\u00e7\u00f5es da Secretaria de Cultura e Turismo refor\u00e7a a import\u00e2ncia da seguran\u00e7a e da legalidade nas atividades da pasta. A presen\u00e7a autorizada desses t\u00e9cnicos garante que eventos e estruturas estejam de acordo com as normas e regulamentos vigentes, proporcionando um suporte essencial para a realiza\u00e7\u00e3o de atividades seguras e dentro da lei.<\/p>\n<h2>Impacto nas Estruturas de Eventos e Seguran\u00e7a<\/h2>\n<p>O envolvimento dos T\u00e9cnicos em Eletrot\u00e9cnica nas contrata\u00e7\u00f5es para a execu\u00e7\u00e3o de eventos \u00e9 fundamental para assegurar que todas as exig\u00eancias de seguran\u00e7a sejam cumpridas. Essa abordagem n\u00e3o s\u00f3 melhora a execu\u00e7\u00e3o dos eventos, mas tamb\u00e9m valoriza a profiss\u00e3o t\u00e9cnica e garante uma maior prote\u00e7\u00e3o para o p\u00fablico e para os organizadores.<\/p>\n<h2>Valoriza\u00e7\u00e3o dos Profissionais T\u00e9cnicos<\/h2>\n<p>Com as novas diretrizes e parcerias, a valoriza\u00e7\u00e3o dos t\u00e9cnicos se torna uma prioridade para o CRT-SP. As a\u00e7\u00f5es mencionadas n\u00e3o apenas promovem um ambiente de trabalho mais seguro, mas tamb\u00e9m incentivam a forma\u00e7\u00e3o e o reconhecimento profissional, essenciais para o desenvolvimento do setor t\u00e9cnico da regi\u00e3o.<\/p>\n<h2>Pr\u00f3ximos Passos para o CRT-SP<\/h2>\n<p>A motiva\u00e7\u00e3o do novo chefe de escrit\u00f3rio, Matheus de Paiva Calado, \u00e9 evidente e ele expressou o compromisso do CRT-SP em continuar atuando junto \u00e0s institui\u00e7\u00f5es e empresas da regi\u00e3o. A expectativa \u00e9 que as iniciativas em andamento resultem em um desenvolvimento cont\u00ednuo e na promo\u00e7\u00e3o da valoriza\u00e7\u00e3o profissional para o benef\u00edcio dos t\u00e9cnicos e da sociedade.<\/p>\n","protected":false},"excerpt":{"rendered":"<p>Escrit\u00f3rio Regional de Campinas destaca duas reuni\u00f5es significativas para a reestrutura\u00e7\u00e3o e fiscaliza\u00e7\u00e3o.<\/p>\n","protected":false},"author":1,"featured_media":6184,"comment_status":"open","ping_status":"open","sticky":false,"template":"","format":"standard","meta":{"footnotes":""},"categories":[5],"tags":[],"class_list":["post-6185","post","type-post","status-publish","format-standard","has-post-thumbnail","hentry","category-noticias","has_thumb"],"yoast_head":"<!-- This site is optimized with the Yoast SEO plugin v27.6 - https:\/\/yoast.com\/product\/yoast-seo-wordpress\/ -->\n<title>Escrit\u00f3rio Regional de Campinas em duas importantes reuni\u00f5es | Guia Comercial de Americana SP<\/title>\n<meta name=\"robots\" content=\"index, follow, max-snippet:-1, max-image-preview:large, max-video-preview:-1\" \/>\n<link rel=\"canonical\" href=\"https:\/\/www.encontraamericana.com.br\/guia\/escritorio-regional-de-campinas-em-duas-importantes-reunioes\/\" \/>\n<meta property=\"og:locale\" content=\"pt_BR\" \/>\n<meta property=\"og:type\" content=\"article\" \/>\n<meta property=\"og:title\" content=\"Escrit\u00f3rio Regional de Campinas em duas importantes reuni\u00f5es | Guia Comercial de Americana SP\" \/>\n<meta property=\"og:description\" content=\"Escrit\u00f3rio Regional de Campinas destaca duas reuni\u00f5es significativas para a reestrutura\u00e7\u00e3o e fiscaliza\u00e7\u00e3o.\" \/>\n<meta property=\"og:url\" content=\"https:\/\/www.encontraamericana.com.br\/guia\/escritorio-regional-de-campinas-em-duas-importantes-reunioes\/\" \/>\n<meta property=\"og:site_name\" content=\"Guia Comercial de Americana SP\" \/>\n<meta property=\"article:published_time\" content=\"2026-03-03T14:57:00+00:00\" \/>\n<meta property=\"og:image\" content=\"https:\/\/www.encontraamericana.com.br\/guia\/wp-content\/uploads\/2026\/03\/escritorio-regional-de-campinas-em-duas-importantes-reunioes.webp\" \/>\n<meta name=\"author\" content=\"Encontra Americana\" \/>\n<meta name=\"twitter:card\" content=\"summary_large_image\" \/>\n<meta name=\"twitter:label1\" content=\"Escrito por\" \/>\n\t<meta name=\"twitter:data1\" content=\"Encontra Americana\" \/>\n\t<meta name=\"twitter:label2\" content=\"Est. tempo de leitura\" \/>\n\t<meta name=\"twitter:data2\" content=\"4 minutos\" \/>\n<script type=\"application\/ld+json\" class=\"yoast-schema-graph\">{\"@context\":\"https:\\\/\\\/schema.org\",\"@graph\":[{\"@type\":\"Article\",\"@id\":\"https:\\\/\\\/www.encontraamericana.com.br\\\/guia\\\/escritorio-regional-de-campinas-em-duas-importantes-reunioes\\\/#article\",\"isPartOf\":{\"@id\":\"https:\\\/\\\/www.encontraamericana.com.br\\\/guia\\\/escritorio-regional-de-campinas-em-duas-importantes-reunioes\\\/\"},\"author\":{\"name\":\"Encontra Americana\",\"@id\":\"https:\\\/\\\/www.encontraamericana.com.br\\\/guia\\\/#\\\/schema\\\/person\\\/515cbc6082144e7445cab98211d14f9b\"},\"headline\":\"Escrit\u00f3rio Regional de Campinas em duas importantes reuni\u00f5es\",\"datePublished\":\"2026-03-03T14:57:00+00:00\",\"mainEntityOfPage\":{\"@id\":\"https:\\\/\\\/www.encontraamericana.com.br\\\/guia\\\/escritorio-regional-de-campinas-em-duas-importantes-reunioes\\\/\"},\"wordCount\":874,\"commentCount\":0,\"image\":{\"@id\":\"https:\\\/\\\/www.encontraamericana.com.br\\\/guia\\\/escritorio-regional-de-campinas-em-duas-importantes-reunioes\\\/#primaryimage\"},\"thumbnailUrl\":\"https:\\\/\\\/www.encontraamericana.com.br\\\/guia\\\/wp-content\\\/uploads\\\/2026\\\/03\\\/escritorio-regional-de-campinas-em-duas-importantes-reunioes.webp\",\"articleSection\":[\"Not\u00edcias Americana\"],\"inLanguage\":\"pt-BR\",\"potentialAction\":[{\"@type\":\"CommentAction\",\"name\":\"Comment\",\"target\":[\"https:\\\/\\\/www.encontraamericana.com.br\\\/guia\\\/escritorio-regional-de-campinas-em-duas-importantes-reunioes\\\/#respond\"]}]},{\"@type\":\"WebPage\",\"@id\":\"https:\\\/\\\/www.encontraamericana.com.br\\\/guia\\\/escritorio-regional-de-campinas-em-duas-importantes-reunioes\\\/\",\"url\":\"https:\\\/\\\/www.encontraamericana.com.br\\\/guia\\\/escritorio-regional-de-campinas-em-duas-importantes-reunioes\\\/\",\"name\":\"Escrit\u00f3rio Regional de Campinas em duas importantes reuni\u00f5es | Guia Comercial de Americana SP\",\"isPartOf\":{\"@id\":\"https:\\\/\\\/www.encontraamericana.com.br\\\/guia\\\/#website\"},\"primaryImageOfPage\":{\"@id\":\"https:\\\/\\\/www.encontraamericana.com.br\\\/guia\\\/escritorio-regional-de-campinas-em-duas-importantes-reunioes\\\/#primaryimage\"},\"image\":{\"@id\":\"https:\\\/\\\/www.encontraamericana.com.br\\\/guia\\\/escritorio-regional-de-campinas-em-duas-importantes-reunioes\\\/#primaryimage\"},\"thumbnailUrl\":\"https:\\\/\\\/www.encontraamericana.com.br\\\/guia\\\/wp-content\\\/uploads\\\/2026\\\/03\\\/escritorio-regional-de-campinas-em-duas-importantes-reunioes.webp\",\"datePublished\":\"2026-03-03T14:57:00+00:00\",\"author\":{\"@id\":\"https:\\\/\\\/www.encontraamericana.com.br\\\/guia\\\/#\\\/schema\\\/person\\\/515cbc6082144e7445cab98211d14f9b\"},\"inLanguage\":\"pt-BR\",\"potentialAction\":[{\"@type\":\"ReadAction\",\"target\":[\"https:\\\/\\\/www.encontraamericana.com.br\\\/guia\\\/escritorio-regional-de-campinas-em-duas-importantes-reunioes\\\/\"]}]},{\"@type\":\"ImageObject\",\"inLanguage\":\"pt-BR\",\"@id\":\"https:\\\/\\\/www.encontraamericana.com.br\\\/guia\\\/escritorio-regional-de-campinas-em-duas-importantes-reunioes\\\/#primaryimage\",\"url\":\"https:\\\/\\\/www.encontraamericana.com.br\\\/guia\\\/wp-content\\\/uploads\\\/2026\\\/03\\\/escritorio-regional-de-campinas-em-duas-importantes-reunioes.webp\",\"contentUrl\":\"https:\\\/\\\/www.encontraamericana.com.br\\\/guia\\\/wp-content\\\/uploads\\\/2026\\\/03\\\/escritorio-regional-de-campinas-em-duas-importantes-reunioes.webp\",\"width\":280,\"height\":280,\"caption\":\"Escrit\u00f3rio Regional de Campinas\"},{\"@type\":\"WebSite\",\"@id\":\"https:\\\/\\\/www.encontraamericana.com.br\\\/guia\\\/#website\",\"url\":\"https:\\\/\\\/www.encontraamericana.com.br\\\/guia\\\/\",\"name\":\"Guia Comercial de Americana SP\",\"description\":\"ENCONTRA AMERICANA - O guia comercial de neg\u00f3cios e empresas, cultura e divers\u00e3o na cidade de Americana. Feito 100% para voc\u00ea morador!\",\"potentialAction\":[{\"@type\":\"SearchAction\",\"target\":{\"@type\":\"EntryPoint\",\"urlTemplate\":\"https:\\\/\\\/www.encontraamericana.com.br\\\/guia\\\/?s={search_term_string}\"},\"query-input\":{\"@type\":\"PropertyValueSpecification\",\"valueRequired\":true,\"valueName\":\"search_term_string\"}}],\"inLanguage\":\"pt-BR\"},{\"@type\":\"Person\",\"@id\":\"https:\\\/\\\/www.encontraamericana.com.br\\\/guia\\\/#\\\/schema\\\/person\\\/515cbc6082144e7445cab98211d14f9b\",\"name\":\"Encontra Americana\",\"image\":{\"@type\":\"ImageObject\",\"inLanguage\":\"pt-BR\",\"@id\":\"https:\\\/\\\/secure.gravatar.com\\\/avatar\\\/c50c17820bcf322f0a8fd6b110b8c0918141409dc69076470f6fca5fee70a5d4?s=96&d=mm&r=g\",\"url\":\"https:\\\/\\\/secure.gravatar.com\\\/avatar\\\/c50c17820bcf322f0a8fd6b110b8c0918141409dc69076470f6fca5fee70a5d4?s=96&d=mm&r=g\",\"contentUrl\":\"https:\\\/\\\/secure.gravatar.com\\\/avatar\\\/c50c17820bcf322f0a8fd6b110b8c0918141409dc69076470f6fca5fee70a5d4?s=96&d=mm&r=g\",\"caption\":\"Encontra Americana\"},\"url\":\"https:\\\/\\\/www.encontraamericana.com.br\\\/guia\\\/author\\\/encontraamericana\\\/\"}]}<\/script>\n<!-- \/ Yoast SEO plugin. -->","yoast_head_json":{"title":"Escrit\u00f3rio Regional de Campinas em duas importantes reuni\u00f5es | Guia Comercial de Americana SP","robots":{"index":"index","follow":"follow","max-snippet":"max-snippet:-1","max-image-preview":"max-image-preview:large","max-video-preview":"max-video-preview:-1"},"canonical":"https:\/\/www.encontraamericana.com.br\/guia\/escritorio-regional-de-campinas-em-duas-importantes-reunioes\/","og_locale":"pt_BR","og_type":"article","og_title":"Escrit\u00f3rio Regional de Campinas em duas importantes reuni\u00f5es | Guia Comercial de Americana SP","og_description":"Escrit\u00f3rio Regional de Campinas destaca duas reuni\u00f5es significativas para a reestrutura\u00e7\u00e3o e fiscaliza\u00e7\u00e3o.","og_url":"https:\/\/www.encontraamericana.com.br\/guia\/escritorio-regional-de-campinas-em-duas-importantes-reunioes\/","og_site_name":"Guia Comercial de Americana SP","article_published_time":"2026-03-03T14:57:00+00:00","og_image":[{"url":"https:\/\/www.encontraamericana.com.br\/guia\/wp-content\/uploads\/2026\/03\/escritorio-regional-de-campinas-em-duas-importantes-reunioes.webp","type":"","width":"","height":""}],"author":"Encontra Americana","twitter_card":"summary_large_image","twitter_misc":{"Escrito por":"Encontra Americana","Est. tempo de leitura":"4 minutos"},"schema":{"@context":"https:\/\/schema.org","@graph":[{"@type":"Article","@id":"https:\/\/www.encontraamericana.com.br\/guia\/escritorio-regional-de-campinas-em-duas-importantes-reunioes\/#article","isPartOf":{"@id":"https:\/\/www.encontraamericana.com.br\/guia\/escritorio-regional-de-campinas-em-duas-importantes-reunioes\/"},"author":{"name":"Encontra Americana","@id":"https:\/\/www.encontraamericana.com.br\/guia\/#\/schema\/person\/515cbc6082144e7445cab98211d14f9b"},"headline":"Escrit\u00f3rio Regional de Campinas em duas importantes reuni\u00f5es","datePublished":"2026-03-03T14:57:00+00:00","mainEntityOfPage":{"@id":"https:\/\/www.encontraamericana.com.br\/guia\/escritorio-regional-de-campinas-em-duas-importantes-reunioes\/"},"wordCount":874,"commentCount":0,"image":{"@id":"https:\/\/www.encontraamericana.com.br\/guia\/escritorio-regional-de-campinas-em-duas-importantes-reunioes\/#primaryimage"},"thumbnailUrl":"https:\/\/www.encontraamericana.com.br\/guia\/wp-content\/uploads\/2026\/03\/escritorio-regional-de-campinas-em-duas-importantes-reunioes.webp","articleSection":["Not\u00edcias Americana"],"inLanguage":"pt-BR","potentialAction":[{"@type":"CommentAction","name":"Comment","target":["https:\/\/www.encontraamericana.com.br\/guia\/escritorio-regional-de-campinas-em-duas-importantes-reunioes\/#respond"]}]},{"@type":"WebPage","@id":"https:\/\/www.encontraamericana.com.br\/guia\/escritorio-regional-de-campinas-em-duas-importantes-reunioes\/","url":"https:\/\/www.encontraamericana.com.br\/guia\/escritorio-regional-de-campinas-em-duas-importantes-reunioes\/","name":"Escrit\u00f3rio Regional de Campinas em duas importantes reuni\u00f5es | Guia Comercial de Americana SP","isPartOf":{"@id":"https:\/\/www.encontraamericana.com.br\/guia\/#website"},"primaryImageOfPage":{"@id":"https:\/\/www.encontraamericana.com.br\/guia\/escritorio-regional-de-campinas-em-duas-importantes-reunioes\/#primaryimage"},"image":{"@id":"https:\/\/www.encontraamericana.com.br\/guia\/escritorio-regional-de-campinas-em-duas-importantes-reunioes\/#primaryimage"},"thumbnailUrl":"https:\/\/www.encontraamericana.com.br\/guia\/wp-content\/uploads\/2026\/03\/escritorio-regional-de-campinas-em-duas-importantes-reunioes.webp","datePublished":"2026-03-03T14:57:00+00:00","author":{"@id":"https:\/\/www.encontraamericana.com.br\/guia\/#\/schema\/person\/515cbc6082144e7445cab98211d14f9b"},"inLanguage":"pt-BR","potentialAction":[{"@type":"ReadAction","target":["https:\/\/www.encontraamericana.com.br\/guia\/escritorio-regional-de-campinas-em-duas-importantes-reunioes\/"]}]},{"@type":"ImageObject","inLanguage":"pt-BR","@id":"https:\/\/www.encontraamericana.com.br\/guia\/escritorio-regional-de-campinas-em-duas-importantes-reunioes\/#primaryimage","url":"https:\/\/www.encontraamericana.com.br\/guia\/wp-content\/uploads\/2026\/03\/escritorio-regional-de-campinas-em-duas-importantes-reunioes.webp","contentUrl":"https:\/\/www.encontraamericana.com.br\/guia\/wp-content\/uploads\/2026\/03\/escritorio-regional-de-campinas-em-duas-importantes-reunioes.webp","width":280,"height":280,"caption":"Escrit\u00f3rio Regional de Campinas"},{"@type":"WebSite","@id":"https:\/\/www.encontraamericana.com.br\/guia\/#website","url":"https:\/\/www.encontraamericana.com.br\/guia\/","name":"Guia Comercial de Americana SP","description":"ENCONTRA AMERICANA - O guia comercial de neg\u00f3cios e empresas, cultura e divers\u00e3o na cidade de Americana. Feito 100% para voc\u00ea morador!","potentialAction":[{"@type":"SearchAction","target":{"@type":"EntryPoint","urlTemplate":"https:\/\/www.encontraamericana.com.br\/guia\/?s={search_term_string}"},"query-input":{"@type":"PropertyValueSpecification","valueRequired":true,"valueName":"search_term_string"}}],"inLanguage":"pt-BR"},{"@type":"Person","@id":"https:\/\/www.encontraamericana.com.br\/guia\/#\/schema\/person\/515cbc6082144e7445cab98211d14f9b","name":"Encontra Americana","image":{"@type":"ImageObject","inLanguage":"pt-BR","@id":"https:\/\/secure.gravatar.com\/avatar\/c50c17820bcf322f0a8fd6b110b8c0918141409dc69076470f6fca5fee70a5d4?s=96&d=mm&r=g","url":"https:\/\/secure.gravatar.com\/avatar\/c50c17820bcf322f0a8fd6b110b8c0918141409dc69076470f6fca5fee70a5d4?s=96&d=mm&r=g","contentUrl":"https:\/\/secure.gravatar.com\/avatar\/c50c17820bcf322f0a8fd6b110b8c0918141409dc69076470f6fca5fee70a5d4?s=96&d=mm&r=g","caption":"Encontra Americana"},"url":"https:\/\/www.encontraamericana.com.br\/guia\/author\/encontraamericana\/"}]}},"_links":{"self":[{"href":"https:\/\/www.encontraamericana.com.br\/guia\/wp-json\/wp\/v2\/posts\/6185","targetHints":{"allow":["GET"]}}],"collection":[{"href":"https:\/\/www.encontraamericana.com.br\/guia\/wp-json\/wp\/v2\/posts"}],"about":[{"href":"https:\/\/www.encontraamericana.com.br\/guia\/wp-json\/wp\/v2\/types\/post"}],"author":[{"embeddable":true,"href":"https:\/\/www.encontraamericana.com.br\/guia\/wp-json\/wp\/v2\/users\/1"}],"replies":[{"embeddable":true,"href":"https:\/\/www.encontraamericana.com.br\/guia\/wp-json\/wp\/v2\/comments?post=6185"}],"version-history":[{"count":0,"href":"https:\/\/www.encontraamericana.com.br\/guia\/wp-json\/wp\/v2\/posts\/6185\/revisions"}],"wp:featuredmedia":[{"embeddable":true,"href":"https:\/\/www.encontraamericana.com.br\/guia\/wp-json\/wp\/v2\/media\/6184"}],"wp:attachment":[{"href":"https:\/\/www.encontraamericana.com.br\/guia\/wp-json\/wp\/v2\/media?parent=6185"}],"wp:term":[{"taxonomy":"category","embeddable":true,"href":"https:\/\/www.encontraamericana.com.br\/guia\/wp-json\/wp\/v2\/categories?post=6185"},{"taxonomy":"post_tag","embeddable":true,"href":"https:\/\/www.encontraamericana.com.br\/guia\/wp-json\/wp\/v2\/tags?post=6185"}],"curies":[{"name":"wp","href":"https:\/\/api.w.org\/{rel}","templated":true}]}}