{"id":6220,"date":"2026-03-12T11:57:43","date_gmt":"2026-03-12T14:57:43","guid":{"rendered":"https:\/\/www.encontraamericana.com.br\/guia\/festival-de-artes-visuais-apresenta-livro-em-comemoracao-aos-150-anos-de-americana\/"},"modified":"2026-03-12T11:57:43","modified_gmt":"2026-03-12T14:57:43","slug":"festival-de-artes-visuais-apresenta-livro-em-comemoracao-aos-150-anos-de-americana","status":"publish","type":"post","link":"https:\/\/www.encontraamericana.com.br\/guia\/festival-de-artes-visuais-apresenta-livro-em-comemoracao-aos-150-anos-de-americana\/","title":{"rendered":"Festival de Artes Visuais apresenta livro em comemora\u00e7\u00e3o aos 150 anos de Americana"},"content":{"rendered":"<h2>Lan\u00e7amento do Livro &#8220;Cidade do FAVA&#8221;<\/h2>\n<p>O munic\u00edpio de Americana se prepara para um momento significativo em sua cena cultural com o lan\u00e7amento do livro intitulado &#8220;Cidade do FAVA&#8221;. Essa publica\u00e7\u00e3o surge como um dos principais componentes do Festival de Artes Visuais de Americana (FAVA) 2025, parabenizando os 150 anos da cidade, uma celebra\u00e7\u00e3o que ocorreu em agosto do ano anterior. O evento de lan\u00e7amento est\u00e1 marcado para esta quinta-feira (12), \u00e0s 19h, na Biblioteca Municipal &#8220;Professora Jandyra Basseto P\u00e2ntano&#8221;, a qual encontra-se situada na Pra\u00e7a Comendador M\u00fcller, 172, no Centro da cidade. Os interessados podem participar gratuitamente.<\/p>\n<h2>A Arte de Redescobrir Americana<\/h2>\n<p>A produ\u00e7\u00e3o art\u00edstica deste livro invita os leitores a explorarem e redescobrirem Americana atrav\u00e9s do olhar de suas p\u00e1ginas. A obra apresenta um caminho harm\u00f4nico que refere-se a pontos tur\u00edsticos e \u00e1reas urbanas que foram transformadas em arte por meio das ilustra\u00e7\u00f5es e aquarelas de Pietra Borges e Tatah Borges. Os trabalhos delas oferecem uma vis\u00e3o \u00fanica e criativa sobre a hist\u00f3ria e a cultura local.<\/p>\n<h2>O Papel do FAVA na Cultura Local<\/h2>\n<p>O Festival de Artes Visuais de Americana \u00e9 um evento essencial para a promo\u00e7\u00e3o e valoriza\u00e7\u00e3o da produ\u00e7\u00e3o cultural da cidade. Realizado pela Prefeitura, por interm\u00e9dio da Secretaria de Cultura e Turismo, e com a colabora\u00e7\u00e3o do Conselho Municipal de Cultura (Comcult), o festival destaca a import\u00e2ncia da arte e da cultura na forma\u00e7\u00e3o da identidade local. A produ\u00e7\u00e3o do evento foi assumida pela Associa\u00e7\u00e3o de Promo\u00e7\u00e3o e Assist\u00eancia de Americana (APAM), que contou ainda com o apoio cultural do Cineclube Sof\u00e1, sendo viabilizada por meio de um edital p\u00fablico que utilizou recursos provenientes do Fundo Municipal de Assist\u00eancia \u00e0 Cultura.<\/p>\n<h2>A Import\u00e2ncia dos Mini Postais Art\u00edsticos<\/h2>\n<p>Entre os destaques do livro est\u00e3o os mini postais art\u00edsticos, que foram elaborados por artistas convidados e participantes do festival. Esses postais n\u00e3o apenas valorizam a criatividade dos artistas locais, mas tamb\u00e9m capturam a ess\u00eancia da identidade e da mem\u00f3ria de Americana, consolidando um registro que poder\u00e1 ser apreciado pelos habitantes e visitantes. Atrav\u00e9s desse formato, a obra estabelece um di\u00e1logo entre a arte e os espa\u00e7os que comp\u00f5em a cidade.<\/p>\n<h2>Uma Nova Perspectiva sobre a Cidade<\/h2>\n<p>O livro &#8220;Cidade do FAVA&#8221; se apresenta como mais do que uma mera publica\u00e7\u00e3o; trata-se de uma experi\u00eancia de redescoberta e reinterpreta\u00e7\u00e3o da cidade. Ao folhear as p\u00e1ginas, o leitor \u00e9 conduzido por um itiner\u00e1rio visual que destaca n\u00e3o apenas monumentos e paisagens, mas tamb\u00e9m os aspectos simb\u00f3licos de Americana. A obra \u00e9 uma ferramenta que proporciona uma nova perspectiva, incentivando tanto os habitantes quanto os visitantes a se conectarem mais profundamente com a cidade.<\/p>\n<h2>Como a Arte Reflete a Identidade<\/h2>\n<p>A arte sempre teve um papel vital na defini\u00e7\u00e3o das identidades culturais. &#8220;Cidade do FAVA&#8221; convida os leitores a refletirem sobre como a express\u00e3o art\u00edstica pode moldar a forma como vemos e vivemos em Americana. As ilustra\u00e7\u00f5es e aquarelas proporcionam um panorama visceral que captura a diversidade e a din\u00e2mica da cidade, refletindo suas hist\u00f3rias, seus desafios e suas conquistas.<\/p>\n<h2>Convite \u00e0 Redescoberta Cultural<\/h2>\n<p>Conforme declarado pelo secret\u00e1rio de Cultura e Turismo, Vinicius Ghizini, mais do que uma obra art\u00edstica, &#8220;Cidade do FAVA&#8221; \u00e9 um convite para a redescoberta de Americana atrav\u00e9s da arte. As p\u00e1ginas do livro funcionam como um roteiro que prop\u00f5e ao leitor um passeio pelos atrativos da cidade, estimulando uma nova vis\u00e3o sobre os lugares que muitas vezes passamos despercebidos em nosso cotidiano.<\/p>\n<h2>O Impacto do FAVA na Comunidade<\/h2>\n<p>A realiza\u00e7\u00e3o do FAVA tem repercuss\u00f5es que v\u00e3o al\u00e9m das artes visuais. Ele traz \u00e0 tona discuss\u00f5es sobre cultura e identidade, fomentando um ambiente de reflex\u00e3o e intera\u00e7\u00e3o entre artistas e a comunidade. O festival fortalece as conex\u00f5es entre indiv\u00edduos e gera um espa\u00e7o tanto para a cria\u00e7\u00e3o quanto para a aprecia\u00e7\u00e3o, criando uma rede de colabora\u00e7\u00e3o que beneficia a todos os envolvidos.<\/p>\n<h2>Hist\u00f3ria e Mem\u00f3ria de Americana<\/h2>\n<p>O livro n\u00e3o s\u00f3 se destina a mostrar a arte presente na cidade, mas tamb\u00e9m faz um resgate hist\u00f3rico e memorial. Cada ilustra\u00e7\u00e3o e cada texto busca apresentar um fragmento da trajet\u00f3ria de Americana, celebrando a heran\u00e7a cultural que moldou sua identidade ao longo dos anos. Dessa maneira, a publica\u00e7\u00e3o se torna uma pe\u00e7a fundamental para a educa\u00e7\u00e3o e a forma\u00e7\u00e3o da consci\u00eancia hist\u00f3rica dos cidad\u00e3os.<\/p>\n<h2>Oportunidades Culturais Futuras<\/h2>\n<p>O FAVA 2025 abre portas para novas iniciativas culturais na cidade. Com a divulga\u00e7\u00e3o do livro e as discuss\u00f5es que ele provoca, espera-se que novos projetos e eventos art\u00edsticos emerjam, enriquecendo ainda mais o cen\u00e1rio cultural de Americana. A expectativa \u00e9 que o festival e a publica\u00e7\u00e3o inspirem outros artistas e cidad\u00e3os a se envolverem ativamente na produ\u00e7\u00e3o cultural local.<\/p>\n<p>O secret\u00e1rio Vinicius Ghizini complementa afirmando que a arte deve ser vista como uma ferramenta poderosa na constru\u00e7\u00e3o de identidades comunit\u00e1rias e que eventos como o FAVA desempenham um papel crucial para que a cultura local seja sempre celebrada e promovida. Assim, &#8220;Cidade do FAVA&#8221; se torna n\u00e3o apenas uma obra de arte, mas um legado para que as futuras gera\u00e7\u00f5es possam continuar a contar a hist\u00f3ria e a mem\u00f3ria de Americana atrav\u00e9s da sua pr\u00f3pria vis\u00e3o art\u00edstica.<\/p>\n","protected":false},"excerpt":{"rendered":"<p>Festival de Artes Visuais apresenta um livro incr\u00edvel em homenagem aos 150 anos de Americana.<\/p>\n","protected":false},"author":1,"featured_media":0,"comment_status":"open","ping_status":"open","sticky":false,"template":"","format":"standard","meta":{"footnotes":""},"categories":[898],"tags":[],"class_list":["post-6220","post","type-post","status-publish","format-standard","hentry","category-exposicao"],"yoast_head":"<!-- This site is optimized with the Yoast SEO plugin v27.6 - https:\/\/yoast.com\/product\/yoast-seo-wordpress\/ -->\n<title>Festival de Artes Visuais apresenta livro em comemora\u00e7\u00e3o aos 150 anos de Americana | Guia Comercial de Americana SP<\/title>\n<meta name=\"robots\" content=\"index, follow, max-snippet:-1, max-image-preview:large, max-video-preview:-1\" \/>\n<link rel=\"canonical\" href=\"https:\/\/www.encontraamericana.com.br\/guia\/festival-de-artes-visuais-apresenta-livro-em-comemoracao-aos-150-anos-de-americana\/\" \/>\n<meta property=\"og:locale\" content=\"pt_BR\" \/>\n<meta property=\"og:type\" content=\"article\" \/>\n<meta property=\"og:title\" content=\"Festival de Artes Visuais apresenta livro em comemora\u00e7\u00e3o aos 150 anos de Americana | Guia Comercial de Americana SP\" \/>\n<meta property=\"og:description\" content=\"Festival de Artes Visuais apresenta um livro incr\u00edvel em homenagem aos 150 anos de Americana.\" \/>\n<meta property=\"og:url\" content=\"https:\/\/www.encontraamericana.com.br\/guia\/festival-de-artes-visuais-apresenta-livro-em-comemoracao-aos-150-anos-de-americana\/\" \/>\n<meta property=\"og:site_name\" content=\"Guia Comercial de Americana SP\" \/>\n<meta property=\"article:published_time\" content=\"2026-03-12T14:57:43+00:00\" \/>\n<meta name=\"author\" content=\"Encontra Americana\" \/>\n<meta name=\"twitter:card\" content=\"summary_large_image\" \/>\n<meta name=\"twitter:label1\" content=\"Escrito por\" \/>\n\t<meta name=\"twitter:data1\" content=\"Encontra Americana\" \/>\n\t<meta name=\"twitter:label2\" content=\"Est. tempo de leitura\" \/>\n\t<meta name=\"twitter:data2\" content=\"5 minutos\" \/>\n<script type=\"application\/ld+json\" class=\"yoast-schema-graph\">{\"@context\":\"https:\\\/\\\/schema.org\",\"@graph\":[{\"@type\":\"Article\",\"@id\":\"https:\\\/\\\/www.encontraamericana.com.br\\\/guia\\\/festival-de-artes-visuais-apresenta-livro-em-comemoracao-aos-150-anos-de-americana\\\/#article\",\"isPartOf\":{\"@id\":\"https:\\\/\\\/www.encontraamericana.com.br\\\/guia\\\/festival-de-artes-visuais-apresenta-livro-em-comemoracao-aos-150-anos-de-americana\\\/\"},\"author\":{\"name\":\"Encontra Americana\",\"@id\":\"https:\\\/\\\/www.encontraamericana.com.br\\\/guia\\\/#\\\/schema\\\/person\\\/515cbc6082144e7445cab98211d14f9b\"},\"headline\":\"Festival de Artes Visuais apresenta livro em comemora\u00e7\u00e3o aos 150 anos de Americana\",\"datePublished\":\"2026-03-12T14:57:43+00:00\",\"mainEntityOfPage\":{\"@id\":\"https:\\\/\\\/www.encontraamericana.com.br\\\/guia\\\/festival-de-artes-visuais-apresenta-livro-em-comemoracao-aos-150-anos-de-americana\\\/\"},\"wordCount\":958,\"commentCount\":0,\"articleSection\":[\"Exposi\u00e7\u00e3o Americana\"],\"inLanguage\":\"pt-BR\",\"potentialAction\":[{\"@type\":\"CommentAction\",\"name\":\"Comment\",\"target\":[\"https:\\\/\\\/www.encontraamericana.com.br\\\/guia\\\/festival-de-artes-visuais-apresenta-livro-em-comemoracao-aos-150-anos-de-americana\\\/#respond\"]}]},{\"@type\":\"WebPage\",\"@id\":\"https:\\\/\\\/www.encontraamericana.com.br\\\/guia\\\/festival-de-artes-visuais-apresenta-livro-em-comemoracao-aos-150-anos-de-americana\\\/\",\"url\":\"https:\\\/\\\/www.encontraamericana.com.br\\\/guia\\\/festival-de-artes-visuais-apresenta-livro-em-comemoracao-aos-150-anos-de-americana\\\/\",\"name\":\"Festival de Artes Visuais apresenta livro em comemora\u00e7\u00e3o aos 150 anos de Americana | Guia Comercial de Americana SP\",\"isPartOf\":{\"@id\":\"https:\\\/\\\/www.encontraamericana.com.br\\\/guia\\\/#website\"},\"datePublished\":\"2026-03-12T14:57:43+00:00\",\"author\":{\"@id\":\"https:\\\/\\\/www.encontraamericana.com.br\\\/guia\\\/#\\\/schema\\\/person\\\/515cbc6082144e7445cab98211d14f9b\"},\"inLanguage\":\"pt-BR\",\"potentialAction\":[{\"@type\":\"ReadAction\",\"target\":[\"https:\\\/\\\/www.encontraamericana.com.br\\\/guia\\\/festival-de-artes-visuais-apresenta-livro-em-comemoracao-aos-150-anos-de-americana\\\/\"]}]},{\"@type\":\"WebSite\",\"@id\":\"https:\\\/\\\/www.encontraamericana.com.br\\\/guia\\\/#website\",\"url\":\"https:\\\/\\\/www.encontraamericana.com.br\\\/guia\\\/\",\"name\":\"Guia Comercial de Americana SP\",\"description\":\"ENCONTRA AMERICANA - O guia comercial de neg\u00f3cios e empresas, cultura e divers\u00e3o na cidade de Americana. Feito 100% para voc\u00ea morador!\",\"potentialAction\":[{\"@type\":\"SearchAction\",\"target\":{\"@type\":\"EntryPoint\",\"urlTemplate\":\"https:\\\/\\\/www.encontraamericana.com.br\\\/guia\\\/?s={search_term_string}\"},\"query-input\":{\"@type\":\"PropertyValueSpecification\",\"valueRequired\":true,\"valueName\":\"search_term_string\"}}],\"inLanguage\":\"pt-BR\"},{\"@type\":\"Person\",\"@id\":\"https:\\\/\\\/www.encontraamericana.com.br\\\/guia\\\/#\\\/schema\\\/person\\\/515cbc6082144e7445cab98211d14f9b\",\"name\":\"Encontra Americana\",\"image\":{\"@type\":\"ImageObject\",\"inLanguage\":\"pt-BR\",\"@id\":\"https:\\\/\\\/secure.gravatar.com\\\/avatar\\\/c50c17820bcf322f0a8fd6b110b8c0918141409dc69076470f6fca5fee70a5d4?s=96&d=mm&r=g\",\"url\":\"https:\\\/\\\/secure.gravatar.com\\\/avatar\\\/c50c17820bcf322f0a8fd6b110b8c0918141409dc69076470f6fca5fee70a5d4?s=96&d=mm&r=g\",\"contentUrl\":\"https:\\\/\\\/secure.gravatar.com\\\/avatar\\\/c50c17820bcf322f0a8fd6b110b8c0918141409dc69076470f6fca5fee70a5d4?s=96&d=mm&r=g\",\"caption\":\"Encontra Americana\"},\"url\":\"https:\\\/\\\/www.encontraamericana.com.br\\\/guia\\\/author\\\/encontraamericana\\\/\"}]}<\/script>\n<!-- \/ Yoast SEO plugin. -->","yoast_head_json":{"title":"Festival de Artes Visuais apresenta livro em comemora\u00e7\u00e3o aos 150 anos de Americana | Guia Comercial de Americana SP","robots":{"index":"index","follow":"follow","max-snippet":"max-snippet:-1","max-image-preview":"max-image-preview:large","max-video-preview":"max-video-preview:-1"},"canonical":"https:\/\/www.encontraamericana.com.br\/guia\/festival-de-artes-visuais-apresenta-livro-em-comemoracao-aos-150-anos-de-americana\/","og_locale":"pt_BR","og_type":"article","og_title":"Festival de Artes Visuais apresenta livro em comemora\u00e7\u00e3o aos 150 anos de Americana | Guia Comercial de Americana SP","og_description":"Festival de Artes Visuais apresenta um livro incr\u00edvel em homenagem aos 150 anos de Americana.","og_url":"https:\/\/www.encontraamericana.com.br\/guia\/festival-de-artes-visuais-apresenta-livro-em-comemoracao-aos-150-anos-de-americana\/","og_site_name":"Guia Comercial de Americana SP","article_published_time":"2026-03-12T14:57:43+00:00","author":"Encontra Americana","twitter_card":"summary_large_image","twitter_misc":{"Escrito por":"Encontra Americana","Est. tempo de leitura":"5 minutos"},"schema":{"@context":"https:\/\/schema.org","@graph":[{"@type":"Article","@id":"https:\/\/www.encontraamericana.com.br\/guia\/festival-de-artes-visuais-apresenta-livro-em-comemoracao-aos-150-anos-de-americana\/#article","isPartOf":{"@id":"https:\/\/www.encontraamericana.com.br\/guia\/festival-de-artes-visuais-apresenta-livro-em-comemoracao-aos-150-anos-de-americana\/"},"author":{"name":"Encontra Americana","@id":"https:\/\/www.encontraamericana.com.br\/guia\/#\/schema\/person\/515cbc6082144e7445cab98211d14f9b"},"headline":"Festival de Artes Visuais apresenta livro em comemora\u00e7\u00e3o aos 150 anos de Americana","datePublished":"2026-03-12T14:57:43+00:00","mainEntityOfPage":{"@id":"https:\/\/www.encontraamericana.com.br\/guia\/festival-de-artes-visuais-apresenta-livro-em-comemoracao-aos-150-anos-de-americana\/"},"wordCount":958,"commentCount":0,"articleSection":["Exposi\u00e7\u00e3o Americana"],"inLanguage":"pt-BR","potentialAction":[{"@type":"CommentAction","name":"Comment","target":["https:\/\/www.encontraamericana.com.br\/guia\/festival-de-artes-visuais-apresenta-livro-em-comemoracao-aos-150-anos-de-americana\/#respond"]}]},{"@type":"WebPage","@id":"https:\/\/www.encontraamericana.com.br\/guia\/festival-de-artes-visuais-apresenta-livro-em-comemoracao-aos-150-anos-de-americana\/","url":"https:\/\/www.encontraamericana.com.br\/guia\/festival-de-artes-visuais-apresenta-livro-em-comemoracao-aos-150-anos-de-americana\/","name":"Festival de Artes Visuais apresenta livro em comemora\u00e7\u00e3o aos 150 anos de Americana | Guia Comercial de Americana SP","isPartOf":{"@id":"https:\/\/www.encontraamericana.com.br\/guia\/#website"},"datePublished":"2026-03-12T14:57:43+00:00","author":{"@id":"https:\/\/www.encontraamericana.com.br\/guia\/#\/schema\/person\/515cbc6082144e7445cab98211d14f9b"},"inLanguage":"pt-BR","potentialAction":[{"@type":"ReadAction","target":["https:\/\/www.encontraamericana.com.br\/guia\/festival-de-artes-visuais-apresenta-livro-em-comemoracao-aos-150-anos-de-americana\/"]}]},{"@type":"WebSite","@id":"https:\/\/www.encontraamericana.com.br\/guia\/#website","url":"https:\/\/www.encontraamericana.com.br\/guia\/","name":"Guia Comercial de Americana SP","description":"ENCONTRA AMERICANA - O guia comercial de neg\u00f3cios e empresas, cultura e divers\u00e3o na cidade de Americana. Feito 100% para voc\u00ea morador!","potentialAction":[{"@type":"SearchAction","target":{"@type":"EntryPoint","urlTemplate":"https:\/\/www.encontraamericana.com.br\/guia\/?s={search_term_string}"},"query-input":{"@type":"PropertyValueSpecification","valueRequired":true,"valueName":"search_term_string"}}],"inLanguage":"pt-BR"},{"@type":"Person","@id":"https:\/\/www.encontraamericana.com.br\/guia\/#\/schema\/person\/515cbc6082144e7445cab98211d14f9b","name":"Encontra Americana","image":{"@type":"ImageObject","inLanguage":"pt-BR","@id":"https:\/\/secure.gravatar.com\/avatar\/c50c17820bcf322f0a8fd6b110b8c0918141409dc69076470f6fca5fee70a5d4?s=96&d=mm&r=g","url":"https:\/\/secure.gravatar.com\/avatar\/c50c17820bcf322f0a8fd6b110b8c0918141409dc69076470f6fca5fee70a5d4?s=96&d=mm&r=g","contentUrl":"https:\/\/secure.gravatar.com\/avatar\/c50c17820bcf322f0a8fd6b110b8c0918141409dc69076470f6fca5fee70a5d4?s=96&d=mm&r=g","caption":"Encontra Americana"},"url":"https:\/\/www.encontraamericana.com.br\/guia\/author\/encontraamericana\/"}]}},"_links":{"self":[{"href":"https:\/\/www.encontraamericana.com.br\/guia\/wp-json\/wp\/v2\/posts\/6220","targetHints":{"allow":["GET"]}}],"collection":[{"href":"https:\/\/www.encontraamericana.com.br\/guia\/wp-json\/wp\/v2\/posts"}],"about":[{"href":"https:\/\/www.encontraamericana.com.br\/guia\/wp-json\/wp\/v2\/types\/post"}],"author":[{"embeddable":true,"href":"https:\/\/www.encontraamericana.com.br\/guia\/wp-json\/wp\/v2\/users\/1"}],"replies":[{"embeddable":true,"href":"https:\/\/www.encontraamericana.com.br\/guia\/wp-json\/wp\/v2\/comments?post=6220"}],"version-history":[{"count":0,"href":"https:\/\/www.encontraamericana.com.br\/guia\/wp-json\/wp\/v2\/posts\/6220\/revisions"}],"wp:attachment":[{"href":"https:\/\/www.encontraamericana.com.br\/guia\/wp-json\/wp\/v2\/media?parent=6220"}],"wp:term":[{"taxonomy":"category","embeddable":true,"href":"https:\/\/www.encontraamericana.com.br\/guia\/wp-json\/wp\/v2\/categories?post=6220"},{"taxonomy":"post_tag","embeddable":true,"href":"https:\/\/www.encontraamericana.com.br\/guia\/wp-json\/wp\/v2\/tags?post=6220"}],"curies":[{"name":"wp","href":"https:\/\/api.w.org\/{rel}","templated":true}]}}