{"id":6456,"date":"2026-05-05T11:42:13","date_gmt":"2026-05-05T14:42:13","guid":{"rendered":"https:\/\/www.encontraamericana.com.br\/guia\/americana-deve-ter-um-dia-com-tempo-agradavel-nesta-terca\/"},"modified":"2026-05-05T11:42:13","modified_gmt":"2026-05-05T14:42:13","slug":"americana-deve-ter-um-dia-com-tempo-agradavel-nesta-terca","status":"publish","type":"post","link":"https:\/\/www.encontraamericana.com.br\/guia\/americana-deve-ter-um-dia-com-tempo-agradavel-nesta-terca\/","title":{"rendered":"Americana deve ter um dia com tempo agrad\u00e1vel nesta ter\u00e7a"},"content":{"rendered":"<h2>Temperaturas durante o dia em Americana<\/h2>\n<p>Nesta ter\u00e7a-feira (05), Americana apresenta um clima bastante agrad\u00e1vel com temperaturas que variam entre <strong>19\u00b0C e 32\u00b0C<\/strong>. Durante a madrugada, a cidade inicia com um ar fresco, ideal para quem aprecia um come\u00e7o de manh\u00e3 mais ameno. \u00c0 medida que o dia avan\u00e7a, os term\u00f4metros sobem gradualmente. A m\u00e1xima do dia est\u00e1 prevista para atingir 32\u00b0C durante a tarde, proporcionando um ambiente prop\u00edcio para atividades externas antes que o calor atinja seu \u00e1pice.<\/p>\n<h2>Umidade do ar e sua import\u00e2ncia<\/h2>\n<p>A umidade relativa do ar ser\u00e1 um fator importante a se considerar ao longo do dia. Inicialmente, pode atingir <strong>80%<\/strong> pela manh\u00e3, criando uma sensa\u00e7\u00e3o de frescor. Contudo, ao longo da tarde, essa umidade poder\u00e1 cair para <strong>30%<\/strong>, especialmente quando o calor come\u00e7ar a se intensificar. Manter-se atento aos \u00edndices de umidade \u00e9 crucial, uma vez que eles podem influenciar tanto na sensa\u00e7\u00e3o t\u00e9rmica quanto na sa\u00fade respirat\u00f3ria, principalmente em climas quentes.<\/p>\n<h2>Expectativa de vento: intensidade e dire\u00e7\u00e3o<\/h2>\n<p>Os ventos que sopram em Americana nessa ter\u00e7a-feira tendem a ser fracos, predominando na dire\u00e7\u00e3o do <strong>nordeste para o sul<\/strong>. Essa condi\u00e7\u00e3o \u00e9 t\u00edpica durante esse per\u00edodo do ano e n\u00e3o deve trazer grandes mudan\u00e7as clim\u00e1ticas abruptas. O nascer do sol est\u00e1 previsto para \u00e0s <strong>06h30<\/strong>, enquanto o p\u00f4r do sol ocorrer\u00e1 \u00e0s <strong>17h43<\/strong>, marcando um dia com bastante luz natural.<\/p>\n<p><img decoding=\"async\" src=\"https:\/\/www.encontraamericana.com.br\/guia\/wp-content\/uploads\/2026\/05\/americana-deve-ter-um-dia-com-tempo-agradavel-nesta-terca.webp\" alt=\"tempo agrad\u00e1vel em Americana\" loading=\"lazy\" \/><\/p>\n<h2>Sol e c\u00e9u claro: uma vis\u00e3o geral<\/h2>\n<p>Os expectadores estar\u00e3o encantados, pois o c\u00e9u se apresentar\u00e1 limpo com poucas nuvens no decorrer do dia. Esta condi\u00e7\u00e3o de c\u00e9u aberto contribui para a alegra de muitos, al\u00e9m de favorecer atividades ao ar livre, como caminhadas, piqueniques e passeios em fam\u00edlia. Em um dia como este, a aprecia\u00e7\u00e3o da natureza local \u00e9 uma excelente escolha.<\/p>\n<h2>Como os diferentes hor\u00e1rios afetam a temperatura<\/h2>\n<p>As temperaturas em Americana s\u00e3o esperadas para se comportar de maneira previs\u00edvel ao longo do dia. Na madrugada, a temperatura se mant\u00e9m em torno de <strong>19\u00b0C<\/strong>, criando um ambiente prop\u00edcio para dormir. Ao amanhecer, os term\u00f4metros subir\u00e3o lentamente, atingindo sua m\u00e1xima ao redor do in\u00edcio da tarde. Essa varia\u00e7\u00e3o nas temperaturas \u00e9 um convite para os moradores e visitantes explorarem a cidade durante as horas mais amenas.<\/p>\n<h2>Condi\u00e7\u00f5es do clima para os pr\u00f3ximos dias<\/h2>\n<p>Ap\u00f3s esta ter\u00e7a-feira, as condi\u00e7\u00f5es do tempo em Americana continuar\u00e3o apresentando \u00f3timas perspectivas. A previs\u00e3o para os pr\u00f3ximos dias \u00e9 a seguinte:<\/p>\n<ul>\n<li><strong>Quarta-feira (06):<\/strong> Sol pleno e temperaturas variando de 18\u00b0C a 32\u00b0C.<\/li>\n<li><strong>Quinta-feira (07\/05\/2026):<\/strong> Max 31\u00b0C, m\u00ednima de 18\u00b0C, dia ensolarado.<\/li>\n<li><strong>Sexta-feira (08\/05\/2026):<\/strong> C\u00e9u levemente nublado com temperaturas entre 19\u00b0C e 32\u00b0C.<\/li>\n<li><strong>S\u00e1bado (09\/05\/2026):<\/strong> C\u00e9u nublado e temperaturas variando de 18\u00b0C a 30\u00b0C.<\/li>\n<\/ul>\n<h2>Dicas de atividades ao ar livre<\/h2>\n<p>Diante de um clima t\u00e3o favor\u00e1vel, v\u00e1rias atividades podem ser realizadas ao ar livre. Algumas sugest\u00f5es incluem:<\/p>\n<ul>\n<li>Piqueniques em parques locais.<\/li>\n<li>Caminhadas ao longo de trilhas e ciclovias.<\/li>\n<li>Visitas a \u00e1reas verdes, como pra\u00e7as ou jardins bot\u00e2nicos.<\/li>\n<li>Pr\u00e1tica de esportes ao ar livre, como futebol ou v\u00f4lei de praia.<\/li>\n<\/ul>\n<h2>A import\u00e2ncia de se manter hidratado<\/h2>\n<p>Com a eleva\u00e7\u00e3o das temperaturas, a hidrata\u00e7\u00e3o torna-se fundamental. \u00c9 recomend\u00e1vel que os cidad\u00e3os tomem cuidados redobrados, bebendo \u00e1gua em intervalos regulares. Isso \u00e9 especialmente vital para crian\u00e7as e idosos, que tendem a desidratar mais rapidamente. Incluir frutas ricas em \u00e1gua na dieta, como melancia e laranja, e evitar bebidas a\u00e7ucaradas s\u00e3o excelentes pr\u00e1ticas a serem adotadas.<\/p>\n<h2>Previs\u00f5es para eventos especiais<\/h2>\n<p>Com o tempo maravilhoso previsto para a semana, eventos ao ar livre podem ser aproveitados por todos. Festivais, mercados e encontros comunit\u00e1rios s\u00e3o mais agrad\u00e1veis sob um c\u00e9u claro. \u00c9 uma excelente oportunidade para atividades sociais e celebra\u00e7\u00f5es que envolvam a comunidade local.<\/p>\n<h2>O que esperar da meteorologia semanal<\/h2>\n<p>A previs\u00e3o do tempo para o restante da semana em Americana indica um padr\u00e3o est\u00e1vel, com temperaturas agrad\u00e1veis e poucos ind\u00edcios de instabilidade clim\u00e1tica. Isso deve permitir que residentes e visitantes desfrutem de diversas op\u00e7\u00f5es de lazer, sem preocupa\u00e7\u00f5es com mudan\u00e7as bruscas de tempo. Manter-se atualizado sobre a meteorologia di\u00e1ria \u00e9 sempre uma boa pr\u00e1tica para planejar atividades.<\/p>\n","protected":false},"excerpt":{"rendered":"<p>Temperaturas agrad\u00e1veis em Americana prometem um dia perfeito para atividades ao ar livre.<\/p>\n","protected":false},"author":1,"featured_media":6455,"comment_status":"open","ping_status":"open","sticky":false,"template":"","format":"standard","meta":{"footnotes":""},"categories":[5],"tags":[],"class_list":["post-6456","post","type-post","status-publish","format-standard","has-post-thumbnail","hentry","category-noticias","has_thumb"],"yoast_head":"<!-- This site is optimized with the Yoast SEO plugin v27.6 - https:\/\/yoast.com\/product\/yoast-seo-wordpress\/ -->\n<title>Americana deve ter um dia com tempo agrad\u00e1vel nesta ter\u00e7a | Guia Comercial de Americana SP<\/title>\n<meta name=\"robots\" content=\"index, follow, max-snippet:-1, max-image-preview:large, max-video-preview:-1\" \/>\n<link rel=\"canonical\" href=\"https:\/\/www.encontraamericana.com.br\/guia\/americana-deve-ter-um-dia-com-tempo-agradavel-nesta-terca\/\" \/>\n<meta property=\"og:locale\" content=\"pt_BR\" \/>\n<meta property=\"og:type\" content=\"article\" \/>\n<meta property=\"og:title\" content=\"Americana deve ter um dia com tempo agrad\u00e1vel nesta ter\u00e7a | Guia Comercial de Americana SP\" \/>\n<meta property=\"og:description\" content=\"Temperaturas agrad\u00e1veis em Americana prometem um dia perfeito para atividades ao ar livre.\" \/>\n<meta property=\"og:url\" content=\"https:\/\/www.encontraamericana.com.br\/guia\/americana-deve-ter-um-dia-com-tempo-agradavel-nesta-terca\/\" \/>\n<meta property=\"og:site_name\" content=\"Guia Comercial de Americana SP\" \/>\n<meta property=\"article:published_time\" content=\"2026-05-05T14:42:13+00:00\" \/>\n<meta property=\"og:image\" content=\"https:\/\/www.encontraamericana.com.br\/guia\/wp-content\/uploads\/2026\/05\/americana-deve-ter-um-dia-com-tempo-agradavel-nesta-terca.webp\" \/>\n<meta name=\"author\" content=\"Encontra Americana\" \/>\n<meta name=\"twitter:card\" content=\"summary_large_image\" \/>\n<meta name=\"twitter:label1\" content=\"Escrito por\" \/>\n\t<meta name=\"twitter:data1\" content=\"Encontra Americana\" \/>\n\t<meta name=\"twitter:label2\" content=\"Est. tempo de leitura\" \/>\n\t<meta name=\"twitter:data2\" content=\"4 minutos\" \/>\n<script type=\"application\/ld+json\" class=\"yoast-schema-graph\">{\"@context\":\"https:\\\/\\\/schema.org\",\"@graph\":[{\"@type\":\"Article\",\"@id\":\"https:\\\/\\\/www.encontraamericana.com.br\\\/guia\\\/americana-deve-ter-um-dia-com-tempo-agradavel-nesta-terca\\\/#article\",\"isPartOf\":{\"@id\":\"https:\\\/\\\/www.encontraamericana.com.br\\\/guia\\\/americana-deve-ter-um-dia-com-tempo-agradavel-nesta-terca\\\/\"},\"author\":{\"name\":\"Encontra Americana\",\"@id\":\"https:\\\/\\\/www.encontraamericana.com.br\\\/guia\\\/#\\\/schema\\\/person\\\/515cbc6082144e7445cab98211d14f9b\"},\"headline\":\"Americana deve ter um dia com tempo agrad\u00e1vel nesta ter\u00e7a\",\"datePublished\":\"2026-05-05T14:42:13+00:00\",\"mainEntityOfPage\":{\"@id\":\"https:\\\/\\\/www.encontraamericana.com.br\\\/guia\\\/americana-deve-ter-um-dia-com-tempo-agradavel-nesta-terca\\\/\"},\"wordCount\":745,\"commentCount\":0,\"image\":{\"@id\":\"https:\\\/\\\/www.encontraamericana.com.br\\\/guia\\\/americana-deve-ter-um-dia-com-tempo-agradavel-nesta-terca\\\/#primaryimage\"},\"thumbnailUrl\":\"https:\\\/\\\/www.encontraamericana.com.br\\\/guia\\\/wp-content\\\/uploads\\\/2026\\\/05\\\/americana-deve-ter-um-dia-com-tempo-agradavel-nesta-terca.webp\",\"articleSection\":[\"Not\u00edcias Americana\"],\"inLanguage\":\"pt-BR\",\"potentialAction\":[{\"@type\":\"CommentAction\",\"name\":\"Comment\",\"target\":[\"https:\\\/\\\/www.encontraamericana.com.br\\\/guia\\\/americana-deve-ter-um-dia-com-tempo-agradavel-nesta-terca\\\/#respond\"]}]},{\"@type\":\"WebPage\",\"@id\":\"https:\\\/\\\/www.encontraamericana.com.br\\\/guia\\\/americana-deve-ter-um-dia-com-tempo-agradavel-nesta-terca\\\/\",\"url\":\"https:\\\/\\\/www.encontraamericana.com.br\\\/guia\\\/americana-deve-ter-um-dia-com-tempo-agradavel-nesta-terca\\\/\",\"name\":\"Americana deve ter um dia com tempo agrad\u00e1vel nesta ter\u00e7a | Guia Comercial de Americana SP\",\"isPartOf\":{\"@id\":\"https:\\\/\\\/www.encontraamericana.com.br\\\/guia\\\/#website\"},\"primaryImageOfPage\":{\"@id\":\"https:\\\/\\\/www.encontraamericana.com.br\\\/guia\\\/americana-deve-ter-um-dia-com-tempo-agradavel-nesta-terca\\\/#primaryimage\"},\"image\":{\"@id\":\"https:\\\/\\\/www.encontraamericana.com.br\\\/guia\\\/americana-deve-ter-um-dia-com-tempo-agradavel-nesta-terca\\\/#primaryimage\"},\"thumbnailUrl\":\"https:\\\/\\\/www.encontraamericana.com.br\\\/guia\\\/wp-content\\\/uploads\\\/2026\\\/05\\\/americana-deve-ter-um-dia-com-tempo-agradavel-nesta-terca.webp\",\"datePublished\":\"2026-05-05T14:42:13+00:00\",\"author\":{\"@id\":\"https:\\\/\\\/www.encontraamericana.com.br\\\/guia\\\/#\\\/schema\\\/person\\\/515cbc6082144e7445cab98211d14f9b\"},\"inLanguage\":\"pt-BR\",\"potentialAction\":[{\"@type\":\"ReadAction\",\"target\":[\"https:\\\/\\\/www.encontraamericana.com.br\\\/guia\\\/americana-deve-ter-um-dia-com-tempo-agradavel-nesta-terca\\\/\"]}]},{\"@type\":\"ImageObject\",\"inLanguage\":\"pt-BR\",\"@id\":\"https:\\\/\\\/www.encontraamericana.com.br\\\/guia\\\/americana-deve-ter-um-dia-com-tempo-agradavel-nesta-terca\\\/#primaryimage\",\"url\":\"https:\\\/\\\/www.encontraamericana.com.br\\\/guia\\\/wp-content\\\/uploads\\\/2026\\\/05\\\/americana-deve-ter-um-dia-com-tempo-agradavel-nesta-terca.webp\",\"contentUrl\":\"https:\\\/\\\/www.encontraamericana.com.br\\\/guia\\\/wp-content\\\/uploads\\\/2026\\\/05\\\/americana-deve-ter-um-dia-com-tempo-agradavel-nesta-terca.webp\",\"width\":280,\"height\":280,\"caption\":\"tempo agrad\u00e1vel em Americana\"},{\"@type\":\"WebSite\",\"@id\":\"https:\\\/\\\/www.encontraamericana.com.br\\\/guia\\\/#website\",\"url\":\"https:\\\/\\\/www.encontraamericana.com.br\\\/guia\\\/\",\"name\":\"Guia Comercial de Americana SP\",\"description\":\"ENCONTRA AMERICANA - O guia comercial de neg\u00f3cios e empresas, cultura e divers\u00e3o na cidade de Americana. Feito 100% para voc\u00ea morador!\",\"potentialAction\":[{\"@type\":\"SearchAction\",\"target\":{\"@type\":\"EntryPoint\",\"urlTemplate\":\"https:\\\/\\\/www.encontraamericana.com.br\\\/guia\\\/?s={search_term_string}\"},\"query-input\":{\"@type\":\"PropertyValueSpecification\",\"valueRequired\":true,\"valueName\":\"search_term_string\"}}],\"inLanguage\":\"pt-BR\"},{\"@type\":\"Person\",\"@id\":\"https:\\\/\\\/www.encontraamericana.com.br\\\/guia\\\/#\\\/schema\\\/person\\\/515cbc6082144e7445cab98211d14f9b\",\"name\":\"Encontra Americana\",\"image\":{\"@type\":\"ImageObject\",\"inLanguage\":\"pt-BR\",\"@id\":\"https:\\\/\\\/secure.gravatar.com\\\/avatar\\\/c50c17820bcf322f0a8fd6b110b8c0918141409dc69076470f6fca5fee70a5d4?s=96&d=mm&r=g\",\"url\":\"https:\\\/\\\/secure.gravatar.com\\\/avatar\\\/c50c17820bcf322f0a8fd6b110b8c0918141409dc69076470f6fca5fee70a5d4?s=96&d=mm&r=g\",\"contentUrl\":\"https:\\\/\\\/secure.gravatar.com\\\/avatar\\\/c50c17820bcf322f0a8fd6b110b8c0918141409dc69076470f6fca5fee70a5d4?s=96&d=mm&r=g\",\"caption\":\"Encontra Americana\"},\"url\":\"https:\\\/\\\/www.encontraamericana.com.br\\\/guia\\\/author\\\/encontraamericana\\\/\"}]}<\/script>\n<!-- \/ Yoast SEO plugin. -->","yoast_head_json":{"title":"Americana deve ter um dia com tempo agrad\u00e1vel nesta ter\u00e7a | Guia Comercial de Americana SP","robots":{"index":"index","follow":"follow","max-snippet":"max-snippet:-1","max-image-preview":"max-image-preview:large","max-video-preview":"max-video-preview:-1"},"canonical":"https:\/\/www.encontraamericana.com.br\/guia\/americana-deve-ter-um-dia-com-tempo-agradavel-nesta-terca\/","og_locale":"pt_BR","og_type":"article","og_title":"Americana deve ter um dia com tempo agrad\u00e1vel nesta ter\u00e7a | Guia Comercial de Americana SP","og_description":"Temperaturas agrad\u00e1veis em Americana prometem um dia perfeito para atividades ao ar livre.","og_url":"https:\/\/www.encontraamericana.com.br\/guia\/americana-deve-ter-um-dia-com-tempo-agradavel-nesta-terca\/","og_site_name":"Guia Comercial de Americana SP","article_published_time":"2026-05-05T14:42:13+00:00","og_image":[{"url":"https:\/\/www.encontraamericana.com.br\/guia\/wp-content\/uploads\/2026\/05\/americana-deve-ter-um-dia-com-tempo-agradavel-nesta-terca.webp","type":"","width":"","height":""}],"author":"Encontra Americana","twitter_card":"summary_large_image","twitter_misc":{"Escrito por":"Encontra Americana","Est. tempo de leitura":"4 minutos"},"schema":{"@context":"https:\/\/schema.org","@graph":[{"@type":"Article","@id":"https:\/\/www.encontraamericana.com.br\/guia\/americana-deve-ter-um-dia-com-tempo-agradavel-nesta-terca\/#article","isPartOf":{"@id":"https:\/\/www.encontraamericana.com.br\/guia\/americana-deve-ter-um-dia-com-tempo-agradavel-nesta-terca\/"},"author":{"name":"Encontra Americana","@id":"https:\/\/www.encontraamericana.com.br\/guia\/#\/schema\/person\/515cbc6082144e7445cab98211d14f9b"},"headline":"Americana deve ter um dia com tempo agrad\u00e1vel nesta ter\u00e7a","datePublished":"2026-05-05T14:42:13+00:00","mainEntityOfPage":{"@id":"https:\/\/www.encontraamericana.com.br\/guia\/americana-deve-ter-um-dia-com-tempo-agradavel-nesta-terca\/"},"wordCount":745,"commentCount":0,"image":{"@id":"https:\/\/www.encontraamericana.com.br\/guia\/americana-deve-ter-um-dia-com-tempo-agradavel-nesta-terca\/#primaryimage"},"thumbnailUrl":"https:\/\/www.encontraamericana.com.br\/guia\/wp-content\/uploads\/2026\/05\/americana-deve-ter-um-dia-com-tempo-agradavel-nesta-terca.webp","articleSection":["Not\u00edcias Americana"],"inLanguage":"pt-BR","potentialAction":[{"@type":"CommentAction","name":"Comment","target":["https:\/\/www.encontraamericana.com.br\/guia\/americana-deve-ter-um-dia-com-tempo-agradavel-nesta-terca\/#respond"]}]},{"@type":"WebPage","@id":"https:\/\/www.encontraamericana.com.br\/guia\/americana-deve-ter-um-dia-com-tempo-agradavel-nesta-terca\/","url":"https:\/\/www.encontraamericana.com.br\/guia\/americana-deve-ter-um-dia-com-tempo-agradavel-nesta-terca\/","name":"Americana deve ter um dia com tempo agrad\u00e1vel nesta ter\u00e7a | Guia Comercial de Americana SP","isPartOf":{"@id":"https:\/\/www.encontraamericana.com.br\/guia\/#website"},"primaryImageOfPage":{"@id":"https:\/\/www.encontraamericana.com.br\/guia\/americana-deve-ter-um-dia-com-tempo-agradavel-nesta-terca\/#primaryimage"},"image":{"@id":"https:\/\/www.encontraamericana.com.br\/guia\/americana-deve-ter-um-dia-com-tempo-agradavel-nesta-terca\/#primaryimage"},"thumbnailUrl":"https:\/\/www.encontraamericana.com.br\/guia\/wp-content\/uploads\/2026\/05\/americana-deve-ter-um-dia-com-tempo-agradavel-nesta-terca.webp","datePublished":"2026-05-05T14:42:13+00:00","author":{"@id":"https:\/\/www.encontraamericana.com.br\/guia\/#\/schema\/person\/515cbc6082144e7445cab98211d14f9b"},"inLanguage":"pt-BR","potentialAction":[{"@type":"ReadAction","target":["https:\/\/www.encontraamericana.com.br\/guia\/americana-deve-ter-um-dia-com-tempo-agradavel-nesta-terca\/"]}]},{"@type":"ImageObject","inLanguage":"pt-BR","@id":"https:\/\/www.encontraamericana.com.br\/guia\/americana-deve-ter-um-dia-com-tempo-agradavel-nesta-terca\/#primaryimage","url":"https:\/\/www.encontraamericana.com.br\/guia\/wp-content\/uploads\/2026\/05\/americana-deve-ter-um-dia-com-tempo-agradavel-nesta-terca.webp","contentUrl":"https:\/\/www.encontraamericana.com.br\/guia\/wp-content\/uploads\/2026\/05\/americana-deve-ter-um-dia-com-tempo-agradavel-nesta-terca.webp","width":280,"height":280,"caption":"tempo agrad\u00e1vel em Americana"},{"@type":"WebSite","@id":"https:\/\/www.encontraamericana.com.br\/guia\/#website","url":"https:\/\/www.encontraamericana.com.br\/guia\/","name":"Guia Comercial de Americana SP","description":"ENCONTRA AMERICANA - O guia comercial de neg\u00f3cios e empresas, cultura e divers\u00e3o na cidade de Americana. Feito 100% para voc\u00ea morador!","potentialAction":[{"@type":"SearchAction","target":{"@type":"EntryPoint","urlTemplate":"https:\/\/www.encontraamericana.com.br\/guia\/?s={search_term_string}"},"query-input":{"@type":"PropertyValueSpecification","valueRequired":true,"valueName":"search_term_string"}}],"inLanguage":"pt-BR"},{"@type":"Person","@id":"https:\/\/www.encontraamericana.com.br\/guia\/#\/schema\/person\/515cbc6082144e7445cab98211d14f9b","name":"Encontra Americana","image":{"@type":"ImageObject","inLanguage":"pt-BR","@id":"https:\/\/secure.gravatar.com\/avatar\/c50c17820bcf322f0a8fd6b110b8c0918141409dc69076470f6fca5fee70a5d4?s=96&d=mm&r=g","url":"https:\/\/secure.gravatar.com\/avatar\/c50c17820bcf322f0a8fd6b110b8c0918141409dc69076470f6fca5fee70a5d4?s=96&d=mm&r=g","contentUrl":"https:\/\/secure.gravatar.com\/avatar\/c50c17820bcf322f0a8fd6b110b8c0918141409dc69076470f6fca5fee70a5d4?s=96&d=mm&r=g","caption":"Encontra Americana"},"url":"https:\/\/www.encontraamericana.com.br\/guia\/author\/encontraamericana\/"}]}},"_links":{"self":[{"href":"https:\/\/www.encontraamericana.com.br\/guia\/wp-json\/wp\/v2\/posts\/6456","targetHints":{"allow":["GET"]}}],"collection":[{"href":"https:\/\/www.encontraamericana.com.br\/guia\/wp-json\/wp\/v2\/posts"}],"about":[{"href":"https:\/\/www.encontraamericana.com.br\/guia\/wp-json\/wp\/v2\/types\/post"}],"author":[{"embeddable":true,"href":"https:\/\/www.encontraamericana.com.br\/guia\/wp-json\/wp\/v2\/users\/1"}],"replies":[{"embeddable":true,"href":"https:\/\/www.encontraamericana.com.br\/guia\/wp-json\/wp\/v2\/comments?post=6456"}],"version-history":[{"count":0,"href":"https:\/\/www.encontraamericana.com.br\/guia\/wp-json\/wp\/v2\/posts\/6456\/revisions"}],"wp:featuredmedia":[{"embeddable":true,"href":"https:\/\/www.encontraamericana.com.br\/guia\/wp-json\/wp\/v2\/media\/6455"}],"wp:attachment":[{"href":"https:\/\/www.encontraamericana.com.br\/guia\/wp-json\/wp\/v2\/media?parent=6456"}],"wp:term":[{"taxonomy":"category","embeddable":true,"href":"https:\/\/www.encontraamericana.com.br\/guia\/wp-json\/wp\/v2\/categories?post=6456"},{"taxonomy":"post_tag","embeddable":true,"href":"https:\/\/www.encontraamericana.com.br\/guia\/wp-json\/wp\/v2\/tags?post=6456"}],"curies":[{"name":"wp","href":"https:\/\/api.w.org\/{rel}","templated":true}]}}