{"id":6464,"date":"2026-05-06T11:36:41","date_gmt":"2026-05-06T14:36:41","guid":{"rendered":"https:\/\/www.encontraamericana.com.br\/guia\/problema-em-aviao-adia-viagem-do-sao-paulo-ao-chile-pela-sul\/"},"modified":"2026-05-06T11:36:41","modified_gmt":"2026-05-06T14:36:41","slug":"problema-em-aviao-adia-viagem-do-sao-paulo-ao-chile-pela-sul","status":"publish","type":"post","link":"https:\/\/www.encontraamericana.com.br\/guia\/problema-em-aviao-adia-viagem-do-sao-paulo-ao-chile-pela-sul\/","title":{"rendered":"Problema em avi\u00e3o adia viagem do S\u00e3o Paulo ao Chile pela Sul"},"content":{"rendered":"<h2>O que aconteceu com o voo do S\u00e3o Paulo?<\/h2>\n<p>Na noite de ter\u00e7a-feira, 5 de maio de 2026, o <strong>S\u00e3o Paulo FC<\/strong> se deparou com um imprevisto significativo quando o voo programado para o Chile foi cancelado devido a uma falha t\u00e9cnica em sua aeronave. O planejamento do clube sofreu um grande impacto, pois esta viagem se destinava ao confronto contra o <strong>O&#8217;Higgins<\/strong> na <strong>Copa Sul-Americana<\/strong>.<\/p>\n<h2>Impacto do voo cancelado na equipe<\/h2>\n<p>Essa situa\u00e7\u00e3o resultou na altera\u00e7\u00e3o do cronograma da equipe. A decis\u00e3o foi tomada por quest\u00f5es de seguran\u00e7a, evitando qualquer risco para os jogadores e a comiss\u00e3o t\u00e9cnica. O S\u00e3o Paulo, que j\u00e1 se preparava para a partida, viu-se obrigado a modificar sua log\u00edstica e estrat\u00e9gias a pouco tempo do jogo.<\/p>\n<h2>Prepara\u00e7\u00e3o reduzida para a Sul-Americana<\/h2>\n<p>A nova programa\u00e7\u00e3o estabeleceu um novo embarque para o dia seguinte, 6 de maio. Essa mudan\u00e7a encurtou o tempo que a equipe tinha para se adaptar ao clima e ao campo advers\u00e1rio, o que pode afetar o desempenho dos jogadores. O time enfrentar\u00e1 press\u00e3o adicional, dado que este \u00e9 um jogo crucial para a posi\u00e7\u00e3o na tabela da competi\u00e7\u00e3o.<\/p>\n<p><img decoding=\"async\" src=\"https:\/\/www.encontraamericana.com.br\/guia\/wp-content\/uploads\/2026\/05\/problema-em-aviao-adia-viagem-do-sao-paulo-ao-chile-pela-sul.webp\" alt=\"problema no avi\u00e3o\" loading=\"lazy\" \/><\/p>\n<h2>Reorganiza\u00e7\u00e3o da log\u00edstica da viagem<\/h2>\n<p>Com a viagem remarcada, o clube teve que repensar toda a log\u00edstica relacionada. Os jogadores far\u00e3o um treino no <strong>Centro de Treinamento da Barra Funda<\/strong> na manh\u00e3 de quarta-feira, antes de seguir viagem \u00e0 tarde em dire\u00e7\u00e3o a Rancagua. Essa programa\u00e7\u00e3o coloca os atletas em uma situa\u00e7\u00e3o mais tensa e desafiadora, tendo em vista a falta de tempo para se prepararem adequadamente.<\/p>\n<h2>Desfalques impactam o desempenho do time<\/h2>\n<p>Al\u00e9m das mudan\u00e7as de viagem, a equipe j\u00e1 enfrentava desfalques, como a aus\u00eancia do jogador <strong>Lucas Moura<\/strong>, que se recupera de uma cirurgia. Essa situa\u00e7\u00e3o deixa a equipe mais vulner\u00e1vel, pois a qualidade do elenco pode ser comprometida. A diretoria e comiss\u00e3o t\u00e9cnica precisar\u00e3o se adaptar a essa nova realidade e utilizar o que t\u00eam \u00e0 disposi\u00e7\u00e3o para minimizar os impactos.<\/p>\n<h2>Como o S\u00e3o Paulo lida com imprevistos?<\/h2>\n<p>A capacidade de adapta\u00e7\u00e3o do S\u00e3o Paulo \u00e9 frequentemente testada por imprevistos. A equipe possui um hist\u00f3rico de conseguir se recompor diante de situa\u00e7\u00f5es adversas, e esse \u00e9 um momento em que isso ser\u00e1 colocado \u00e0 prova novamente. A mentalidade e o esp\u00edrito de equipe se tornam cruciais para superar desafios dessa natureza.<\/p>\n<h2>Expectativas para o jogo contra o O&#8217;Higgins<\/h2>\n<p>Este confronto \u00e9 vital para o S\u00e3o Paulo, que atualmente lidera o <strong>Grupo C<\/strong> com sete pontos, enquanto o <strong>O&#8217;Higgins<\/strong> os segue de perto com seis. Uma vit\u00f3ria seria um passo importante em dire\u00e7\u00e3o \u00e0 classifica\u00e7\u00e3o direta para as oitavas de final, um objetivo que a equipe busca incessantemente. As expectativas s\u00e3o altas, e a press\u00e3o nas costas dos jogadores pode influenciar na performance coletiva durante o jogo.<\/p>\n<h2>Import\u00e2ncia da Sul-Americana para o clube<\/h2>\n<p>A <strong>Copa Sul-Americana<\/strong> representa uma oportunidade valiosa para o <strong>S\u00e3o Paulo<\/strong> conquistar um t\u00edtulo internacional. Este \u00e9 um torneio significativo n\u00e3o apenas em termos de prest\u00edgio, mas tamb\u00e9m para as receitas que ele pode gerar para o clube. Com as mudan\u00e7as que ocorreram e a necessidade de resultados, a competi\u00e7\u00e3o assume ainda mais import\u00e2ncia para a estrutura financeira e a moral da equipe.<\/p>\n<h2>Rea\u00e7\u00e3o da torcida \u00e0s mudan\u00e7as na viagem<\/h2>\n<p>A torcida do S\u00e3o Paulo esteve atenta \u00e0s mudan\u00e7as que ocorreram de \u00faltima hora. H\u00e1 um sentimento de solidariedade em rela\u00e7\u00e3o aos jogadores e \u00e0 comiss\u00e3o t\u00e9cnica, mas tamb\u00e9m h\u00e1 uma expectativa ansiosa por resultados. O apoio da torcida \u00e9 fundamental, e espera-se que a equipe sinta essa energia positiva mesmo diante das dificuldades provocadas pelas altera\u00e7\u00f5es na viagem.<\/p>\n<h2>Pr\u00f3ximos desafios ap\u00f3s a viagem ao Chile<\/h2>\n<p>Ap\u00f3s o jogo contra o <strong>O&#8217;Higgins<\/strong>, a equipe do S\u00e3o Paulo j\u00e1 tem um novo desafio pela frente: um cl\u00e1ssico marcado contra o <strong>Corinthians<\/strong> no Campeonato Brasileiro, programado para o dia 10 de maio. A log\u00edstica apertada e os desfalques podem impactar na recupera\u00e7\u00e3o e no desempenho no cl\u00e1ssico. Portanto, tanto a prepara\u00e7\u00e3o quanto o planejamento ser\u00e3o cruciais para que o S\u00e3o Paulo mantenha a qualidade desejada nas competi\u00e7\u00f5es.<\/p>\n<p>A combina\u00e7\u00e3o de desafios log\u00edsticos e a necessidade de adapta\u00e7\u00e3o a imprevistos torna o cen\u00e1rio atual do <strong>S\u00e3o Paulo FC<\/strong> bastante complexo. O foco agora est\u00e1 em superar as dificuldades e manter o esp\u00edrito de luta que caracteriza a equipe em momentos decisivos.<\/p>\n","protected":false},"excerpt":{"rendered":"<p>Problema no avi\u00e3o adia viagem do S\u00e3o Paulo e afeta jogo importante.<\/p>\n","protected":false},"author":1,"featured_media":6463,"comment_status":"open","ping_status":"open","sticky":false,"template":"","format":"standard","meta":{"footnotes":""},"categories":[5],"tags":[],"class_list":["post-6464","post","type-post","status-publish","format-standard","has-post-thumbnail","hentry","category-noticias","has_thumb"],"yoast_head":"<!-- This site is optimized with the Yoast SEO plugin v27.6 - https:\/\/yoast.com\/product\/yoast-seo-wordpress\/ -->\n<title>Problema em avi\u00e3o adia viagem do S\u00e3o Paulo ao Chile pela Sul | Guia Comercial de Americana SP<\/title>\n<meta name=\"robots\" content=\"index, follow, max-snippet:-1, max-image-preview:large, max-video-preview:-1\" \/>\n<link rel=\"canonical\" href=\"https:\/\/www.encontraamericana.com.br\/guia\/problema-em-aviao-adia-viagem-do-sao-paulo-ao-chile-pela-sul\/\" \/>\n<meta property=\"og:locale\" content=\"pt_BR\" \/>\n<meta property=\"og:type\" content=\"article\" \/>\n<meta property=\"og:title\" content=\"Problema em avi\u00e3o adia viagem do S\u00e3o Paulo ao Chile pela Sul | Guia Comercial de Americana SP\" \/>\n<meta property=\"og:description\" content=\"Problema no avi\u00e3o adia viagem do S\u00e3o Paulo e afeta jogo importante.\" \/>\n<meta property=\"og:url\" content=\"https:\/\/www.encontraamericana.com.br\/guia\/problema-em-aviao-adia-viagem-do-sao-paulo-ao-chile-pela-sul\/\" \/>\n<meta property=\"og:site_name\" content=\"Guia Comercial de Americana SP\" \/>\n<meta property=\"article:published_time\" content=\"2026-05-06T14:36:41+00:00\" \/>\n<meta property=\"og:image\" content=\"https:\/\/www.encontraamericana.com.br\/guia\/wp-content\/uploads\/2026\/05\/problema-em-aviao-adia-viagem-do-sao-paulo-ao-chile-pela-sul.webp\" \/>\n<meta name=\"author\" content=\"Encontra Americana\" \/>\n<meta name=\"twitter:card\" content=\"summary_large_image\" \/>\n<meta name=\"twitter:label1\" content=\"Escrito por\" \/>\n\t<meta name=\"twitter:data1\" content=\"Encontra Americana\" \/>\n\t<meta name=\"twitter:label2\" content=\"Est. tempo de leitura\" \/>\n\t<meta name=\"twitter:data2\" content=\"4 minutos\" \/>\n<script type=\"application\/ld+json\" class=\"yoast-schema-graph\">{\"@context\":\"https:\\\/\\\/schema.org\",\"@graph\":[{\"@type\":\"Article\",\"@id\":\"https:\\\/\\\/www.encontraamericana.com.br\\\/guia\\\/problema-em-aviao-adia-viagem-do-sao-paulo-ao-chile-pela-sul\\\/#article\",\"isPartOf\":{\"@id\":\"https:\\\/\\\/www.encontraamericana.com.br\\\/guia\\\/problema-em-aviao-adia-viagem-do-sao-paulo-ao-chile-pela-sul\\\/\"},\"author\":{\"name\":\"Encontra Americana\",\"@id\":\"https:\\\/\\\/www.encontraamericana.com.br\\\/guia\\\/#\\\/schema\\\/person\\\/515cbc6082144e7445cab98211d14f9b\"},\"headline\":\"Problema em avi\u00e3o adia viagem do S\u00e3o Paulo ao Chile pela Sul\",\"datePublished\":\"2026-05-06T14:36:41+00:00\",\"mainEntityOfPage\":{\"@id\":\"https:\\\/\\\/www.encontraamericana.com.br\\\/guia\\\/problema-em-aviao-adia-viagem-do-sao-paulo-ao-chile-pela-sul\\\/\"},\"wordCount\":798,\"commentCount\":0,\"image\":{\"@id\":\"https:\\\/\\\/www.encontraamericana.com.br\\\/guia\\\/problema-em-aviao-adia-viagem-do-sao-paulo-ao-chile-pela-sul\\\/#primaryimage\"},\"thumbnailUrl\":\"https:\\\/\\\/www.encontraamericana.com.br\\\/guia\\\/wp-content\\\/uploads\\\/2026\\\/05\\\/problema-em-aviao-adia-viagem-do-sao-paulo-ao-chile-pela-sul.webp\",\"articleSection\":[\"Not\u00edcias Americana\"],\"inLanguage\":\"pt-BR\",\"potentialAction\":[{\"@type\":\"CommentAction\",\"name\":\"Comment\",\"target\":[\"https:\\\/\\\/www.encontraamericana.com.br\\\/guia\\\/problema-em-aviao-adia-viagem-do-sao-paulo-ao-chile-pela-sul\\\/#respond\"]}]},{\"@type\":\"WebPage\",\"@id\":\"https:\\\/\\\/www.encontraamericana.com.br\\\/guia\\\/problema-em-aviao-adia-viagem-do-sao-paulo-ao-chile-pela-sul\\\/\",\"url\":\"https:\\\/\\\/www.encontraamericana.com.br\\\/guia\\\/problema-em-aviao-adia-viagem-do-sao-paulo-ao-chile-pela-sul\\\/\",\"name\":\"Problema em avi\u00e3o adia viagem do S\u00e3o Paulo ao Chile pela Sul | Guia Comercial de Americana SP\",\"isPartOf\":{\"@id\":\"https:\\\/\\\/www.encontraamericana.com.br\\\/guia\\\/#website\"},\"primaryImageOfPage\":{\"@id\":\"https:\\\/\\\/www.encontraamericana.com.br\\\/guia\\\/problema-em-aviao-adia-viagem-do-sao-paulo-ao-chile-pela-sul\\\/#primaryimage\"},\"image\":{\"@id\":\"https:\\\/\\\/www.encontraamericana.com.br\\\/guia\\\/problema-em-aviao-adia-viagem-do-sao-paulo-ao-chile-pela-sul\\\/#primaryimage\"},\"thumbnailUrl\":\"https:\\\/\\\/www.encontraamericana.com.br\\\/guia\\\/wp-content\\\/uploads\\\/2026\\\/05\\\/problema-em-aviao-adia-viagem-do-sao-paulo-ao-chile-pela-sul.webp\",\"datePublished\":\"2026-05-06T14:36:41+00:00\",\"author\":{\"@id\":\"https:\\\/\\\/www.encontraamericana.com.br\\\/guia\\\/#\\\/schema\\\/person\\\/515cbc6082144e7445cab98211d14f9b\"},\"inLanguage\":\"pt-BR\",\"potentialAction\":[{\"@type\":\"ReadAction\",\"target\":[\"https:\\\/\\\/www.encontraamericana.com.br\\\/guia\\\/problema-em-aviao-adia-viagem-do-sao-paulo-ao-chile-pela-sul\\\/\"]}]},{\"@type\":\"ImageObject\",\"inLanguage\":\"pt-BR\",\"@id\":\"https:\\\/\\\/www.encontraamericana.com.br\\\/guia\\\/problema-em-aviao-adia-viagem-do-sao-paulo-ao-chile-pela-sul\\\/#primaryimage\",\"url\":\"https:\\\/\\\/www.encontraamericana.com.br\\\/guia\\\/wp-content\\\/uploads\\\/2026\\\/05\\\/problema-em-aviao-adia-viagem-do-sao-paulo-ao-chile-pela-sul.webp\",\"contentUrl\":\"https:\\\/\\\/www.encontraamericana.com.br\\\/guia\\\/wp-content\\\/uploads\\\/2026\\\/05\\\/problema-em-aviao-adia-viagem-do-sao-paulo-ao-chile-pela-sul.webp\",\"width\":280,\"height\":280,\"caption\":\"problema no avi\u00e3o\"},{\"@type\":\"WebSite\",\"@id\":\"https:\\\/\\\/www.encontraamericana.com.br\\\/guia\\\/#website\",\"url\":\"https:\\\/\\\/www.encontraamericana.com.br\\\/guia\\\/\",\"name\":\"Guia Comercial de Americana SP\",\"description\":\"ENCONTRA AMERICANA - O guia comercial de neg\u00f3cios e empresas, cultura e divers\u00e3o na cidade de Americana. Feito 100% para voc\u00ea morador!\",\"potentialAction\":[{\"@type\":\"SearchAction\",\"target\":{\"@type\":\"EntryPoint\",\"urlTemplate\":\"https:\\\/\\\/www.encontraamericana.com.br\\\/guia\\\/?s={search_term_string}\"},\"query-input\":{\"@type\":\"PropertyValueSpecification\",\"valueRequired\":true,\"valueName\":\"search_term_string\"}}],\"inLanguage\":\"pt-BR\"},{\"@type\":\"Person\",\"@id\":\"https:\\\/\\\/www.encontraamericana.com.br\\\/guia\\\/#\\\/schema\\\/person\\\/515cbc6082144e7445cab98211d14f9b\",\"name\":\"Encontra Americana\",\"image\":{\"@type\":\"ImageObject\",\"inLanguage\":\"pt-BR\",\"@id\":\"https:\\\/\\\/secure.gravatar.com\\\/avatar\\\/c50c17820bcf322f0a8fd6b110b8c0918141409dc69076470f6fca5fee70a5d4?s=96&d=mm&r=g\",\"url\":\"https:\\\/\\\/secure.gravatar.com\\\/avatar\\\/c50c17820bcf322f0a8fd6b110b8c0918141409dc69076470f6fca5fee70a5d4?s=96&d=mm&r=g\",\"contentUrl\":\"https:\\\/\\\/secure.gravatar.com\\\/avatar\\\/c50c17820bcf322f0a8fd6b110b8c0918141409dc69076470f6fca5fee70a5d4?s=96&d=mm&r=g\",\"caption\":\"Encontra Americana\"},\"url\":\"https:\\\/\\\/www.encontraamericana.com.br\\\/guia\\\/author\\\/encontraamericana\\\/\"}]}<\/script>\n<!-- \/ Yoast SEO plugin. -->","yoast_head_json":{"title":"Problema em avi\u00e3o adia viagem do S\u00e3o Paulo ao Chile pela Sul | Guia Comercial de Americana SP","robots":{"index":"index","follow":"follow","max-snippet":"max-snippet:-1","max-image-preview":"max-image-preview:large","max-video-preview":"max-video-preview:-1"},"canonical":"https:\/\/www.encontraamericana.com.br\/guia\/problema-em-aviao-adia-viagem-do-sao-paulo-ao-chile-pela-sul\/","og_locale":"pt_BR","og_type":"article","og_title":"Problema em avi\u00e3o adia viagem do S\u00e3o Paulo ao Chile pela Sul | Guia Comercial de Americana SP","og_description":"Problema no avi\u00e3o adia viagem do S\u00e3o Paulo e afeta jogo importante.","og_url":"https:\/\/www.encontraamericana.com.br\/guia\/problema-em-aviao-adia-viagem-do-sao-paulo-ao-chile-pela-sul\/","og_site_name":"Guia Comercial de Americana SP","article_published_time":"2026-05-06T14:36:41+00:00","og_image":[{"url":"https:\/\/www.encontraamericana.com.br\/guia\/wp-content\/uploads\/2026\/05\/problema-em-aviao-adia-viagem-do-sao-paulo-ao-chile-pela-sul.webp","type":"","width":"","height":""}],"author":"Encontra Americana","twitter_card":"summary_large_image","twitter_misc":{"Escrito por":"Encontra Americana","Est. tempo de leitura":"4 minutos"},"schema":{"@context":"https:\/\/schema.org","@graph":[{"@type":"Article","@id":"https:\/\/www.encontraamericana.com.br\/guia\/problema-em-aviao-adia-viagem-do-sao-paulo-ao-chile-pela-sul\/#article","isPartOf":{"@id":"https:\/\/www.encontraamericana.com.br\/guia\/problema-em-aviao-adia-viagem-do-sao-paulo-ao-chile-pela-sul\/"},"author":{"name":"Encontra Americana","@id":"https:\/\/www.encontraamericana.com.br\/guia\/#\/schema\/person\/515cbc6082144e7445cab98211d14f9b"},"headline":"Problema em avi\u00e3o adia viagem do S\u00e3o Paulo ao Chile pela Sul","datePublished":"2026-05-06T14:36:41+00:00","mainEntityOfPage":{"@id":"https:\/\/www.encontraamericana.com.br\/guia\/problema-em-aviao-adia-viagem-do-sao-paulo-ao-chile-pela-sul\/"},"wordCount":798,"commentCount":0,"image":{"@id":"https:\/\/www.encontraamericana.com.br\/guia\/problema-em-aviao-adia-viagem-do-sao-paulo-ao-chile-pela-sul\/#primaryimage"},"thumbnailUrl":"https:\/\/www.encontraamericana.com.br\/guia\/wp-content\/uploads\/2026\/05\/problema-em-aviao-adia-viagem-do-sao-paulo-ao-chile-pela-sul.webp","articleSection":["Not\u00edcias Americana"],"inLanguage":"pt-BR","potentialAction":[{"@type":"CommentAction","name":"Comment","target":["https:\/\/www.encontraamericana.com.br\/guia\/problema-em-aviao-adia-viagem-do-sao-paulo-ao-chile-pela-sul\/#respond"]}]},{"@type":"WebPage","@id":"https:\/\/www.encontraamericana.com.br\/guia\/problema-em-aviao-adia-viagem-do-sao-paulo-ao-chile-pela-sul\/","url":"https:\/\/www.encontraamericana.com.br\/guia\/problema-em-aviao-adia-viagem-do-sao-paulo-ao-chile-pela-sul\/","name":"Problema em avi\u00e3o adia viagem do S\u00e3o Paulo ao Chile pela Sul | Guia Comercial de Americana SP","isPartOf":{"@id":"https:\/\/www.encontraamericana.com.br\/guia\/#website"},"primaryImageOfPage":{"@id":"https:\/\/www.encontraamericana.com.br\/guia\/problema-em-aviao-adia-viagem-do-sao-paulo-ao-chile-pela-sul\/#primaryimage"},"image":{"@id":"https:\/\/www.encontraamericana.com.br\/guia\/problema-em-aviao-adia-viagem-do-sao-paulo-ao-chile-pela-sul\/#primaryimage"},"thumbnailUrl":"https:\/\/www.encontraamericana.com.br\/guia\/wp-content\/uploads\/2026\/05\/problema-em-aviao-adia-viagem-do-sao-paulo-ao-chile-pela-sul.webp","datePublished":"2026-05-06T14:36:41+00:00","author":{"@id":"https:\/\/www.encontraamericana.com.br\/guia\/#\/schema\/person\/515cbc6082144e7445cab98211d14f9b"},"inLanguage":"pt-BR","potentialAction":[{"@type":"ReadAction","target":["https:\/\/www.encontraamericana.com.br\/guia\/problema-em-aviao-adia-viagem-do-sao-paulo-ao-chile-pela-sul\/"]}]},{"@type":"ImageObject","inLanguage":"pt-BR","@id":"https:\/\/www.encontraamericana.com.br\/guia\/problema-em-aviao-adia-viagem-do-sao-paulo-ao-chile-pela-sul\/#primaryimage","url":"https:\/\/www.encontraamericana.com.br\/guia\/wp-content\/uploads\/2026\/05\/problema-em-aviao-adia-viagem-do-sao-paulo-ao-chile-pela-sul.webp","contentUrl":"https:\/\/www.encontraamericana.com.br\/guia\/wp-content\/uploads\/2026\/05\/problema-em-aviao-adia-viagem-do-sao-paulo-ao-chile-pela-sul.webp","width":280,"height":280,"caption":"problema no avi\u00e3o"},{"@type":"WebSite","@id":"https:\/\/www.encontraamericana.com.br\/guia\/#website","url":"https:\/\/www.encontraamericana.com.br\/guia\/","name":"Guia Comercial de Americana SP","description":"ENCONTRA AMERICANA - O guia comercial de neg\u00f3cios e empresas, cultura e divers\u00e3o na cidade de Americana. Feito 100% para voc\u00ea morador!","potentialAction":[{"@type":"SearchAction","target":{"@type":"EntryPoint","urlTemplate":"https:\/\/www.encontraamericana.com.br\/guia\/?s={search_term_string}"},"query-input":{"@type":"PropertyValueSpecification","valueRequired":true,"valueName":"search_term_string"}}],"inLanguage":"pt-BR"},{"@type":"Person","@id":"https:\/\/www.encontraamericana.com.br\/guia\/#\/schema\/person\/515cbc6082144e7445cab98211d14f9b","name":"Encontra Americana","image":{"@type":"ImageObject","inLanguage":"pt-BR","@id":"https:\/\/secure.gravatar.com\/avatar\/c50c17820bcf322f0a8fd6b110b8c0918141409dc69076470f6fca5fee70a5d4?s=96&d=mm&r=g","url":"https:\/\/secure.gravatar.com\/avatar\/c50c17820bcf322f0a8fd6b110b8c0918141409dc69076470f6fca5fee70a5d4?s=96&d=mm&r=g","contentUrl":"https:\/\/secure.gravatar.com\/avatar\/c50c17820bcf322f0a8fd6b110b8c0918141409dc69076470f6fca5fee70a5d4?s=96&d=mm&r=g","caption":"Encontra Americana"},"url":"https:\/\/www.encontraamericana.com.br\/guia\/author\/encontraamericana\/"}]}},"_links":{"self":[{"href":"https:\/\/www.encontraamericana.com.br\/guia\/wp-json\/wp\/v2\/posts\/6464","targetHints":{"allow":["GET"]}}],"collection":[{"href":"https:\/\/www.encontraamericana.com.br\/guia\/wp-json\/wp\/v2\/posts"}],"about":[{"href":"https:\/\/www.encontraamericana.com.br\/guia\/wp-json\/wp\/v2\/types\/post"}],"author":[{"embeddable":true,"href":"https:\/\/www.encontraamericana.com.br\/guia\/wp-json\/wp\/v2\/users\/1"}],"replies":[{"embeddable":true,"href":"https:\/\/www.encontraamericana.com.br\/guia\/wp-json\/wp\/v2\/comments?post=6464"}],"version-history":[{"count":0,"href":"https:\/\/www.encontraamericana.com.br\/guia\/wp-json\/wp\/v2\/posts\/6464\/revisions"}],"wp:featuredmedia":[{"embeddable":true,"href":"https:\/\/www.encontraamericana.com.br\/guia\/wp-json\/wp\/v2\/media\/6463"}],"wp:attachment":[{"href":"https:\/\/www.encontraamericana.com.br\/guia\/wp-json\/wp\/v2\/media?parent=6464"}],"wp:term":[{"taxonomy":"category","embeddable":true,"href":"https:\/\/www.encontraamericana.com.br\/guia\/wp-json\/wp\/v2\/categories?post=6464"},{"taxonomy":"post_tag","embeddable":true,"href":"https:\/\/www.encontraamericana.com.br\/guia\/wp-json\/wp\/v2\/tags?post=6464"}],"curies":[{"name":"wp","href":"https:\/\/api.w.org\/{rel}","templated":true}]}}