{"id":6476,"date":"2026-05-09T12:05:22","date_gmt":"2026-05-09T15:05:22","guid":{"rendered":"https:\/\/www.encontraamericana.com.br\/guia\/meio-ambiente-aborda-biodiversidade-em-acao-educativa-com-alunos-da-casa-da-crianca-grauna\/"},"modified":"2026-05-09T12:05:22","modified_gmt":"2026-05-09T15:05:22","slug":"meio-ambiente-aborda-biodiversidade-em-acao-educativa-com-alunos-da-casa-da-crianca-grauna","status":"publish","type":"post","link":"https:\/\/www.encontraamericana.com.br\/guia\/meio-ambiente-aborda-biodiversidade-em-acao-educativa-com-alunos-da-casa-da-crianca-grauna\/","title":{"rendered":"Meio Ambiente aborda biodiversidade em a\u00e7\u00e3o educativa com alunos da Casa da Crian\u00e7a Gra\u00fana"},"content":{"rendered":"<h2>A\u00e7\u00f5es educativas sobre biodiversidade<\/h2>\n<p>A Secretaria de Meio Ambiente de Americana recentemente organizou uma atividade educativa centrada na biodiversidade. O evento, que ocorreu no dia 7 de maio, reuniu um total de 56 alunos da Casa da Crian\u00e7a Gra\u00fana, promovendo um ambiente onde as crian\u00e7as puderam aprender e interagir com a natureza de maneira pr\u00e1tica. O foco principal desta a\u00e7\u00e3o educativa foi conscientiz\u00e1-los sobre a import\u00e2ncia da flora e fauna, bem como as diversas formas de preservar o meio ambiente.<\/p>\n<h2>O papel das escolas na preserva\u00e7\u00e3o ambiental<\/h2>\n<p>A colabora\u00e7\u00e3o entre as escolas e iniciativas da Secretaria de Meio Ambiente \u00e9 vital para fomentar a consci\u00eancia ambiental nas novas gera\u00e7\u00f5es. Atrav\u00e9s de programas educativos, os alunos s\u00e3o capacitados a entenderem a relev\u00e2ncia da biodiversidade e a adotarem pr\u00e1ticas sustent\u00e1veis em suas vidas cotidianas. Esse tipo de ensino \u00e9 um passo importante para engajar as crian\u00e7as na preserva\u00e7\u00e3o do planeta, uma vez que elas aprendem sobre a interconex\u00e3o de todos os seres vivos.<\/p>\n<h2>Experi\u00eancia da Casa da Crian\u00e7a Gra\u00fana<\/h2>\n<p>A Casa da Crian\u00e7a Gra\u00fana tem se destacado por suas atividades que incentivam o aprendizado sobre o meio ambiente. Ao participar de eventos como o promovido pela Secretaria de Meio Ambiente, os alunos t\u00eam a oportunidade de se conectar com a natureza e adquirir conhecimentos que transcendem os limites da sala de aula. Essa viv\u00eancia pr\u00e1tica \u00e9 essencial para refor\u00e7ar o que foi aprendido de forma te\u00f3rica, al\u00e9m de estimular o interesse e o respeito pela biodiversidade.<\/p>\n<p><img decoding=\"async\" src=\"https:\/\/www.encontraamericana.com.br\/guia\/wp-content\/uploads\/2026\/05\/meio-ambiente-aborda-biodiversidade-em-acao-educativa-com-alunos-da-casa-da-crianca-grauna.webp\" alt=\"biodiversidade\" loading=\"lazy\" \/><\/p>\n<h2>Temas abordados durante a atividade<\/h2>\n<p>Durante a a\u00e7\u00e3o educativa, foram discutidos diversos temas relevantes para a preserva\u00e7\u00e3o do meio ambiente. As crian\u00e7as aprenderam sobre:<\/p>\n<ul>\n<li><strong>Compostagem:<\/strong> O processo de transformar res\u00edduos org\u00e2nicos em adubo, que \u00e9 fundamental para a redu\u00e7\u00e3o do lixo e enriquecimento do solo.<\/li>\n<li><strong>Plantas:<\/strong> A import\u00e2ncia das plantas para a vida na Terra, incluindo seu papel na produ\u00e7\u00e3o de oxig\u00eanio e na alimenta\u00e7\u00e3o de diversas esp\u00e9cies.<\/li>\n<li><strong>Bem-estar animal:<\/strong> Como tratar os animais com respeito e a import\u00e2ncia de preserv\u00e1-los em seus habitats naturais.<\/li>\n<li><strong>Relev\u00e2ncia das abelhas e minhocas:<\/strong> Discutiu-se como esses seres s\u00e3o essenciais para o ecossistema, particularmente no que tange \u00e0 poliniza\u00e7\u00e3o e \u00e0 fertilidade do solo.<\/li>\n<\/ul>\n<h2>Compostagem e seu impacto no meio ambiente<\/h2>\n<p>A compostagem foi um dos t\u00f3picos mais abordados, mostrando aos alunos como os res\u00edduos podem ser transformados em compostos valiosos para o solo. Ao aprender sobre esse processo, as crian\u00e7as descobriram que a compostagem n\u00e3o apenas diminui a quantidade de lixo que vai para os aterros, mas tamb\u00e9m enriquece a terra, o que pode ser ben\u00e9fico para o cultivo de plantas. Esse ciclo de reciclagem org\u00e2nica \u00e9 uma pr\u00e1tica que pode ser aplicada em casa, incentivando h\u00e1bitos sustent\u00e1veis desde cedo.<\/p>\n<h2>Import\u00e2ncia das abelhas e minhocas<\/h2>\n<p>Outro ponto crucial discutido foi a import\u00e2ncia das abelhas e minhocas. As abelhas, sendo polinizadoras, desempenham um papel essencial na reprodu\u00e7\u00e3o de muitas plantas e na produ\u00e7\u00e3o de alimentos. Por outro lado, as minhocas s\u00e3o fundamentais para a sa\u00fade do solo, pois melhoram sua estrutura e promovem a aera\u00e7\u00e3o. Ao ensinar os alunos sobre esses seres, refor\u00e7a-se a ideia de que at\u00e9 os menores organismos t\u00eam um grande impacto sobre o meio ambiente e a necessidade de proteg\u00ea-los.<\/p>\n<h2>Viv\u00eancias pr\u00e1ticas para crian\u00e7as<\/h2>\n<p>As viv\u00eancias pr\u00e1ticas realizadas durante o evento possibilitaram que as crian\u00e7as experimentassem diretamente o que aprenderam. Elas participaram de atividades que inclu\u00edram desde o plantio de sementes at\u00e9 a manipula\u00e7\u00e3o de res\u00edduos para a compostagem. Esse aprendizado ativo \u00e9 crucial, pois n\u00e3o apenas solidifica os ensinamentos te\u00f3ricos, mas tamb\u00e9m cria mem\u00f3rias que poder\u00e3o influenciar o comportamento ecol\u00f3gico ao longo de suas vidas.<\/p>\n<h2>Parceria entre escola e comunidade<\/h2>\n<p>A import\u00e2ncia da parceria entre a escola e a comunidade foi ressaltada durante a atividade. A colabora\u00e7\u00e3o entre diferentes institui\u00e7\u00f5es permite a realiza\u00e7\u00e3o de eventos que propiciam o aprendizado e a troca de experi\u00eancias sobre o meio ambiente. Al\u00e9m disso, essas parcerias v\u00eam de encontro \u00e0s necessidades educativas, facilitando recursos e suportes que potencializam as iniciativas voltadas \u00e0 educa\u00e7\u00e3o ambiental.<\/p>\n<h2>Agendamento de visitas na Casa da Agricultura<\/h2>\n<p>A Casa da Agricultura, onde ocorreu a atividade, est\u00e1 aberta para visitas guiadas por grupos interessados em aprender mais sobre pr\u00e1ticas sustent\u00e1veis. As visitas podem ser agendadas atrav\u00e9s do telefone (19) 3405-1733 ou pelo e-mail <a href=\"mailto:educambiental@americana.sp.gov.br\">educambiental@americana.sp.gov.br<\/a>. Essas visitas s\u00e3o uma excelente oportunidade para escolas e grupos da comunidade se aprofundarem no conhecimento sobre o meio ambiente e as a\u00e7\u00f5es de preserva\u00e7\u00e3o que podem ser adotadas.<\/p>\n","protected":false},"excerpt":{"rendered":"<p>Biodiversidade \u00e9 tema central em a\u00e7\u00e3o educativa com alunos da Casa da Crian\u00e7a Gra\u00fana.<\/p>\n","protected":false},"author":1,"featured_media":6475,"comment_status":"open","ping_status":"open","sticky":false,"template":"","format":"standard","meta":{"footnotes":""},"categories":[5],"tags":[],"class_list":["post-6476","post","type-post","status-publish","format-standard","has-post-thumbnail","hentry","category-noticias","has_thumb"],"yoast_head":"<!-- This site is optimized with the Yoast SEO plugin v27.6 - https:\/\/yoast.com\/product\/yoast-seo-wordpress\/ -->\n<title>Meio Ambiente aborda biodiversidade em a\u00e7\u00e3o educativa com alunos da Casa da Crian\u00e7a Gra\u00fana | Guia Comercial de Americana SP<\/title>\n<meta name=\"robots\" content=\"index, follow, max-snippet:-1, max-image-preview:large, max-video-preview:-1\" \/>\n<link rel=\"canonical\" href=\"https:\/\/www.encontraamericana.com.br\/guia\/meio-ambiente-aborda-biodiversidade-em-acao-educativa-com-alunos-da-casa-da-crianca-grauna\/\" \/>\n<meta property=\"og:locale\" content=\"pt_BR\" \/>\n<meta property=\"og:type\" content=\"article\" \/>\n<meta property=\"og:title\" content=\"Meio Ambiente aborda biodiversidade em a\u00e7\u00e3o educativa com alunos da Casa da Crian\u00e7a Gra\u00fana | Guia Comercial de Americana SP\" \/>\n<meta property=\"og:description\" content=\"Biodiversidade \u00e9 tema central em a\u00e7\u00e3o educativa com alunos da Casa da Crian\u00e7a Gra\u00fana.\" \/>\n<meta property=\"og:url\" content=\"https:\/\/www.encontraamericana.com.br\/guia\/meio-ambiente-aborda-biodiversidade-em-acao-educativa-com-alunos-da-casa-da-crianca-grauna\/\" \/>\n<meta property=\"og:site_name\" content=\"Guia Comercial de Americana SP\" \/>\n<meta property=\"article:published_time\" content=\"2026-05-09T15:05:22+00:00\" \/>\n<meta property=\"og:image\" content=\"https:\/\/www.encontraamericana.com.br\/guia\/wp-content\/uploads\/2026\/05\/meio-ambiente-aborda-biodiversidade-em-acao-educativa-com-alunos-da-casa-da-crianca-grauna.webp\" \/>\n<meta name=\"author\" content=\"Encontra Americana\" \/>\n<meta name=\"twitter:card\" content=\"summary_large_image\" \/>\n<meta name=\"twitter:label1\" content=\"Escrito por\" \/>\n\t<meta name=\"twitter:data1\" content=\"Encontra Americana\" \/>\n\t<meta name=\"twitter:label2\" content=\"Est. tempo de leitura\" \/>\n\t<meta name=\"twitter:data2\" content=\"4 minutos\" \/>\n<script type=\"application\/ld+json\" class=\"yoast-schema-graph\">{\"@context\":\"https:\\\/\\\/schema.org\",\"@graph\":[{\"@type\":\"Article\",\"@id\":\"https:\\\/\\\/www.encontraamericana.com.br\\\/guia\\\/meio-ambiente-aborda-biodiversidade-em-acao-educativa-com-alunos-da-casa-da-crianca-grauna\\\/#article\",\"isPartOf\":{\"@id\":\"https:\\\/\\\/www.encontraamericana.com.br\\\/guia\\\/meio-ambiente-aborda-biodiversidade-em-acao-educativa-com-alunos-da-casa-da-crianca-grauna\\\/\"},\"author\":{\"name\":\"Encontra Americana\",\"@id\":\"https:\\\/\\\/www.encontraamericana.com.br\\\/guia\\\/#\\\/schema\\\/person\\\/515cbc6082144e7445cab98211d14f9b\"},\"headline\":\"Meio Ambiente aborda biodiversidade em a\u00e7\u00e3o educativa com alunos da Casa da Crian\u00e7a Gra\u00fana\",\"datePublished\":\"2026-05-09T15:05:22+00:00\",\"mainEntityOfPage\":{\"@id\":\"https:\\\/\\\/www.encontraamericana.com.br\\\/guia\\\/meio-ambiente-aborda-biodiversidade-em-acao-educativa-com-alunos-da-casa-da-crianca-grauna\\\/\"},\"wordCount\":832,\"commentCount\":0,\"image\":{\"@id\":\"https:\\\/\\\/www.encontraamericana.com.br\\\/guia\\\/meio-ambiente-aborda-biodiversidade-em-acao-educativa-com-alunos-da-casa-da-crianca-grauna\\\/#primaryimage\"},\"thumbnailUrl\":\"https:\\\/\\\/www.encontraamericana.com.br\\\/guia\\\/wp-content\\\/uploads\\\/2026\\\/05\\\/meio-ambiente-aborda-biodiversidade-em-acao-educativa-com-alunos-da-casa-da-crianca-grauna.webp\",\"articleSection\":[\"Not\u00edcias Americana\"],\"inLanguage\":\"pt-BR\",\"potentialAction\":[{\"@type\":\"CommentAction\",\"name\":\"Comment\",\"target\":[\"https:\\\/\\\/www.encontraamericana.com.br\\\/guia\\\/meio-ambiente-aborda-biodiversidade-em-acao-educativa-com-alunos-da-casa-da-crianca-grauna\\\/#respond\"]}]},{\"@type\":\"WebPage\",\"@id\":\"https:\\\/\\\/www.encontraamericana.com.br\\\/guia\\\/meio-ambiente-aborda-biodiversidade-em-acao-educativa-com-alunos-da-casa-da-crianca-grauna\\\/\",\"url\":\"https:\\\/\\\/www.encontraamericana.com.br\\\/guia\\\/meio-ambiente-aborda-biodiversidade-em-acao-educativa-com-alunos-da-casa-da-crianca-grauna\\\/\",\"name\":\"Meio Ambiente aborda biodiversidade em a\u00e7\u00e3o educativa com alunos da Casa da Crian\u00e7a Gra\u00fana | Guia Comercial de Americana SP\",\"isPartOf\":{\"@id\":\"https:\\\/\\\/www.encontraamericana.com.br\\\/guia\\\/#website\"},\"primaryImageOfPage\":{\"@id\":\"https:\\\/\\\/www.encontraamericana.com.br\\\/guia\\\/meio-ambiente-aborda-biodiversidade-em-acao-educativa-com-alunos-da-casa-da-crianca-grauna\\\/#primaryimage\"},\"image\":{\"@id\":\"https:\\\/\\\/www.encontraamericana.com.br\\\/guia\\\/meio-ambiente-aborda-biodiversidade-em-acao-educativa-com-alunos-da-casa-da-crianca-grauna\\\/#primaryimage\"},\"thumbnailUrl\":\"https:\\\/\\\/www.encontraamericana.com.br\\\/guia\\\/wp-content\\\/uploads\\\/2026\\\/05\\\/meio-ambiente-aborda-biodiversidade-em-acao-educativa-com-alunos-da-casa-da-crianca-grauna.webp\",\"datePublished\":\"2026-05-09T15:05:22+00:00\",\"author\":{\"@id\":\"https:\\\/\\\/www.encontraamericana.com.br\\\/guia\\\/#\\\/schema\\\/person\\\/515cbc6082144e7445cab98211d14f9b\"},\"inLanguage\":\"pt-BR\",\"potentialAction\":[{\"@type\":\"ReadAction\",\"target\":[\"https:\\\/\\\/www.encontraamericana.com.br\\\/guia\\\/meio-ambiente-aborda-biodiversidade-em-acao-educativa-com-alunos-da-casa-da-crianca-grauna\\\/\"]}]},{\"@type\":\"ImageObject\",\"inLanguage\":\"pt-BR\",\"@id\":\"https:\\\/\\\/www.encontraamericana.com.br\\\/guia\\\/meio-ambiente-aborda-biodiversidade-em-acao-educativa-com-alunos-da-casa-da-crianca-grauna\\\/#primaryimage\",\"url\":\"https:\\\/\\\/www.encontraamericana.com.br\\\/guia\\\/wp-content\\\/uploads\\\/2026\\\/05\\\/meio-ambiente-aborda-biodiversidade-em-acao-educativa-com-alunos-da-casa-da-crianca-grauna.webp\",\"contentUrl\":\"https:\\\/\\\/www.encontraamericana.com.br\\\/guia\\\/wp-content\\\/uploads\\\/2026\\\/05\\\/meio-ambiente-aborda-biodiversidade-em-acao-educativa-com-alunos-da-casa-da-crianca-grauna.webp\",\"width\":280,\"height\":280,\"caption\":\"biodiversidade\"},{\"@type\":\"WebSite\",\"@id\":\"https:\\\/\\\/www.encontraamericana.com.br\\\/guia\\\/#website\",\"url\":\"https:\\\/\\\/www.encontraamericana.com.br\\\/guia\\\/\",\"name\":\"Guia Comercial de Americana SP\",\"description\":\"ENCONTRA AMERICANA - O guia comercial de neg\u00f3cios e empresas, cultura e divers\u00e3o na cidade de Americana. Feito 100% para voc\u00ea morador!\",\"potentialAction\":[{\"@type\":\"SearchAction\",\"target\":{\"@type\":\"EntryPoint\",\"urlTemplate\":\"https:\\\/\\\/www.encontraamericana.com.br\\\/guia\\\/?s={search_term_string}\"},\"query-input\":{\"@type\":\"PropertyValueSpecification\",\"valueRequired\":true,\"valueName\":\"search_term_string\"}}],\"inLanguage\":\"pt-BR\"},{\"@type\":\"Person\",\"@id\":\"https:\\\/\\\/www.encontraamericana.com.br\\\/guia\\\/#\\\/schema\\\/person\\\/515cbc6082144e7445cab98211d14f9b\",\"name\":\"Encontra Americana\",\"image\":{\"@type\":\"ImageObject\",\"inLanguage\":\"pt-BR\",\"@id\":\"https:\\\/\\\/secure.gravatar.com\\\/avatar\\\/c50c17820bcf322f0a8fd6b110b8c0918141409dc69076470f6fca5fee70a5d4?s=96&d=mm&r=g\",\"url\":\"https:\\\/\\\/secure.gravatar.com\\\/avatar\\\/c50c17820bcf322f0a8fd6b110b8c0918141409dc69076470f6fca5fee70a5d4?s=96&d=mm&r=g\",\"contentUrl\":\"https:\\\/\\\/secure.gravatar.com\\\/avatar\\\/c50c17820bcf322f0a8fd6b110b8c0918141409dc69076470f6fca5fee70a5d4?s=96&d=mm&r=g\",\"caption\":\"Encontra Americana\"},\"url\":\"https:\\\/\\\/www.encontraamericana.com.br\\\/guia\\\/author\\\/encontraamericana\\\/\"}]}<\/script>\n<!-- \/ Yoast SEO plugin. -->","yoast_head_json":{"title":"Meio Ambiente aborda biodiversidade em a\u00e7\u00e3o educativa com alunos da Casa da Crian\u00e7a Gra\u00fana | Guia Comercial de Americana SP","robots":{"index":"index","follow":"follow","max-snippet":"max-snippet:-1","max-image-preview":"max-image-preview:large","max-video-preview":"max-video-preview:-1"},"canonical":"https:\/\/www.encontraamericana.com.br\/guia\/meio-ambiente-aborda-biodiversidade-em-acao-educativa-com-alunos-da-casa-da-crianca-grauna\/","og_locale":"pt_BR","og_type":"article","og_title":"Meio Ambiente aborda biodiversidade em a\u00e7\u00e3o educativa com alunos da Casa da Crian\u00e7a Gra\u00fana | Guia Comercial de Americana SP","og_description":"Biodiversidade \u00e9 tema central em a\u00e7\u00e3o educativa com alunos da Casa da Crian\u00e7a Gra\u00fana.","og_url":"https:\/\/www.encontraamericana.com.br\/guia\/meio-ambiente-aborda-biodiversidade-em-acao-educativa-com-alunos-da-casa-da-crianca-grauna\/","og_site_name":"Guia Comercial de Americana SP","article_published_time":"2026-05-09T15:05:22+00:00","og_image":[{"url":"https:\/\/www.encontraamericana.com.br\/guia\/wp-content\/uploads\/2026\/05\/meio-ambiente-aborda-biodiversidade-em-acao-educativa-com-alunos-da-casa-da-crianca-grauna.webp","type":"","width":"","height":""}],"author":"Encontra Americana","twitter_card":"summary_large_image","twitter_misc":{"Escrito por":"Encontra Americana","Est. tempo de leitura":"4 minutos"},"schema":{"@context":"https:\/\/schema.org","@graph":[{"@type":"Article","@id":"https:\/\/www.encontraamericana.com.br\/guia\/meio-ambiente-aborda-biodiversidade-em-acao-educativa-com-alunos-da-casa-da-crianca-grauna\/#article","isPartOf":{"@id":"https:\/\/www.encontraamericana.com.br\/guia\/meio-ambiente-aborda-biodiversidade-em-acao-educativa-com-alunos-da-casa-da-crianca-grauna\/"},"author":{"name":"Encontra Americana","@id":"https:\/\/www.encontraamericana.com.br\/guia\/#\/schema\/person\/515cbc6082144e7445cab98211d14f9b"},"headline":"Meio Ambiente aborda biodiversidade em a\u00e7\u00e3o educativa com alunos da Casa da Crian\u00e7a Gra\u00fana","datePublished":"2026-05-09T15:05:22+00:00","mainEntityOfPage":{"@id":"https:\/\/www.encontraamericana.com.br\/guia\/meio-ambiente-aborda-biodiversidade-em-acao-educativa-com-alunos-da-casa-da-crianca-grauna\/"},"wordCount":832,"commentCount":0,"image":{"@id":"https:\/\/www.encontraamericana.com.br\/guia\/meio-ambiente-aborda-biodiversidade-em-acao-educativa-com-alunos-da-casa-da-crianca-grauna\/#primaryimage"},"thumbnailUrl":"https:\/\/www.encontraamericana.com.br\/guia\/wp-content\/uploads\/2026\/05\/meio-ambiente-aborda-biodiversidade-em-acao-educativa-com-alunos-da-casa-da-crianca-grauna.webp","articleSection":["Not\u00edcias Americana"],"inLanguage":"pt-BR","potentialAction":[{"@type":"CommentAction","name":"Comment","target":["https:\/\/www.encontraamericana.com.br\/guia\/meio-ambiente-aborda-biodiversidade-em-acao-educativa-com-alunos-da-casa-da-crianca-grauna\/#respond"]}]},{"@type":"WebPage","@id":"https:\/\/www.encontraamericana.com.br\/guia\/meio-ambiente-aborda-biodiversidade-em-acao-educativa-com-alunos-da-casa-da-crianca-grauna\/","url":"https:\/\/www.encontraamericana.com.br\/guia\/meio-ambiente-aborda-biodiversidade-em-acao-educativa-com-alunos-da-casa-da-crianca-grauna\/","name":"Meio Ambiente aborda biodiversidade em a\u00e7\u00e3o educativa com alunos da Casa da Crian\u00e7a Gra\u00fana | Guia Comercial de Americana SP","isPartOf":{"@id":"https:\/\/www.encontraamericana.com.br\/guia\/#website"},"primaryImageOfPage":{"@id":"https:\/\/www.encontraamericana.com.br\/guia\/meio-ambiente-aborda-biodiversidade-em-acao-educativa-com-alunos-da-casa-da-crianca-grauna\/#primaryimage"},"image":{"@id":"https:\/\/www.encontraamericana.com.br\/guia\/meio-ambiente-aborda-biodiversidade-em-acao-educativa-com-alunos-da-casa-da-crianca-grauna\/#primaryimage"},"thumbnailUrl":"https:\/\/www.encontraamericana.com.br\/guia\/wp-content\/uploads\/2026\/05\/meio-ambiente-aborda-biodiversidade-em-acao-educativa-com-alunos-da-casa-da-crianca-grauna.webp","datePublished":"2026-05-09T15:05:22+00:00","author":{"@id":"https:\/\/www.encontraamericana.com.br\/guia\/#\/schema\/person\/515cbc6082144e7445cab98211d14f9b"},"inLanguage":"pt-BR","potentialAction":[{"@type":"ReadAction","target":["https:\/\/www.encontraamericana.com.br\/guia\/meio-ambiente-aborda-biodiversidade-em-acao-educativa-com-alunos-da-casa-da-crianca-grauna\/"]}]},{"@type":"ImageObject","inLanguage":"pt-BR","@id":"https:\/\/www.encontraamericana.com.br\/guia\/meio-ambiente-aborda-biodiversidade-em-acao-educativa-com-alunos-da-casa-da-crianca-grauna\/#primaryimage","url":"https:\/\/www.encontraamericana.com.br\/guia\/wp-content\/uploads\/2026\/05\/meio-ambiente-aborda-biodiversidade-em-acao-educativa-com-alunos-da-casa-da-crianca-grauna.webp","contentUrl":"https:\/\/www.encontraamericana.com.br\/guia\/wp-content\/uploads\/2026\/05\/meio-ambiente-aborda-biodiversidade-em-acao-educativa-com-alunos-da-casa-da-crianca-grauna.webp","width":280,"height":280,"caption":"biodiversidade"},{"@type":"WebSite","@id":"https:\/\/www.encontraamericana.com.br\/guia\/#website","url":"https:\/\/www.encontraamericana.com.br\/guia\/","name":"Guia Comercial de Americana SP","description":"ENCONTRA AMERICANA - O guia comercial de neg\u00f3cios e empresas, cultura e divers\u00e3o na cidade de Americana. Feito 100% para voc\u00ea morador!","potentialAction":[{"@type":"SearchAction","target":{"@type":"EntryPoint","urlTemplate":"https:\/\/www.encontraamericana.com.br\/guia\/?s={search_term_string}"},"query-input":{"@type":"PropertyValueSpecification","valueRequired":true,"valueName":"search_term_string"}}],"inLanguage":"pt-BR"},{"@type":"Person","@id":"https:\/\/www.encontraamericana.com.br\/guia\/#\/schema\/person\/515cbc6082144e7445cab98211d14f9b","name":"Encontra Americana","image":{"@type":"ImageObject","inLanguage":"pt-BR","@id":"https:\/\/secure.gravatar.com\/avatar\/c50c17820bcf322f0a8fd6b110b8c0918141409dc69076470f6fca5fee70a5d4?s=96&d=mm&r=g","url":"https:\/\/secure.gravatar.com\/avatar\/c50c17820bcf322f0a8fd6b110b8c0918141409dc69076470f6fca5fee70a5d4?s=96&d=mm&r=g","contentUrl":"https:\/\/secure.gravatar.com\/avatar\/c50c17820bcf322f0a8fd6b110b8c0918141409dc69076470f6fca5fee70a5d4?s=96&d=mm&r=g","caption":"Encontra Americana"},"url":"https:\/\/www.encontraamericana.com.br\/guia\/author\/encontraamericana\/"}]}},"_links":{"self":[{"href":"https:\/\/www.encontraamericana.com.br\/guia\/wp-json\/wp\/v2\/posts\/6476","targetHints":{"allow":["GET"]}}],"collection":[{"href":"https:\/\/www.encontraamericana.com.br\/guia\/wp-json\/wp\/v2\/posts"}],"about":[{"href":"https:\/\/www.encontraamericana.com.br\/guia\/wp-json\/wp\/v2\/types\/post"}],"author":[{"embeddable":true,"href":"https:\/\/www.encontraamericana.com.br\/guia\/wp-json\/wp\/v2\/users\/1"}],"replies":[{"embeddable":true,"href":"https:\/\/www.encontraamericana.com.br\/guia\/wp-json\/wp\/v2\/comments?post=6476"}],"version-history":[{"count":0,"href":"https:\/\/www.encontraamericana.com.br\/guia\/wp-json\/wp\/v2\/posts\/6476\/revisions"}],"wp:featuredmedia":[{"embeddable":true,"href":"https:\/\/www.encontraamericana.com.br\/guia\/wp-json\/wp\/v2\/media\/6475"}],"wp:attachment":[{"href":"https:\/\/www.encontraamericana.com.br\/guia\/wp-json\/wp\/v2\/media?parent=6476"}],"wp:term":[{"taxonomy":"category","embeddable":true,"href":"https:\/\/www.encontraamericana.com.br\/guia\/wp-json\/wp\/v2\/categories?post=6476"},{"taxonomy":"post_tag","embeddable":true,"href":"https:\/\/www.encontraamericana.com.br\/guia\/wp-json\/wp\/v2\/tags?post=6476"}],"curies":[{"name":"wp","href":"https:\/\/api.w.org\/{rel}","templated":true}]}}