{"id":6561,"date":"2026-06-02T11:33:05","date_gmt":"2026-06-02T14:33:05","guid":{"rendered":"https:\/\/www.encontraamericana.com.br\/guia\/xuxa-fez-estreia-em-rodeios-na-festa-do-peao-de-americana-em-1995\/"},"modified":"2026-06-02T11:33:05","modified_gmt":"2026-06-02T14:33:05","slug":"xuxa-fez-estreia-em-rodeios-na-festa-do-peao-de-americana-em-1995","status":"publish","type":"post","link":"https:\/\/www.encontraamericana.com.br\/guia\/xuxa-fez-estreia-em-rodeios-na-festa-do-peao-de-americana-em-1995\/","title":{"rendered":"Xuxa fez estreia em rodeios na Festa do Pe\u00e3o de Americana em 1995"},"content":{"rendered":"<h2>A Chegada de Xuxa na Festa do Pe\u00e3o<\/h2>\n<p>No dia 15 de junho de 1995, Xuxa Meneghel fez sua t\u00e3o aguardada estreia em um rodeio, especificamente na 9\u00aa edi\u00e7\u00e3o da Festa do Pe\u00e3o de Americana. Essa apresenta\u00e7\u00e3o n\u00e3o foi apenas memor\u00e1vel, mas tamb\u00e9m hist\u00f3rica, pois reuniu mais de 40 mil f\u00e3s, sedentos para v\u00ea-la ao vivo. A performance fez parte da segunda fase da turn\u00ea &#8220;Sexto Sentido&#8221;, que era uma das mais bem-sucedidas de sua carreira.<\/p>\n<h2>Expectativa do P\u00fablico para o Show<\/h2>\n<p>A expectativa para essa apresenta\u00e7\u00e3o era enorme. Xuxa sempre teve uma conex\u00e3o especial com seu p\u00fablico, e sua chegada \u00e0 Festa do Pe\u00e3o foi marcada por uma agita\u00e7\u00e3o sem igual. F\u00e3s de todas as idades aguardavam ansiosamente para v\u00ea-la, e a atmosfera estava carregada de emo\u00e7\u00e3o e entusiasmo. As filas se formaram em frente ao hotel onde a artista estava hospedada, com muitos demonstrando seu carinho por meio de gritos e aclama\u00e7\u00f5es.<\/p>\n<h2>A Turn\u00ea &#8216;Sexto Sentido&#8217;: Um Marco na Carreira de Xuxa<\/h2>\n<p>A turn\u00ea &#8220;Sexto Sentido&#8221; representou um marco significativo na carreira de Xuxa. Para o show em Americana, ela trouxe uma nova gera\u00e7\u00e3o de paquitas, que se destacaram durante a performance. O repert\u00f3rio j\u00e1 havia passado por mudan\u00e7as; a quantidade de m\u00fasicas foi reduzida para tornar a apresenta\u00e7\u00e3o ainda mais impactante.<\/p>\n<p><img decoding=\"async\" src=\"https:\/\/www.encontraamericana.com.br\/guia\/wp-content\/uploads\/2026\/06\/xuxa-fez-estreia-em-rodeios-na-festa-do-peao-de-americana-em-1995.webp\" alt=\"estreia de Xuxa em rodeios\" loading=\"lazy\" \/><\/p>\n<h2>O Figurino Brilhante de Xuxa e suas Paquitas<\/h2>\n<p>No palco, Xuxa surpreendeu a todos com um deslumbrante figurino prateado, que refletia as luzes e atraiu a aten\u00e7\u00e3o da plateia. Esse visual foi um dos pontos altos da apresenta\u00e7\u00e3o, deixando uma marca indel\u00e9vel na mem\u00f3ria dos presentes. As novas paquitas, vestindo figurinos coordenados e brilhantes, tamb\u00e9m contribu\u00edram para a cria\u00e7\u00e3o de um espet\u00e1culo visual que encantou a todos.<\/p>\n<h2>Como foi a Rea\u00e7\u00e3o do P\u00fablico durante o Show<\/h2>\n<p>Quando Xuxa finalmente subiu ao palco, a rea\u00e7\u00e3o do p\u00fablico foi de pura euforia. Adultos e crian\u00e7as estavam visivelmente emocionados, alguns at\u00e9 chegando a chorar de alegria. As palavras de agradecimento da artista ao p\u00fablico, combinadas com suas performances animadas, proporcionaram uma conex\u00e3o m\u00e1gica entre ela e os f\u00e3s, que se sentiram valorizados e parte do espet\u00e1culo.<\/p>\n<h2>A Import\u00e2ncia da Estreia em Rodeios para Xuxa<\/h2>\n<p>A estreia de Xuxa em rodeios foi um divisor de \u00e1guas. Esse evento n\u00e3o apenas ampliou seu p\u00fablico, mas tamb\u00e9m a fez ser vista como uma artista vers\u00e1til, capaz de se adaptar a diferentes cen\u00e1rios. A apresenta\u00e7\u00e3o em Americana foi t\u00e3o bem-recebida que resultou em um convite para se apresentar na renomada Festa do Pe\u00e3o de Barretos no ano seguinte.<\/p>\n<h2>Impactos da Apresenta\u00e7\u00e3o no Evento de Barretos<\/h2>\n<p>Com o sucesso em Americana, o impacto da apresenta\u00e7\u00e3o se estendeu at\u00e9 Barretos, onde Xuxa tamb\u00e9m atraiu uma multid\u00e3o consider\u00e1vel. Sua presen\u00e7a em tais eventos ajudou a legitimar rodeios como plataformas para entretenimento variado, al\u00e9m das tradicionais competi\u00e7\u00f5es de montaria. O evento se beneficiou enormemente da fama e da aclama\u00e7\u00e3o que Xuxa trouxe consigo.<\/p>\n<h2>Xuxa: Al\u00e9m dos Baixinhos e sua Transi\u00e7\u00e3o Musical<\/h2>\n<p>Com o passar dos anos, Xuxa evoluiu sua imagem e seu estilo musical. Em 2018, ela anunciou que se tornaria vegana, utilizando sua visibilidade para promover causas relacionadas aos direitos dos animais. Essa transi\u00e7\u00e3o reflete uma maturidade art\u00edstica e pessoal, que conquistou ainda mais admiradores.<\/p>\n<h2>A Emo\u00e7\u00e3o de Xuxa e seus F\u00e3s na Apresenta\u00e7\u00e3o<\/h2>\n<p>Xuxa demonstrou um profundo apre\u00e7o pelo carinho dos f\u00e3s durante sua apresenta\u00e7\u00e3o. Em suas palavras, ela expressou que o amor recebido era genu\u00edno. Sua conex\u00e3o emocional com as crian\u00e7as e os adultos presentes foi um dos aspectos mais tocantes da noite, evidenciando o porqu\u00ea de seu apelido carinhoso como &#8220;Rainha dos Baixinhos&#8221;.<\/p>\n<h2>O Legado da Festa do Pe\u00e3o de Americana 2026<\/h2>\n<p>Em 2026, a Festa do Pe\u00e3o de Americana celebra 40 anos de tradi\u00e7\u00e3o e pol\u00edtica cultural, com um line-up que abrange artistas consagrados e novas promessas. A inclus\u00e3o de Xuxa em eventos como este n\u00e3o s\u00f3 enriquece a programa\u00e7\u00e3o, mas tamb\u00e9m reafirma a relev\u00e2ncia cont\u00ednua da artista na m\u00fasica e no entretenimento.<\/p>\n","protected":false},"excerpt":{"rendered":"<p>Xuxa fez hist\u00f3ria ao estrear em rodeios na Festa do Pe\u00e3o de Americana.<\/p>\n","protected":false},"author":1,"featured_media":6560,"comment_status":"open","ping_status":"open","sticky":false,"template":"","format":"standard","meta":{"footnotes":""},"categories":[5],"tags":[],"class_list":["post-6561","post","type-post","status-publish","format-standard","has-post-thumbnail","hentry","category-noticias","has_thumb"],"yoast_head":"<!-- This site is optimized with the Yoast SEO plugin v27.6 - https:\/\/yoast.com\/product\/yoast-seo-wordpress\/ -->\n<title>Xuxa fez estreia em rodeios na Festa do Pe\u00e3o de Americana em 1995 | Guia Comercial de Americana SP<\/title>\n<meta name=\"robots\" content=\"index, follow, max-snippet:-1, max-image-preview:large, max-video-preview:-1\" \/>\n<link rel=\"canonical\" href=\"https:\/\/www.encontraamericana.com.br\/guia\/xuxa-fez-estreia-em-rodeios-na-festa-do-peao-de-americana-em-1995\/\" \/>\n<meta property=\"og:locale\" content=\"pt_BR\" \/>\n<meta property=\"og:type\" content=\"article\" \/>\n<meta property=\"og:title\" content=\"Xuxa fez estreia em rodeios na Festa do Pe\u00e3o de Americana em 1995 | Guia Comercial de Americana SP\" \/>\n<meta property=\"og:description\" content=\"Xuxa fez hist\u00f3ria ao estrear em rodeios na Festa do Pe\u00e3o de Americana.\" \/>\n<meta property=\"og:url\" content=\"https:\/\/www.encontraamericana.com.br\/guia\/xuxa-fez-estreia-em-rodeios-na-festa-do-peao-de-americana-em-1995\/\" \/>\n<meta property=\"og:site_name\" content=\"Guia Comercial de Americana SP\" \/>\n<meta property=\"article:published_time\" content=\"2026-06-02T14:33:05+00:00\" \/>\n<meta property=\"og:image\" content=\"https:\/\/www.encontraamericana.com.br\/guia\/wp-content\/uploads\/2026\/06\/xuxa-fez-estreia-em-rodeios-na-festa-do-peao-de-americana-em-1995.webp\" \/>\n<meta name=\"author\" content=\"Encontra Americana\" \/>\n<meta name=\"twitter:card\" content=\"summary_large_image\" \/>\n<meta name=\"twitter:label1\" content=\"Escrito por\" \/>\n\t<meta name=\"twitter:data1\" content=\"Encontra Americana\" \/>\n\t<meta name=\"twitter:label2\" content=\"Est. tempo de leitura\" \/>\n\t<meta name=\"twitter:data2\" content=\"4 minutos\" \/>\n<script type=\"application\/ld+json\" class=\"yoast-schema-graph\">{\"@context\":\"https:\\\/\\\/schema.org\",\"@graph\":[{\"@type\":\"Article\",\"@id\":\"https:\\\/\\\/www.encontraamericana.com.br\\\/guia\\\/xuxa-fez-estreia-em-rodeios-na-festa-do-peao-de-americana-em-1995\\\/#article\",\"isPartOf\":{\"@id\":\"https:\\\/\\\/www.encontraamericana.com.br\\\/guia\\\/xuxa-fez-estreia-em-rodeios-na-festa-do-peao-de-americana-em-1995\\\/\"},\"author\":{\"name\":\"Encontra Americana\",\"@id\":\"https:\\\/\\\/www.encontraamericana.com.br\\\/guia\\\/#\\\/schema\\\/person\\\/515cbc6082144e7445cab98211d14f9b\"},\"headline\":\"Xuxa fez estreia em rodeios na Festa do Pe\u00e3o de Americana em 1995\",\"datePublished\":\"2026-06-02T14:33:05+00:00\",\"mainEntityOfPage\":{\"@id\":\"https:\\\/\\\/www.encontraamericana.com.br\\\/guia\\\/xuxa-fez-estreia-em-rodeios-na-festa-do-peao-de-americana-em-1995\\\/\"},\"wordCount\":741,\"commentCount\":0,\"image\":{\"@id\":\"https:\\\/\\\/www.encontraamericana.com.br\\\/guia\\\/xuxa-fez-estreia-em-rodeios-na-festa-do-peao-de-americana-em-1995\\\/#primaryimage\"},\"thumbnailUrl\":\"https:\\\/\\\/www.encontraamericana.com.br\\\/guia\\\/wp-content\\\/uploads\\\/2026\\\/06\\\/xuxa-fez-estreia-em-rodeios-na-festa-do-peao-de-americana-em-1995.webp\",\"articleSection\":[\"Not\u00edcias Americana\"],\"inLanguage\":\"pt-BR\",\"potentialAction\":[{\"@type\":\"CommentAction\",\"name\":\"Comment\",\"target\":[\"https:\\\/\\\/www.encontraamericana.com.br\\\/guia\\\/xuxa-fez-estreia-em-rodeios-na-festa-do-peao-de-americana-em-1995\\\/#respond\"]}]},{\"@type\":\"WebPage\",\"@id\":\"https:\\\/\\\/www.encontraamericana.com.br\\\/guia\\\/xuxa-fez-estreia-em-rodeios-na-festa-do-peao-de-americana-em-1995\\\/\",\"url\":\"https:\\\/\\\/www.encontraamericana.com.br\\\/guia\\\/xuxa-fez-estreia-em-rodeios-na-festa-do-peao-de-americana-em-1995\\\/\",\"name\":\"Xuxa fez estreia em rodeios na Festa do Pe\u00e3o de Americana em 1995 | Guia Comercial de Americana SP\",\"isPartOf\":{\"@id\":\"https:\\\/\\\/www.encontraamericana.com.br\\\/guia\\\/#website\"},\"primaryImageOfPage\":{\"@id\":\"https:\\\/\\\/www.encontraamericana.com.br\\\/guia\\\/xuxa-fez-estreia-em-rodeios-na-festa-do-peao-de-americana-em-1995\\\/#primaryimage\"},\"image\":{\"@id\":\"https:\\\/\\\/www.encontraamericana.com.br\\\/guia\\\/xuxa-fez-estreia-em-rodeios-na-festa-do-peao-de-americana-em-1995\\\/#primaryimage\"},\"thumbnailUrl\":\"https:\\\/\\\/www.encontraamericana.com.br\\\/guia\\\/wp-content\\\/uploads\\\/2026\\\/06\\\/xuxa-fez-estreia-em-rodeios-na-festa-do-peao-de-americana-em-1995.webp\",\"datePublished\":\"2026-06-02T14:33:05+00:00\",\"author\":{\"@id\":\"https:\\\/\\\/www.encontraamericana.com.br\\\/guia\\\/#\\\/schema\\\/person\\\/515cbc6082144e7445cab98211d14f9b\"},\"inLanguage\":\"pt-BR\",\"potentialAction\":[{\"@type\":\"ReadAction\",\"target\":[\"https:\\\/\\\/www.encontraamericana.com.br\\\/guia\\\/xuxa-fez-estreia-em-rodeios-na-festa-do-peao-de-americana-em-1995\\\/\"]}]},{\"@type\":\"ImageObject\",\"inLanguage\":\"pt-BR\",\"@id\":\"https:\\\/\\\/www.encontraamericana.com.br\\\/guia\\\/xuxa-fez-estreia-em-rodeios-na-festa-do-peao-de-americana-em-1995\\\/#primaryimage\",\"url\":\"https:\\\/\\\/www.encontraamericana.com.br\\\/guia\\\/wp-content\\\/uploads\\\/2026\\\/06\\\/xuxa-fez-estreia-em-rodeios-na-festa-do-peao-de-americana-em-1995.webp\",\"contentUrl\":\"https:\\\/\\\/www.encontraamericana.com.br\\\/guia\\\/wp-content\\\/uploads\\\/2026\\\/06\\\/xuxa-fez-estreia-em-rodeios-na-festa-do-peao-de-americana-em-1995.webp\",\"width\":280,\"height\":280,\"caption\":\"estreia de Xuxa em rodeios\"},{\"@type\":\"WebSite\",\"@id\":\"https:\\\/\\\/www.encontraamericana.com.br\\\/guia\\\/#website\",\"url\":\"https:\\\/\\\/www.encontraamericana.com.br\\\/guia\\\/\",\"name\":\"Guia Comercial de Americana SP\",\"description\":\"ENCONTRA AMERICANA - O guia comercial de neg\u00f3cios e empresas, cultura e divers\u00e3o na cidade de Americana. Feito 100% para voc\u00ea morador!\",\"potentialAction\":[{\"@type\":\"SearchAction\",\"target\":{\"@type\":\"EntryPoint\",\"urlTemplate\":\"https:\\\/\\\/www.encontraamericana.com.br\\\/guia\\\/?s={search_term_string}\"},\"query-input\":{\"@type\":\"PropertyValueSpecification\",\"valueRequired\":true,\"valueName\":\"search_term_string\"}}],\"inLanguage\":\"pt-BR\"},{\"@type\":\"Person\",\"@id\":\"https:\\\/\\\/www.encontraamericana.com.br\\\/guia\\\/#\\\/schema\\\/person\\\/515cbc6082144e7445cab98211d14f9b\",\"name\":\"Encontra Americana\",\"image\":{\"@type\":\"ImageObject\",\"inLanguage\":\"pt-BR\",\"@id\":\"https:\\\/\\\/secure.gravatar.com\\\/avatar\\\/c50c17820bcf322f0a8fd6b110b8c0918141409dc69076470f6fca5fee70a5d4?s=96&d=mm&r=g\",\"url\":\"https:\\\/\\\/secure.gravatar.com\\\/avatar\\\/c50c17820bcf322f0a8fd6b110b8c0918141409dc69076470f6fca5fee70a5d4?s=96&d=mm&r=g\",\"contentUrl\":\"https:\\\/\\\/secure.gravatar.com\\\/avatar\\\/c50c17820bcf322f0a8fd6b110b8c0918141409dc69076470f6fca5fee70a5d4?s=96&d=mm&r=g\",\"caption\":\"Encontra Americana\"},\"url\":\"https:\\\/\\\/www.encontraamericana.com.br\\\/guia\\\/author\\\/encontraamericana\\\/\"}]}<\/script>\n<!-- \/ Yoast SEO plugin. -->","yoast_head_json":{"title":"Xuxa fez estreia em rodeios na Festa do Pe\u00e3o de Americana em 1995 | Guia Comercial de Americana SP","robots":{"index":"index","follow":"follow","max-snippet":"max-snippet:-1","max-image-preview":"max-image-preview:large","max-video-preview":"max-video-preview:-1"},"canonical":"https:\/\/www.encontraamericana.com.br\/guia\/xuxa-fez-estreia-em-rodeios-na-festa-do-peao-de-americana-em-1995\/","og_locale":"pt_BR","og_type":"article","og_title":"Xuxa fez estreia em rodeios na Festa do Pe\u00e3o de Americana em 1995 | Guia Comercial de Americana SP","og_description":"Xuxa fez hist\u00f3ria ao estrear em rodeios na Festa do Pe\u00e3o de Americana.","og_url":"https:\/\/www.encontraamericana.com.br\/guia\/xuxa-fez-estreia-em-rodeios-na-festa-do-peao-de-americana-em-1995\/","og_site_name":"Guia Comercial de Americana SP","article_published_time":"2026-06-02T14:33:05+00:00","og_image":[{"url":"https:\/\/www.encontraamericana.com.br\/guia\/wp-content\/uploads\/2026\/06\/xuxa-fez-estreia-em-rodeios-na-festa-do-peao-de-americana-em-1995.webp","type":"","width":"","height":""}],"author":"Encontra Americana","twitter_card":"summary_large_image","twitter_misc":{"Escrito por":"Encontra Americana","Est. tempo de leitura":"4 minutos"},"schema":{"@context":"https:\/\/schema.org","@graph":[{"@type":"Article","@id":"https:\/\/www.encontraamericana.com.br\/guia\/xuxa-fez-estreia-em-rodeios-na-festa-do-peao-de-americana-em-1995\/#article","isPartOf":{"@id":"https:\/\/www.encontraamericana.com.br\/guia\/xuxa-fez-estreia-em-rodeios-na-festa-do-peao-de-americana-em-1995\/"},"author":{"name":"Encontra Americana","@id":"https:\/\/www.encontraamericana.com.br\/guia\/#\/schema\/person\/515cbc6082144e7445cab98211d14f9b"},"headline":"Xuxa fez estreia em rodeios na Festa do Pe\u00e3o de Americana em 1995","datePublished":"2026-06-02T14:33:05+00:00","mainEntityOfPage":{"@id":"https:\/\/www.encontraamericana.com.br\/guia\/xuxa-fez-estreia-em-rodeios-na-festa-do-peao-de-americana-em-1995\/"},"wordCount":741,"commentCount":0,"image":{"@id":"https:\/\/www.encontraamericana.com.br\/guia\/xuxa-fez-estreia-em-rodeios-na-festa-do-peao-de-americana-em-1995\/#primaryimage"},"thumbnailUrl":"https:\/\/www.encontraamericana.com.br\/guia\/wp-content\/uploads\/2026\/06\/xuxa-fez-estreia-em-rodeios-na-festa-do-peao-de-americana-em-1995.webp","articleSection":["Not\u00edcias Americana"],"inLanguage":"pt-BR","potentialAction":[{"@type":"CommentAction","name":"Comment","target":["https:\/\/www.encontraamericana.com.br\/guia\/xuxa-fez-estreia-em-rodeios-na-festa-do-peao-de-americana-em-1995\/#respond"]}]},{"@type":"WebPage","@id":"https:\/\/www.encontraamericana.com.br\/guia\/xuxa-fez-estreia-em-rodeios-na-festa-do-peao-de-americana-em-1995\/","url":"https:\/\/www.encontraamericana.com.br\/guia\/xuxa-fez-estreia-em-rodeios-na-festa-do-peao-de-americana-em-1995\/","name":"Xuxa fez estreia em rodeios na Festa do Pe\u00e3o de Americana em 1995 | Guia Comercial de Americana SP","isPartOf":{"@id":"https:\/\/www.encontraamericana.com.br\/guia\/#website"},"primaryImageOfPage":{"@id":"https:\/\/www.encontraamericana.com.br\/guia\/xuxa-fez-estreia-em-rodeios-na-festa-do-peao-de-americana-em-1995\/#primaryimage"},"image":{"@id":"https:\/\/www.encontraamericana.com.br\/guia\/xuxa-fez-estreia-em-rodeios-na-festa-do-peao-de-americana-em-1995\/#primaryimage"},"thumbnailUrl":"https:\/\/www.encontraamericana.com.br\/guia\/wp-content\/uploads\/2026\/06\/xuxa-fez-estreia-em-rodeios-na-festa-do-peao-de-americana-em-1995.webp","datePublished":"2026-06-02T14:33:05+00:00","author":{"@id":"https:\/\/www.encontraamericana.com.br\/guia\/#\/schema\/person\/515cbc6082144e7445cab98211d14f9b"},"inLanguage":"pt-BR","potentialAction":[{"@type":"ReadAction","target":["https:\/\/www.encontraamericana.com.br\/guia\/xuxa-fez-estreia-em-rodeios-na-festa-do-peao-de-americana-em-1995\/"]}]},{"@type":"ImageObject","inLanguage":"pt-BR","@id":"https:\/\/www.encontraamericana.com.br\/guia\/xuxa-fez-estreia-em-rodeios-na-festa-do-peao-de-americana-em-1995\/#primaryimage","url":"https:\/\/www.encontraamericana.com.br\/guia\/wp-content\/uploads\/2026\/06\/xuxa-fez-estreia-em-rodeios-na-festa-do-peao-de-americana-em-1995.webp","contentUrl":"https:\/\/www.encontraamericana.com.br\/guia\/wp-content\/uploads\/2026\/06\/xuxa-fez-estreia-em-rodeios-na-festa-do-peao-de-americana-em-1995.webp","width":280,"height":280,"caption":"estreia de Xuxa em rodeios"},{"@type":"WebSite","@id":"https:\/\/www.encontraamericana.com.br\/guia\/#website","url":"https:\/\/www.encontraamericana.com.br\/guia\/","name":"Guia Comercial de Americana SP","description":"ENCONTRA AMERICANA - O guia comercial de neg\u00f3cios e empresas, cultura e divers\u00e3o na cidade de Americana. Feito 100% para voc\u00ea morador!","potentialAction":[{"@type":"SearchAction","target":{"@type":"EntryPoint","urlTemplate":"https:\/\/www.encontraamericana.com.br\/guia\/?s={search_term_string}"},"query-input":{"@type":"PropertyValueSpecification","valueRequired":true,"valueName":"search_term_string"}}],"inLanguage":"pt-BR"},{"@type":"Person","@id":"https:\/\/www.encontraamericana.com.br\/guia\/#\/schema\/person\/515cbc6082144e7445cab98211d14f9b","name":"Encontra Americana","image":{"@type":"ImageObject","inLanguage":"pt-BR","@id":"https:\/\/secure.gravatar.com\/avatar\/c50c17820bcf322f0a8fd6b110b8c0918141409dc69076470f6fca5fee70a5d4?s=96&d=mm&r=g","url":"https:\/\/secure.gravatar.com\/avatar\/c50c17820bcf322f0a8fd6b110b8c0918141409dc69076470f6fca5fee70a5d4?s=96&d=mm&r=g","contentUrl":"https:\/\/secure.gravatar.com\/avatar\/c50c17820bcf322f0a8fd6b110b8c0918141409dc69076470f6fca5fee70a5d4?s=96&d=mm&r=g","caption":"Encontra Americana"},"url":"https:\/\/www.encontraamericana.com.br\/guia\/author\/encontraamericana\/"}]}},"_links":{"self":[{"href":"https:\/\/www.encontraamericana.com.br\/guia\/wp-json\/wp\/v2\/posts\/6561","targetHints":{"allow":["GET"]}}],"collection":[{"href":"https:\/\/www.encontraamericana.com.br\/guia\/wp-json\/wp\/v2\/posts"}],"about":[{"href":"https:\/\/www.encontraamericana.com.br\/guia\/wp-json\/wp\/v2\/types\/post"}],"author":[{"embeddable":true,"href":"https:\/\/www.encontraamericana.com.br\/guia\/wp-json\/wp\/v2\/users\/1"}],"replies":[{"embeddable":true,"href":"https:\/\/www.encontraamericana.com.br\/guia\/wp-json\/wp\/v2\/comments?post=6561"}],"version-history":[{"count":0,"href":"https:\/\/www.encontraamericana.com.br\/guia\/wp-json\/wp\/v2\/posts\/6561\/revisions"}],"wp:featuredmedia":[{"embeddable":true,"href":"https:\/\/www.encontraamericana.com.br\/guia\/wp-json\/wp\/v2\/media\/6560"}],"wp:attachment":[{"href":"https:\/\/www.encontraamericana.com.br\/guia\/wp-json\/wp\/v2\/media?parent=6561"}],"wp:term":[{"taxonomy":"category","embeddable":true,"href":"https:\/\/www.encontraamericana.com.br\/guia\/wp-json\/wp\/v2\/categories?post=6561"},{"taxonomy":"post_tag","embeddable":true,"href":"https:\/\/www.encontraamericana.com.br\/guia\/wp-json\/wp\/v2\/tags?post=6561"}],"curies":[{"name":"wp","href":"https:\/\/api.w.org\/{rel}","templated":true}]}}