{"id":6563,"date":"2026-06-03T11:13:41","date_gmt":"2026-06-03T14:13:41","guid":{"rendered":"https:\/\/www.encontraamericana.com.br\/guia\/festa-do-peao-de-americana-celebra-20-anos-com-liga-mundial-e-reune-elite-da-montaria\/"},"modified":"2026-06-03T11:13:41","modified_gmt":"2026-06-03T14:13:41","slug":"festa-do-peao-de-americana-celebra-20-anos-com-liga-mundial-e-reune-elite-da-montaria","status":"publish","type":"post","link":"https:\/\/www.encontraamericana.com.br\/guia\/festa-do-peao-de-americana-celebra-20-anos-com-liga-mundial-e-reune-elite-da-montaria\/","title":{"rendered":"Festa do Pe\u00e3o de Americana celebra 20 anos com liga mundial e re\u00fane elite da montaria"},"content":{"rendered":"<h2>O Que Esperar da Festa do Pe\u00e3o de Americana<\/h2>\n<p>A <strong>Festa do Pe\u00e3o de Americana<\/strong> \u00e9 um dos eventos mais esperados no calend\u00e1rio de rodeios do Brasil, atraindo anualmente milhares de visitantes ao interior paulista. Com uma programa\u00e7\u00e3o diversificada que envolve competi\u00e7\u00f5es emocionantes, shows de grandes artistas e uma atmosfera festiva, a festa se destaca por sua tradi\u00e7\u00e3o e pela qualidade de suas atra\u00e7\u00f5es.<\/p>\n<h2>Hist\u00f3ria e Significado do Evento<\/h2>\n<p>Iniciada em 1986, a festa cresceu ao longo dos anos, tornando-se um marco cultural e social para a cidade de Americana e regi\u00e3o. O evento n\u00e3o apenas promove a cultura dos rodeios, mas tamb\u00e9m valoriza a m\u00fasica sertaneja e outras manifesta\u00e7\u00f5es art\u00edsticas locais. A festa representa um momento de confraterniza\u00e7\u00e3o entre amigos e familiares, refor\u00e7ando la\u00e7os comunit\u00e1rios e tradi\u00e7\u00f5es.<\/p>\n<h2>Competi\u00e7\u00e3o de Montaria em Touros<\/h2>\n<p>As competi\u00e7\u00f5es de montaria em touros s\u00e3o o grande destaque da Festa do Pe\u00e3o de Americana. Durante o evento, os melhores competidores do Brasil participam de disputas intensas, onde o objetivo \u00e9 manter-se montado no touro pelo m\u00e1ximo de tempo poss\u00edvel. As baterias s\u00e3o emocionantes e, para muitos pe\u00f5es, essa \u00e9 uma chance de brilhar e conquistar pr\u00eamios significativos.<\/p>\n<p><img decoding=\"async\" src=\"https:\/\/www.encontraamericana.com.br\/guia\/wp-content\/uploads\/2026\/06\/festa-do-peao-de-americana-celebra-20-anos-com-liga-mundial-e-reune-elite-da-montaria.webp\" alt=\"Festa do Pe\u00e3o de Americana\" loading=\"lazy\" \/><\/p>\n<h2>Destaques do Campeonato PBR<\/h2>\n<p>Este ano, a festividade marca uma celebra\u00e7\u00e3o especial de 20 anos de colabora\u00e7\u00e3o com a <strong>Professional Bull Riders (PBR)<\/strong>, a liga mais renomada de montaria em touros no mundo. As etapas do campeonato PBR ocorrem em dois finais de semana, reunindo cerca de trinta competidores em cada etapa, com pr\u00eamios totais que alcan\u00e7am R$ 350 mil. O evento promete trazer grandes emo\u00e7\u00f5es, reunindo os melhores nomes do circuito e atraindo a elite da montaria.<\/p>\n<h2>Provas de Tr\u00eas Tambores: Recorde de Inscri\u00e7\u00f5es<\/h2>\n<p>A competi\u00e7\u00e3o de tr\u00eas tambores, tradicionalmente uma das mais emocionantes da festa, tamb\u00e9m se destaca este ano. Com um recorde de inscri\u00e7\u00f5es, mais de 100 competidoras se alinhar\u00e3o para disputar pontos do ranking nacional. Este evento \u00e9 especialmente significativo, pois promove a inclus\u00e3o e a valoriza\u00e7\u00e3o do talento feminino no esporte, com participantes de destaque como a atual campe\u00e3 nacional, Keila Mendon\u00e7a.<\/p>\n<h2>A Modalidade Cutiano em Destaque<\/h2>\n<p>Outra atra\u00e7\u00e3o imperd\u00edvel da festa \u00e9 a modalidade <strong>cutiano<\/strong>, que destaca a habilidade em montaria em cavalos. O evento, nomeado como a <strong>Copa Rozeta Cutiano<\/strong>, atrai competidores renomados, incluindo Luiz Henrique Calejuri, atual campe\u00e3o nacional, al\u00e9m de jovens promissores que buscam se destacar neste esporte. A mistura de experi\u00eancia e juventude promete um espet\u00e1culo emocionante nas competi\u00e7\u00f5es cutiano.<\/p>\n<h2>Os Premiados do Evento<\/h2>\n<p>A festa n\u00e3o \u00e9 apenas sobre competi\u00e7\u00e3o; \u00e9 tamb\u00e9m uma celebra\u00e7\u00e3o de conquistas. Os pr\u00eamios distribu\u00eddos nas modalidades de montaria em touros, tr\u00eas tambores e cutiano somam R$ 350 mil, proporcionando um incentivo significativo para os atletas. A premia\u00e7\u00e3o valoriza o \u00e1rduo treinamento e dedica\u00e7\u00e3o dos competidores, destacando suas conquistas ao longo do ano.<\/p>\n<h2>Impacto Cultural da Festa do Pe\u00e3o<\/h2>\n<p>A Festa do Pe\u00e3o de Americana \u00e9 mais do que um simples evento; \u00e9 um importante pilar da cultura local que reflete tradi\u00e7\u00f5es do interior. Al\u00e9m das competi\u00e7\u00f5es, o evento promove apresenta\u00e7\u00f5es musicais de artistas renomados do sertanejo, gastronomia t\u00edpica e atividades culturais que atraem um p\u00fablico diversificado. A troca cultural que ocorre durante a festa fortalece a identidade da regi\u00e3o e a torna um destino tur\u00edstico atraente.<\/p>\n<h2>Expectativas para o Futuro da Festa<\/h2>\n<p>A Festa do Pe\u00e3o de Americana mostra um compromisso cont\u00ednuo com a inova\u00e7\u00e3o, buscando sempre novas maneiras de encantar o p\u00fablico. Com o aumento das inscri\u00e7\u00f5es e a expans\u00e3o das categorias de competi\u00e7\u00e3o, os organizadores est\u00e3o otimistas quanto ao futuro do evento, que promete continuar sendo um ponto de refer\u00eancia no calend\u00e1rio de rodeios do Brasil.<\/p>\n<h2>Como Participar da Celebra\u00e7\u00e3o<\/h2>\n<p>Para quem deseja fazer parte dessa grande festa, as op\u00e7\u00f5es s\u00e3o variadas. \u00c9 poss\u00edvel adquirir ingressos para as competi\u00e7\u00f5es, shows e outras atividades diretamente no site oficial do evento ou nas bilheteiras conveniadas. Os visitantes tamb\u00e9m podem aproveitar a rica gastronomia oferecida, com barracas e restaurantes que servem del\u00edcias t\u00edpicas da culin\u00e1ria caipira, garantindo uma experi\u00eancia completa durante a festividade.<\/p>\n","protected":false},"excerpt":{"rendered":"<p>Festa do Pe\u00e3o de Americana: uma celebra\u00e7\u00e3o imperd\u00edvel da montaria.<\/p>\n","protected":false},"author":1,"featured_media":6562,"comment_status":"open","ping_status":"open","sticky":false,"template":"","format":"standard","meta":{"footnotes":""},"categories":[5],"tags":[],"class_list":["post-6563","post","type-post","status-publish","format-standard","has-post-thumbnail","hentry","category-noticias","has_thumb"],"yoast_head":"<!-- This site is optimized with the Yoast SEO plugin v27.6 - https:\/\/yoast.com\/product\/yoast-seo-wordpress\/ -->\n<title>Festa do Pe\u00e3o de Americana celebra 20 anos com liga mundial e re\u00fane elite da montaria | Guia Comercial de Americana SP<\/title>\n<meta name=\"robots\" content=\"index, follow, max-snippet:-1, max-image-preview:large, max-video-preview:-1\" \/>\n<link rel=\"canonical\" href=\"https:\/\/www.encontraamericana.com.br\/guia\/festa-do-peao-de-americana-celebra-20-anos-com-liga-mundial-e-reune-elite-da-montaria\/\" \/>\n<meta property=\"og:locale\" content=\"pt_BR\" \/>\n<meta property=\"og:type\" content=\"article\" \/>\n<meta property=\"og:title\" content=\"Festa do Pe\u00e3o de Americana celebra 20 anos com liga mundial e re\u00fane elite da montaria | Guia Comercial de Americana SP\" \/>\n<meta property=\"og:description\" content=\"Festa do Pe\u00e3o de Americana: uma celebra\u00e7\u00e3o imperd\u00edvel da montaria.\" \/>\n<meta property=\"og:url\" content=\"https:\/\/www.encontraamericana.com.br\/guia\/festa-do-peao-de-americana-celebra-20-anos-com-liga-mundial-e-reune-elite-da-montaria\/\" \/>\n<meta property=\"og:site_name\" content=\"Guia Comercial de Americana SP\" \/>\n<meta property=\"article:published_time\" content=\"2026-06-03T14:13:41+00:00\" \/>\n<meta property=\"og:image\" content=\"https:\/\/www.encontraamericana.com.br\/guia\/wp-content\/uploads\/2026\/06\/festa-do-peao-de-americana-celebra-20-anos-com-liga-mundial-e-reune-elite-da-montaria.webp\" \/>\n<meta name=\"author\" content=\"Encontra Americana\" \/>\n<meta name=\"twitter:card\" content=\"summary_large_image\" \/>\n<meta name=\"twitter:label1\" content=\"Escrito por\" \/>\n\t<meta name=\"twitter:data1\" content=\"Encontra Americana\" \/>\n\t<meta name=\"twitter:label2\" content=\"Est. tempo de leitura\" \/>\n\t<meta name=\"twitter:data2\" content=\"4 minutos\" \/>\n<script type=\"application\/ld+json\" class=\"yoast-schema-graph\">{\"@context\":\"https:\\\/\\\/schema.org\",\"@graph\":[{\"@type\":\"Article\",\"@id\":\"https:\\\/\\\/www.encontraamericana.com.br\\\/guia\\\/festa-do-peao-de-americana-celebra-20-anos-com-liga-mundial-e-reune-elite-da-montaria\\\/#article\",\"isPartOf\":{\"@id\":\"https:\\\/\\\/www.encontraamericana.com.br\\\/guia\\\/festa-do-peao-de-americana-celebra-20-anos-com-liga-mundial-e-reune-elite-da-montaria\\\/\"},\"author\":{\"name\":\"Encontra Americana\",\"@id\":\"https:\\\/\\\/www.encontraamericana.com.br\\\/guia\\\/#\\\/schema\\\/person\\\/515cbc6082144e7445cab98211d14f9b\"},\"headline\":\"Festa do Pe\u00e3o de Americana celebra 20 anos com liga mundial e re\u00fane elite da montaria\",\"datePublished\":\"2026-06-03T14:13:41+00:00\",\"mainEntityOfPage\":{\"@id\":\"https:\\\/\\\/www.encontraamericana.com.br\\\/guia\\\/festa-do-peao-de-americana-celebra-20-anos-com-liga-mundial-e-reune-elite-da-montaria\\\/\"},\"wordCount\":751,\"commentCount\":0,\"image\":{\"@id\":\"https:\\\/\\\/www.encontraamericana.com.br\\\/guia\\\/festa-do-peao-de-americana-celebra-20-anos-com-liga-mundial-e-reune-elite-da-montaria\\\/#primaryimage\"},\"thumbnailUrl\":\"https:\\\/\\\/www.encontraamericana.com.br\\\/guia\\\/wp-content\\\/uploads\\\/2026\\\/06\\\/festa-do-peao-de-americana-celebra-20-anos-com-liga-mundial-e-reune-elite-da-montaria.webp\",\"articleSection\":[\"Not\u00edcias Americana\"],\"inLanguage\":\"pt-BR\",\"potentialAction\":[{\"@type\":\"CommentAction\",\"name\":\"Comment\",\"target\":[\"https:\\\/\\\/www.encontraamericana.com.br\\\/guia\\\/festa-do-peao-de-americana-celebra-20-anos-com-liga-mundial-e-reune-elite-da-montaria\\\/#respond\"]}]},{\"@type\":\"WebPage\",\"@id\":\"https:\\\/\\\/www.encontraamericana.com.br\\\/guia\\\/festa-do-peao-de-americana-celebra-20-anos-com-liga-mundial-e-reune-elite-da-montaria\\\/\",\"url\":\"https:\\\/\\\/www.encontraamericana.com.br\\\/guia\\\/festa-do-peao-de-americana-celebra-20-anos-com-liga-mundial-e-reune-elite-da-montaria\\\/\",\"name\":\"Festa do Pe\u00e3o de Americana celebra 20 anos com liga mundial e re\u00fane elite da montaria | Guia Comercial de Americana SP\",\"isPartOf\":{\"@id\":\"https:\\\/\\\/www.encontraamericana.com.br\\\/guia\\\/#website\"},\"primaryImageOfPage\":{\"@id\":\"https:\\\/\\\/www.encontraamericana.com.br\\\/guia\\\/festa-do-peao-de-americana-celebra-20-anos-com-liga-mundial-e-reune-elite-da-montaria\\\/#primaryimage\"},\"image\":{\"@id\":\"https:\\\/\\\/www.encontraamericana.com.br\\\/guia\\\/festa-do-peao-de-americana-celebra-20-anos-com-liga-mundial-e-reune-elite-da-montaria\\\/#primaryimage\"},\"thumbnailUrl\":\"https:\\\/\\\/www.encontraamericana.com.br\\\/guia\\\/wp-content\\\/uploads\\\/2026\\\/06\\\/festa-do-peao-de-americana-celebra-20-anos-com-liga-mundial-e-reune-elite-da-montaria.webp\",\"datePublished\":\"2026-06-03T14:13:41+00:00\",\"author\":{\"@id\":\"https:\\\/\\\/www.encontraamericana.com.br\\\/guia\\\/#\\\/schema\\\/person\\\/515cbc6082144e7445cab98211d14f9b\"},\"inLanguage\":\"pt-BR\",\"potentialAction\":[{\"@type\":\"ReadAction\",\"target\":[\"https:\\\/\\\/www.encontraamericana.com.br\\\/guia\\\/festa-do-peao-de-americana-celebra-20-anos-com-liga-mundial-e-reune-elite-da-montaria\\\/\"]}]},{\"@type\":\"ImageObject\",\"inLanguage\":\"pt-BR\",\"@id\":\"https:\\\/\\\/www.encontraamericana.com.br\\\/guia\\\/festa-do-peao-de-americana-celebra-20-anos-com-liga-mundial-e-reune-elite-da-montaria\\\/#primaryimage\",\"url\":\"https:\\\/\\\/www.encontraamericana.com.br\\\/guia\\\/wp-content\\\/uploads\\\/2026\\\/06\\\/festa-do-peao-de-americana-celebra-20-anos-com-liga-mundial-e-reune-elite-da-montaria.webp\",\"contentUrl\":\"https:\\\/\\\/www.encontraamericana.com.br\\\/guia\\\/wp-content\\\/uploads\\\/2026\\\/06\\\/festa-do-peao-de-americana-celebra-20-anos-com-liga-mundial-e-reune-elite-da-montaria.webp\",\"width\":280,\"height\":280,\"caption\":\"Festa do Pe\u00e3o de Americana\"},{\"@type\":\"WebSite\",\"@id\":\"https:\\\/\\\/www.encontraamericana.com.br\\\/guia\\\/#website\",\"url\":\"https:\\\/\\\/www.encontraamericana.com.br\\\/guia\\\/\",\"name\":\"Guia Comercial de Americana SP\",\"description\":\"ENCONTRA AMERICANA - O guia comercial de neg\u00f3cios e empresas, cultura e divers\u00e3o na cidade de Americana. Feito 100% para voc\u00ea morador!\",\"potentialAction\":[{\"@type\":\"SearchAction\",\"target\":{\"@type\":\"EntryPoint\",\"urlTemplate\":\"https:\\\/\\\/www.encontraamericana.com.br\\\/guia\\\/?s={search_term_string}\"},\"query-input\":{\"@type\":\"PropertyValueSpecification\",\"valueRequired\":true,\"valueName\":\"search_term_string\"}}],\"inLanguage\":\"pt-BR\"},{\"@type\":\"Person\",\"@id\":\"https:\\\/\\\/www.encontraamericana.com.br\\\/guia\\\/#\\\/schema\\\/person\\\/515cbc6082144e7445cab98211d14f9b\",\"name\":\"Encontra Americana\",\"image\":{\"@type\":\"ImageObject\",\"inLanguage\":\"pt-BR\",\"@id\":\"https:\\\/\\\/secure.gravatar.com\\\/avatar\\\/c50c17820bcf322f0a8fd6b110b8c0918141409dc69076470f6fca5fee70a5d4?s=96&d=mm&r=g\",\"url\":\"https:\\\/\\\/secure.gravatar.com\\\/avatar\\\/c50c17820bcf322f0a8fd6b110b8c0918141409dc69076470f6fca5fee70a5d4?s=96&d=mm&r=g\",\"contentUrl\":\"https:\\\/\\\/secure.gravatar.com\\\/avatar\\\/c50c17820bcf322f0a8fd6b110b8c0918141409dc69076470f6fca5fee70a5d4?s=96&d=mm&r=g\",\"caption\":\"Encontra Americana\"},\"url\":\"https:\\\/\\\/www.encontraamericana.com.br\\\/guia\\\/author\\\/encontraamericana\\\/\"}]}<\/script>\n<!-- \/ Yoast SEO plugin. -->","yoast_head_json":{"title":"Festa do Pe\u00e3o de Americana celebra 20 anos com liga mundial e re\u00fane elite da montaria | Guia Comercial de Americana SP","robots":{"index":"index","follow":"follow","max-snippet":"max-snippet:-1","max-image-preview":"max-image-preview:large","max-video-preview":"max-video-preview:-1"},"canonical":"https:\/\/www.encontraamericana.com.br\/guia\/festa-do-peao-de-americana-celebra-20-anos-com-liga-mundial-e-reune-elite-da-montaria\/","og_locale":"pt_BR","og_type":"article","og_title":"Festa do Pe\u00e3o de Americana celebra 20 anos com liga mundial e re\u00fane elite da montaria | Guia Comercial de Americana SP","og_description":"Festa do Pe\u00e3o de Americana: uma celebra\u00e7\u00e3o imperd\u00edvel da montaria.","og_url":"https:\/\/www.encontraamericana.com.br\/guia\/festa-do-peao-de-americana-celebra-20-anos-com-liga-mundial-e-reune-elite-da-montaria\/","og_site_name":"Guia Comercial de Americana SP","article_published_time":"2026-06-03T14:13:41+00:00","og_image":[{"url":"https:\/\/www.encontraamericana.com.br\/guia\/wp-content\/uploads\/2026\/06\/festa-do-peao-de-americana-celebra-20-anos-com-liga-mundial-e-reune-elite-da-montaria.webp","type":"","width":"","height":""}],"author":"Encontra Americana","twitter_card":"summary_large_image","twitter_misc":{"Escrito por":"Encontra Americana","Est. tempo de leitura":"4 minutos"},"schema":{"@context":"https:\/\/schema.org","@graph":[{"@type":"Article","@id":"https:\/\/www.encontraamericana.com.br\/guia\/festa-do-peao-de-americana-celebra-20-anos-com-liga-mundial-e-reune-elite-da-montaria\/#article","isPartOf":{"@id":"https:\/\/www.encontraamericana.com.br\/guia\/festa-do-peao-de-americana-celebra-20-anos-com-liga-mundial-e-reune-elite-da-montaria\/"},"author":{"name":"Encontra Americana","@id":"https:\/\/www.encontraamericana.com.br\/guia\/#\/schema\/person\/515cbc6082144e7445cab98211d14f9b"},"headline":"Festa do Pe\u00e3o de Americana celebra 20 anos com liga mundial e re\u00fane elite da montaria","datePublished":"2026-06-03T14:13:41+00:00","mainEntityOfPage":{"@id":"https:\/\/www.encontraamericana.com.br\/guia\/festa-do-peao-de-americana-celebra-20-anos-com-liga-mundial-e-reune-elite-da-montaria\/"},"wordCount":751,"commentCount":0,"image":{"@id":"https:\/\/www.encontraamericana.com.br\/guia\/festa-do-peao-de-americana-celebra-20-anos-com-liga-mundial-e-reune-elite-da-montaria\/#primaryimage"},"thumbnailUrl":"https:\/\/www.encontraamericana.com.br\/guia\/wp-content\/uploads\/2026\/06\/festa-do-peao-de-americana-celebra-20-anos-com-liga-mundial-e-reune-elite-da-montaria.webp","articleSection":["Not\u00edcias Americana"],"inLanguage":"pt-BR","potentialAction":[{"@type":"CommentAction","name":"Comment","target":["https:\/\/www.encontraamericana.com.br\/guia\/festa-do-peao-de-americana-celebra-20-anos-com-liga-mundial-e-reune-elite-da-montaria\/#respond"]}]},{"@type":"WebPage","@id":"https:\/\/www.encontraamericana.com.br\/guia\/festa-do-peao-de-americana-celebra-20-anos-com-liga-mundial-e-reune-elite-da-montaria\/","url":"https:\/\/www.encontraamericana.com.br\/guia\/festa-do-peao-de-americana-celebra-20-anos-com-liga-mundial-e-reune-elite-da-montaria\/","name":"Festa do Pe\u00e3o de Americana celebra 20 anos com liga mundial e re\u00fane elite da montaria | Guia Comercial de Americana SP","isPartOf":{"@id":"https:\/\/www.encontraamericana.com.br\/guia\/#website"},"primaryImageOfPage":{"@id":"https:\/\/www.encontraamericana.com.br\/guia\/festa-do-peao-de-americana-celebra-20-anos-com-liga-mundial-e-reune-elite-da-montaria\/#primaryimage"},"image":{"@id":"https:\/\/www.encontraamericana.com.br\/guia\/festa-do-peao-de-americana-celebra-20-anos-com-liga-mundial-e-reune-elite-da-montaria\/#primaryimage"},"thumbnailUrl":"https:\/\/www.encontraamericana.com.br\/guia\/wp-content\/uploads\/2026\/06\/festa-do-peao-de-americana-celebra-20-anos-com-liga-mundial-e-reune-elite-da-montaria.webp","datePublished":"2026-06-03T14:13:41+00:00","author":{"@id":"https:\/\/www.encontraamericana.com.br\/guia\/#\/schema\/person\/515cbc6082144e7445cab98211d14f9b"},"inLanguage":"pt-BR","potentialAction":[{"@type":"ReadAction","target":["https:\/\/www.encontraamericana.com.br\/guia\/festa-do-peao-de-americana-celebra-20-anos-com-liga-mundial-e-reune-elite-da-montaria\/"]}]},{"@type":"ImageObject","inLanguage":"pt-BR","@id":"https:\/\/www.encontraamericana.com.br\/guia\/festa-do-peao-de-americana-celebra-20-anos-com-liga-mundial-e-reune-elite-da-montaria\/#primaryimage","url":"https:\/\/www.encontraamericana.com.br\/guia\/wp-content\/uploads\/2026\/06\/festa-do-peao-de-americana-celebra-20-anos-com-liga-mundial-e-reune-elite-da-montaria.webp","contentUrl":"https:\/\/www.encontraamericana.com.br\/guia\/wp-content\/uploads\/2026\/06\/festa-do-peao-de-americana-celebra-20-anos-com-liga-mundial-e-reune-elite-da-montaria.webp","width":280,"height":280,"caption":"Festa do Pe\u00e3o de Americana"},{"@type":"WebSite","@id":"https:\/\/www.encontraamericana.com.br\/guia\/#website","url":"https:\/\/www.encontraamericana.com.br\/guia\/","name":"Guia Comercial de Americana SP","description":"ENCONTRA AMERICANA - O guia comercial de neg\u00f3cios e empresas, cultura e divers\u00e3o na cidade de Americana. Feito 100% para voc\u00ea morador!","potentialAction":[{"@type":"SearchAction","target":{"@type":"EntryPoint","urlTemplate":"https:\/\/www.encontraamericana.com.br\/guia\/?s={search_term_string}"},"query-input":{"@type":"PropertyValueSpecification","valueRequired":true,"valueName":"search_term_string"}}],"inLanguage":"pt-BR"},{"@type":"Person","@id":"https:\/\/www.encontraamericana.com.br\/guia\/#\/schema\/person\/515cbc6082144e7445cab98211d14f9b","name":"Encontra Americana","image":{"@type":"ImageObject","inLanguage":"pt-BR","@id":"https:\/\/secure.gravatar.com\/avatar\/c50c17820bcf322f0a8fd6b110b8c0918141409dc69076470f6fca5fee70a5d4?s=96&d=mm&r=g","url":"https:\/\/secure.gravatar.com\/avatar\/c50c17820bcf322f0a8fd6b110b8c0918141409dc69076470f6fca5fee70a5d4?s=96&d=mm&r=g","contentUrl":"https:\/\/secure.gravatar.com\/avatar\/c50c17820bcf322f0a8fd6b110b8c0918141409dc69076470f6fca5fee70a5d4?s=96&d=mm&r=g","caption":"Encontra Americana"},"url":"https:\/\/www.encontraamericana.com.br\/guia\/author\/encontraamericana\/"}]}},"_links":{"self":[{"href":"https:\/\/www.encontraamericana.com.br\/guia\/wp-json\/wp\/v2\/posts\/6563","targetHints":{"allow":["GET"]}}],"collection":[{"href":"https:\/\/www.encontraamericana.com.br\/guia\/wp-json\/wp\/v2\/posts"}],"about":[{"href":"https:\/\/www.encontraamericana.com.br\/guia\/wp-json\/wp\/v2\/types\/post"}],"author":[{"embeddable":true,"href":"https:\/\/www.encontraamericana.com.br\/guia\/wp-json\/wp\/v2\/users\/1"}],"replies":[{"embeddable":true,"href":"https:\/\/www.encontraamericana.com.br\/guia\/wp-json\/wp\/v2\/comments?post=6563"}],"version-history":[{"count":0,"href":"https:\/\/www.encontraamericana.com.br\/guia\/wp-json\/wp\/v2\/posts\/6563\/revisions"}],"wp:featuredmedia":[{"embeddable":true,"href":"https:\/\/www.encontraamericana.com.br\/guia\/wp-json\/wp\/v2\/media\/6562"}],"wp:attachment":[{"href":"https:\/\/www.encontraamericana.com.br\/guia\/wp-json\/wp\/v2\/media?parent=6563"}],"wp:term":[{"taxonomy":"category","embeddable":true,"href":"https:\/\/www.encontraamericana.com.br\/guia\/wp-json\/wp\/v2\/categories?post=6563"},{"taxonomy":"post_tag","embeddable":true,"href":"https:\/\/www.encontraamericana.com.br\/guia\/wp-json\/wp\/v2\/tags?post=6563"}],"curies":[{"name":"wp","href":"https:\/\/api.w.org\/{rel}","templated":true}]}}