{"id":6569,"date":"2026-06-04T11:56:26","date_gmt":"2026-06-04T14:56:26","guid":{"rendered":"https:\/\/www.encontraamericana.com.br\/guia\/novo-local-rockday-americana-acontece-no-recinto-do-clube-dos-cavaleiros-dias-3-e-4-de-julho\/"},"modified":"2026-06-04T11:56:26","modified_gmt":"2026-06-04T14:56:26","slug":"novo-local-rockday-americana-acontece-no-recinto-do-clube-dos-cavaleiros-dias-3-e-4-de-julho","status":"publish","type":"post","link":"https:\/\/www.encontraamericana.com.br\/guia\/novo-local-rockday-americana-acontece-no-recinto-do-clube-dos-cavaleiros-dias-3-e-4-de-julho\/","title":{"rendered":"Novo local: RockDay Americana acontece no Recinto do Clube dos Cavaleiros dias 3 e 4 de julho"},"content":{"rendered":"<h2>Mudan\u00e7a de Local para Melhor Conforto<\/h2>\n<p>O <strong>RockDay Americana<\/strong>, um evento que se tornou parte integral da cultura local, ter\u00e1 sua quarta edi\u00e7\u00e3o ocorrendo no <strong>Recinto do Clube dos Cavaleiros<\/strong> nos dias 3 e 4 de julho de 2026. Essa altera\u00e7\u00e3o de local, anunciada pelo prefeito <strong>Chico Sardelli<\/strong>, foi pensada para proporcionar maior conforto e seguran\u00e7a a todos os participantes, uma mudan\u00e7a estrat\u00e9gica devido ao grande n\u00famero de visitantes que o festival costuma atrair.<\/p>\n<h2>Bandas Confirmadas no Line-up<\/h2>\n<p>A programa\u00e7\u00e3o deste ano contar\u00e1 com a presen\u00e7a de renomadas bandas do cen\u00e1rio rock nacional, como <strong>Os Paralamas do Sucesso<\/strong>, <strong>CPM 22<\/strong> e <strong>Raimundos<\/strong>. Esses grupos s\u00e3o conhecidos por suas longas trajet\u00f3rias e muitos f\u00e3s, o que certamente garantir\u00e1 uma atmosfera vibrante e cheia de energia. A tradicional diversidade de g\u00eaneros musicais promete agradar a todas as idades, criando um ambiente inclusivo e festivo.<\/p>\n<h2>Ingressos e Entrada Solid\u00e1ria<\/h2>\n<p>O acesso ao evento ser\u00e1 facilitado pela <strong>entrada solid\u00e1ria<\/strong>. Os participantes poder\u00e3o contribuir com a doa\u00e7\u00e3o de produtos, como uma pomada para assaduras ou um sabonete l\u00edquido infantil, que ser\u00e3o destinados ao <strong>Fundo Social de Solidariedade<\/strong>. Essa iniciativa busca apoiar fam\u00edlias em situa\u00e7\u00e3o de vulnerabilidade na cidade, promovendo a solidariedade e a uni\u00e3o entre os cidad\u00e3os enquanto desfrutam de um grande espet\u00e1culo musical.<\/p>\n<p><img decoding=\"async\" src=\"https:\/\/www.encontraamericana.com.br\/guia\/wp-content\/uploads\/2026\/06\/novo-local-rockday-americana-acontece-no-recinto-do-clube-dos-cavaleiros-dias-3-e-4-de-julho.webp\" alt=\"RockDay Americana\" loading=\"lazy\" \/><\/p>\n<h2>Estrutura do Evento para o P\u00fablico<\/h2>\n<p>A organiza\u00e7\u00e3o do RockDay Americana tem priorizado a infraestrutura do evento, garantindo que todos os f\u00e3s possam desfrutar de uma experi\u00eancia \u00fanica. O <strong>Clube dos Cavaleiros<\/strong> foi escolhido por sua capacidade de acomodar um grande p\u00fablico, mantendo a qualidade do servi\u00e7o e a seguran\u00e7a. O local tamb\u00e9m contar\u00e1 com espa\u00e7os amplos para circula\u00e7\u00e3o, banheiros adequados e diversas op\u00e7\u00f5es de alimenta\u00e7\u00e3o, levando em conta a conveni\u00eancia dos visitantes.<\/p>\n<h2>Parcerias que Impulsionam o RockDay<\/h2>\n<p>A realiza\u00e7\u00e3o do RockDay Americana conta com o apoio de importantes parceiros, como a <strong>Faculdade de Americana (FAM)<\/strong> e a <strong>Gran VIC<\/strong>, empresa reconhecida na \u00e1rea de constru\u00e7\u00e3o e incorpora\u00e7\u00e3o. Essas colabora\u00e7\u00f5es n\u00e3o apenas garantem recursos, mas tamb\u00e9m melhoram a visibilidade e alcance do evento, fortalecendo ainda mais sua presen\u00e7a no calend\u00e1rio cultural da cidade. O prefeito <strong>Chico Sardelli<\/strong> expressou sua gratid\u00e3o pela contribui\u00e7\u00e3o do <strong>Clube dos Cavaleiros<\/strong>, que disponibilizou o espa\u00e7o de forma gratuita.<\/p>\n<h2>Acesso e Transporte Facilitado<\/h2>\n<p>Para facilitar a chegada dos participantes, uma <strong>linha de \u00f4nibus gratuita<\/strong> ser\u00e1 disponibilizada nos dois dias do festival. Essa medida visa garantir o acesso f\u00e1cil ao recito, al\u00e9m de minimizar a preocupa\u00e7\u00e3o com estacionamento e tr\u00e2nsito, permitindo que todos possam se concentrar na divers\u00e3o e nas atra\u00e7\u00f5es do evento. O transporte p\u00fablico tem se mostrado uma alternativa eficiente e sustent\u00e1vel para eventos de grande porte.<\/p>\n<h2>Hist\u00f3ria do RockDay em Americana<\/h2>\n<p>O RockDay Americana tem uma trajet\u00f3ria marcante desde sua primeira edi\u00e7\u00e3o, atraindo um p\u00fablico diversificado e ampliando o apre\u00e7o pela m\u00fasica rock na cidade. Nas edi\u00e7\u00f5es anteriores, o festival foi realizado no <strong>Centro de Cultura e Lazer (CCL)<\/strong>, concentrando-se no cen\u00e1rio musical e nas intera\u00e7\u00f5es sociais. Com cada ano, o evento n\u00e3o s\u00f3 se consolidou, mas tamb\u00e9m se adaptou para abra\u00e7ar novas culturas e estilos musicais, diversificando sua programa\u00e7\u00e3o e atividades.<\/p>\n<h2>Expectativas para a Quarta Edi\u00e7\u00e3o<\/h2>\n<p>Os organizadores do evento esperam um grande comparecimento para esta quarta edi\u00e7\u00e3o. Com a nova localiza\u00e7\u00e3o e a introdu\u00e7\u00e3o de novas bandas, as expectativas s\u00e3o elevadas em termos de p\u00fablico e engajamento. O RockDay Americana busca n\u00e3o apenas entreter, mas tamb\u00e9m fortalecer la\u00e7os comunit\u00e1rios atrav\u00e9s da m\u00fasica. Informa\u00e7\u00f5es adicionais sobre a programa\u00e7\u00e3o, incluindo os hor\u00e1rios das apresenta\u00e7\u00f5es e outras atra\u00e7\u00f5es, ser\u00e3o divulgadas nas semanas que antecedem o evento.<\/p>\n<h2>Impacto Cultural do Evento na Cidade<\/h2>\n<p>O RockDay n\u00e3o \u00e9 apenas um festival de m\u00fasica; ele tamb\u00e9m desempenha um papel significativo na valoriza\u00e7\u00e3o cultural de Americana. O evento traz visibilidade para a cidade, atraindo turistas e entusiastas da m\u00fasica. Essa empreitada refor\u00e7a a import\u00e2ncia da m\u00fasica como meio de express\u00e3o cultural e social, incentivando a participa\u00e7\u00e3o da comunidade e a promo\u00e7\u00e3o de eventos culturais locais, que s\u00e3o fundamentais para o desenvolvimento social e econ\u00f4mico da regi\u00e3o.<\/p>\n<h2>O que Esperar do RockDay em 2026<\/h2>\n<p>O que podemos esperar do RockDay Americana 2026 vai al\u00e9m de grandes apresenta\u00e7\u00f5es. Os f\u00e3s ter\u00e3o a oportunidade de vivenciar uma experi\u00eancia completa, com acesso a uma variedade de estandes, exposi\u00e7\u00f5es e intera\u00e7\u00f5es sociais. O festival tem se mostrado um ambiente prop\u00edcio n\u00e3o apenas para quem aprecia m\u00fasica, mas para toda a fam\u00edlia, promovendo o lazer, a cultura e a solidariedade. Todo esse planejamento visa criar um evento memor\u00e1vel que represente o orgulho da cidade e seu compromisso com a cultura.<\/p>\n","protected":false},"excerpt":{"rendered":"<p>RockDay Americana traz grandes atra\u00e7\u00f5es e novo local para o evento em julho.<\/p>\n","protected":false},"author":1,"featured_media":6568,"comment_status":"open","ping_status":"open","sticky":false,"template":"","format":"standard","meta":{"footnotes":""},"categories":[5],"tags":[],"class_list":["post-6569","post","type-post","status-publish","format-standard","has-post-thumbnail","hentry","category-noticias","has_thumb"],"yoast_head":"<!-- This site is optimized with the Yoast SEO plugin v27.6 - https:\/\/yoast.com\/product\/yoast-seo-wordpress\/ -->\n<title>Novo local: RockDay Americana acontece no Recinto do Clube dos Cavaleiros dias 3 e 4 de julho | Guia Comercial de Americana SP<\/title>\n<meta name=\"robots\" content=\"index, follow, max-snippet:-1, max-image-preview:large, max-video-preview:-1\" \/>\n<link rel=\"canonical\" href=\"https:\/\/www.encontraamericana.com.br\/guia\/novo-local-rockday-americana-acontece-no-recinto-do-clube-dos-cavaleiros-dias-3-e-4-de-julho\/\" \/>\n<meta property=\"og:locale\" content=\"pt_BR\" \/>\n<meta property=\"og:type\" content=\"article\" \/>\n<meta property=\"og:title\" content=\"Novo local: RockDay Americana acontece no Recinto do Clube dos Cavaleiros dias 3 e 4 de julho | Guia Comercial de Americana SP\" \/>\n<meta property=\"og:description\" content=\"RockDay Americana traz grandes atra\u00e7\u00f5es e novo local para o evento em julho.\" \/>\n<meta property=\"og:url\" content=\"https:\/\/www.encontraamericana.com.br\/guia\/novo-local-rockday-americana-acontece-no-recinto-do-clube-dos-cavaleiros-dias-3-e-4-de-julho\/\" \/>\n<meta property=\"og:site_name\" content=\"Guia Comercial de Americana SP\" \/>\n<meta property=\"article:published_time\" content=\"2026-06-04T14:56:26+00:00\" \/>\n<meta property=\"og:image\" content=\"https:\/\/www.encontraamericana.com.br\/guia\/wp-content\/uploads\/2026\/06\/novo-local-rockday-americana-acontece-no-recinto-do-clube-dos-cavaleiros-dias-3-e-4-de-julho.webp\" \/>\n<meta name=\"author\" content=\"Encontra Americana\" \/>\n<meta name=\"twitter:card\" content=\"summary_large_image\" \/>\n<meta name=\"twitter:label1\" content=\"Escrito por\" \/>\n\t<meta name=\"twitter:data1\" content=\"Encontra Americana\" \/>\n\t<meta name=\"twitter:label2\" content=\"Est. tempo de leitura\" \/>\n\t<meta name=\"twitter:data2\" content=\"4 minutos\" \/>\n<script type=\"application\/ld+json\" class=\"yoast-schema-graph\">{\"@context\":\"https:\\\/\\\/schema.org\",\"@graph\":[{\"@type\":\"Article\",\"@id\":\"https:\\\/\\\/www.encontraamericana.com.br\\\/guia\\\/novo-local-rockday-americana-acontece-no-recinto-do-clube-dos-cavaleiros-dias-3-e-4-de-julho\\\/#article\",\"isPartOf\":{\"@id\":\"https:\\\/\\\/www.encontraamericana.com.br\\\/guia\\\/novo-local-rockday-americana-acontece-no-recinto-do-clube-dos-cavaleiros-dias-3-e-4-de-julho\\\/\"},\"author\":{\"name\":\"Encontra Americana\",\"@id\":\"https:\\\/\\\/www.encontraamericana.com.br\\\/guia\\\/#\\\/schema\\\/person\\\/515cbc6082144e7445cab98211d14f9b\"},\"headline\":\"Novo local: RockDay Americana acontece no Recinto do Clube dos Cavaleiros dias 3 e 4 de julho\",\"datePublished\":\"2026-06-04T14:56:26+00:00\",\"mainEntityOfPage\":{\"@id\":\"https:\\\/\\\/www.encontraamericana.com.br\\\/guia\\\/novo-local-rockday-americana-acontece-no-recinto-do-clube-dos-cavaleiros-dias-3-e-4-de-julho\\\/\"},\"wordCount\":866,\"commentCount\":0,\"image\":{\"@id\":\"https:\\\/\\\/www.encontraamericana.com.br\\\/guia\\\/novo-local-rockday-americana-acontece-no-recinto-do-clube-dos-cavaleiros-dias-3-e-4-de-julho\\\/#primaryimage\"},\"thumbnailUrl\":\"https:\\\/\\\/www.encontraamericana.com.br\\\/guia\\\/wp-content\\\/uploads\\\/2026\\\/06\\\/novo-local-rockday-americana-acontece-no-recinto-do-clube-dos-cavaleiros-dias-3-e-4-de-julho.webp\",\"articleSection\":[\"Not\u00edcias Americana\"],\"inLanguage\":\"pt-BR\",\"potentialAction\":[{\"@type\":\"CommentAction\",\"name\":\"Comment\",\"target\":[\"https:\\\/\\\/www.encontraamericana.com.br\\\/guia\\\/novo-local-rockday-americana-acontece-no-recinto-do-clube-dos-cavaleiros-dias-3-e-4-de-julho\\\/#respond\"]}]},{\"@type\":\"WebPage\",\"@id\":\"https:\\\/\\\/www.encontraamericana.com.br\\\/guia\\\/novo-local-rockday-americana-acontece-no-recinto-do-clube-dos-cavaleiros-dias-3-e-4-de-julho\\\/\",\"url\":\"https:\\\/\\\/www.encontraamericana.com.br\\\/guia\\\/novo-local-rockday-americana-acontece-no-recinto-do-clube-dos-cavaleiros-dias-3-e-4-de-julho\\\/\",\"name\":\"Novo local: RockDay Americana acontece no Recinto do Clube dos Cavaleiros dias 3 e 4 de julho | Guia Comercial de Americana SP\",\"isPartOf\":{\"@id\":\"https:\\\/\\\/www.encontraamericana.com.br\\\/guia\\\/#website\"},\"primaryImageOfPage\":{\"@id\":\"https:\\\/\\\/www.encontraamericana.com.br\\\/guia\\\/novo-local-rockday-americana-acontece-no-recinto-do-clube-dos-cavaleiros-dias-3-e-4-de-julho\\\/#primaryimage\"},\"image\":{\"@id\":\"https:\\\/\\\/www.encontraamericana.com.br\\\/guia\\\/novo-local-rockday-americana-acontece-no-recinto-do-clube-dos-cavaleiros-dias-3-e-4-de-julho\\\/#primaryimage\"},\"thumbnailUrl\":\"https:\\\/\\\/www.encontraamericana.com.br\\\/guia\\\/wp-content\\\/uploads\\\/2026\\\/06\\\/novo-local-rockday-americana-acontece-no-recinto-do-clube-dos-cavaleiros-dias-3-e-4-de-julho.webp\",\"datePublished\":\"2026-06-04T14:56:26+00:00\",\"author\":{\"@id\":\"https:\\\/\\\/www.encontraamericana.com.br\\\/guia\\\/#\\\/schema\\\/person\\\/515cbc6082144e7445cab98211d14f9b\"},\"inLanguage\":\"pt-BR\",\"potentialAction\":[{\"@type\":\"ReadAction\",\"target\":[\"https:\\\/\\\/www.encontraamericana.com.br\\\/guia\\\/novo-local-rockday-americana-acontece-no-recinto-do-clube-dos-cavaleiros-dias-3-e-4-de-julho\\\/\"]}]},{\"@type\":\"ImageObject\",\"inLanguage\":\"pt-BR\",\"@id\":\"https:\\\/\\\/www.encontraamericana.com.br\\\/guia\\\/novo-local-rockday-americana-acontece-no-recinto-do-clube-dos-cavaleiros-dias-3-e-4-de-julho\\\/#primaryimage\",\"url\":\"https:\\\/\\\/www.encontraamericana.com.br\\\/guia\\\/wp-content\\\/uploads\\\/2026\\\/06\\\/novo-local-rockday-americana-acontece-no-recinto-do-clube-dos-cavaleiros-dias-3-e-4-de-julho.webp\",\"contentUrl\":\"https:\\\/\\\/www.encontraamericana.com.br\\\/guia\\\/wp-content\\\/uploads\\\/2026\\\/06\\\/novo-local-rockday-americana-acontece-no-recinto-do-clube-dos-cavaleiros-dias-3-e-4-de-julho.webp\",\"width\":280,\"height\":280,\"caption\":\"RockDay Americana\"},{\"@type\":\"WebSite\",\"@id\":\"https:\\\/\\\/www.encontraamericana.com.br\\\/guia\\\/#website\",\"url\":\"https:\\\/\\\/www.encontraamericana.com.br\\\/guia\\\/\",\"name\":\"Guia Comercial de Americana SP\",\"description\":\"ENCONTRA AMERICANA - O guia comercial de neg\u00f3cios e empresas, cultura e divers\u00e3o na cidade de Americana. Feito 100% para voc\u00ea morador!\",\"potentialAction\":[{\"@type\":\"SearchAction\",\"target\":{\"@type\":\"EntryPoint\",\"urlTemplate\":\"https:\\\/\\\/www.encontraamericana.com.br\\\/guia\\\/?s={search_term_string}\"},\"query-input\":{\"@type\":\"PropertyValueSpecification\",\"valueRequired\":true,\"valueName\":\"search_term_string\"}}],\"inLanguage\":\"pt-BR\"},{\"@type\":\"Person\",\"@id\":\"https:\\\/\\\/www.encontraamericana.com.br\\\/guia\\\/#\\\/schema\\\/person\\\/515cbc6082144e7445cab98211d14f9b\",\"name\":\"Encontra Americana\",\"image\":{\"@type\":\"ImageObject\",\"inLanguage\":\"pt-BR\",\"@id\":\"https:\\\/\\\/secure.gravatar.com\\\/avatar\\\/c50c17820bcf322f0a8fd6b110b8c0918141409dc69076470f6fca5fee70a5d4?s=96&d=mm&r=g\",\"url\":\"https:\\\/\\\/secure.gravatar.com\\\/avatar\\\/c50c17820bcf322f0a8fd6b110b8c0918141409dc69076470f6fca5fee70a5d4?s=96&d=mm&r=g\",\"contentUrl\":\"https:\\\/\\\/secure.gravatar.com\\\/avatar\\\/c50c17820bcf322f0a8fd6b110b8c0918141409dc69076470f6fca5fee70a5d4?s=96&d=mm&r=g\",\"caption\":\"Encontra Americana\"},\"url\":\"https:\\\/\\\/www.encontraamericana.com.br\\\/guia\\\/author\\\/encontraamericana\\\/\"}]}<\/script>\n<!-- \/ Yoast SEO plugin. -->","yoast_head_json":{"title":"Novo local: RockDay Americana acontece no Recinto do Clube dos Cavaleiros dias 3 e 4 de julho | Guia Comercial de Americana SP","robots":{"index":"index","follow":"follow","max-snippet":"max-snippet:-1","max-image-preview":"max-image-preview:large","max-video-preview":"max-video-preview:-1"},"canonical":"https:\/\/www.encontraamericana.com.br\/guia\/novo-local-rockday-americana-acontece-no-recinto-do-clube-dos-cavaleiros-dias-3-e-4-de-julho\/","og_locale":"pt_BR","og_type":"article","og_title":"Novo local: RockDay Americana acontece no Recinto do Clube dos Cavaleiros dias 3 e 4 de julho | Guia Comercial de Americana SP","og_description":"RockDay Americana traz grandes atra\u00e7\u00f5es e novo local para o evento em julho.","og_url":"https:\/\/www.encontraamericana.com.br\/guia\/novo-local-rockday-americana-acontece-no-recinto-do-clube-dos-cavaleiros-dias-3-e-4-de-julho\/","og_site_name":"Guia Comercial de Americana SP","article_published_time":"2026-06-04T14:56:26+00:00","og_image":[{"url":"https:\/\/www.encontraamericana.com.br\/guia\/wp-content\/uploads\/2026\/06\/novo-local-rockday-americana-acontece-no-recinto-do-clube-dos-cavaleiros-dias-3-e-4-de-julho.webp","type":"","width":"","height":""}],"author":"Encontra Americana","twitter_card":"summary_large_image","twitter_misc":{"Escrito por":"Encontra Americana","Est. tempo de leitura":"4 minutos"},"schema":{"@context":"https:\/\/schema.org","@graph":[{"@type":"Article","@id":"https:\/\/www.encontraamericana.com.br\/guia\/novo-local-rockday-americana-acontece-no-recinto-do-clube-dos-cavaleiros-dias-3-e-4-de-julho\/#article","isPartOf":{"@id":"https:\/\/www.encontraamericana.com.br\/guia\/novo-local-rockday-americana-acontece-no-recinto-do-clube-dos-cavaleiros-dias-3-e-4-de-julho\/"},"author":{"name":"Encontra Americana","@id":"https:\/\/www.encontraamericana.com.br\/guia\/#\/schema\/person\/515cbc6082144e7445cab98211d14f9b"},"headline":"Novo local: RockDay Americana acontece no Recinto do Clube dos Cavaleiros dias 3 e 4 de julho","datePublished":"2026-06-04T14:56:26+00:00","mainEntityOfPage":{"@id":"https:\/\/www.encontraamericana.com.br\/guia\/novo-local-rockday-americana-acontece-no-recinto-do-clube-dos-cavaleiros-dias-3-e-4-de-julho\/"},"wordCount":866,"commentCount":0,"image":{"@id":"https:\/\/www.encontraamericana.com.br\/guia\/novo-local-rockday-americana-acontece-no-recinto-do-clube-dos-cavaleiros-dias-3-e-4-de-julho\/#primaryimage"},"thumbnailUrl":"https:\/\/www.encontraamericana.com.br\/guia\/wp-content\/uploads\/2026\/06\/novo-local-rockday-americana-acontece-no-recinto-do-clube-dos-cavaleiros-dias-3-e-4-de-julho.webp","articleSection":["Not\u00edcias Americana"],"inLanguage":"pt-BR","potentialAction":[{"@type":"CommentAction","name":"Comment","target":["https:\/\/www.encontraamericana.com.br\/guia\/novo-local-rockday-americana-acontece-no-recinto-do-clube-dos-cavaleiros-dias-3-e-4-de-julho\/#respond"]}]},{"@type":"WebPage","@id":"https:\/\/www.encontraamericana.com.br\/guia\/novo-local-rockday-americana-acontece-no-recinto-do-clube-dos-cavaleiros-dias-3-e-4-de-julho\/","url":"https:\/\/www.encontraamericana.com.br\/guia\/novo-local-rockday-americana-acontece-no-recinto-do-clube-dos-cavaleiros-dias-3-e-4-de-julho\/","name":"Novo local: RockDay Americana acontece no Recinto do Clube dos Cavaleiros dias 3 e 4 de julho | Guia Comercial de Americana SP","isPartOf":{"@id":"https:\/\/www.encontraamericana.com.br\/guia\/#website"},"primaryImageOfPage":{"@id":"https:\/\/www.encontraamericana.com.br\/guia\/novo-local-rockday-americana-acontece-no-recinto-do-clube-dos-cavaleiros-dias-3-e-4-de-julho\/#primaryimage"},"image":{"@id":"https:\/\/www.encontraamericana.com.br\/guia\/novo-local-rockday-americana-acontece-no-recinto-do-clube-dos-cavaleiros-dias-3-e-4-de-julho\/#primaryimage"},"thumbnailUrl":"https:\/\/www.encontraamericana.com.br\/guia\/wp-content\/uploads\/2026\/06\/novo-local-rockday-americana-acontece-no-recinto-do-clube-dos-cavaleiros-dias-3-e-4-de-julho.webp","datePublished":"2026-06-04T14:56:26+00:00","author":{"@id":"https:\/\/www.encontraamericana.com.br\/guia\/#\/schema\/person\/515cbc6082144e7445cab98211d14f9b"},"inLanguage":"pt-BR","potentialAction":[{"@type":"ReadAction","target":["https:\/\/www.encontraamericana.com.br\/guia\/novo-local-rockday-americana-acontece-no-recinto-do-clube-dos-cavaleiros-dias-3-e-4-de-julho\/"]}]},{"@type":"ImageObject","inLanguage":"pt-BR","@id":"https:\/\/www.encontraamericana.com.br\/guia\/novo-local-rockday-americana-acontece-no-recinto-do-clube-dos-cavaleiros-dias-3-e-4-de-julho\/#primaryimage","url":"https:\/\/www.encontraamericana.com.br\/guia\/wp-content\/uploads\/2026\/06\/novo-local-rockday-americana-acontece-no-recinto-do-clube-dos-cavaleiros-dias-3-e-4-de-julho.webp","contentUrl":"https:\/\/www.encontraamericana.com.br\/guia\/wp-content\/uploads\/2026\/06\/novo-local-rockday-americana-acontece-no-recinto-do-clube-dos-cavaleiros-dias-3-e-4-de-julho.webp","width":280,"height":280,"caption":"RockDay Americana"},{"@type":"WebSite","@id":"https:\/\/www.encontraamericana.com.br\/guia\/#website","url":"https:\/\/www.encontraamericana.com.br\/guia\/","name":"Guia Comercial de Americana SP","description":"ENCONTRA AMERICANA - O guia comercial de neg\u00f3cios e empresas, cultura e divers\u00e3o na cidade de Americana. Feito 100% para voc\u00ea morador!","potentialAction":[{"@type":"SearchAction","target":{"@type":"EntryPoint","urlTemplate":"https:\/\/www.encontraamericana.com.br\/guia\/?s={search_term_string}"},"query-input":{"@type":"PropertyValueSpecification","valueRequired":true,"valueName":"search_term_string"}}],"inLanguage":"pt-BR"},{"@type":"Person","@id":"https:\/\/www.encontraamericana.com.br\/guia\/#\/schema\/person\/515cbc6082144e7445cab98211d14f9b","name":"Encontra Americana","image":{"@type":"ImageObject","inLanguage":"pt-BR","@id":"https:\/\/secure.gravatar.com\/avatar\/c50c17820bcf322f0a8fd6b110b8c0918141409dc69076470f6fca5fee70a5d4?s=96&d=mm&r=g","url":"https:\/\/secure.gravatar.com\/avatar\/c50c17820bcf322f0a8fd6b110b8c0918141409dc69076470f6fca5fee70a5d4?s=96&d=mm&r=g","contentUrl":"https:\/\/secure.gravatar.com\/avatar\/c50c17820bcf322f0a8fd6b110b8c0918141409dc69076470f6fca5fee70a5d4?s=96&d=mm&r=g","caption":"Encontra Americana"},"url":"https:\/\/www.encontraamericana.com.br\/guia\/author\/encontraamericana\/"}]}},"_links":{"self":[{"href":"https:\/\/www.encontraamericana.com.br\/guia\/wp-json\/wp\/v2\/posts\/6569","targetHints":{"allow":["GET"]}}],"collection":[{"href":"https:\/\/www.encontraamericana.com.br\/guia\/wp-json\/wp\/v2\/posts"}],"about":[{"href":"https:\/\/www.encontraamericana.com.br\/guia\/wp-json\/wp\/v2\/types\/post"}],"author":[{"embeddable":true,"href":"https:\/\/www.encontraamericana.com.br\/guia\/wp-json\/wp\/v2\/users\/1"}],"replies":[{"embeddable":true,"href":"https:\/\/www.encontraamericana.com.br\/guia\/wp-json\/wp\/v2\/comments?post=6569"}],"version-history":[{"count":0,"href":"https:\/\/www.encontraamericana.com.br\/guia\/wp-json\/wp\/v2\/posts\/6569\/revisions"}],"wp:featuredmedia":[{"embeddable":true,"href":"https:\/\/www.encontraamericana.com.br\/guia\/wp-json\/wp\/v2\/media\/6568"}],"wp:attachment":[{"href":"https:\/\/www.encontraamericana.com.br\/guia\/wp-json\/wp\/v2\/media?parent=6569"}],"wp:term":[{"taxonomy":"category","embeddable":true,"href":"https:\/\/www.encontraamericana.com.br\/guia\/wp-json\/wp\/v2\/categories?post=6569"},{"taxonomy":"post_tag","embeddable":true,"href":"https:\/\/www.encontraamericana.com.br\/guia\/wp-json\/wp\/v2\/tags?post=6569"}],"curies":[{"name":"wp","href":"https:\/\/api.w.org\/{rel}","templated":true}]}}