{"id":6599,"date":"2026-06-10T11:29:24","date_gmt":"2026-06-10T14:29:24","guid":{"rendered":"https:\/\/www.encontraamericana.com.br\/guia\/corrida-e-caminhada-suzano-faz-bem-em-americana-sp-deve-reunir-2-mil-participantes-no-dia-5-de-julho\/"},"modified":"2026-06-10T11:29:24","modified_gmt":"2026-06-10T14:29:24","slug":"corrida-e-caminhada-suzano-faz-bem-em-americana-sp-deve-reunir-2-mil-participantes-no-dia-5-de-julho","status":"publish","type":"post","link":"https:\/\/www.encontraamericana.com.br\/guia\/corrida-e-caminhada-suzano-faz-bem-em-americana-sp-deve-reunir-2-mil-participantes-no-dia-5-de-julho\/","title":{"rendered":"Corrida e Caminhada Suzano Faz Bem em Americana (SP) deve reunir 2 mil participantes no dia 5 de julho"},"content":{"rendered":"<h2>O que \u00e9 a Corrida e Caminhada Suzano?<\/h2>\n<p>A <strong>Corrida e Caminhada Suzano Faz Bem<\/strong> \u00e9 um evento comunit\u00e1rio que visa promover a sa\u00fade e o bem-estar entre os participantes. A edi\u00e7\u00e3o deste ano est\u00e1 programada para o dia 5 de julho, oferecendo percursos de 5 km e 10 km para corridas, e 5 km para caminhadas. O evento \u00e9 uma excelente oportunidade para integrar a comunidade local, incentivando a pr\u00e1tica de atividades f\u00edsicas e a solidariedade.<\/p>\n<h2>Data e local do evento<\/h2>\n<p>O evento acontecer\u00e1 em <strong>Americana (SP)<\/strong>, com a concentra\u00e7\u00e3o marcada para as 6h do dia 5 de julho. A Rua Abrahim Abraham, 97, pr\u00f3ximo \u00e0 sede da APAE, ser\u00e1 o ponto de encontro para os participantes. A largada da corrida de 10 km est\u00e1 prevista para as 7h15 e a caminhada, junto com a corrida de 5 km, come\u00e7ar\u00e1 logo em seguida \u00e0s 7h25.<\/p>\n<h2>Percursos dispon\u00edveis para os participantes<\/h2>\n<p>Os percursos do evento possuem as seguintes dist\u00e2ncias:<\/p>\n<p><img decoding=\"async\" src=\"https:\/\/www.encontraamericana.com.br\/guia\/wp-content\/uploads\/2026\/06\/corrida-e-caminhada-suzano-faz-bem-em-americana-sp-deve-reunir-2-mil-participantes-no-dia-5-de-julho.webp\" alt=\"Corrida e Caminhada Suzano Faz Bem\" loading=\"lazy\" \/><\/p>\n<ul>\n<li><strong>5 km:<\/strong> Para a caminhada e tamb\u00e9m para corredores;<\/li>\n<li><strong>10 km:<\/strong> Exclusivo para corredores.<\/li>\n<\/ul>\n<p>Os trajetos foram pensados para serem acess\u00edveis a todas as idades e n\u00edveis de condicionamento f\u00edsico, promovendo um ambiente de inclus\u00e3o e sa\u00fade.<\/p>\n<h2>Inscri\u00e7\u00f5es e valores<\/h2>\n<p>As inscri\u00e7\u00f5es para participar da corrida devem ser realizadas atrav\u00e9s do site oficial. \u00c9 fundamental atentar-se para o n\u00famero limitado de vagas, ent\u00e3o recomenda-se registrar-se o quanto antes. O valor da inscri\u00e7\u00e3o \u00e9 de <strong>R$ 39,90<\/strong> (mais taxa do site), sendo que toda a arrecada\u00e7\u00e3o ser\u00e1 destinada a institui\u00e7\u00f5es de apoio em Americana, como a APAE e o Lar dos Velhinhos S\u00e3o Vicente de Paulo.<\/p>\n<h2>A import\u00e2ncia da solidariedade<\/h2>\n<p>Al\u00e9m de promover sa\u00fade, a <strong>Corrida e Caminhada Suzano Faz Bem<\/strong> enfatiza a solidariedade. O valor simb\u00f3lico da inscri\u00e7\u00e3o \u00e9 uma forma de contribuir para o bem-estar social, incentivando a ajuda a institui\u00e7\u00f5es que atuam em prol de quem mais precisa. Esse tipo de a\u00e7\u00e3o mostra como a pr\u00e1tica de esportes pode gerar um impacto positivo tanto na sa\u00fade dos participantes quanto na vida de outros membros da comunidade.<\/p>\n<h2>Preparativos para o grande dia<\/h2>\n<p>Para garantir uma experi\u00eancia segura e agrad\u00e1vel, os participantes devem fazer os seguintes preparativos:<\/p>\n<ul>\n<li><strong>Retirada dos Kits:<\/strong> A camiseta do evento ser\u00e1 entregue no dia da corrida, enquanto o n\u00famero de peito e outros itens dever\u00e3o ser retirados antecipadamente. \u00c9 importante levar um voucher indicando o tamanho da camiseta para facilitar a entrega.<\/li>\n<li><strong>Chegada Cedo:<\/strong> \u00c9 aconselh\u00e1vel chegar com anteced\u00eancia ao local do evento para evitar correria e se familiarizar com a estrutura montada para a corrida.<\/li>\n<li><strong>Aquecer:<\/strong> Antes da largada, procure fazer alongamentos e aquecimentos para prevenir les\u00f5es.<\/li>\n<\/ul>\n<h2>Recompensas e medalhas para participantes<\/h2>\n<p>Todas as pessoas que completarem as dist\u00e2ncias propostas na corrida receber\u00e3o uma medalha de participa\u00e7\u00e3o. Al\u00e9m disso, haver\u00e1 pr\u00eamios em forma de trof\u00e9us para os cinco primeiros colocados nas corridas de 5 km e 10 km, assim como para os tr\u00eas primeiros em cada categoria, que s\u00e3o divididas por sexo e faixas et\u00e1rias a cada 10 anos.<\/p>\n<h2>Atividades e atra\u00e7\u00f5es paralelas<\/h2>\n<p>O evento proporcionar\u00e1 uma s\u00e9rie de atividades paralelas, como:<\/p>\n<ul>\n<li><strong>Arena Kids:<\/strong> Um espa\u00e7o reservado para crian\u00e7as acima de 6 anos, com monitoria;<\/li>\n<li><strong>Plataforma de fotos e v\u00eddeos:<\/strong> Giro 360\u00b0, para que os participantes possam registrar seus momentos;<\/li>\n<li><strong>Espa\u00e7o Sustentabilidade:<\/strong> Com exposi\u00e7\u00e3o e venda de artesanato realizado por projetos sociais apoiados pela Suzano;<\/li>\n<li><strong>Food Trucks:<\/strong> Op\u00e7\u00f5es variadas de comidas para atender a todos os gostos.<\/li>\n<\/ul>\n<h2>Como se preparar para a corrida<\/h2>\n<p>Para garantir um bom desempenho durante a Corrida e Caminhada Suzano Faz Bem, considere as seguintes dicas:<\/p>\n<ul>\n<li><strong>Treino Regular:<\/strong> Mantenha um regime de treinamento consistente, aumentando gradualmente a intensidade e a dist\u00e2ncia das corridas.<\/li>\n<li><strong>Dieta Equilibrada:<\/strong> Alimente-se bem, com foco em frutas, legumes, prote\u00ednas e hidrata\u00e7\u00e3o adequada antes e ap\u00f3s a corrida.<\/li>\n<li><strong>Descanso:<\/strong> Certifique-se de descansar adequadamente antes do evento para ter energia suficiente no dia da corrida.<\/li>\n<\/ul>\n<h2>Sobre a Suzano e seu compromisso social<\/h2>\n<p>A <strong>Suzano<\/strong> \u00e9 reconhecida mundialmente como a maior produtora de celulose e se destaca na fabrica\u00e7\u00e3o de bioprodutos. Mais do que um pilar econ\u00f4mico, a empresa tem um forte compromisso com a responsabilidade social e ambiental. A Corrida e Caminhada Suzano Faz Bem \u00e9 um reflexo dessa filosofia, evidenciando a import\u00e2ncia de promover n\u00e3o apenas a sa\u00fade dos colaboradores, mas tamb\u00e9m o bem-estar da comunidade ao redor, atrav\u00e9s de iniciativas que refor\u00e7am a liga\u00e7\u00e3o com a sociedade.<\/p>\n<p>Transformar atividade f\u00edsica em uma ferramenta de ajuda e solidariedade \u00e9 uma das metas da Suzano, que acredita que cada passo dado, junto com a comunidade, transforma vidas e fortalece la\u00e7os entre as pessoas.<\/p>\n","protected":false},"excerpt":{"rendered":"<p>Corrida e caminhada em Americana promete reunir 2 mil pessoas. Participe!<\/p>\n","protected":false},"author":1,"featured_media":6598,"comment_status":"open","ping_status":"open","sticky":false,"template":"","format":"standard","meta":{"footnotes":""},"categories":[5],"tags":[],"class_list":["post-6599","post","type-post","status-publish","format-standard","has-post-thumbnail","hentry","category-noticias","has_thumb"],"yoast_head":"<!-- This site is optimized with the Yoast SEO plugin v27.6 - https:\/\/yoast.com\/product\/yoast-seo-wordpress\/ -->\n<title>Corrida e Caminhada Suzano Faz Bem em Americana (SP) deve reunir 2 mil participantes no dia 5 de julho | Guia Comercial de Americana SP<\/title>\n<meta name=\"robots\" content=\"index, follow, max-snippet:-1, max-image-preview:large, max-video-preview:-1\" \/>\n<link rel=\"canonical\" href=\"https:\/\/www.encontraamericana.com.br\/guia\/corrida-e-caminhada-suzano-faz-bem-em-americana-sp-deve-reunir-2-mil-participantes-no-dia-5-de-julho\/\" \/>\n<meta property=\"og:locale\" content=\"pt_BR\" \/>\n<meta property=\"og:type\" content=\"article\" \/>\n<meta property=\"og:title\" content=\"Corrida e Caminhada Suzano Faz Bem em Americana (SP) deve reunir 2 mil participantes no dia 5 de julho | Guia Comercial de Americana SP\" \/>\n<meta property=\"og:description\" content=\"Corrida e caminhada em Americana promete reunir 2 mil pessoas. Participe!\" \/>\n<meta property=\"og:url\" content=\"https:\/\/www.encontraamericana.com.br\/guia\/corrida-e-caminhada-suzano-faz-bem-em-americana-sp-deve-reunir-2-mil-participantes-no-dia-5-de-julho\/\" \/>\n<meta property=\"og:site_name\" content=\"Guia Comercial de Americana SP\" \/>\n<meta property=\"article:published_time\" content=\"2026-06-10T14:29:24+00:00\" \/>\n<meta property=\"og:image\" content=\"https:\/\/www.encontraamericana.com.br\/guia\/wp-content\/uploads\/2026\/06\/corrida-e-caminhada-suzano-faz-bem-em-americana-sp-deve-reunir-2-mil-participantes-no-dia-5-de-julho.webp\" \/>\n<meta name=\"author\" content=\"Encontra Americana\" \/>\n<meta name=\"twitter:card\" content=\"summary_large_image\" \/>\n<meta name=\"twitter:label1\" content=\"Escrito por\" \/>\n\t<meta name=\"twitter:data1\" content=\"Encontra Americana\" \/>\n\t<meta name=\"twitter:label2\" content=\"Est. tempo de leitura\" \/>\n\t<meta name=\"twitter:data2\" content=\"4 minutos\" \/>\n<script type=\"application\/ld+json\" class=\"yoast-schema-graph\">{\"@context\":\"https:\\\/\\\/schema.org\",\"@graph\":[{\"@type\":\"Article\",\"@id\":\"https:\\\/\\\/www.encontraamericana.com.br\\\/guia\\\/corrida-e-caminhada-suzano-faz-bem-em-americana-sp-deve-reunir-2-mil-participantes-no-dia-5-de-julho\\\/#article\",\"isPartOf\":{\"@id\":\"https:\\\/\\\/www.encontraamericana.com.br\\\/guia\\\/corrida-e-caminhada-suzano-faz-bem-em-americana-sp-deve-reunir-2-mil-participantes-no-dia-5-de-julho\\\/\"},\"author\":{\"name\":\"Encontra Americana\",\"@id\":\"https:\\\/\\\/www.encontraamericana.com.br\\\/guia\\\/#\\\/schema\\\/person\\\/515cbc6082144e7445cab98211d14f9b\"},\"headline\":\"Corrida e Caminhada Suzano Faz Bem em Americana (SP) deve reunir 2 mil participantes no dia 5 de julho\",\"datePublished\":\"2026-06-10T14:29:24+00:00\",\"mainEntityOfPage\":{\"@id\":\"https:\\\/\\\/www.encontraamericana.com.br\\\/guia\\\/corrida-e-caminhada-suzano-faz-bem-em-americana-sp-deve-reunir-2-mil-participantes-no-dia-5-de-julho\\\/\"},\"wordCount\":815,\"commentCount\":0,\"image\":{\"@id\":\"https:\\\/\\\/www.encontraamericana.com.br\\\/guia\\\/corrida-e-caminhada-suzano-faz-bem-em-americana-sp-deve-reunir-2-mil-participantes-no-dia-5-de-julho\\\/#primaryimage\"},\"thumbnailUrl\":\"https:\\\/\\\/www.encontraamericana.com.br\\\/guia\\\/wp-content\\\/uploads\\\/2026\\\/06\\\/corrida-e-caminhada-suzano-faz-bem-em-americana-sp-deve-reunir-2-mil-participantes-no-dia-5-de-julho.webp\",\"articleSection\":[\"Not\u00edcias Americana\"],\"inLanguage\":\"pt-BR\",\"potentialAction\":[{\"@type\":\"CommentAction\",\"name\":\"Comment\",\"target\":[\"https:\\\/\\\/www.encontraamericana.com.br\\\/guia\\\/corrida-e-caminhada-suzano-faz-bem-em-americana-sp-deve-reunir-2-mil-participantes-no-dia-5-de-julho\\\/#respond\"]}]},{\"@type\":\"WebPage\",\"@id\":\"https:\\\/\\\/www.encontraamericana.com.br\\\/guia\\\/corrida-e-caminhada-suzano-faz-bem-em-americana-sp-deve-reunir-2-mil-participantes-no-dia-5-de-julho\\\/\",\"url\":\"https:\\\/\\\/www.encontraamericana.com.br\\\/guia\\\/corrida-e-caminhada-suzano-faz-bem-em-americana-sp-deve-reunir-2-mil-participantes-no-dia-5-de-julho\\\/\",\"name\":\"Corrida e Caminhada Suzano Faz Bem em Americana (SP) deve reunir 2 mil participantes no dia 5 de julho | Guia Comercial de Americana SP\",\"isPartOf\":{\"@id\":\"https:\\\/\\\/www.encontraamericana.com.br\\\/guia\\\/#website\"},\"primaryImageOfPage\":{\"@id\":\"https:\\\/\\\/www.encontraamericana.com.br\\\/guia\\\/corrida-e-caminhada-suzano-faz-bem-em-americana-sp-deve-reunir-2-mil-participantes-no-dia-5-de-julho\\\/#primaryimage\"},\"image\":{\"@id\":\"https:\\\/\\\/www.encontraamericana.com.br\\\/guia\\\/corrida-e-caminhada-suzano-faz-bem-em-americana-sp-deve-reunir-2-mil-participantes-no-dia-5-de-julho\\\/#primaryimage\"},\"thumbnailUrl\":\"https:\\\/\\\/www.encontraamericana.com.br\\\/guia\\\/wp-content\\\/uploads\\\/2026\\\/06\\\/corrida-e-caminhada-suzano-faz-bem-em-americana-sp-deve-reunir-2-mil-participantes-no-dia-5-de-julho.webp\",\"datePublished\":\"2026-06-10T14:29:24+00:00\",\"author\":{\"@id\":\"https:\\\/\\\/www.encontraamericana.com.br\\\/guia\\\/#\\\/schema\\\/person\\\/515cbc6082144e7445cab98211d14f9b\"},\"inLanguage\":\"pt-BR\",\"potentialAction\":[{\"@type\":\"ReadAction\",\"target\":[\"https:\\\/\\\/www.encontraamericana.com.br\\\/guia\\\/corrida-e-caminhada-suzano-faz-bem-em-americana-sp-deve-reunir-2-mil-participantes-no-dia-5-de-julho\\\/\"]}]},{\"@type\":\"ImageObject\",\"inLanguage\":\"pt-BR\",\"@id\":\"https:\\\/\\\/www.encontraamericana.com.br\\\/guia\\\/corrida-e-caminhada-suzano-faz-bem-em-americana-sp-deve-reunir-2-mil-participantes-no-dia-5-de-julho\\\/#primaryimage\",\"url\":\"https:\\\/\\\/www.encontraamericana.com.br\\\/guia\\\/wp-content\\\/uploads\\\/2026\\\/06\\\/corrida-e-caminhada-suzano-faz-bem-em-americana-sp-deve-reunir-2-mil-participantes-no-dia-5-de-julho.webp\",\"contentUrl\":\"https:\\\/\\\/www.encontraamericana.com.br\\\/guia\\\/wp-content\\\/uploads\\\/2026\\\/06\\\/corrida-e-caminhada-suzano-faz-bem-em-americana-sp-deve-reunir-2-mil-participantes-no-dia-5-de-julho.webp\",\"width\":280,\"height\":280,\"caption\":\"Corrida e Caminhada Suzano Faz Bem\"},{\"@type\":\"WebSite\",\"@id\":\"https:\\\/\\\/www.encontraamericana.com.br\\\/guia\\\/#website\",\"url\":\"https:\\\/\\\/www.encontraamericana.com.br\\\/guia\\\/\",\"name\":\"Guia Comercial de Americana SP\",\"description\":\"ENCONTRA AMERICANA - O guia comercial de neg\u00f3cios e empresas, cultura e divers\u00e3o na cidade de Americana. Feito 100% para voc\u00ea morador!\",\"potentialAction\":[{\"@type\":\"SearchAction\",\"target\":{\"@type\":\"EntryPoint\",\"urlTemplate\":\"https:\\\/\\\/www.encontraamericana.com.br\\\/guia\\\/?s={search_term_string}\"},\"query-input\":{\"@type\":\"PropertyValueSpecification\",\"valueRequired\":true,\"valueName\":\"search_term_string\"}}],\"inLanguage\":\"pt-BR\"},{\"@type\":\"Person\",\"@id\":\"https:\\\/\\\/www.encontraamericana.com.br\\\/guia\\\/#\\\/schema\\\/person\\\/515cbc6082144e7445cab98211d14f9b\",\"name\":\"Encontra Americana\",\"image\":{\"@type\":\"ImageObject\",\"inLanguage\":\"pt-BR\",\"@id\":\"https:\\\/\\\/secure.gravatar.com\\\/avatar\\\/c50c17820bcf322f0a8fd6b110b8c0918141409dc69076470f6fca5fee70a5d4?s=96&d=mm&r=g\",\"url\":\"https:\\\/\\\/secure.gravatar.com\\\/avatar\\\/c50c17820bcf322f0a8fd6b110b8c0918141409dc69076470f6fca5fee70a5d4?s=96&d=mm&r=g\",\"contentUrl\":\"https:\\\/\\\/secure.gravatar.com\\\/avatar\\\/c50c17820bcf322f0a8fd6b110b8c0918141409dc69076470f6fca5fee70a5d4?s=96&d=mm&r=g\",\"caption\":\"Encontra Americana\"},\"url\":\"https:\\\/\\\/www.encontraamericana.com.br\\\/guia\\\/author\\\/encontraamericana\\\/\"}]}<\/script>\n<!-- \/ Yoast SEO plugin. -->","yoast_head_json":{"title":"Corrida e Caminhada Suzano Faz Bem em Americana (SP) deve reunir 2 mil participantes no dia 5 de julho | Guia Comercial de Americana SP","robots":{"index":"index","follow":"follow","max-snippet":"max-snippet:-1","max-image-preview":"max-image-preview:large","max-video-preview":"max-video-preview:-1"},"canonical":"https:\/\/www.encontraamericana.com.br\/guia\/corrida-e-caminhada-suzano-faz-bem-em-americana-sp-deve-reunir-2-mil-participantes-no-dia-5-de-julho\/","og_locale":"pt_BR","og_type":"article","og_title":"Corrida e Caminhada Suzano Faz Bem em Americana (SP) deve reunir 2 mil participantes no dia 5 de julho | Guia Comercial de Americana SP","og_description":"Corrida e caminhada em Americana promete reunir 2 mil pessoas. Participe!","og_url":"https:\/\/www.encontraamericana.com.br\/guia\/corrida-e-caminhada-suzano-faz-bem-em-americana-sp-deve-reunir-2-mil-participantes-no-dia-5-de-julho\/","og_site_name":"Guia Comercial de Americana SP","article_published_time":"2026-06-10T14:29:24+00:00","og_image":[{"url":"https:\/\/www.encontraamericana.com.br\/guia\/wp-content\/uploads\/2026\/06\/corrida-e-caminhada-suzano-faz-bem-em-americana-sp-deve-reunir-2-mil-participantes-no-dia-5-de-julho.webp","type":"","width":"","height":""}],"author":"Encontra Americana","twitter_card":"summary_large_image","twitter_misc":{"Escrito por":"Encontra Americana","Est. tempo de leitura":"4 minutos"},"schema":{"@context":"https:\/\/schema.org","@graph":[{"@type":"Article","@id":"https:\/\/www.encontraamericana.com.br\/guia\/corrida-e-caminhada-suzano-faz-bem-em-americana-sp-deve-reunir-2-mil-participantes-no-dia-5-de-julho\/#article","isPartOf":{"@id":"https:\/\/www.encontraamericana.com.br\/guia\/corrida-e-caminhada-suzano-faz-bem-em-americana-sp-deve-reunir-2-mil-participantes-no-dia-5-de-julho\/"},"author":{"name":"Encontra Americana","@id":"https:\/\/www.encontraamericana.com.br\/guia\/#\/schema\/person\/515cbc6082144e7445cab98211d14f9b"},"headline":"Corrida e Caminhada Suzano Faz Bem em Americana (SP) deve reunir 2 mil participantes no dia 5 de julho","datePublished":"2026-06-10T14:29:24+00:00","mainEntityOfPage":{"@id":"https:\/\/www.encontraamericana.com.br\/guia\/corrida-e-caminhada-suzano-faz-bem-em-americana-sp-deve-reunir-2-mil-participantes-no-dia-5-de-julho\/"},"wordCount":815,"commentCount":0,"image":{"@id":"https:\/\/www.encontraamericana.com.br\/guia\/corrida-e-caminhada-suzano-faz-bem-em-americana-sp-deve-reunir-2-mil-participantes-no-dia-5-de-julho\/#primaryimage"},"thumbnailUrl":"https:\/\/www.encontraamericana.com.br\/guia\/wp-content\/uploads\/2026\/06\/corrida-e-caminhada-suzano-faz-bem-em-americana-sp-deve-reunir-2-mil-participantes-no-dia-5-de-julho.webp","articleSection":["Not\u00edcias Americana"],"inLanguage":"pt-BR","potentialAction":[{"@type":"CommentAction","name":"Comment","target":["https:\/\/www.encontraamericana.com.br\/guia\/corrida-e-caminhada-suzano-faz-bem-em-americana-sp-deve-reunir-2-mil-participantes-no-dia-5-de-julho\/#respond"]}]},{"@type":"WebPage","@id":"https:\/\/www.encontraamericana.com.br\/guia\/corrida-e-caminhada-suzano-faz-bem-em-americana-sp-deve-reunir-2-mil-participantes-no-dia-5-de-julho\/","url":"https:\/\/www.encontraamericana.com.br\/guia\/corrida-e-caminhada-suzano-faz-bem-em-americana-sp-deve-reunir-2-mil-participantes-no-dia-5-de-julho\/","name":"Corrida e Caminhada Suzano Faz Bem em Americana (SP) deve reunir 2 mil participantes no dia 5 de julho | Guia Comercial de Americana SP","isPartOf":{"@id":"https:\/\/www.encontraamericana.com.br\/guia\/#website"},"primaryImageOfPage":{"@id":"https:\/\/www.encontraamericana.com.br\/guia\/corrida-e-caminhada-suzano-faz-bem-em-americana-sp-deve-reunir-2-mil-participantes-no-dia-5-de-julho\/#primaryimage"},"image":{"@id":"https:\/\/www.encontraamericana.com.br\/guia\/corrida-e-caminhada-suzano-faz-bem-em-americana-sp-deve-reunir-2-mil-participantes-no-dia-5-de-julho\/#primaryimage"},"thumbnailUrl":"https:\/\/www.encontraamericana.com.br\/guia\/wp-content\/uploads\/2026\/06\/corrida-e-caminhada-suzano-faz-bem-em-americana-sp-deve-reunir-2-mil-participantes-no-dia-5-de-julho.webp","datePublished":"2026-06-10T14:29:24+00:00","author":{"@id":"https:\/\/www.encontraamericana.com.br\/guia\/#\/schema\/person\/515cbc6082144e7445cab98211d14f9b"},"inLanguage":"pt-BR","potentialAction":[{"@type":"ReadAction","target":["https:\/\/www.encontraamericana.com.br\/guia\/corrida-e-caminhada-suzano-faz-bem-em-americana-sp-deve-reunir-2-mil-participantes-no-dia-5-de-julho\/"]}]},{"@type":"ImageObject","inLanguage":"pt-BR","@id":"https:\/\/www.encontraamericana.com.br\/guia\/corrida-e-caminhada-suzano-faz-bem-em-americana-sp-deve-reunir-2-mil-participantes-no-dia-5-de-julho\/#primaryimage","url":"https:\/\/www.encontraamericana.com.br\/guia\/wp-content\/uploads\/2026\/06\/corrida-e-caminhada-suzano-faz-bem-em-americana-sp-deve-reunir-2-mil-participantes-no-dia-5-de-julho.webp","contentUrl":"https:\/\/www.encontraamericana.com.br\/guia\/wp-content\/uploads\/2026\/06\/corrida-e-caminhada-suzano-faz-bem-em-americana-sp-deve-reunir-2-mil-participantes-no-dia-5-de-julho.webp","width":280,"height":280,"caption":"Corrida e Caminhada Suzano Faz Bem"},{"@type":"WebSite","@id":"https:\/\/www.encontraamericana.com.br\/guia\/#website","url":"https:\/\/www.encontraamericana.com.br\/guia\/","name":"Guia Comercial de Americana SP","description":"ENCONTRA AMERICANA - O guia comercial de neg\u00f3cios e empresas, cultura e divers\u00e3o na cidade de Americana. Feito 100% para voc\u00ea morador!","potentialAction":[{"@type":"SearchAction","target":{"@type":"EntryPoint","urlTemplate":"https:\/\/www.encontraamericana.com.br\/guia\/?s={search_term_string}"},"query-input":{"@type":"PropertyValueSpecification","valueRequired":true,"valueName":"search_term_string"}}],"inLanguage":"pt-BR"},{"@type":"Person","@id":"https:\/\/www.encontraamericana.com.br\/guia\/#\/schema\/person\/515cbc6082144e7445cab98211d14f9b","name":"Encontra Americana","image":{"@type":"ImageObject","inLanguage":"pt-BR","@id":"https:\/\/secure.gravatar.com\/avatar\/c50c17820bcf322f0a8fd6b110b8c0918141409dc69076470f6fca5fee70a5d4?s=96&d=mm&r=g","url":"https:\/\/secure.gravatar.com\/avatar\/c50c17820bcf322f0a8fd6b110b8c0918141409dc69076470f6fca5fee70a5d4?s=96&d=mm&r=g","contentUrl":"https:\/\/secure.gravatar.com\/avatar\/c50c17820bcf322f0a8fd6b110b8c0918141409dc69076470f6fca5fee70a5d4?s=96&d=mm&r=g","caption":"Encontra Americana"},"url":"https:\/\/www.encontraamericana.com.br\/guia\/author\/encontraamericana\/"}]}},"_links":{"self":[{"href":"https:\/\/www.encontraamericana.com.br\/guia\/wp-json\/wp\/v2\/posts\/6599","targetHints":{"allow":["GET"]}}],"collection":[{"href":"https:\/\/www.encontraamericana.com.br\/guia\/wp-json\/wp\/v2\/posts"}],"about":[{"href":"https:\/\/www.encontraamericana.com.br\/guia\/wp-json\/wp\/v2\/types\/post"}],"author":[{"embeddable":true,"href":"https:\/\/www.encontraamericana.com.br\/guia\/wp-json\/wp\/v2\/users\/1"}],"replies":[{"embeddable":true,"href":"https:\/\/www.encontraamericana.com.br\/guia\/wp-json\/wp\/v2\/comments?post=6599"}],"version-history":[{"count":0,"href":"https:\/\/www.encontraamericana.com.br\/guia\/wp-json\/wp\/v2\/posts\/6599\/revisions"}],"wp:featuredmedia":[{"embeddable":true,"href":"https:\/\/www.encontraamericana.com.br\/guia\/wp-json\/wp\/v2\/media\/6598"}],"wp:attachment":[{"href":"https:\/\/www.encontraamericana.com.br\/guia\/wp-json\/wp\/v2\/media?parent=6599"}],"wp:term":[{"taxonomy":"category","embeddable":true,"href":"https:\/\/www.encontraamericana.com.br\/guia\/wp-json\/wp\/v2\/categories?post=6599"},{"taxonomy":"post_tag","embeddable":true,"href":"https:\/\/www.encontraamericana.com.br\/guia\/wp-json\/wp\/v2\/tags?post=6599"}],"curies":[{"name":"wp","href":"https:\/\/api.w.org\/{rel}","templated":true}]}}