{"id":6613,"date":"2026-06-13T12:03:16","date_gmt":"2026-06-13T15:03:16","guid":{"rendered":"https:\/\/www.encontraamericana.com.br\/guia\/cm-de-americana-tem-audiencia-hoje-para-discutir-metas-do-orcamento-de-2027\/"},"modified":"2026-06-13T12:03:16","modified_gmt":"2026-06-13T15:03:16","slug":"cm-de-americana-tem-audiencia-hoje-para-discutir-metas-do-orcamento-de-2027","status":"publish","type":"post","link":"https:\/\/www.encontraamericana.com.br\/guia\/cm-de-americana-tem-audiencia-hoje-para-discutir-metas-do-orcamento-de-2027\/","title":{"rendered":"CM de Americana tem audi\u00eancia HOJE para discutir metas do or\u00e7amento de 2027"},"content":{"rendered":"<h2>O que \u00e9 a audi\u00eancia p\u00fablica?<\/h2>\n<p>A audi\u00eancia p\u00fablica \u00e9 um evento democr\u00e1tico onde cidad\u00e3os t\u00eam a oportunidade de discutir e influenciar decis\u00f5es pol\u00edticas. Estas audi\u00eancias s\u00e3o comumente realizadas por \u00f3rg\u00e3os governamentais, como a C\u00e2mara Municipal, para envolvimento da popula\u00e7\u00e3o em temas relevantes. No caso espec\u00edfico da audi\u00eancia sobre o or\u00e7amento de 2027, o intuito \u00e9 coletar opini\u00f5es e sugest\u00f5es da comunidade, garantindo que suas necessidades e expectativas sejam consideradas na elabora\u00e7\u00e3o do or\u00e7amento municipal.<\/p>\n<h2>Import\u00e2ncia do Or\u00e7amento Municipal<\/h2>\n<p>O or\u00e7amento municipal \u00e9 um instrumento fundamental para a gest\u00e3o p\u00fablica, pois detalha como os recursos financeiros da cidade ser\u00e3o aplicados ao longo do ano. Ele reflete as prioridades do governo e tem impacto direto na vida do cidad\u00e3o, considerando aspectos como sa\u00fade, educa\u00e7\u00e3o, infraestrutura e seguran\u00e7a. Um or\u00e7amento bem planejado possibilita a realiza\u00e7\u00e3o de obras e servi\u00e7os essenciais, promovendo qualidade de vida para a popula\u00e7\u00e3o.<\/p>\n<h2>Metas do or\u00e7amento de 2027<\/h2>\n<p>As metas estabelecidas para o or\u00e7amento de 2027 s\u00e3o fundamentais para que a gest\u00e3o p\u00fablica atinja resultados concretos. Essas metas s\u00e3o definidas para diferentes \u00e1reas, como:<\/p>\n<p><img decoding=\"async\" src=\"https:\/\/www.encontraamericana.com.br\/guia\/wp-content\/uploads\/2026\/06\/cm-de-americana-tem-audiencia-hoje-para-discutir-metas-do-orcamento-de-2027.webp\" alt=\"audi\u00eancia p\u00fablica or\u00e7amento 2027\" loading=\"lazy\" \/><\/p>\n<ul>\n<li><strong>Sa\u00fade:<\/strong> Aumentar investimentos em unidades de sa\u00fade e programas de preven\u00e7\u00e3o.<\/li>\n<li><strong>Educa\u00e7\u00e3o:<\/strong> Melhorar a infraestrutura das escolas e aumentar o acesso \u00e0 educa\u00e7\u00e3o infantil.<\/li>\n<li><strong>Infraestrutura:<\/strong> Desenvolver projetos de mobilidade urbana e manuten\u00e7\u00e3o de vias p\u00fablicas.<\/li>\n<li><strong>Seguran\u00e7a:<\/strong> Fortalecer a atua\u00e7\u00e3o da pol\u00edcia e melhorar a ilumina\u00e7\u00e3o p\u00fablica.<\/li>\n<\/ul>\n<p>Essas diretrizes visam atender as demandas mais urgentes da comunidade, garantindo que os recursos sejam aplicados de forma eficaz e em \u00e1reas priorit\u00e1rias.<\/p>\n<h2>Como participar da audi\u00eancia?<\/h2>\n<p>A participa\u00e7\u00e3o na audi\u00eancia p\u00fablica sobre o or\u00e7amento de 2027 \u00e9 aberta a todos os cidad\u00e3os e pode ser feita de diferentes maneiras:<\/p>\n<ul>\n<li><strong>Pessoalmente:<\/strong> Comparecendo no Plen\u00e1rio da C\u00e2mara Municipal, onde ser\u00e1 poss\u00edvel fazer perguntas e apresentar opini\u00f5es diretamente.<\/li>\n<li><strong>Por e-mail:<\/strong> Os cidad\u00e3os podem enviar suas contribui\u00e7\u00f5es para o endere\u00e7o <a href=\"mailto:audienciaspublicas@camara-americana.sp.gov.br\">audienciaspublicas@camara-americana.sp.gov.br<\/a>.<\/li>\n<li><strong>Via formul\u00e1rio online:<\/strong> \u00c9 poss\u00edvel acessar um formul\u00e1rio na p\u00e1gina da audi\u00eancia no site da C\u00e2mara, onde tamb\u00e9m est\u00e1 dispon\u00edvel o texto integral do projeto de lei para consulta (<a href=\"https:\/\/www.camara-americana.sp.gov.br\/AudienciasPublicas\/ldo2027\">https:\/\/www.camara-americana.sp.gov.br\/AudienciasPublicas\/ldo2027<\/a>).<\/li>\n<\/ul>\n<p>Dessa forma, a popula\u00e7\u00e3o tem a chance de se fazer ouvir e contribuir com sugest\u00f5es valiosas para a perfomance da gest\u00e3o p\u00fablica.<\/p>\n<h2>Transmiss\u00e3o ao vivo da audi\u00eancia<\/h2>\n<p>A audi\u00eancia p\u00fablica ser\u00e1 transmitida ao vivo, permitindo que aqueles que n\u00e3o puderem comparecer pessoalmente ainda assim acompanhem as discuss\u00f5es e participem atrav\u00e9s dos coment\u00e1rios. A transmiss\u00e3o ser\u00e1 feita pela TV C\u00e2mara e estar\u00e1 dispon\u00edvel no site oficial e nas redes sociais, como YouTube, Facebook e Instagram. Isso garante uma maior visibilidade e participa\u00e7\u00e3o da popula\u00e7\u00e3o, refor\u00e7ando a transpar\u00eancia nas discuss\u00f5es sobre o or\u00e7amento municipal.<\/p>\n<h2>Pontos principais da Lei de Diretrizes Or\u00e7ament\u00e1rias<\/h2>\n<p>A Lei de Diretrizes Or\u00e7ament\u00e1rias (LDO) \u00e9 um documento crucial para a elabora\u00e7\u00e3o do or\u00e7amento anual. Entre seus principais pontos est\u00e3o:<\/p>\n<ul>\n<li><strong>Prioridades do governo:<\/strong> Defini\u00e7\u00e3o das \u00e1reas que receber\u00e3o mais aten\u00e7\u00e3o e investimento.<\/li>\n<li><strong>Metas de resultado:<\/strong> Estabelecimento de objetivos fiscais e sociais que a administra\u00e7\u00e3o pretende alcan\u00e7ar.<\/li>\n<li><strong>Regras para a elabora\u00e7\u00e3o do or\u00e7amento:<\/strong> Diretrizes que devem ser seguidas para garantir a legalidade e a efici\u00eancia na aloca\u00e7\u00e3o dos recursos.<\/li>\n<li><strong>Limites para despesas:<\/strong> Estipula\u00e7\u00e3o de controles para evitar gastos excessivos.<\/li>\n<\/ul>\n<p>Esse conjunto de diretrizes \u00e9 fundamental para garantir que a gest\u00e3o p\u00fablica seja feita de forma respons\u00e1vel e alinhada aos interesses da popula\u00e7\u00e3o.<\/p>\n<h2>O papel da comunidade nas decis\u00f5es<\/h2>\n<p>A participa\u00e7\u00e3o da comunidade \u00e9 essencial para o enriquecimento do processo pol\u00edtico e or\u00e7ament\u00e1rio. Ao apresentar suas necessidades e sugest\u00f5es, os cidad\u00e3os colaboram para que o or\u00e7amento municipal reflita as prioridades reais da popula\u00e7\u00e3o. A transpar\u00eancia nas discuss\u00f5es e a abertura para o di\u00e1logo facilitam um ambiente onde todos podem expressar suas opini\u00f5es, contribuindo para uma gest\u00e3o mais democr\u00e1tica e eficaz.<\/p>\n<h2>Implica\u00e7\u00f5es da LDO para a cidade<\/h2>\n<p>A LDO tem diversas implica\u00e7\u00f5es diretas para o funcionamento e desenvolvimento da cidade. Com base nas metas e prioridades definidas, as a\u00e7\u00f5es do governo s\u00e3o direcionadas, impactando desde a qualidade dos servi\u00e7os p\u00fablicos at\u00e9 o crescimento econ\u00f4mico local. A adequada execu\u00e7\u00e3o das regras da LDO nas diversas \u00e1reas pode gerar um ambiente de maior efici\u00eancia e responsabilidade fiscal, promovendo um desenvolvimento sustent\u00e1vel e alinhado \u00e0s expectativas da popula\u00e7\u00e3o.<\/p>\n<h2>Feedback da popula\u00e7\u00e3o sobre o or\u00e7amento<\/h2>\n<p>O retorno da popula\u00e7\u00e3o a respeito do or\u00e7amento e suas diretrizes \u00e9 fundamental. Ao colher feedback por meio das audi\u00eancias p\u00fablicas e outros canais, o governo obt\u00e9m informa\u00e7\u00f5es valiosas que ajudam a ajustar as a\u00e7\u00f5es e prioridades. Isso n\u00e3o apenas fortalece a rela\u00e7\u00e3o entre o governo e a comunidade, mas tamb\u00e9m resulta em um or\u00e7amento mais pr\u00f3ximo das reais necessidades da popula\u00e7\u00e3o, aumentando a satisfa\u00e7\u00e3o e a confian\u00e7a nas institui\u00e7\u00f5es p\u00fablicas.<\/p>\n<h2>Pr\u00f3ximos passos ap\u00f3s a audi\u00eancia<\/h2>\n<p>Ap\u00f3s a realiza\u00e7\u00e3o da audi\u00eancia p\u00fablica, o governo deve analisar atentamente as contribui\u00e7\u00f5es apresentadas pela popula\u00e7\u00e3o. As sugest\u00f5es e coment\u00e1rios ser\u00e3o consideradas na elabora\u00e7\u00e3o do projeto final do or\u00e7amento de 2027. Em seguida, o or\u00e7amento dever\u00e1 ser enviado para vota\u00e7\u00e3o na C\u00e2mara Municipal, onde os parlamentares avaliar\u00e3o e aprovar\u00e3o as diretrizes propostas. Este processo refor\u00e7a a import\u00e2ncia da participa\u00e7\u00e3o cidad\u00e3, pois as decis\u00f5es finais refletir\u00e3o a intera\u00e7\u00e3o entre o governo e a comunidade, resultando em um or\u00e7amento que busca atender as expectativas e necessidades de todos os cidad\u00e3os.<\/p>\n","protected":false},"excerpt":{"rendered":"<p>Audi\u00eancia da C\u00e2mara de Americana HOJE discute metas do or\u00e7amento de 2027.<\/p>\n","protected":false},"author":1,"featured_media":6612,"comment_status":"open","ping_status":"open","sticky":false,"template":"","format":"standard","meta":{"footnotes":""},"categories":[5],"tags":[],"class_list":["post-6613","post","type-post","status-publish","format-standard","has-post-thumbnail","hentry","category-noticias","has_thumb"],"yoast_head":"<!-- This site is optimized with the Yoast SEO plugin v27.6 - https:\/\/yoast.com\/product\/yoast-seo-wordpress\/ -->\n<title>CM de Americana tem audi\u00eancia HOJE para discutir metas do or\u00e7amento de 2027 | Guia Comercial de Americana SP<\/title>\n<meta name=\"robots\" content=\"index, follow, max-snippet:-1, max-image-preview:large, max-video-preview:-1\" \/>\n<link rel=\"canonical\" href=\"https:\/\/www.encontraamericana.com.br\/guia\/cm-de-americana-tem-audiencia-hoje-para-discutir-metas-do-orcamento-de-2027\/\" \/>\n<meta property=\"og:locale\" content=\"pt_BR\" \/>\n<meta property=\"og:type\" content=\"article\" \/>\n<meta property=\"og:title\" content=\"CM de Americana tem audi\u00eancia HOJE para discutir metas do or\u00e7amento de 2027 | Guia Comercial de Americana SP\" \/>\n<meta property=\"og:description\" content=\"Audi\u00eancia da C\u00e2mara de Americana HOJE discute metas do or\u00e7amento de 2027.\" \/>\n<meta property=\"og:url\" content=\"https:\/\/www.encontraamericana.com.br\/guia\/cm-de-americana-tem-audiencia-hoje-para-discutir-metas-do-orcamento-de-2027\/\" \/>\n<meta property=\"og:site_name\" content=\"Guia Comercial de Americana SP\" \/>\n<meta property=\"article:published_time\" content=\"2026-06-13T15:03:16+00:00\" \/>\n<meta property=\"og:image\" content=\"https:\/\/www.encontraamericana.com.br\/guia\/wp-content\/uploads\/2026\/06\/cm-de-americana-tem-audiencia-hoje-para-discutir-metas-do-orcamento-de-2027.webp\" \/>\n<meta name=\"author\" content=\"Encontra Americana\" \/>\n<meta name=\"twitter:card\" content=\"summary_large_image\" \/>\n<meta name=\"twitter:label1\" content=\"Escrito por\" \/>\n\t<meta name=\"twitter:data1\" content=\"Encontra Americana\" \/>\n\t<meta name=\"twitter:label2\" content=\"Est. tempo de leitura\" \/>\n\t<meta name=\"twitter:data2\" content=\"5 minutos\" \/>\n<script type=\"application\/ld+json\" class=\"yoast-schema-graph\">{\"@context\":\"https:\\\/\\\/schema.org\",\"@graph\":[{\"@type\":\"Article\",\"@id\":\"https:\\\/\\\/www.encontraamericana.com.br\\\/guia\\\/cm-de-americana-tem-audiencia-hoje-para-discutir-metas-do-orcamento-de-2027\\\/#article\",\"isPartOf\":{\"@id\":\"https:\\\/\\\/www.encontraamericana.com.br\\\/guia\\\/cm-de-americana-tem-audiencia-hoje-para-discutir-metas-do-orcamento-de-2027\\\/\"},\"author\":{\"name\":\"Encontra Americana\",\"@id\":\"https:\\\/\\\/www.encontraamericana.com.br\\\/guia\\\/#\\\/schema\\\/person\\\/515cbc6082144e7445cab98211d14f9b\"},\"headline\":\"CM de Americana tem audi\u00eancia HOJE para discutir metas do or\u00e7amento de 2027\",\"datePublished\":\"2026-06-13T15:03:16+00:00\",\"mainEntityOfPage\":{\"@id\":\"https:\\\/\\\/www.encontraamericana.com.br\\\/guia\\\/cm-de-americana-tem-audiencia-hoje-para-discutir-metas-do-orcamento-de-2027\\\/\"},\"wordCount\":1040,\"commentCount\":0,\"image\":{\"@id\":\"https:\\\/\\\/www.encontraamericana.com.br\\\/guia\\\/cm-de-americana-tem-audiencia-hoje-para-discutir-metas-do-orcamento-de-2027\\\/#primaryimage\"},\"thumbnailUrl\":\"https:\\\/\\\/www.encontraamericana.com.br\\\/guia\\\/wp-content\\\/uploads\\\/2026\\\/06\\\/cm-de-americana-tem-audiencia-hoje-para-discutir-metas-do-orcamento-de-2027.webp\",\"articleSection\":[\"Not\u00edcias Americana\"],\"inLanguage\":\"pt-BR\",\"potentialAction\":[{\"@type\":\"CommentAction\",\"name\":\"Comment\",\"target\":[\"https:\\\/\\\/www.encontraamericana.com.br\\\/guia\\\/cm-de-americana-tem-audiencia-hoje-para-discutir-metas-do-orcamento-de-2027\\\/#respond\"]}]},{\"@type\":\"WebPage\",\"@id\":\"https:\\\/\\\/www.encontraamericana.com.br\\\/guia\\\/cm-de-americana-tem-audiencia-hoje-para-discutir-metas-do-orcamento-de-2027\\\/\",\"url\":\"https:\\\/\\\/www.encontraamericana.com.br\\\/guia\\\/cm-de-americana-tem-audiencia-hoje-para-discutir-metas-do-orcamento-de-2027\\\/\",\"name\":\"CM de Americana tem audi\u00eancia HOJE para discutir metas do or\u00e7amento de 2027 | Guia Comercial de Americana SP\",\"isPartOf\":{\"@id\":\"https:\\\/\\\/www.encontraamericana.com.br\\\/guia\\\/#website\"},\"primaryImageOfPage\":{\"@id\":\"https:\\\/\\\/www.encontraamericana.com.br\\\/guia\\\/cm-de-americana-tem-audiencia-hoje-para-discutir-metas-do-orcamento-de-2027\\\/#primaryimage\"},\"image\":{\"@id\":\"https:\\\/\\\/www.encontraamericana.com.br\\\/guia\\\/cm-de-americana-tem-audiencia-hoje-para-discutir-metas-do-orcamento-de-2027\\\/#primaryimage\"},\"thumbnailUrl\":\"https:\\\/\\\/www.encontraamericana.com.br\\\/guia\\\/wp-content\\\/uploads\\\/2026\\\/06\\\/cm-de-americana-tem-audiencia-hoje-para-discutir-metas-do-orcamento-de-2027.webp\",\"datePublished\":\"2026-06-13T15:03:16+00:00\",\"author\":{\"@id\":\"https:\\\/\\\/www.encontraamericana.com.br\\\/guia\\\/#\\\/schema\\\/person\\\/515cbc6082144e7445cab98211d14f9b\"},\"inLanguage\":\"pt-BR\",\"potentialAction\":[{\"@type\":\"ReadAction\",\"target\":[\"https:\\\/\\\/www.encontraamericana.com.br\\\/guia\\\/cm-de-americana-tem-audiencia-hoje-para-discutir-metas-do-orcamento-de-2027\\\/\"]}]},{\"@type\":\"ImageObject\",\"inLanguage\":\"pt-BR\",\"@id\":\"https:\\\/\\\/www.encontraamericana.com.br\\\/guia\\\/cm-de-americana-tem-audiencia-hoje-para-discutir-metas-do-orcamento-de-2027\\\/#primaryimage\",\"url\":\"https:\\\/\\\/www.encontraamericana.com.br\\\/guia\\\/wp-content\\\/uploads\\\/2026\\\/06\\\/cm-de-americana-tem-audiencia-hoje-para-discutir-metas-do-orcamento-de-2027.webp\",\"contentUrl\":\"https:\\\/\\\/www.encontraamericana.com.br\\\/guia\\\/wp-content\\\/uploads\\\/2026\\\/06\\\/cm-de-americana-tem-audiencia-hoje-para-discutir-metas-do-orcamento-de-2027.webp\",\"width\":280,\"height\":280,\"caption\":\"audi\u00eancia p\u00fablica or\u00e7amento 2027\"},{\"@type\":\"WebSite\",\"@id\":\"https:\\\/\\\/www.encontraamericana.com.br\\\/guia\\\/#website\",\"url\":\"https:\\\/\\\/www.encontraamericana.com.br\\\/guia\\\/\",\"name\":\"Guia Comercial de Americana SP\",\"description\":\"ENCONTRA AMERICANA - O guia comercial de neg\u00f3cios e empresas, cultura e divers\u00e3o na cidade de Americana. Feito 100% para voc\u00ea morador!\",\"potentialAction\":[{\"@type\":\"SearchAction\",\"target\":{\"@type\":\"EntryPoint\",\"urlTemplate\":\"https:\\\/\\\/www.encontraamericana.com.br\\\/guia\\\/?s={search_term_string}\"},\"query-input\":{\"@type\":\"PropertyValueSpecification\",\"valueRequired\":true,\"valueName\":\"search_term_string\"}}],\"inLanguage\":\"pt-BR\"},{\"@type\":\"Person\",\"@id\":\"https:\\\/\\\/www.encontraamericana.com.br\\\/guia\\\/#\\\/schema\\\/person\\\/515cbc6082144e7445cab98211d14f9b\",\"name\":\"Encontra Americana\",\"image\":{\"@type\":\"ImageObject\",\"inLanguage\":\"pt-BR\",\"@id\":\"https:\\\/\\\/secure.gravatar.com\\\/avatar\\\/c50c17820bcf322f0a8fd6b110b8c0918141409dc69076470f6fca5fee70a5d4?s=96&d=mm&r=g\",\"url\":\"https:\\\/\\\/secure.gravatar.com\\\/avatar\\\/c50c17820bcf322f0a8fd6b110b8c0918141409dc69076470f6fca5fee70a5d4?s=96&d=mm&r=g\",\"contentUrl\":\"https:\\\/\\\/secure.gravatar.com\\\/avatar\\\/c50c17820bcf322f0a8fd6b110b8c0918141409dc69076470f6fca5fee70a5d4?s=96&d=mm&r=g\",\"caption\":\"Encontra Americana\"},\"url\":\"https:\\\/\\\/www.encontraamericana.com.br\\\/guia\\\/author\\\/encontraamericana\\\/\"}]}<\/script>\n<!-- \/ Yoast SEO plugin. -->","yoast_head_json":{"title":"CM de Americana tem audi\u00eancia HOJE para discutir metas do or\u00e7amento de 2027 | Guia Comercial de Americana SP","robots":{"index":"index","follow":"follow","max-snippet":"max-snippet:-1","max-image-preview":"max-image-preview:large","max-video-preview":"max-video-preview:-1"},"canonical":"https:\/\/www.encontraamericana.com.br\/guia\/cm-de-americana-tem-audiencia-hoje-para-discutir-metas-do-orcamento-de-2027\/","og_locale":"pt_BR","og_type":"article","og_title":"CM de Americana tem audi\u00eancia HOJE para discutir metas do or\u00e7amento de 2027 | Guia Comercial de Americana SP","og_description":"Audi\u00eancia da C\u00e2mara de Americana HOJE discute metas do or\u00e7amento de 2027.","og_url":"https:\/\/www.encontraamericana.com.br\/guia\/cm-de-americana-tem-audiencia-hoje-para-discutir-metas-do-orcamento-de-2027\/","og_site_name":"Guia Comercial de Americana SP","article_published_time":"2026-06-13T15:03:16+00:00","og_image":[{"url":"https:\/\/www.encontraamericana.com.br\/guia\/wp-content\/uploads\/2026\/06\/cm-de-americana-tem-audiencia-hoje-para-discutir-metas-do-orcamento-de-2027.webp","type":"","width":"","height":""}],"author":"Encontra Americana","twitter_card":"summary_large_image","twitter_misc":{"Escrito por":"Encontra Americana","Est. tempo de leitura":"5 minutos"},"schema":{"@context":"https:\/\/schema.org","@graph":[{"@type":"Article","@id":"https:\/\/www.encontraamericana.com.br\/guia\/cm-de-americana-tem-audiencia-hoje-para-discutir-metas-do-orcamento-de-2027\/#article","isPartOf":{"@id":"https:\/\/www.encontraamericana.com.br\/guia\/cm-de-americana-tem-audiencia-hoje-para-discutir-metas-do-orcamento-de-2027\/"},"author":{"name":"Encontra Americana","@id":"https:\/\/www.encontraamericana.com.br\/guia\/#\/schema\/person\/515cbc6082144e7445cab98211d14f9b"},"headline":"CM de Americana tem audi\u00eancia HOJE para discutir metas do or\u00e7amento de 2027","datePublished":"2026-06-13T15:03:16+00:00","mainEntityOfPage":{"@id":"https:\/\/www.encontraamericana.com.br\/guia\/cm-de-americana-tem-audiencia-hoje-para-discutir-metas-do-orcamento-de-2027\/"},"wordCount":1040,"commentCount":0,"image":{"@id":"https:\/\/www.encontraamericana.com.br\/guia\/cm-de-americana-tem-audiencia-hoje-para-discutir-metas-do-orcamento-de-2027\/#primaryimage"},"thumbnailUrl":"https:\/\/www.encontraamericana.com.br\/guia\/wp-content\/uploads\/2026\/06\/cm-de-americana-tem-audiencia-hoje-para-discutir-metas-do-orcamento-de-2027.webp","articleSection":["Not\u00edcias Americana"],"inLanguage":"pt-BR","potentialAction":[{"@type":"CommentAction","name":"Comment","target":["https:\/\/www.encontraamericana.com.br\/guia\/cm-de-americana-tem-audiencia-hoje-para-discutir-metas-do-orcamento-de-2027\/#respond"]}]},{"@type":"WebPage","@id":"https:\/\/www.encontraamericana.com.br\/guia\/cm-de-americana-tem-audiencia-hoje-para-discutir-metas-do-orcamento-de-2027\/","url":"https:\/\/www.encontraamericana.com.br\/guia\/cm-de-americana-tem-audiencia-hoje-para-discutir-metas-do-orcamento-de-2027\/","name":"CM de Americana tem audi\u00eancia HOJE para discutir metas do or\u00e7amento de 2027 | Guia Comercial de Americana SP","isPartOf":{"@id":"https:\/\/www.encontraamericana.com.br\/guia\/#website"},"primaryImageOfPage":{"@id":"https:\/\/www.encontraamericana.com.br\/guia\/cm-de-americana-tem-audiencia-hoje-para-discutir-metas-do-orcamento-de-2027\/#primaryimage"},"image":{"@id":"https:\/\/www.encontraamericana.com.br\/guia\/cm-de-americana-tem-audiencia-hoje-para-discutir-metas-do-orcamento-de-2027\/#primaryimage"},"thumbnailUrl":"https:\/\/www.encontraamericana.com.br\/guia\/wp-content\/uploads\/2026\/06\/cm-de-americana-tem-audiencia-hoje-para-discutir-metas-do-orcamento-de-2027.webp","datePublished":"2026-06-13T15:03:16+00:00","author":{"@id":"https:\/\/www.encontraamericana.com.br\/guia\/#\/schema\/person\/515cbc6082144e7445cab98211d14f9b"},"inLanguage":"pt-BR","potentialAction":[{"@type":"ReadAction","target":["https:\/\/www.encontraamericana.com.br\/guia\/cm-de-americana-tem-audiencia-hoje-para-discutir-metas-do-orcamento-de-2027\/"]}]},{"@type":"ImageObject","inLanguage":"pt-BR","@id":"https:\/\/www.encontraamericana.com.br\/guia\/cm-de-americana-tem-audiencia-hoje-para-discutir-metas-do-orcamento-de-2027\/#primaryimage","url":"https:\/\/www.encontraamericana.com.br\/guia\/wp-content\/uploads\/2026\/06\/cm-de-americana-tem-audiencia-hoje-para-discutir-metas-do-orcamento-de-2027.webp","contentUrl":"https:\/\/www.encontraamericana.com.br\/guia\/wp-content\/uploads\/2026\/06\/cm-de-americana-tem-audiencia-hoje-para-discutir-metas-do-orcamento-de-2027.webp","width":280,"height":280,"caption":"audi\u00eancia p\u00fablica or\u00e7amento 2027"},{"@type":"WebSite","@id":"https:\/\/www.encontraamericana.com.br\/guia\/#website","url":"https:\/\/www.encontraamericana.com.br\/guia\/","name":"Guia Comercial de Americana SP","description":"ENCONTRA AMERICANA - O guia comercial de neg\u00f3cios e empresas, cultura e divers\u00e3o na cidade de Americana. Feito 100% para voc\u00ea morador!","potentialAction":[{"@type":"SearchAction","target":{"@type":"EntryPoint","urlTemplate":"https:\/\/www.encontraamericana.com.br\/guia\/?s={search_term_string}"},"query-input":{"@type":"PropertyValueSpecification","valueRequired":true,"valueName":"search_term_string"}}],"inLanguage":"pt-BR"},{"@type":"Person","@id":"https:\/\/www.encontraamericana.com.br\/guia\/#\/schema\/person\/515cbc6082144e7445cab98211d14f9b","name":"Encontra Americana","image":{"@type":"ImageObject","inLanguage":"pt-BR","@id":"https:\/\/secure.gravatar.com\/avatar\/c50c17820bcf322f0a8fd6b110b8c0918141409dc69076470f6fca5fee70a5d4?s=96&d=mm&r=g","url":"https:\/\/secure.gravatar.com\/avatar\/c50c17820bcf322f0a8fd6b110b8c0918141409dc69076470f6fca5fee70a5d4?s=96&d=mm&r=g","contentUrl":"https:\/\/secure.gravatar.com\/avatar\/c50c17820bcf322f0a8fd6b110b8c0918141409dc69076470f6fca5fee70a5d4?s=96&d=mm&r=g","caption":"Encontra Americana"},"url":"https:\/\/www.encontraamericana.com.br\/guia\/author\/encontraamericana\/"}]}},"_links":{"self":[{"href":"https:\/\/www.encontraamericana.com.br\/guia\/wp-json\/wp\/v2\/posts\/6613","targetHints":{"allow":["GET"]}}],"collection":[{"href":"https:\/\/www.encontraamericana.com.br\/guia\/wp-json\/wp\/v2\/posts"}],"about":[{"href":"https:\/\/www.encontraamericana.com.br\/guia\/wp-json\/wp\/v2\/types\/post"}],"author":[{"embeddable":true,"href":"https:\/\/www.encontraamericana.com.br\/guia\/wp-json\/wp\/v2\/users\/1"}],"replies":[{"embeddable":true,"href":"https:\/\/www.encontraamericana.com.br\/guia\/wp-json\/wp\/v2\/comments?post=6613"}],"version-history":[{"count":0,"href":"https:\/\/www.encontraamericana.com.br\/guia\/wp-json\/wp\/v2\/posts\/6613\/revisions"}],"wp:featuredmedia":[{"embeddable":true,"href":"https:\/\/www.encontraamericana.com.br\/guia\/wp-json\/wp\/v2\/media\/6612"}],"wp:attachment":[{"href":"https:\/\/www.encontraamericana.com.br\/guia\/wp-json\/wp\/v2\/media?parent=6613"}],"wp:term":[{"taxonomy":"category","embeddable":true,"href":"https:\/\/www.encontraamericana.com.br\/guia\/wp-json\/wp\/v2\/categories?post=6613"},{"taxonomy":"post_tag","embeddable":true,"href":"https:\/\/www.encontraamericana.com.br\/guia\/wp-json\/wp\/v2\/tags?post=6613"}],"curies":[{"name":"wp","href":"https:\/\/api.w.org\/{rel}","templated":true}]}}