{"id":6625,"date":"2026-06-18T11:32:26","date_gmt":"2026-06-18T14:32:26","guid":{"rendered":"https:\/\/www.encontraamericana.com.br\/guia\/forum-de-turismo-de-americana-sera-realizado-nesta-quarta\/"},"modified":"2026-06-18T11:32:26","modified_gmt":"2026-06-18T14:32:26","slug":"forum-de-turismo-de-americana-sera-realizado-nesta-quarta","status":"publish","type":"post","link":"https:\/\/www.encontraamericana.com.br\/guia\/forum-de-turismo-de-americana-sera-realizado-nesta-quarta\/","title":{"rendered":"F\u00f3rum de Turismo de Americana ser\u00e1 realizado nesta quarta"},"content":{"rendered":"<h2>Detalhes do Evento no Senac<\/h2>\n<p>O <strong>F\u00f3rum de Turismo de Americana<\/strong> ocorrer\u00e1 nesta quarta-feira, dia 17, a partir das 18h30, no <strong>SENAC Americana<\/strong>, situado na Rua Dr. Angelino Sanches, 800, Vila Gallo. Este evento, promovido pela <strong>Prefeitura de Americana<\/strong> em colabora\u00e7\u00e3o com a Secretaria de Cultura e Turismo e o Conselho Municipal de Turismo, visa discutir as potencialidades tur\u00edsticas locais e formular estrat\u00e9gias para fomentar o setor e a economia da cidade.<\/p>\n<h2>Inscri\u00e7\u00f5es Abertas at\u00e9 Ter\u00e7a-feira<\/h2>\n<p>As inscri\u00e7\u00f5es permanecem abertas at\u00e9 <strong>ter\u00e7a-feira, dia 16<\/strong>, e podem ser realizadas atrav\u00e9s de um formul\u00e1rio dispon\u00edvel na p\u00e1gina inicial do <a href=\"http:\/\/www.americana.sp.gov.br\/\">site da Prefeitura de Americana<\/a>, onde um banner destacado informa sobre o evento. A participa\u00e7\u00e3o no f\u00f3rum \u00e9 gratuita e aberta \u00e0 popula\u00e7\u00e3o, buscando a intera\u00e7\u00e3o entre cidad\u00e3os e autoridades locais.<\/p>\n<h2>O Papel da Sociedade Civil no Turismo<\/h2>\n<p>Este f\u00f3rum representa uma oportunidade para a sociedade civil se envolver ativamente nas discuss\u00f5es em torno do turismo em Americana. O objetivo \u00e9 que a comunidade compartilhe suas ideias e contribui\u00e7\u00f5es, ajudando a moldar as a\u00e7\u00f5es de desenvolvimento tur\u00edstico da cidade. A inclus\u00e3o da popula\u00e7\u00e3o nas delibera\u00e7\u00f5es \u00e9 fundamental para a constru\u00e7\u00e3o de pol\u00edticas que atendam \u00e0s reais necessidades e interesses dos cidad\u00e3os.<\/p>\n<p><img decoding=\"async\" src=\"https:\/\/www.encontraamericana.com.br\/guia\/wp-content\/uploads\/2026\/06\/forum-de-turismo-de-americana-sera-realizado-nesta-quarta.webp\" alt=\"F\u00f3rum de Turismo de Americana\" loading=\"lazy\" \/><\/p>\n<h2>Revis\u00e3o do Plano Diretor de Turismo<\/h2>\n<p>O <strong>F\u00f3rum de Turismo<\/strong> faz parte de um processo mais amplo de revis\u00e3o do <strong>Plano Diretor de Turismo de Americana<\/strong>, que est\u00e1 sendo conduzido em parceria com o SENAC. Este plano \u00e9 atualizado durante <strong>20 encontros semanais<\/strong>, que acontecem entre junho e novembro, onde representantes do governo, do Legislativo e da sociedade civil se re\u00fanem para discutir e revisar as diretrizes que governam o turismo na cidade. O documento resultante refletir\u00e1 as demandas atuais e as inova\u00e7\u00f5es necess\u00e1rias para efetivar o potencial tur\u00edstico de Americana.<\/p>\n<h2>Carga Hor\u00e1ria e Programa\u00e7\u00e3o do F\u00f3rum<\/h2>\n<p>A carga hor\u00e1ria total das reuni\u00f5es ser\u00e1 de <strong>60 horas<\/strong>, e os encontros focar\u00e3o em t\u00f3picos como:<\/p>\n<ul>\n<li>Pesquisa de demanda;<\/li>\n<li>Atualiza\u00e7\u00e3o do invent\u00e1rio tur\u00edstico;<\/li>\n<li>Progn\u00f3sticos e diagn\u00f3sticos do setor;<\/li>\n<li>Defini\u00e7\u00e3o de um plano de a\u00e7\u00e3o para a consolida\u00e7\u00e3o da voca\u00e7\u00e3o tur\u00edstica do munic\u00edpio.<\/li>\n<\/ul>\n<p>Essas discuss\u00f5es s\u00e3o vitais para garantir que a cidade atenda aos padr\u00f5es necess\u00e1rios para inclus\u00e3o em rankings estaduais, conforme estabelecido pela legisla\u00e7\u00e3o vigente.<\/p>\n<h2>Import\u00e2ncia do Desenvolvimento Sustent\u00e1vel<\/h2>\n<p>A revis\u00e3o do plano diretor tamb\u00e9m ressalta a import\u00e2ncia de um <strong>desenvolvimento tur\u00edstico sustent\u00e1vel<\/strong>. Segundo a <strong>diretora de Turismo<\/strong> da Secretaria, Roseli dos Santos, este processo busca integrar as preocupa\u00e7\u00f5es ambientais, sociais e econ\u00f4micas no planejamento do turismo local. \u00c0 medida que a cidade se moderniza, garantir que suas estrat\u00e9gias de lan\u00e7amento no mercado tur\u00edstico n\u00e3o comprometam o patrim\u00f4nio cultural e hist\u00f3rico \u00e9 fundamental para um futuro equilibrado.<\/p>\n<h2>Integra\u00e7\u00e3o com a Regi\u00e3o Tur\u00edstica Bem Viver<\/h2>\n<p>Al\u00e9m de suas a\u00e7\u00f5es municipais, Americana est\u00e1 envolvida na atualiza\u00e7\u00e3o do <strong>Plano Regional de Turismo<\/strong> da Regi\u00e3o Tur\u00edstica Bem Viver, que inclui os munic\u00edpios de Campinas, Hortol\u00e2ndia, Santa B\u00e1rbara d\u2019Oeste e Sumar\u00e9. Esse esfor\u00e7o de colabora\u00e7\u00e3o regional come\u00e7ou em julho de 2025 e contar\u00e1 com a assist\u00eancia t\u00e9cnica do SENAC Campinas. A finaliza\u00e7\u00e3o est\u00e1 programada para agosto deste ano, ap\u00f3s uma s\u00e9rie de encontros regulares entre as cidades participantes.<\/p>\n<h2>Contribui\u00e7\u00f5es da Prefeitura para o Turismo<\/h2>\n<p>A <strong>Prefeitura de Americana<\/strong> est\u00e1 comprometida em fortalecer esse sistema regional atrav\u00e9s do Programa de Regionaliza\u00e7\u00e3o. A consolida\u00e7\u00e3o do Plano Regional de Turismo \u00e9 um passo crucial para garantir que todos os munic\u00edpios estejam interligados e devidamente reconhecidos atrav\u00e9s do <strong>MAPA BRASILEIRO<\/strong> e do <strong>COMTUR<\/strong>. Este tipo de integra\u00e7\u00e3o \u00e9 essencial para potencializar n\u00e3o s\u00f3 os atrativos tur\u00edsticos e culturais, mas tamb\u00e9m para assegurar um trabalho conjunto que promova os interesses de todos os munic\u00edpios envolvidos.<\/p>\n<h2>Como Participar do F\u00f3rum<\/h2>\n<p>Para aqueles que desejam se engajar ainda mais com o processo, a participa\u00e7\u00e3o ativa no f\u00f3rum \u00e9 incentivada. As reuni\u00f5es s\u00e3o abertas e os participantes s\u00e3o encorajados a trazer suas opini\u00f5es, ideias e sugest\u00f5es. Isso n\u00e3o apenas enriquecer\u00e1 as discuss\u00f5es, mas tamb\u00e9m ajudar\u00e1 na formula\u00e7\u00e3o de solu\u00e7\u00f5es adequadas \u00e0s necessidades do setor tur\u00edstico da cidade.<\/p>\n<h2>Expectativas para o Futuro do Turismo em Americana<\/h2>\n<p>A gest\u00e3o de <strong>Chico Sardelli<\/strong> e <strong>Odir Demarchi<\/strong> reafirma o compromisso do munic\u00edpio com o planejamento a longo prazo e com a implanta\u00e7\u00e3o de pol\u00edticas p\u00fablicas focadas na valoriza\u00e7\u00e3o do turismo e do patrim\u00f4nio cultural. O secret\u00e1rio de Cultura e Turismo, <strong>Vinicius Ghizini<\/strong>, expressou a esperan\u00e7a de que essas iniciativas atraiam novos visitantes, contribuam para a gera\u00e7\u00e3o de empregos e renda, e que estabele\u00e7am um novo patamar de desenvolvimento econ\u00f4mico para Americana por meio do turismo.<\/p>\n","protected":false},"excerpt":{"rendered":"<p>F\u00f3rum de Turismo de Americana traz novas oportunidades para o setor.<\/p>\n","protected":false},"author":1,"featured_media":6624,"comment_status":"open","ping_status":"open","sticky":false,"template":"","format":"standard","meta":{"footnotes":""},"categories":[5],"tags":[],"class_list":["post-6625","post","type-post","status-publish","format-standard","has-post-thumbnail","hentry","category-noticias","has_thumb"],"yoast_head":"<!-- This site is optimized with the Yoast SEO plugin v27.6 - https:\/\/yoast.com\/product\/yoast-seo-wordpress\/ -->\n<title>F\u00f3rum de Turismo de Americana ser\u00e1 realizado nesta quarta | Guia Comercial de Americana SP<\/title>\n<meta name=\"robots\" content=\"index, follow, max-snippet:-1, max-image-preview:large, max-video-preview:-1\" \/>\n<link rel=\"canonical\" href=\"https:\/\/www.encontraamericana.com.br\/guia\/forum-de-turismo-de-americana-sera-realizado-nesta-quarta\/\" \/>\n<meta property=\"og:locale\" content=\"pt_BR\" \/>\n<meta property=\"og:type\" content=\"article\" \/>\n<meta property=\"og:title\" content=\"F\u00f3rum de Turismo de Americana ser\u00e1 realizado nesta quarta | Guia Comercial de Americana SP\" \/>\n<meta property=\"og:description\" content=\"F\u00f3rum de Turismo de Americana traz novas oportunidades para o setor.\" \/>\n<meta property=\"og:url\" content=\"https:\/\/www.encontraamericana.com.br\/guia\/forum-de-turismo-de-americana-sera-realizado-nesta-quarta\/\" \/>\n<meta property=\"og:site_name\" content=\"Guia Comercial de Americana SP\" \/>\n<meta property=\"article:published_time\" content=\"2026-06-18T14:32:26+00:00\" \/>\n<meta property=\"og:image\" content=\"https:\/\/www.encontraamericana.com.br\/guia\/wp-content\/uploads\/2026\/06\/forum-de-turismo-de-americana-sera-realizado-nesta-quarta.webp\" \/>\n<meta name=\"author\" content=\"Encontra Americana\" \/>\n<meta name=\"twitter:card\" content=\"summary_large_image\" \/>\n<meta name=\"twitter:label1\" content=\"Escrito por\" \/>\n\t<meta name=\"twitter:data1\" content=\"Encontra Americana\" \/>\n\t<meta name=\"twitter:label2\" content=\"Est. tempo de leitura\" \/>\n\t<meta name=\"twitter:data2\" content=\"4 minutos\" \/>\n<script type=\"application\/ld+json\" class=\"yoast-schema-graph\">{\"@context\":\"https:\\\/\\\/schema.org\",\"@graph\":[{\"@type\":\"Article\",\"@id\":\"https:\\\/\\\/www.encontraamericana.com.br\\\/guia\\\/forum-de-turismo-de-americana-sera-realizado-nesta-quarta\\\/#article\",\"isPartOf\":{\"@id\":\"https:\\\/\\\/www.encontraamericana.com.br\\\/guia\\\/forum-de-turismo-de-americana-sera-realizado-nesta-quarta\\\/\"},\"author\":{\"name\":\"Encontra Americana\",\"@id\":\"https:\\\/\\\/www.encontraamericana.com.br\\\/guia\\\/#\\\/schema\\\/person\\\/515cbc6082144e7445cab98211d14f9b\"},\"headline\":\"F\u00f3rum de Turismo de Americana ser\u00e1 realizado nesta quarta\",\"datePublished\":\"2026-06-18T14:32:26+00:00\",\"mainEntityOfPage\":{\"@id\":\"https:\\\/\\\/www.encontraamericana.com.br\\\/guia\\\/forum-de-turismo-de-americana-sera-realizado-nesta-quarta\\\/\"},\"wordCount\":859,\"commentCount\":0,\"image\":{\"@id\":\"https:\\\/\\\/www.encontraamericana.com.br\\\/guia\\\/forum-de-turismo-de-americana-sera-realizado-nesta-quarta\\\/#primaryimage\"},\"thumbnailUrl\":\"https:\\\/\\\/www.encontraamericana.com.br\\\/guia\\\/wp-content\\\/uploads\\\/2026\\\/06\\\/forum-de-turismo-de-americana-sera-realizado-nesta-quarta.webp\",\"articleSection\":[\"Not\u00edcias Americana\"],\"inLanguage\":\"pt-BR\",\"potentialAction\":[{\"@type\":\"CommentAction\",\"name\":\"Comment\",\"target\":[\"https:\\\/\\\/www.encontraamericana.com.br\\\/guia\\\/forum-de-turismo-de-americana-sera-realizado-nesta-quarta\\\/#respond\"]}]},{\"@type\":\"WebPage\",\"@id\":\"https:\\\/\\\/www.encontraamericana.com.br\\\/guia\\\/forum-de-turismo-de-americana-sera-realizado-nesta-quarta\\\/\",\"url\":\"https:\\\/\\\/www.encontraamericana.com.br\\\/guia\\\/forum-de-turismo-de-americana-sera-realizado-nesta-quarta\\\/\",\"name\":\"F\u00f3rum de Turismo de Americana ser\u00e1 realizado nesta quarta | Guia Comercial de Americana SP\",\"isPartOf\":{\"@id\":\"https:\\\/\\\/www.encontraamericana.com.br\\\/guia\\\/#website\"},\"primaryImageOfPage\":{\"@id\":\"https:\\\/\\\/www.encontraamericana.com.br\\\/guia\\\/forum-de-turismo-de-americana-sera-realizado-nesta-quarta\\\/#primaryimage\"},\"image\":{\"@id\":\"https:\\\/\\\/www.encontraamericana.com.br\\\/guia\\\/forum-de-turismo-de-americana-sera-realizado-nesta-quarta\\\/#primaryimage\"},\"thumbnailUrl\":\"https:\\\/\\\/www.encontraamericana.com.br\\\/guia\\\/wp-content\\\/uploads\\\/2026\\\/06\\\/forum-de-turismo-de-americana-sera-realizado-nesta-quarta.webp\",\"datePublished\":\"2026-06-18T14:32:26+00:00\",\"author\":{\"@id\":\"https:\\\/\\\/www.encontraamericana.com.br\\\/guia\\\/#\\\/schema\\\/person\\\/515cbc6082144e7445cab98211d14f9b\"},\"inLanguage\":\"pt-BR\",\"potentialAction\":[{\"@type\":\"ReadAction\",\"target\":[\"https:\\\/\\\/www.encontraamericana.com.br\\\/guia\\\/forum-de-turismo-de-americana-sera-realizado-nesta-quarta\\\/\"]}]},{\"@type\":\"ImageObject\",\"inLanguage\":\"pt-BR\",\"@id\":\"https:\\\/\\\/www.encontraamericana.com.br\\\/guia\\\/forum-de-turismo-de-americana-sera-realizado-nesta-quarta\\\/#primaryimage\",\"url\":\"https:\\\/\\\/www.encontraamericana.com.br\\\/guia\\\/wp-content\\\/uploads\\\/2026\\\/06\\\/forum-de-turismo-de-americana-sera-realizado-nesta-quarta.webp\",\"contentUrl\":\"https:\\\/\\\/www.encontraamericana.com.br\\\/guia\\\/wp-content\\\/uploads\\\/2026\\\/06\\\/forum-de-turismo-de-americana-sera-realizado-nesta-quarta.webp\",\"width\":280,\"height\":280,\"caption\":\"F\u00f3rum de Turismo de Americana\"},{\"@type\":\"WebSite\",\"@id\":\"https:\\\/\\\/www.encontraamericana.com.br\\\/guia\\\/#website\",\"url\":\"https:\\\/\\\/www.encontraamericana.com.br\\\/guia\\\/\",\"name\":\"Guia Comercial de Americana SP\",\"description\":\"ENCONTRA AMERICANA - O guia comercial de neg\u00f3cios e empresas, cultura e divers\u00e3o na cidade de Americana. Feito 100% para voc\u00ea morador!\",\"potentialAction\":[{\"@type\":\"SearchAction\",\"target\":{\"@type\":\"EntryPoint\",\"urlTemplate\":\"https:\\\/\\\/www.encontraamericana.com.br\\\/guia\\\/?s={search_term_string}\"},\"query-input\":{\"@type\":\"PropertyValueSpecification\",\"valueRequired\":true,\"valueName\":\"search_term_string\"}}],\"inLanguage\":\"pt-BR\"},{\"@type\":\"Person\",\"@id\":\"https:\\\/\\\/www.encontraamericana.com.br\\\/guia\\\/#\\\/schema\\\/person\\\/515cbc6082144e7445cab98211d14f9b\",\"name\":\"Encontra Americana\",\"image\":{\"@type\":\"ImageObject\",\"inLanguage\":\"pt-BR\",\"@id\":\"https:\\\/\\\/secure.gravatar.com\\\/avatar\\\/c50c17820bcf322f0a8fd6b110b8c0918141409dc69076470f6fca5fee70a5d4?s=96&d=mm&r=g\",\"url\":\"https:\\\/\\\/secure.gravatar.com\\\/avatar\\\/c50c17820bcf322f0a8fd6b110b8c0918141409dc69076470f6fca5fee70a5d4?s=96&d=mm&r=g\",\"contentUrl\":\"https:\\\/\\\/secure.gravatar.com\\\/avatar\\\/c50c17820bcf322f0a8fd6b110b8c0918141409dc69076470f6fca5fee70a5d4?s=96&d=mm&r=g\",\"caption\":\"Encontra Americana\"},\"url\":\"https:\\\/\\\/www.encontraamericana.com.br\\\/guia\\\/author\\\/encontraamericana\\\/\"}]}<\/script>\n<!-- \/ Yoast SEO plugin. -->","yoast_head_json":{"title":"F\u00f3rum de Turismo de Americana ser\u00e1 realizado nesta quarta | Guia Comercial de Americana SP","robots":{"index":"index","follow":"follow","max-snippet":"max-snippet:-1","max-image-preview":"max-image-preview:large","max-video-preview":"max-video-preview:-1"},"canonical":"https:\/\/www.encontraamericana.com.br\/guia\/forum-de-turismo-de-americana-sera-realizado-nesta-quarta\/","og_locale":"pt_BR","og_type":"article","og_title":"F\u00f3rum de Turismo de Americana ser\u00e1 realizado nesta quarta | Guia Comercial de Americana SP","og_description":"F\u00f3rum de Turismo de Americana traz novas oportunidades para o setor.","og_url":"https:\/\/www.encontraamericana.com.br\/guia\/forum-de-turismo-de-americana-sera-realizado-nesta-quarta\/","og_site_name":"Guia Comercial de Americana SP","article_published_time":"2026-06-18T14:32:26+00:00","og_image":[{"url":"https:\/\/www.encontraamericana.com.br\/guia\/wp-content\/uploads\/2026\/06\/forum-de-turismo-de-americana-sera-realizado-nesta-quarta.webp","type":"","width":"","height":""}],"author":"Encontra Americana","twitter_card":"summary_large_image","twitter_misc":{"Escrito por":"Encontra Americana","Est. tempo de leitura":"4 minutos"},"schema":{"@context":"https:\/\/schema.org","@graph":[{"@type":"Article","@id":"https:\/\/www.encontraamericana.com.br\/guia\/forum-de-turismo-de-americana-sera-realizado-nesta-quarta\/#article","isPartOf":{"@id":"https:\/\/www.encontraamericana.com.br\/guia\/forum-de-turismo-de-americana-sera-realizado-nesta-quarta\/"},"author":{"name":"Encontra Americana","@id":"https:\/\/www.encontraamericana.com.br\/guia\/#\/schema\/person\/515cbc6082144e7445cab98211d14f9b"},"headline":"F\u00f3rum de Turismo de Americana ser\u00e1 realizado nesta quarta","datePublished":"2026-06-18T14:32:26+00:00","mainEntityOfPage":{"@id":"https:\/\/www.encontraamericana.com.br\/guia\/forum-de-turismo-de-americana-sera-realizado-nesta-quarta\/"},"wordCount":859,"commentCount":0,"image":{"@id":"https:\/\/www.encontraamericana.com.br\/guia\/forum-de-turismo-de-americana-sera-realizado-nesta-quarta\/#primaryimage"},"thumbnailUrl":"https:\/\/www.encontraamericana.com.br\/guia\/wp-content\/uploads\/2026\/06\/forum-de-turismo-de-americana-sera-realizado-nesta-quarta.webp","articleSection":["Not\u00edcias Americana"],"inLanguage":"pt-BR","potentialAction":[{"@type":"CommentAction","name":"Comment","target":["https:\/\/www.encontraamericana.com.br\/guia\/forum-de-turismo-de-americana-sera-realizado-nesta-quarta\/#respond"]}]},{"@type":"WebPage","@id":"https:\/\/www.encontraamericana.com.br\/guia\/forum-de-turismo-de-americana-sera-realizado-nesta-quarta\/","url":"https:\/\/www.encontraamericana.com.br\/guia\/forum-de-turismo-de-americana-sera-realizado-nesta-quarta\/","name":"F\u00f3rum de Turismo de Americana ser\u00e1 realizado nesta quarta | Guia Comercial de Americana SP","isPartOf":{"@id":"https:\/\/www.encontraamericana.com.br\/guia\/#website"},"primaryImageOfPage":{"@id":"https:\/\/www.encontraamericana.com.br\/guia\/forum-de-turismo-de-americana-sera-realizado-nesta-quarta\/#primaryimage"},"image":{"@id":"https:\/\/www.encontraamericana.com.br\/guia\/forum-de-turismo-de-americana-sera-realizado-nesta-quarta\/#primaryimage"},"thumbnailUrl":"https:\/\/www.encontraamericana.com.br\/guia\/wp-content\/uploads\/2026\/06\/forum-de-turismo-de-americana-sera-realizado-nesta-quarta.webp","datePublished":"2026-06-18T14:32:26+00:00","author":{"@id":"https:\/\/www.encontraamericana.com.br\/guia\/#\/schema\/person\/515cbc6082144e7445cab98211d14f9b"},"inLanguage":"pt-BR","potentialAction":[{"@type":"ReadAction","target":["https:\/\/www.encontraamericana.com.br\/guia\/forum-de-turismo-de-americana-sera-realizado-nesta-quarta\/"]}]},{"@type":"ImageObject","inLanguage":"pt-BR","@id":"https:\/\/www.encontraamericana.com.br\/guia\/forum-de-turismo-de-americana-sera-realizado-nesta-quarta\/#primaryimage","url":"https:\/\/www.encontraamericana.com.br\/guia\/wp-content\/uploads\/2026\/06\/forum-de-turismo-de-americana-sera-realizado-nesta-quarta.webp","contentUrl":"https:\/\/www.encontraamericana.com.br\/guia\/wp-content\/uploads\/2026\/06\/forum-de-turismo-de-americana-sera-realizado-nesta-quarta.webp","width":280,"height":280,"caption":"F\u00f3rum de Turismo de Americana"},{"@type":"WebSite","@id":"https:\/\/www.encontraamericana.com.br\/guia\/#website","url":"https:\/\/www.encontraamericana.com.br\/guia\/","name":"Guia Comercial de Americana SP","description":"ENCONTRA AMERICANA - O guia comercial de neg\u00f3cios e empresas, cultura e divers\u00e3o na cidade de Americana. Feito 100% para voc\u00ea morador!","potentialAction":[{"@type":"SearchAction","target":{"@type":"EntryPoint","urlTemplate":"https:\/\/www.encontraamericana.com.br\/guia\/?s={search_term_string}"},"query-input":{"@type":"PropertyValueSpecification","valueRequired":true,"valueName":"search_term_string"}}],"inLanguage":"pt-BR"},{"@type":"Person","@id":"https:\/\/www.encontraamericana.com.br\/guia\/#\/schema\/person\/515cbc6082144e7445cab98211d14f9b","name":"Encontra Americana","image":{"@type":"ImageObject","inLanguage":"pt-BR","@id":"https:\/\/secure.gravatar.com\/avatar\/c50c17820bcf322f0a8fd6b110b8c0918141409dc69076470f6fca5fee70a5d4?s=96&d=mm&r=g","url":"https:\/\/secure.gravatar.com\/avatar\/c50c17820bcf322f0a8fd6b110b8c0918141409dc69076470f6fca5fee70a5d4?s=96&d=mm&r=g","contentUrl":"https:\/\/secure.gravatar.com\/avatar\/c50c17820bcf322f0a8fd6b110b8c0918141409dc69076470f6fca5fee70a5d4?s=96&d=mm&r=g","caption":"Encontra Americana"},"url":"https:\/\/www.encontraamericana.com.br\/guia\/author\/encontraamericana\/"}]}},"_links":{"self":[{"href":"https:\/\/www.encontraamericana.com.br\/guia\/wp-json\/wp\/v2\/posts\/6625","targetHints":{"allow":["GET"]}}],"collection":[{"href":"https:\/\/www.encontraamericana.com.br\/guia\/wp-json\/wp\/v2\/posts"}],"about":[{"href":"https:\/\/www.encontraamericana.com.br\/guia\/wp-json\/wp\/v2\/types\/post"}],"author":[{"embeddable":true,"href":"https:\/\/www.encontraamericana.com.br\/guia\/wp-json\/wp\/v2\/users\/1"}],"replies":[{"embeddable":true,"href":"https:\/\/www.encontraamericana.com.br\/guia\/wp-json\/wp\/v2\/comments?post=6625"}],"version-history":[{"count":0,"href":"https:\/\/www.encontraamericana.com.br\/guia\/wp-json\/wp\/v2\/posts\/6625\/revisions"}],"wp:featuredmedia":[{"embeddable":true,"href":"https:\/\/www.encontraamericana.com.br\/guia\/wp-json\/wp\/v2\/media\/6624"}],"wp:attachment":[{"href":"https:\/\/www.encontraamericana.com.br\/guia\/wp-json\/wp\/v2\/media?parent=6625"}],"wp:term":[{"taxonomy":"category","embeddable":true,"href":"https:\/\/www.encontraamericana.com.br\/guia\/wp-json\/wp\/v2\/categories?post=6625"},{"taxonomy":"post_tag","embeddable":true,"href":"https:\/\/www.encontraamericana.com.br\/guia\/wp-json\/wp\/v2\/tags?post=6625"}],"curies":[{"name":"wp","href":"https:\/\/api.w.org\/{rel}","templated":true}]}}