{"id":6627,"date":"2026-06-18T11:34:04","date_gmt":"2026-06-18T14:34:04","guid":{"rendered":"https:\/\/www.encontraamericana.com.br\/guia\/fotos-5a-noite-da-festa-do-peao-de-americana-2026\/"},"modified":"2026-06-18T11:34:04","modified_gmt":"2026-06-18T14:34:04","slug":"fotos-5a-noite-da-festa-do-peao-de-americana-2026","status":"publish","type":"post","link":"https:\/\/www.encontraamericana.com.br\/guia\/fotos-5a-noite-da-festa-do-peao-de-americana-2026\/","title":{"rendered":"FOTOS: 5\u00aa noite da Festa do Pe\u00e3o de Americana 2026"},"content":{"rendered":"<h2>Montarias que Encantaram o P\u00fablico<\/h2>\n<p>A 5\u00aa noite da Festa do Pe\u00e3o de Americana, realizada em 12 de junho de 2026, foi marcada por momentos emocionantes e provas emocionantes de montaria. Os competidores mostraram suas habilidades em v\u00e1rias categorias, incluindo montarias em touros e cutiano. As arquibancadas estavam repletas de f\u00e3s ansiosos para ver a a\u00e7\u00e3o de perto, e a atmosfera era intensa.<\/p>\n<p>As montarias foram realizadas por alguns dos melhores competidores do pa\u00eds, e cada um trouxe seu estilo \u00fanico para a competi\u00e7\u00e3o. O p\u00fablico vibrou com cada queda e cada conquista, tornando a experi\u00eancia ainda mais memor\u00e1vel. Essas apresenta\u00e7\u00f5es n\u00e3o apenas destacaram o talento dos participantes, mas tamb\u00e9m mantiveram viva a tradi\u00e7\u00e3o dos rodeios na regi\u00e3o.<\/p>\n<h2>Apresenta\u00e7\u00f5es de Henrique &#038; Juliano<\/h2>\n<p>A abertura da parte musical foi feita pela renomada dupla Henrique &#038; Juliano. O show come\u00e7ou emocionando o p\u00fablico com uma homenagem a Mar\u00edlia Mendon\u00e7a, uma artista que deixou uma marca profunda no cen\u00e1rio musical sertanejo. Durante a apresenta\u00e7\u00e3o, Henrique e Juliano ofereceram uma interpreta\u00e7\u00e3o tocante da m\u00fasica &#8220;Flor e o Beija-Flor&#8221;, trazendo nostalgia aos f\u00e3s presentes na festa.<\/p>\n<p><img decoding=\"async\" src=\"https:\/\/www.encontraamericana.com.br\/guia\/wp-content\/uploads\/2026\/06\/fotos-5-noite-da-festa-do-peao-de-americana-2026.webp\" alt=\"Festa do Pe\u00e3o de Americana 2026\" loading=\"lazy\" \/><\/p>\n<p>Os irm\u00e3os n\u00e3o estavam sozinhos no palco; a compositora Bia Frazz tamb\u00e9m subiu para se juntar a eles, criando um momento \u00fanico e especial que fez a noite ser ainda mais inesquec\u00edvel. Os f\u00e3s cantaram em un\u00edssono, criando uma verdadeira festa e energia contagiante que se espalhou por todo o recinto.<\/p>\n<h2>Show do Gustavo Mioto<\/h2>\n<p>O clima descontra\u00eddo continuou com a apresenta\u00e7\u00e3o de Gustavo Mioto. Mesmo com a chuva caindo incessantemente, o artista manteve o bom humor e engajou o p\u00fablico. Ele interagiu com os f\u00e3s, fazendo brincadeiras e garantindo que todos se divertissem. A apresenta\u00e7\u00e3o teve seu momento engra\u00e7ado quando o cantor se recusou a enviar um \u00e1udio para o ex-namorado de uma f\u00e3, arrancando risadas da plateia.<\/p>\n<p>O show de Gustavo Mioto se destacou n\u00e3o apenas pela energia da performance, mas tamb\u00e9m pelo envolvimento carism\u00e1tico que ele teve com aqueles que estavam l\u00e1 para prestigi\u00e1-lo. \u00c9 essa conex\u00e3o com o p\u00fablico que o torna um dos favoritos em festivais como a Festa do Pe\u00e3o de Americana.<\/p>\n<h2>Imagens Imperd\u00edveis da Noite<\/h2>\n<p>Como parte da experi\u00eancia da Festa do Pe\u00e3o, a 5\u00aa noite foi registrada com in\u00fameras fotos que capturaram a emo\u00e7\u00e3o e a adrenalina das montarias, bem como a alegria dos shows. As imagens mostram n\u00e3o apenas os talentos dos montadores, mas tamb\u00e9m a conex\u00e3o com o p\u00fablico e a atmosfera festiva.<\/p>\n<p>Os fot\u00f3grafos se esfor\u00e7aram para capturar os melhores momentos, proporcionando uma vis\u00e3o \u00fanica do que ocorreu durante a noite. Para quem n\u00e3o p\u00f4de estar presente, essas imagens s\u00e3o um testemunho visual da magia do evento.<\/p>\n<h2>Homenagens a Mar\u00edlia Mendon\u00e7a<\/h2>\n<p>A homenagem a Mar\u00edlia Mendon\u00e7a foi um dos pontos altos da noite. A perda da artista deixou um vazio no cora\u00e7\u00e3o de muitos, e a forma como Henrique &#038; Juliano a lembraram foi cheia de respeito e carinho. Essa demonstra\u00e7\u00e3o de amor ressoou fortemente no p\u00fablico, e muitos se emocionaram durante a apresenta\u00e7\u00e3o.<\/p>\n<p>A presen\u00e7a de sua m\u00fasica na programa\u00e7\u00e3o do evento serviu para lembrar a import\u00e2ncia de seu impacto na m\u00fasica sertaneja e na cultura brasileira como um todo.<\/p>\n<h2>Atrativos do Evento<\/h2>\n<p>A Festa do Pe\u00e3o de Americana \u00e9 mais do que apenas montarias e shows. \u00c9 uma celebra\u00e7\u00e3o da cultura country, com uma variedade de atividades que atraem visitantes de todas as idades. Durante os sete dias do festival, os visitantes puderam desfrutar de gastronomia t\u00edpica, rodeios emocionantes, exposi\u00e7\u00f5es e muito mais.<\/p>\n<p>As atividades paralelas, como exposi\u00e7\u00f5es de produtos t\u00edpicos e barracas de comida, complementaram a experi\u00eancia. Os participantes puderam se deliciar com pratos regionais enquanto aproveitavam os shows e montarias. Essa combina\u00e7\u00e3o garantiu que todos tivessem raz\u00f5es de sobra para celebrar e aproveitar cada momento da festa.<\/p>\n<h2>Expectativas para as Pr\u00f3ximas Noites<\/h2>\n<p>Enquanto a festa prossegue at\u00e9 o dia 14 de junho, as expectativas s\u00e3o altas para as pr\u00f3ximas noites. As apresenta\u00e7\u00f5es de artistas renomados como Luan Santana, Bruno &#038; Marrone e Ana Castela est\u00e3o prometendo agitar ainda mais o p\u00fablico.<\/p>\n<p>Com artistas de renome e a continuidade das competi\u00e7\u00f5es de montaria, a divers\u00e3o e o entretenimento n\u00e3o devem faltar. As vendas de ingressos est\u00e3o em alta, mostrando que a popularidade do evento continua forte e que a comunidade est\u00e1 ansiosa para participar desse tradicional festival.<\/p>\n<h2>Hist\u00f3ria da Festa do Pe\u00e3o<\/h2>\n<p>A Festa do Pe\u00e3o de Americana tem uma rica hist\u00f3ria que remonta a v\u00e1rias edi\u00e7\u00f5es, celebrando a cultura rural e o encantamento do rodeio. Desde seu in\u00edcio, o evento cresceu de forma significativa, atraindo n\u00e3o apenas competidores, mas tamb\u00e9m turistas e fam\u00edlias inteiras.<\/p>\n<p>O evento n\u00e3o \u00e9 apenas um espet\u00e1culo de montaria, mas representa o orgulho e a conex\u00e3o da comunidade com suas ra\u00edzes rurais. Ao longo dos anos, ele se tornou um s\u00edmbolo de uni\u00e3o e celebra\u00e7\u00e3o, onde pessoas de diversos lugares v\u00eam para compartilhar experi\u00eancias, confortando-se na tradi\u00e7\u00e3o e no entretenimento.<\/p>\n<h2>Entrevistas com os Artistas<\/h2>\n<p>Durante a festa, \u00e9 comum que haja entrevistas com os artistas. Estas oportunidades proporcionam insights sobre suas carreiras, suas inspira\u00e7\u00f5es e suas intera\u00e7\u00f5es com o p\u00fablico. Artistas como Henrique &#038; Juliano e Gustavo Mioto frequentemente compartilham hist\u00f3rias sobre suas experi\u00eancias no palco e como se sentem em rela\u00e7\u00e3o ao apoio dos f\u00e3s.<\/p>\n<p>Essas entrevistas ajudam a aprofundar o entendimento sobre o universo da m\u00fasica sertaneja e a rela\u00e7\u00e3o dos artistas com seus admiradores, revelando um lado mais pessoal que vai al\u00e9m das performances.<\/p>\n<h2>O Que Esperar na Pr\u00f3xima Edi\u00e7\u00e3o<\/h2>\n<p>A cada edi\u00e7\u00e3o da Festa do Pe\u00e3o de Americana, a expectativa \u00e9 renovada quanto ao que ser\u00e1 apresentado no futuro. Com a experi\u00eancia acumulada de anos anteriores, provisores est\u00e3o sempre em busca de novas formas de surpreender o p\u00fablico.<\/p>\n<p>A pr\u00f3xima edi\u00e7\u00e3o promete trazer mais novidades, com de atra\u00e7\u00f5es diversificadas e atividades que v\u00e3o al\u00e9m das montarias. A inova\u00e7\u00e3o e a tradi\u00e7\u00e3o harmonizando-se ser\u00e3o um espectro que encantar\u00e1 aqueles que marcar\u00e3o presen\u00e7a. As expectativas est\u00e3o nas alturas, e a festa de 2027 certamente ter\u00e1 muito a oferecer.<\/p>\n","protected":false},"excerpt":{"rendered":"<p>Festa do Pe\u00e3o de Americana 2026 oferece montarias e shows imperd\u00edveis.<\/p>\n","protected":false},"author":1,"featured_media":6626,"comment_status":"open","ping_status":"open","sticky":false,"template":"","format":"standard","meta":{"footnotes":""},"categories":[5],"tags":[],"class_list":["post-6627","post","type-post","status-publish","format-standard","has-post-thumbnail","hentry","category-noticias","has_thumb"],"yoast_head":"<!-- This site is optimized with the Yoast SEO plugin v27.6 - https:\/\/yoast.com\/product\/yoast-seo-wordpress\/ -->\n<title>FOTOS: 5\u00aa noite da Festa do Pe\u00e3o de Americana 2026 | Guia Comercial de Americana SP<\/title>\n<meta name=\"robots\" content=\"index, follow, max-snippet:-1, max-image-preview:large, max-video-preview:-1\" \/>\n<link rel=\"canonical\" href=\"https:\/\/www.encontraamericana.com.br\/guia\/fotos-5a-noite-da-festa-do-peao-de-americana-2026\/\" \/>\n<meta property=\"og:locale\" content=\"pt_BR\" \/>\n<meta property=\"og:type\" content=\"article\" \/>\n<meta property=\"og:title\" content=\"FOTOS: 5\u00aa noite da Festa do Pe\u00e3o de Americana 2026 | Guia Comercial de Americana SP\" \/>\n<meta property=\"og:description\" content=\"Festa do Pe\u00e3o de Americana 2026 oferece montarias e shows imperd\u00edveis.\" \/>\n<meta property=\"og:url\" content=\"https:\/\/www.encontraamericana.com.br\/guia\/fotos-5a-noite-da-festa-do-peao-de-americana-2026\/\" \/>\n<meta property=\"og:site_name\" content=\"Guia Comercial de Americana SP\" \/>\n<meta property=\"article:published_time\" content=\"2026-06-18T14:34:04+00:00\" \/>\n<meta property=\"og:image\" content=\"https:\/\/www.encontraamericana.com.br\/guia\/wp-content\/uploads\/2026\/06\/fotos-5-noite-da-festa-do-peao-de-americana-2026.webp\" \/>\n<meta name=\"author\" content=\"Encontra Americana\" \/>\n<meta name=\"twitter:card\" content=\"summary_large_image\" \/>\n<meta name=\"twitter:label1\" content=\"Escrito por\" \/>\n\t<meta name=\"twitter:data1\" content=\"Encontra Americana\" \/>\n\t<meta name=\"twitter:label2\" content=\"Est. tempo de leitura\" \/>\n\t<meta name=\"twitter:data2\" content=\"6 minutos\" \/>\n<script type=\"application\/ld+json\" class=\"yoast-schema-graph\">{\"@context\":\"https:\\\/\\\/schema.org\",\"@graph\":[{\"@type\":\"Article\",\"@id\":\"https:\\\/\\\/www.encontraamericana.com.br\\\/guia\\\/fotos-5a-noite-da-festa-do-peao-de-americana-2026\\\/#article\",\"isPartOf\":{\"@id\":\"https:\\\/\\\/www.encontraamericana.com.br\\\/guia\\\/fotos-5a-noite-da-festa-do-peao-de-americana-2026\\\/\"},\"author\":{\"name\":\"Encontra Americana\",\"@id\":\"https:\\\/\\\/www.encontraamericana.com.br\\\/guia\\\/#\\\/schema\\\/person\\\/515cbc6082144e7445cab98211d14f9b\"},\"headline\":\"FOTOS: 5\u00aa noite da Festa do Pe\u00e3o de Americana 2026\",\"datePublished\":\"2026-06-18T14:34:04+00:00\",\"mainEntityOfPage\":{\"@id\":\"https:\\\/\\\/www.encontraamericana.com.br\\\/guia\\\/fotos-5a-noite-da-festa-do-peao-de-americana-2026\\\/\"},\"wordCount\":1122,\"commentCount\":0,\"image\":{\"@id\":\"https:\\\/\\\/www.encontraamericana.com.br\\\/guia\\\/fotos-5a-noite-da-festa-do-peao-de-americana-2026\\\/#primaryimage\"},\"thumbnailUrl\":\"https:\\\/\\\/www.encontraamericana.com.br\\\/guia\\\/wp-content\\\/uploads\\\/2026\\\/06\\\/fotos-5-noite-da-festa-do-peao-de-americana-2026.webp\",\"articleSection\":[\"Not\u00edcias Americana\"],\"inLanguage\":\"pt-BR\",\"potentialAction\":[{\"@type\":\"CommentAction\",\"name\":\"Comment\",\"target\":[\"https:\\\/\\\/www.encontraamericana.com.br\\\/guia\\\/fotos-5a-noite-da-festa-do-peao-de-americana-2026\\\/#respond\"]}]},{\"@type\":\"WebPage\",\"@id\":\"https:\\\/\\\/www.encontraamericana.com.br\\\/guia\\\/fotos-5a-noite-da-festa-do-peao-de-americana-2026\\\/\",\"url\":\"https:\\\/\\\/www.encontraamericana.com.br\\\/guia\\\/fotos-5a-noite-da-festa-do-peao-de-americana-2026\\\/\",\"name\":\"FOTOS: 5\u00aa noite da Festa do Pe\u00e3o de Americana 2026 | Guia Comercial de Americana SP\",\"isPartOf\":{\"@id\":\"https:\\\/\\\/www.encontraamericana.com.br\\\/guia\\\/#website\"},\"primaryImageOfPage\":{\"@id\":\"https:\\\/\\\/www.encontraamericana.com.br\\\/guia\\\/fotos-5a-noite-da-festa-do-peao-de-americana-2026\\\/#primaryimage\"},\"image\":{\"@id\":\"https:\\\/\\\/www.encontraamericana.com.br\\\/guia\\\/fotos-5a-noite-da-festa-do-peao-de-americana-2026\\\/#primaryimage\"},\"thumbnailUrl\":\"https:\\\/\\\/www.encontraamericana.com.br\\\/guia\\\/wp-content\\\/uploads\\\/2026\\\/06\\\/fotos-5-noite-da-festa-do-peao-de-americana-2026.webp\",\"datePublished\":\"2026-06-18T14:34:04+00:00\",\"author\":{\"@id\":\"https:\\\/\\\/www.encontraamericana.com.br\\\/guia\\\/#\\\/schema\\\/person\\\/515cbc6082144e7445cab98211d14f9b\"},\"inLanguage\":\"pt-BR\",\"potentialAction\":[{\"@type\":\"ReadAction\",\"target\":[\"https:\\\/\\\/www.encontraamericana.com.br\\\/guia\\\/fotos-5a-noite-da-festa-do-peao-de-americana-2026\\\/\"]}]},{\"@type\":\"ImageObject\",\"inLanguage\":\"pt-BR\",\"@id\":\"https:\\\/\\\/www.encontraamericana.com.br\\\/guia\\\/fotos-5a-noite-da-festa-do-peao-de-americana-2026\\\/#primaryimage\",\"url\":\"https:\\\/\\\/www.encontraamericana.com.br\\\/guia\\\/wp-content\\\/uploads\\\/2026\\\/06\\\/fotos-5-noite-da-festa-do-peao-de-americana-2026.webp\",\"contentUrl\":\"https:\\\/\\\/www.encontraamericana.com.br\\\/guia\\\/wp-content\\\/uploads\\\/2026\\\/06\\\/fotos-5-noite-da-festa-do-peao-de-americana-2026.webp\",\"width\":280,\"height\":280,\"caption\":\"Festa do Pe\u00e3o de Americana 2026\"},{\"@type\":\"WebSite\",\"@id\":\"https:\\\/\\\/www.encontraamericana.com.br\\\/guia\\\/#website\",\"url\":\"https:\\\/\\\/www.encontraamericana.com.br\\\/guia\\\/\",\"name\":\"Guia Comercial de Americana SP\",\"description\":\"ENCONTRA AMERICANA - O guia comercial de neg\u00f3cios e empresas, cultura e divers\u00e3o na cidade de Americana. Feito 100% para voc\u00ea morador!\",\"potentialAction\":[{\"@type\":\"SearchAction\",\"target\":{\"@type\":\"EntryPoint\",\"urlTemplate\":\"https:\\\/\\\/www.encontraamericana.com.br\\\/guia\\\/?s={search_term_string}\"},\"query-input\":{\"@type\":\"PropertyValueSpecification\",\"valueRequired\":true,\"valueName\":\"search_term_string\"}}],\"inLanguage\":\"pt-BR\"},{\"@type\":\"Person\",\"@id\":\"https:\\\/\\\/www.encontraamericana.com.br\\\/guia\\\/#\\\/schema\\\/person\\\/515cbc6082144e7445cab98211d14f9b\",\"name\":\"Encontra Americana\",\"image\":{\"@type\":\"ImageObject\",\"inLanguage\":\"pt-BR\",\"@id\":\"https:\\\/\\\/secure.gravatar.com\\\/avatar\\\/c50c17820bcf322f0a8fd6b110b8c0918141409dc69076470f6fca5fee70a5d4?s=96&d=mm&r=g\",\"url\":\"https:\\\/\\\/secure.gravatar.com\\\/avatar\\\/c50c17820bcf322f0a8fd6b110b8c0918141409dc69076470f6fca5fee70a5d4?s=96&d=mm&r=g\",\"contentUrl\":\"https:\\\/\\\/secure.gravatar.com\\\/avatar\\\/c50c17820bcf322f0a8fd6b110b8c0918141409dc69076470f6fca5fee70a5d4?s=96&d=mm&r=g\",\"caption\":\"Encontra Americana\"},\"url\":\"https:\\\/\\\/www.encontraamericana.com.br\\\/guia\\\/author\\\/encontraamericana\\\/\"}]}<\/script>\n<!-- \/ Yoast SEO plugin. -->","yoast_head_json":{"title":"FOTOS: 5\u00aa noite da Festa do Pe\u00e3o de Americana 2026 | Guia Comercial de Americana SP","robots":{"index":"index","follow":"follow","max-snippet":"max-snippet:-1","max-image-preview":"max-image-preview:large","max-video-preview":"max-video-preview:-1"},"canonical":"https:\/\/www.encontraamericana.com.br\/guia\/fotos-5a-noite-da-festa-do-peao-de-americana-2026\/","og_locale":"pt_BR","og_type":"article","og_title":"FOTOS: 5\u00aa noite da Festa do Pe\u00e3o de Americana 2026 | Guia Comercial de Americana SP","og_description":"Festa do Pe\u00e3o de Americana 2026 oferece montarias e shows imperd\u00edveis.","og_url":"https:\/\/www.encontraamericana.com.br\/guia\/fotos-5a-noite-da-festa-do-peao-de-americana-2026\/","og_site_name":"Guia Comercial de Americana SP","article_published_time":"2026-06-18T14:34:04+00:00","og_image":[{"url":"https:\/\/www.encontraamericana.com.br\/guia\/wp-content\/uploads\/2026\/06\/fotos-5-noite-da-festa-do-peao-de-americana-2026.webp","type":"","width":"","height":""}],"author":"Encontra Americana","twitter_card":"summary_large_image","twitter_misc":{"Escrito por":"Encontra Americana","Est. tempo de leitura":"6 minutos"},"schema":{"@context":"https:\/\/schema.org","@graph":[{"@type":"Article","@id":"https:\/\/www.encontraamericana.com.br\/guia\/fotos-5a-noite-da-festa-do-peao-de-americana-2026\/#article","isPartOf":{"@id":"https:\/\/www.encontraamericana.com.br\/guia\/fotos-5a-noite-da-festa-do-peao-de-americana-2026\/"},"author":{"name":"Encontra Americana","@id":"https:\/\/www.encontraamericana.com.br\/guia\/#\/schema\/person\/515cbc6082144e7445cab98211d14f9b"},"headline":"FOTOS: 5\u00aa noite da Festa do Pe\u00e3o de Americana 2026","datePublished":"2026-06-18T14:34:04+00:00","mainEntityOfPage":{"@id":"https:\/\/www.encontraamericana.com.br\/guia\/fotos-5a-noite-da-festa-do-peao-de-americana-2026\/"},"wordCount":1122,"commentCount":0,"image":{"@id":"https:\/\/www.encontraamericana.com.br\/guia\/fotos-5a-noite-da-festa-do-peao-de-americana-2026\/#primaryimage"},"thumbnailUrl":"https:\/\/www.encontraamericana.com.br\/guia\/wp-content\/uploads\/2026\/06\/fotos-5-noite-da-festa-do-peao-de-americana-2026.webp","articleSection":["Not\u00edcias Americana"],"inLanguage":"pt-BR","potentialAction":[{"@type":"CommentAction","name":"Comment","target":["https:\/\/www.encontraamericana.com.br\/guia\/fotos-5a-noite-da-festa-do-peao-de-americana-2026\/#respond"]}]},{"@type":"WebPage","@id":"https:\/\/www.encontraamericana.com.br\/guia\/fotos-5a-noite-da-festa-do-peao-de-americana-2026\/","url":"https:\/\/www.encontraamericana.com.br\/guia\/fotos-5a-noite-da-festa-do-peao-de-americana-2026\/","name":"FOTOS: 5\u00aa noite da Festa do Pe\u00e3o de Americana 2026 | Guia Comercial de Americana SP","isPartOf":{"@id":"https:\/\/www.encontraamericana.com.br\/guia\/#website"},"primaryImageOfPage":{"@id":"https:\/\/www.encontraamericana.com.br\/guia\/fotos-5a-noite-da-festa-do-peao-de-americana-2026\/#primaryimage"},"image":{"@id":"https:\/\/www.encontraamericana.com.br\/guia\/fotos-5a-noite-da-festa-do-peao-de-americana-2026\/#primaryimage"},"thumbnailUrl":"https:\/\/www.encontraamericana.com.br\/guia\/wp-content\/uploads\/2026\/06\/fotos-5-noite-da-festa-do-peao-de-americana-2026.webp","datePublished":"2026-06-18T14:34:04+00:00","author":{"@id":"https:\/\/www.encontraamericana.com.br\/guia\/#\/schema\/person\/515cbc6082144e7445cab98211d14f9b"},"inLanguage":"pt-BR","potentialAction":[{"@type":"ReadAction","target":["https:\/\/www.encontraamericana.com.br\/guia\/fotos-5a-noite-da-festa-do-peao-de-americana-2026\/"]}]},{"@type":"ImageObject","inLanguage":"pt-BR","@id":"https:\/\/www.encontraamericana.com.br\/guia\/fotos-5a-noite-da-festa-do-peao-de-americana-2026\/#primaryimage","url":"https:\/\/www.encontraamericana.com.br\/guia\/wp-content\/uploads\/2026\/06\/fotos-5-noite-da-festa-do-peao-de-americana-2026.webp","contentUrl":"https:\/\/www.encontraamericana.com.br\/guia\/wp-content\/uploads\/2026\/06\/fotos-5-noite-da-festa-do-peao-de-americana-2026.webp","width":280,"height":280,"caption":"Festa do Pe\u00e3o de Americana 2026"},{"@type":"WebSite","@id":"https:\/\/www.encontraamericana.com.br\/guia\/#website","url":"https:\/\/www.encontraamericana.com.br\/guia\/","name":"Guia Comercial de Americana SP","description":"ENCONTRA AMERICANA - O guia comercial de neg\u00f3cios e empresas, cultura e divers\u00e3o na cidade de Americana. Feito 100% para voc\u00ea morador!","potentialAction":[{"@type":"SearchAction","target":{"@type":"EntryPoint","urlTemplate":"https:\/\/www.encontraamericana.com.br\/guia\/?s={search_term_string}"},"query-input":{"@type":"PropertyValueSpecification","valueRequired":true,"valueName":"search_term_string"}}],"inLanguage":"pt-BR"},{"@type":"Person","@id":"https:\/\/www.encontraamericana.com.br\/guia\/#\/schema\/person\/515cbc6082144e7445cab98211d14f9b","name":"Encontra Americana","image":{"@type":"ImageObject","inLanguage":"pt-BR","@id":"https:\/\/secure.gravatar.com\/avatar\/c50c17820bcf322f0a8fd6b110b8c0918141409dc69076470f6fca5fee70a5d4?s=96&d=mm&r=g","url":"https:\/\/secure.gravatar.com\/avatar\/c50c17820bcf322f0a8fd6b110b8c0918141409dc69076470f6fca5fee70a5d4?s=96&d=mm&r=g","contentUrl":"https:\/\/secure.gravatar.com\/avatar\/c50c17820bcf322f0a8fd6b110b8c0918141409dc69076470f6fca5fee70a5d4?s=96&d=mm&r=g","caption":"Encontra Americana"},"url":"https:\/\/www.encontraamericana.com.br\/guia\/author\/encontraamericana\/"}]}},"_links":{"self":[{"href":"https:\/\/www.encontraamericana.com.br\/guia\/wp-json\/wp\/v2\/posts\/6627","targetHints":{"allow":["GET"]}}],"collection":[{"href":"https:\/\/www.encontraamericana.com.br\/guia\/wp-json\/wp\/v2\/posts"}],"about":[{"href":"https:\/\/www.encontraamericana.com.br\/guia\/wp-json\/wp\/v2\/types\/post"}],"author":[{"embeddable":true,"href":"https:\/\/www.encontraamericana.com.br\/guia\/wp-json\/wp\/v2\/users\/1"}],"replies":[{"embeddable":true,"href":"https:\/\/www.encontraamericana.com.br\/guia\/wp-json\/wp\/v2\/comments?post=6627"}],"version-history":[{"count":0,"href":"https:\/\/www.encontraamericana.com.br\/guia\/wp-json\/wp\/v2\/posts\/6627\/revisions"}],"wp:featuredmedia":[{"embeddable":true,"href":"https:\/\/www.encontraamericana.com.br\/guia\/wp-json\/wp\/v2\/media\/6626"}],"wp:attachment":[{"href":"https:\/\/www.encontraamericana.com.br\/guia\/wp-json\/wp\/v2\/media?parent=6627"}],"wp:term":[{"taxonomy":"category","embeddable":true,"href":"https:\/\/www.encontraamericana.com.br\/guia\/wp-json\/wp\/v2\/categories?post=6627"},{"taxonomy":"post_tag","embeddable":true,"href":"https:\/\/www.encontraamericana.com.br\/guia\/wp-json\/wp\/v2\/tags?post=6627"}],"curies":[{"name":"wp","href":"https:\/\/api.w.org\/{rel}","templated":true}]}}