{"id":6641,"date":"2026-06-23T16:57:34","date_gmt":"2026-06-23T19:57:34","guid":{"rendered":"https:\/\/www.encontraamericana.com.br\/guia\/festas-juninas-abertas-ao-publico-ocorrem-sabado-em-seis-escolas-de-americana\/"},"modified":"2026-06-23T16:57:34","modified_gmt":"2026-06-23T19:57:34","slug":"festas-juninas-abertas-ao-publico-ocorrem-sabado-em-seis-escolas-de-americana","status":"publish","type":"post","link":"https:\/\/www.encontraamericana.com.br\/guia\/festas-juninas-abertas-ao-publico-ocorrem-sabado-em-seis-escolas-de-americana\/","title":{"rendered":"Festas juninas abertas ao p\u00fablico ocorrem s\u00e1bado em seis escolas de Americana"},"content":{"rendered":"<h2>As Escolas Participantes e Suas Festas<\/h2>\n<p>Neste s\u00e1bado, dia 20 de junho, as festividades juninas em Americana estar\u00e3o em pleno vapor, com seis escolas da rede municipal abrindo suas portas para a comunidade. A programa\u00e7\u00e3o come\u00e7a \u00e0s 11h30 com uma grande atra\u00e7\u00e3o na Casa da Crian\u00e7a Manac\u00e1, situada na Rua S\u00e3o Vito. Em seguida, \u00e0s 13h, a encantadora festa na EMEF Professor Milton Santos promete animar as crian\u00e7as e suas fam\u00edlias.<\/p>\n<p>Por volta das 14h, a EMEF Paulo Freire inicia o seu 25\u00ba Arrai\u00e1, enquanto o CAIC Professor Sylvino Chinelatto celebra sua 25\u00aa Tarde do Chocolate Quente \u00e0s 15h. Para quem busca uma celebra\u00e7\u00e3o \u00e0 noite, op\u00e7\u00f5es boas come\u00e7am a partir das 18h, com a Festa Junina do CIEP Professor\u00aa Oniva de Moura Brizola e o evento Brasil Caboclo \u2013 No Ritmo da Cultura Popular no CIEP Professora Maria Nilde Mascellani.<\/p>\n<h2>Atra\u00e7\u00f5es e Atividades nas Festas Juninas<\/h2>\n<p>As festas oferecem uma ampla variedade de atra\u00e7\u00f5es, ideal para todas as idades. Os visitantes poder\u00e3o desfrutar de um card\u00e1pio rico em comidas t\u00edpicas, como canjica e pipoca, al\u00e9m de participar de dan\u00e7as e brincadeiras tradicionais. Haver\u00e1 apresenta\u00e7\u00f5es art\u00edsticas, onde a cultura caipira \u00e9 celebrada com m\u00fasicas e dan\u00e7as animadas, carregadas de alegria.<\/p>\n<p><img decoding=\"async\" src=\"https:\/\/www.encontraamericana.com.br\/guia\/wp-content\/uploads\/2026\/06\/festas-juninas-abertas-ao-publico-ocorrem-sabado-em-seis-escolas-de-americana.webp\" alt=\"Festas Juninas em Americana\" loading=\"lazy\" \/><\/p>\n<p>Al\u00e9m disso, o ambiente festivo ser\u00e1 embelezado com decora\u00e7\u00f5es relacionadas \u00e0s tradi\u00e7\u00f5es juninas, que garantem uma experi\u00eancia especial e memor\u00e1vel para os participantes. A atmosfera acolhedora promete envolver as fam\u00edlias e a comunidade escolar, tornando esses eventos verdadeiras celebra\u00e7\u00f5es da cultura local.<\/p>\n<h2>Comidas T\u00edpicas que Voc\u00ea N\u00e3o Pode Perder<\/h2>\n<p>As festas juninas s\u00e3o conhecidas por sua deliciosa culin\u00e1ria. Entre as iguarias que voc\u00ea encontrar\u00e1, est\u00e3o:<\/p>\n<ul>\n<li><strong>Canjica:<\/strong> Um prato \u00e0 base de milho com a\u00e7\u00facar e leite de coco, muito apreciado nas festividades.<\/li>\n<li><strong>Pamonha:<\/strong> Feita de milho verde, \u00e9 uma receita que encanta o paladar de todos.<\/li>\n<li><strong>Pipoca:<\/strong> Um cl\u00e1ssico que nunca pode faltar, servida em por\u00e7\u00f5es generosas.<\/li>\n<li><strong>Bolo de Milho:<\/strong> Um doce tradicional que combina perfeitamente com as celebra\u00e7\u00f5es.<\/li>\n<li><strong>Milho Cozido:<\/strong> Simples e saboroso, ideal para quem busca uma op\u00e7\u00e3o mais leve.<\/li>\n<\/ul>\n<p>Cada escola traz sua especialidade, e a diversidade de sabores \u00e9 uma das grandes atra\u00e7\u00f5es dos arrai\u00e1s, onde todos podem experimentar e compartilhar momentos gostosos.<\/p>\n<h2>Hor\u00e1rios das Festas Juninas em Americana<\/h2>\n<p>As festividades das escolas de Americana ocorrem nos seguintes hor\u00e1rios:<\/p>\n<ul>\n<li><strong>11h30:<\/strong> Casa da Crian\u00e7a Manac\u00e1 (Rua S\u00e3o Vito, 1363, S\u00e3o Lu\u00eds)<\/li>\n<li><strong>13h:<\/strong> EMEF Prof. Milton Santos (Rua Felicio Zamperlin, 200, Praia Azul)<\/li>\n<li><strong>14h:<\/strong> EMEF Paulo Freire (Rua Jales, 61, Parque Novo Mundo)<\/li>\n<li><strong>15h:<\/strong> CAIC Prof. Sylvino Chinelatto (Rua dos Ideais, s\/n\u00ba, Jardim da Paz)<\/li>\n<li><strong>18h:<\/strong> CIEP Prof\u00aa. Oniva de Moura Brizola (Rua Ari Barroso, 105, Antonio Zanaga)<\/li>\n<li><strong>18h:<\/strong> CIEP Prof\u00aa. Maria Nilde Mascellani (Rua Nara Le\u00e3o, 750, Parque Residencial Jaguari)<\/li>\n<\/ul>\n<p>Com um planejamento bem definido, as festividades se estendem at\u00e9 o dia 4 de julho, garantindo que todos tenham a oportunidade de desfrutar das comemora\u00e7\u00f5es.<\/p>\n<h2>O Que Esperar de Cada Evento<\/h2>\n<p>Em cada uma das festas juninas em Americana, voc\u00ea pode esperar:<\/p>\n<ul>\n<li><strong>Comidas T\u00edpicas:<\/strong> Gastronomia variada, repleta de sabores tradicionais.<\/li>\n<li><strong>M\u00fasica e Dan\u00e7a:<\/strong> Apresenta\u00e7\u00f5es que v\u00e3o desde o forr\u00f3 at\u00e9 dan\u00e7as folcl\u00f3ricas, engajando o p\u00fablico.<\/li>\n<li><strong>Brincadeiras e Jogos:<\/strong> Barracas com atividades que divertem crian\u00e7as e adultos, como pescaria e correio elegante.<\/li>\n<li><strong>Decora\u00e7\u00e3o Tem\u00e1tica:<\/strong> Um ambiente vibrante, repleto de bandeirinhas e s\u00edmbolos juninos.<\/li>\n<li><strong>Intera\u00e7\u00e3o Comunit\u00e1ria:<\/strong> Um espa\u00e7o para amigos e familiares se reunirem e celebrarem juntos.<\/li>\n<\/ul>\n<p>Esses eventos n\u00e3o s\u00e3o apenas para os estudantes, mas abrem espa\u00e7o para toda a comunidade, fortalecendo la\u00e7os e promovendo um esp\u00edrito de uni\u00e3o.<\/p>\n<h2>Import\u00e2ncia Cultural das Festas Juninas<\/h2>\n<p>Todas as festas juninas em Americana representam um resgate da cultura popular e tradi\u00e7\u00f5es do interior do Brasil. Elas s\u00e3o um momento de celebra\u00e7\u00e3o das ra\u00edzes e h\u00e1bitos que foram passados de gera\u00e7\u00e3o em gera\u00e7\u00e3o. Al\u00e9m disso, promovem:<\/p>\n<ul>\n<li><strong>Conscientiza\u00e7\u00e3o Cultural:<\/strong> As festividades ajudam a transmitir conhecimentos sobre a cultura local.<\/li>\n<li><strong>Valoriza\u00e7\u00e3o das Tradi\u00e7\u00f5es:<\/strong> S\u00e3o um espa\u00e7o para resgatar e manter vivas as tradi\u00e7\u00f5es brasileiras.<\/li>\n<li><strong>Fortalecimento da Comunidade:<\/strong> Unem pessoas de diferentes idades e hist\u00f3rias, criando um senso de pertencimento.<\/li>\n<li><strong>Educa\u00e7\u00e3o Inclusiva:<\/strong> Apresentam um ambiente educativo atrav\u00e9s da m\u00fasica, dan\u00e7a e culin\u00e1ria, envolvendo todos os participantes.<\/li>\n<\/ul>\n<p>Dessa forma, as festas juninas se tornam mais do que um evento festivo; s\u00e3o uma celebra\u00e7\u00e3o do que somos enquanto sociedade.<\/p>\n<h2>Dicas para Aproveitar com a Fam\u00edlia<\/h2>\n<p>Para que a experi\u00eancia das festividades juninas seja a melhor poss\u00edvel, seguem algumas dicas \u00fateis:<\/p>\n<ul>\n<li><strong>Chegue Cedo:<\/strong> Assim, voc\u00ea conseguir\u00e1 aproveitar todas as atra\u00e7\u00f5es sem correria.<\/li>\n<li><strong>Vista-se a Car\u00e1ter:<\/strong> Trajes t\u00edpicos tornam a experi\u00eancia mais divertida e envolvente.<\/li>\n<li><strong>Leve Dinheiro em Esp\u00e9cie:<\/strong> As barracas podem n\u00e3o aceitar cart\u00f5es, ent\u00e3o \u00e9 bom ir preparado.<\/li>\n<li><strong>Participa\u00e7\u00e3o das Crian\u00e7as:<\/strong> Incentive a participa\u00e7\u00e3o dos pequenos em brincadeiras e dan\u00e7as.<\/li>\n<li><strong>Experimente tudo!<\/strong>: N\u00e3o deixe de provar as del\u00edcias da culin\u00e1ria local.<\/li>\n<\/ul>\n<p>Essas pequenas a\u00e7\u00f5es ajudam a criar mem\u00f3rias inesquec\u00edveis em fam\u00edlia e garantem que todos se divirtam ao m\u00e1ximo.<\/p>\n<h2>A M\u00fasica e a Dan\u00e7a nas Festas Juninas<\/h2>\n<p>A m\u00fasica \u00e9 o cora\u00e7\u00e3o das festividades juninas, com ritmos que contagiam e animam o p\u00fablico. Dan\u00e7as t\u00edpicas como a quadrilha s\u00e3o a atra\u00e7\u00e3o principal, oferecendo uma oportunidade para os visitantes da festa interagirem uns com os outros. As m\u00fasicas tradicionais trazem letras que falam de amor, alegria e a vida rural, refletindo a ess\u00eancia da cultura caipira.<\/p>\n<p>A pr\u00e1tica de dan\u00e7ar tamb\u00e9m envolve as fam\u00edlias, que se re\u00fanem em grupos para dan\u00e7ar e se divertir. A intera\u00e7\u00e3o entre todos, crian\u00e7as, jovens e idosos, torna o ambiente ainda mais acolhedor e especial.<\/p>\n<h2>Como Contribuir nas Festividades<\/h2>\n<p>A participa\u00e7\u00e3o da comunidade nas festas \u00e9 fundamental. Aqui est\u00e3o algumas maneiras de se envolver:<\/p>\n<ul>\n<li><strong>Doe Alimentos:<\/strong> Contribui\u00e7\u00f5es de comidas e bebidas s\u00e3o sempre bem-vindas.<\/li>\n<li><strong>Voluntariado:<\/strong> Ofere\u00e7a seu tempo para ajudar na organiza\u00e7\u00e3o e na opera\u00e7\u00e3o das festas.<\/li>\n<li><strong>Divulga\u00e7\u00e3o:<\/strong> Compartilhe as informa\u00e7\u00f5es sobre os eventos nas redes sociais para atrair mais visitantes.<\/li>\n<li><strong>Incentive a Participa\u00e7\u00e3o:<\/strong> Convide amigos e familiares para se juntarem \u00e0s festividades.<\/li>\n<\/ul>\n<p>Qualquer colabora\u00e7\u00e3o \u00e9 apreciada e mostra o envolvimento da comunidade em manter vivas as tradi\u00e7\u00f5es locais.<\/p>\n<h2>Pr\u00f3ximas Festas Juninas na Regi\u00e3o<\/h2>\n<p>Al\u00e9m das festividades em Americana, outras cidades da regi\u00e3o tamb\u00e9m est\u00e3o programando suas festas juninas. Confira o calend\u00e1rio abaixo:<\/p>\n<ul>\n<li><strong>27\/06:<\/strong> Casa da Crian\u00e7a Ara\u00fana (Jardim dos L\u00edrios) a partir das 10h<\/li>\n<li><strong>27\/06:<\/strong> Casa da Crian\u00e7a Angatu (Jardim Boer I) &#8211; Arrai\u00e1 da Angatu a partir das 10h30<\/li>\n<li><strong>27\/06:<\/strong> CIEP Prof. An\u00edsio Sp\u00ednola Teixeira (CIEP S\u00e3o Jer\u00f4nimo) &#8211; \u201cCiep 35 anos: Nossa Hist\u00f3ria, nossas mem\u00f3rias\u201d \u00e0s 15h<\/li>\n<li><strong>04\/07:<\/strong> Centro Municipal de Educa\u00e7\u00e3o do Autista \u201cTempo de Viver\u201d (Vila Dainese) &#8211; Festa Julina a partir das 15h<\/li>\n<\/ul>\n<p>Essas celebra\u00e7\u00f5es prometem divers\u00e3o, cultura e muita intera\u00e7\u00e3o, consolidando ainda mais a import\u00e2ncia das festas juninas na nossa sociedade.<\/p>\n","protected":false},"excerpt":{"rendered":"<p>Festas juninas estar\u00e3o abertas ao p\u00fablico em seis escolas de Americana neste s\u00e1bado.<\/p>\n","protected":false},"author":1,"featured_media":6640,"comment_status":"open","ping_status":"open","sticky":false,"template":"","format":"standard","meta":{"footnotes":""},"categories":[897],"tags":[],"class_list":["post-6641","post","type-post","status-publish","format-standard","has-post-thumbnail","hentry","category-eventos","has_thumb"],"yoast_head":"<!-- This site is optimized with the Yoast SEO plugin v27.6 - https:\/\/yoast.com\/product\/yoast-seo-wordpress\/ -->\n<title>Festas juninas abertas ao p\u00fablico ocorrem s\u00e1bado em seis escolas de Americana | Guia Comercial de Americana SP<\/title>\n<meta name=\"robots\" content=\"index, follow, max-snippet:-1, max-image-preview:large, max-video-preview:-1\" \/>\n<link rel=\"canonical\" href=\"https:\/\/www.encontraamericana.com.br\/guia\/festas-juninas-abertas-ao-publico-ocorrem-sabado-em-seis-escolas-de-americana\/\" \/>\n<meta property=\"og:locale\" content=\"pt_BR\" \/>\n<meta property=\"og:type\" content=\"article\" \/>\n<meta property=\"og:title\" content=\"Festas juninas abertas ao p\u00fablico ocorrem s\u00e1bado em seis escolas de Americana | Guia Comercial de Americana SP\" \/>\n<meta property=\"og:description\" content=\"Festas juninas estar\u00e3o abertas ao p\u00fablico em seis escolas de Americana neste s\u00e1bado.\" \/>\n<meta property=\"og:url\" content=\"https:\/\/www.encontraamericana.com.br\/guia\/festas-juninas-abertas-ao-publico-ocorrem-sabado-em-seis-escolas-de-americana\/\" \/>\n<meta property=\"og:site_name\" content=\"Guia Comercial de Americana SP\" \/>\n<meta property=\"article:published_time\" content=\"2026-06-23T19:57:34+00:00\" \/>\n<meta property=\"og:image\" content=\"https:\/\/www.encontraamericana.com.br\/guia\/wp-content\/uploads\/2026\/06\/festas-juninas-abertas-ao-publico-ocorrem-sabado-em-seis-escolas-de-americana.webp\" \/>\n<meta name=\"author\" content=\"Encontra Americana\" \/>\n<meta name=\"twitter:card\" content=\"summary_large_image\" \/>\n<meta name=\"twitter:label1\" content=\"Escrito por\" \/>\n\t<meta name=\"twitter:data1\" content=\"Encontra Americana\" \/>\n\t<meta name=\"twitter:label2\" content=\"Est. tempo de leitura\" \/>\n\t<meta name=\"twitter:data2\" content=\"6 minutos\" \/>\n<script type=\"application\/ld+json\" class=\"yoast-schema-graph\">{\"@context\":\"https:\\\/\\\/schema.org\",\"@graph\":[{\"@type\":\"Article\",\"@id\":\"https:\\\/\\\/www.encontraamericana.com.br\\\/guia\\\/festas-juninas-abertas-ao-publico-ocorrem-sabado-em-seis-escolas-de-americana\\\/#article\",\"isPartOf\":{\"@id\":\"https:\\\/\\\/www.encontraamericana.com.br\\\/guia\\\/festas-juninas-abertas-ao-publico-ocorrem-sabado-em-seis-escolas-de-americana\\\/\"},\"author\":{\"name\":\"Encontra Americana\",\"@id\":\"https:\\\/\\\/www.encontraamericana.com.br\\\/guia\\\/#\\\/schema\\\/person\\\/515cbc6082144e7445cab98211d14f9b\"},\"headline\":\"Festas juninas abertas ao p\u00fablico ocorrem s\u00e1bado em seis escolas de Americana\",\"datePublished\":\"2026-06-23T19:57:34+00:00\",\"mainEntityOfPage\":{\"@id\":\"https:\\\/\\\/www.encontraamericana.com.br\\\/guia\\\/festas-juninas-abertas-ao-publico-ocorrem-sabado-em-seis-escolas-de-americana\\\/\"},\"wordCount\":1246,\"commentCount\":0,\"image\":{\"@id\":\"https:\\\/\\\/www.encontraamericana.com.br\\\/guia\\\/festas-juninas-abertas-ao-publico-ocorrem-sabado-em-seis-escolas-de-americana\\\/#primaryimage\"},\"thumbnailUrl\":\"https:\\\/\\\/www.encontraamericana.com.br\\\/guia\\\/wp-content\\\/uploads\\\/2026\\\/06\\\/festas-juninas-abertas-ao-publico-ocorrem-sabado-em-seis-escolas-de-americana.webp\",\"articleSection\":[\"Eventos Americana\"],\"inLanguage\":\"pt-BR\",\"potentialAction\":[{\"@type\":\"CommentAction\",\"name\":\"Comment\",\"target\":[\"https:\\\/\\\/www.encontraamericana.com.br\\\/guia\\\/festas-juninas-abertas-ao-publico-ocorrem-sabado-em-seis-escolas-de-americana\\\/#respond\"]}]},{\"@type\":\"WebPage\",\"@id\":\"https:\\\/\\\/www.encontraamericana.com.br\\\/guia\\\/festas-juninas-abertas-ao-publico-ocorrem-sabado-em-seis-escolas-de-americana\\\/\",\"url\":\"https:\\\/\\\/www.encontraamericana.com.br\\\/guia\\\/festas-juninas-abertas-ao-publico-ocorrem-sabado-em-seis-escolas-de-americana\\\/\",\"name\":\"Festas juninas abertas ao p\u00fablico ocorrem s\u00e1bado em seis escolas de Americana | Guia Comercial de Americana SP\",\"isPartOf\":{\"@id\":\"https:\\\/\\\/www.encontraamericana.com.br\\\/guia\\\/#website\"},\"primaryImageOfPage\":{\"@id\":\"https:\\\/\\\/www.encontraamericana.com.br\\\/guia\\\/festas-juninas-abertas-ao-publico-ocorrem-sabado-em-seis-escolas-de-americana\\\/#primaryimage\"},\"image\":{\"@id\":\"https:\\\/\\\/www.encontraamericana.com.br\\\/guia\\\/festas-juninas-abertas-ao-publico-ocorrem-sabado-em-seis-escolas-de-americana\\\/#primaryimage\"},\"thumbnailUrl\":\"https:\\\/\\\/www.encontraamericana.com.br\\\/guia\\\/wp-content\\\/uploads\\\/2026\\\/06\\\/festas-juninas-abertas-ao-publico-ocorrem-sabado-em-seis-escolas-de-americana.webp\",\"datePublished\":\"2026-06-23T19:57:34+00:00\",\"author\":{\"@id\":\"https:\\\/\\\/www.encontraamericana.com.br\\\/guia\\\/#\\\/schema\\\/person\\\/515cbc6082144e7445cab98211d14f9b\"},\"inLanguage\":\"pt-BR\",\"potentialAction\":[{\"@type\":\"ReadAction\",\"target\":[\"https:\\\/\\\/www.encontraamericana.com.br\\\/guia\\\/festas-juninas-abertas-ao-publico-ocorrem-sabado-em-seis-escolas-de-americana\\\/\"]}]},{\"@type\":\"ImageObject\",\"inLanguage\":\"pt-BR\",\"@id\":\"https:\\\/\\\/www.encontraamericana.com.br\\\/guia\\\/festas-juninas-abertas-ao-publico-ocorrem-sabado-em-seis-escolas-de-americana\\\/#primaryimage\",\"url\":\"https:\\\/\\\/www.encontraamericana.com.br\\\/guia\\\/wp-content\\\/uploads\\\/2026\\\/06\\\/festas-juninas-abertas-ao-publico-ocorrem-sabado-em-seis-escolas-de-americana.webp\",\"contentUrl\":\"https:\\\/\\\/www.encontraamericana.com.br\\\/guia\\\/wp-content\\\/uploads\\\/2026\\\/06\\\/festas-juninas-abertas-ao-publico-ocorrem-sabado-em-seis-escolas-de-americana.webp\",\"width\":280,\"height\":280,\"caption\":\"Festas Juninas em Americana\"},{\"@type\":\"WebSite\",\"@id\":\"https:\\\/\\\/www.encontraamericana.com.br\\\/guia\\\/#website\",\"url\":\"https:\\\/\\\/www.encontraamericana.com.br\\\/guia\\\/\",\"name\":\"Guia Comercial de Americana SP\",\"description\":\"ENCONTRA AMERICANA - O guia comercial de neg\u00f3cios e empresas, cultura e divers\u00e3o na cidade de Americana. Feito 100% para voc\u00ea morador!\",\"potentialAction\":[{\"@type\":\"SearchAction\",\"target\":{\"@type\":\"EntryPoint\",\"urlTemplate\":\"https:\\\/\\\/www.encontraamericana.com.br\\\/guia\\\/?s={search_term_string}\"},\"query-input\":{\"@type\":\"PropertyValueSpecification\",\"valueRequired\":true,\"valueName\":\"search_term_string\"}}],\"inLanguage\":\"pt-BR\"},{\"@type\":\"Person\",\"@id\":\"https:\\\/\\\/www.encontraamericana.com.br\\\/guia\\\/#\\\/schema\\\/person\\\/515cbc6082144e7445cab98211d14f9b\",\"name\":\"Encontra Americana\",\"image\":{\"@type\":\"ImageObject\",\"inLanguage\":\"pt-BR\",\"@id\":\"https:\\\/\\\/secure.gravatar.com\\\/avatar\\\/c50c17820bcf322f0a8fd6b110b8c0918141409dc69076470f6fca5fee70a5d4?s=96&d=mm&r=g\",\"url\":\"https:\\\/\\\/secure.gravatar.com\\\/avatar\\\/c50c17820bcf322f0a8fd6b110b8c0918141409dc69076470f6fca5fee70a5d4?s=96&d=mm&r=g\",\"contentUrl\":\"https:\\\/\\\/secure.gravatar.com\\\/avatar\\\/c50c17820bcf322f0a8fd6b110b8c0918141409dc69076470f6fca5fee70a5d4?s=96&d=mm&r=g\",\"caption\":\"Encontra Americana\"},\"url\":\"https:\\\/\\\/www.encontraamericana.com.br\\\/guia\\\/author\\\/encontraamericana\\\/\"}]}<\/script>\n<!-- \/ Yoast SEO plugin. -->","yoast_head_json":{"title":"Festas juninas abertas ao p\u00fablico ocorrem s\u00e1bado em seis escolas de Americana | Guia Comercial de Americana SP","robots":{"index":"index","follow":"follow","max-snippet":"max-snippet:-1","max-image-preview":"max-image-preview:large","max-video-preview":"max-video-preview:-1"},"canonical":"https:\/\/www.encontraamericana.com.br\/guia\/festas-juninas-abertas-ao-publico-ocorrem-sabado-em-seis-escolas-de-americana\/","og_locale":"pt_BR","og_type":"article","og_title":"Festas juninas abertas ao p\u00fablico ocorrem s\u00e1bado em seis escolas de Americana | Guia Comercial de Americana SP","og_description":"Festas juninas estar\u00e3o abertas ao p\u00fablico em seis escolas de Americana neste s\u00e1bado.","og_url":"https:\/\/www.encontraamericana.com.br\/guia\/festas-juninas-abertas-ao-publico-ocorrem-sabado-em-seis-escolas-de-americana\/","og_site_name":"Guia Comercial de Americana SP","article_published_time":"2026-06-23T19:57:34+00:00","og_image":[{"url":"https:\/\/www.encontraamericana.com.br\/guia\/wp-content\/uploads\/2026\/06\/festas-juninas-abertas-ao-publico-ocorrem-sabado-em-seis-escolas-de-americana.webp","type":"","width":"","height":""}],"author":"Encontra Americana","twitter_card":"summary_large_image","twitter_misc":{"Escrito por":"Encontra Americana","Est. tempo de leitura":"6 minutos"},"schema":{"@context":"https:\/\/schema.org","@graph":[{"@type":"Article","@id":"https:\/\/www.encontraamericana.com.br\/guia\/festas-juninas-abertas-ao-publico-ocorrem-sabado-em-seis-escolas-de-americana\/#article","isPartOf":{"@id":"https:\/\/www.encontraamericana.com.br\/guia\/festas-juninas-abertas-ao-publico-ocorrem-sabado-em-seis-escolas-de-americana\/"},"author":{"name":"Encontra Americana","@id":"https:\/\/www.encontraamericana.com.br\/guia\/#\/schema\/person\/515cbc6082144e7445cab98211d14f9b"},"headline":"Festas juninas abertas ao p\u00fablico ocorrem s\u00e1bado em seis escolas de Americana","datePublished":"2026-06-23T19:57:34+00:00","mainEntityOfPage":{"@id":"https:\/\/www.encontraamericana.com.br\/guia\/festas-juninas-abertas-ao-publico-ocorrem-sabado-em-seis-escolas-de-americana\/"},"wordCount":1246,"commentCount":0,"image":{"@id":"https:\/\/www.encontraamericana.com.br\/guia\/festas-juninas-abertas-ao-publico-ocorrem-sabado-em-seis-escolas-de-americana\/#primaryimage"},"thumbnailUrl":"https:\/\/www.encontraamericana.com.br\/guia\/wp-content\/uploads\/2026\/06\/festas-juninas-abertas-ao-publico-ocorrem-sabado-em-seis-escolas-de-americana.webp","articleSection":["Eventos Americana"],"inLanguage":"pt-BR","potentialAction":[{"@type":"CommentAction","name":"Comment","target":["https:\/\/www.encontraamericana.com.br\/guia\/festas-juninas-abertas-ao-publico-ocorrem-sabado-em-seis-escolas-de-americana\/#respond"]}]},{"@type":"WebPage","@id":"https:\/\/www.encontraamericana.com.br\/guia\/festas-juninas-abertas-ao-publico-ocorrem-sabado-em-seis-escolas-de-americana\/","url":"https:\/\/www.encontraamericana.com.br\/guia\/festas-juninas-abertas-ao-publico-ocorrem-sabado-em-seis-escolas-de-americana\/","name":"Festas juninas abertas ao p\u00fablico ocorrem s\u00e1bado em seis escolas de Americana | Guia Comercial de Americana SP","isPartOf":{"@id":"https:\/\/www.encontraamericana.com.br\/guia\/#website"},"primaryImageOfPage":{"@id":"https:\/\/www.encontraamericana.com.br\/guia\/festas-juninas-abertas-ao-publico-ocorrem-sabado-em-seis-escolas-de-americana\/#primaryimage"},"image":{"@id":"https:\/\/www.encontraamericana.com.br\/guia\/festas-juninas-abertas-ao-publico-ocorrem-sabado-em-seis-escolas-de-americana\/#primaryimage"},"thumbnailUrl":"https:\/\/www.encontraamericana.com.br\/guia\/wp-content\/uploads\/2026\/06\/festas-juninas-abertas-ao-publico-ocorrem-sabado-em-seis-escolas-de-americana.webp","datePublished":"2026-06-23T19:57:34+00:00","author":{"@id":"https:\/\/www.encontraamericana.com.br\/guia\/#\/schema\/person\/515cbc6082144e7445cab98211d14f9b"},"inLanguage":"pt-BR","potentialAction":[{"@type":"ReadAction","target":["https:\/\/www.encontraamericana.com.br\/guia\/festas-juninas-abertas-ao-publico-ocorrem-sabado-em-seis-escolas-de-americana\/"]}]},{"@type":"ImageObject","inLanguage":"pt-BR","@id":"https:\/\/www.encontraamericana.com.br\/guia\/festas-juninas-abertas-ao-publico-ocorrem-sabado-em-seis-escolas-de-americana\/#primaryimage","url":"https:\/\/www.encontraamericana.com.br\/guia\/wp-content\/uploads\/2026\/06\/festas-juninas-abertas-ao-publico-ocorrem-sabado-em-seis-escolas-de-americana.webp","contentUrl":"https:\/\/www.encontraamericana.com.br\/guia\/wp-content\/uploads\/2026\/06\/festas-juninas-abertas-ao-publico-ocorrem-sabado-em-seis-escolas-de-americana.webp","width":280,"height":280,"caption":"Festas Juninas em Americana"},{"@type":"WebSite","@id":"https:\/\/www.encontraamericana.com.br\/guia\/#website","url":"https:\/\/www.encontraamericana.com.br\/guia\/","name":"Guia Comercial de Americana SP","description":"ENCONTRA AMERICANA - O guia comercial de neg\u00f3cios e empresas, cultura e divers\u00e3o na cidade de Americana. Feito 100% para voc\u00ea morador!","potentialAction":[{"@type":"SearchAction","target":{"@type":"EntryPoint","urlTemplate":"https:\/\/www.encontraamericana.com.br\/guia\/?s={search_term_string}"},"query-input":{"@type":"PropertyValueSpecification","valueRequired":true,"valueName":"search_term_string"}}],"inLanguage":"pt-BR"},{"@type":"Person","@id":"https:\/\/www.encontraamericana.com.br\/guia\/#\/schema\/person\/515cbc6082144e7445cab98211d14f9b","name":"Encontra Americana","image":{"@type":"ImageObject","inLanguage":"pt-BR","@id":"https:\/\/secure.gravatar.com\/avatar\/c50c17820bcf322f0a8fd6b110b8c0918141409dc69076470f6fca5fee70a5d4?s=96&d=mm&r=g","url":"https:\/\/secure.gravatar.com\/avatar\/c50c17820bcf322f0a8fd6b110b8c0918141409dc69076470f6fca5fee70a5d4?s=96&d=mm&r=g","contentUrl":"https:\/\/secure.gravatar.com\/avatar\/c50c17820bcf322f0a8fd6b110b8c0918141409dc69076470f6fca5fee70a5d4?s=96&d=mm&r=g","caption":"Encontra Americana"},"url":"https:\/\/www.encontraamericana.com.br\/guia\/author\/encontraamericana\/"}]}},"_links":{"self":[{"href":"https:\/\/www.encontraamericana.com.br\/guia\/wp-json\/wp\/v2\/posts\/6641","targetHints":{"allow":["GET"]}}],"collection":[{"href":"https:\/\/www.encontraamericana.com.br\/guia\/wp-json\/wp\/v2\/posts"}],"about":[{"href":"https:\/\/www.encontraamericana.com.br\/guia\/wp-json\/wp\/v2\/types\/post"}],"author":[{"embeddable":true,"href":"https:\/\/www.encontraamericana.com.br\/guia\/wp-json\/wp\/v2\/users\/1"}],"replies":[{"embeddable":true,"href":"https:\/\/www.encontraamericana.com.br\/guia\/wp-json\/wp\/v2\/comments?post=6641"}],"version-history":[{"count":0,"href":"https:\/\/www.encontraamericana.com.br\/guia\/wp-json\/wp\/v2\/posts\/6641\/revisions"}],"wp:featuredmedia":[{"embeddable":true,"href":"https:\/\/www.encontraamericana.com.br\/guia\/wp-json\/wp\/v2\/media\/6640"}],"wp:attachment":[{"href":"https:\/\/www.encontraamericana.com.br\/guia\/wp-json\/wp\/v2\/media?parent=6641"}],"wp:term":[{"taxonomy":"category","embeddable":true,"href":"https:\/\/www.encontraamericana.com.br\/guia\/wp-json\/wp\/v2\/categories?post=6641"},{"taxonomy":"post_tag","embeddable":true,"href":"https:\/\/www.encontraamericana.com.br\/guia\/wp-json\/wp\/v2\/tags?post=6641"}],"curies":[{"name":"wp","href":"https:\/\/api.w.org\/{rel}","templated":true}]}}