{"id":6651,"date":"2026-06-24T19:58:32","date_gmt":"2026-06-24T22:58:32","guid":{"rendered":"https:\/\/www.encontraamericana.com.br\/guia\/festival-de-musica-de-americana-esta-com-inscricoes-abertas\/"},"modified":"2026-06-24T19:58:32","modified_gmt":"2026-06-24T22:58:32","slug":"festival-de-musica-de-americana-esta-com-inscricoes-abertas","status":"publish","type":"post","link":"https:\/\/www.encontraamericana.com.br\/guia\/festival-de-musica-de-americana-esta-com-inscricoes-abertas\/","title":{"rendered":"Festival de M\u00fasica de Americana est\u00e1 com inscri\u00e7\u00f5es abertas"},"content":{"rendered":"<h2>O que \u00e9 o Festival de M\u00fasica de Americana?<\/h2>\n<p>O Festival de M\u00fasica de Americana, conhecido como FEMAM, \u00e9 um evento musical que busca promover e valorizar a produ\u00e7\u00e3o musical local. Este festival, que \u00e9 organizado pela Prefeitura de Americana em colabora\u00e7\u00e3o com a Secretaria de Cultura e Turismo, \u00e9 uma plataforma para artistas e bandas se apresentarem ao p\u00fablico, especificamente focando em obras autorais. O FEMAM \u00e9 um espa\u00e7o para gerar visibilidade a novos talentos e fortalecer a cena musical da regi\u00e3o.<\/p>\n<h2>Como Funciona o FEMAM?<\/h2>\n<p>O FEMAM acontece anualmente e, em 2026, est\u00e1 programado para ocorrer nos dias 8 e 9 de agosto, a partir das 19h, na Pra\u00e7a Comendador M\u00fcller. Durante o evento, diversas apresenta\u00e7\u00f5es musicais ocorrer\u00e3o, destacando a originalidade e a criatividade dos participantes. O festival \u00e9 projetado para ser inclusivo, promovendo a intera\u00e7\u00e3o entre artistas e o p\u00fablico.<\/p>\n<h2>Import\u00e2ncia da M\u00fasica Autoral<\/h2>\n<p>A m\u00fasica autoral \u00e9 um dos principais focos do FEMAM. A promo\u00e7\u00e3o de can\u00e7\u00f5es originais permite que os artistas se expressem de maneira \u00fanica e ajudem a definir a identidade musical da regi\u00e3o. Ao priorizar composi\u00e7\u00f5es pr\u00f3prias, o festival n\u00e3o s\u00f3 impulsiona a criatividade dos m\u00fasicos locais, mas tamb\u00e9m contribui para o enriquecimento da cultura musical de Americana.<\/p>\n<p><img decoding=\"async\" src=\"https:\/\/www.encontraamericana.com.br\/guia\/wp-content\/uploads\/2026\/06\/festival-de-musica-de-americana-esta-com-inscricoes-abertas.webp\" alt=\"Festival de M\u00fasica de Americana\" loading=\"lazy\" \/><\/p>\n<h2>Quem Pode Participar?<\/h2>\n<p>O festival est\u00e1 aberto a uma ampla gama de artistas. Podem se inscrever m\u00fasicos solo, duplas, bandas e grupos, desde que pelo menos um integrante resida em Americana. Essa estrutura inclusiva garante que v\u00e1rios estilos e g\u00eaneros musicais sejam representados, sempre que respeitada a diretriz de apresentar obras autorais. \u00c9 uma oportunidade valiosa para novos talentos mostrarem seu trabalho e se conectarem com o p\u00fablico.<\/p>\n<h2>Datas e Local do Evento<\/h2>\n<p>O FEMAM 2026 ser\u00e1 realizado nos dias:<\/p>\n<ul>\n<li><strong>Data:<\/strong> 8 e 9 de agosto<\/li>\n<li><strong>Hor\u00e1rio:<\/strong> A partir das 19h<\/li>\n<li><strong>Local:<\/strong> Pra\u00e7a Comendador M\u00fcller, Americana<\/li>\n<\/ul>\n<p>A escolha desse local visa facilitar o acesso do p\u00fablico ao evento e promover um ambiente festivo e acolhedor para todos os participantes.<\/p>\n<h2>Banda de Apoio para os Artistas<\/h2>\n<p>Uma caracter\u00edstica especial do FEMAM \u00e9 a disponibiliza\u00e7\u00e3o de uma banda de apoio. Essa banda \u00e9 composta por m\u00fasicos experientes que podem acompanhar os artistas durante suas apresenta\u00e7\u00f5es. Os m\u00fasicos interessados em utilizar essa banda de apoio devem solicitar o servi\u00e7o no momento de sua inscri\u00e7\u00e3o. Isso proporciona aos artistas uma base s\u00f3lida para suas performances, permitindo que eles se concentrem mais na execu\u00e7\u00e3o e menos nos aspectos log\u00edsticos.<\/p>\n<h2>Acessibilidade no Festival<\/h2>\n<p>Outro aspecto importante do FEMAM \u00e9 a preocupa\u00e7\u00e3o com a acessibilidade. O festival garante que todos tenham a oportunidade de participar e desfrutar do evento. Entre as medidas de acessibilidade, destacam-se:<\/p>\n<ul>\n<li><strong>Interpreta\u00e7\u00e3o em LIBRAS:<\/strong> Para garantir que pessoas surdas ou com defici\u00eancia auditiva possam acompanhar as apresenta\u00e7\u00f5es.<\/li>\n<li><strong>Legendagem em tel\u00e3o:<\/strong> Para facilitar a compreens\u00e3o do p\u00fablico em geral.<\/li>\n<\/ul>\n<p>Essas iniciativas visam tornar o festival inclusivo e acess\u00edvel a um p\u00fablico diversificado.<\/p>\n<h2>Premia\u00e7\u00e3o para os Participantes<\/h2>\n<p>Os artistas que participarem do festival t\u00eam a oportunidade de receber um cach\u00ea de R$ 1.000 ap\u00f3s suas apresenta\u00e7\u00f5es, pagos via PIX. Isso n\u00e3o s\u00f3 proporciona um incentivo financeiro, mas tamb\u00e9m valoriza a dedica\u00e7\u00e3o e o talento dos m\u00fasicos que se apresentarem. Al\u00e9m disso, essa compensa\u00e7\u00e3o ajuda a estimular a cena musical local, incentivando mais artistas a participarem do evento nos anos seguintes.<\/p>\n<h2>Expectativas para o FEMAM 2026<\/h2>\n<p>Com a expectativa de selecionar 12 propostas musicais, o FEMAM 2026 promete trazer uma programa\u00e7\u00e3o rica e diversificada. O evento n\u00e3o s\u00f3 celebra a m\u00fasica, mas tamb\u00e9m a cultura e a criatividade dos artistas que se inscrevem. O festival \u00e9 visto como uma \u00f3tima oportunidade para que novos talentos possam ser descobertos e para que haja um interc\u00e2mbio entre diferentes estilos e p\u00fablicos. Os organizadores est\u00e3o empenhados em criar um ambiente que seja tanto acolhedor quanto estimulante para todos os envolvidos.<\/p>\n<h2>Como se Inscrever no Festival?<\/h2>\n<p>As inscri\u00e7\u00f5es para o FEMAM est\u00e3o abertas e podem ser realizadas atrav\u00e9s do site da Prefeitura de Americana. Os interessados devem:<\/p>\n<ul>\n<li>Visitar o site da Prefeitura em <a href=\"http:\/\/www.americana.sp.gov.br\/\">www.americana.sp.gov.br<\/a>.<\/li>\n<li>Clicar no banner que promove o festival.<\/li>\n<li>Preencher o formul\u00e1rio de inscri\u00e7\u00e3o e enviar as informa\u00e7\u00f5es necess\u00e1rias.<\/li>\n<\/ul>\n<p>As inscri\u00e7\u00f5es s\u00e3o gratuitas e estar\u00e3o abertas at\u00e9 o dia 20 de julho. \u00c9 importante que os artistas fiquem atentos aos prazos e \u00e0s diretrizes descritas no edital, que est\u00e1 dispon\u00edvel no mesmo site.<\/p>\n","protected":false},"excerpt":{"rendered":"<p>Festival de M\u00fasica de Americana 2026 est\u00e1 com inscri\u00e7\u00f5es abertas e promete grandes atra\u00e7\u00f5es.<\/p>\n","protected":false},"author":1,"featured_media":6650,"comment_status":"open","ping_status":"open","sticky":false,"template":"","format":"standard","meta":{"footnotes":""},"categories":[902],"tags":[],"class_list":["post-6651","post","type-post","status-publish","format-standard","has-post-thumbnail","hentry","category-shows","has_thumb"],"yoast_head":"<!-- This site is optimized with the Yoast SEO plugin v27.6 - https:\/\/yoast.com\/product\/yoast-seo-wordpress\/ -->\n<title>Festival de M\u00fasica de Americana est\u00e1 com inscri\u00e7\u00f5es abertas | Guia Comercial de Americana SP<\/title>\n<meta name=\"robots\" content=\"index, follow, max-snippet:-1, max-image-preview:large, max-video-preview:-1\" \/>\n<link rel=\"canonical\" href=\"https:\/\/www.encontraamericana.com.br\/guia\/festival-de-musica-de-americana-esta-com-inscricoes-abertas\/\" \/>\n<meta property=\"og:locale\" content=\"pt_BR\" \/>\n<meta property=\"og:type\" content=\"article\" \/>\n<meta property=\"og:title\" content=\"Festival de M\u00fasica de Americana est\u00e1 com inscri\u00e7\u00f5es abertas | Guia Comercial de Americana SP\" \/>\n<meta property=\"og:description\" content=\"Festival de M\u00fasica de Americana 2026 est\u00e1 com inscri\u00e7\u00f5es abertas e promete grandes atra\u00e7\u00f5es.\" \/>\n<meta property=\"og:url\" content=\"https:\/\/www.encontraamericana.com.br\/guia\/festival-de-musica-de-americana-esta-com-inscricoes-abertas\/\" \/>\n<meta property=\"og:site_name\" content=\"Guia Comercial de Americana SP\" \/>\n<meta property=\"article:published_time\" content=\"2026-06-24T22:58:32+00:00\" \/>\n<meta property=\"og:image\" content=\"https:\/\/www.encontraamericana.com.br\/guia\/wp-content\/uploads\/2026\/06\/festival-de-musica-de-americana-esta-com-inscricoes-abertas.webp\" \/>\n<meta name=\"author\" content=\"Encontra Americana\" \/>\n<meta name=\"twitter:card\" content=\"summary_large_image\" \/>\n<meta name=\"twitter:label1\" content=\"Escrito por\" \/>\n\t<meta name=\"twitter:data1\" content=\"Encontra Americana\" \/>\n\t<meta name=\"twitter:label2\" content=\"Est. tempo de leitura\" \/>\n\t<meta name=\"twitter:data2\" content=\"4 minutos\" \/>\n<script type=\"application\/ld+json\" class=\"yoast-schema-graph\">{\"@context\":\"https:\\\/\\\/schema.org\",\"@graph\":[{\"@type\":\"Article\",\"@id\":\"https:\\\/\\\/www.encontraamericana.com.br\\\/guia\\\/festival-de-musica-de-americana-esta-com-inscricoes-abertas\\\/#article\",\"isPartOf\":{\"@id\":\"https:\\\/\\\/www.encontraamericana.com.br\\\/guia\\\/festival-de-musica-de-americana-esta-com-inscricoes-abertas\\\/\"},\"author\":{\"name\":\"Encontra Americana\",\"@id\":\"https:\\\/\\\/www.encontraamericana.com.br\\\/guia\\\/#\\\/schema\\\/person\\\/515cbc6082144e7445cab98211d14f9b\"},\"headline\":\"Festival de M\u00fasica de Americana est\u00e1 com inscri\u00e7\u00f5es abertas\",\"datePublished\":\"2026-06-24T22:58:32+00:00\",\"mainEntityOfPage\":{\"@id\":\"https:\\\/\\\/www.encontraamericana.com.br\\\/guia\\\/festival-de-musica-de-americana-esta-com-inscricoes-abertas\\\/\"},\"wordCount\":780,\"commentCount\":0,\"image\":{\"@id\":\"https:\\\/\\\/www.encontraamericana.com.br\\\/guia\\\/festival-de-musica-de-americana-esta-com-inscricoes-abertas\\\/#primaryimage\"},\"thumbnailUrl\":\"https:\\\/\\\/www.encontraamericana.com.br\\\/guia\\\/wp-content\\\/uploads\\\/2026\\\/06\\\/festival-de-musica-de-americana-esta-com-inscricoes-abertas.webp\",\"articleSection\":[\"Shows Americana\"],\"inLanguage\":\"pt-BR\",\"potentialAction\":[{\"@type\":\"CommentAction\",\"name\":\"Comment\",\"target\":[\"https:\\\/\\\/www.encontraamericana.com.br\\\/guia\\\/festival-de-musica-de-americana-esta-com-inscricoes-abertas\\\/#respond\"]}]},{\"@type\":\"WebPage\",\"@id\":\"https:\\\/\\\/www.encontraamericana.com.br\\\/guia\\\/festival-de-musica-de-americana-esta-com-inscricoes-abertas\\\/\",\"url\":\"https:\\\/\\\/www.encontraamericana.com.br\\\/guia\\\/festival-de-musica-de-americana-esta-com-inscricoes-abertas\\\/\",\"name\":\"Festival de M\u00fasica de Americana est\u00e1 com inscri\u00e7\u00f5es abertas | Guia Comercial de Americana SP\",\"isPartOf\":{\"@id\":\"https:\\\/\\\/www.encontraamericana.com.br\\\/guia\\\/#website\"},\"primaryImageOfPage\":{\"@id\":\"https:\\\/\\\/www.encontraamericana.com.br\\\/guia\\\/festival-de-musica-de-americana-esta-com-inscricoes-abertas\\\/#primaryimage\"},\"image\":{\"@id\":\"https:\\\/\\\/www.encontraamericana.com.br\\\/guia\\\/festival-de-musica-de-americana-esta-com-inscricoes-abertas\\\/#primaryimage\"},\"thumbnailUrl\":\"https:\\\/\\\/www.encontraamericana.com.br\\\/guia\\\/wp-content\\\/uploads\\\/2026\\\/06\\\/festival-de-musica-de-americana-esta-com-inscricoes-abertas.webp\",\"datePublished\":\"2026-06-24T22:58:32+00:00\",\"author\":{\"@id\":\"https:\\\/\\\/www.encontraamericana.com.br\\\/guia\\\/#\\\/schema\\\/person\\\/515cbc6082144e7445cab98211d14f9b\"},\"inLanguage\":\"pt-BR\",\"potentialAction\":[{\"@type\":\"ReadAction\",\"target\":[\"https:\\\/\\\/www.encontraamericana.com.br\\\/guia\\\/festival-de-musica-de-americana-esta-com-inscricoes-abertas\\\/\"]}]},{\"@type\":\"ImageObject\",\"inLanguage\":\"pt-BR\",\"@id\":\"https:\\\/\\\/www.encontraamericana.com.br\\\/guia\\\/festival-de-musica-de-americana-esta-com-inscricoes-abertas\\\/#primaryimage\",\"url\":\"https:\\\/\\\/www.encontraamericana.com.br\\\/guia\\\/wp-content\\\/uploads\\\/2026\\\/06\\\/festival-de-musica-de-americana-esta-com-inscricoes-abertas.webp\",\"contentUrl\":\"https:\\\/\\\/www.encontraamericana.com.br\\\/guia\\\/wp-content\\\/uploads\\\/2026\\\/06\\\/festival-de-musica-de-americana-esta-com-inscricoes-abertas.webp\",\"width\":280,\"height\":280,\"caption\":\"Festival de M\u00fasica de Americana\"},{\"@type\":\"WebSite\",\"@id\":\"https:\\\/\\\/www.encontraamericana.com.br\\\/guia\\\/#website\",\"url\":\"https:\\\/\\\/www.encontraamericana.com.br\\\/guia\\\/\",\"name\":\"Guia Comercial de Americana SP\",\"description\":\"ENCONTRA AMERICANA - O guia comercial de neg\u00f3cios e empresas, cultura e divers\u00e3o na cidade de Americana. Feito 100% para voc\u00ea morador!\",\"potentialAction\":[{\"@type\":\"SearchAction\",\"target\":{\"@type\":\"EntryPoint\",\"urlTemplate\":\"https:\\\/\\\/www.encontraamericana.com.br\\\/guia\\\/?s={search_term_string}\"},\"query-input\":{\"@type\":\"PropertyValueSpecification\",\"valueRequired\":true,\"valueName\":\"search_term_string\"}}],\"inLanguage\":\"pt-BR\"},{\"@type\":\"Person\",\"@id\":\"https:\\\/\\\/www.encontraamericana.com.br\\\/guia\\\/#\\\/schema\\\/person\\\/515cbc6082144e7445cab98211d14f9b\",\"name\":\"Encontra Americana\",\"image\":{\"@type\":\"ImageObject\",\"inLanguage\":\"pt-BR\",\"@id\":\"https:\\\/\\\/secure.gravatar.com\\\/avatar\\\/c50c17820bcf322f0a8fd6b110b8c0918141409dc69076470f6fca5fee70a5d4?s=96&d=mm&r=g\",\"url\":\"https:\\\/\\\/secure.gravatar.com\\\/avatar\\\/c50c17820bcf322f0a8fd6b110b8c0918141409dc69076470f6fca5fee70a5d4?s=96&d=mm&r=g\",\"contentUrl\":\"https:\\\/\\\/secure.gravatar.com\\\/avatar\\\/c50c17820bcf322f0a8fd6b110b8c0918141409dc69076470f6fca5fee70a5d4?s=96&d=mm&r=g\",\"caption\":\"Encontra Americana\"},\"url\":\"https:\\\/\\\/www.encontraamericana.com.br\\\/guia\\\/author\\\/encontraamericana\\\/\"}]}<\/script>\n<!-- \/ Yoast SEO plugin. -->","yoast_head_json":{"title":"Festival de M\u00fasica de Americana est\u00e1 com inscri\u00e7\u00f5es abertas | Guia Comercial de Americana SP","robots":{"index":"index","follow":"follow","max-snippet":"max-snippet:-1","max-image-preview":"max-image-preview:large","max-video-preview":"max-video-preview:-1"},"canonical":"https:\/\/www.encontraamericana.com.br\/guia\/festival-de-musica-de-americana-esta-com-inscricoes-abertas\/","og_locale":"pt_BR","og_type":"article","og_title":"Festival de M\u00fasica de Americana est\u00e1 com inscri\u00e7\u00f5es abertas | Guia Comercial de Americana SP","og_description":"Festival de M\u00fasica de Americana 2026 est\u00e1 com inscri\u00e7\u00f5es abertas e promete grandes atra\u00e7\u00f5es.","og_url":"https:\/\/www.encontraamericana.com.br\/guia\/festival-de-musica-de-americana-esta-com-inscricoes-abertas\/","og_site_name":"Guia Comercial de Americana SP","article_published_time":"2026-06-24T22:58:32+00:00","og_image":[{"url":"https:\/\/www.encontraamericana.com.br\/guia\/wp-content\/uploads\/2026\/06\/festival-de-musica-de-americana-esta-com-inscricoes-abertas.webp","type":"","width":"","height":""}],"author":"Encontra Americana","twitter_card":"summary_large_image","twitter_misc":{"Escrito por":"Encontra Americana","Est. tempo de leitura":"4 minutos"},"schema":{"@context":"https:\/\/schema.org","@graph":[{"@type":"Article","@id":"https:\/\/www.encontraamericana.com.br\/guia\/festival-de-musica-de-americana-esta-com-inscricoes-abertas\/#article","isPartOf":{"@id":"https:\/\/www.encontraamericana.com.br\/guia\/festival-de-musica-de-americana-esta-com-inscricoes-abertas\/"},"author":{"name":"Encontra Americana","@id":"https:\/\/www.encontraamericana.com.br\/guia\/#\/schema\/person\/515cbc6082144e7445cab98211d14f9b"},"headline":"Festival de M\u00fasica de Americana est\u00e1 com inscri\u00e7\u00f5es abertas","datePublished":"2026-06-24T22:58:32+00:00","mainEntityOfPage":{"@id":"https:\/\/www.encontraamericana.com.br\/guia\/festival-de-musica-de-americana-esta-com-inscricoes-abertas\/"},"wordCount":780,"commentCount":0,"image":{"@id":"https:\/\/www.encontraamericana.com.br\/guia\/festival-de-musica-de-americana-esta-com-inscricoes-abertas\/#primaryimage"},"thumbnailUrl":"https:\/\/www.encontraamericana.com.br\/guia\/wp-content\/uploads\/2026\/06\/festival-de-musica-de-americana-esta-com-inscricoes-abertas.webp","articleSection":["Shows Americana"],"inLanguage":"pt-BR","potentialAction":[{"@type":"CommentAction","name":"Comment","target":["https:\/\/www.encontraamericana.com.br\/guia\/festival-de-musica-de-americana-esta-com-inscricoes-abertas\/#respond"]}]},{"@type":"WebPage","@id":"https:\/\/www.encontraamericana.com.br\/guia\/festival-de-musica-de-americana-esta-com-inscricoes-abertas\/","url":"https:\/\/www.encontraamericana.com.br\/guia\/festival-de-musica-de-americana-esta-com-inscricoes-abertas\/","name":"Festival de M\u00fasica de Americana est\u00e1 com inscri\u00e7\u00f5es abertas | Guia Comercial de Americana SP","isPartOf":{"@id":"https:\/\/www.encontraamericana.com.br\/guia\/#website"},"primaryImageOfPage":{"@id":"https:\/\/www.encontraamericana.com.br\/guia\/festival-de-musica-de-americana-esta-com-inscricoes-abertas\/#primaryimage"},"image":{"@id":"https:\/\/www.encontraamericana.com.br\/guia\/festival-de-musica-de-americana-esta-com-inscricoes-abertas\/#primaryimage"},"thumbnailUrl":"https:\/\/www.encontraamericana.com.br\/guia\/wp-content\/uploads\/2026\/06\/festival-de-musica-de-americana-esta-com-inscricoes-abertas.webp","datePublished":"2026-06-24T22:58:32+00:00","author":{"@id":"https:\/\/www.encontraamericana.com.br\/guia\/#\/schema\/person\/515cbc6082144e7445cab98211d14f9b"},"inLanguage":"pt-BR","potentialAction":[{"@type":"ReadAction","target":["https:\/\/www.encontraamericana.com.br\/guia\/festival-de-musica-de-americana-esta-com-inscricoes-abertas\/"]}]},{"@type":"ImageObject","inLanguage":"pt-BR","@id":"https:\/\/www.encontraamericana.com.br\/guia\/festival-de-musica-de-americana-esta-com-inscricoes-abertas\/#primaryimage","url":"https:\/\/www.encontraamericana.com.br\/guia\/wp-content\/uploads\/2026\/06\/festival-de-musica-de-americana-esta-com-inscricoes-abertas.webp","contentUrl":"https:\/\/www.encontraamericana.com.br\/guia\/wp-content\/uploads\/2026\/06\/festival-de-musica-de-americana-esta-com-inscricoes-abertas.webp","width":280,"height":280,"caption":"Festival de M\u00fasica de Americana"},{"@type":"WebSite","@id":"https:\/\/www.encontraamericana.com.br\/guia\/#website","url":"https:\/\/www.encontraamericana.com.br\/guia\/","name":"Guia Comercial de Americana SP","description":"ENCONTRA AMERICANA - O guia comercial de neg\u00f3cios e empresas, cultura e divers\u00e3o na cidade de Americana. Feito 100% para voc\u00ea morador!","potentialAction":[{"@type":"SearchAction","target":{"@type":"EntryPoint","urlTemplate":"https:\/\/www.encontraamericana.com.br\/guia\/?s={search_term_string}"},"query-input":{"@type":"PropertyValueSpecification","valueRequired":true,"valueName":"search_term_string"}}],"inLanguage":"pt-BR"},{"@type":"Person","@id":"https:\/\/www.encontraamericana.com.br\/guia\/#\/schema\/person\/515cbc6082144e7445cab98211d14f9b","name":"Encontra Americana","image":{"@type":"ImageObject","inLanguage":"pt-BR","@id":"https:\/\/secure.gravatar.com\/avatar\/c50c17820bcf322f0a8fd6b110b8c0918141409dc69076470f6fca5fee70a5d4?s=96&d=mm&r=g","url":"https:\/\/secure.gravatar.com\/avatar\/c50c17820bcf322f0a8fd6b110b8c0918141409dc69076470f6fca5fee70a5d4?s=96&d=mm&r=g","contentUrl":"https:\/\/secure.gravatar.com\/avatar\/c50c17820bcf322f0a8fd6b110b8c0918141409dc69076470f6fca5fee70a5d4?s=96&d=mm&r=g","caption":"Encontra Americana"},"url":"https:\/\/www.encontraamericana.com.br\/guia\/author\/encontraamericana\/"}]}},"_links":{"self":[{"href":"https:\/\/www.encontraamericana.com.br\/guia\/wp-json\/wp\/v2\/posts\/6651","targetHints":{"allow":["GET"]}}],"collection":[{"href":"https:\/\/www.encontraamericana.com.br\/guia\/wp-json\/wp\/v2\/posts"}],"about":[{"href":"https:\/\/www.encontraamericana.com.br\/guia\/wp-json\/wp\/v2\/types\/post"}],"author":[{"embeddable":true,"href":"https:\/\/www.encontraamericana.com.br\/guia\/wp-json\/wp\/v2\/users\/1"}],"replies":[{"embeddable":true,"href":"https:\/\/www.encontraamericana.com.br\/guia\/wp-json\/wp\/v2\/comments?post=6651"}],"version-history":[{"count":0,"href":"https:\/\/www.encontraamericana.com.br\/guia\/wp-json\/wp\/v2\/posts\/6651\/revisions"}],"wp:featuredmedia":[{"embeddable":true,"href":"https:\/\/www.encontraamericana.com.br\/guia\/wp-json\/wp\/v2\/media\/6650"}],"wp:attachment":[{"href":"https:\/\/www.encontraamericana.com.br\/guia\/wp-json\/wp\/v2\/media?parent=6651"}],"wp:term":[{"taxonomy":"category","embeddable":true,"href":"https:\/\/www.encontraamericana.com.br\/guia\/wp-json\/wp\/v2\/categories?post=6651"},{"taxonomy":"post_tag","embeddable":true,"href":"https:\/\/www.encontraamericana.com.br\/guia\/wp-json\/wp\/v2\/tags?post=6651"}],"curies":[{"name":"wp","href":"https:\/\/api.w.org\/{rel}","templated":true}]}}