{"id":6653,"date":"2026-06-25T22:11:27","date_gmt":"2026-06-26T01:11:27","guid":{"rendered":"https:\/\/www.encontraamericana.com.br\/guia\/artistas-ja-podem-se-inscrever-para-o-festival-de-musica-de-americana\/"},"modified":"2026-06-25T22:11:27","modified_gmt":"2026-06-26T01:11:27","slug":"artistas-ja-podem-se-inscrever-para-o-festival-de-musica-de-americana","status":"publish","type":"post","link":"https:\/\/www.encontraamericana.com.br\/guia\/artistas-ja-podem-se-inscrever-para-o-festival-de-musica-de-americana\/","title":{"rendered":"Artistas j\u00e1 podem se inscrever para o Festival de M\u00fasica de Americana"},"content":{"rendered":"<h2>O que \u00e9 o Festival de M\u00fasica de Americana?<\/h2>\n<p>O Festival de M\u00fasica de Americana, conhecido como <strong>FEMAM<\/strong>, \u00e9 um evento promovido pela Prefeitura de Americana, atrav\u00e9s da <strong>Secretaria de Cultura e Turismo<\/strong> e do <strong>Conselho Municipal de Cultura (Comcult)<\/strong>. Com o intuito de valorizar a m\u00fasica autoral, o festival proporciona um espa\u00e7o para cantores, bandas e instrumentistas se apresentarem, promovendo a diversidade musical na regi\u00e3o.<\/p>\n<h2>Como Funciona a Inscri\u00e7\u00e3o para o FEMAM<\/h2>\n<p>As inscri\u00e7\u00f5es para o festival est\u00e3o abertas a partir de 20 de junho at\u00e9 20 de julho de 2026. Os artistas que desejam participar devem se inscrever por meio do site oficial da Prefeitura de Americana, clicando no banner do evento. \u00c9 importante ressaltar que a inscri\u00e7\u00e3o \u00e9 <strong>gratuita<\/strong>.<\/p>\n<p>Podem se inscrever artistas individuais, duplas, bandas ou grupos musicais, desde que pelo menos um integrante resida em Americana. O festival incentivar\u00e1 a apresenta\u00e7\u00e3o de m\u00fasicas autorais, embora tamb\u00e9m estejam abertas vagas para aquelas releituras que conectam-se \u00e0 identidade art\u00edstica dos participantes.<\/p>\n<p><img decoding=\"async\" src=\"https:\/\/www.encontraamericana.com.br\/guia\/wp-content\/uploads\/2026\/06\/artistas-ja-podem-se-inscrever-para-o-festival-de-musica-de-americana.webp\" alt=\"Festival de M\u00fasica de Americana\" loading=\"lazy\" \/><\/p>\n<h2>Datas e Local do Evento<\/h2>\n<p>O FEMAM 2026 est\u00e1 agendado para os dias <strong>8 e 9 de agosto<\/strong>, um fim de semana que promete ser memor\u00e1vel para os amantes da m\u00fasica. Os shows ocorrer\u00e3o na <strong>Pra\u00e7a Comendador M\u00fcller<\/strong>, a partir das 19h, reunindo um p\u00fablico diversificado e engajado com a cena musical local.<\/p>\n<h2>Crit\u00e9rios de Sele\u00e7\u00e3o para Artistas<\/h2>\n<p>Para a edi\u00e7\u00e3o de 2026, o festival selecionar\u00e1 um total de <strong>12 propostas musicais<\/strong>. O diferencial ficar\u00e1 por conta do foco nas obras autorais, valorizando a criatividade e a originalidade de cada artista. A escolha dos participantes ser\u00e1 feita por um comit\u00ea de avalia\u00e7\u00e3o designado, que levar\u00e1 em considera\u00e7\u00e3o a qualidade das composi\u00e7\u00f5es e a relev\u00e2ncia das propostas.<\/p>\n<h2>Atra\u00e7\u00f5es Musicais do Festival<\/h2>\n<p>O festival apresentar\u00e1 um elenco diversificado, abrangendo diferentes g\u00eaneros musicais como <strong>pop<\/strong>, <strong>rock<\/strong>, <strong>m\u00fasica eletr\u00f4nica<\/strong>, <strong>jazz<\/strong>, e <strong>gospel<\/strong>. Al\u00e9m disso, o evento n\u00e3o s\u00f3 abrir\u00e1 espa\u00e7o para novos talentos, mas tamb\u00e9m promover\u00e1 shows e performances que dialoguem com estilos variados, proporcionando uma experi\u00eancia rica e envolvente para o p\u00fablico.<\/p>\n<h2>Recursos Dispon\u00edveis para os Artistas<\/h2>\n<p>Para apoiar os artistas, o FEMAM contar\u00e1 com uma <strong>banda de apoio<\/strong>, composta por um baterista, um baixista, um guitarrista e um tecladista. Os artistas que desejarem utilizar essa banda devem solicitar esse recurso no ato da inscri\u00e7\u00e3o. Al\u00e9m disso, cada artista selecionado receber\u00e1 um cach\u00ea de <strong>R$ 1.000<\/strong>, que ser\u00e1 pago via <strong>PIX<\/strong> ap\u00f3s as apresenta\u00e7\u00f5es, assegurando uma compensa\u00e7\u00e3o justa pelo trabalho realizado.<\/p>\n<h2>A Import\u00e2ncia da M\u00fasica Autoral<\/h2>\n<p>Um dos objetivos centrais do FEMAM \u00e9 fomentar a cultura da m\u00fasica autoral na cidade de Americana. Atrav\u00e9s do festival, a Prefeitura busca n\u00e3o apenas dar visibilidade aos m\u00fasicos locais, mas tamb\u00e9m estimular a produ\u00e7\u00e3o cultural e art\u00edstica na regi\u00e3o. Proporcionar um espa\u00e7o para que os artistas possam mostrar suas cria\u00e7\u00f5es originais \u00e9 vital para o fortalecimento da identidade musical local.<\/p>\n<h2>Aspectos de Acessibilidade no FEMAM<\/h2>\n<p>O festival tem um compromisso com a inclus\u00e3o e a acessibilidade. A estrutura do evento ir\u00e1 contar com <strong>interpreta\u00e7\u00e3o em LIBRAS<\/strong> e <strong>legendagem em tel\u00e3o<\/strong>, garantindo que todas as pessoas, independentemente de sua condi\u00e7\u00e3o, possam vivenciar plenamente a experi\u00eancia musical. Essa iniciativa \u00e9 um passo importante para tornar o festival acess\u00edvel a todos.<\/p>\n<h2>O Papel da Prefeitura no Festival<\/h2>\n<p>O apoio da Prefeitura de Americana \u00e9 fundamental para a realiza\u00e7\u00e3o do FEMAM. Com um edital financiado pelo <strong>Fundo Municipal de Assist\u00eancia \u00e0 Cultura<\/strong>, o evento n\u00e3o apenas traz entretenimento para a comunidade, mas tamb\u00e9m solidifica o compromisso da gest\u00e3o p\u00fablica com o desenvolvimento cultural e art\u00edstico da cidade. A presen\u00e7a e incentivo do governo local s\u00e3o essenciais para o sucesso do festival e a valoriza\u00e7\u00e3o dos artistas.<\/p>\n<h2>Como Participar e Garantir Seu Lugar<\/h2>\n<p>Para aqueles que desejam participar do festival, a maneira mais simples \u00e9 realizar a inscri\u00e7\u00e3o online at\u00e9 o dia <strong>20 de julho<\/strong>. Al\u00e9m disso, o p\u00fablico deve estar atento \u00e0 programa\u00e7\u00e3o e se preparar para aproveitar as apresenta\u00e7\u00f5es nos dias <strong>8 e 9 de agosto<\/strong>, na <strong>Pra\u00e7a Comendador M\u00fcller<\/strong>. Aproveitar essa oportunidade para apoiar a m\u00fasica local \u00e9 uma forma de contribuir para o crescimento da cena art\u00edstica da Americana.<\/p>\n<p>O Festival de M\u00fasica de Americana \u00e9, portanto, um evento que promete celebrar a cultura e a arte, proporcionando uma plataforma para o surgimento e a valoriza\u00e7\u00e3o de talentos locais, sem deixar de lado a import\u00e2ncia de fazer com que todos possam apreciar as apresenta\u00e7\u00f5es de forma acess\u00edvel e envolvente.<\/p>\n","protected":false},"excerpt":{"rendered":"<p>Artistas j\u00e1 podem se inscrever para o Festival de M\u00fasica de Americana e mostrar seu talento.<\/p>\n","protected":false},"author":1,"featured_media":6652,"comment_status":"open","ping_status":"open","sticky":false,"template":"","format":"standard","meta":{"footnotes":""},"categories":[902],"tags":[],"class_list":["post-6653","post","type-post","status-publish","format-standard","has-post-thumbnail","hentry","category-shows","has_thumb"],"yoast_head":"<!-- This site is optimized with the Yoast SEO plugin v27.6 - https:\/\/yoast.com\/product\/yoast-seo-wordpress\/ -->\n<title>Artistas j\u00e1 podem se inscrever para o Festival de M\u00fasica de Americana | Guia Comercial de Americana SP<\/title>\n<meta name=\"robots\" content=\"index, follow, max-snippet:-1, max-image-preview:large, max-video-preview:-1\" \/>\n<link rel=\"canonical\" href=\"https:\/\/www.encontraamericana.com.br\/guia\/artistas-ja-podem-se-inscrever-para-o-festival-de-musica-de-americana\/\" \/>\n<meta property=\"og:locale\" content=\"pt_BR\" \/>\n<meta property=\"og:type\" content=\"article\" \/>\n<meta property=\"og:title\" content=\"Artistas j\u00e1 podem se inscrever para o Festival de M\u00fasica de Americana | Guia Comercial de Americana SP\" \/>\n<meta property=\"og:description\" content=\"Artistas j\u00e1 podem se inscrever para o Festival de M\u00fasica de Americana e mostrar seu talento.\" \/>\n<meta property=\"og:url\" content=\"https:\/\/www.encontraamericana.com.br\/guia\/artistas-ja-podem-se-inscrever-para-o-festival-de-musica-de-americana\/\" \/>\n<meta property=\"og:site_name\" content=\"Guia Comercial de Americana SP\" \/>\n<meta property=\"article:published_time\" content=\"2026-06-26T01:11:27+00:00\" \/>\n<meta property=\"og:image\" content=\"https:\/\/www.encontraamericana.com.br\/guia\/wp-content\/uploads\/2026\/06\/artistas-ja-podem-se-inscrever-para-o-festival-de-musica-de-americana.webp\" \/>\n<meta name=\"author\" content=\"Encontra Americana\" \/>\n<meta name=\"twitter:card\" content=\"summary_large_image\" \/>\n<meta name=\"twitter:label1\" content=\"Escrito por\" \/>\n\t<meta name=\"twitter:data1\" content=\"Encontra Americana\" \/>\n\t<meta name=\"twitter:label2\" content=\"Est. tempo de leitura\" \/>\n\t<meta name=\"twitter:data2\" content=\"4 minutos\" \/>\n<script type=\"application\/ld+json\" class=\"yoast-schema-graph\">{\"@context\":\"https:\\\/\\\/schema.org\",\"@graph\":[{\"@type\":\"Article\",\"@id\":\"https:\\\/\\\/www.encontraamericana.com.br\\\/guia\\\/artistas-ja-podem-se-inscrever-para-o-festival-de-musica-de-americana\\\/#article\",\"isPartOf\":{\"@id\":\"https:\\\/\\\/www.encontraamericana.com.br\\\/guia\\\/artistas-ja-podem-se-inscrever-para-o-festival-de-musica-de-americana\\\/\"},\"author\":{\"name\":\"Encontra Americana\",\"@id\":\"https:\\\/\\\/www.encontraamericana.com.br\\\/guia\\\/#\\\/schema\\\/person\\\/515cbc6082144e7445cab98211d14f9b\"},\"headline\":\"Artistas j\u00e1 podem se inscrever para o Festival de M\u00fasica de Americana\",\"datePublished\":\"2026-06-26T01:11:27+00:00\",\"mainEntityOfPage\":{\"@id\":\"https:\\\/\\\/www.encontraamericana.com.br\\\/guia\\\/artistas-ja-podem-se-inscrever-para-o-festival-de-musica-de-americana\\\/\"},\"wordCount\":798,\"commentCount\":0,\"image\":{\"@id\":\"https:\\\/\\\/www.encontraamericana.com.br\\\/guia\\\/artistas-ja-podem-se-inscrever-para-o-festival-de-musica-de-americana\\\/#primaryimage\"},\"thumbnailUrl\":\"https:\\\/\\\/www.encontraamericana.com.br\\\/guia\\\/wp-content\\\/uploads\\\/2026\\\/06\\\/artistas-ja-podem-se-inscrever-para-o-festival-de-musica-de-americana.webp\",\"articleSection\":[\"Shows Americana\"],\"inLanguage\":\"pt-BR\",\"potentialAction\":[{\"@type\":\"CommentAction\",\"name\":\"Comment\",\"target\":[\"https:\\\/\\\/www.encontraamericana.com.br\\\/guia\\\/artistas-ja-podem-se-inscrever-para-o-festival-de-musica-de-americana\\\/#respond\"]}]},{\"@type\":\"WebPage\",\"@id\":\"https:\\\/\\\/www.encontraamericana.com.br\\\/guia\\\/artistas-ja-podem-se-inscrever-para-o-festival-de-musica-de-americana\\\/\",\"url\":\"https:\\\/\\\/www.encontraamericana.com.br\\\/guia\\\/artistas-ja-podem-se-inscrever-para-o-festival-de-musica-de-americana\\\/\",\"name\":\"Artistas j\u00e1 podem se inscrever para o Festival de M\u00fasica de Americana | Guia Comercial de Americana SP\",\"isPartOf\":{\"@id\":\"https:\\\/\\\/www.encontraamericana.com.br\\\/guia\\\/#website\"},\"primaryImageOfPage\":{\"@id\":\"https:\\\/\\\/www.encontraamericana.com.br\\\/guia\\\/artistas-ja-podem-se-inscrever-para-o-festival-de-musica-de-americana\\\/#primaryimage\"},\"image\":{\"@id\":\"https:\\\/\\\/www.encontraamericana.com.br\\\/guia\\\/artistas-ja-podem-se-inscrever-para-o-festival-de-musica-de-americana\\\/#primaryimage\"},\"thumbnailUrl\":\"https:\\\/\\\/www.encontraamericana.com.br\\\/guia\\\/wp-content\\\/uploads\\\/2026\\\/06\\\/artistas-ja-podem-se-inscrever-para-o-festival-de-musica-de-americana.webp\",\"datePublished\":\"2026-06-26T01:11:27+00:00\",\"author\":{\"@id\":\"https:\\\/\\\/www.encontraamericana.com.br\\\/guia\\\/#\\\/schema\\\/person\\\/515cbc6082144e7445cab98211d14f9b\"},\"inLanguage\":\"pt-BR\",\"potentialAction\":[{\"@type\":\"ReadAction\",\"target\":[\"https:\\\/\\\/www.encontraamericana.com.br\\\/guia\\\/artistas-ja-podem-se-inscrever-para-o-festival-de-musica-de-americana\\\/\"]}]},{\"@type\":\"ImageObject\",\"inLanguage\":\"pt-BR\",\"@id\":\"https:\\\/\\\/www.encontraamericana.com.br\\\/guia\\\/artistas-ja-podem-se-inscrever-para-o-festival-de-musica-de-americana\\\/#primaryimage\",\"url\":\"https:\\\/\\\/www.encontraamericana.com.br\\\/guia\\\/wp-content\\\/uploads\\\/2026\\\/06\\\/artistas-ja-podem-se-inscrever-para-o-festival-de-musica-de-americana.webp\",\"contentUrl\":\"https:\\\/\\\/www.encontraamericana.com.br\\\/guia\\\/wp-content\\\/uploads\\\/2026\\\/06\\\/artistas-ja-podem-se-inscrever-para-o-festival-de-musica-de-americana.webp\",\"width\":280,\"height\":280,\"caption\":\"Festival de M\u00fasica de Americana\"},{\"@type\":\"WebSite\",\"@id\":\"https:\\\/\\\/www.encontraamericana.com.br\\\/guia\\\/#website\",\"url\":\"https:\\\/\\\/www.encontraamericana.com.br\\\/guia\\\/\",\"name\":\"Guia Comercial de Americana SP\",\"description\":\"ENCONTRA AMERICANA - O guia comercial de neg\u00f3cios e empresas, cultura e divers\u00e3o na cidade de Americana. Feito 100% para voc\u00ea morador!\",\"potentialAction\":[{\"@type\":\"SearchAction\",\"target\":{\"@type\":\"EntryPoint\",\"urlTemplate\":\"https:\\\/\\\/www.encontraamericana.com.br\\\/guia\\\/?s={search_term_string}\"},\"query-input\":{\"@type\":\"PropertyValueSpecification\",\"valueRequired\":true,\"valueName\":\"search_term_string\"}}],\"inLanguage\":\"pt-BR\"},{\"@type\":\"Person\",\"@id\":\"https:\\\/\\\/www.encontraamericana.com.br\\\/guia\\\/#\\\/schema\\\/person\\\/515cbc6082144e7445cab98211d14f9b\",\"name\":\"Encontra Americana\",\"image\":{\"@type\":\"ImageObject\",\"inLanguage\":\"pt-BR\",\"@id\":\"https:\\\/\\\/secure.gravatar.com\\\/avatar\\\/c50c17820bcf322f0a8fd6b110b8c0918141409dc69076470f6fca5fee70a5d4?s=96&d=mm&r=g\",\"url\":\"https:\\\/\\\/secure.gravatar.com\\\/avatar\\\/c50c17820bcf322f0a8fd6b110b8c0918141409dc69076470f6fca5fee70a5d4?s=96&d=mm&r=g\",\"contentUrl\":\"https:\\\/\\\/secure.gravatar.com\\\/avatar\\\/c50c17820bcf322f0a8fd6b110b8c0918141409dc69076470f6fca5fee70a5d4?s=96&d=mm&r=g\",\"caption\":\"Encontra Americana\"},\"url\":\"https:\\\/\\\/www.encontraamericana.com.br\\\/guia\\\/author\\\/encontraamericana\\\/\"}]}<\/script>\n<!-- \/ Yoast SEO plugin. -->","yoast_head_json":{"title":"Artistas j\u00e1 podem se inscrever para o Festival de M\u00fasica de Americana | Guia Comercial de Americana SP","robots":{"index":"index","follow":"follow","max-snippet":"max-snippet:-1","max-image-preview":"max-image-preview:large","max-video-preview":"max-video-preview:-1"},"canonical":"https:\/\/www.encontraamericana.com.br\/guia\/artistas-ja-podem-se-inscrever-para-o-festival-de-musica-de-americana\/","og_locale":"pt_BR","og_type":"article","og_title":"Artistas j\u00e1 podem se inscrever para o Festival de M\u00fasica de Americana | Guia Comercial de Americana SP","og_description":"Artistas j\u00e1 podem se inscrever para o Festival de M\u00fasica de Americana e mostrar seu talento.","og_url":"https:\/\/www.encontraamericana.com.br\/guia\/artistas-ja-podem-se-inscrever-para-o-festival-de-musica-de-americana\/","og_site_name":"Guia Comercial de Americana SP","article_published_time":"2026-06-26T01:11:27+00:00","og_image":[{"url":"https:\/\/www.encontraamericana.com.br\/guia\/wp-content\/uploads\/2026\/06\/artistas-ja-podem-se-inscrever-para-o-festival-de-musica-de-americana.webp","type":"","width":"","height":""}],"author":"Encontra Americana","twitter_card":"summary_large_image","twitter_misc":{"Escrito por":"Encontra Americana","Est. tempo de leitura":"4 minutos"},"schema":{"@context":"https:\/\/schema.org","@graph":[{"@type":"Article","@id":"https:\/\/www.encontraamericana.com.br\/guia\/artistas-ja-podem-se-inscrever-para-o-festival-de-musica-de-americana\/#article","isPartOf":{"@id":"https:\/\/www.encontraamericana.com.br\/guia\/artistas-ja-podem-se-inscrever-para-o-festival-de-musica-de-americana\/"},"author":{"name":"Encontra Americana","@id":"https:\/\/www.encontraamericana.com.br\/guia\/#\/schema\/person\/515cbc6082144e7445cab98211d14f9b"},"headline":"Artistas j\u00e1 podem se inscrever para o Festival de M\u00fasica de Americana","datePublished":"2026-06-26T01:11:27+00:00","mainEntityOfPage":{"@id":"https:\/\/www.encontraamericana.com.br\/guia\/artistas-ja-podem-se-inscrever-para-o-festival-de-musica-de-americana\/"},"wordCount":798,"commentCount":0,"image":{"@id":"https:\/\/www.encontraamericana.com.br\/guia\/artistas-ja-podem-se-inscrever-para-o-festival-de-musica-de-americana\/#primaryimage"},"thumbnailUrl":"https:\/\/www.encontraamericana.com.br\/guia\/wp-content\/uploads\/2026\/06\/artistas-ja-podem-se-inscrever-para-o-festival-de-musica-de-americana.webp","articleSection":["Shows Americana"],"inLanguage":"pt-BR","potentialAction":[{"@type":"CommentAction","name":"Comment","target":["https:\/\/www.encontraamericana.com.br\/guia\/artistas-ja-podem-se-inscrever-para-o-festival-de-musica-de-americana\/#respond"]}]},{"@type":"WebPage","@id":"https:\/\/www.encontraamericana.com.br\/guia\/artistas-ja-podem-se-inscrever-para-o-festival-de-musica-de-americana\/","url":"https:\/\/www.encontraamericana.com.br\/guia\/artistas-ja-podem-se-inscrever-para-o-festival-de-musica-de-americana\/","name":"Artistas j\u00e1 podem se inscrever para o Festival de M\u00fasica de Americana | Guia Comercial de Americana SP","isPartOf":{"@id":"https:\/\/www.encontraamericana.com.br\/guia\/#website"},"primaryImageOfPage":{"@id":"https:\/\/www.encontraamericana.com.br\/guia\/artistas-ja-podem-se-inscrever-para-o-festival-de-musica-de-americana\/#primaryimage"},"image":{"@id":"https:\/\/www.encontraamericana.com.br\/guia\/artistas-ja-podem-se-inscrever-para-o-festival-de-musica-de-americana\/#primaryimage"},"thumbnailUrl":"https:\/\/www.encontraamericana.com.br\/guia\/wp-content\/uploads\/2026\/06\/artistas-ja-podem-se-inscrever-para-o-festival-de-musica-de-americana.webp","datePublished":"2026-06-26T01:11:27+00:00","author":{"@id":"https:\/\/www.encontraamericana.com.br\/guia\/#\/schema\/person\/515cbc6082144e7445cab98211d14f9b"},"inLanguage":"pt-BR","potentialAction":[{"@type":"ReadAction","target":["https:\/\/www.encontraamericana.com.br\/guia\/artistas-ja-podem-se-inscrever-para-o-festival-de-musica-de-americana\/"]}]},{"@type":"ImageObject","inLanguage":"pt-BR","@id":"https:\/\/www.encontraamericana.com.br\/guia\/artistas-ja-podem-se-inscrever-para-o-festival-de-musica-de-americana\/#primaryimage","url":"https:\/\/www.encontraamericana.com.br\/guia\/wp-content\/uploads\/2026\/06\/artistas-ja-podem-se-inscrever-para-o-festival-de-musica-de-americana.webp","contentUrl":"https:\/\/www.encontraamericana.com.br\/guia\/wp-content\/uploads\/2026\/06\/artistas-ja-podem-se-inscrever-para-o-festival-de-musica-de-americana.webp","width":280,"height":280,"caption":"Festival de M\u00fasica de Americana"},{"@type":"WebSite","@id":"https:\/\/www.encontraamericana.com.br\/guia\/#website","url":"https:\/\/www.encontraamericana.com.br\/guia\/","name":"Guia Comercial de Americana SP","description":"ENCONTRA AMERICANA - O guia comercial de neg\u00f3cios e empresas, cultura e divers\u00e3o na cidade de Americana. Feito 100% para voc\u00ea morador!","potentialAction":[{"@type":"SearchAction","target":{"@type":"EntryPoint","urlTemplate":"https:\/\/www.encontraamericana.com.br\/guia\/?s={search_term_string}"},"query-input":{"@type":"PropertyValueSpecification","valueRequired":true,"valueName":"search_term_string"}}],"inLanguage":"pt-BR"},{"@type":"Person","@id":"https:\/\/www.encontraamericana.com.br\/guia\/#\/schema\/person\/515cbc6082144e7445cab98211d14f9b","name":"Encontra Americana","image":{"@type":"ImageObject","inLanguage":"pt-BR","@id":"https:\/\/secure.gravatar.com\/avatar\/c50c17820bcf322f0a8fd6b110b8c0918141409dc69076470f6fca5fee70a5d4?s=96&d=mm&r=g","url":"https:\/\/secure.gravatar.com\/avatar\/c50c17820bcf322f0a8fd6b110b8c0918141409dc69076470f6fca5fee70a5d4?s=96&d=mm&r=g","contentUrl":"https:\/\/secure.gravatar.com\/avatar\/c50c17820bcf322f0a8fd6b110b8c0918141409dc69076470f6fca5fee70a5d4?s=96&d=mm&r=g","caption":"Encontra Americana"},"url":"https:\/\/www.encontraamericana.com.br\/guia\/author\/encontraamericana\/"}]}},"_links":{"self":[{"href":"https:\/\/www.encontraamericana.com.br\/guia\/wp-json\/wp\/v2\/posts\/6653","targetHints":{"allow":["GET"]}}],"collection":[{"href":"https:\/\/www.encontraamericana.com.br\/guia\/wp-json\/wp\/v2\/posts"}],"about":[{"href":"https:\/\/www.encontraamericana.com.br\/guia\/wp-json\/wp\/v2\/types\/post"}],"author":[{"embeddable":true,"href":"https:\/\/www.encontraamericana.com.br\/guia\/wp-json\/wp\/v2\/users\/1"}],"replies":[{"embeddable":true,"href":"https:\/\/www.encontraamericana.com.br\/guia\/wp-json\/wp\/v2\/comments?post=6653"}],"version-history":[{"count":0,"href":"https:\/\/www.encontraamericana.com.br\/guia\/wp-json\/wp\/v2\/posts\/6653\/revisions"}],"wp:featuredmedia":[{"embeddable":true,"href":"https:\/\/www.encontraamericana.com.br\/guia\/wp-json\/wp\/v2\/media\/6652"}],"wp:attachment":[{"href":"https:\/\/www.encontraamericana.com.br\/guia\/wp-json\/wp\/v2\/media?parent=6653"}],"wp:term":[{"taxonomy":"category","embeddable":true,"href":"https:\/\/www.encontraamericana.com.br\/guia\/wp-json\/wp\/v2\/categories?post=6653"},{"taxonomy":"post_tag","embeddable":true,"href":"https:\/\/www.encontraamericana.com.br\/guia\/wp-json\/wp\/v2\/tags?post=6653"}],"curies":[{"name":"wp","href":"https:\/\/api.w.org\/{rel}","templated":true}]}}