{"id":6665,"date":"2026-06-28T04:02:02","date_gmt":"2026-06-28T07:02:02","guid":{"rendered":"https:\/\/www.encontraamericana.com.br\/guia\/americana-promove-acao-de-vacinacao-contra-a-gripe-neste-sabado-em-oito-bairros\/"},"modified":"2026-06-28T04:02:02","modified_gmt":"2026-06-28T07:02:02","slug":"americana-promove-acao-de-vacinacao-contra-a-gripe-neste-sabado-em-oito-bairros","status":"publish","type":"post","link":"https:\/\/www.encontraamericana.com.br\/guia\/americana-promove-acao-de-vacinacao-contra-a-gripe-neste-sabado-em-oito-bairros\/","title":{"rendered":"Americana promove a\u00e7\u00e3o de vacina\u00e7\u00e3o contra a gripe neste s\u00e1bado em oito bairros"},"content":{"rendered":"<h2>Data e Hor\u00e1rio da Vacina\u00e7\u00e3o<\/h2>\n<p>A a\u00e7\u00e3o de vacina\u00e7\u00e3o contra a gripe acontecer\u00e1 neste s\u00e1bado, dia 27, das <strong>8h \u00e0s 16h<\/strong>. Isso permitir\u00e1 que os moradores possam se vacinar em um per\u00edodo acess\u00edvel, abrangendo uma ampla faixa de hor\u00e1rios para melhor atender a popula\u00e7\u00e3o.<\/p>\n<h2>Locais onde a Vacina\u00e7\u00e3o Ser\u00e1 Realizada<\/h2>\n<p>Para atender a comunidade de forma mais eficaz, a vacina\u00e7\u00e3o contra a gripe ser\u00e1 oferecida em diversas <strong>Unidades B\u00e1sicas de Sa\u00fade (UBSs)<\/strong> e em um ponto estrat\u00e9gico:<\/p>\n<ul>\n<li><strong>UBS Mathiensen:<\/strong> Rua das Alfazemas, 316<\/li>\n<li><strong>UBS Praia Azul:<\/strong> Rua Maranh\u00e3o, 1.213<\/li>\n<li><strong>UBS Guanabara:<\/strong> Rua Jacarepagu\u00e1, 320<\/li>\n<li><strong>UBS Parque Gramado:<\/strong> Rua Ema It\u00e1lia Bufarah, 1.370<\/li>\n<li><strong>UBS Jardim Boer:<\/strong> Rua Romildo Bosqueiro, 55<\/li>\n<li><strong>UBS Parque das Na\u00e7\u00f5es:<\/strong> Rua Austr\u00e1lia, 301<\/li>\n<li><strong>UBS Jardim S\u00e3o Paulo:<\/strong> Rua das Poncianas, 900<\/li>\n<li><strong>Supermercado S\u00e3o Vicente (S\u00e3o Vito):<\/strong> Rua Jo\u00e3o Bernestein, 630<\/li>\n<\/ul>\n<h2>Quem Pode Receber a Vacina?<\/h2>\n<p>A vacina contra a gripe est\u00e1 dispon\u00edvel para toda a <strong>popula\u00e7\u00e3o a partir de 6 meses de idade<\/strong>. Essa abrang\u00eancia \u00e9 fundamental para garantir que todos, especialmente aqueles que est\u00e3o em grupos de risco, possam se proteger contra a influenza.<\/p>\n<p><img decoding=\"async\" src=\"https:\/\/www.encontraamericana.com.br\/guia\/wp-content\/uploads\/2026\/06\/americana-promove-acao-de-vacinacao-contra-a-gripe-neste-sabado-em-oito-bairros.webp\" alt=\"vacina\u00e7\u00e3o contra a gripe\" loading=\"lazy\" \/><\/p>\n<h2>Documenta\u00e7\u00e3o Necess\u00e1ria para Vacina\u00e7\u00e3o<\/h2>\n<p>Ao se dirigir a um dos locais de vacina\u00e7\u00e3o, \u00e9 imprescind\u00edvel levar alguns documentos que comprovem a identidade e a necessidade de imuniza\u00e7\u00e3o:<\/p>\n<ul>\n<li><strong>Documento pessoal com foto<\/strong><\/li>\n<li><strong>CPF ou Cart\u00e3o SUS<\/strong><\/li>\n<li><strong>Caderneta de vacina\u00e7\u00e3o<\/strong> para crian\u00e7as menores, que deve ser apresentada pelos respons\u00e1veis.<\/li>\n<\/ul>\n<h2>Import\u00e2ncia da Vacina\u00e7\u00e3o contra a Gripe<\/h2>\n<p>A vacina\u00e7\u00e3o \u00e9 considerada a melhor maneira de preven\u00e7\u00e3o contra a gripe, pois ajuda a criar <strong>imunidade<\/strong> no organismo durante os per\u00edodos em que os v\u00edrus circulam intensamente. Ela \u00e9 essencial para evitar a progress\u00e3o da doen\u00e7a e minimizar complica\u00e7\u00f5es nas popula\u00e7\u00f5es mais vulner\u00e1veis.<\/p>\n<h2>Atualiza\u00e7\u00e3o da Carteirinha de Vacina\u00e7\u00e3o<\/h2>\n<p>Durante a a\u00e7\u00e3o do dia 27, al\u00e9m da vacina contra a gripe, tamb\u00e9m ser\u00e1 poss\u00edvel <strong>atualizar a carteirinha de vacina\u00e7\u00e3o<\/strong>. Isso \u00e9 especialmente importante para aqueles que t\u00eam vacinas de rotina em atraso, garantindo que crian\u00e7as, adolescentes, adultos e idosos possam ter seu calend\u00e1rio vacinal em dia.<\/p>\n<h2>Acesso aos Servi\u00e7os de Sa\u00fade em Americana<\/h2>\n<p>A Prefeitura de Americana tem se esfor\u00e7ado para aumentar o acesso aos servi\u00e7os de sa\u00fade, especialmente neste per\u00edodo em que a gripe se torna mais comum. A vacina\u00e7\u00e3o em finais de semana \u00e9 uma estrat\u00e9gia para facilitar o acesso \u00e0 imuniza\u00e7\u00e3o, permitindo que todos possam se proteger sem comprometer suas atividades di\u00e1rias durante a semana.<\/p>\n<h2>Mensagem do Secret\u00e1rio de Sa\u00fade<\/h2>\n<p>O Secret\u00e1rio de Sa\u00fade, Danilo Carvalho Oliveira, enfatiza a import\u00e2ncia dessa iniciativa: &#8220;Estamos ampliando as oportunidades para que a popula\u00e7\u00e3o possa se proteger contra a gripe, especialmente aqueles que t\u00eam dificuldade de comparecer durante a semana. A vacina\u00e7\u00e3o \u00e9 uma medida simples, segura e fundamental para proteger a sa\u00fade da comunidade, especialmente em tempos de alta circula\u00e7\u00e3o de v\u00edrus respirat\u00f3rios.&#8221;<\/p>\n<h2>Benef\u00edcios da Vacina\u00e7\u00e3o para a Comunidade<\/h2>\n<p>Vacinar a popula\u00e7\u00e3o n\u00e3o apenas protege aqueles que recebem a vacina, mas tamb\u00e9m contribui para a diminui\u00e7\u00e3o da <strong>circula\u00e7\u00e3o do v\u00edrus<\/strong> na comunidade. Isso \u00e9 crucial para reduzir a carga sobre os servi\u00e7os de sa\u00fade, evitando interna\u00e7\u00f5es e complica\u00e7\u00f5es decorrentes da doen\u00e7a. Quanto maior a cobertura vacinal, menor ser\u00e1 o impacto da gripe na sa\u00fade p\u00fablica.<\/p>\n<h2>Vacina\u00e7\u00e3o de Rotina nas UBS<\/h2>\n<p>Al\u00e9m da a\u00e7\u00e3o especial desse s\u00e1bado, as Unidades B\u00e1sicas de Sa\u00fade (UBSs) oferecem a vacina\u00e7\u00e3o de rotina de segunda a sexta-feira, das 8h \u00e0s 16h. Vale ressaltar que as UBSs de Praia Azul, S\u00e3o Vito e Mathiensen tamb\u00e9m atendem at\u00e9 \u00e0s 20h, proporcionando mais op\u00e7\u00f5es \u00e0 popula\u00e7\u00e3o para acessar os servi\u00e7os de sa\u00fade necess\u00e1rios.<\/p>\n","protected":false},"excerpt":{"rendered":"<p>Vacina\u00e7\u00e3o contra a gripe ocorre em Americana neste s\u00e1bado em diversos bairros.<\/p>\n","protected":false},"author":1,"featured_media":6664,"comment_status":"open","ping_status":"open","sticky":false,"template":"","format":"standard","meta":{"footnotes":""},"categories":[5],"tags":[],"class_list":["post-6665","post","type-post","status-publish","format-standard","has-post-thumbnail","hentry","category-noticias","has_thumb"],"yoast_head":"<!-- This site is optimized with the Yoast SEO plugin v27.6 - https:\/\/yoast.com\/product\/yoast-seo-wordpress\/ -->\n<title>Americana promove a\u00e7\u00e3o de vacina\u00e7\u00e3o contra a gripe neste s\u00e1bado em oito bairros | Guia Comercial de Americana SP<\/title>\n<meta name=\"robots\" content=\"index, follow, max-snippet:-1, max-image-preview:large, max-video-preview:-1\" \/>\n<link rel=\"canonical\" href=\"https:\/\/www.encontraamericana.com.br\/guia\/americana-promove-acao-de-vacinacao-contra-a-gripe-neste-sabado-em-oito-bairros\/\" \/>\n<meta property=\"og:locale\" content=\"pt_BR\" \/>\n<meta property=\"og:type\" content=\"article\" \/>\n<meta property=\"og:title\" content=\"Americana promove a\u00e7\u00e3o de vacina\u00e7\u00e3o contra a gripe neste s\u00e1bado em oito bairros | Guia Comercial de Americana SP\" \/>\n<meta property=\"og:description\" content=\"Vacina\u00e7\u00e3o contra a gripe ocorre em Americana neste s\u00e1bado em diversos bairros.\" \/>\n<meta property=\"og:url\" content=\"https:\/\/www.encontraamericana.com.br\/guia\/americana-promove-acao-de-vacinacao-contra-a-gripe-neste-sabado-em-oito-bairros\/\" \/>\n<meta property=\"og:site_name\" content=\"Guia Comercial de Americana SP\" \/>\n<meta property=\"article:published_time\" content=\"2026-06-28T07:02:02+00:00\" \/>\n<meta property=\"og:image\" content=\"https:\/\/www.encontraamericana.com.br\/guia\/wp-content\/uploads\/2026\/06\/americana-promove-acao-de-vacinacao-contra-a-gripe-neste-sabado-em-oito-bairros.webp\" \/>\n<meta name=\"author\" content=\"Encontra Americana\" \/>\n<meta name=\"twitter:card\" content=\"summary_large_image\" \/>\n<meta name=\"twitter:label1\" content=\"Escrito por\" \/>\n\t<meta name=\"twitter:data1\" content=\"Encontra Americana\" \/>\n\t<meta name=\"twitter:label2\" content=\"Est. tempo de leitura\" \/>\n\t<meta name=\"twitter:data2\" content=\"3 minutos\" \/>\n<script type=\"application\/ld+json\" class=\"yoast-schema-graph\">{\"@context\":\"https:\\\/\\\/schema.org\",\"@graph\":[{\"@type\":\"Article\",\"@id\":\"https:\\\/\\\/www.encontraamericana.com.br\\\/guia\\\/americana-promove-acao-de-vacinacao-contra-a-gripe-neste-sabado-em-oito-bairros\\\/#article\",\"isPartOf\":{\"@id\":\"https:\\\/\\\/www.encontraamericana.com.br\\\/guia\\\/americana-promove-acao-de-vacinacao-contra-a-gripe-neste-sabado-em-oito-bairros\\\/\"},\"author\":{\"name\":\"Encontra Americana\",\"@id\":\"https:\\\/\\\/www.encontraamericana.com.br\\\/guia\\\/#\\\/schema\\\/person\\\/515cbc6082144e7445cab98211d14f9b\"},\"headline\":\"Americana promove a\u00e7\u00e3o de vacina\u00e7\u00e3o contra a gripe neste s\u00e1bado em oito bairros\",\"datePublished\":\"2026-06-28T07:02:02+00:00\",\"mainEntityOfPage\":{\"@id\":\"https:\\\/\\\/www.encontraamericana.com.br\\\/guia\\\/americana-promove-acao-de-vacinacao-contra-a-gripe-neste-sabado-em-oito-bairros\\\/\"},\"wordCount\":678,\"commentCount\":0,\"image\":{\"@id\":\"https:\\\/\\\/www.encontraamericana.com.br\\\/guia\\\/americana-promove-acao-de-vacinacao-contra-a-gripe-neste-sabado-em-oito-bairros\\\/#primaryimage\"},\"thumbnailUrl\":\"https:\\\/\\\/www.encontraamericana.com.br\\\/guia\\\/wp-content\\\/uploads\\\/2026\\\/06\\\/americana-promove-acao-de-vacinacao-contra-a-gripe-neste-sabado-em-oito-bairros.webp\",\"articleSection\":[\"Not\u00edcias Americana\"],\"inLanguage\":\"pt-BR\",\"potentialAction\":[{\"@type\":\"CommentAction\",\"name\":\"Comment\",\"target\":[\"https:\\\/\\\/www.encontraamericana.com.br\\\/guia\\\/americana-promove-acao-de-vacinacao-contra-a-gripe-neste-sabado-em-oito-bairros\\\/#respond\"]}]},{\"@type\":\"WebPage\",\"@id\":\"https:\\\/\\\/www.encontraamericana.com.br\\\/guia\\\/americana-promove-acao-de-vacinacao-contra-a-gripe-neste-sabado-em-oito-bairros\\\/\",\"url\":\"https:\\\/\\\/www.encontraamericana.com.br\\\/guia\\\/americana-promove-acao-de-vacinacao-contra-a-gripe-neste-sabado-em-oito-bairros\\\/\",\"name\":\"Americana promove a\u00e7\u00e3o de vacina\u00e7\u00e3o contra a gripe neste s\u00e1bado em oito bairros | Guia Comercial de Americana SP\",\"isPartOf\":{\"@id\":\"https:\\\/\\\/www.encontraamericana.com.br\\\/guia\\\/#website\"},\"primaryImageOfPage\":{\"@id\":\"https:\\\/\\\/www.encontraamericana.com.br\\\/guia\\\/americana-promove-acao-de-vacinacao-contra-a-gripe-neste-sabado-em-oito-bairros\\\/#primaryimage\"},\"image\":{\"@id\":\"https:\\\/\\\/www.encontraamericana.com.br\\\/guia\\\/americana-promove-acao-de-vacinacao-contra-a-gripe-neste-sabado-em-oito-bairros\\\/#primaryimage\"},\"thumbnailUrl\":\"https:\\\/\\\/www.encontraamericana.com.br\\\/guia\\\/wp-content\\\/uploads\\\/2026\\\/06\\\/americana-promove-acao-de-vacinacao-contra-a-gripe-neste-sabado-em-oito-bairros.webp\",\"datePublished\":\"2026-06-28T07:02:02+00:00\",\"author\":{\"@id\":\"https:\\\/\\\/www.encontraamericana.com.br\\\/guia\\\/#\\\/schema\\\/person\\\/515cbc6082144e7445cab98211d14f9b\"},\"inLanguage\":\"pt-BR\",\"potentialAction\":[{\"@type\":\"ReadAction\",\"target\":[\"https:\\\/\\\/www.encontraamericana.com.br\\\/guia\\\/americana-promove-acao-de-vacinacao-contra-a-gripe-neste-sabado-em-oito-bairros\\\/\"]}]},{\"@type\":\"ImageObject\",\"inLanguage\":\"pt-BR\",\"@id\":\"https:\\\/\\\/www.encontraamericana.com.br\\\/guia\\\/americana-promove-acao-de-vacinacao-contra-a-gripe-neste-sabado-em-oito-bairros\\\/#primaryimage\",\"url\":\"https:\\\/\\\/www.encontraamericana.com.br\\\/guia\\\/wp-content\\\/uploads\\\/2026\\\/06\\\/americana-promove-acao-de-vacinacao-contra-a-gripe-neste-sabado-em-oito-bairros.webp\",\"contentUrl\":\"https:\\\/\\\/www.encontraamericana.com.br\\\/guia\\\/wp-content\\\/uploads\\\/2026\\\/06\\\/americana-promove-acao-de-vacinacao-contra-a-gripe-neste-sabado-em-oito-bairros.webp\",\"width\":280,\"height\":280,\"caption\":\"vacina\u00e7\u00e3o contra a gripe\"},{\"@type\":\"WebSite\",\"@id\":\"https:\\\/\\\/www.encontraamericana.com.br\\\/guia\\\/#website\",\"url\":\"https:\\\/\\\/www.encontraamericana.com.br\\\/guia\\\/\",\"name\":\"Guia Comercial de Americana SP\",\"description\":\"ENCONTRA AMERICANA - O guia comercial de neg\u00f3cios e empresas, cultura e divers\u00e3o na cidade de Americana. Feito 100% para voc\u00ea morador!\",\"potentialAction\":[{\"@type\":\"SearchAction\",\"target\":{\"@type\":\"EntryPoint\",\"urlTemplate\":\"https:\\\/\\\/www.encontraamericana.com.br\\\/guia\\\/?s={search_term_string}\"},\"query-input\":{\"@type\":\"PropertyValueSpecification\",\"valueRequired\":true,\"valueName\":\"search_term_string\"}}],\"inLanguage\":\"pt-BR\"},{\"@type\":\"Person\",\"@id\":\"https:\\\/\\\/www.encontraamericana.com.br\\\/guia\\\/#\\\/schema\\\/person\\\/515cbc6082144e7445cab98211d14f9b\",\"name\":\"Encontra Americana\",\"image\":{\"@type\":\"ImageObject\",\"inLanguage\":\"pt-BR\",\"@id\":\"https:\\\/\\\/secure.gravatar.com\\\/avatar\\\/c50c17820bcf322f0a8fd6b110b8c0918141409dc69076470f6fca5fee70a5d4?s=96&d=mm&r=g\",\"url\":\"https:\\\/\\\/secure.gravatar.com\\\/avatar\\\/c50c17820bcf322f0a8fd6b110b8c0918141409dc69076470f6fca5fee70a5d4?s=96&d=mm&r=g\",\"contentUrl\":\"https:\\\/\\\/secure.gravatar.com\\\/avatar\\\/c50c17820bcf322f0a8fd6b110b8c0918141409dc69076470f6fca5fee70a5d4?s=96&d=mm&r=g\",\"caption\":\"Encontra Americana\"},\"url\":\"https:\\\/\\\/www.encontraamericana.com.br\\\/guia\\\/author\\\/encontraamericana\\\/\"}]}<\/script>\n<!-- \/ Yoast SEO plugin. -->","yoast_head_json":{"title":"Americana promove a\u00e7\u00e3o de vacina\u00e7\u00e3o contra a gripe neste s\u00e1bado em oito bairros | Guia Comercial de Americana SP","robots":{"index":"index","follow":"follow","max-snippet":"max-snippet:-1","max-image-preview":"max-image-preview:large","max-video-preview":"max-video-preview:-1"},"canonical":"https:\/\/www.encontraamericana.com.br\/guia\/americana-promove-acao-de-vacinacao-contra-a-gripe-neste-sabado-em-oito-bairros\/","og_locale":"pt_BR","og_type":"article","og_title":"Americana promove a\u00e7\u00e3o de vacina\u00e7\u00e3o contra a gripe neste s\u00e1bado em oito bairros | Guia Comercial de Americana SP","og_description":"Vacina\u00e7\u00e3o contra a gripe ocorre em Americana neste s\u00e1bado em diversos bairros.","og_url":"https:\/\/www.encontraamericana.com.br\/guia\/americana-promove-acao-de-vacinacao-contra-a-gripe-neste-sabado-em-oito-bairros\/","og_site_name":"Guia Comercial de Americana SP","article_published_time":"2026-06-28T07:02:02+00:00","og_image":[{"url":"https:\/\/www.encontraamericana.com.br\/guia\/wp-content\/uploads\/2026\/06\/americana-promove-acao-de-vacinacao-contra-a-gripe-neste-sabado-em-oito-bairros.webp","type":"","width":"","height":""}],"author":"Encontra Americana","twitter_card":"summary_large_image","twitter_misc":{"Escrito por":"Encontra Americana","Est. tempo de leitura":"3 minutos"},"schema":{"@context":"https:\/\/schema.org","@graph":[{"@type":"Article","@id":"https:\/\/www.encontraamericana.com.br\/guia\/americana-promove-acao-de-vacinacao-contra-a-gripe-neste-sabado-em-oito-bairros\/#article","isPartOf":{"@id":"https:\/\/www.encontraamericana.com.br\/guia\/americana-promove-acao-de-vacinacao-contra-a-gripe-neste-sabado-em-oito-bairros\/"},"author":{"name":"Encontra Americana","@id":"https:\/\/www.encontraamericana.com.br\/guia\/#\/schema\/person\/515cbc6082144e7445cab98211d14f9b"},"headline":"Americana promove a\u00e7\u00e3o de vacina\u00e7\u00e3o contra a gripe neste s\u00e1bado em oito bairros","datePublished":"2026-06-28T07:02:02+00:00","mainEntityOfPage":{"@id":"https:\/\/www.encontraamericana.com.br\/guia\/americana-promove-acao-de-vacinacao-contra-a-gripe-neste-sabado-em-oito-bairros\/"},"wordCount":678,"commentCount":0,"image":{"@id":"https:\/\/www.encontraamericana.com.br\/guia\/americana-promove-acao-de-vacinacao-contra-a-gripe-neste-sabado-em-oito-bairros\/#primaryimage"},"thumbnailUrl":"https:\/\/www.encontraamericana.com.br\/guia\/wp-content\/uploads\/2026\/06\/americana-promove-acao-de-vacinacao-contra-a-gripe-neste-sabado-em-oito-bairros.webp","articleSection":["Not\u00edcias Americana"],"inLanguage":"pt-BR","potentialAction":[{"@type":"CommentAction","name":"Comment","target":["https:\/\/www.encontraamericana.com.br\/guia\/americana-promove-acao-de-vacinacao-contra-a-gripe-neste-sabado-em-oito-bairros\/#respond"]}]},{"@type":"WebPage","@id":"https:\/\/www.encontraamericana.com.br\/guia\/americana-promove-acao-de-vacinacao-contra-a-gripe-neste-sabado-em-oito-bairros\/","url":"https:\/\/www.encontraamericana.com.br\/guia\/americana-promove-acao-de-vacinacao-contra-a-gripe-neste-sabado-em-oito-bairros\/","name":"Americana promove a\u00e7\u00e3o de vacina\u00e7\u00e3o contra a gripe neste s\u00e1bado em oito bairros | Guia Comercial de Americana SP","isPartOf":{"@id":"https:\/\/www.encontraamericana.com.br\/guia\/#website"},"primaryImageOfPage":{"@id":"https:\/\/www.encontraamericana.com.br\/guia\/americana-promove-acao-de-vacinacao-contra-a-gripe-neste-sabado-em-oito-bairros\/#primaryimage"},"image":{"@id":"https:\/\/www.encontraamericana.com.br\/guia\/americana-promove-acao-de-vacinacao-contra-a-gripe-neste-sabado-em-oito-bairros\/#primaryimage"},"thumbnailUrl":"https:\/\/www.encontraamericana.com.br\/guia\/wp-content\/uploads\/2026\/06\/americana-promove-acao-de-vacinacao-contra-a-gripe-neste-sabado-em-oito-bairros.webp","datePublished":"2026-06-28T07:02:02+00:00","author":{"@id":"https:\/\/www.encontraamericana.com.br\/guia\/#\/schema\/person\/515cbc6082144e7445cab98211d14f9b"},"inLanguage":"pt-BR","potentialAction":[{"@type":"ReadAction","target":["https:\/\/www.encontraamericana.com.br\/guia\/americana-promove-acao-de-vacinacao-contra-a-gripe-neste-sabado-em-oito-bairros\/"]}]},{"@type":"ImageObject","inLanguage":"pt-BR","@id":"https:\/\/www.encontraamericana.com.br\/guia\/americana-promove-acao-de-vacinacao-contra-a-gripe-neste-sabado-em-oito-bairros\/#primaryimage","url":"https:\/\/www.encontraamericana.com.br\/guia\/wp-content\/uploads\/2026\/06\/americana-promove-acao-de-vacinacao-contra-a-gripe-neste-sabado-em-oito-bairros.webp","contentUrl":"https:\/\/www.encontraamericana.com.br\/guia\/wp-content\/uploads\/2026\/06\/americana-promove-acao-de-vacinacao-contra-a-gripe-neste-sabado-em-oito-bairros.webp","width":280,"height":280,"caption":"vacina\u00e7\u00e3o contra a gripe"},{"@type":"WebSite","@id":"https:\/\/www.encontraamericana.com.br\/guia\/#website","url":"https:\/\/www.encontraamericana.com.br\/guia\/","name":"Guia Comercial de Americana SP","description":"ENCONTRA AMERICANA - O guia comercial de neg\u00f3cios e empresas, cultura e divers\u00e3o na cidade de Americana. Feito 100% para voc\u00ea morador!","potentialAction":[{"@type":"SearchAction","target":{"@type":"EntryPoint","urlTemplate":"https:\/\/www.encontraamericana.com.br\/guia\/?s={search_term_string}"},"query-input":{"@type":"PropertyValueSpecification","valueRequired":true,"valueName":"search_term_string"}}],"inLanguage":"pt-BR"},{"@type":"Person","@id":"https:\/\/www.encontraamericana.com.br\/guia\/#\/schema\/person\/515cbc6082144e7445cab98211d14f9b","name":"Encontra Americana","image":{"@type":"ImageObject","inLanguage":"pt-BR","@id":"https:\/\/secure.gravatar.com\/avatar\/c50c17820bcf322f0a8fd6b110b8c0918141409dc69076470f6fca5fee70a5d4?s=96&d=mm&r=g","url":"https:\/\/secure.gravatar.com\/avatar\/c50c17820bcf322f0a8fd6b110b8c0918141409dc69076470f6fca5fee70a5d4?s=96&d=mm&r=g","contentUrl":"https:\/\/secure.gravatar.com\/avatar\/c50c17820bcf322f0a8fd6b110b8c0918141409dc69076470f6fca5fee70a5d4?s=96&d=mm&r=g","caption":"Encontra Americana"},"url":"https:\/\/www.encontraamericana.com.br\/guia\/author\/encontraamericana\/"}]}},"_links":{"self":[{"href":"https:\/\/www.encontraamericana.com.br\/guia\/wp-json\/wp\/v2\/posts\/6665","targetHints":{"allow":["GET"]}}],"collection":[{"href":"https:\/\/www.encontraamericana.com.br\/guia\/wp-json\/wp\/v2\/posts"}],"about":[{"href":"https:\/\/www.encontraamericana.com.br\/guia\/wp-json\/wp\/v2\/types\/post"}],"author":[{"embeddable":true,"href":"https:\/\/www.encontraamericana.com.br\/guia\/wp-json\/wp\/v2\/users\/1"}],"replies":[{"embeddable":true,"href":"https:\/\/www.encontraamericana.com.br\/guia\/wp-json\/wp\/v2\/comments?post=6665"}],"version-history":[{"count":0,"href":"https:\/\/www.encontraamericana.com.br\/guia\/wp-json\/wp\/v2\/posts\/6665\/revisions"}],"wp:featuredmedia":[{"embeddable":true,"href":"https:\/\/www.encontraamericana.com.br\/guia\/wp-json\/wp\/v2\/media\/6664"}],"wp:attachment":[{"href":"https:\/\/www.encontraamericana.com.br\/guia\/wp-json\/wp\/v2\/media?parent=6665"}],"wp:term":[{"taxonomy":"category","embeddable":true,"href":"https:\/\/www.encontraamericana.com.br\/guia\/wp-json\/wp\/v2\/categories?post=6665"},{"taxonomy":"post_tag","embeddable":true,"href":"https:\/\/www.encontraamericana.com.br\/guia\/wp-json\/wp\/v2\/tags?post=6665"}],"curies":[{"name":"wp","href":"https:\/\/api.w.org\/{rel}","templated":true}]}}