{"id":6671,"date":"2026-06-29T07:02:15","date_gmt":"2026-06-29T10:02:15","guid":{"rendered":"https:\/\/www.encontraamericana.com.br\/guia\/fanny-deltreggia-de-americana-agora-vai-expor-em-curitiba\/"},"modified":"2026-06-29T07:02:15","modified_gmt":"2026-06-29T10:02:15","slug":"fanny-deltreggia-de-americana-agora-vai-expor-em-curitiba","status":"publish","type":"post","link":"https:\/\/www.encontraamericana.com.br\/guia\/fanny-deltreggia-de-americana-agora-vai-expor-em-curitiba\/","title":{"rendered":"Fanny Deltreggia, de Americana, agora vai expor em Curitiba"},"content":{"rendered":"<h2>A Trajet\u00f3ria de Fanny Deltreggia<\/h2>\n<p>A artista Fanny Deltreggia, origin\u00e1ria da cidade de Americana, S\u00e3o Paulo, tem se destacado no cen\u00e1rio da arte contempor\u00e2nea brasileira. Sua trajet\u00f3ria art\u00edstica tem sido marcada por um profundo envolvimento com temas que permeiam a mem\u00f3ria, a ancestralidade e a decolonialidade. Fanny est\u00e1 atualmente em processo de concluir sua gradua\u00e7\u00e3o em Artes Visuais, onde aprimora suas habilidades e expande sua pesquisa no campo das artes.<\/p>\n<p>O envolvimento de Fanny com as artes n\u00e3o surgiu do nada. Desde cedo, ela demonstrou interesse por diferentes formas de express\u00e3o art\u00edstica, mas foi durante os estudos que ela realmente come\u00e7ou a moldar sua pr\u00f3pria voz. Seu trabalho reflete um processo cont\u00ednuo de explora\u00e7\u00e3o e descoberta, permitindo que ela se conecte com sua heran\u00e7a cultural e as quest\u00f5es sociais que a cercam.<\/p>\n<h2>Obras Selecionadas para a Exposi\u00e7\u00e3o<\/h2>\n<p>No pr\u00f3ximo evento, Fanny Deltreggia apresentar\u00e1 tr\u00eas de suas obras na prestigiosa 18\u00aa edi\u00e7\u00e3o do Sal\u00e3o Graciosa de Artes Pl\u00e1sticas. As obras em destaque s\u00e3o: &#8220;Entre o Papel e a Pele: Fazenda Salto Grande&#8221;, &#8220;Fazenda Galv\u00e3o II&#8221; e &#8220;Fazenda Cap\u00e3o Alto&#8221;. Esses trabalhos s\u00e3o representativos da identidade po\u00e9tica que caracteriza sua produ\u00e7\u00e3o art\u00edstica, utilizando a t\u00e9cnica inovadora de abla\u00e7\u00e3o do papel carbono.<\/p>\n<p><img decoding=\"async\" src=\"https:\/\/www.encontraamericana.com.br\/guia\/wp-content\/uploads\/2026\/06\/fanny-deltreggia-de-americana-agora-vai-expor-em-curitiba.webp\" alt=\"Fanny Deltreggia\" loading=\"lazy\" \/><\/p>\n<p>A escolha dessas obras para a mostra \u00e9 uma afirma\u00e7\u00e3o do reconhecimento crescente de Fanny no circuito art\u00edstico brasileiro. As pe\u00e7as selecionadas n\u00e3o apenas destacam sua habilidade t\u00e9cnica, mas tamb\u00e9m seu comprometimento em questionar narrativas enfraquecidas pela hist\u00f3ria, explorando como o passado e o presente se entrela\u00e7am em um di\u00e1logo complexo sobre a sociedade.<\/p>\n<h2>Influ\u00eancia da Mem\u00f3ria na Arte de Fanny<\/h2>\n<p>A mem\u00f3ria \u00e9 um dos elementos centrais na obra de Fanny Deltreggia. Ela utiliza suas obras para provocar reflex\u00f5es sobre como as experi\u00eancias passadas abrangem e moldam as identidades atuais. A artista busca reconstruir narrativas frequentemente esquecidas ou sistematicamente apagadas, utilizando a arte como meio para dar voz \u00e0 ancestralidade e \u00e0s hist\u00f3rias que merecem ser contadas.<\/p>\n<p>Por meio de uma abordagem que mescla t\u00e9cnica e conceito, Fanny desafia os espectadores a confrontarem suas pr\u00f3prias mem\u00f3rias e percep\u00e7\u00f5es hist\u00f3ricas. Suas obras, impregnadas de uma forte carga emocional, estabelecem um espa\u00e7o para debate sobre a import\u00e2ncia da lembran\u00e7a e da ressignifica\u00e7\u00e3o dos relatos que comp\u00f5em a forma\u00e7\u00e3o de sua identidade e de sua comunidade.<\/p>\n<h2>T\u00e9cnicas de Cria\u00e7\u00e3o Utilizadas<\/h2>\n<p>As t\u00e9cnicas de cria\u00e7\u00e3o de Fanny Deltreggia s\u00e3o verdadeiramente \u00fanicas e refletem sua abordagem inovadora no campo das artes visuais. Sua pr\u00e1tica mais not\u00e1vel \u00e9 a abla\u00e7\u00e3o do papel carbono, uma t\u00e9cnica que envolve o desgaste controlado da superf\u00edcie do papel. Atrav\u00e9s desse m\u00e9todo, ela consegue criar texturas ricas e camadas visuais que revelam narrativas ocultas, estabelecendo um di\u00e1logo entre o que \u00e9 visto e o que permanece no sil\u00eancio.<\/p>\n<p>Essa t\u00e9cnica n\u00e3o apenas destaca sua destreza manual, mas tamb\u00e9m permite que Fanny explore temas como o apagamento e a visibilidade das hist\u00f3rias. Ao fazer isso, ela transforma materiais cotidianos em obras que questionam e provocam profundas reflex\u00f5es sobre o papel da arte na sociedade contempor\u00e2nea.<\/p>\n<h2>A Import\u00e2ncia do Sal\u00e3o Graciosa<\/h2>\n<p>O Sal\u00e3o Graciosa de Artes Pl\u00e1sticas \u00e9 um dos eventos mais relevantes no calend\u00e1rio art\u00edstico do Paran\u00e1, reunindo as mais variadas express\u00f5es da arte contempor\u00e2nea. Reconhecido nacionalmente, o sal\u00e3o n\u00e3o s\u00f3 promove os artistas emergentes, como tamb\u00e9m oferece uma plataforma para discuss\u00f5es sobre a produ\u00e7\u00e3o art\u00edstica atual.<\/p>\n<p>Para Fanny Deltreggia, a participa\u00e7\u00e3o nesse sal\u00e3o representa um marco significativo em sua carreira. A sele\u00e7\u00e3o de suas obras demonstra a aceita\u00e7\u00e3o de seu trabalho por uma das institui\u00e7\u00f5es mais respeit\u00e1veis do setor. O evento ajuda a consolidar n\u00e3o apenas sua trajet\u00f3ria individual, mas tamb\u00e9m a de muitos outros artistas que buscam espa\u00e7o e reconhecimento em um mundo competitivo e em constante transforma\u00e7\u00e3o.<\/p>\n<h2>Detalhes da Exposi\u00e7\u00e3o em Curitiba<\/h2>\n<p>A primeira apresenta\u00e7\u00e3o oficial das obras de Fanny em Curitiba ocorrer\u00e1 durante o XVIII Sal\u00e3o de Artes Pl\u00e1sticas Graciosa, que ser\u00e1 realizado no Graciosa Country Club, localizado na Avenida Munhoz da Rocha, 1146 \u2013 Cabral \u2013 Curitiba\/PR. Este evento promete ser uma reuni\u00e3o de talentos e uma celebra\u00e7\u00e3o da criatividade contempor\u00e2nea.<\/p>\n<h2>Datas e Hor\u00e1rios da Exposi\u00e7\u00e3o<\/h2>\n<p>A exposi\u00e7\u00e3o estar\u00e1 aberta ao p\u00fablico de 30 de junho a 3 de julho de 2026, abrangendo de ter\u00e7a a sexta-feira, das 14h \u00e0s 20h. A entrada \u00e9 gratuita, incentivando a participa\u00e7\u00e3o de uma ampla audi\u00eancia que possa desfrutar e interagir com as obras expostas. Este acesso livre garante que a arte possa ser apreciada por todos, sem barreiras financeiras.<\/p>\n<h2>Intera\u00e7\u00e3o com o P\u00fablico<\/h2>\n<p>A intera\u00e7\u00e3o entre o artista e o p\u00fablico \u00e9 um aspecto vital das exposi\u00e7\u00f5es, e Fanny Deltreggia valoriza muito essa oportunidade. Durante o evento, ela espera poder dialogar com os visitantes, responder perguntas e fornecer insights sobre sua obra e o processo criativo. Essa troca \u00e9 fundamental para enriquecer a experi\u00eancia do p\u00fablico, permitindo uma compreens\u00e3o mais profunda do que est\u00e1 por tr\u00e1s de suas cria\u00e7\u00f5es.<\/p>\n<p>Fanny acredita que a arte deve ser um espa\u00e7o de encontro e reflex\u00e3o, onde o p\u00fablico pode n\u00e3o apenas observar, mas tamb\u00e9m se envolver ativamente com as tem\u00e1ticas abordadas. A troca de ideias e experi\u00eancias \u00e9 uma parte essencial do ato de criar e apreciar a arte.<\/p>\n<h2>Expectativas para o Futuro<\/h2>\n<p>Fanny Deltreggia tem grandes expectativas para o futuro de sua carreira art\u00edstica. Com a crescente aceita\u00e7\u00e3o e reconhecimento de seu trabalho, ela planeja expandir suas pesquisas e explorar novas t\u00e9cnicas e formatos. A artista busca continuamente inovar, desenvolvendo projetos que abordem quest\u00f5es sociais e culturais que s\u00e3o relevantes para sua experi\u00eancia e para a sociedade.<\/p>\n<p>Al\u00e9m disso, Fanny pretende continuar participando de exposi\u00e7\u00f5es e eventos que promovam a arte contempor\u00e2nea, n\u00e3o apenas no Brasil, mas tamb\u00e9m internacionalmente. Sua meta \u00e9 expandir seu alcance e impactar ainda mais pessoas com sua arte e suas mensagens significativas.<\/p>\n<h2>Opini\u00f5es sobre a Arte Contempor\u00e2nea<\/h2>\n<p>A arte contempor\u00e2nea, segundo Fanny Deltreggia, \u00e9 um reflexo das complexidades do mundo atual. Ela v\u00ea a arte como um meio crucial para abordar quest\u00f5es sociais, pol\u00edticas e ambientais, proporcionando um espa\u00e7o para di\u00e1logo e conscientiza\u00e7\u00e3o. Para a artista, \u00e9 fundamental que os criadores continuem desafiando as normas estabelecidas e explorando novas narrativas que podem surgir a partir da reflex\u00e3o cr\u00edtica sobre o presente e a hist\u00f3ria.<\/p>\n<p>Fanny acredita que, ao utilizar a arte para abordar esses temas, os artistas podem contribuir para uma sociedade mais inclusiva e consciente, onde as vozes marginalizadas ganham visibilidade. Sua pr\u00f3pria obra \u00e9 um testemunho desse compromisso com a transforma\u00e7\u00e3o social e a explora\u00e7\u00e3o da identidade, memorias e novas formas de ver o mundo.<\/p>\n","protected":false},"excerpt":{"rendered":"<p>Fanny Deltreggia, artista de Americana, recebe destaque e exp\u00f5e suas obras em Curitiba.<\/p>\n","protected":false},"author":1,"featured_media":6670,"comment_status":"open","ping_status":"open","sticky":false,"template":"","format":"standard","meta":{"footnotes":""},"categories":[898],"tags":[],"class_list":["post-6671","post","type-post","status-publish","format-standard","has-post-thumbnail","hentry","category-exposicao","has_thumb"],"yoast_head":"<!-- This site is optimized with the Yoast SEO plugin v27.6 - https:\/\/yoast.com\/product\/yoast-seo-wordpress\/ -->\n<title>Fanny Deltreggia, de Americana, agora vai expor em Curitiba | Guia Comercial de Americana SP<\/title>\n<meta name=\"robots\" content=\"index, follow, max-snippet:-1, max-image-preview:large, max-video-preview:-1\" \/>\n<link rel=\"canonical\" href=\"https:\/\/www.encontraamericana.com.br\/guia\/fanny-deltreggia-de-americana-agora-vai-expor-em-curitiba\/\" \/>\n<meta property=\"og:locale\" content=\"pt_BR\" \/>\n<meta property=\"og:type\" content=\"article\" \/>\n<meta property=\"og:title\" content=\"Fanny Deltreggia, de Americana, agora vai expor em Curitiba | Guia Comercial de Americana SP\" \/>\n<meta property=\"og:description\" content=\"Fanny Deltreggia, artista de Americana, recebe destaque e exp\u00f5e suas obras em Curitiba.\" \/>\n<meta property=\"og:url\" content=\"https:\/\/www.encontraamericana.com.br\/guia\/fanny-deltreggia-de-americana-agora-vai-expor-em-curitiba\/\" \/>\n<meta property=\"og:site_name\" content=\"Guia Comercial de Americana SP\" \/>\n<meta property=\"article:published_time\" content=\"2026-06-29T10:02:15+00:00\" \/>\n<meta property=\"og:image\" content=\"https:\/\/www.encontraamericana.com.br\/guia\/wp-content\/uploads\/2026\/06\/fanny-deltreggia-de-americana-agora-vai-expor-em-curitiba.webp\" \/>\n<meta name=\"author\" content=\"Encontra Americana\" \/>\n<meta name=\"twitter:card\" content=\"summary_large_image\" \/>\n<meta name=\"twitter:label1\" content=\"Escrito por\" \/>\n\t<meta name=\"twitter:data1\" content=\"Encontra Americana\" \/>\n\t<meta name=\"twitter:label2\" content=\"Est. tempo de leitura\" \/>\n\t<meta name=\"twitter:data2\" content=\"6 minutos\" \/>\n<script type=\"application\/ld+json\" class=\"yoast-schema-graph\">{\"@context\":\"https:\\\/\\\/schema.org\",\"@graph\":[{\"@type\":\"Article\",\"@id\":\"https:\\\/\\\/www.encontraamericana.com.br\\\/guia\\\/fanny-deltreggia-de-americana-agora-vai-expor-em-curitiba\\\/#article\",\"isPartOf\":{\"@id\":\"https:\\\/\\\/www.encontraamericana.com.br\\\/guia\\\/fanny-deltreggia-de-americana-agora-vai-expor-em-curitiba\\\/\"},\"author\":{\"name\":\"Encontra Americana\",\"@id\":\"https:\\\/\\\/www.encontraamericana.com.br\\\/guia\\\/#\\\/schema\\\/person\\\/515cbc6082144e7445cab98211d14f9b\"},\"headline\":\"Fanny Deltreggia, de Americana, agora vai expor em Curitiba\",\"datePublished\":\"2026-06-29T10:02:15+00:00\",\"mainEntityOfPage\":{\"@id\":\"https:\\\/\\\/www.encontraamericana.com.br\\\/guia\\\/fanny-deltreggia-de-americana-agora-vai-expor-em-curitiba\\\/\"},\"wordCount\":1219,\"commentCount\":0,\"image\":{\"@id\":\"https:\\\/\\\/www.encontraamericana.com.br\\\/guia\\\/fanny-deltreggia-de-americana-agora-vai-expor-em-curitiba\\\/#primaryimage\"},\"thumbnailUrl\":\"https:\\\/\\\/www.encontraamericana.com.br\\\/guia\\\/wp-content\\\/uploads\\\/2026\\\/06\\\/fanny-deltreggia-de-americana-agora-vai-expor-em-curitiba.webp\",\"articleSection\":[\"Exposi\u00e7\u00e3o Americana\"],\"inLanguage\":\"pt-BR\",\"potentialAction\":[{\"@type\":\"CommentAction\",\"name\":\"Comment\",\"target\":[\"https:\\\/\\\/www.encontraamericana.com.br\\\/guia\\\/fanny-deltreggia-de-americana-agora-vai-expor-em-curitiba\\\/#respond\"]}]},{\"@type\":\"WebPage\",\"@id\":\"https:\\\/\\\/www.encontraamericana.com.br\\\/guia\\\/fanny-deltreggia-de-americana-agora-vai-expor-em-curitiba\\\/\",\"url\":\"https:\\\/\\\/www.encontraamericana.com.br\\\/guia\\\/fanny-deltreggia-de-americana-agora-vai-expor-em-curitiba\\\/\",\"name\":\"Fanny Deltreggia, de Americana, agora vai expor em Curitiba | Guia Comercial de Americana SP\",\"isPartOf\":{\"@id\":\"https:\\\/\\\/www.encontraamericana.com.br\\\/guia\\\/#website\"},\"primaryImageOfPage\":{\"@id\":\"https:\\\/\\\/www.encontraamericana.com.br\\\/guia\\\/fanny-deltreggia-de-americana-agora-vai-expor-em-curitiba\\\/#primaryimage\"},\"image\":{\"@id\":\"https:\\\/\\\/www.encontraamericana.com.br\\\/guia\\\/fanny-deltreggia-de-americana-agora-vai-expor-em-curitiba\\\/#primaryimage\"},\"thumbnailUrl\":\"https:\\\/\\\/www.encontraamericana.com.br\\\/guia\\\/wp-content\\\/uploads\\\/2026\\\/06\\\/fanny-deltreggia-de-americana-agora-vai-expor-em-curitiba.webp\",\"datePublished\":\"2026-06-29T10:02:15+00:00\",\"author\":{\"@id\":\"https:\\\/\\\/www.encontraamericana.com.br\\\/guia\\\/#\\\/schema\\\/person\\\/515cbc6082144e7445cab98211d14f9b\"},\"inLanguage\":\"pt-BR\",\"potentialAction\":[{\"@type\":\"ReadAction\",\"target\":[\"https:\\\/\\\/www.encontraamericana.com.br\\\/guia\\\/fanny-deltreggia-de-americana-agora-vai-expor-em-curitiba\\\/\"]}]},{\"@type\":\"ImageObject\",\"inLanguage\":\"pt-BR\",\"@id\":\"https:\\\/\\\/www.encontraamericana.com.br\\\/guia\\\/fanny-deltreggia-de-americana-agora-vai-expor-em-curitiba\\\/#primaryimage\",\"url\":\"https:\\\/\\\/www.encontraamericana.com.br\\\/guia\\\/wp-content\\\/uploads\\\/2026\\\/06\\\/fanny-deltreggia-de-americana-agora-vai-expor-em-curitiba.webp\",\"contentUrl\":\"https:\\\/\\\/www.encontraamericana.com.br\\\/guia\\\/wp-content\\\/uploads\\\/2026\\\/06\\\/fanny-deltreggia-de-americana-agora-vai-expor-em-curitiba.webp\",\"width\":280,\"height\":280,\"caption\":\"Fanny Deltreggia\"},{\"@type\":\"WebSite\",\"@id\":\"https:\\\/\\\/www.encontraamericana.com.br\\\/guia\\\/#website\",\"url\":\"https:\\\/\\\/www.encontraamericana.com.br\\\/guia\\\/\",\"name\":\"Guia Comercial de Americana SP\",\"description\":\"ENCONTRA AMERICANA - O guia comercial de neg\u00f3cios e empresas, cultura e divers\u00e3o na cidade de Americana. Feito 100% para voc\u00ea morador!\",\"potentialAction\":[{\"@type\":\"SearchAction\",\"target\":{\"@type\":\"EntryPoint\",\"urlTemplate\":\"https:\\\/\\\/www.encontraamericana.com.br\\\/guia\\\/?s={search_term_string}\"},\"query-input\":{\"@type\":\"PropertyValueSpecification\",\"valueRequired\":true,\"valueName\":\"search_term_string\"}}],\"inLanguage\":\"pt-BR\"},{\"@type\":\"Person\",\"@id\":\"https:\\\/\\\/www.encontraamericana.com.br\\\/guia\\\/#\\\/schema\\\/person\\\/515cbc6082144e7445cab98211d14f9b\",\"name\":\"Encontra Americana\",\"image\":{\"@type\":\"ImageObject\",\"inLanguage\":\"pt-BR\",\"@id\":\"https:\\\/\\\/secure.gravatar.com\\\/avatar\\\/c50c17820bcf322f0a8fd6b110b8c0918141409dc69076470f6fca5fee70a5d4?s=96&d=mm&r=g\",\"url\":\"https:\\\/\\\/secure.gravatar.com\\\/avatar\\\/c50c17820bcf322f0a8fd6b110b8c0918141409dc69076470f6fca5fee70a5d4?s=96&d=mm&r=g\",\"contentUrl\":\"https:\\\/\\\/secure.gravatar.com\\\/avatar\\\/c50c17820bcf322f0a8fd6b110b8c0918141409dc69076470f6fca5fee70a5d4?s=96&d=mm&r=g\",\"caption\":\"Encontra Americana\"},\"url\":\"https:\\\/\\\/www.encontraamericana.com.br\\\/guia\\\/author\\\/encontraamericana\\\/\"}]}<\/script>\n<!-- \/ Yoast SEO plugin. -->","yoast_head_json":{"title":"Fanny Deltreggia, de Americana, agora vai expor em Curitiba | Guia Comercial de Americana SP","robots":{"index":"index","follow":"follow","max-snippet":"max-snippet:-1","max-image-preview":"max-image-preview:large","max-video-preview":"max-video-preview:-1"},"canonical":"https:\/\/www.encontraamericana.com.br\/guia\/fanny-deltreggia-de-americana-agora-vai-expor-em-curitiba\/","og_locale":"pt_BR","og_type":"article","og_title":"Fanny Deltreggia, de Americana, agora vai expor em Curitiba | Guia Comercial de Americana SP","og_description":"Fanny Deltreggia, artista de Americana, recebe destaque e exp\u00f5e suas obras em Curitiba.","og_url":"https:\/\/www.encontraamericana.com.br\/guia\/fanny-deltreggia-de-americana-agora-vai-expor-em-curitiba\/","og_site_name":"Guia Comercial de Americana SP","article_published_time":"2026-06-29T10:02:15+00:00","og_image":[{"url":"https:\/\/www.encontraamericana.com.br\/guia\/wp-content\/uploads\/2026\/06\/fanny-deltreggia-de-americana-agora-vai-expor-em-curitiba.webp","type":"","width":"","height":""}],"author":"Encontra Americana","twitter_card":"summary_large_image","twitter_misc":{"Escrito por":"Encontra Americana","Est. tempo de leitura":"6 minutos"},"schema":{"@context":"https:\/\/schema.org","@graph":[{"@type":"Article","@id":"https:\/\/www.encontraamericana.com.br\/guia\/fanny-deltreggia-de-americana-agora-vai-expor-em-curitiba\/#article","isPartOf":{"@id":"https:\/\/www.encontraamericana.com.br\/guia\/fanny-deltreggia-de-americana-agora-vai-expor-em-curitiba\/"},"author":{"name":"Encontra Americana","@id":"https:\/\/www.encontraamericana.com.br\/guia\/#\/schema\/person\/515cbc6082144e7445cab98211d14f9b"},"headline":"Fanny Deltreggia, de Americana, agora vai expor em Curitiba","datePublished":"2026-06-29T10:02:15+00:00","mainEntityOfPage":{"@id":"https:\/\/www.encontraamericana.com.br\/guia\/fanny-deltreggia-de-americana-agora-vai-expor-em-curitiba\/"},"wordCount":1219,"commentCount":0,"image":{"@id":"https:\/\/www.encontraamericana.com.br\/guia\/fanny-deltreggia-de-americana-agora-vai-expor-em-curitiba\/#primaryimage"},"thumbnailUrl":"https:\/\/www.encontraamericana.com.br\/guia\/wp-content\/uploads\/2026\/06\/fanny-deltreggia-de-americana-agora-vai-expor-em-curitiba.webp","articleSection":["Exposi\u00e7\u00e3o Americana"],"inLanguage":"pt-BR","potentialAction":[{"@type":"CommentAction","name":"Comment","target":["https:\/\/www.encontraamericana.com.br\/guia\/fanny-deltreggia-de-americana-agora-vai-expor-em-curitiba\/#respond"]}]},{"@type":"WebPage","@id":"https:\/\/www.encontraamericana.com.br\/guia\/fanny-deltreggia-de-americana-agora-vai-expor-em-curitiba\/","url":"https:\/\/www.encontraamericana.com.br\/guia\/fanny-deltreggia-de-americana-agora-vai-expor-em-curitiba\/","name":"Fanny Deltreggia, de Americana, agora vai expor em Curitiba | Guia Comercial de Americana SP","isPartOf":{"@id":"https:\/\/www.encontraamericana.com.br\/guia\/#website"},"primaryImageOfPage":{"@id":"https:\/\/www.encontraamericana.com.br\/guia\/fanny-deltreggia-de-americana-agora-vai-expor-em-curitiba\/#primaryimage"},"image":{"@id":"https:\/\/www.encontraamericana.com.br\/guia\/fanny-deltreggia-de-americana-agora-vai-expor-em-curitiba\/#primaryimage"},"thumbnailUrl":"https:\/\/www.encontraamericana.com.br\/guia\/wp-content\/uploads\/2026\/06\/fanny-deltreggia-de-americana-agora-vai-expor-em-curitiba.webp","datePublished":"2026-06-29T10:02:15+00:00","author":{"@id":"https:\/\/www.encontraamericana.com.br\/guia\/#\/schema\/person\/515cbc6082144e7445cab98211d14f9b"},"inLanguage":"pt-BR","potentialAction":[{"@type":"ReadAction","target":["https:\/\/www.encontraamericana.com.br\/guia\/fanny-deltreggia-de-americana-agora-vai-expor-em-curitiba\/"]}]},{"@type":"ImageObject","inLanguage":"pt-BR","@id":"https:\/\/www.encontraamericana.com.br\/guia\/fanny-deltreggia-de-americana-agora-vai-expor-em-curitiba\/#primaryimage","url":"https:\/\/www.encontraamericana.com.br\/guia\/wp-content\/uploads\/2026\/06\/fanny-deltreggia-de-americana-agora-vai-expor-em-curitiba.webp","contentUrl":"https:\/\/www.encontraamericana.com.br\/guia\/wp-content\/uploads\/2026\/06\/fanny-deltreggia-de-americana-agora-vai-expor-em-curitiba.webp","width":280,"height":280,"caption":"Fanny Deltreggia"},{"@type":"WebSite","@id":"https:\/\/www.encontraamericana.com.br\/guia\/#website","url":"https:\/\/www.encontraamericana.com.br\/guia\/","name":"Guia Comercial de Americana SP","description":"ENCONTRA AMERICANA - O guia comercial de neg\u00f3cios e empresas, cultura e divers\u00e3o na cidade de Americana. Feito 100% para voc\u00ea morador!","potentialAction":[{"@type":"SearchAction","target":{"@type":"EntryPoint","urlTemplate":"https:\/\/www.encontraamericana.com.br\/guia\/?s={search_term_string}"},"query-input":{"@type":"PropertyValueSpecification","valueRequired":true,"valueName":"search_term_string"}}],"inLanguage":"pt-BR"},{"@type":"Person","@id":"https:\/\/www.encontraamericana.com.br\/guia\/#\/schema\/person\/515cbc6082144e7445cab98211d14f9b","name":"Encontra Americana","image":{"@type":"ImageObject","inLanguage":"pt-BR","@id":"https:\/\/secure.gravatar.com\/avatar\/c50c17820bcf322f0a8fd6b110b8c0918141409dc69076470f6fca5fee70a5d4?s=96&d=mm&r=g","url":"https:\/\/secure.gravatar.com\/avatar\/c50c17820bcf322f0a8fd6b110b8c0918141409dc69076470f6fca5fee70a5d4?s=96&d=mm&r=g","contentUrl":"https:\/\/secure.gravatar.com\/avatar\/c50c17820bcf322f0a8fd6b110b8c0918141409dc69076470f6fca5fee70a5d4?s=96&d=mm&r=g","caption":"Encontra Americana"},"url":"https:\/\/www.encontraamericana.com.br\/guia\/author\/encontraamericana\/"}]}},"_links":{"self":[{"href":"https:\/\/www.encontraamericana.com.br\/guia\/wp-json\/wp\/v2\/posts\/6671","targetHints":{"allow":["GET"]}}],"collection":[{"href":"https:\/\/www.encontraamericana.com.br\/guia\/wp-json\/wp\/v2\/posts"}],"about":[{"href":"https:\/\/www.encontraamericana.com.br\/guia\/wp-json\/wp\/v2\/types\/post"}],"author":[{"embeddable":true,"href":"https:\/\/www.encontraamericana.com.br\/guia\/wp-json\/wp\/v2\/users\/1"}],"replies":[{"embeddable":true,"href":"https:\/\/www.encontraamericana.com.br\/guia\/wp-json\/wp\/v2\/comments?post=6671"}],"version-history":[{"count":0,"href":"https:\/\/www.encontraamericana.com.br\/guia\/wp-json\/wp\/v2\/posts\/6671\/revisions"}],"wp:featuredmedia":[{"embeddable":true,"href":"https:\/\/www.encontraamericana.com.br\/guia\/wp-json\/wp\/v2\/media\/6670"}],"wp:attachment":[{"href":"https:\/\/www.encontraamericana.com.br\/guia\/wp-json\/wp\/v2\/media?parent=6671"}],"wp:term":[{"taxonomy":"category","embeddable":true,"href":"https:\/\/www.encontraamericana.com.br\/guia\/wp-json\/wp\/v2\/categories?post=6671"},{"taxonomy":"post_tag","embeddable":true,"href":"https:\/\/www.encontraamericana.com.br\/guia\/wp-json\/wp\/v2\/tags?post=6671"}],"curies":[{"name":"wp","href":"https:\/\/api.w.org\/{rel}","templated":true}]}}