{"id":6673,"date":"2026-06-29T07:03:44","date_gmt":"2026-06-29T10:03:44","guid":{"rendered":"https:\/\/www.encontraamericana.com.br\/guia\/americana-inicia-neste-sabado-vacinacao-de-criancas-com-a-pneumo-20\/"},"modified":"2026-06-29T07:03:44","modified_gmt":"2026-06-29T10:03:44","slug":"americana-inicia-neste-sabado-vacinacao-de-criancas-com-a-pneumo-20","status":"publish","type":"post","link":"https:\/\/www.encontraamericana.com.br\/guia\/americana-inicia-neste-sabado-vacinacao-de-criancas-com-a-pneumo-20\/","title":{"rendered":"Americana inicia neste s\u00e1bado vacina\u00e7\u00e3o de crian\u00e7as com a Pneumo 20"},"content":{"rendered":"<h2>O que \u00e9 a Pneumo 20?<\/h2>\n<p>A Pneumo 20 \u00e9 uma vacina pneumoc\u00f3cica desenvolvida para proteger contra infec\u00e7\u00f5es graves causadas pela bact\u00e9ria <strong>Streptococcus pneumoniae<\/strong>. Essa vacina \u00e9 uma adi\u00e7\u00e3o importante ao <strong>Calend\u00e1rio Nacional de Vacina\u00e7\u00e3o<\/strong> e foi projetada para oferecer prote\u00e7\u00e3o contra diferentes tipos de doen\u00e7as, como pneumonia, meningite e otite m\u00e9dia aguda, que podem afetar especialmente as crian\u00e7as.<\/p>\n<h2>Import\u00e2ncia da Vacina\u00e7\u00e3o Infantil<\/h2>\n<p>A vacina\u00e7\u00e3o infantil \u00e9 uma das medidas de sa\u00fade p\u00fablica mais eficazes para prevenir doen\u00e7as e preservar a sa\u00fade da popula\u00e7\u00e3o. Com a introdu\u00e7\u00e3o da Pneumo 20, as crian\u00e7as recebem uma prote\u00e7\u00e3o ainda mais abrangente, o que \u00e9 fundamental, considerando que as infec\u00e7\u00f5es pneumoc\u00f3cicas alcan\u00e7am elevadas taxas de incid\u00eancia em jovens. Ao immunizar os pequenos, n\u00e3o apenas se protege suas vidas, mas tamb\u00e9m se contribui para a redu\u00e7\u00e3o de hospitaliza\u00e7\u00f5es e complica\u00e7\u00f5es secund\u00e1rias.<\/p>\n<h2>Como a Pneumo 20 Funciona?<\/h2>\n<p>A Pneumo 20 atua estimulando o sistema imunol\u00f3gico do organismo a reconhecer e combater 20 sorotipos diferentes da bact\u00e9ria <strong>Streptococcus pneumoniae<\/strong>. Isso \u00e9 crucial, pois a presen\u00e7a de sorotipos mais associados a doen\u00e7as graves, como os sorotipos 3, 6A e 19A, est\u00e1 em ascens\u00e3o no Brasil. A vacina\u00e7\u00e3o provoca uma resposta imunol\u00f3gica, preparando o corpo para reagir rapidamente em caso de exposi\u00e7\u00e3o ao agente patog\u00eanico.<\/p>\n<p><img decoding=\"async\" src=\"https:\/\/www.encontraamericana.com.br\/guia\/wp-content\/uploads\/2026\/06\/americana-inicia-neste-sabado-vacinacao-de-criancas-com-a-pneumo-20.webp\" alt=\"vacina\u00e7\u00e3o pneumonia crian\u00e7as Americana\" loading=\"lazy\" \/><\/p>\n<h2>Quem Pode Receber a Vacina?<\/h2>\n<p>Conforme as diretrizes do <strong>Programa Nacional de Imuniza\u00e7\u00f5es (PNI)<\/strong>, a Pneumo 20 \u00e9 indicada para:<\/p>\n<ul>\n<li><strong>Beb\u00eas:<\/strong> a partir dos 2, 4 e 12 meses de vida. Essas s\u00e3o as idades recomendadas para a administra\u00e7\u00e3o em rotina.<\/li>\n<li><strong>Crian\u00e7as:<\/strong> menores de 5 anos que ainda n\u00e3o completaram o esquema vacinal recomendado.<\/li>\n<li><strong>Grupos especiais:<\/strong> pessoas vivendo com condi\u00e7\u00f5es como HIV\/Aids, pacientes oncol\u00f3gicos e aqueles com doen\u00e7as cr\u00f4nicas, que precisam de uma prote\u00e7\u00e3o adicional.<\/li>\n<\/ul>\n<h2>Locais de Vacina\u00e7\u00e3o em Americana<\/h2>\n<p>A vacina\u00e7\u00e3o com a Pneumo 20 ser\u00e1 realizada em diversas Unidades B\u00e1sicas de Sa\u00fade (UBSs) da cidade de Americana. Os locais selecionados s\u00e3o:<\/p>\n<ul>\n<li>UBS Vila Mathiensen \u2013 Rua das Alfazemas, 316<\/li>\n<li>UBS Praia Azul \u2013 Rua Maranh\u00e3o, 1.213<\/li>\n<li>UBS Guanabara \u2013 Rua Jacarepagu\u00e1, 320<\/li>\n<li>UBS Parque Gramado \u2013 Rua Ema It\u00e1lia Bufarah, 1.370<\/li>\n<li>UBS Jardim Boer \u2013 Rua Romildo Bosqueiro, 55<\/li>\n<li>UBS Parque das Na\u00e7\u00f5es \u2013 Rua Austr\u00e1lia, 301<\/li>\n<li>UBS Jardim S\u00e3o Paulo \u2013 Rua das Poncianas, 900<\/li>\n<li>Supermercado S\u00e3o Vicente \u2013 Rua Jo\u00e3o Bernestein, 630<\/li>\n<\/ul>\n<h2>Hor\u00e1rios e Dias da Vacina\u00e7\u00e3o<\/h2>\n<p>A vacina\u00e7\u00e3o estar\u00e1 dispon\u00edvel no dia designado, iniciando \u00e0s 8h e encerrando \u00e0s 16h. As UBSs come\u00e7ar\u00e3o a aplicar a vacina a partir deste hor\u00e1rio, e os pais devem se atentar aos dias em que as unidades espec\u00edficas realizam a vacina\u00e7\u00e3o.<\/p>\n<h2>Documenta\u00e7\u00e3o Necess\u00e1ria para Vacina\u00e7\u00e3o<\/h2>\n<p>Para que a imuniza\u00e7\u00e3o aconte\u00e7a, os respons\u00e1veis legais devem apresentar alguns documentos essenciais:<\/p>\n<ul>\n<li><strong>Documento de identifica\u00e7\u00e3o:<\/strong> um documento com foto do respons\u00e1vel.<\/li>\n<li><strong>Caderneta de vacina\u00e7\u00e3o:<\/strong> importante para verificar as vacinas j\u00e1 aplicadas.<\/li>\n<li><strong>CPF ou Cart\u00e3o do SUS:<\/strong> para registro adequado no sistema de sa\u00fade.<\/li>\n<\/ul>\n<h2>Efeitos Colaterais Poss\u00edveis<\/h2>\n<p>Como qualquer vacina, a Pneumo 20 pode apresentar alguns efeitos colaterais. A maioria deles \u00e9 leve e tempor\u00e1ria, e pode incluir:<\/p>\n<ul>\n<li><strong>Rea\u00e7\u00e3o no local da inje\u00e7\u00e3o:<\/strong> dor, vermelhid\u00e3o ou incha\u00e7o.<\/li>\n<li><strong>Febre leve:<\/strong> geralmente, uma resposta natural do corpo \u00e0 vacina.<\/li>\n<li><strong>Mal-estar:<\/strong> algumas crian\u00e7as podem sentir um leve cansa\u00e7o.<\/li>\n<\/ul>\n<h2>Depoimentos de Pais e Especialistas<\/h2>\n<p>A opini\u00e3o de pais e especialistas \u00e9 fundamental para compreender melhor a import\u00e2ncia da vacina\u00e7\u00e3o. Muitos expressam a confian\u00e7a nas vacinas ap\u00f3s observarem a sa\u00fade e bem-estar de seus filhos. Especialistas em sa\u00fade p\u00fablica enfatizam que a vacina\u00e7\u00e3o n\u00e3o s\u00f3 protege a crian\u00e7a, mas tamb\u00e9m contribui para a imunidade coletiva, prevenindo surtos de doen\u00e7as.<\/p>\n<h2>Compromisso com a Sa\u00fade P\u00fablica<\/h2>\n<p>A inclus\u00e3o da Pneumo 20 no calend\u00e1rio vacinal \u00e9 um reflexo do compromisso das autoridades de sa\u00fade com a prote\u00e7\u00e3o das crian\u00e7as. O secret\u00e1rio de Sa\u00fade de Americana reafirma essa dedica\u00e7\u00e3o ao declarar que a vacina\u00e7\u00e3o \u00e9 um passo crucial para a preven\u00e7\u00e3o de doen\u00e7as graves. A mobiliza\u00e7\u00e3o da popula\u00e7\u00e3o \u00e9 necess\u00e1ria para garantir que todas as crian\u00e7as tenham acesso a essa importante prote\u00e7\u00e3o.<\/p>\n","protected":false},"excerpt":{"rendered":"<p>Vacina\u00e7\u00e3o de crian\u00e7as com Pneumo 20 inicia neste s\u00e1bado em Americana.<\/p>\n","protected":false},"author":1,"featured_media":6672,"comment_status":"open","ping_status":"open","sticky":false,"template":"","format":"standard","meta":{"footnotes":""},"categories":[5],"tags":[],"class_list":["post-6673","post","type-post","status-publish","format-standard","has-post-thumbnail","hentry","category-noticias","has_thumb"],"yoast_head":"<!-- This site is optimized with the Yoast SEO plugin v27.6 - https:\/\/yoast.com\/product\/yoast-seo-wordpress\/ -->\n<title>Americana inicia neste s\u00e1bado vacina\u00e7\u00e3o de crian\u00e7as com a Pneumo 20 | Guia Comercial de Americana SP<\/title>\n<meta name=\"robots\" content=\"index, follow, max-snippet:-1, max-image-preview:large, max-video-preview:-1\" \/>\n<link rel=\"canonical\" href=\"https:\/\/www.encontraamericana.com.br\/guia\/americana-inicia-neste-sabado-vacinacao-de-criancas-com-a-pneumo-20\/\" \/>\n<meta property=\"og:locale\" content=\"pt_BR\" \/>\n<meta property=\"og:type\" content=\"article\" \/>\n<meta property=\"og:title\" content=\"Americana inicia neste s\u00e1bado vacina\u00e7\u00e3o de crian\u00e7as com a Pneumo 20 | Guia Comercial de Americana SP\" \/>\n<meta property=\"og:description\" content=\"Vacina\u00e7\u00e3o de crian\u00e7as com Pneumo 20 inicia neste s\u00e1bado em Americana.\" \/>\n<meta property=\"og:url\" content=\"https:\/\/www.encontraamericana.com.br\/guia\/americana-inicia-neste-sabado-vacinacao-de-criancas-com-a-pneumo-20\/\" \/>\n<meta property=\"og:site_name\" content=\"Guia Comercial de Americana SP\" \/>\n<meta property=\"article:published_time\" content=\"2026-06-29T10:03:44+00:00\" \/>\n<meta property=\"og:image\" content=\"https:\/\/www.encontraamericana.com.br\/guia\/wp-content\/uploads\/2026\/06\/americana-inicia-neste-sabado-vacinacao-de-criancas-com-a-pneumo-20.webp\" \/>\n<meta name=\"author\" content=\"Encontra Americana\" \/>\n<meta name=\"twitter:card\" content=\"summary_large_image\" \/>\n<meta name=\"twitter:label1\" content=\"Escrito por\" \/>\n\t<meta name=\"twitter:data1\" content=\"Encontra Americana\" \/>\n\t<meta name=\"twitter:label2\" content=\"Est. tempo de leitura\" \/>\n\t<meta name=\"twitter:data2\" content=\"4 minutos\" \/>\n<script type=\"application\/ld+json\" class=\"yoast-schema-graph\">{\"@context\":\"https:\\\/\\\/schema.org\",\"@graph\":[{\"@type\":\"Article\",\"@id\":\"https:\\\/\\\/www.encontraamericana.com.br\\\/guia\\\/americana-inicia-neste-sabado-vacinacao-de-criancas-com-a-pneumo-20\\\/#article\",\"isPartOf\":{\"@id\":\"https:\\\/\\\/www.encontraamericana.com.br\\\/guia\\\/americana-inicia-neste-sabado-vacinacao-de-criancas-com-a-pneumo-20\\\/\"},\"author\":{\"name\":\"Encontra Americana\",\"@id\":\"https:\\\/\\\/www.encontraamericana.com.br\\\/guia\\\/#\\\/schema\\\/person\\\/515cbc6082144e7445cab98211d14f9b\"},\"headline\":\"Americana inicia neste s\u00e1bado vacina\u00e7\u00e3o de crian\u00e7as com a Pneumo 20\",\"datePublished\":\"2026-06-29T10:03:44+00:00\",\"mainEntityOfPage\":{\"@id\":\"https:\\\/\\\/www.encontraamericana.com.br\\\/guia\\\/americana-inicia-neste-sabado-vacinacao-de-criancas-com-a-pneumo-20\\\/\"},\"wordCount\":737,\"commentCount\":0,\"image\":{\"@id\":\"https:\\\/\\\/www.encontraamericana.com.br\\\/guia\\\/americana-inicia-neste-sabado-vacinacao-de-criancas-com-a-pneumo-20\\\/#primaryimage\"},\"thumbnailUrl\":\"https:\\\/\\\/www.encontraamericana.com.br\\\/guia\\\/wp-content\\\/uploads\\\/2026\\\/06\\\/americana-inicia-neste-sabado-vacinacao-de-criancas-com-a-pneumo-20.webp\",\"articleSection\":[\"Not\u00edcias Americana\"],\"inLanguage\":\"pt-BR\",\"potentialAction\":[{\"@type\":\"CommentAction\",\"name\":\"Comment\",\"target\":[\"https:\\\/\\\/www.encontraamericana.com.br\\\/guia\\\/americana-inicia-neste-sabado-vacinacao-de-criancas-com-a-pneumo-20\\\/#respond\"]}]},{\"@type\":\"WebPage\",\"@id\":\"https:\\\/\\\/www.encontraamericana.com.br\\\/guia\\\/americana-inicia-neste-sabado-vacinacao-de-criancas-com-a-pneumo-20\\\/\",\"url\":\"https:\\\/\\\/www.encontraamericana.com.br\\\/guia\\\/americana-inicia-neste-sabado-vacinacao-de-criancas-com-a-pneumo-20\\\/\",\"name\":\"Americana inicia neste s\u00e1bado vacina\u00e7\u00e3o de crian\u00e7as com a Pneumo 20 | Guia Comercial de Americana SP\",\"isPartOf\":{\"@id\":\"https:\\\/\\\/www.encontraamericana.com.br\\\/guia\\\/#website\"},\"primaryImageOfPage\":{\"@id\":\"https:\\\/\\\/www.encontraamericana.com.br\\\/guia\\\/americana-inicia-neste-sabado-vacinacao-de-criancas-com-a-pneumo-20\\\/#primaryimage\"},\"image\":{\"@id\":\"https:\\\/\\\/www.encontraamericana.com.br\\\/guia\\\/americana-inicia-neste-sabado-vacinacao-de-criancas-com-a-pneumo-20\\\/#primaryimage\"},\"thumbnailUrl\":\"https:\\\/\\\/www.encontraamericana.com.br\\\/guia\\\/wp-content\\\/uploads\\\/2026\\\/06\\\/americana-inicia-neste-sabado-vacinacao-de-criancas-com-a-pneumo-20.webp\",\"datePublished\":\"2026-06-29T10:03:44+00:00\",\"author\":{\"@id\":\"https:\\\/\\\/www.encontraamericana.com.br\\\/guia\\\/#\\\/schema\\\/person\\\/515cbc6082144e7445cab98211d14f9b\"},\"inLanguage\":\"pt-BR\",\"potentialAction\":[{\"@type\":\"ReadAction\",\"target\":[\"https:\\\/\\\/www.encontraamericana.com.br\\\/guia\\\/americana-inicia-neste-sabado-vacinacao-de-criancas-com-a-pneumo-20\\\/\"]}]},{\"@type\":\"ImageObject\",\"inLanguage\":\"pt-BR\",\"@id\":\"https:\\\/\\\/www.encontraamericana.com.br\\\/guia\\\/americana-inicia-neste-sabado-vacinacao-de-criancas-com-a-pneumo-20\\\/#primaryimage\",\"url\":\"https:\\\/\\\/www.encontraamericana.com.br\\\/guia\\\/wp-content\\\/uploads\\\/2026\\\/06\\\/americana-inicia-neste-sabado-vacinacao-de-criancas-com-a-pneumo-20.webp\",\"contentUrl\":\"https:\\\/\\\/www.encontraamericana.com.br\\\/guia\\\/wp-content\\\/uploads\\\/2026\\\/06\\\/americana-inicia-neste-sabado-vacinacao-de-criancas-com-a-pneumo-20.webp\",\"width\":280,\"height\":280,\"caption\":\"vacina\u00e7\u00e3o pneumonia crian\u00e7as Americana\"},{\"@type\":\"WebSite\",\"@id\":\"https:\\\/\\\/www.encontraamericana.com.br\\\/guia\\\/#website\",\"url\":\"https:\\\/\\\/www.encontraamericana.com.br\\\/guia\\\/\",\"name\":\"Guia Comercial de Americana SP\",\"description\":\"ENCONTRA AMERICANA - O guia comercial de neg\u00f3cios e empresas, cultura e divers\u00e3o na cidade de Americana. Feito 100% para voc\u00ea morador!\",\"potentialAction\":[{\"@type\":\"SearchAction\",\"target\":{\"@type\":\"EntryPoint\",\"urlTemplate\":\"https:\\\/\\\/www.encontraamericana.com.br\\\/guia\\\/?s={search_term_string}\"},\"query-input\":{\"@type\":\"PropertyValueSpecification\",\"valueRequired\":true,\"valueName\":\"search_term_string\"}}],\"inLanguage\":\"pt-BR\"},{\"@type\":\"Person\",\"@id\":\"https:\\\/\\\/www.encontraamericana.com.br\\\/guia\\\/#\\\/schema\\\/person\\\/515cbc6082144e7445cab98211d14f9b\",\"name\":\"Encontra Americana\",\"image\":{\"@type\":\"ImageObject\",\"inLanguage\":\"pt-BR\",\"@id\":\"https:\\\/\\\/secure.gravatar.com\\\/avatar\\\/c50c17820bcf322f0a8fd6b110b8c0918141409dc69076470f6fca5fee70a5d4?s=96&d=mm&r=g\",\"url\":\"https:\\\/\\\/secure.gravatar.com\\\/avatar\\\/c50c17820bcf322f0a8fd6b110b8c0918141409dc69076470f6fca5fee70a5d4?s=96&d=mm&r=g\",\"contentUrl\":\"https:\\\/\\\/secure.gravatar.com\\\/avatar\\\/c50c17820bcf322f0a8fd6b110b8c0918141409dc69076470f6fca5fee70a5d4?s=96&d=mm&r=g\",\"caption\":\"Encontra Americana\"},\"url\":\"https:\\\/\\\/www.encontraamericana.com.br\\\/guia\\\/author\\\/encontraamericana\\\/\"}]}<\/script>\n<!-- \/ Yoast SEO plugin. -->","yoast_head_json":{"title":"Americana inicia neste s\u00e1bado vacina\u00e7\u00e3o de crian\u00e7as com a Pneumo 20 | Guia Comercial de Americana SP","robots":{"index":"index","follow":"follow","max-snippet":"max-snippet:-1","max-image-preview":"max-image-preview:large","max-video-preview":"max-video-preview:-1"},"canonical":"https:\/\/www.encontraamericana.com.br\/guia\/americana-inicia-neste-sabado-vacinacao-de-criancas-com-a-pneumo-20\/","og_locale":"pt_BR","og_type":"article","og_title":"Americana inicia neste s\u00e1bado vacina\u00e7\u00e3o de crian\u00e7as com a Pneumo 20 | Guia Comercial de Americana SP","og_description":"Vacina\u00e7\u00e3o de crian\u00e7as com Pneumo 20 inicia neste s\u00e1bado em Americana.","og_url":"https:\/\/www.encontraamericana.com.br\/guia\/americana-inicia-neste-sabado-vacinacao-de-criancas-com-a-pneumo-20\/","og_site_name":"Guia Comercial de Americana SP","article_published_time":"2026-06-29T10:03:44+00:00","og_image":[{"url":"https:\/\/www.encontraamericana.com.br\/guia\/wp-content\/uploads\/2026\/06\/americana-inicia-neste-sabado-vacinacao-de-criancas-com-a-pneumo-20.webp","type":"","width":"","height":""}],"author":"Encontra Americana","twitter_card":"summary_large_image","twitter_misc":{"Escrito por":"Encontra Americana","Est. tempo de leitura":"4 minutos"},"schema":{"@context":"https:\/\/schema.org","@graph":[{"@type":"Article","@id":"https:\/\/www.encontraamericana.com.br\/guia\/americana-inicia-neste-sabado-vacinacao-de-criancas-com-a-pneumo-20\/#article","isPartOf":{"@id":"https:\/\/www.encontraamericana.com.br\/guia\/americana-inicia-neste-sabado-vacinacao-de-criancas-com-a-pneumo-20\/"},"author":{"name":"Encontra Americana","@id":"https:\/\/www.encontraamericana.com.br\/guia\/#\/schema\/person\/515cbc6082144e7445cab98211d14f9b"},"headline":"Americana inicia neste s\u00e1bado vacina\u00e7\u00e3o de crian\u00e7as com a Pneumo 20","datePublished":"2026-06-29T10:03:44+00:00","mainEntityOfPage":{"@id":"https:\/\/www.encontraamericana.com.br\/guia\/americana-inicia-neste-sabado-vacinacao-de-criancas-com-a-pneumo-20\/"},"wordCount":737,"commentCount":0,"image":{"@id":"https:\/\/www.encontraamericana.com.br\/guia\/americana-inicia-neste-sabado-vacinacao-de-criancas-com-a-pneumo-20\/#primaryimage"},"thumbnailUrl":"https:\/\/www.encontraamericana.com.br\/guia\/wp-content\/uploads\/2026\/06\/americana-inicia-neste-sabado-vacinacao-de-criancas-com-a-pneumo-20.webp","articleSection":["Not\u00edcias Americana"],"inLanguage":"pt-BR","potentialAction":[{"@type":"CommentAction","name":"Comment","target":["https:\/\/www.encontraamericana.com.br\/guia\/americana-inicia-neste-sabado-vacinacao-de-criancas-com-a-pneumo-20\/#respond"]}]},{"@type":"WebPage","@id":"https:\/\/www.encontraamericana.com.br\/guia\/americana-inicia-neste-sabado-vacinacao-de-criancas-com-a-pneumo-20\/","url":"https:\/\/www.encontraamericana.com.br\/guia\/americana-inicia-neste-sabado-vacinacao-de-criancas-com-a-pneumo-20\/","name":"Americana inicia neste s\u00e1bado vacina\u00e7\u00e3o de crian\u00e7as com a Pneumo 20 | Guia Comercial de Americana SP","isPartOf":{"@id":"https:\/\/www.encontraamericana.com.br\/guia\/#website"},"primaryImageOfPage":{"@id":"https:\/\/www.encontraamericana.com.br\/guia\/americana-inicia-neste-sabado-vacinacao-de-criancas-com-a-pneumo-20\/#primaryimage"},"image":{"@id":"https:\/\/www.encontraamericana.com.br\/guia\/americana-inicia-neste-sabado-vacinacao-de-criancas-com-a-pneumo-20\/#primaryimage"},"thumbnailUrl":"https:\/\/www.encontraamericana.com.br\/guia\/wp-content\/uploads\/2026\/06\/americana-inicia-neste-sabado-vacinacao-de-criancas-com-a-pneumo-20.webp","datePublished":"2026-06-29T10:03:44+00:00","author":{"@id":"https:\/\/www.encontraamericana.com.br\/guia\/#\/schema\/person\/515cbc6082144e7445cab98211d14f9b"},"inLanguage":"pt-BR","potentialAction":[{"@type":"ReadAction","target":["https:\/\/www.encontraamericana.com.br\/guia\/americana-inicia-neste-sabado-vacinacao-de-criancas-com-a-pneumo-20\/"]}]},{"@type":"ImageObject","inLanguage":"pt-BR","@id":"https:\/\/www.encontraamericana.com.br\/guia\/americana-inicia-neste-sabado-vacinacao-de-criancas-com-a-pneumo-20\/#primaryimage","url":"https:\/\/www.encontraamericana.com.br\/guia\/wp-content\/uploads\/2026\/06\/americana-inicia-neste-sabado-vacinacao-de-criancas-com-a-pneumo-20.webp","contentUrl":"https:\/\/www.encontraamericana.com.br\/guia\/wp-content\/uploads\/2026\/06\/americana-inicia-neste-sabado-vacinacao-de-criancas-com-a-pneumo-20.webp","width":280,"height":280,"caption":"vacina\u00e7\u00e3o pneumonia crian\u00e7as Americana"},{"@type":"WebSite","@id":"https:\/\/www.encontraamericana.com.br\/guia\/#website","url":"https:\/\/www.encontraamericana.com.br\/guia\/","name":"Guia Comercial de Americana SP","description":"ENCONTRA AMERICANA - O guia comercial de neg\u00f3cios e empresas, cultura e divers\u00e3o na cidade de Americana. Feito 100% para voc\u00ea morador!","potentialAction":[{"@type":"SearchAction","target":{"@type":"EntryPoint","urlTemplate":"https:\/\/www.encontraamericana.com.br\/guia\/?s={search_term_string}"},"query-input":{"@type":"PropertyValueSpecification","valueRequired":true,"valueName":"search_term_string"}}],"inLanguage":"pt-BR"},{"@type":"Person","@id":"https:\/\/www.encontraamericana.com.br\/guia\/#\/schema\/person\/515cbc6082144e7445cab98211d14f9b","name":"Encontra Americana","image":{"@type":"ImageObject","inLanguage":"pt-BR","@id":"https:\/\/secure.gravatar.com\/avatar\/c50c17820bcf322f0a8fd6b110b8c0918141409dc69076470f6fca5fee70a5d4?s=96&d=mm&r=g","url":"https:\/\/secure.gravatar.com\/avatar\/c50c17820bcf322f0a8fd6b110b8c0918141409dc69076470f6fca5fee70a5d4?s=96&d=mm&r=g","contentUrl":"https:\/\/secure.gravatar.com\/avatar\/c50c17820bcf322f0a8fd6b110b8c0918141409dc69076470f6fca5fee70a5d4?s=96&d=mm&r=g","caption":"Encontra Americana"},"url":"https:\/\/www.encontraamericana.com.br\/guia\/author\/encontraamericana\/"}]}},"_links":{"self":[{"href":"https:\/\/www.encontraamericana.com.br\/guia\/wp-json\/wp\/v2\/posts\/6673","targetHints":{"allow":["GET"]}}],"collection":[{"href":"https:\/\/www.encontraamericana.com.br\/guia\/wp-json\/wp\/v2\/posts"}],"about":[{"href":"https:\/\/www.encontraamericana.com.br\/guia\/wp-json\/wp\/v2\/types\/post"}],"author":[{"embeddable":true,"href":"https:\/\/www.encontraamericana.com.br\/guia\/wp-json\/wp\/v2\/users\/1"}],"replies":[{"embeddable":true,"href":"https:\/\/www.encontraamericana.com.br\/guia\/wp-json\/wp\/v2\/comments?post=6673"}],"version-history":[{"count":0,"href":"https:\/\/www.encontraamericana.com.br\/guia\/wp-json\/wp\/v2\/posts\/6673\/revisions"}],"wp:featuredmedia":[{"embeddable":true,"href":"https:\/\/www.encontraamericana.com.br\/guia\/wp-json\/wp\/v2\/media\/6672"}],"wp:attachment":[{"href":"https:\/\/www.encontraamericana.com.br\/guia\/wp-json\/wp\/v2\/media?parent=6673"}],"wp:term":[{"taxonomy":"category","embeddable":true,"href":"https:\/\/www.encontraamericana.com.br\/guia\/wp-json\/wp\/v2\/categories?post=6673"},{"taxonomy":"post_tag","embeddable":true,"href":"https:\/\/www.encontraamericana.com.br\/guia\/wp-json\/wp\/v2\/tags?post=6673"}],"curies":[{"name":"wp","href":"https:\/\/api.w.org\/{rel}","templated":true}]}}