{"id":6679,"date":"2026-06-30T11:16:54","date_gmt":"2026-06-30T14:16:54","guid":{"rendered":"https:\/\/www.encontraamericana.com.br\/guia\/americana-inicia-vacinacao-com-a-pneumo-20-neste-sabado\/"},"modified":"2026-06-30T11:16:54","modified_gmt":"2026-06-30T14:16:54","slug":"americana-inicia-vacinacao-com-a-pneumo-20-neste-sabado","status":"publish","type":"post","link":"https:\/\/www.encontraamericana.com.br\/guia\/americana-inicia-vacinacao-com-a-pneumo-20-neste-sabado\/","title":{"rendered":"Americana inicia vacina\u00e7\u00e3o com a Pneumo 20 neste s\u00e1bado"},"content":{"rendered":"<h2>O que \u00e9 a vacina Pneumo 20?<\/h2>\n<p>A vacina Pneumo 20 \u00e9 uma <strong>vacina pneumoc\u00f3cica<\/strong> que foi recentemente integrada ao Calend\u00e1rio Nacional de Vacina\u00e7\u00e3o. Ela protege a popula\u00e7\u00e3o infantil contra diversas doen\u00e7as graves, como pneumonia, meningite e otite m\u00e9dia aguda, sendo essencial para a sa\u00fade das crian\u00e7as. A Pneumo 20 oferece prote\u00e7\u00e3o contra 20 sorotipos da bact\u00e9ria <em>Streptococcus pneumoniae<\/em>, que s\u00e3o respons\u00e1veis por infec\u00e7\u00f5es invasivas.<\/p>\n<h2>Import\u00e2ncia da Pneumo 20 na imuniza\u00e7\u00e3o infantil<\/h2>\n<p>A inclus\u00e3o da Pneumo 20 no calend\u00e1rio vacinal \u00e9 um avan\u00e7o significativo na imuniza\u00e7\u00e3o infantil. Com a vacina, as crian\u00e7as ter\u00e3o uma maior cobertura contra sorotipos que podem levar a complica\u00e7\u00f5es graves, contribuindo na redu\u00e7\u00e3o de interna\u00e7\u00f5es hospitalares. Sua aplica\u00e7\u00e3o \u00e9 uma forma eficaz de manter a sa\u00fade p\u00fablica, uma vez que as infec\u00e7\u00f5es pneumoc\u00f3cicas podem ser fatais se n\u00e3o forem tratadas adequadamente.<\/p>\n<h2>Locais de vacina\u00e7\u00e3o em Americana<\/h2>\n<p>A vacina\u00e7\u00e3o com a Pneumo 20 ocorrer\u00e1 neste s\u00e1bado, das 8h \u00e0s 16h, em diversos pontos da cidade de Americana. Os locais dispon\u00edveis s\u00e3o:<\/p>\n<p><img decoding=\"async\" src=\"https:\/\/www.encontraamericana.com.br\/guia\/wp-content\/uploads\/2026\/06\/americana-inicia-vacinacao-com-a-pneumo-20-neste-sabado.webp\" alt=\"vacina\u00e7\u00e3o Pneumo 20\" loading=\"lazy\" \/><\/p>\n<ul>\n<li>UBS Mathiensen: Rua das Alfazemas, 316<\/li>\n<li>UBS Praia Azul: Rua Maranh\u00e3o, 1.213<\/li>\n<li>UBS Guanabara: Rua Jacarepagu\u00e1, 320<\/li>\n<li>UBS Parque Gramado: Rua Ema It\u00e1lia Bufarah, 1.370<\/li>\n<li>UBS Jardim Boer: Rua Romildo Bosqueiro, 55<\/li>\n<li>UBS Parque das Na\u00e7\u00f5es: Rua Austr\u00e1lia, 301<\/li>\n<li>UBS Jardim S\u00e3o Paulo: Rua das Poncianas, 900<\/li>\n<li>Supermercado S\u00e3o Vicente (S\u00e3o Vito): Rua Jo\u00e3o Bernestein, 630<\/li>\n<\/ul>\n<h2>Quem deve se vacinar?<\/h2>\n<p>A vacina Pneumo 20 \u00e9 recomendada para <strong>beb\u00eas com 2, 4 e 12 meses de idade<\/strong>, de acordo com o Programa Nacional de Imuniza\u00e7\u00f5es (PNI). Al\u00e9m disso, ela \u00e9 indicada para crian\u00e7as com menos de 5 anos que ainda n\u00e3o receberam todas as doses necess\u00e1rias. Essa imuniza\u00e7\u00e3o \u00e9 fundamental para garantir que as crian\u00e7as estejam protegidas desde os primeiros meses de vida.<\/p>\n<h2>Documenta\u00e7\u00e3o necess\u00e1ria para a vacina\u00e7\u00e3o<\/h2>\n<p>Para realizar a vacina\u00e7\u00e3o, os respons\u00e1veis devem apresentar alguns documentos tradicionais que s\u00e3o exigidos na maioria das campanhas de vacina\u00e7\u00e3o: <\/p>\n<ul>\n<li>Documento de identidade com foto do respons\u00e1vel<\/li>\n<li>Caderneta de vacina\u00e7\u00e3o da crian\u00e7a<\/li>\n<li>CPF ou Cart\u00e3o do SUS<\/li>\n<\/ul>\n<p>A documenta\u00e7\u00e3o \u00e9 essencial para confirmar a idade da crian\u00e7a e o hist\u00f3rico vacinal, garantindo o acesso ao imunizante de maneira organizada e segura.<\/p>\n<h2>Como a Pneumo 20 protege contra doen\u00e7as<\/h2>\n<p>A Pneumo 20 \u00e9 um avan\u00e7o em rela\u00e7\u00e3o \u00e0s vacinas anteriores, pois oferece prote\u00e7\u00e3o contra sorotipos adicionais do <em>Streptococcus pneumoniae<\/em> que s\u00e3o comuns no Brasil. Entre os tipos inclu\u00eddos est\u00e3o aqueles que t\u00eam alta incid\u00eancia de causar doen\u00e7as graves. A vacina\u00e7\u00e3o \u00e9 essencial para prevenir as complica\u00e7\u00f5es que podem levar a interna\u00e7\u00f5es e \u00f3bitos, proporcionando um n\u00edvel de seguran\u00e7a maior para as crian\u00e7as.<\/p>\n<h2>Mudan\u00e7as no calend\u00e1rio vacinal<\/h2>\n<p>Com a introdu\u00e7\u00e3o da Pneumo 20, o Minist\u00e9rio da Sa\u00fade est\u00e1 promovendo uma transi\u00e7\u00e3o gradual na vacina\u00e7\u00e3o. A Pneumo 10 continuar\u00e1 a ser aplicada em conjunto com a Pneumo 20 durante um per\u00edodo de intercambialidade. O novo calend\u00e1rio de vacina\u00e7\u00e3o ir\u00e1 seguir o seguinte esquema:<\/p>\n<ul>\n<li>2 meses: uma dose da Pneumo 20<\/li>\n<li>4 meses: uma dose da Pneumo 10<\/li>\n<li>12 meses: refor\u00e7o com Pneumo 20 (com um intervalo m\u00ednimo de 60 dias ap\u00f3s a segunda dose)<\/li>\n<\/ul>\n<h2>P\u00fablicos espec\u00edficos para Pneumo 20<\/h2>\n<p>Al\u00e9m das crian\u00e7as na faixa et\u00e1ria padr\u00e3o, a vacina Pneumo 20 est\u00e1 dispon\u00edvel para grupos espec\u00edficos que podem ser mais vulner\u00e1veis a infec\u00e7\u00f5es pneumoc\u00f3cicas. Isso inclui:<\/p>\n<ul>\n<li>Pessoas vivendo com HIV\/Aids<\/li>\n<li>Pacientes oncol\u00f3gicos<\/li>\n<li>Transplantados<\/li>\n<li>Pessoas com doen\u00e7as cr\u00f4nicas, como diabetes, doen\u00e7as card\u00edacas, pulmonares e hep\u00e1ticas<\/li>\n<\/ul>\n<p>Esses grupos devem apresentar documenta\u00e7\u00e3o que comprove sua condi\u00e7\u00e3o de sa\u00fade e, em algumas situa\u00e7\u00f5es, uma solicita\u00e7\u00e3o m\u00e9dica para a vacina\u00e7\u00e3o.<\/p>\n<h2>Envolvimento da popula\u00e7\u00e3o na campanha de vacina\u00e7\u00e3o<\/h2>\n<p>A campanha de vacina\u00e7\u00e3o com a Pneumo 20 \u00e9 vital para que as fam\u00edlias se engajem na prote\u00e7\u00e3o de seus filhos. A colabora\u00e7\u00e3o da popula\u00e7\u00e3o \u00e9 fundamental para que as iniciativas de sa\u00fade p\u00fablica possam ser bem-sucedidas. Comunidades bem informadas tendem a responder positivamente a campanhas de vacina\u00e7\u00e3o, garantindo altos \u00edndices de cobertura e, consequentemente, uma maior prote\u00e7\u00e3o coletiva.<\/p>\n<h2>Futuro da vacina\u00e7\u00e3o em Americana<\/h2>\n<p>Com a ado\u00e7\u00e3o da Pneumo 20, a cidade de Americana pode esperar uma substancial melhora na preven\u00e7\u00e3o de doen\u00e7as pneumoc\u00f3cicas. A expectativa \u00e9 que a popula\u00e7\u00e3o se beneficie de uma cobertura vacinal ampla e eficaz, resultando em menos interna\u00e7\u00f5es e complica\u00e7\u00f5es relacionadas a estas doen\u00e7as. A Prefeitura e as autoridades de sa\u00fade est\u00e3o comprometidas em educar os pais e respons\u00e1veis sobre a import\u00e2ncia da vacina\u00e7\u00e3o e a maneira correta de mant\u00ea-la em dia.<\/p>\n<p>Em conclus\u00e3o, a Pneumo 20 representa um passo significativo em dire\u00e7\u00e3o \u00e0 sa\u00fade infantil e ao fortalecimento da imuniza\u00e7\u00e3o no Brasil. \u00c9 crucial que a popula\u00e7\u00e3o participe ativamente da campanha, aproveitando a oportunidade de proteger suas crian\u00e7as contra doen\u00e7as que podem ser fatais.<\/p>\n","protected":false},"excerpt":{"rendered":"<p>In\u00edcio da vacina\u00e7\u00e3o com Pneumo 20 em Americana acontece neste s\u00e1bado. Confira!<\/p>\n","protected":false},"author":1,"featured_media":6678,"comment_status":"open","ping_status":"open","sticky":false,"template":"","format":"standard","meta":{"footnotes":""},"categories":[5],"tags":[],"class_list":["post-6679","post","type-post","status-publish","format-standard","has-post-thumbnail","hentry","category-noticias","has_thumb"],"yoast_head":"<!-- This site is optimized with the Yoast SEO plugin v27.6 - https:\/\/yoast.com\/product\/yoast-seo-wordpress\/ -->\n<title>Americana inicia vacina\u00e7\u00e3o com a Pneumo 20 neste s\u00e1bado | Guia Comercial de Americana SP<\/title>\n<meta name=\"robots\" content=\"index, follow, max-snippet:-1, max-image-preview:large, max-video-preview:-1\" \/>\n<link rel=\"canonical\" href=\"https:\/\/www.encontraamericana.com.br\/guia\/americana-inicia-vacinacao-com-a-pneumo-20-neste-sabado\/\" \/>\n<meta property=\"og:locale\" content=\"pt_BR\" \/>\n<meta property=\"og:type\" content=\"article\" \/>\n<meta property=\"og:title\" content=\"Americana inicia vacina\u00e7\u00e3o com a Pneumo 20 neste s\u00e1bado | Guia Comercial de Americana SP\" \/>\n<meta property=\"og:description\" content=\"In\u00edcio da vacina\u00e7\u00e3o com Pneumo 20 em Americana acontece neste s\u00e1bado. Confira!\" \/>\n<meta property=\"og:url\" content=\"https:\/\/www.encontraamericana.com.br\/guia\/americana-inicia-vacinacao-com-a-pneumo-20-neste-sabado\/\" \/>\n<meta property=\"og:site_name\" content=\"Guia Comercial de Americana SP\" \/>\n<meta property=\"article:published_time\" content=\"2026-06-30T14:16:54+00:00\" \/>\n<meta property=\"og:image\" content=\"https:\/\/www.encontraamericana.com.br\/guia\/wp-content\/uploads\/2026\/06\/americana-inicia-vacinacao-com-a-pneumo-20-neste-sabado.webp\" \/>\n<meta name=\"author\" content=\"Encontra Americana\" \/>\n<meta name=\"twitter:card\" content=\"summary_large_image\" \/>\n<meta name=\"twitter:label1\" content=\"Escrito por\" \/>\n\t<meta name=\"twitter:data1\" content=\"Encontra Americana\" \/>\n\t<meta name=\"twitter:label2\" content=\"Est. tempo de leitura\" \/>\n\t<meta name=\"twitter:data2\" content=\"4 minutos\" \/>\n<script type=\"application\/ld+json\" class=\"yoast-schema-graph\">{\"@context\":\"https:\\\/\\\/schema.org\",\"@graph\":[{\"@type\":\"Article\",\"@id\":\"https:\\\/\\\/www.encontraamericana.com.br\\\/guia\\\/americana-inicia-vacinacao-com-a-pneumo-20-neste-sabado\\\/#article\",\"isPartOf\":{\"@id\":\"https:\\\/\\\/www.encontraamericana.com.br\\\/guia\\\/americana-inicia-vacinacao-com-a-pneumo-20-neste-sabado\\\/\"},\"author\":{\"name\":\"Encontra Americana\",\"@id\":\"https:\\\/\\\/www.encontraamericana.com.br\\\/guia\\\/#\\\/schema\\\/person\\\/515cbc6082144e7445cab98211d14f9b\"},\"headline\":\"Americana inicia vacina\u00e7\u00e3o com a Pneumo 20 neste s\u00e1bado\",\"datePublished\":\"2026-06-30T14:16:54+00:00\",\"mainEntityOfPage\":{\"@id\":\"https:\\\/\\\/www.encontraamericana.com.br\\\/guia\\\/americana-inicia-vacinacao-com-a-pneumo-20-neste-sabado\\\/\"},\"wordCount\":869,\"commentCount\":0,\"image\":{\"@id\":\"https:\\\/\\\/www.encontraamericana.com.br\\\/guia\\\/americana-inicia-vacinacao-com-a-pneumo-20-neste-sabado\\\/#primaryimage\"},\"thumbnailUrl\":\"https:\\\/\\\/www.encontraamericana.com.br\\\/guia\\\/wp-content\\\/uploads\\\/2026\\\/06\\\/americana-inicia-vacinacao-com-a-pneumo-20-neste-sabado.webp\",\"articleSection\":[\"Not\u00edcias Americana\"],\"inLanguage\":\"pt-BR\",\"potentialAction\":[{\"@type\":\"CommentAction\",\"name\":\"Comment\",\"target\":[\"https:\\\/\\\/www.encontraamericana.com.br\\\/guia\\\/americana-inicia-vacinacao-com-a-pneumo-20-neste-sabado\\\/#respond\"]}]},{\"@type\":\"WebPage\",\"@id\":\"https:\\\/\\\/www.encontraamericana.com.br\\\/guia\\\/americana-inicia-vacinacao-com-a-pneumo-20-neste-sabado\\\/\",\"url\":\"https:\\\/\\\/www.encontraamericana.com.br\\\/guia\\\/americana-inicia-vacinacao-com-a-pneumo-20-neste-sabado\\\/\",\"name\":\"Americana inicia vacina\u00e7\u00e3o com a Pneumo 20 neste s\u00e1bado | Guia Comercial de Americana SP\",\"isPartOf\":{\"@id\":\"https:\\\/\\\/www.encontraamericana.com.br\\\/guia\\\/#website\"},\"primaryImageOfPage\":{\"@id\":\"https:\\\/\\\/www.encontraamericana.com.br\\\/guia\\\/americana-inicia-vacinacao-com-a-pneumo-20-neste-sabado\\\/#primaryimage\"},\"image\":{\"@id\":\"https:\\\/\\\/www.encontraamericana.com.br\\\/guia\\\/americana-inicia-vacinacao-com-a-pneumo-20-neste-sabado\\\/#primaryimage\"},\"thumbnailUrl\":\"https:\\\/\\\/www.encontraamericana.com.br\\\/guia\\\/wp-content\\\/uploads\\\/2026\\\/06\\\/americana-inicia-vacinacao-com-a-pneumo-20-neste-sabado.webp\",\"datePublished\":\"2026-06-30T14:16:54+00:00\",\"author\":{\"@id\":\"https:\\\/\\\/www.encontraamericana.com.br\\\/guia\\\/#\\\/schema\\\/person\\\/515cbc6082144e7445cab98211d14f9b\"},\"inLanguage\":\"pt-BR\",\"potentialAction\":[{\"@type\":\"ReadAction\",\"target\":[\"https:\\\/\\\/www.encontraamericana.com.br\\\/guia\\\/americana-inicia-vacinacao-com-a-pneumo-20-neste-sabado\\\/\"]}]},{\"@type\":\"ImageObject\",\"inLanguage\":\"pt-BR\",\"@id\":\"https:\\\/\\\/www.encontraamericana.com.br\\\/guia\\\/americana-inicia-vacinacao-com-a-pneumo-20-neste-sabado\\\/#primaryimage\",\"url\":\"https:\\\/\\\/www.encontraamericana.com.br\\\/guia\\\/wp-content\\\/uploads\\\/2026\\\/06\\\/americana-inicia-vacinacao-com-a-pneumo-20-neste-sabado.webp\",\"contentUrl\":\"https:\\\/\\\/www.encontraamericana.com.br\\\/guia\\\/wp-content\\\/uploads\\\/2026\\\/06\\\/americana-inicia-vacinacao-com-a-pneumo-20-neste-sabado.webp\",\"width\":280,\"height\":280,\"caption\":\"vacina\u00e7\u00e3o Pneumo 20\"},{\"@type\":\"WebSite\",\"@id\":\"https:\\\/\\\/www.encontraamericana.com.br\\\/guia\\\/#website\",\"url\":\"https:\\\/\\\/www.encontraamericana.com.br\\\/guia\\\/\",\"name\":\"Guia Comercial de Americana SP\",\"description\":\"ENCONTRA AMERICANA - O guia comercial de neg\u00f3cios e empresas, cultura e divers\u00e3o na cidade de Americana. Feito 100% para voc\u00ea morador!\",\"potentialAction\":[{\"@type\":\"SearchAction\",\"target\":{\"@type\":\"EntryPoint\",\"urlTemplate\":\"https:\\\/\\\/www.encontraamericana.com.br\\\/guia\\\/?s={search_term_string}\"},\"query-input\":{\"@type\":\"PropertyValueSpecification\",\"valueRequired\":true,\"valueName\":\"search_term_string\"}}],\"inLanguage\":\"pt-BR\"},{\"@type\":\"Person\",\"@id\":\"https:\\\/\\\/www.encontraamericana.com.br\\\/guia\\\/#\\\/schema\\\/person\\\/515cbc6082144e7445cab98211d14f9b\",\"name\":\"Encontra Americana\",\"image\":{\"@type\":\"ImageObject\",\"inLanguage\":\"pt-BR\",\"@id\":\"https:\\\/\\\/secure.gravatar.com\\\/avatar\\\/c50c17820bcf322f0a8fd6b110b8c0918141409dc69076470f6fca5fee70a5d4?s=96&d=mm&r=g\",\"url\":\"https:\\\/\\\/secure.gravatar.com\\\/avatar\\\/c50c17820bcf322f0a8fd6b110b8c0918141409dc69076470f6fca5fee70a5d4?s=96&d=mm&r=g\",\"contentUrl\":\"https:\\\/\\\/secure.gravatar.com\\\/avatar\\\/c50c17820bcf322f0a8fd6b110b8c0918141409dc69076470f6fca5fee70a5d4?s=96&d=mm&r=g\",\"caption\":\"Encontra Americana\"},\"url\":\"https:\\\/\\\/www.encontraamericana.com.br\\\/guia\\\/author\\\/encontraamericana\\\/\"}]}<\/script>\n<!-- \/ Yoast SEO plugin. -->","yoast_head_json":{"title":"Americana inicia vacina\u00e7\u00e3o com a Pneumo 20 neste s\u00e1bado | Guia Comercial de Americana SP","robots":{"index":"index","follow":"follow","max-snippet":"max-snippet:-1","max-image-preview":"max-image-preview:large","max-video-preview":"max-video-preview:-1"},"canonical":"https:\/\/www.encontraamericana.com.br\/guia\/americana-inicia-vacinacao-com-a-pneumo-20-neste-sabado\/","og_locale":"pt_BR","og_type":"article","og_title":"Americana inicia vacina\u00e7\u00e3o com a Pneumo 20 neste s\u00e1bado | Guia Comercial de Americana SP","og_description":"In\u00edcio da vacina\u00e7\u00e3o com Pneumo 20 em Americana acontece neste s\u00e1bado. Confira!","og_url":"https:\/\/www.encontraamericana.com.br\/guia\/americana-inicia-vacinacao-com-a-pneumo-20-neste-sabado\/","og_site_name":"Guia Comercial de Americana SP","article_published_time":"2026-06-30T14:16:54+00:00","og_image":[{"url":"https:\/\/www.encontraamericana.com.br\/guia\/wp-content\/uploads\/2026\/06\/americana-inicia-vacinacao-com-a-pneumo-20-neste-sabado.webp","type":"","width":"","height":""}],"author":"Encontra Americana","twitter_card":"summary_large_image","twitter_misc":{"Escrito por":"Encontra Americana","Est. tempo de leitura":"4 minutos"},"schema":{"@context":"https:\/\/schema.org","@graph":[{"@type":"Article","@id":"https:\/\/www.encontraamericana.com.br\/guia\/americana-inicia-vacinacao-com-a-pneumo-20-neste-sabado\/#article","isPartOf":{"@id":"https:\/\/www.encontraamericana.com.br\/guia\/americana-inicia-vacinacao-com-a-pneumo-20-neste-sabado\/"},"author":{"name":"Encontra Americana","@id":"https:\/\/www.encontraamericana.com.br\/guia\/#\/schema\/person\/515cbc6082144e7445cab98211d14f9b"},"headline":"Americana inicia vacina\u00e7\u00e3o com a Pneumo 20 neste s\u00e1bado","datePublished":"2026-06-30T14:16:54+00:00","mainEntityOfPage":{"@id":"https:\/\/www.encontraamericana.com.br\/guia\/americana-inicia-vacinacao-com-a-pneumo-20-neste-sabado\/"},"wordCount":869,"commentCount":0,"image":{"@id":"https:\/\/www.encontraamericana.com.br\/guia\/americana-inicia-vacinacao-com-a-pneumo-20-neste-sabado\/#primaryimage"},"thumbnailUrl":"https:\/\/www.encontraamericana.com.br\/guia\/wp-content\/uploads\/2026\/06\/americana-inicia-vacinacao-com-a-pneumo-20-neste-sabado.webp","articleSection":["Not\u00edcias Americana"],"inLanguage":"pt-BR","potentialAction":[{"@type":"CommentAction","name":"Comment","target":["https:\/\/www.encontraamericana.com.br\/guia\/americana-inicia-vacinacao-com-a-pneumo-20-neste-sabado\/#respond"]}]},{"@type":"WebPage","@id":"https:\/\/www.encontraamericana.com.br\/guia\/americana-inicia-vacinacao-com-a-pneumo-20-neste-sabado\/","url":"https:\/\/www.encontraamericana.com.br\/guia\/americana-inicia-vacinacao-com-a-pneumo-20-neste-sabado\/","name":"Americana inicia vacina\u00e7\u00e3o com a Pneumo 20 neste s\u00e1bado | Guia Comercial de Americana SP","isPartOf":{"@id":"https:\/\/www.encontraamericana.com.br\/guia\/#website"},"primaryImageOfPage":{"@id":"https:\/\/www.encontraamericana.com.br\/guia\/americana-inicia-vacinacao-com-a-pneumo-20-neste-sabado\/#primaryimage"},"image":{"@id":"https:\/\/www.encontraamericana.com.br\/guia\/americana-inicia-vacinacao-com-a-pneumo-20-neste-sabado\/#primaryimage"},"thumbnailUrl":"https:\/\/www.encontraamericana.com.br\/guia\/wp-content\/uploads\/2026\/06\/americana-inicia-vacinacao-com-a-pneumo-20-neste-sabado.webp","datePublished":"2026-06-30T14:16:54+00:00","author":{"@id":"https:\/\/www.encontraamericana.com.br\/guia\/#\/schema\/person\/515cbc6082144e7445cab98211d14f9b"},"inLanguage":"pt-BR","potentialAction":[{"@type":"ReadAction","target":["https:\/\/www.encontraamericana.com.br\/guia\/americana-inicia-vacinacao-com-a-pneumo-20-neste-sabado\/"]}]},{"@type":"ImageObject","inLanguage":"pt-BR","@id":"https:\/\/www.encontraamericana.com.br\/guia\/americana-inicia-vacinacao-com-a-pneumo-20-neste-sabado\/#primaryimage","url":"https:\/\/www.encontraamericana.com.br\/guia\/wp-content\/uploads\/2026\/06\/americana-inicia-vacinacao-com-a-pneumo-20-neste-sabado.webp","contentUrl":"https:\/\/www.encontraamericana.com.br\/guia\/wp-content\/uploads\/2026\/06\/americana-inicia-vacinacao-com-a-pneumo-20-neste-sabado.webp","width":280,"height":280,"caption":"vacina\u00e7\u00e3o Pneumo 20"},{"@type":"WebSite","@id":"https:\/\/www.encontraamericana.com.br\/guia\/#website","url":"https:\/\/www.encontraamericana.com.br\/guia\/","name":"Guia Comercial de Americana SP","description":"ENCONTRA AMERICANA - O guia comercial de neg\u00f3cios e empresas, cultura e divers\u00e3o na cidade de Americana. Feito 100% para voc\u00ea morador!","potentialAction":[{"@type":"SearchAction","target":{"@type":"EntryPoint","urlTemplate":"https:\/\/www.encontraamericana.com.br\/guia\/?s={search_term_string}"},"query-input":{"@type":"PropertyValueSpecification","valueRequired":true,"valueName":"search_term_string"}}],"inLanguage":"pt-BR"},{"@type":"Person","@id":"https:\/\/www.encontraamericana.com.br\/guia\/#\/schema\/person\/515cbc6082144e7445cab98211d14f9b","name":"Encontra Americana","image":{"@type":"ImageObject","inLanguage":"pt-BR","@id":"https:\/\/secure.gravatar.com\/avatar\/c50c17820bcf322f0a8fd6b110b8c0918141409dc69076470f6fca5fee70a5d4?s=96&d=mm&r=g","url":"https:\/\/secure.gravatar.com\/avatar\/c50c17820bcf322f0a8fd6b110b8c0918141409dc69076470f6fca5fee70a5d4?s=96&d=mm&r=g","contentUrl":"https:\/\/secure.gravatar.com\/avatar\/c50c17820bcf322f0a8fd6b110b8c0918141409dc69076470f6fca5fee70a5d4?s=96&d=mm&r=g","caption":"Encontra Americana"},"url":"https:\/\/www.encontraamericana.com.br\/guia\/author\/encontraamericana\/"}]}},"_links":{"self":[{"href":"https:\/\/www.encontraamericana.com.br\/guia\/wp-json\/wp\/v2\/posts\/6679","targetHints":{"allow":["GET"]}}],"collection":[{"href":"https:\/\/www.encontraamericana.com.br\/guia\/wp-json\/wp\/v2\/posts"}],"about":[{"href":"https:\/\/www.encontraamericana.com.br\/guia\/wp-json\/wp\/v2\/types\/post"}],"author":[{"embeddable":true,"href":"https:\/\/www.encontraamericana.com.br\/guia\/wp-json\/wp\/v2\/users\/1"}],"replies":[{"embeddable":true,"href":"https:\/\/www.encontraamericana.com.br\/guia\/wp-json\/wp\/v2\/comments?post=6679"}],"version-history":[{"count":0,"href":"https:\/\/www.encontraamericana.com.br\/guia\/wp-json\/wp\/v2\/posts\/6679\/revisions"}],"wp:featuredmedia":[{"embeddable":true,"href":"https:\/\/www.encontraamericana.com.br\/guia\/wp-json\/wp\/v2\/media\/6678"}],"wp:attachment":[{"href":"https:\/\/www.encontraamericana.com.br\/guia\/wp-json\/wp\/v2\/media?parent=6679"}],"wp:term":[{"taxonomy":"category","embeddable":true,"href":"https:\/\/www.encontraamericana.com.br\/guia\/wp-json\/wp\/v2\/categories?post=6679"},{"taxonomy":"post_tag","embeddable":true,"href":"https:\/\/www.encontraamericana.com.br\/guia\/wp-json\/wp\/v2\/tags?post=6679"}],"curies":[{"name":"wp","href":"https:\/\/api.w.org\/{rel}","templated":true}]}}