{"id":6683,"date":"2026-06-30T14:45:10","date_gmt":"2026-06-30T17:45:10","guid":{"rendered":"https:\/\/www.encontraamericana.com.br\/guia\/junho-prateado-leva-acoes-de-prevencao-de-quedas-a-pessoas-idosas-em-americana\/"},"modified":"2026-06-30T14:45:10","modified_gmt":"2026-06-30T17:45:10","slug":"junho-prateado-leva-acoes-de-prevencao-de-quedas-a-pessoas-idosas-em-americana","status":"publish","type":"post","link":"https:\/\/www.encontraamericana.com.br\/guia\/junho-prateado-leva-acoes-de-prevencao-de-quedas-a-pessoas-idosas-em-americana\/","title":{"rendered":"Junho Prateado leva a\u00e7\u00f5es de preven\u00e7\u00e3o de quedas a pessoas idosas em Americana"},"content":{"rendered":"<h2>O Que \u00c9 o Junho Prateado?<\/h2>\n<p>O Junho Prateado \u00e9 uma campanha nacional desenvolvida com a finalidade de conscientizar sobre a import\u00e2ncia da preven\u00e7\u00e3o de quedas entre os idosos. Essa iniciativa busca informar a popula\u00e7\u00e3o sobre os riscos e as correla\u00e7\u00f5es entre quedas e problemas de sa\u00fade, promovendo a\u00e7\u00f5es que visam melhorar a qualidade de vida dessa parcela da popula\u00e7\u00e3o.<\/p>\n<h2>Import\u00e2ncia da Preven\u00e7\u00e3o de Quedas<\/h2>\n<p>A preven\u00e7\u00e3o de quedas \u00e9 crucial, principalmente para os idosos, uma vez que esses acidentes s\u00e3o a principal causa de hospitaliza\u00e7\u00e3o e mortalidade nesse grupo et\u00e1rio. Quedas podem resultar em les\u00f5es s\u00e9rias, incluindo fraturas e complica\u00e7\u00f5es que afetam a autonomia e a qualidade de vida. A conscientiza\u00e7\u00e3o sobre o tema ajuda a disseminar pr\u00e1ticas que podem reduzir esses riscos drasticamente.<\/p>\n<h2>Atividades Realizadas em Americana<\/h2>\n<p>Em Americana, a campanha Junho Prateado foi introduzida com uma s\u00e9rie de atividades voltadas para a preven\u00e7\u00e3o de quedas. Durante o m\u00eas, diversas oficinas, palestras e aulas foram realizadas, reunindo grupos de idosos em diferentes Servi\u00e7os de Conviv\u00eancia e Fortalecimento de V\u00ednculos (SCFVs). Essas a\u00e7\u00f5es t\u00eam como objetivo fornecer orienta\u00e7\u00f5es pr\u00e1ticas e adaptadas \u00e0s necessidades dos participantes.<\/p>\n<p><img decoding=\"async\" src=\"https:\/\/www.encontraamericana.com.br\/guia\/wp-content\/uploads\/2026\/06\/junho-prateado-leva-acoes-de-prevencao-de-quedas-a-pessoas-idosas-em-americana.webp\" alt=\"preven\u00e7\u00e3o de quedas\" loading=\"lazy\" \/><\/p>\n<h2>Aconselhamento de Educadores F\u00edsicos<\/h2>\n<p>As atividades s\u00e3o frequentemente conduzidas por educadores f\u00edsicos, que orientam os idosos sobre exerc\u00edcios espec\u00edficos que ajudam a fortalecer os m\u00fasculos e melhorar o equil\u00edbrio, minimizando assim a probabilidade de quedas. Os profissionais enfatizam a import\u00e2ncia da pr\u00e1tica regular de atividades f\u00edsicas como forma de manter a sa\u00fade e a autonomia dos idosos.<\/p>\n<h2>Benef\u00edcios do Fortalecimento Muscular<\/h2>\n<p>O fortalecimento muscular \u00e9 uma das estrat\u00e9gias mais eficazes no combate \u00e0s quedas. People que se envolvem em rotinas de exerc\u00edcios f\u00edsicos regulares n\u00e3o apenas melhoram sua for\u00e7a, mas tamb\u00e9m a mobilidade e a flexibilidade. Al\u00e9m disso, esses exerc\u00edcios contribuem para a confian\u00e7a, fundamental na preven\u00e7\u00e3o de quedas. Um dos m\u00e9todos utilizados inclui aulas pr\u00e1ticas de fortalecimento, que s\u00e3o oferecidas nos SCFVs.<\/p>\n<h2>Orienta\u00e7\u00f5es Pr\u00e1ticas para Idosos<\/h2>\n<p>No decorrer das atividades, foram distribu\u00eddos materiais informativos que traziam orienta\u00e7\u00f5es pr\u00e1ticas para a preven\u00e7\u00e3o de quedas. Isso incluiu dicas sobre como alterar o ambiente domiciliar para torn\u00e1-lo mais seguro. Exemplos incluem:<\/p>\n<ul>\n<li>Manter os ambientes livres de excessos de m\u00f3veis e objetos que possam obstruir a passagem.<\/li>\n<li>Utilizar cal\u00e7ados adequados e evitar deixar cal\u00e7ados espalhados pelo ch\u00e3o.<\/li>\n<li>Instalar corrim\u00e3os em escadas e garantir boa ilumina\u00e7\u00e3o nas \u00e1reas internas e externas.<\/li>\n<li>Eliminar tapetes soltos e verificar se o pavimento n\u00e3o apresenta riscos como buracos ou superf\u00edcies escorregadias.<\/li>\n<\/ul>\n<h2>Como Criar Ambientes Seguros<\/h2>\n<p>O ambiente em que o idoso vive deve ser moldado de maneira a minimizar riscos. As mudan\u00e7as podem parecer simples, mas fazem uma grande diferen\u00e7a. Al\u00e9m das recomenda\u00e7\u00f5es j\u00e1 mencionadas, outras podem incluir:<\/p>\n<ul>\n<li>Armazenar itens de uso di\u00e1rio em prateleiras mais baixas, evitando o uso de escadas para alcan\u00e7ar objetos.<\/li>\n<li>Certificar-se de que as entradas e sa\u00eddas da casa est\u00e3o desobstru\u00eddas e acess\u00edveis.<\/li>\n<li>Utilizar materiais antiderrapantes em pisos, principalmente em locais propensos \u00e0 umidade.<\/li>\n<\/ul>\n<h2>A Relev\u00e2ncia do Dia Mundial de Preven\u00e7\u00e3o de Quedas<\/h2>\n<p>O Dia Mundial de Preven\u00e7\u00e3o de Quedas, celebrado anualmente, destaca a urg\u00eancia do tema, refor\u00e7ando a necessidade de se promover a conscientiza\u00e7\u00e3o, especialmente entre os mais velhos, que s\u00e3o os mais impactados. Este dia n\u00e3o apenas lembra a import\u00e2ncia das pr\u00e1ticas preventivas, mas tamb\u00e9m une esfor\u00e7os de institui\u00e7\u00f5es para intensificar a\u00e7\u00f5es nesse sentido.<\/p>\n<h2>Resultados e Impacto da Campanha<\/h2>\n<p>A implementa\u00e7\u00e3o da campanha Junho Prateado trouxe resultados significativos em Americana, com a participa\u00e7\u00e3o ativa de idosos que, al\u00e9m de aprender sobre a preven\u00e7\u00e3o de quedas, encontraram oportunidades de socializa\u00e7\u00e3o e fortalecimento de v\u00ednculos. O impacto positivo foi evidente n\u00e3o apenas em termos de seguran\u00e7a f\u00edsica, mas tamb\u00e9m na promo\u00e7\u00e3o do bem-estar emocional dos participantes.<\/p>\n<h2>O Futuro das A\u00e7\u00f5es de Preven\u00e7\u00e3o na Cidade<\/h2>\n<p>As a\u00e7\u00f5es desenvolvidas durante a campanha Junho Prateado criar\u00e3o uma base para programas de longo prazo voltados para a sa\u00fade e seguran\u00e7a dos idosos em Americana. A inten\u00e7\u00e3o \u00e9 que as iniciativas sejam uma constante na agenda municipal, promovendo a conscientiza\u00e7\u00e3o cont\u00ednua sobre a preven\u00e7\u00e3o de quedas e incentivando a pr\u00e1tica de atividades f\u00edsicas seguras e adaptadas para todos.<\/p>\n","protected":false},"excerpt":{"rendered":"<p>Junho Prateado traz a\u00e7\u00f5es essenciais para a preven\u00e7\u00e3o de quedas em idosos.<\/p>\n","protected":false},"author":1,"featured_media":6682,"comment_status":"open","ping_status":"open","sticky":false,"template":"","format":"standard","meta":{"footnotes":""},"categories":[5],"tags":[],"class_list":["post-6683","post","type-post","status-publish","format-standard","has-post-thumbnail","hentry","category-noticias","has_thumb"],"yoast_head":"<!-- This site is optimized with the Yoast SEO plugin v27.6 - https:\/\/yoast.com\/product\/yoast-seo-wordpress\/ -->\n<title>Junho Prateado leva a\u00e7\u00f5es de preven\u00e7\u00e3o de quedas a pessoas idosas em Americana | Guia Comercial de Americana SP<\/title>\n<meta name=\"robots\" content=\"index, follow, max-snippet:-1, max-image-preview:large, max-video-preview:-1\" \/>\n<link rel=\"canonical\" href=\"https:\/\/www.encontraamericana.com.br\/guia\/junho-prateado-leva-acoes-de-prevencao-de-quedas-a-pessoas-idosas-em-americana\/\" \/>\n<meta property=\"og:locale\" content=\"pt_BR\" \/>\n<meta property=\"og:type\" content=\"article\" \/>\n<meta property=\"og:title\" content=\"Junho Prateado leva a\u00e7\u00f5es de preven\u00e7\u00e3o de quedas a pessoas idosas em Americana | Guia Comercial de Americana SP\" \/>\n<meta property=\"og:description\" content=\"Junho Prateado traz a\u00e7\u00f5es essenciais para a preven\u00e7\u00e3o de quedas em idosos.\" \/>\n<meta property=\"og:url\" content=\"https:\/\/www.encontraamericana.com.br\/guia\/junho-prateado-leva-acoes-de-prevencao-de-quedas-a-pessoas-idosas-em-americana\/\" \/>\n<meta property=\"og:site_name\" content=\"Guia Comercial de Americana SP\" \/>\n<meta property=\"article:published_time\" content=\"2026-06-30T17:45:10+00:00\" \/>\n<meta property=\"og:image\" content=\"https:\/\/www.encontraamericana.com.br\/guia\/wp-content\/uploads\/2026\/06\/junho-prateado-leva-acoes-de-prevencao-de-quedas-a-pessoas-idosas-em-americana.webp\" \/>\n<meta name=\"author\" content=\"Encontra Americana\" \/>\n<meta name=\"twitter:card\" content=\"summary_large_image\" \/>\n<meta name=\"twitter:label1\" content=\"Escrito por\" \/>\n\t<meta name=\"twitter:data1\" content=\"Encontra Americana\" \/>\n\t<meta name=\"twitter:label2\" content=\"Est. tempo de leitura\" \/>\n\t<meta name=\"twitter:data2\" content=\"4 minutos\" \/>\n<script type=\"application\/ld+json\" class=\"yoast-schema-graph\">{\"@context\":\"https:\\\/\\\/schema.org\",\"@graph\":[{\"@type\":\"Article\",\"@id\":\"https:\\\/\\\/www.encontraamericana.com.br\\\/guia\\\/junho-prateado-leva-acoes-de-prevencao-de-quedas-a-pessoas-idosas-em-americana\\\/#article\",\"isPartOf\":{\"@id\":\"https:\\\/\\\/www.encontraamericana.com.br\\\/guia\\\/junho-prateado-leva-acoes-de-prevencao-de-quedas-a-pessoas-idosas-em-americana\\\/\"},\"author\":{\"name\":\"Encontra Americana\",\"@id\":\"https:\\\/\\\/www.encontraamericana.com.br\\\/guia\\\/#\\\/schema\\\/person\\\/515cbc6082144e7445cab98211d14f9b\"},\"headline\":\"Junho Prateado leva a\u00e7\u00f5es de preven\u00e7\u00e3o de quedas a pessoas idosas em Americana\",\"datePublished\":\"2026-06-30T17:45:10+00:00\",\"mainEntityOfPage\":{\"@id\":\"https:\\\/\\\/www.encontraamericana.com.br\\\/guia\\\/junho-prateado-leva-acoes-de-prevencao-de-quedas-a-pessoas-idosas-em-americana\\\/\"},\"wordCount\":790,\"commentCount\":0,\"image\":{\"@id\":\"https:\\\/\\\/www.encontraamericana.com.br\\\/guia\\\/junho-prateado-leva-acoes-de-prevencao-de-quedas-a-pessoas-idosas-em-americana\\\/#primaryimage\"},\"thumbnailUrl\":\"https:\\\/\\\/www.encontraamericana.com.br\\\/guia\\\/wp-content\\\/uploads\\\/2026\\\/06\\\/junho-prateado-leva-acoes-de-prevencao-de-quedas-a-pessoas-idosas-em-americana.webp\",\"articleSection\":[\"Not\u00edcias Americana\"],\"inLanguage\":\"pt-BR\",\"potentialAction\":[{\"@type\":\"CommentAction\",\"name\":\"Comment\",\"target\":[\"https:\\\/\\\/www.encontraamericana.com.br\\\/guia\\\/junho-prateado-leva-acoes-de-prevencao-de-quedas-a-pessoas-idosas-em-americana\\\/#respond\"]}]},{\"@type\":\"WebPage\",\"@id\":\"https:\\\/\\\/www.encontraamericana.com.br\\\/guia\\\/junho-prateado-leva-acoes-de-prevencao-de-quedas-a-pessoas-idosas-em-americana\\\/\",\"url\":\"https:\\\/\\\/www.encontraamericana.com.br\\\/guia\\\/junho-prateado-leva-acoes-de-prevencao-de-quedas-a-pessoas-idosas-em-americana\\\/\",\"name\":\"Junho Prateado leva a\u00e7\u00f5es de preven\u00e7\u00e3o de quedas a pessoas idosas em Americana | Guia Comercial de Americana SP\",\"isPartOf\":{\"@id\":\"https:\\\/\\\/www.encontraamericana.com.br\\\/guia\\\/#website\"},\"primaryImageOfPage\":{\"@id\":\"https:\\\/\\\/www.encontraamericana.com.br\\\/guia\\\/junho-prateado-leva-acoes-de-prevencao-de-quedas-a-pessoas-idosas-em-americana\\\/#primaryimage\"},\"image\":{\"@id\":\"https:\\\/\\\/www.encontraamericana.com.br\\\/guia\\\/junho-prateado-leva-acoes-de-prevencao-de-quedas-a-pessoas-idosas-em-americana\\\/#primaryimage\"},\"thumbnailUrl\":\"https:\\\/\\\/www.encontraamericana.com.br\\\/guia\\\/wp-content\\\/uploads\\\/2026\\\/06\\\/junho-prateado-leva-acoes-de-prevencao-de-quedas-a-pessoas-idosas-em-americana.webp\",\"datePublished\":\"2026-06-30T17:45:10+00:00\",\"author\":{\"@id\":\"https:\\\/\\\/www.encontraamericana.com.br\\\/guia\\\/#\\\/schema\\\/person\\\/515cbc6082144e7445cab98211d14f9b\"},\"inLanguage\":\"pt-BR\",\"potentialAction\":[{\"@type\":\"ReadAction\",\"target\":[\"https:\\\/\\\/www.encontraamericana.com.br\\\/guia\\\/junho-prateado-leva-acoes-de-prevencao-de-quedas-a-pessoas-idosas-em-americana\\\/\"]}]},{\"@type\":\"ImageObject\",\"inLanguage\":\"pt-BR\",\"@id\":\"https:\\\/\\\/www.encontraamericana.com.br\\\/guia\\\/junho-prateado-leva-acoes-de-prevencao-de-quedas-a-pessoas-idosas-em-americana\\\/#primaryimage\",\"url\":\"https:\\\/\\\/www.encontraamericana.com.br\\\/guia\\\/wp-content\\\/uploads\\\/2026\\\/06\\\/junho-prateado-leva-acoes-de-prevencao-de-quedas-a-pessoas-idosas-em-americana.webp\",\"contentUrl\":\"https:\\\/\\\/www.encontraamericana.com.br\\\/guia\\\/wp-content\\\/uploads\\\/2026\\\/06\\\/junho-prateado-leva-acoes-de-prevencao-de-quedas-a-pessoas-idosas-em-americana.webp\",\"width\":280,\"height\":280,\"caption\":\"preven\u00e7\u00e3o de quedas\"},{\"@type\":\"WebSite\",\"@id\":\"https:\\\/\\\/www.encontraamericana.com.br\\\/guia\\\/#website\",\"url\":\"https:\\\/\\\/www.encontraamericana.com.br\\\/guia\\\/\",\"name\":\"Guia Comercial de Americana SP\",\"description\":\"ENCONTRA AMERICANA - O guia comercial de neg\u00f3cios e empresas, cultura e divers\u00e3o na cidade de Americana. Feito 100% para voc\u00ea morador!\",\"potentialAction\":[{\"@type\":\"SearchAction\",\"target\":{\"@type\":\"EntryPoint\",\"urlTemplate\":\"https:\\\/\\\/www.encontraamericana.com.br\\\/guia\\\/?s={search_term_string}\"},\"query-input\":{\"@type\":\"PropertyValueSpecification\",\"valueRequired\":true,\"valueName\":\"search_term_string\"}}],\"inLanguage\":\"pt-BR\"},{\"@type\":\"Person\",\"@id\":\"https:\\\/\\\/www.encontraamericana.com.br\\\/guia\\\/#\\\/schema\\\/person\\\/515cbc6082144e7445cab98211d14f9b\",\"name\":\"Encontra Americana\",\"image\":{\"@type\":\"ImageObject\",\"inLanguage\":\"pt-BR\",\"@id\":\"https:\\\/\\\/secure.gravatar.com\\\/avatar\\\/c50c17820bcf322f0a8fd6b110b8c0918141409dc69076470f6fca5fee70a5d4?s=96&d=mm&r=g\",\"url\":\"https:\\\/\\\/secure.gravatar.com\\\/avatar\\\/c50c17820bcf322f0a8fd6b110b8c0918141409dc69076470f6fca5fee70a5d4?s=96&d=mm&r=g\",\"contentUrl\":\"https:\\\/\\\/secure.gravatar.com\\\/avatar\\\/c50c17820bcf322f0a8fd6b110b8c0918141409dc69076470f6fca5fee70a5d4?s=96&d=mm&r=g\",\"caption\":\"Encontra Americana\"},\"url\":\"https:\\\/\\\/www.encontraamericana.com.br\\\/guia\\\/author\\\/encontraamericana\\\/\"}]}<\/script>\n<!-- \/ Yoast SEO plugin. -->","yoast_head_json":{"title":"Junho Prateado leva a\u00e7\u00f5es de preven\u00e7\u00e3o de quedas a pessoas idosas em Americana | Guia Comercial de Americana SP","robots":{"index":"index","follow":"follow","max-snippet":"max-snippet:-1","max-image-preview":"max-image-preview:large","max-video-preview":"max-video-preview:-1"},"canonical":"https:\/\/www.encontraamericana.com.br\/guia\/junho-prateado-leva-acoes-de-prevencao-de-quedas-a-pessoas-idosas-em-americana\/","og_locale":"pt_BR","og_type":"article","og_title":"Junho Prateado leva a\u00e7\u00f5es de preven\u00e7\u00e3o de quedas a pessoas idosas em Americana | Guia Comercial de Americana SP","og_description":"Junho Prateado traz a\u00e7\u00f5es essenciais para a preven\u00e7\u00e3o de quedas em idosos.","og_url":"https:\/\/www.encontraamericana.com.br\/guia\/junho-prateado-leva-acoes-de-prevencao-de-quedas-a-pessoas-idosas-em-americana\/","og_site_name":"Guia Comercial de Americana SP","article_published_time":"2026-06-30T17:45:10+00:00","og_image":[{"url":"https:\/\/www.encontraamericana.com.br\/guia\/wp-content\/uploads\/2026\/06\/junho-prateado-leva-acoes-de-prevencao-de-quedas-a-pessoas-idosas-em-americana.webp","type":"","width":"","height":""}],"author":"Encontra Americana","twitter_card":"summary_large_image","twitter_misc":{"Escrito por":"Encontra Americana","Est. tempo de leitura":"4 minutos"},"schema":{"@context":"https:\/\/schema.org","@graph":[{"@type":"Article","@id":"https:\/\/www.encontraamericana.com.br\/guia\/junho-prateado-leva-acoes-de-prevencao-de-quedas-a-pessoas-idosas-em-americana\/#article","isPartOf":{"@id":"https:\/\/www.encontraamericana.com.br\/guia\/junho-prateado-leva-acoes-de-prevencao-de-quedas-a-pessoas-idosas-em-americana\/"},"author":{"name":"Encontra Americana","@id":"https:\/\/www.encontraamericana.com.br\/guia\/#\/schema\/person\/515cbc6082144e7445cab98211d14f9b"},"headline":"Junho Prateado leva a\u00e7\u00f5es de preven\u00e7\u00e3o de quedas a pessoas idosas em Americana","datePublished":"2026-06-30T17:45:10+00:00","mainEntityOfPage":{"@id":"https:\/\/www.encontraamericana.com.br\/guia\/junho-prateado-leva-acoes-de-prevencao-de-quedas-a-pessoas-idosas-em-americana\/"},"wordCount":790,"commentCount":0,"image":{"@id":"https:\/\/www.encontraamericana.com.br\/guia\/junho-prateado-leva-acoes-de-prevencao-de-quedas-a-pessoas-idosas-em-americana\/#primaryimage"},"thumbnailUrl":"https:\/\/www.encontraamericana.com.br\/guia\/wp-content\/uploads\/2026\/06\/junho-prateado-leva-acoes-de-prevencao-de-quedas-a-pessoas-idosas-em-americana.webp","articleSection":["Not\u00edcias Americana"],"inLanguage":"pt-BR","potentialAction":[{"@type":"CommentAction","name":"Comment","target":["https:\/\/www.encontraamericana.com.br\/guia\/junho-prateado-leva-acoes-de-prevencao-de-quedas-a-pessoas-idosas-em-americana\/#respond"]}]},{"@type":"WebPage","@id":"https:\/\/www.encontraamericana.com.br\/guia\/junho-prateado-leva-acoes-de-prevencao-de-quedas-a-pessoas-idosas-em-americana\/","url":"https:\/\/www.encontraamericana.com.br\/guia\/junho-prateado-leva-acoes-de-prevencao-de-quedas-a-pessoas-idosas-em-americana\/","name":"Junho Prateado leva a\u00e7\u00f5es de preven\u00e7\u00e3o de quedas a pessoas idosas em Americana | Guia Comercial de Americana SP","isPartOf":{"@id":"https:\/\/www.encontraamericana.com.br\/guia\/#website"},"primaryImageOfPage":{"@id":"https:\/\/www.encontraamericana.com.br\/guia\/junho-prateado-leva-acoes-de-prevencao-de-quedas-a-pessoas-idosas-em-americana\/#primaryimage"},"image":{"@id":"https:\/\/www.encontraamericana.com.br\/guia\/junho-prateado-leva-acoes-de-prevencao-de-quedas-a-pessoas-idosas-em-americana\/#primaryimage"},"thumbnailUrl":"https:\/\/www.encontraamericana.com.br\/guia\/wp-content\/uploads\/2026\/06\/junho-prateado-leva-acoes-de-prevencao-de-quedas-a-pessoas-idosas-em-americana.webp","datePublished":"2026-06-30T17:45:10+00:00","author":{"@id":"https:\/\/www.encontraamericana.com.br\/guia\/#\/schema\/person\/515cbc6082144e7445cab98211d14f9b"},"inLanguage":"pt-BR","potentialAction":[{"@type":"ReadAction","target":["https:\/\/www.encontraamericana.com.br\/guia\/junho-prateado-leva-acoes-de-prevencao-de-quedas-a-pessoas-idosas-em-americana\/"]}]},{"@type":"ImageObject","inLanguage":"pt-BR","@id":"https:\/\/www.encontraamericana.com.br\/guia\/junho-prateado-leva-acoes-de-prevencao-de-quedas-a-pessoas-idosas-em-americana\/#primaryimage","url":"https:\/\/www.encontraamericana.com.br\/guia\/wp-content\/uploads\/2026\/06\/junho-prateado-leva-acoes-de-prevencao-de-quedas-a-pessoas-idosas-em-americana.webp","contentUrl":"https:\/\/www.encontraamericana.com.br\/guia\/wp-content\/uploads\/2026\/06\/junho-prateado-leva-acoes-de-prevencao-de-quedas-a-pessoas-idosas-em-americana.webp","width":280,"height":280,"caption":"preven\u00e7\u00e3o de quedas"},{"@type":"WebSite","@id":"https:\/\/www.encontraamericana.com.br\/guia\/#website","url":"https:\/\/www.encontraamericana.com.br\/guia\/","name":"Guia Comercial de Americana SP","description":"ENCONTRA AMERICANA - O guia comercial de neg\u00f3cios e empresas, cultura e divers\u00e3o na cidade de Americana. Feito 100% para voc\u00ea morador!","potentialAction":[{"@type":"SearchAction","target":{"@type":"EntryPoint","urlTemplate":"https:\/\/www.encontraamericana.com.br\/guia\/?s={search_term_string}"},"query-input":{"@type":"PropertyValueSpecification","valueRequired":true,"valueName":"search_term_string"}}],"inLanguage":"pt-BR"},{"@type":"Person","@id":"https:\/\/www.encontraamericana.com.br\/guia\/#\/schema\/person\/515cbc6082144e7445cab98211d14f9b","name":"Encontra Americana","image":{"@type":"ImageObject","inLanguage":"pt-BR","@id":"https:\/\/secure.gravatar.com\/avatar\/c50c17820bcf322f0a8fd6b110b8c0918141409dc69076470f6fca5fee70a5d4?s=96&d=mm&r=g","url":"https:\/\/secure.gravatar.com\/avatar\/c50c17820bcf322f0a8fd6b110b8c0918141409dc69076470f6fca5fee70a5d4?s=96&d=mm&r=g","contentUrl":"https:\/\/secure.gravatar.com\/avatar\/c50c17820bcf322f0a8fd6b110b8c0918141409dc69076470f6fca5fee70a5d4?s=96&d=mm&r=g","caption":"Encontra Americana"},"url":"https:\/\/www.encontraamericana.com.br\/guia\/author\/encontraamericana\/"}]}},"_links":{"self":[{"href":"https:\/\/www.encontraamericana.com.br\/guia\/wp-json\/wp\/v2\/posts\/6683","targetHints":{"allow":["GET"]}}],"collection":[{"href":"https:\/\/www.encontraamericana.com.br\/guia\/wp-json\/wp\/v2\/posts"}],"about":[{"href":"https:\/\/www.encontraamericana.com.br\/guia\/wp-json\/wp\/v2\/types\/post"}],"author":[{"embeddable":true,"href":"https:\/\/www.encontraamericana.com.br\/guia\/wp-json\/wp\/v2\/users\/1"}],"replies":[{"embeddable":true,"href":"https:\/\/www.encontraamericana.com.br\/guia\/wp-json\/wp\/v2\/comments?post=6683"}],"version-history":[{"count":0,"href":"https:\/\/www.encontraamericana.com.br\/guia\/wp-json\/wp\/v2\/posts\/6683\/revisions"}],"wp:featuredmedia":[{"embeddable":true,"href":"https:\/\/www.encontraamericana.com.br\/guia\/wp-json\/wp\/v2\/media\/6682"}],"wp:attachment":[{"href":"https:\/\/www.encontraamericana.com.br\/guia\/wp-json\/wp\/v2\/media?parent=6683"}],"wp:term":[{"taxonomy":"category","embeddable":true,"href":"https:\/\/www.encontraamericana.com.br\/guia\/wp-json\/wp\/v2\/categories?post=6683"},{"taxonomy":"post_tag","embeddable":true,"href":"https:\/\/www.encontraamericana.com.br\/guia\/wp-json\/wp\/v2\/tags?post=6683"}],"curies":[{"name":"wp","href":"https:\/\/api.w.org\/{rel}","templated":true}]}}