{"id":6689,"date":"2026-06-30T22:23:11","date_gmt":"2026-07-01T01:23:11","guid":{"rendered":"https:\/\/www.encontraamericana.com.br\/guia\/americana-realiza-plenaria-municipal-ampliada-de-saude-nesta-sexta\/"},"modified":"2026-06-30T22:23:11","modified_gmt":"2026-07-01T01:23:11","slug":"americana-realiza-plenaria-municipal-ampliada-de-saude-nesta-sexta","status":"publish","type":"post","link":"https:\/\/www.encontraamericana.com.br\/guia\/americana-realiza-plenaria-municipal-ampliada-de-saude-nesta-sexta\/","title":{"rendered":"Americana realiza Plen\u00e1ria Municipal Ampliada de Sa\u00fade nesta sexta"},"content":{"rendered":"<h2>Entenda a Import\u00e2ncia da Plen\u00e1ria Municipal<\/h2>\n<p>A Plen\u00e1ria Municipal Ampliada de Sa\u00fade se configura como um evento crucial para a Secretaria de Sa\u00fade e o Conselho Municipal de Sa\u00fade (COMSAUDE) na cidade de Americana. Este encontro tem o objetivo de promover di\u00e1logos significativos sobre a sa\u00fade p\u00fablica, engajando a comunidade no processo de formula\u00e7\u00e3o de pol\u00edticas que impactem diretamente o bem-estar coletivo. A realiza\u00e7\u00e3o desse evento online, agendado para a sexta-feira, representa um passo importante na prepara\u00e7\u00e3o para confer\u00eancias de maior abrang\u00eancia, como a 10\u00aa Confer\u00eancia Estadual de Sa\u00fade e a 18\u00aa Confer\u00eancia Nacional de Sa\u00fade, sempre focando numa abordagem que prioriza a sa\u00fade como um direito fundamental.<\/p>\n<h2>Como Participar da Plen\u00e1ria Online<\/h2>\n<p>Para garantir a participa\u00e7\u00e3o, os interessados precisam se inscrever at\u00e9 as 18h do dia do evento, por meio do site oficial da Secretaria de Sa\u00fade de Americana. No portal, al\u00e9m da inscri\u00e7\u00e3o, tamb\u00e9m \u00e9 poss\u00edvel ter acesso ao regimento que rege a Plen\u00e1ria. Uma vez realizada a inscri\u00e7\u00e3o, um e-mail ser\u00e1 enviado ao participante contendo o link de acesso para a reuni\u00e3o online, facilitando a inclus\u00e3o de todos no debate sobre sa\u00fade na regi\u00e3o.<\/p>\n<h2>Temas Centrais a Serem Abordados<\/h2>\n<p>O tema central discutido neste encontro \u00e9 &#8220;Sa\u00fade, Democracia, Soberania e SUS: cuidar do povo \u00e9 cuidar do Brasil&#8221;. Essa tem\u00e1tica destaca a interconex\u00e3o entre sa\u00fade p\u00fablica e quest\u00f5es democr\u00e1ticas, sublinhando a import\u00e2ncia dos direitos sociais e o v\u00ednculo com a soberania nacional. O evento busca n\u00e3o apenas discutir os desafios, mas tamb\u00e9m o papel do SUS (Sistema \u00danico de Sa\u00fade) na promo\u00e7\u00e3o do bem-estar da popula\u00e7\u00e3o brasileira.<\/p>\n<p><img decoding=\"async\" src=\"https:\/\/www.encontraamericana.com.br\/guia\/wp-content\/uploads\/2026\/06\/americana-realiza-plenaria-municipal-ampliada-de-saude-nesta-sexta.webp\" alt=\"Plen\u00e1ria Municipal Ampliada de Sa\u00fade Americana\" loading=\"lazy\" \/><\/p>\n<h2>Eixos Tem\u00e1ticos da Plen\u00e1ria<\/h2>\n<p>A Plen\u00e1ria ser\u00e1 organizada em torno de quatro eixos tem\u00e1ticos, que s\u00e3o:<\/p>\n<ul>\n<li><strong>Democracia, sa\u00fade como direito e soberania nacional:<\/strong> Implica a afirma\u00e7\u00e3o de que a sa\u00fade deve ser acess\u00edvel a todos como um direito humano b\u00e1sico.<\/li>\n<li><strong>Financiamento adequado e suficiente para o SUS, justi\u00e7a tribut\u00e1ria e sustentabilidade:<\/strong> Debate sobre a necessidade de recursos financeiros para que o SUS funcione de maneira eficaz e sustent\u00e1vel.<\/li>\n<li><strong>Desafios para o SUS na defesa da vida e da sa\u00fade: emerg\u00eancias clim\u00e1ticas e justi\u00e7a socioambiental:<\/strong> Aborda a rela\u00e7\u00e3o entre sa\u00fade p\u00fablica e quest\u00f5es ambientais, especialmente em tempos de crise clim\u00e1tica.<\/li>\n<li><strong>Modelo de aten\u00e7\u00e3o e gest\u00e3o, territ\u00f3rios integrados e cuidado integral:<\/strong> Enfatiza as melhores pr\u00e1ticas de gest\u00e3o em sa\u00fade e a import\u00e2ncia do cuidado cont\u00ednuo e de qualidade.<\/li>\n<\/ul>\n<p>A cada eixo, ser\u00e3o definidas diretrizes que guiar\u00e3o a atua\u00e7\u00e3o do munic\u00edpio durante as confer\u00eancias estaduais e nacionais.<\/p>\n<h2>O Papel do Conselho Municipal de Sa\u00fade<\/h2>\n<p>O Conselho Municipal de Sa\u00fade desempenha um papel essencial nesse processo, servindo como elo entre a comunidade, os profissionais de sa\u00fade e os gestores p\u00fablicos. Com a inten\u00e7\u00e3o de fortalecer o di\u00e1logo entre todas as partes interessadas, o presidente do COMSAUDE, Messias Jos\u00e9 Celestino de Carvalho, destaca que a Plen\u00e1ria \u00e9 uma oportunidade de garantir que as vozes da popula\u00e7\u00e3o sejam ouvidas e que suas necessidades sejam consideradas nas pol\u00edticas de sa\u00fade futuras.<\/p>\n<h2>Crit\u00e9rios para Elei\u00e7\u00e3o de Delegados<\/h2>\n<p>Durante a Plen\u00e1ria, ser\u00e3o eleitos delegados que representar\u00e3o Americana nas confer\u00eancias superiores. Os crit\u00e9rios para a escolha s\u00e3o fundamentados na paridade, onde 50% dos delegados t\u00eam que ser usu\u00e1rios do SUS, 25% trabalhadores da sa\u00fade e 25% gestores e prestadores de servi\u00e7os. Essa divis\u00e3o visa garantir uma representa\u00e7\u00e3o justa e equilibrada, refletindo a diversidade de vozes e experi\u00eancias que existem dentro do setor de sa\u00fade.<\/p>\n<h2>Relev\u00e2ncia da Participa\u00e7\u00e3o da Comunidade<\/h2>\n<p>A participa\u00e7\u00e3o da comunidade \u00e9 um elemento-chave para o sucesso do evento e para a efic\u00e1cia das pol\u00edticas de sa\u00fade. O envolvimento direto da popula\u00e7\u00e3o assegura que as propostas discutidas estejam alinhadas com as reais necessidades locais. Al\u00e9m disso, isso promove um senso de pertencimento e responsabilidade coletiva em rela\u00e7\u00e3o \u00e0 sa\u00fade p\u00fablica, permitindo que a sociedade tenha um papel ativo na constru\u00e7\u00e3o do sistema de sa\u00fade.<\/p>\n<h2>Objetivos da Plen\u00e1ria Municipal Ampliada<\/h2>\n<p>Os objetivos centrais da Plen\u00e1ria incluem a avalia\u00e7\u00e3o da atual situa\u00e7\u00e3o da sa\u00fade em Americana, a elei\u00e7\u00e3o de delegados representantes e a elabora\u00e7\u00e3o de propostas que ser\u00e3o levadas para as confer\u00eancias estaduais e nacionais. Assim, busca-se n\u00e3o apenas ouvir as demandas da popula\u00e7\u00e3o, mas tamb\u00e9m trabalhar em conjunto para construir um futuro mais saud\u00e1vel e justo para todos.<\/p>\n<h2>Cronograma do Evento: O Que Esperar<\/h2>\n<p>O cronograma da Plen\u00e1ria \u00e9 o seguinte:<\/p>\n<ul>\n<li><strong>17h30:<\/strong> Credenciamento e abertura dos acessos.<\/li>\n<li><strong>18h:<\/strong> Abertura oficial e leitura do regimento do evento.<\/li>\n<li><strong>18h30:<\/strong> Apresenta\u00e7\u00e3o de propostas e forma\u00e7\u00e3o de grupos tem\u00e1ticos.<\/li>\n<li><strong>19h30:<\/strong> Elei\u00e7\u00e3o das pessoas delegadas.<\/li>\n<li><strong>20h:<\/strong> Plen\u00e1ria Final com delibera\u00e7\u00e3o e aprova\u00e7\u00e3o das diretrizes.<\/li>\n<li><strong>20h30:<\/strong> Encerramento das atividades.<\/li>\n<\/ul>\n<p>Este cronograma foi planejado para garantir que todas as etapas sejam cobertas de maneira eficiente e que todos os participantes tenham a oportunidade de contribuir e se engajar nas discuss\u00f5es.<\/p>\n<h2>Como a Plen\u00e1ria Impacta a Sa\u00fade Local<\/h2>\n<p>A Plen\u00e1ria Municipal Ampliada de Sa\u00fade \u00e9 um marco no fortalecimento da rede municipal. Atrav\u00e9s deste espa\u00e7o de di\u00e1logo, os cidad\u00e3os podem expressar suas ideias, discutir solu\u00e7\u00f5es e elaborar propostas concretas que visam enfrentar os desafios enfrentados pelo sistema de sa\u00fade em Americana. A atua\u00e7\u00e3o conjunta entre popula\u00e7\u00e3o e autoridades fortalece a capacidade de resposta do sistema de sa\u00fade, resultando em melhorias significativas na qualidade da assist\u00eancia e na sa\u00fade da popula\u00e7\u00e3o.<\/p>\n","protected":false},"excerpt":{"rendered":"<p>Participe da Plen\u00e1ria Municipal Ampliada de Sa\u00fade em Americana e contribua para melhorar a sa\u00fade na sua cidade.<\/p>\n","protected":false},"author":1,"featured_media":6688,"comment_status":"open","ping_status":"open","sticky":false,"template":"","format":"standard","meta":{"footnotes":""},"categories":[5],"tags":[],"class_list":["post-6689","post","type-post","status-publish","format-standard","has-post-thumbnail","hentry","category-noticias","has_thumb"],"yoast_head":"<!-- This site is optimized with the Yoast SEO plugin v27.6 - https:\/\/yoast.com\/product\/yoast-seo-wordpress\/ -->\n<title>Americana realiza Plen\u00e1ria Municipal Ampliada de Sa\u00fade nesta sexta | Guia Comercial de Americana SP<\/title>\n<meta name=\"robots\" content=\"index, follow, max-snippet:-1, max-image-preview:large, max-video-preview:-1\" \/>\n<link rel=\"canonical\" href=\"https:\/\/www.encontraamericana.com.br\/guia\/americana-realiza-plenaria-municipal-ampliada-de-saude-nesta-sexta\/\" \/>\n<meta property=\"og:locale\" content=\"pt_BR\" \/>\n<meta property=\"og:type\" content=\"article\" \/>\n<meta property=\"og:title\" content=\"Americana realiza Plen\u00e1ria Municipal Ampliada de Sa\u00fade nesta sexta | Guia Comercial de Americana SP\" \/>\n<meta property=\"og:description\" content=\"Participe da Plen\u00e1ria Municipal Ampliada de Sa\u00fade em Americana e contribua para melhorar a sa\u00fade na sua cidade.\" \/>\n<meta property=\"og:url\" content=\"https:\/\/www.encontraamericana.com.br\/guia\/americana-realiza-plenaria-municipal-ampliada-de-saude-nesta-sexta\/\" \/>\n<meta property=\"og:site_name\" content=\"Guia Comercial de Americana SP\" \/>\n<meta property=\"article:published_time\" content=\"2026-07-01T01:23:11+00:00\" \/>\n<meta property=\"og:image\" content=\"https:\/\/www.encontraamericana.com.br\/guia\/wp-content\/uploads\/2026\/06\/americana-realiza-plenaria-municipal-ampliada-de-saude-nesta-sexta.webp\" \/>\n<meta name=\"author\" content=\"Encontra Americana\" \/>\n<meta name=\"twitter:card\" content=\"summary_large_image\" \/>\n<meta name=\"twitter:label1\" content=\"Escrito por\" \/>\n\t<meta name=\"twitter:data1\" content=\"Encontra Americana\" \/>\n\t<meta name=\"twitter:label2\" content=\"Est. tempo de leitura\" \/>\n\t<meta name=\"twitter:data2\" content=\"5 minutos\" \/>\n<script type=\"application\/ld+json\" class=\"yoast-schema-graph\">{\"@context\":\"https:\\\/\\\/schema.org\",\"@graph\":[{\"@type\":\"Article\",\"@id\":\"https:\\\/\\\/www.encontraamericana.com.br\\\/guia\\\/americana-realiza-plenaria-municipal-ampliada-de-saude-nesta-sexta\\\/#article\",\"isPartOf\":{\"@id\":\"https:\\\/\\\/www.encontraamericana.com.br\\\/guia\\\/americana-realiza-plenaria-municipal-ampliada-de-saude-nesta-sexta\\\/\"},\"author\":{\"name\":\"Encontra Americana\",\"@id\":\"https:\\\/\\\/www.encontraamericana.com.br\\\/guia\\\/#\\\/schema\\\/person\\\/515cbc6082144e7445cab98211d14f9b\"},\"headline\":\"Americana realiza Plen\u00e1ria Municipal Ampliada de Sa\u00fade nesta sexta\",\"datePublished\":\"2026-07-01T01:23:11+00:00\",\"mainEntityOfPage\":{\"@id\":\"https:\\\/\\\/www.encontraamericana.com.br\\\/guia\\\/americana-realiza-plenaria-municipal-ampliada-de-saude-nesta-sexta\\\/\"},\"wordCount\":1010,\"commentCount\":0,\"image\":{\"@id\":\"https:\\\/\\\/www.encontraamericana.com.br\\\/guia\\\/americana-realiza-plenaria-municipal-ampliada-de-saude-nesta-sexta\\\/#primaryimage\"},\"thumbnailUrl\":\"https:\\\/\\\/www.encontraamericana.com.br\\\/guia\\\/wp-content\\\/uploads\\\/2026\\\/06\\\/americana-realiza-plenaria-municipal-ampliada-de-saude-nesta-sexta.webp\",\"articleSection\":[\"Not\u00edcias Americana\"],\"inLanguage\":\"pt-BR\",\"potentialAction\":[{\"@type\":\"CommentAction\",\"name\":\"Comment\",\"target\":[\"https:\\\/\\\/www.encontraamericana.com.br\\\/guia\\\/americana-realiza-plenaria-municipal-ampliada-de-saude-nesta-sexta\\\/#respond\"]}]},{\"@type\":\"WebPage\",\"@id\":\"https:\\\/\\\/www.encontraamericana.com.br\\\/guia\\\/americana-realiza-plenaria-municipal-ampliada-de-saude-nesta-sexta\\\/\",\"url\":\"https:\\\/\\\/www.encontraamericana.com.br\\\/guia\\\/americana-realiza-plenaria-municipal-ampliada-de-saude-nesta-sexta\\\/\",\"name\":\"Americana realiza Plen\u00e1ria Municipal Ampliada de Sa\u00fade nesta sexta | Guia Comercial de Americana SP\",\"isPartOf\":{\"@id\":\"https:\\\/\\\/www.encontraamericana.com.br\\\/guia\\\/#website\"},\"primaryImageOfPage\":{\"@id\":\"https:\\\/\\\/www.encontraamericana.com.br\\\/guia\\\/americana-realiza-plenaria-municipal-ampliada-de-saude-nesta-sexta\\\/#primaryimage\"},\"image\":{\"@id\":\"https:\\\/\\\/www.encontraamericana.com.br\\\/guia\\\/americana-realiza-plenaria-municipal-ampliada-de-saude-nesta-sexta\\\/#primaryimage\"},\"thumbnailUrl\":\"https:\\\/\\\/www.encontraamericana.com.br\\\/guia\\\/wp-content\\\/uploads\\\/2026\\\/06\\\/americana-realiza-plenaria-municipal-ampliada-de-saude-nesta-sexta.webp\",\"datePublished\":\"2026-07-01T01:23:11+00:00\",\"author\":{\"@id\":\"https:\\\/\\\/www.encontraamericana.com.br\\\/guia\\\/#\\\/schema\\\/person\\\/515cbc6082144e7445cab98211d14f9b\"},\"inLanguage\":\"pt-BR\",\"potentialAction\":[{\"@type\":\"ReadAction\",\"target\":[\"https:\\\/\\\/www.encontraamericana.com.br\\\/guia\\\/americana-realiza-plenaria-municipal-ampliada-de-saude-nesta-sexta\\\/\"]}]},{\"@type\":\"ImageObject\",\"inLanguage\":\"pt-BR\",\"@id\":\"https:\\\/\\\/www.encontraamericana.com.br\\\/guia\\\/americana-realiza-plenaria-municipal-ampliada-de-saude-nesta-sexta\\\/#primaryimage\",\"url\":\"https:\\\/\\\/www.encontraamericana.com.br\\\/guia\\\/wp-content\\\/uploads\\\/2026\\\/06\\\/americana-realiza-plenaria-municipal-ampliada-de-saude-nesta-sexta.webp\",\"contentUrl\":\"https:\\\/\\\/www.encontraamericana.com.br\\\/guia\\\/wp-content\\\/uploads\\\/2026\\\/06\\\/americana-realiza-plenaria-municipal-ampliada-de-saude-nesta-sexta.webp\",\"width\":280,\"height\":280,\"caption\":\"Plen\u00e1ria Municipal Ampliada de Sa\u00fade Americana\"},{\"@type\":\"WebSite\",\"@id\":\"https:\\\/\\\/www.encontraamericana.com.br\\\/guia\\\/#website\",\"url\":\"https:\\\/\\\/www.encontraamericana.com.br\\\/guia\\\/\",\"name\":\"Guia Comercial de Americana SP\",\"description\":\"ENCONTRA AMERICANA - O guia comercial de neg\u00f3cios e empresas, cultura e divers\u00e3o na cidade de Americana. Feito 100% para voc\u00ea morador!\",\"potentialAction\":[{\"@type\":\"SearchAction\",\"target\":{\"@type\":\"EntryPoint\",\"urlTemplate\":\"https:\\\/\\\/www.encontraamericana.com.br\\\/guia\\\/?s={search_term_string}\"},\"query-input\":{\"@type\":\"PropertyValueSpecification\",\"valueRequired\":true,\"valueName\":\"search_term_string\"}}],\"inLanguage\":\"pt-BR\"},{\"@type\":\"Person\",\"@id\":\"https:\\\/\\\/www.encontraamericana.com.br\\\/guia\\\/#\\\/schema\\\/person\\\/515cbc6082144e7445cab98211d14f9b\",\"name\":\"Encontra Americana\",\"image\":{\"@type\":\"ImageObject\",\"inLanguage\":\"pt-BR\",\"@id\":\"https:\\\/\\\/secure.gravatar.com\\\/avatar\\\/c50c17820bcf322f0a8fd6b110b8c0918141409dc69076470f6fca5fee70a5d4?s=96&d=mm&r=g\",\"url\":\"https:\\\/\\\/secure.gravatar.com\\\/avatar\\\/c50c17820bcf322f0a8fd6b110b8c0918141409dc69076470f6fca5fee70a5d4?s=96&d=mm&r=g\",\"contentUrl\":\"https:\\\/\\\/secure.gravatar.com\\\/avatar\\\/c50c17820bcf322f0a8fd6b110b8c0918141409dc69076470f6fca5fee70a5d4?s=96&d=mm&r=g\",\"caption\":\"Encontra Americana\"},\"url\":\"https:\\\/\\\/www.encontraamericana.com.br\\\/guia\\\/author\\\/encontraamericana\\\/\"}]}<\/script>\n<!-- \/ Yoast SEO plugin. -->","yoast_head_json":{"title":"Americana realiza Plen\u00e1ria Municipal Ampliada de Sa\u00fade nesta sexta | Guia Comercial de Americana SP","robots":{"index":"index","follow":"follow","max-snippet":"max-snippet:-1","max-image-preview":"max-image-preview:large","max-video-preview":"max-video-preview:-1"},"canonical":"https:\/\/www.encontraamericana.com.br\/guia\/americana-realiza-plenaria-municipal-ampliada-de-saude-nesta-sexta\/","og_locale":"pt_BR","og_type":"article","og_title":"Americana realiza Plen\u00e1ria Municipal Ampliada de Sa\u00fade nesta sexta | Guia Comercial de Americana SP","og_description":"Participe da Plen\u00e1ria Municipal Ampliada de Sa\u00fade em Americana e contribua para melhorar a sa\u00fade na sua cidade.","og_url":"https:\/\/www.encontraamericana.com.br\/guia\/americana-realiza-plenaria-municipal-ampliada-de-saude-nesta-sexta\/","og_site_name":"Guia Comercial de Americana SP","article_published_time":"2026-07-01T01:23:11+00:00","og_image":[{"url":"https:\/\/www.encontraamericana.com.br\/guia\/wp-content\/uploads\/2026\/06\/americana-realiza-plenaria-municipal-ampliada-de-saude-nesta-sexta.webp","type":"","width":"","height":""}],"author":"Encontra Americana","twitter_card":"summary_large_image","twitter_misc":{"Escrito por":"Encontra Americana","Est. tempo de leitura":"5 minutos"},"schema":{"@context":"https:\/\/schema.org","@graph":[{"@type":"Article","@id":"https:\/\/www.encontraamericana.com.br\/guia\/americana-realiza-plenaria-municipal-ampliada-de-saude-nesta-sexta\/#article","isPartOf":{"@id":"https:\/\/www.encontraamericana.com.br\/guia\/americana-realiza-plenaria-municipal-ampliada-de-saude-nesta-sexta\/"},"author":{"name":"Encontra Americana","@id":"https:\/\/www.encontraamericana.com.br\/guia\/#\/schema\/person\/515cbc6082144e7445cab98211d14f9b"},"headline":"Americana realiza Plen\u00e1ria Municipal Ampliada de Sa\u00fade nesta sexta","datePublished":"2026-07-01T01:23:11+00:00","mainEntityOfPage":{"@id":"https:\/\/www.encontraamericana.com.br\/guia\/americana-realiza-plenaria-municipal-ampliada-de-saude-nesta-sexta\/"},"wordCount":1010,"commentCount":0,"image":{"@id":"https:\/\/www.encontraamericana.com.br\/guia\/americana-realiza-plenaria-municipal-ampliada-de-saude-nesta-sexta\/#primaryimage"},"thumbnailUrl":"https:\/\/www.encontraamericana.com.br\/guia\/wp-content\/uploads\/2026\/06\/americana-realiza-plenaria-municipal-ampliada-de-saude-nesta-sexta.webp","articleSection":["Not\u00edcias Americana"],"inLanguage":"pt-BR","potentialAction":[{"@type":"CommentAction","name":"Comment","target":["https:\/\/www.encontraamericana.com.br\/guia\/americana-realiza-plenaria-municipal-ampliada-de-saude-nesta-sexta\/#respond"]}]},{"@type":"WebPage","@id":"https:\/\/www.encontraamericana.com.br\/guia\/americana-realiza-plenaria-municipal-ampliada-de-saude-nesta-sexta\/","url":"https:\/\/www.encontraamericana.com.br\/guia\/americana-realiza-plenaria-municipal-ampliada-de-saude-nesta-sexta\/","name":"Americana realiza Plen\u00e1ria Municipal Ampliada de Sa\u00fade nesta sexta | Guia Comercial de Americana SP","isPartOf":{"@id":"https:\/\/www.encontraamericana.com.br\/guia\/#website"},"primaryImageOfPage":{"@id":"https:\/\/www.encontraamericana.com.br\/guia\/americana-realiza-plenaria-municipal-ampliada-de-saude-nesta-sexta\/#primaryimage"},"image":{"@id":"https:\/\/www.encontraamericana.com.br\/guia\/americana-realiza-plenaria-municipal-ampliada-de-saude-nesta-sexta\/#primaryimage"},"thumbnailUrl":"https:\/\/www.encontraamericana.com.br\/guia\/wp-content\/uploads\/2026\/06\/americana-realiza-plenaria-municipal-ampliada-de-saude-nesta-sexta.webp","datePublished":"2026-07-01T01:23:11+00:00","author":{"@id":"https:\/\/www.encontraamericana.com.br\/guia\/#\/schema\/person\/515cbc6082144e7445cab98211d14f9b"},"inLanguage":"pt-BR","potentialAction":[{"@type":"ReadAction","target":["https:\/\/www.encontraamericana.com.br\/guia\/americana-realiza-plenaria-municipal-ampliada-de-saude-nesta-sexta\/"]}]},{"@type":"ImageObject","inLanguage":"pt-BR","@id":"https:\/\/www.encontraamericana.com.br\/guia\/americana-realiza-plenaria-municipal-ampliada-de-saude-nesta-sexta\/#primaryimage","url":"https:\/\/www.encontraamericana.com.br\/guia\/wp-content\/uploads\/2026\/06\/americana-realiza-plenaria-municipal-ampliada-de-saude-nesta-sexta.webp","contentUrl":"https:\/\/www.encontraamericana.com.br\/guia\/wp-content\/uploads\/2026\/06\/americana-realiza-plenaria-municipal-ampliada-de-saude-nesta-sexta.webp","width":280,"height":280,"caption":"Plen\u00e1ria Municipal Ampliada de Sa\u00fade Americana"},{"@type":"WebSite","@id":"https:\/\/www.encontraamericana.com.br\/guia\/#website","url":"https:\/\/www.encontraamericana.com.br\/guia\/","name":"Guia Comercial de Americana SP","description":"ENCONTRA AMERICANA - O guia comercial de neg\u00f3cios e empresas, cultura e divers\u00e3o na cidade de Americana. Feito 100% para voc\u00ea morador!","potentialAction":[{"@type":"SearchAction","target":{"@type":"EntryPoint","urlTemplate":"https:\/\/www.encontraamericana.com.br\/guia\/?s={search_term_string}"},"query-input":{"@type":"PropertyValueSpecification","valueRequired":true,"valueName":"search_term_string"}}],"inLanguage":"pt-BR"},{"@type":"Person","@id":"https:\/\/www.encontraamericana.com.br\/guia\/#\/schema\/person\/515cbc6082144e7445cab98211d14f9b","name":"Encontra Americana","image":{"@type":"ImageObject","inLanguage":"pt-BR","@id":"https:\/\/secure.gravatar.com\/avatar\/c50c17820bcf322f0a8fd6b110b8c0918141409dc69076470f6fca5fee70a5d4?s=96&d=mm&r=g","url":"https:\/\/secure.gravatar.com\/avatar\/c50c17820bcf322f0a8fd6b110b8c0918141409dc69076470f6fca5fee70a5d4?s=96&d=mm&r=g","contentUrl":"https:\/\/secure.gravatar.com\/avatar\/c50c17820bcf322f0a8fd6b110b8c0918141409dc69076470f6fca5fee70a5d4?s=96&d=mm&r=g","caption":"Encontra Americana"},"url":"https:\/\/www.encontraamericana.com.br\/guia\/author\/encontraamericana\/"}]}},"_links":{"self":[{"href":"https:\/\/www.encontraamericana.com.br\/guia\/wp-json\/wp\/v2\/posts\/6689","targetHints":{"allow":["GET"]}}],"collection":[{"href":"https:\/\/www.encontraamericana.com.br\/guia\/wp-json\/wp\/v2\/posts"}],"about":[{"href":"https:\/\/www.encontraamericana.com.br\/guia\/wp-json\/wp\/v2\/types\/post"}],"author":[{"embeddable":true,"href":"https:\/\/www.encontraamericana.com.br\/guia\/wp-json\/wp\/v2\/users\/1"}],"replies":[{"embeddable":true,"href":"https:\/\/www.encontraamericana.com.br\/guia\/wp-json\/wp\/v2\/comments?post=6689"}],"version-history":[{"count":0,"href":"https:\/\/www.encontraamericana.com.br\/guia\/wp-json\/wp\/v2\/posts\/6689\/revisions"}],"wp:featuredmedia":[{"embeddable":true,"href":"https:\/\/www.encontraamericana.com.br\/guia\/wp-json\/wp\/v2\/media\/6688"}],"wp:attachment":[{"href":"https:\/\/www.encontraamericana.com.br\/guia\/wp-json\/wp\/v2\/media?parent=6689"}],"wp:term":[{"taxonomy":"category","embeddable":true,"href":"https:\/\/www.encontraamericana.com.br\/guia\/wp-json\/wp\/v2\/categories?post=6689"},{"taxonomy":"post_tag","embeddable":true,"href":"https:\/\/www.encontraamericana.com.br\/guia\/wp-json\/wp\/v2\/tags?post=6689"}],"curies":[{"name":"wp","href":"https:\/\/api.w.org\/{rel}","templated":true}]}}