{"id":6693,"date":"2026-07-01T16:06:56","date_gmt":"2026-07-01T19:06:56","guid":{"rendered":"https:\/\/www.encontraamericana.com.br\/guia\/raimundos-trazem-a-americana-turne-que-celebra-mais-de-tres-decadas-de-estrada\/"},"modified":"2026-07-01T16:06:56","modified_gmt":"2026-07-01T19:06:56","slug":"raimundos-trazem-a-americana-turne-que-celebra-mais-de-tres-decadas-de-estrada","status":"publish","type":"post","link":"https:\/\/www.encontraamericana.com.br\/guia\/raimundos-trazem-a-americana-turne-que-celebra-mais-de-tres-decadas-de-estrada\/","title":{"rendered":"Raimundos trazem a Americana turn\u00ea que celebra mais de tr\u00eas d\u00e9cadas de estrada"},"content":{"rendered":"<h2>Atra\u00e7\u00f5es do Rock Day Americana<\/h2>\n<p>O Rock Day Americana se consolidou como um dos eventos mais esperados no calend\u00e1rio musical da cidade. Em sua quarta edi\u00e7\u00e3o, o festival promete agitar o Parque de Eventos do Clube dos Cavaleiros nos dias 3 e 4 de julho. O ambiente vibrante ser\u00e1 palco para uma sele\u00e7\u00e3o de bandas renomadas, oferecendo ao p\u00fablico uma experi\u00eancia musical diversificada.<\/p>\n<p>Entre as atra\u00e7\u00f5es principais, muitos f\u00e3s aguardam ansiosamente a apresenta\u00e7\u00e3o dos Raimundos. A banda, conhecida por sua mistura de ritmos como hardcore, forr\u00f3 e rock, traz um repert\u00f3rio que vai desde cl\u00e1ssicos bem estabelecidos at\u00e9 suas mais recentes produ\u00e7\u00f5es. Este evento n\u00e3o s\u00f3 celebra a m\u00fasica, mas tamb\u00e9m a uni\u00e3o de diferentes gera\u00e7\u00f5es em torno de um amor comum pelo rock.<\/p>\n<h2>Hist\u00f3ria dos Raimundos na M\u00fasica Brasileira<\/h2>\n<p>Fundada em Bras\u00edlia no final da d\u00e9cada de 1980, os Raimundos rapidamente se tornaram uma refer\u00eancia no cen\u00e1rio do rock brasileiro. O seu \u00e1lbum de estreia, lan\u00e7ado em 1994, com m\u00fasicas que rapidamente se tornaram cl\u00e1ssicos, como &#8220;Puteiro em Jo\u00e3o Pessoa&#8221; e &#8220;Selim&#8221;, ajudou a moldar o que viria a ser o rock nacional dos anos 90.<\/p>\n<p><img decoding=\"async\" src=\"https:\/\/www.encontraamericana.com.br\/guia\/wp-content\/uploads\/2026\/07\/raimundos-trazem-a-americana-turne-que-celebra-mais-de-tres-decadas-de-estrada.webp\" alt=\"Raimundos Americana turn\u00ea\" loading=\"lazy\" \/><\/p>\n<p>Com mais de 30 anos de carreira, a banda \u00e9 conhecida por sua inova\u00e7\u00e3o musical e por sempre incorporar elementos que refletem with mudan\u00e7as culturais ao longo das d\u00e9cadas. Suas produ\u00e7\u00f5es, como &#8220;Lav\u00f4 T\u00e1 Novo&#8221; e &#8220;S\u00f3 no For\u00e9vis&#8221;, revederam-se como marcos em sua trajet\u00f3ria, consolidando seu papel na m\u00fasica brasileira.<\/p>\n<h2>Repert\u00f3rio dos Cl\u00e1ssicos a Novas M\u00fasicas<\/h2>\n<p>A turn\u00ea do \u00e1lbum &#8220;XXX&#8221;, que foi lan\u00e7ado recentemente em 2025, promete trazer uma mescla do passado e presente da banda. Os f\u00e3s poder\u00e3o relembrar sucessos consagrados como &#8220;Mulher de Fases&#8221;, &#8220;A Mais Pedida&#8221; e &#8220;Eu Quero Ver o Oco&#8221;, al\u00e9m de se deliciar com as novas composi\u00e7\u00f5es que demonstram a evolu\u00e7\u00e3o e a continuidade do seu legado musical.<\/p>\n<p>O grupo atual \u00e9 formado por Dig\u00e3o (vocais e guitarra), Marquim (guitarra e backing vocals), Jean Moura (baixo e backing vocals) e Caio Cunha (bateria). Com a forma\u00e7\u00e3o atual, os Raimundos continuam a provocar a mesma intensidade e autenticidade que conquistaram seus admiradores desde o in\u00edcio de sua carreira.<\/p>\n<h2>Perspectiva: O que Esperar do Show<\/h2>\n<p>A expectativa para o show dos Raimundos \u00e9 palp\u00e1vel, especialmente considerando a energia caracter\u00edstica de suas performances ao vivo. Os f\u00e3s podem esperar um espet\u00e1culo din\u00e2mico que inclui intera\u00e7\u00f5es animadas com o p\u00fablico e um setlist envolvente que promete fazer todos cantar junto.<\/p>\n<p>A experi\u00eancia no Rock Day Americana ser\u00e1 uma oportunidade \u00fanica tanto para os que acompanharam a banda desde a sua forma\u00e7\u00e3o, quanto para aqueles que a descobriram mais recentemente. O evento tamb\u00e9m se destaca por ser um momento de celebra\u00e7\u00e3o e nostalgia.<\/p>\n<h2>A Banda e Sua Est\u00e9tica Musical<\/h2>\n<p>A est\u00e9tica musical dos Raimundos \u00e9 um dos principais fatores que contribuiu para seu sucesso duradouro. Com uma fus\u00e3o de rock, punk e elementos da cultura nordestina, eles criaram um som aut\u00eantico que atraiu uma base de f\u00e3s diversificada. As letras abordam temas cotidianos com uma mistura de humor e cr\u00edtica social, proporcionando uma identifica\u00e7\u00e3o imediata com o p\u00fablico.<\/p>\n<h2>Impacto Cultural dos Raimundos<\/h2>\n<p>Os Raimundos t\u00eam um impacto significativo n\u00e3o apenas na m\u00fasica, mas tamb\u00e9m na cultura pop brasileira. A banda influenciou uma gera\u00e7\u00e3o de m\u00fasicos e f\u00e3s, encorajando novos artistas a explorar a mistura de estilos e expressar suas pr\u00f3prias identidades. O esp\u00edrito inovador da banda ressoa em v\u00e1rias esferas, refletindo a evolu\u00e7\u00e3o do rock no Brasil ao longo das \u00faltimas tr\u00eas d\u00e9cadas.<\/p>\n<h2>Detalhes do Evento e Como Participar<\/h2>\n<p>O Rock Day Americana ir\u00e1 ocorrer nos dias 3 e 4 de julho, no Parque de Eventos do Clube dos Cavaleiros, localizado na Rodovia Anhanguera, km 121. Com uma programa\u00e7\u00e3o variada, o evento inclui n\u00e3o apenas os shows dos Raimundos, mas tamb\u00e9m a participa\u00e7\u00e3o de outros artistas renomados. Na sexta-feira, as performances come\u00e7am a partir das 18h com o DJ Viny Blanco, seguindo por SKA7, Os Paralamas do Sucesso e Rock Box. No s\u00e1bado, o evento inicia \u00e0s 16h com DJ Pirulito, seguida por Frann Azalim, a apresenta\u00e7\u00e3o dos Raimundos \u00e0s 19h e ainda CPM 22 e um cover de System Of a Down.<\/p>\n<h2>Solidariedade: Entrada do Evento<\/h2>\n<p>A entrada para o Rock Day Americana ser\u00e1 solid\u00e1ria. Os participantes s\u00e3o convidados a contribuir com a doa\u00e7\u00e3o de uma pomada para assaduras ou um sabonete l\u00edquido infantil, que ser\u00e3o altamados para fam\u00edlias assistidas pelo Fundo Social de Solidariedade da cidade. Este aspecto do evento destaca a import\u00e2ncia da uni\u00e3o da comunidade, proporcionando n\u00e3o s\u00f3 entretenimento, mas tamb\u00e9m uma oportunidade de ajudar aqueles que precisam.<\/p>\n<h2>Expectativas dos F\u00e3s para a Apresenta\u00e7\u00e3o<\/h2>\n<p>A volta dos Raimundos a Americana \u00e9 aguardada com grande expectativa. Muitos f\u00e3s t\u00eam compartilhado suas lembran\u00e7as de shows passados, especialmente da apresenta\u00e7\u00e3o em 2001 durante a Festa do Pe\u00e3o, e esperam que esta nova.performance seja uma celebra\u00e7\u00e3o do legado e da energia da banda.<\/p>\n<h2>Retorno da Banda a Americana<\/h2>\n<p>Ap\u00f3s anos desde sua \u00faltima apresenta\u00e7\u00e3o na cidade, a volta dos Raimundos ao recinto da Festa do Pe\u00e3o \u00e9 vista como um marco no Rock Day Americana. O show promete ser memor\u00e1vel, tanto para os admiradores de longa data quanto para aqueles que se encantaram pelo som da banda nos tempos mais recentes.<\/p>\n<p>Com um evento que mistura nostalgia e novas experi\u00eancias, o Rock Day Americana se apresenta n\u00e3o s\u00f3 como um espet\u00e1culo musical, mas como um ponto de encontro para a diversidade cultural, onde a m\u00fasica \u00e9 a estrela central e a solidariedade brilha intensamente.<\/p>\n","protected":false},"excerpt":{"rendered":"<p>Raimundos trazem a Americana sua turn\u00ea de 30 anos com um show inesquec\u00edvel.<\/p>\n","protected":false},"author":1,"featured_media":6692,"comment_status":"open","ping_status":"open","sticky":false,"template":"","format":"standard","meta":{"footnotes":""},"categories":[902],"tags":[],"class_list":["post-6693","post","type-post","status-publish","format-standard","has-post-thumbnail","hentry","category-shows","has_thumb"],"yoast_head":"<!-- This site is optimized with the Yoast SEO plugin v27.6 - https:\/\/yoast.com\/product\/yoast-seo-wordpress\/ -->\n<title>Raimundos trazem a Americana turn\u00ea que celebra mais de tr\u00eas d\u00e9cadas de estrada | Guia Comercial de Americana SP<\/title>\n<meta name=\"robots\" content=\"index, follow, max-snippet:-1, max-image-preview:large, max-video-preview:-1\" \/>\n<link rel=\"canonical\" href=\"https:\/\/www.encontraamericana.com.br\/guia\/raimundos-trazem-a-americana-turne-que-celebra-mais-de-tres-decadas-de-estrada\/\" \/>\n<meta property=\"og:locale\" content=\"pt_BR\" \/>\n<meta property=\"og:type\" content=\"article\" \/>\n<meta property=\"og:title\" content=\"Raimundos trazem a Americana turn\u00ea que celebra mais de tr\u00eas d\u00e9cadas de estrada | Guia Comercial de Americana SP\" \/>\n<meta property=\"og:description\" content=\"Raimundos trazem a Americana sua turn\u00ea de 30 anos com um show inesquec\u00edvel.\" \/>\n<meta property=\"og:url\" content=\"https:\/\/www.encontraamericana.com.br\/guia\/raimundos-trazem-a-americana-turne-que-celebra-mais-de-tres-decadas-de-estrada\/\" \/>\n<meta property=\"og:site_name\" content=\"Guia Comercial de Americana SP\" \/>\n<meta property=\"article:published_time\" content=\"2026-07-01T19:06:56+00:00\" \/>\n<meta property=\"og:image\" content=\"https:\/\/www.encontraamericana.com.br\/guia\/wp-content\/uploads\/2026\/07\/raimundos-trazem-a-americana-turne-que-celebra-mais-de-tres-decadas-de-estrada.webp\" \/>\n<meta name=\"author\" content=\"Encontra Americana\" \/>\n<meta name=\"twitter:card\" content=\"summary_large_image\" \/>\n<meta name=\"twitter:label1\" content=\"Escrito por\" \/>\n\t<meta name=\"twitter:data1\" content=\"Encontra Americana\" \/>\n\t<meta name=\"twitter:label2\" content=\"Est. tempo de leitura\" \/>\n\t<meta name=\"twitter:data2\" content=\"5 minutos\" \/>\n<script type=\"application\/ld+json\" class=\"yoast-schema-graph\">{\"@context\":\"https:\\\/\\\/schema.org\",\"@graph\":[{\"@type\":\"Article\",\"@id\":\"https:\\\/\\\/www.encontraamericana.com.br\\\/guia\\\/raimundos-trazem-a-americana-turne-que-celebra-mais-de-tres-decadas-de-estrada\\\/#article\",\"isPartOf\":{\"@id\":\"https:\\\/\\\/www.encontraamericana.com.br\\\/guia\\\/raimundos-trazem-a-americana-turne-que-celebra-mais-de-tres-decadas-de-estrada\\\/\"},\"author\":{\"name\":\"Encontra Americana\",\"@id\":\"https:\\\/\\\/www.encontraamericana.com.br\\\/guia\\\/#\\\/schema\\\/person\\\/515cbc6082144e7445cab98211d14f9b\"},\"headline\":\"Raimundos trazem a Americana turn\u00ea que celebra mais de tr\u00eas d\u00e9cadas de estrada\",\"datePublished\":\"2026-07-01T19:06:56+00:00\",\"mainEntityOfPage\":{\"@id\":\"https:\\\/\\\/www.encontraamericana.com.br\\\/guia\\\/raimundos-trazem-a-americana-turne-que-celebra-mais-de-tres-decadas-de-estrada\\\/\"},\"wordCount\":1012,\"commentCount\":0,\"image\":{\"@id\":\"https:\\\/\\\/www.encontraamericana.com.br\\\/guia\\\/raimundos-trazem-a-americana-turne-que-celebra-mais-de-tres-decadas-de-estrada\\\/#primaryimage\"},\"thumbnailUrl\":\"https:\\\/\\\/www.encontraamericana.com.br\\\/guia\\\/wp-content\\\/uploads\\\/2026\\\/07\\\/raimundos-trazem-a-americana-turne-que-celebra-mais-de-tres-decadas-de-estrada.webp\",\"articleSection\":[\"Shows Americana\"],\"inLanguage\":\"pt-BR\",\"potentialAction\":[{\"@type\":\"CommentAction\",\"name\":\"Comment\",\"target\":[\"https:\\\/\\\/www.encontraamericana.com.br\\\/guia\\\/raimundos-trazem-a-americana-turne-que-celebra-mais-de-tres-decadas-de-estrada\\\/#respond\"]}]},{\"@type\":\"WebPage\",\"@id\":\"https:\\\/\\\/www.encontraamericana.com.br\\\/guia\\\/raimundos-trazem-a-americana-turne-que-celebra-mais-de-tres-decadas-de-estrada\\\/\",\"url\":\"https:\\\/\\\/www.encontraamericana.com.br\\\/guia\\\/raimundos-trazem-a-americana-turne-que-celebra-mais-de-tres-decadas-de-estrada\\\/\",\"name\":\"Raimundos trazem a Americana turn\u00ea que celebra mais de tr\u00eas d\u00e9cadas de estrada | Guia Comercial de Americana SP\",\"isPartOf\":{\"@id\":\"https:\\\/\\\/www.encontraamericana.com.br\\\/guia\\\/#website\"},\"primaryImageOfPage\":{\"@id\":\"https:\\\/\\\/www.encontraamericana.com.br\\\/guia\\\/raimundos-trazem-a-americana-turne-que-celebra-mais-de-tres-decadas-de-estrada\\\/#primaryimage\"},\"image\":{\"@id\":\"https:\\\/\\\/www.encontraamericana.com.br\\\/guia\\\/raimundos-trazem-a-americana-turne-que-celebra-mais-de-tres-decadas-de-estrada\\\/#primaryimage\"},\"thumbnailUrl\":\"https:\\\/\\\/www.encontraamericana.com.br\\\/guia\\\/wp-content\\\/uploads\\\/2026\\\/07\\\/raimundos-trazem-a-americana-turne-que-celebra-mais-de-tres-decadas-de-estrada.webp\",\"datePublished\":\"2026-07-01T19:06:56+00:00\",\"author\":{\"@id\":\"https:\\\/\\\/www.encontraamericana.com.br\\\/guia\\\/#\\\/schema\\\/person\\\/515cbc6082144e7445cab98211d14f9b\"},\"inLanguage\":\"pt-BR\",\"potentialAction\":[{\"@type\":\"ReadAction\",\"target\":[\"https:\\\/\\\/www.encontraamericana.com.br\\\/guia\\\/raimundos-trazem-a-americana-turne-que-celebra-mais-de-tres-decadas-de-estrada\\\/\"]}]},{\"@type\":\"ImageObject\",\"inLanguage\":\"pt-BR\",\"@id\":\"https:\\\/\\\/www.encontraamericana.com.br\\\/guia\\\/raimundos-trazem-a-americana-turne-que-celebra-mais-de-tres-decadas-de-estrada\\\/#primaryimage\",\"url\":\"https:\\\/\\\/www.encontraamericana.com.br\\\/guia\\\/wp-content\\\/uploads\\\/2026\\\/07\\\/raimundos-trazem-a-americana-turne-que-celebra-mais-de-tres-decadas-de-estrada.webp\",\"contentUrl\":\"https:\\\/\\\/www.encontraamericana.com.br\\\/guia\\\/wp-content\\\/uploads\\\/2026\\\/07\\\/raimundos-trazem-a-americana-turne-que-celebra-mais-de-tres-decadas-de-estrada.webp\",\"width\":280,\"height\":280,\"caption\":\"Raimundos Americana turn\u00ea\"},{\"@type\":\"WebSite\",\"@id\":\"https:\\\/\\\/www.encontraamericana.com.br\\\/guia\\\/#website\",\"url\":\"https:\\\/\\\/www.encontraamericana.com.br\\\/guia\\\/\",\"name\":\"Guia Comercial de Americana SP\",\"description\":\"ENCONTRA AMERICANA - O guia comercial de neg\u00f3cios e empresas, cultura e divers\u00e3o na cidade de Americana. Feito 100% para voc\u00ea morador!\",\"potentialAction\":[{\"@type\":\"SearchAction\",\"target\":{\"@type\":\"EntryPoint\",\"urlTemplate\":\"https:\\\/\\\/www.encontraamericana.com.br\\\/guia\\\/?s={search_term_string}\"},\"query-input\":{\"@type\":\"PropertyValueSpecification\",\"valueRequired\":true,\"valueName\":\"search_term_string\"}}],\"inLanguage\":\"pt-BR\"},{\"@type\":\"Person\",\"@id\":\"https:\\\/\\\/www.encontraamericana.com.br\\\/guia\\\/#\\\/schema\\\/person\\\/515cbc6082144e7445cab98211d14f9b\",\"name\":\"Encontra Americana\",\"image\":{\"@type\":\"ImageObject\",\"inLanguage\":\"pt-BR\",\"@id\":\"https:\\\/\\\/secure.gravatar.com\\\/avatar\\\/c50c17820bcf322f0a8fd6b110b8c0918141409dc69076470f6fca5fee70a5d4?s=96&d=mm&r=g\",\"url\":\"https:\\\/\\\/secure.gravatar.com\\\/avatar\\\/c50c17820bcf322f0a8fd6b110b8c0918141409dc69076470f6fca5fee70a5d4?s=96&d=mm&r=g\",\"contentUrl\":\"https:\\\/\\\/secure.gravatar.com\\\/avatar\\\/c50c17820bcf322f0a8fd6b110b8c0918141409dc69076470f6fca5fee70a5d4?s=96&d=mm&r=g\",\"caption\":\"Encontra Americana\"},\"url\":\"https:\\\/\\\/www.encontraamericana.com.br\\\/guia\\\/author\\\/encontraamericana\\\/\"}]}<\/script>\n<!-- \/ Yoast SEO plugin. -->","yoast_head_json":{"title":"Raimundos trazem a Americana turn\u00ea que celebra mais de tr\u00eas d\u00e9cadas de estrada | Guia Comercial de Americana SP","robots":{"index":"index","follow":"follow","max-snippet":"max-snippet:-1","max-image-preview":"max-image-preview:large","max-video-preview":"max-video-preview:-1"},"canonical":"https:\/\/www.encontraamericana.com.br\/guia\/raimundos-trazem-a-americana-turne-que-celebra-mais-de-tres-decadas-de-estrada\/","og_locale":"pt_BR","og_type":"article","og_title":"Raimundos trazem a Americana turn\u00ea que celebra mais de tr\u00eas d\u00e9cadas de estrada | Guia Comercial de Americana SP","og_description":"Raimundos trazem a Americana sua turn\u00ea de 30 anos com um show inesquec\u00edvel.","og_url":"https:\/\/www.encontraamericana.com.br\/guia\/raimundos-trazem-a-americana-turne-que-celebra-mais-de-tres-decadas-de-estrada\/","og_site_name":"Guia Comercial de Americana SP","article_published_time":"2026-07-01T19:06:56+00:00","og_image":[{"url":"https:\/\/www.encontraamericana.com.br\/guia\/wp-content\/uploads\/2026\/07\/raimundos-trazem-a-americana-turne-que-celebra-mais-de-tres-decadas-de-estrada.webp","type":"","width":"","height":""}],"author":"Encontra Americana","twitter_card":"summary_large_image","twitter_misc":{"Escrito por":"Encontra Americana","Est. tempo de leitura":"5 minutos"},"schema":{"@context":"https:\/\/schema.org","@graph":[{"@type":"Article","@id":"https:\/\/www.encontraamericana.com.br\/guia\/raimundos-trazem-a-americana-turne-que-celebra-mais-de-tres-decadas-de-estrada\/#article","isPartOf":{"@id":"https:\/\/www.encontraamericana.com.br\/guia\/raimundos-trazem-a-americana-turne-que-celebra-mais-de-tres-decadas-de-estrada\/"},"author":{"name":"Encontra Americana","@id":"https:\/\/www.encontraamericana.com.br\/guia\/#\/schema\/person\/515cbc6082144e7445cab98211d14f9b"},"headline":"Raimundos trazem a Americana turn\u00ea que celebra mais de tr\u00eas d\u00e9cadas de estrada","datePublished":"2026-07-01T19:06:56+00:00","mainEntityOfPage":{"@id":"https:\/\/www.encontraamericana.com.br\/guia\/raimundos-trazem-a-americana-turne-que-celebra-mais-de-tres-decadas-de-estrada\/"},"wordCount":1012,"commentCount":0,"image":{"@id":"https:\/\/www.encontraamericana.com.br\/guia\/raimundos-trazem-a-americana-turne-que-celebra-mais-de-tres-decadas-de-estrada\/#primaryimage"},"thumbnailUrl":"https:\/\/www.encontraamericana.com.br\/guia\/wp-content\/uploads\/2026\/07\/raimundos-trazem-a-americana-turne-que-celebra-mais-de-tres-decadas-de-estrada.webp","articleSection":["Shows Americana"],"inLanguage":"pt-BR","potentialAction":[{"@type":"CommentAction","name":"Comment","target":["https:\/\/www.encontraamericana.com.br\/guia\/raimundos-trazem-a-americana-turne-que-celebra-mais-de-tres-decadas-de-estrada\/#respond"]}]},{"@type":"WebPage","@id":"https:\/\/www.encontraamericana.com.br\/guia\/raimundos-trazem-a-americana-turne-que-celebra-mais-de-tres-decadas-de-estrada\/","url":"https:\/\/www.encontraamericana.com.br\/guia\/raimundos-trazem-a-americana-turne-que-celebra-mais-de-tres-decadas-de-estrada\/","name":"Raimundos trazem a Americana turn\u00ea que celebra mais de tr\u00eas d\u00e9cadas de estrada | Guia Comercial de Americana SP","isPartOf":{"@id":"https:\/\/www.encontraamericana.com.br\/guia\/#website"},"primaryImageOfPage":{"@id":"https:\/\/www.encontraamericana.com.br\/guia\/raimundos-trazem-a-americana-turne-que-celebra-mais-de-tres-decadas-de-estrada\/#primaryimage"},"image":{"@id":"https:\/\/www.encontraamericana.com.br\/guia\/raimundos-trazem-a-americana-turne-que-celebra-mais-de-tres-decadas-de-estrada\/#primaryimage"},"thumbnailUrl":"https:\/\/www.encontraamericana.com.br\/guia\/wp-content\/uploads\/2026\/07\/raimundos-trazem-a-americana-turne-que-celebra-mais-de-tres-decadas-de-estrada.webp","datePublished":"2026-07-01T19:06:56+00:00","author":{"@id":"https:\/\/www.encontraamericana.com.br\/guia\/#\/schema\/person\/515cbc6082144e7445cab98211d14f9b"},"inLanguage":"pt-BR","potentialAction":[{"@type":"ReadAction","target":["https:\/\/www.encontraamericana.com.br\/guia\/raimundos-trazem-a-americana-turne-que-celebra-mais-de-tres-decadas-de-estrada\/"]}]},{"@type":"ImageObject","inLanguage":"pt-BR","@id":"https:\/\/www.encontraamericana.com.br\/guia\/raimundos-trazem-a-americana-turne-que-celebra-mais-de-tres-decadas-de-estrada\/#primaryimage","url":"https:\/\/www.encontraamericana.com.br\/guia\/wp-content\/uploads\/2026\/07\/raimundos-trazem-a-americana-turne-que-celebra-mais-de-tres-decadas-de-estrada.webp","contentUrl":"https:\/\/www.encontraamericana.com.br\/guia\/wp-content\/uploads\/2026\/07\/raimundos-trazem-a-americana-turne-que-celebra-mais-de-tres-decadas-de-estrada.webp","width":280,"height":280,"caption":"Raimundos Americana turn\u00ea"},{"@type":"WebSite","@id":"https:\/\/www.encontraamericana.com.br\/guia\/#website","url":"https:\/\/www.encontraamericana.com.br\/guia\/","name":"Guia Comercial de Americana SP","description":"ENCONTRA AMERICANA - O guia comercial de neg\u00f3cios e empresas, cultura e divers\u00e3o na cidade de Americana. Feito 100% para voc\u00ea morador!","potentialAction":[{"@type":"SearchAction","target":{"@type":"EntryPoint","urlTemplate":"https:\/\/www.encontraamericana.com.br\/guia\/?s={search_term_string}"},"query-input":{"@type":"PropertyValueSpecification","valueRequired":true,"valueName":"search_term_string"}}],"inLanguage":"pt-BR"},{"@type":"Person","@id":"https:\/\/www.encontraamericana.com.br\/guia\/#\/schema\/person\/515cbc6082144e7445cab98211d14f9b","name":"Encontra Americana","image":{"@type":"ImageObject","inLanguage":"pt-BR","@id":"https:\/\/secure.gravatar.com\/avatar\/c50c17820bcf322f0a8fd6b110b8c0918141409dc69076470f6fca5fee70a5d4?s=96&d=mm&r=g","url":"https:\/\/secure.gravatar.com\/avatar\/c50c17820bcf322f0a8fd6b110b8c0918141409dc69076470f6fca5fee70a5d4?s=96&d=mm&r=g","contentUrl":"https:\/\/secure.gravatar.com\/avatar\/c50c17820bcf322f0a8fd6b110b8c0918141409dc69076470f6fca5fee70a5d4?s=96&d=mm&r=g","caption":"Encontra Americana"},"url":"https:\/\/www.encontraamericana.com.br\/guia\/author\/encontraamericana\/"}]}},"_links":{"self":[{"href":"https:\/\/www.encontraamericana.com.br\/guia\/wp-json\/wp\/v2\/posts\/6693","targetHints":{"allow":["GET"]}}],"collection":[{"href":"https:\/\/www.encontraamericana.com.br\/guia\/wp-json\/wp\/v2\/posts"}],"about":[{"href":"https:\/\/www.encontraamericana.com.br\/guia\/wp-json\/wp\/v2\/types\/post"}],"author":[{"embeddable":true,"href":"https:\/\/www.encontraamericana.com.br\/guia\/wp-json\/wp\/v2\/users\/1"}],"replies":[{"embeddable":true,"href":"https:\/\/www.encontraamericana.com.br\/guia\/wp-json\/wp\/v2\/comments?post=6693"}],"version-history":[{"count":0,"href":"https:\/\/www.encontraamericana.com.br\/guia\/wp-json\/wp\/v2\/posts\/6693\/revisions"}],"wp:featuredmedia":[{"embeddable":true,"href":"https:\/\/www.encontraamericana.com.br\/guia\/wp-json\/wp\/v2\/media\/6692"}],"wp:attachment":[{"href":"https:\/\/www.encontraamericana.com.br\/guia\/wp-json\/wp\/v2\/media?parent=6693"}],"wp:term":[{"taxonomy":"category","embeddable":true,"href":"https:\/\/www.encontraamericana.com.br\/guia\/wp-json\/wp\/v2\/categories?post=6693"},{"taxonomy":"post_tag","embeddable":true,"href":"https:\/\/www.encontraamericana.com.br\/guia\/wp-json\/wp\/v2\/tags?post=6693"}],"curies":[{"name":"wp","href":"https:\/\/api.w.org\/{rel}","templated":true}]}}