{"id":6713,"date":"2026-07-04T08:36:21","date_gmt":"2026-07-04T11:36:21","guid":{"rendered":"https:\/\/www.encontraamericana.com.br\/guia\/agenda-cultural-de-julho-em-americana-tem-rock-day-festival-de-artes-visuais-e-outras-atracoes-gratuitas-confira\/"},"modified":"2026-07-04T08:36:21","modified_gmt":"2026-07-04T11:36:21","slug":"agenda-cultural-de-julho-em-americana-tem-rock-day-festival-de-artes-visuais-e-outras-atracoes-gratuitas-confira","status":"publish","type":"post","link":"https:\/\/www.encontraamericana.com.br\/guia\/agenda-cultural-de-julho-em-americana-tem-rock-day-festival-de-artes-visuais-e-outras-atracoes-gratuitas-confira\/","title":{"rendered":"Agenda cultural de julho em Americana tem Rock Day, Festival de Artes Visuais e outras atra\u00e7\u00f5es gratuitas; confira"},"content":{"rendered":"<h2>O que Esperar do Rock Day Americana<\/h2>\n<p>O<strong> Rock Day Americana<\/strong> \u00e9 um dos eventos mais esperados do calend\u00e1rio cultural da cidade, atraindo f\u00e3s de rock e m\u00fasica ao vivo. Em sua quarta edi\u00e7\u00e3o, o festival acontece nos dias 3 e 4 de julho, no Recinto do Clube dos Cavaleiros (CCA), localizado na Rodovia Anhanguera, km 121. Este evento \u00e9 uma excelente oportunidade para os amantes da m\u00fasica se reunirem e desfrutarem de apresenta\u00e7\u00f5es de bandas renomadas, al\u00e9m de artistas locais.<\/p>\n<h2>Programa\u00e7\u00e3o do Museu de Arte Contempor\u00e2nea<\/h2>\n<p>O<strong> Museu de Arte Contempor\u00e2nea (MAC)<\/strong> de Americana apresenta at\u00e9 o dia 31 de julho a exposi\u00e7\u00e3o \u201cMaterialidades\u201d. A visita\u00e7\u00e3o \u00e9 totalmente gratuita e est\u00e1 aberta de segunda a sexta-feira, das 9h \u00e0s 17h. Para agendamentos de visitas em grupo ou escolas, basta entrar em contato pelo telefone (19) 3408-4825 ou pelo e-mail <a href=\"mailto:mac@americana.sp.gov.br\">mac@americana.sp.gov.br<\/a>. O museu est\u00e1 localizado no Centro de Cultura e Lazer (CCL), na Avenida Brasil, 1.293, Jardim S\u00e3o Paulo.<\/p>\n<h2>Eventos Gratuitos na Biblioteca Municipal<\/h2>\n<p>A<strong> Biblioteca Municipal<\/strong> de Americana \u00e9 um espa\u00e7o ativo que contribui para a cultura local. O Cine Biblioteca, por exemplo, ser\u00e1 destaque com sess\u00f5es de filmes infantis e adultos ao longo do m\u00eas de julho, oferecendo entretenimento gratuito para todas as idades. As sess\u00f5es de conta\u00e7\u00e3o de hist\u00f3rias tamb\u00e9m s\u00e3o uma op\u00e7\u00e3o atraente, estimulando a leitura e a imagina\u00e7\u00e3o das crian\u00e7as.<\/p>\n<p><img decoding=\"async\" src=\"https:\/\/www.encontraamericana.com.br\/guia\/wp-content\/uploads\/2026\/07\/agenda-cultural-de-julho-em-americana-tem-rock-day-festival-de-artes-visuais-e-outras-atracoes-gratu.webp\" alt=\"agenda cultural de julho em americana\" loading=\"lazy\" \/><\/p>\n<h2>Atividades para Crian\u00e7as Durante o Festival<\/h2>\n<p>O Rock Day n\u00e3o \u00e9 apenas um evento para adultos; ele oferece atividades diversificadas para crian\u00e7as na \u00e1rea dedicada a fam\u00edlias. Os pequenos podem aproveitar a <strong>\u00e1rea kids<\/strong> com brincadeiras, oficinas e apresenta\u00e7\u00f5es especialmente projetadas para eles, garantindo que todos se divirtam durante os dois dias de festivais.<\/p>\n<h2>Curiosidades sobre o Rock Day<\/h2>\n<p>O <strong>Rock Day<\/strong> \u00e9 conhecido por suas entradas solid\u00e1rias, onde a doa\u00e7\u00e3o de um item como pomadas para assaduras ou sabonetes l\u00edquidos infantis garante acesso ao evento. Al\u00e9m disso, o festival inclui n\u00e3o s\u00f3 m\u00fasica, mas tamb\u00e9m v\u00e1rias op\u00e7\u00f5es de alimenta\u00e7\u00e3o, que v\u00e3o desde lanches r\u00e1pidos at\u00e9 refei\u00e7\u00f5es completas, com foco na gastronomia local.<\/p>\n<h2>Oficinas e Lazer na Agenda Cultural<\/h2>\n<p>Uma parte significativa da programa\u00e7\u00e3o cultural de Americana durante este m\u00eas inclui oficinas e atividades de lazer. Dentre elas, destacam-se as oficinas de cer\u00e2mica, origami e cosplay, promovendo intera\u00e7\u00e3o e aprendizado em um ambiente divertido. As oficinas s\u00e3o destinadas a crian\u00e7as e adultos, sempre com a participa\u00e7\u00e3o gratuita.<\/p>\n<h2>Experi\u00eancia Gastron\u00f4mica no Evento<\/h2>\n<p>A <strong>gastronomia<\/strong> tamb\u00e9m desempenha um papel crucial no Rock Day, com barracas de vendedores que oferecem uma variedade de pratos t\u00edpicos e novidades. O festival foca em promover empreendedores locais, proporcionando uma experi\u00eancia culin\u00e1ria rica e diversificada aos visitantes e complementando a experi\u00eancia musical do evento.<\/p>\n<h2>Requisitos para Participar do Rock Day<\/h2>\n<p>Para ter acesso ao Rock Day, \u00e9 essencial levar os itens para doa\u00e7\u00e3o que garantem a entrada. Al\u00e9m disso, a idade m\u00ednima para a participa\u00e7\u00e3o \u00e9 livre, permitindo que fam\u00edlias inteiras desfrutem da programa\u00e7\u00e3o oferecida. Todas as informa\u00e7\u00f5es sobre o acesso e os itens aceitos para doa\u00e7\u00e3o podem ser consultadas no site do evento.<\/p>\n<h2>Transportes e Acesso ao Local<\/h2>\n<p>O acesso ao<strong> Rock Day<\/strong> \u00e9 facilitado com a oferta de transporte p\u00fablico gratuito para os participantes, garantindo que todos possam chegar ao Recinto do Clube dos Cavaleiros com facilidade. As informa\u00e7\u00f5es sobre as rotas e hor\u00e1rios dos \u00f4nibus estar\u00e3o dispon\u00edveis em plataformas oficiais e nas redes sociais do evento.<\/p>\n<h2>Como Fazer a Doa\u00e7\u00e3o Para a Entrada<\/h2>\n<p>Os visitantes interessados em participar do Rock Day devem levar um dos itens solicitados como forma de entrada: pomadas para assaduras ou sabonetes l\u00edquidos infantis. Esses itens ser\u00e3o destinados a fam\u00edlias que s\u00e3o acompanhadas pelo Fundo Social de Solidariedade. Essa iniciativa solid\u00e1ria reflete o esp\u00edrito de comunidade e de apoio m\u00fatuo presente no evento.<\/p>\n<h2>Programa\u00e7\u00e3o Detalhada de Julho<\/h2>\n<p>Abaixo, segue a programa\u00e7\u00e3o completa dos eventos planejados para julho, destacando n\u00e3o apenas o Rock Day, mas tamb\u00e9m outras atividades culturais relevantes da cidade:<\/p>\n<ul>\n<li><strong>At\u00e9 31\/07:<\/strong> Exposi\u00e7\u00e3o \u201cMaterialidades\u201d no MAC \u2013 visita\u00e7\u00e3o gratuita<\/li>\n<li><strong>01\/07:<\/strong> Concerto com a Orquestra Filarm\u00f4nica Jovem \u00e0s 19h30 no Teatro Municipal<\/li>\n<li><strong>02\/07:<\/strong> apresenta\u00e7\u00e3o de \u201cUm Broto Legal\u201d e oficinas em diversas \u00e1reas<\/li>\n<li><strong>03 e 04\/07:<\/strong> Rock Day Americana no Recinto do Clube dos Cavaleiros, com bandas da cidade e atra\u00e7\u00f5es destacadas<\/li>\n<li><strong>Continuando:<\/strong> ateli\u00eas de artesanato, cinema, e outras atividades para todos os p\u00fablicos<\/li>\n<\/ul>\n<p>Junte-se aesta celebra\u00e7\u00e3o da m\u00fasica e da cultura em Americana e aproveite todas as atividades que o m\u00eas de julho oferece!<\/p>\n","protected":false},"excerpt":{"rendered":"<p>Explore a agenda cultural de julho com Rock Day e atra\u00e7\u00f5es gratuitas em Americana.<\/p>\n","protected":false},"author":1,"featured_media":6712,"comment_status":"open","ping_status":"open","sticky":false,"template":"","format":"standard","meta":{"footnotes":""},"categories":[902],"tags":[],"class_list":["post-6713","post","type-post","status-publish","format-standard","has-post-thumbnail","hentry","category-shows","has_thumb"],"yoast_head":"<!-- This site is optimized with the Yoast SEO plugin v27.6 - https:\/\/yoast.com\/product\/yoast-seo-wordpress\/ -->\n<title>Agenda cultural de julho em Americana tem Rock Day, Festival de Artes Visuais e outras atra\u00e7\u00f5es gratuitas; confira | Guia Comercial de Americana SP<\/title>\n<meta name=\"robots\" content=\"index, follow, max-snippet:-1, max-image-preview:large, max-video-preview:-1\" \/>\n<link rel=\"canonical\" href=\"https:\/\/www.encontraamericana.com.br\/guia\/agenda-cultural-de-julho-em-americana-tem-rock-day-festival-de-artes-visuais-e-outras-atracoes-gratuitas-confira\/\" \/>\n<meta property=\"og:locale\" content=\"pt_BR\" \/>\n<meta property=\"og:type\" content=\"article\" \/>\n<meta property=\"og:title\" content=\"Agenda cultural de julho em Americana tem Rock Day, Festival de Artes Visuais e outras atra\u00e7\u00f5es gratuitas; confira | Guia Comercial de Americana SP\" \/>\n<meta property=\"og:description\" content=\"Explore a agenda cultural de julho com Rock Day e atra\u00e7\u00f5es gratuitas em Americana.\" \/>\n<meta property=\"og:url\" content=\"https:\/\/www.encontraamericana.com.br\/guia\/agenda-cultural-de-julho-em-americana-tem-rock-day-festival-de-artes-visuais-e-outras-atracoes-gratuitas-confira\/\" \/>\n<meta property=\"og:site_name\" content=\"Guia Comercial de Americana SP\" \/>\n<meta property=\"article:published_time\" content=\"2026-07-04T11:36:21+00:00\" \/>\n<meta property=\"og:image\" content=\"https:\/\/www.encontraamericana.com.br\/guia\/wp-content\/uploads\/2026\/07\/agenda-cultural-de-julho-em-americana-tem-rock-day-festival-de-artes-visuais-e-outras-atracoes-gratu.webp\" \/>\n<meta name=\"author\" content=\"Encontra Americana\" \/>\n<meta name=\"twitter:card\" content=\"summary_large_image\" \/>\n<meta name=\"twitter:label1\" content=\"Escrito por\" \/>\n\t<meta name=\"twitter:data1\" content=\"Encontra Americana\" \/>\n\t<meta name=\"twitter:label2\" content=\"Est. tempo de leitura\" \/>\n\t<meta name=\"twitter:data2\" content=\"4 minutos\" \/>\n<script type=\"application\/ld+json\" class=\"yoast-schema-graph\">{\"@context\":\"https:\\\/\\\/schema.org\",\"@graph\":[{\"@type\":\"Article\",\"@id\":\"https:\\\/\\\/www.encontraamericana.com.br\\\/guia\\\/agenda-cultural-de-julho-em-americana-tem-rock-day-festival-de-artes-visuais-e-outras-atracoes-gratuitas-confira\\\/#article\",\"isPartOf\":{\"@id\":\"https:\\\/\\\/www.encontraamericana.com.br\\\/guia\\\/agenda-cultural-de-julho-em-americana-tem-rock-day-festival-de-artes-visuais-e-outras-atracoes-gratuitas-confira\\\/\"},\"author\":{\"name\":\"Encontra Americana\",\"@id\":\"https:\\\/\\\/www.encontraamericana.com.br\\\/guia\\\/#\\\/schema\\\/person\\\/515cbc6082144e7445cab98211d14f9b\"},\"headline\":\"Agenda cultural de julho em Americana tem Rock Day, Festival de Artes Visuais e outras atra\u00e7\u00f5es gratuitas; confira\",\"datePublished\":\"2026-07-04T11:36:21+00:00\",\"mainEntityOfPage\":{\"@id\":\"https:\\\/\\\/www.encontraamericana.com.br\\\/guia\\\/agenda-cultural-de-julho-em-americana-tem-rock-day-festival-de-artes-visuais-e-outras-atracoes-gratuitas-confira\\\/\"},\"wordCount\":823,\"commentCount\":0,\"image\":{\"@id\":\"https:\\\/\\\/www.encontraamericana.com.br\\\/guia\\\/agenda-cultural-de-julho-em-americana-tem-rock-day-festival-de-artes-visuais-e-outras-atracoes-gratuitas-confira\\\/#primaryimage\"},\"thumbnailUrl\":\"https:\\\/\\\/www.encontraamericana.com.br\\\/guia\\\/wp-content\\\/uploads\\\/2026\\\/07\\\/agenda-cultural-de-julho-em-americana-tem-rock-day-festival-de-artes-visuais-e-outras-atracoes-gratu.webp\",\"articleSection\":[\"Shows Americana\"],\"inLanguage\":\"pt-BR\",\"potentialAction\":[{\"@type\":\"CommentAction\",\"name\":\"Comment\",\"target\":[\"https:\\\/\\\/www.encontraamericana.com.br\\\/guia\\\/agenda-cultural-de-julho-em-americana-tem-rock-day-festival-de-artes-visuais-e-outras-atracoes-gratuitas-confira\\\/#respond\"]}]},{\"@type\":\"WebPage\",\"@id\":\"https:\\\/\\\/www.encontraamericana.com.br\\\/guia\\\/agenda-cultural-de-julho-em-americana-tem-rock-day-festival-de-artes-visuais-e-outras-atracoes-gratuitas-confira\\\/\",\"url\":\"https:\\\/\\\/www.encontraamericana.com.br\\\/guia\\\/agenda-cultural-de-julho-em-americana-tem-rock-day-festival-de-artes-visuais-e-outras-atracoes-gratuitas-confira\\\/\",\"name\":\"Agenda cultural de julho em Americana tem Rock Day, Festival de Artes Visuais e outras atra\u00e7\u00f5es gratuitas; confira | Guia Comercial de Americana SP\",\"isPartOf\":{\"@id\":\"https:\\\/\\\/www.encontraamericana.com.br\\\/guia\\\/#website\"},\"primaryImageOfPage\":{\"@id\":\"https:\\\/\\\/www.encontraamericana.com.br\\\/guia\\\/agenda-cultural-de-julho-em-americana-tem-rock-day-festival-de-artes-visuais-e-outras-atracoes-gratuitas-confira\\\/#primaryimage\"},\"image\":{\"@id\":\"https:\\\/\\\/www.encontraamericana.com.br\\\/guia\\\/agenda-cultural-de-julho-em-americana-tem-rock-day-festival-de-artes-visuais-e-outras-atracoes-gratuitas-confira\\\/#primaryimage\"},\"thumbnailUrl\":\"https:\\\/\\\/www.encontraamericana.com.br\\\/guia\\\/wp-content\\\/uploads\\\/2026\\\/07\\\/agenda-cultural-de-julho-em-americana-tem-rock-day-festival-de-artes-visuais-e-outras-atracoes-gratu.webp\",\"datePublished\":\"2026-07-04T11:36:21+00:00\",\"author\":{\"@id\":\"https:\\\/\\\/www.encontraamericana.com.br\\\/guia\\\/#\\\/schema\\\/person\\\/515cbc6082144e7445cab98211d14f9b\"},\"inLanguage\":\"pt-BR\",\"potentialAction\":[{\"@type\":\"ReadAction\",\"target\":[\"https:\\\/\\\/www.encontraamericana.com.br\\\/guia\\\/agenda-cultural-de-julho-em-americana-tem-rock-day-festival-de-artes-visuais-e-outras-atracoes-gratuitas-confira\\\/\"]}]},{\"@type\":\"ImageObject\",\"inLanguage\":\"pt-BR\",\"@id\":\"https:\\\/\\\/www.encontraamericana.com.br\\\/guia\\\/agenda-cultural-de-julho-em-americana-tem-rock-day-festival-de-artes-visuais-e-outras-atracoes-gratuitas-confira\\\/#primaryimage\",\"url\":\"https:\\\/\\\/www.encontraamericana.com.br\\\/guia\\\/wp-content\\\/uploads\\\/2026\\\/07\\\/agenda-cultural-de-julho-em-americana-tem-rock-day-festival-de-artes-visuais-e-outras-atracoes-gratu.webp\",\"contentUrl\":\"https:\\\/\\\/www.encontraamericana.com.br\\\/guia\\\/wp-content\\\/uploads\\\/2026\\\/07\\\/agenda-cultural-de-julho-em-americana-tem-rock-day-festival-de-artes-visuais-e-outras-atracoes-gratu.webp\",\"width\":280,\"height\":280,\"caption\":\"agenda cultural de julho em americana\"},{\"@type\":\"WebSite\",\"@id\":\"https:\\\/\\\/www.encontraamericana.com.br\\\/guia\\\/#website\",\"url\":\"https:\\\/\\\/www.encontraamericana.com.br\\\/guia\\\/\",\"name\":\"Guia Comercial de Americana SP\",\"description\":\"ENCONTRA AMERICANA - O guia comercial de neg\u00f3cios e empresas, cultura e divers\u00e3o na cidade de Americana. Feito 100% para voc\u00ea morador!\",\"potentialAction\":[{\"@type\":\"SearchAction\",\"target\":{\"@type\":\"EntryPoint\",\"urlTemplate\":\"https:\\\/\\\/www.encontraamericana.com.br\\\/guia\\\/?s={search_term_string}\"},\"query-input\":{\"@type\":\"PropertyValueSpecification\",\"valueRequired\":true,\"valueName\":\"search_term_string\"}}],\"inLanguage\":\"pt-BR\"},{\"@type\":\"Person\",\"@id\":\"https:\\\/\\\/www.encontraamericana.com.br\\\/guia\\\/#\\\/schema\\\/person\\\/515cbc6082144e7445cab98211d14f9b\",\"name\":\"Encontra Americana\",\"image\":{\"@type\":\"ImageObject\",\"inLanguage\":\"pt-BR\",\"@id\":\"https:\\\/\\\/secure.gravatar.com\\\/avatar\\\/c50c17820bcf322f0a8fd6b110b8c0918141409dc69076470f6fca5fee70a5d4?s=96&d=mm&r=g\",\"url\":\"https:\\\/\\\/secure.gravatar.com\\\/avatar\\\/c50c17820bcf322f0a8fd6b110b8c0918141409dc69076470f6fca5fee70a5d4?s=96&d=mm&r=g\",\"contentUrl\":\"https:\\\/\\\/secure.gravatar.com\\\/avatar\\\/c50c17820bcf322f0a8fd6b110b8c0918141409dc69076470f6fca5fee70a5d4?s=96&d=mm&r=g\",\"caption\":\"Encontra Americana\"},\"url\":\"https:\\\/\\\/www.encontraamericana.com.br\\\/guia\\\/author\\\/encontraamericana\\\/\"}]}<\/script>\n<!-- \/ Yoast SEO plugin. -->","yoast_head_json":{"title":"Agenda cultural de julho em Americana tem Rock Day, Festival de Artes Visuais e outras atra\u00e7\u00f5es gratuitas; confira | Guia Comercial de Americana SP","robots":{"index":"index","follow":"follow","max-snippet":"max-snippet:-1","max-image-preview":"max-image-preview:large","max-video-preview":"max-video-preview:-1"},"canonical":"https:\/\/www.encontraamericana.com.br\/guia\/agenda-cultural-de-julho-em-americana-tem-rock-day-festival-de-artes-visuais-e-outras-atracoes-gratuitas-confira\/","og_locale":"pt_BR","og_type":"article","og_title":"Agenda cultural de julho em Americana tem Rock Day, Festival de Artes Visuais e outras atra\u00e7\u00f5es gratuitas; confira | Guia Comercial de Americana SP","og_description":"Explore a agenda cultural de julho com Rock Day e atra\u00e7\u00f5es gratuitas em Americana.","og_url":"https:\/\/www.encontraamericana.com.br\/guia\/agenda-cultural-de-julho-em-americana-tem-rock-day-festival-de-artes-visuais-e-outras-atracoes-gratuitas-confira\/","og_site_name":"Guia Comercial de Americana SP","article_published_time":"2026-07-04T11:36:21+00:00","og_image":[{"url":"https:\/\/www.encontraamericana.com.br\/guia\/wp-content\/uploads\/2026\/07\/agenda-cultural-de-julho-em-americana-tem-rock-day-festival-de-artes-visuais-e-outras-atracoes-gratu.webp","type":"","width":"","height":""}],"author":"Encontra Americana","twitter_card":"summary_large_image","twitter_misc":{"Escrito por":"Encontra Americana","Est. tempo de leitura":"4 minutos"},"schema":{"@context":"https:\/\/schema.org","@graph":[{"@type":"Article","@id":"https:\/\/www.encontraamericana.com.br\/guia\/agenda-cultural-de-julho-em-americana-tem-rock-day-festival-de-artes-visuais-e-outras-atracoes-gratuitas-confira\/#article","isPartOf":{"@id":"https:\/\/www.encontraamericana.com.br\/guia\/agenda-cultural-de-julho-em-americana-tem-rock-day-festival-de-artes-visuais-e-outras-atracoes-gratuitas-confira\/"},"author":{"name":"Encontra Americana","@id":"https:\/\/www.encontraamericana.com.br\/guia\/#\/schema\/person\/515cbc6082144e7445cab98211d14f9b"},"headline":"Agenda cultural de julho em Americana tem Rock Day, Festival de Artes Visuais e outras atra\u00e7\u00f5es gratuitas; confira","datePublished":"2026-07-04T11:36:21+00:00","mainEntityOfPage":{"@id":"https:\/\/www.encontraamericana.com.br\/guia\/agenda-cultural-de-julho-em-americana-tem-rock-day-festival-de-artes-visuais-e-outras-atracoes-gratuitas-confira\/"},"wordCount":823,"commentCount":0,"image":{"@id":"https:\/\/www.encontraamericana.com.br\/guia\/agenda-cultural-de-julho-em-americana-tem-rock-day-festival-de-artes-visuais-e-outras-atracoes-gratuitas-confira\/#primaryimage"},"thumbnailUrl":"https:\/\/www.encontraamericana.com.br\/guia\/wp-content\/uploads\/2026\/07\/agenda-cultural-de-julho-em-americana-tem-rock-day-festival-de-artes-visuais-e-outras-atracoes-gratu.webp","articleSection":["Shows Americana"],"inLanguage":"pt-BR","potentialAction":[{"@type":"CommentAction","name":"Comment","target":["https:\/\/www.encontraamericana.com.br\/guia\/agenda-cultural-de-julho-em-americana-tem-rock-day-festival-de-artes-visuais-e-outras-atracoes-gratuitas-confira\/#respond"]}]},{"@type":"WebPage","@id":"https:\/\/www.encontraamericana.com.br\/guia\/agenda-cultural-de-julho-em-americana-tem-rock-day-festival-de-artes-visuais-e-outras-atracoes-gratuitas-confira\/","url":"https:\/\/www.encontraamericana.com.br\/guia\/agenda-cultural-de-julho-em-americana-tem-rock-day-festival-de-artes-visuais-e-outras-atracoes-gratuitas-confira\/","name":"Agenda cultural de julho em Americana tem Rock Day, Festival de Artes Visuais e outras atra\u00e7\u00f5es gratuitas; confira | Guia Comercial de Americana SP","isPartOf":{"@id":"https:\/\/www.encontraamericana.com.br\/guia\/#website"},"primaryImageOfPage":{"@id":"https:\/\/www.encontraamericana.com.br\/guia\/agenda-cultural-de-julho-em-americana-tem-rock-day-festival-de-artes-visuais-e-outras-atracoes-gratuitas-confira\/#primaryimage"},"image":{"@id":"https:\/\/www.encontraamericana.com.br\/guia\/agenda-cultural-de-julho-em-americana-tem-rock-day-festival-de-artes-visuais-e-outras-atracoes-gratuitas-confira\/#primaryimage"},"thumbnailUrl":"https:\/\/www.encontraamericana.com.br\/guia\/wp-content\/uploads\/2026\/07\/agenda-cultural-de-julho-em-americana-tem-rock-day-festival-de-artes-visuais-e-outras-atracoes-gratu.webp","datePublished":"2026-07-04T11:36:21+00:00","author":{"@id":"https:\/\/www.encontraamericana.com.br\/guia\/#\/schema\/person\/515cbc6082144e7445cab98211d14f9b"},"inLanguage":"pt-BR","potentialAction":[{"@type":"ReadAction","target":["https:\/\/www.encontraamericana.com.br\/guia\/agenda-cultural-de-julho-em-americana-tem-rock-day-festival-de-artes-visuais-e-outras-atracoes-gratuitas-confira\/"]}]},{"@type":"ImageObject","inLanguage":"pt-BR","@id":"https:\/\/www.encontraamericana.com.br\/guia\/agenda-cultural-de-julho-em-americana-tem-rock-day-festival-de-artes-visuais-e-outras-atracoes-gratuitas-confira\/#primaryimage","url":"https:\/\/www.encontraamericana.com.br\/guia\/wp-content\/uploads\/2026\/07\/agenda-cultural-de-julho-em-americana-tem-rock-day-festival-de-artes-visuais-e-outras-atracoes-gratu.webp","contentUrl":"https:\/\/www.encontraamericana.com.br\/guia\/wp-content\/uploads\/2026\/07\/agenda-cultural-de-julho-em-americana-tem-rock-day-festival-de-artes-visuais-e-outras-atracoes-gratu.webp","width":280,"height":280,"caption":"agenda cultural de julho em americana"},{"@type":"WebSite","@id":"https:\/\/www.encontraamericana.com.br\/guia\/#website","url":"https:\/\/www.encontraamericana.com.br\/guia\/","name":"Guia Comercial de Americana SP","description":"ENCONTRA AMERICANA - O guia comercial de neg\u00f3cios e empresas, cultura e divers\u00e3o na cidade de Americana. Feito 100% para voc\u00ea morador!","potentialAction":[{"@type":"SearchAction","target":{"@type":"EntryPoint","urlTemplate":"https:\/\/www.encontraamericana.com.br\/guia\/?s={search_term_string}"},"query-input":{"@type":"PropertyValueSpecification","valueRequired":true,"valueName":"search_term_string"}}],"inLanguage":"pt-BR"},{"@type":"Person","@id":"https:\/\/www.encontraamericana.com.br\/guia\/#\/schema\/person\/515cbc6082144e7445cab98211d14f9b","name":"Encontra Americana","image":{"@type":"ImageObject","inLanguage":"pt-BR","@id":"https:\/\/secure.gravatar.com\/avatar\/c50c17820bcf322f0a8fd6b110b8c0918141409dc69076470f6fca5fee70a5d4?s=96&d=mm&r=g","url":"https:\/\/secure.gravatar.com\/avatar\/c50c17820bcf322f0a8fd6b110b8c0918141409dc69076470f6fca5fee70a5d4?s=96&d=mm&r=g","contentUrl":"https:\/\/secure.gravatar.com\/avatar\/c50c17820bcf322f0a8fd6b110b8c0918141409dc69076470f6fca5fee70a5d4?s=96&d=mm&r=g","caption":"Encontra Americana"},"url":"https:\/\/www.encontraamericana.com.br\/guia\/author\/encontraamericana\/"}]}},"_links":{"self":[{"href":"https:\/\/www.encontraamericana.com.br\/guia\/wp-json\/wp\/v2\/posts\/6713","targetHints":{"allow":["GET"]}}],"collection":[{"href":"https:\/\/www.encontraamericana.com.br\/guia\/wp-json\/wp\/v2\/posts"}],"about":[{"href":"https:\/\/www.encontraamericana.com.br\/guia\/wp-json\/wp\/v2\/types\/post"}],"author":[{"embeddable":true,"href":"https:\/\/www.encontraamericana.com.br\/guia\/wp-json\/wp\/v2\/users\/1"}],"replies":[{"embeddable":true,"href":"https:\/\/www.encontraamericana.com.br\/guia\/wp-json\/wp\/v2\/comments?post=6713"}],"version-history":[{"count":0,"href":"https:\/\/www.encontraamericana.com.br\/guia\/wp-json\/wp\/v2\/posts\/6713\/revisions"}],"wp:featuredmedia":[{"embeddable":true,"href":"https:\/\/www.encontraamericana.com.br\/guia\/wp-json\/wp\/v2\/media\/6712"}],"wp:attachment":[{"href":"https:\/\/www.encontraamericana.com.br\/guia\/wp-json\/wp\/v2\/media?parent=6713"}],"wp:term":[{"taxonomy":"category","embeddable":true,"href":"https:\/\/www.encontraamericana.com.br\/guia\/wp-json\/wp\/v2\/categories?post=6713"},{"taxonomy":"post_tag","embeddable":true,"href":"https:\/\/www.encontraamericana.com.br\/guia\/wp-json\/wp\/v2\/tags?post=6713"}],"curies":[{"name":"wp","href":"https:\/\/api.w.org\/{rel}","templated":true}]}}