{"id":6786,"date":"2026-07-15T02:56:41","date_gmt":"2026-07-15T05:56:41","guid":{"rendered":"https:\/\/www.encontraamericana.com.br\/guia\/revelando-sp-estreia-em-americana-em-agosto\/"},"modified":"2026-07-15T02:56:41","modified_gmt":"2026-07-15T05:56:41","slug":"revelando-sp-estreia-em-americana-em-agosto","status":"publish","type":"post","link":"https:\/\/www.encontraamericana.com.br\/guia\/revelando-sp-estreia-em-americana-em-agosto\/","title":{"rendered":"Revelando SP estreia em Americana em agosto"},"content":{"rendered":"<h2>Culin\u00e1ria T\u00edpica de 45 Cidades<\/h2>\n<p>O festival Revelando SP, um dos eventos mais esperados da cultura paulista, traz para Americana uma variedade impressionante de pratos que representam a gastronomia de 45 munic\u00edpios. A presen\u00e7a de 66 expositores permitir\u00e1 que os visitantes degustem del\u00edcias como a famosa <strong>feijoada<\/strong>, <strong>p\u00e3o de queijo<\/strong>, <strong>tutu de feij\u00e3o<\/strong>, entre outras especialidades regionais. Cada stand proporcionar\u00e1 uma experi\u00eancia \u00fanica, onde as fam\u00edlias poder\u00e3o explorar a diversidade dos sabores paulistas. Al\u00e9m disso, haver\u00e1 tamb\u00e9m op\u00e7\u00f5es vegetarianas e doces t\u00edpicos, garantindo um verdadeiro banquete dos sentidos.<\/p>\n<h2>Shows Gratuitos de Renato Teixeira<\/h2>\n<p>Outro destaque imperd\u00edvel do Revelando SP \u00e9 a apresenta\u00e7\u00e3o de artistas que representam a rica cultura musical do estado. No segundo dia do evento, os visitantes ter\u00e3o a oportunidade de assistir a um show gratuito do renomado cantor e compositor <strong>Renato Teixeira<\/strong>, figura ic\u00f4nica da m\u00fasica caipira e popular brasileira. Com suas letras que falam do cotidiano e da vida no interior, Renato promete tocar os cora\u00e7\u00f5es dos ouvintes, celebrando as tradi\u00e7\u00f5es que moldam a identidade paulista. A programa\u00e7\u00e3o musical do festival incluir\u00e1 tamb\u00e9m outras apresenta\u00e7\u00f5es de artistas da regi\u00e3o, garantindo um final de semana repleto de cultura e emo\u00e7\u00e3o.<\/p>\n<h2>Destaques da Cultura Paulista<\/h2>\n<p>Revelando SP n\u00e3o se limita apenas \u00e0 gastronomia e m\u00fasica; o evento tamb\u00e9m oferece um espa\u00e7o vibrante para o artesanato e as manifesta\u00e7\u00f5es culturais. Os expositores trar\u00e3o produtos feitos com t\u00e9cnicas tradicionais, como o <strong>bordado<\/strong>, a <strong>cer\u00e2mica<\/strong>, e os <strong>tran\u00e7ados em fibras<\/strong>. Esses itens, que s\u00e3o passados de gera\u00e7\u00e3o para gera\u00e7\u00e3o, s\u00e3o verdadeiros testemunhos da cultura paulista e sua import\u00e2ncia para a identidade das comunidades. O festival propicia um ambiente onde os participantes podem aprender mais sobre essas tradi\u00e7\u00f5es, promovendo o respeito e a valoriza\u00e7\u00e3o do saber-fazer local.<\/p>\n<p><img decoding=\"async\" src=\"https:\/\/www.encontraamericana.com.br\/guia\/wp-content\/uploads\/2026\/07\/revelando-sp-estreia-em-americana-em-agosto.webp\" alt=\"Revelando SP\" loading=\"lazy\" \/><\/p>\n<h2>Atividades para Toda a Fam\u00edlia<\/h2>\n<p>O Revelando SP \u00e9 um evento pensado para ser um dia de divers\u00e3o para toda a fam\u00edlia. Al\u00e9m dos shows e das del\u00edcias gastron\u00f4micas, o festival contar\u00e1 com uma variedade de atividades interativas, como oficinas de artesanato, apresenta\u00e7\u00f5es de grupos folcl\u00f3ricos e espa\u00e7os para crian\u00e7as. Os visitantes poder\u00e3o vivenciar as tradi\u00e7\u00f5es culturais em um ambiente acolhedor e festivo, garantindo que todos os membros da fam\u00edlia, desde os mais novos aos mais velhos, encontrem algo especial para apreciar.<\/p>\n<h2>Localiza\u00e7\u00e3o do Evento<\/h2>\n<p>O festival ocorrer\u00e1 no <strong>Centro de Cultura e Lazer (CCL)<\/strong> de Americana, localizado na Avenida Brasil, 1293, Jardim S\u00e3o Paulo, Americana\/SP. Este espa\u00e7o \u00e9 ideal para abrigar um evento de tal magnitude, oferecendo infraestrutura adequada para a realiza\u00e7\u00e3o das diversas atividades planejadas. A acessibilidade do CCL facilita a participa\u00e7\u00e3o de um p\u00fablico amplo, fazendo com que o festival seja uma celebra\u00e7\u00e3o da cultura paulista para todos.<\/p>\n<h2>Datas e Hor\u00e1rios da Programa\u00e7\u00e3o<\/h2>\n<p>Os dias do evento ser\u00e3o <strong>1\u00ba e 2 de agosto de 2026<\/strong>, com hor\u00e1rios variados: no primeiro dia, o festival estar\u00e1 aberto das <strong>10h30 \u00e0s 23h<\/strong>, e no segundo, das <strong>10h30 \u00e0s 20h<\/strong>. Essa programa\u00e7\u00e3o extensa proporciona v\u00e1rias oportunidades para que os visitantes aproveitem ao m\u00e1ximo o que o festival tem a oferecer.<\/p>\n<h2>Hist\u00f3ria do Revelando SP<\/h2>\n<p>O Revelando SP tem uma trajet\u00f3ria de quase 30 anos, consolidando-se como o maior festival de cultura tradicional do estado. Desde sua primeira edi\u00e7\u00e3o, o evento tem como objetivo promover e preservar as tradi\u00e7\u00f5es culturais do interior paulista, envolvendo comunidades e visitantes em uma experi\u00eancia rica e educativa. Com mais de 60 edi\u00e7\u00f5es realizadas at\u00e9 agora, o festival tem contribu\u00eddo significativamente para a conex\u00e3o entre gera\u00e7\u00f5es e a continuidade das pr\u00e1ticas culturais.<\/p>\n<h2>Import\u00e2ncia da Cultura Tradicional<\/h2>\n<p>O Revelando SP desempenha um papel fundamental no resgate e na preserva\u00e7\u00e3o das identidades regionais. Como salienta <strong>Marilia Marton<\/strong>, secret\u00e1ria da Cultura, Economia e Ind\u00fastria Criativas do Estado de S\u00e3o Paulo, o evento \u00e9 uma forma de garantir que as tradi\u00e7\u00f5es e saberes que caracterizam a cultura paulista permane\u00e7am vivos. Atrav\u00e9s do festival, o p\u00fablico tem a chance de valorizar o patrim\u00f4nio cultural imaterial, aprendendo sobre a culin\u00e1ria, dan\u00e7as e artesanato que contam a hist\u00f3ria da gente paulista.<\/p>\n<h2>Expectativa para a Edi\u00e7\u00e3o de 2026<\/h2>\n<p>A edi\u00e7\u00e3o de 2026 promete ser ainda mais grandiosa, com a intensifica\u00e7\u00e3o das atividades culturais e art\u00edsticas. A expectativa \u00e9 de um p\u00fablico significativo, que se unir\u00e1 para celebrar e fortalecer as tradi\u00e7\u00f5es locais em um ambiente festivo e acolhedor. O governo estadual, em colabora\u00e7\u00e3o com as prefeituras e institui\u00e7\u00f5es parceiras, est\u00e1 comprometido em garantir uma experi\u00eancia enriquecedora e acess\u00edvel, confirmando o valor do Revelando SP como uma vitrine das melhores tradi\u00e7\u00f5es culturais do Brasil.<\/p>\n<h2>Apoio das Institui\u00e7\u00f5es e Parcerias<\/h2>\n<p>O festival conta com a realiza\u00e7\u00e3o e apoio de v\u00e1rias institui\u00e7\u00f5es, incluindo a <strong>Secretaria da Cultura, Economia e Ind\u00fastria Criativas do Estado de S\u00e3o Paulo<\/strong> e a <strong>Prefeitura de Americana<\/strong>, com gest\u00e3o e produ\u00e7\u00e3o da <strong>Associa\u00e7\u00e3o Paulista dos Amigos da Arte (APAA)<\/strong> e apoio do <strong>Sebrae<\/strong>. Esse trabalho conjunto \u00e9 essencial para a realiza\u00e7\u00e3o de um evento que n\u00e3o apenas celebra a cultura, mas tamb\u00e9m promove o desenvolvimento econ\u00f4mico e social das comunidades envolvidas.<\/p>\n","protected":false},"excerpt":{"rendered":"<p>Revelando SP traz shows gratuitos e del\u00edcias da culin\u00e1ria t\u00edpica em Americana.<\/p>\n","protected":false},"author":1,"featured_media":6785,"comment_status":"open","ping_status":"open","sticky":false,"template":"","format":"standard","meta":{"footnotes":""},"categories":[902],"tags":[],"class_list":["post-6786","post","type-post","status-publish","format-standard","has-post-thumbnail","hentry","category-shows","has_thumb"],"yoast_head":"<!-- This site is optimized with the Yoast SEO plugin v27.6 - https:\/\/yoast.com\/product\/yoast-seo-wordpress\/ -->\n<title>Revelando SP estreia em Americana em agosto | Guia Comercial de Americana SP<\/title>\n<meta name=\"robots\" content=\"index, follow, max-snippet:-1, max-image-preview:large, max-video-preview:-1\" \/>\n<link rel=\"canonical\" href=\"https:\/\/www.encontraamericana.com.br\/guia\/revelando-sp-estreia-em-americana-em-agosto\/\" \/>\n<meta property=\"og:locale\" content=\"pt_BR\" \/>\n<meta property=\"og:type\" content=\"article\" \/>\n<meta property=\"og:title\" content=\"Revelando SP estreia em Americana em agosto | Guia Comercial de Americana SP\" \/>\n<meta property=\"og:description\" content=\"Revelando SP traz shows gratuitos e del\u00edcias da culin\u00e1ria t\u00edpica em Americana.\" \/>\n<meta property=\"og:url\" content=\"https:\/\/www.encontraamericana.com.br\/guia\/revelando-sp-estreia-em-americana-em-agosto\/\" \/>\n<meta property=\"og:site_name\" content=\"Guia Comercial de Americana SP\" \/>\n<meta property=\"article:published_time\" content=\"2026-07-15T05:56:41+00:00\" \/>\n<meta property=\"og:image\" content=\"https:\/\/www.encontraamericana.com.br\/guia\/wp-content\/uploads\/2026\/07\/revelando-sp-estreia-em-americana-em-agosto.webp\" \/>\n<meta name=\"author\" content=\"Encontra Americana\" \/>\n<meta name=\"twitter:card\" content=\"summary_large_image\" \/>\n<meta name=\"twitter:label1\" content=\"Escrito por\" \/>\n\t<meta name=\"twitter:data1\" content=\"Encontra Americana\" \/>\n\t<meta name=\"twitter:label2\" content=\"Est. tempo de leitura\" \/>\n\t<meta name=\"twitter:data2\" content=\"5 minutos\" \/>\n<script type=\"application\/ld+json\" class=\"yoast-schema-graph\">{\"@context\":\"https:\\\/\\\/schema.org\",\"@graph\":[{\"@type\":\"Article\",\"@id\":\"https:\\\/\\\/www.encontraamericana.com.br\\\/guia\\\/revelando-sp-estreia-em-americana-em-agosto\\\/#article\",\"isPartOf\":{\"@id\":\"https:\\\/\\\/www.encontraamericana.com.br\\\/guia\\\/revelando-sp-estreia-em-americana-em-agosto\\\/\"},\"author\":{\"name\":\"Encontra Americana\",\"@id\":\"https:\\\/\\\/www.encontraamericana.com.br\\\/guia\\\/#\\\/schema\\\/person\\\/515cbc6082144e7445cab98211d14f9b\"},\"headline\":\"Revelando SP estreia em Americana em agosto\",\"datePublished\":\"2026-07-15T05:56:41+00:00\",\"mainEntityOfPage\":{\"@id\":\"https:\\\/\\\/www.encontraamericana.com.br\\\/guia\\\/revelando-sp-estreia-em-americana-em-agosto\\\/\"},\"wordCount\":918,\"commentCount\":0,\"image\":{\"@id\":\"https:\\\/\\\/www.encontraamericana.com.br\\\/guia\\\/revelando-sp-estreia-em-americana-em-agosto\\\/#primaryimage\"},\"thumbnailUrl\":\"https:\\\/\\\/www.encontraamericana.com.br\\\/guia\\\/wp-content\\\/uploads\\\/2026\\\/07\\\/revelando-sp-estreia-em-americana-em-agosto.webp\",\"articleSection\":[\"Shows Americana\"],\"inLanguage\":\"pt-BR\",\"potentialAction\":[{\"@type\":\"CommentAction\",\"name\":\"Comment\",\"target\":[\"https:\\\/\\\/www.encontraamericana.com.br\\\/guia\\\/revelando-sp-estreia-em-americana-em-agosto\\\/#respond\"]}]},{\"@type\":\"WebPage\",\"@id\":\"https:\\\/\\\/www.encontraamericana.com.br\\\/guia\\\/revelando-sp-estreia-em-americana-em-agosto\\\/\",\"url\":\"https:\\\/\\\/www.encontraamericana.com.br\\\/guia\\\/revelando-sp-estreia-em-americana-em-agosto\\\/\",\"name\":\"Revelando SP estreia em Americana em agosto | Guia Comercial de Americana SP\",\"isPartOf\":{\"@id\":\"https:\\\/\\\/www.encontraamericana.com.br\\\/guia\\\/#website\"},\"primaryImageOfPage\":{\"@id\":\"https:\\\/\\\/www.encontraamericana.com.br\\\/guia\\\/revelando-sp-estreia-em-americana-em-agosto\\\/#primaryimage\"},\"image\":{\"@id\":\"https:\\\/\\\/www.encontraamericana.com.br\\\/guia\\\/revelando-sp-estreia-em-americana-em-agosto\\\/#primaryimage\"},\"thumbnailUrl\":\"https:\\\/\\\/www.encontraamericana.com.br\\\/guia\\\/wp-content\\\/uploads\\\/2026\\\/07\\\/revelando-sp-estreia-em-americana-em-agosto.webp\",\"datePublished\":\"2026-07-15T05:56:41+00:00\",\"author\":{\"@id\":\"https:\\\/\\\/www.encontraamericana.com.br\\\/guia\\\/#\\\/schema\\\/person\\\/515cbc6082144e7445cab98211d14f9b\"},\"inLanguage\":\"pt-BR\",\"potentialAction\":[{\"@type\":\"ReadAction\",\"target\":[\"https:\\\/\\\/www.encontraamericana.com.br\\\/guia\\\/revelando-sp-estreia-em-americana-em-agosto\\\/\"]}]},{\"@type\":\"ImageObject\",\"inLanguage\":\"pt-BR\",\"@id\":\"https:\\\/\\\/www.encontraamericana.com.br\\\/guia\\\/revelando-sp-estreia-em-americana-em-agosto\\\/#primaryimage\",\"url\":\"https:\\\/\\\/www.encontraamericana.com.br\\\/guia\\\/wp-content\\\/uploads\\\/2026\\\/07\\\/revelando-sp-estreia-em-americana-em-agosto.webp\",\"contentUrl\":\"https:\\\/\\\/www.encontraamericana.com.br\\\/guia\\\/wp-content\\\/uploads\\\/2026\\\/07\\\/revelando-sp-estreia-em-americana-em-agosto.webp\",\"width\":280,\"height\":280,\"caption\":\"Revelando SP\"},{\"@type\":\"WebSite\",\"@id\":\"https:\\\/\\\/www.encontraamericana.com.br\\\/guia\\\/#website\",\"url\":\"https:\\\/\\\/www.encontraamericana.com.br\\\/guia\\\/\",\"name\":\"Guia Comercial de Americana SP\",\"description\":\"ENCONTRA AMERICANA - O guia comercial de neg\u00f3cios e empresas, cultura e divers\u00e3o na cidade de Americana. Feito 100% para voc\u00ea morador!\",\"potentialAction\":[{\"@type\":\"SearchAction\",\"target\":{\"@type\":\"EntryPoint\",\"urlTemplate\":\"https:\\\/\\\/www.encontraamericana.com.br\\\/guia\\\/?s={search_term_string}\"},\"query-input\":{\"@type\":\"PropertyValueSpecification\",\"valueRequired\":true,\"valueName\":\"search_term_string\"}}],\"inLanguage\":\"pt-BR\"},{\"@type\":\"Person\",\"@id\":\"https:\\\/\\\/www.encontraamericana.com.br\\\/guia\\\/#\\\/schema\\\/person\\\/515cbc6082144e7445cab98211d14f9b\",\"name\":\"Encontra Americana\",\"image\":{\"@type\":\"ImageObject\",\"inLanguage\":\"pt-BR\",\"@id\":\"https:\\\/\\\/secure.gravatar.com\\\/avatar\\\/c50c17820bcf322f0a8fd6b110b8c0918141409dc69076470f6fca5fee70a5d4?s=96&d=mm&r=g\",\"url\":\"https:\\\/\\\/secure.gravatar.com\\\/avatar\\\/c50c17820bcf322f0a8fd6b110b8c0918141409dc69076470f6fca5fee70a5d4?s=96&d=mm&r=g\",\"contentUrl\":\"https:\\\/\\\/secure.gravatar.com\\\/avatar\\\/c50c17820bcf322f0a8fd6b110b8c0918141409dc69076470f6fca5fee70a5d4?s=96&d=mm&r=g\",\"caption\":\"Encontra Americana\"},\"url\":\"https:\\\/\\\/www.encontraamericana.com.br\\\/guia\\\/author\\\/encontraamericana\\\/\"}]}<\/script>\n<!-- \/ Yoast SEO plugin. -->","yoast_head_json":{"title":"Revelando SP estreia em Americana em agosto | Guia Comercial de Americana SP","robots":{"index":"index","follow":"follow","max-snippet":"max-snippet:-1","max-image-preview":"max-image-preview:large","max-video-preview":"max-video-preview:-1"},"canonical":"https:\/\/www.encontraamericana.com.br\/guia\/revelando-sp-estreia-em-americana-em-agosto\/","og_locale":"pt_BR","og_type":"article","og_title":"Revelando SP estreia em Americana em agosto | Guia Comercial de Americana SP","og_description":"Revelando SP traz shows gratuitos e del\u00edcias da culin\u00e1ria t\u00edpica em Americana.","og_url":"https:\/\/www.encontraamericana.com.br\/guia\/revelando-sp-estreia-em-americana-em-agosto\/","og_site_name":"Guia Comercial de Americana SP","article_published_time":"2026-07-15T05:56:41+00:00","og_image":[{"url":"https:\/\/www.encontraamericana.com.br\/guia\/wp-content\/uploads\/2026\/07\/revelando-sp-estreia-em-americana-em-agosto.webp","type":"","width":"","height":""}],"author":"Encontra Americana","twitter_card":"summary_large_image","twitter_misc":{"Escrito por":"Encontra Americana","Est. tempo de leitura":"5 minutos"},"schema":{"@context":"https:\/\/schema.org","@graph":[{"@type":"Article","@id":"https:\/\/www.encontraamericana.com.br\/guia\/revelando-sp-estreia-em-americana-em-agosto\/#article","isPartOf":{"@id":"https:\/\/www.encontraamericana.com.br\/guia\/revelando-sp-estreia-em-americana-em-agosto\/"},"author":{"name":"Encontra Americana","@id":"https:\/\/www.encontraamericana.com.br\/guia\/#\/schema\/person\/515cbc6082144e7445cab98211d14f9b"},"headline":"Revelando SP estreia em Americana em agosto","datePublished":"2026-07-15T05:56:41+00:00","mainEntityOfPage":{"@id":"https:\/\/www.encontraamericana.com.br\/guia\/revelando-sp-estreia-em-americana-em-agosto\/"},"wordCount":918,"commentCount":0,"image":{"@id":"https:\/\/www.encontraamericana.com.br\/guia\/revelando-sp-estreia-em-americana-em-agosto\/#primaryimage"},"thumbnailUrl":"https:\/\/www.encontraamericana.com.br\/guia\/wp-content\/uploads\/2026\/07\/revelando-sp-estreia-em-americana-em-agosto.webp","articleSection":["Shows Americana"],"inLanguage":"pt-BR","potentialAction":[{"@type":"CommentAction","name":"Comment","target":["https:\/\/www.encontraamericana.com.br\/guia\/revelando-sp-estreia-em-americana-em-agosto\/#respond"]}]},{"@type":"WebPage","@id":"https:\/\/www.encontraamericana.com.br\/guia\/revelando-sp-estreia-em-americana-em-agosto\/","url":"https:\/\/www.encontraamericana.com.br\/guia\/revelando-sp-estreia-em-americana-em-agosto\/","name":"Revelando SP estreia em Americana em agosto | Guia Comercial de Americana SP","isPartOf":{"@id":"https:\/\/www.encontraamericana.com.br\/guia\/#website"},"primaryImageOfPage":{"@id":"https:\/\/www.encontraamericana.com.br\/guia\/revelando-sp-estreia-em-americana-em-agosto\/#primaryimage"},"image":{"@id":"https:\/\/www.encontraamericana.com.br\/guia\/revelando-sp-estreia-em-americana-em-agosto\/#primaryimage"},"thumbnailUrl":"https:\/\/www.encontraamericana.com.br\/guia\/wp-content\/uploads\/2026\/07\/revelando-sp-estreia-em-americana-em-agosto.webp","datePublished":"2026-07-15T05:56:41+00:00","author":{"@id":"https:\/\/www.encontraamericana.com.br\/guia\/#\/schema\/person\/515cbc6082144e7445cab98211d14f9b"},"inLanguage":"pt-BR","potentialAction":[{"@type":"ReadAction","target":["https:\/\/www.encontraamericana.com.br\/guia\/revelando-sp-estreia-em-americana-em-agosto\/"]}]},{"@type":"ImageObject","inLanguage":"pt-BR","@id":"https:\/\/www.encontraamericana.com.br\/guia\/revelando-sp-estreia-em-americana-em-agosto\/#primaryimage","url":"https:\/\/www.encontraamericana.com.br\/guia\/wp-content\/uploads\/2026\/07\/revelando-sp-estreia-em-americana-em-agosto.webp","contentUrl":"https:\/\/www.encontraamericana.com.br\/guia\/wp-content\/uploads\/2026\/07\/revelando-sp-estreia-em-americana-em-agosto.webp","width":280,"height":280,"caption":"Revelando SP"},{"@type":"WebSite","@id":"https:\/\/www.encontraamericana.com.br\/guia\/#website","url":"https:\/\/www.encontraamericana.com.br\/guia\/","name":"Guia Comercial de Americana SP","description":"ENCONTRA AMERICANA - O guia comercial de neg\u00f3cios e empresas, cultura e divers\u00e3o na cidade de Americana. Feito 100% para voc\u00ea morador!","potentialAction":[{"@type":"SearchAction","target":{"@type":"EntryPoint","urlTemplate":"https:\/\/www.encontraamericana.com.br\/guia\/?s={search_term_string}"},"query-input":{"@type":"PropertyValueSpecification","valueRequired":true,"valueName":"search_term_string"}}],"inLanguage":"pt-BR"},{"@type":"Person","@id":"https:\/\/www.encontraamericana.com.br\/guia\/#\/schema\/person\/515cbc6082144e7445cab98211d14f9b","name":"Encontra Americana","image":{"@type":"ImageObject","inLanguage":"pt-BR","@id":"https:\/\/secure.gravatar.com\/avatar\/c50c17820bcf322f0a8fd6b110b8c0918141409dc69076470f6fca5fee70a5d4?s=96&d=mm&r=g","url":"https:\/\/secure.gravatar.com\/avatar\/c50c17820bcf322f0a8fd6b110b8c0918141409dc69076470f6fca5fee70a5d4?s=96&d=mm&r=g","contentUrl":"https:\/\/secure.gravatar.com\/avatar\/c50c17820bcf322f0a8fd6b110b8c0918141409dc69076470f6fca5fee70a5d4?s=96&d=mm&r=g","caption":"Encontra Americana"},"url":"https:\/\/www.encontraamericana.com.br\/guia\/author\/encontraamericana\/"}]}},"_links":{"self":[{"href":"https:\/\/www.encontraamericana.com.br\/guia\/wp-json\/wp\/v2\/posts\/6786","targetHints":{"allow":["GET"]}}],"collection":[{"href":"https:\/\/www.encontraamericana.com.br\/guia\/wp-json\/wp\/v2\/posts"}],"about":[{"href":"https:\/\/www.encontraamericana.com.br\/guia\/wp-json\/wp\/v2\/types\/post"}],"author":[{"embeddable":true,"href":"https:\/\/www.encontraamericana.com.br\/guia\/wp-json\/wp\/v2\/users\/1"}],"replies":[{"embeddable":true,"href":"https:\/\/www.encontraamericana.com.br\/guia\/wp-json\/wp\/v2\/comments?post=6786"}],"version-history":[{"count":0,"href":"https:\/\/www.encontraamericana.com.br\/guia\/wp-json\/wp\/v2\/posts\/6786\/revisions"}],"wp:featuredmedia":[{"embeddable":true,"href":"https:\/\/www.encontraamericana.com.br\/guia\/wp-json\/wp\/v2\/media\/6785"}],"wp:attachment":[{"href":"https:\/\/www.encontraamericana.com.br\/guia\/wp-json\/wp\/v2\/media?parent=6786"}],"wp:term":[{"taxonomy":"category","embeddable":true,"href":"https:\/\/www.encontraamericana.com.br\/guia\/wp-json\/wp\/v2\/categories?post=6786"},{"taxonomy":"post_tag","embeddable":true,"href":"https:\/\/www.encontraamericana.com.br\/guia\/wp-json\/wp\/v2\/tags?post=6786"}],"curies":[{"name":"wp","href":"https:\/\/api.w.org\/{rel}","templated":true}]}}