{"id":6800,"date":"2026-07-17T00:57:36","date_gmt":"2026-07-17T03:57:36","guid":{"rendered":"https:\/\/www.encontraamericana.com.br\/guia\/dia-do-rock-banda-municipal-divide-palco-do-teatro-de-americana-com-a-banda-ar-40\/"},"modified":"2026-07-17T00:57:36","modified_gmt":"2026-07-17T03:57:36","slug":"dia-do-rock-banda-municipal-divide-palco-do-teatro-de-americana-com-a-banda-ar-40","status":"publish","type":"post","link":"https:\/\/www.encontraamericana.com.br\/guia\/dia-do-rock-banda-municipal-divide-palco-do-teatro-de-americana-com-a-banda-ar-40\/","title":{"rendered":"Dia do Rock: Banda Municipal divide palco do Teatro de Americana com a banda AR 40"},"content":{"rendered":"<h2>A Hist\u00f3ria do Dia do Rock<\/h2>\n<p>O Dia do Rock, estabelecido mundialmente em 13 de julho, surgiu como uma celebra\u00e7\u00e3o do g\u00eanero musical que revolucionou a cena cultural em diversas partes do mundo. Essa data remonta ao ano de 1985, quando ocorreu o famoso Live Aid, um concerto beneficente que ajudou a arrecadar fundos para combater a fome na Eti\u00f3pia. O evento contou com a participa\u00e7\u00e3o de grandes \u00edcones do rock, como Queen, U2 e David Bowie, e teve uma audi\u00eancia esmagadora, estabelecendo assim o 13 de julho como um marco na hist\u00f3ria da m\u00fasica.<\/p>\n<p>Com o passar dos anos, o Dia do Rock transformou-se em uma oportunidade para festejar n\u00e3o apenas as bandas cl\u00e1ssicas do rock, mas tamb\u00e9m novos artistas que carregam a chama desse g\u00eanero musical. \u00c9 um dia para homenagear a diversidade de estilos, desde o rock and roll at\u00e9 o punk e o grunge, celebrando a influ\u00eancia duradoura que o rock exerce sobre a cultura popular.<\/p>\n<h2>Banda Municipal: Tradi\u00e7\u00e3o e Inova\u00e7\u00e3o<\/h2>\n<p>A Banda Municipal Monsenhor Nazareno Maggi \u00e9 uma das principais representa\u00e7\u00f5es da m\u00fasica em Americana, refletindo tanto a tradi\u00e7\u00e3o quanto a inova\u00e7\u00e3o musical. Com um repert\u00f3rio que abrange diversas eras e estilos, a banda tem como miss\u00e3o levar a magia da m\u00fasica ao p\u00fablico e, em eventos como a celebra\u00e7\u00e3o do Dia do Rock, ela se destaca ao mesclar cl\u00e1ssicos do g\u00eanero com arranjos contempor\u00e2neos. A banda, que \u00e9 uma parte significativa da cena musical local, n\u00e3o s\u00f3 homenageia grandes m\u00fasicas hist\u00f3ricas, mas tamb\u00e9m d\u00e1 espa\u00e7o para a nova gera\u00e7\u00e3o de m\u00fasicos, proporcionando um palco para o talento emergente.<\/p>\n<p><img decoding=\"async\" src=\"https:\/\/www.encontraamericana.com.br\/guia\/wp-content\/uploads\/2026\/07\/dia-do-rock-banda-municipal-divide-palco-do-teatro-de-americana-com-a-banda-ar-40.webp\" alt=\"Dia do Rock\" loading=\"lazy\" \/><\/p>\n<h2>AR 40: Conhe\u00e7a a Banda<\/h2>\n<p>A banda AR 40 \u00e9 outra atra\u00e7\u00e3o not\u00e1vel do evento. Com uma proposta inovadora, ela mistura influ\u00eancias do rock cl\u00e1ssico com toques modernos, criando um som \u00fanico que reverbera entre os f\u00e3s do g\u00eanero. A forma\u00e7\u00e3o da banda \u00e9 composta por m\u00fasicos apaixonados, que compartilham uma vis\u00e3o clara de manter o esp\u00edrito do rock vivo e acess\u00edvel a todos. Suas apresenta\u00e7\u00f5es s\u00e3o marcadas por energia intensa, solos de guitarra apaixonantes e letras que falam diretamente ao cora\u00e7\u00e3o do p\u00fablico.<\/p>\n<h2>O Significado do Rock para a Cultura<\/h2>\n<p>O rock \u00e9 muito mais do que um estilo musical; \u00e9 um fen\u00f4meno cultural que se enra\u00edza em lutas sociais, liberdade de express\u00e3o e contra-cultura. Desde suas origens na d\u00e9cada de 1950, o rock tem sido uma plataforma para vozes que desafiam as normas sociais. As letras frequentemente abordam temas como amor, pol\u00edtica e os desafios da vida cotidiana. Essa conex\u00e3o entre m\u00fasica e mensagem fez com que o rock encontrasse espa\u00e7o em movimentos sociais, impulsionando mudan\u00e7as e inspirando gera\u00e7\u00f5es de f\u00e3s e m\u00fasicos.<\/p>\n<h2>Teatro Municipal: Um Espa\u00e7o de Arte<\/h2>\n<p>O Teatro Municipal Lulu Benencase, localizado em Americana, \u00e9 um importante espa\u00e7o cultural que abriga uma variedade de eventos, de concertos a pe\u00e7as teatrais. Com infraestrutura adequada para receber grandes apresenta\u00e7\u00f5es, o teatro \u00e9 conhecido por sua ac\u00fastica excepcional e comodidades confort\u00e1veis. Durante o Dia do Rock, o teatro se transforma em um reduto de m\u00fasica, convidando o p\u00fablico a unir-se em uma celebra\u00e7\u00e3o vibrante do g\u00eanero, criando mem\u00f3rias inesquec\u00edveis.<\/p>\n<h2>Como Chegar ao Teatro Municipal de Americana<\/h2>\n<p>O Teatro Municipal est\u00e1 situado na Rua Gon\u00e7alves Dias, 696 &#8211; Jardim Girassol, tornando-se de f\u00e1cil acesso para moradores e visitantes. Para aqueles que optam por transporte p\u00fablico, v\u00e1rias linhas de \u00f4nibus passam nas proximidades do local. Se voc\u00ea estiver dirigindo, h\u00e1 estacionamentos dispon\u00edveis nas imedia\u00e7\u00f5es, facilitando a visita. \u00c9 sempre recomend\u00e1vel chegar um pouco mais cedo para garantir um bom lugar e desfrutar de cada momento do evento.<\/p>\n<h2>Ingressos: Como Garantir o Seu<\/h2>\n<p>Os ingressos para a apresenta\u00e7\u00e3o em comemora\u00e7\u00e3o ao Dia do Rock podem ser adquiridos online atrav\u00e9s do site www.ingressodigital.com. A entrada \u00e9 solid\u00e1ria, pedindo a doa\u00e7\u00e3o de um pacote de absorventes femininos, que ser\u00e3o destinados a mulheres que precisam de apoio. Essa a\u00e7\u00e3o n\u00e3o apenas promove a inclus\u00e3o, mas tamb\u00e9m se alinha ao esp\u00edrito comunit\u00e1rio do evento, onde a m\u00fasica se encontra com a solidariedade.<\/p>\n<h2>A Import\u00e2ncia da M\u00fasica ao Vivo<\/h2>\n<p>A m\u00fasica ao vivo oferece uma experi\u00eancia \u00fanica, onde os f\u00e3s t\u00eam a oportunidade de sentir a energia dos artistas e se conectar com outros apreciadores do g\u00eanero. Durante eventos como o Dia do Rock, a atmosfera vibrante gerada pela performance ao vivo \u00e9 inigual\u00e1vel, criando um senso de comunidade e celebra\u00e7\u00e3o. A intera\u00e7\u00e3o entre os m\u00fasicos e o p\u00fablico \u00e9 fundamental, tornando cada apresenta\u00e7\u00e3o algo singular. Para muitos, o rock representa mais do que uma experi\u00eancia auditiva; \u00e9 uma experi\u00eancia que toca a alma.<\/p>\n<h2>Cl\u00e1ssicos do Rock que N\u00e3o Podem Faltar<\/h2>\n<p>Os cl\u00e1ssicos do rock s\u00e3o a espinha dorsal de qualquer apresenta\u00e7\u00e3o dessa natureza. Entre as m\u00fasicas que resonam no cora\u00e7\u00e3o dos f\u00e3s, est\u00e3o:<\/p>\n<ul>\n<li><strong>&#8220;Smoke on the Water&#8221; &#8211; Deep Purple<\/strong>: Um dos riffs mais ic\u00f4nicos da hist\u00f3ria do rock.<\/li>\n<li><strong>&#8220;Livin&#8217; on a Prayer&#8221; &#8211; Bon Jovi<\/strong>: Uma can\u00e7\u00e3o que fala sobre perseveran\u00e7a e esperan\u00e7a.<\/li>\n<li><strong>&#8220;Sweet Child O&#8217; Mine&#8221; &#8211; Guns N&#8217; Roses<\/strong>: Com sua famosa introdu\u00e7\u00e3o na guitarra, essa m\u00fasica \u00e9 um marco eterno.<\/li>\n<li><strong>&#8220;Imagine&#8221; &#8211; John Lennon<\/strong>: Uma balada que ecoa pela busca de paz e unidade.<\/li>\n<li><strong>&#8220;Smells Like Teen Spirit&#8221; &#8211; Nirvana<\/strong>: Um hino da gera\u00e7\u00e3o grunge que ainda ressoa com os jovens hoje.<\/li>\n<\/ul>\n<p>A inclus\u00e3o desses cl\u00e1ssicos no repert\u00f3rio das bandas \u00e9 essencial para criar uma conex\u00e3o emocional com o p\u00fablico e celebrar a rica hist\u00f3ria do g\u00eanero.<\/p>\n<h2>O Papel da Comunidade na Cultura Musical<\/h2>\n<p>A cultura musical \u00e9 profundamente influenciada pela comunidade. O envolvimento coletivo em eventos como o Dia do Rock ajuda a fortalecer la\u00e7os sociais e promove um senso de pertencimento. Quando as pessoas se re\u00fanem para celebrar um amor compartilhado pela m\u00fasica, elas criam mem\u00f3rias que perduram. Al\u00e9m disso, apoiar produ\u00e7\u00f5es musicais locais, como a Banda Municipal e a AR 40, incentiva o crescimento da cena musical ao redor, promovendo novas vozes e talentos na ind\u00fastria. Assim, o rock, que come\u00e7ou como um fen\u00f4meno cultural, continua a evoluir e ressoar atrav\u00e9s das gera\u00e7\u00f5es, unidos pelo compromisso comum de celebrar a m\u00fasica.<\/p>\n","protected":false},"excerpt":{"rendered":"<p>Dia do Rock: Banda Municipal promete um espet\u00e1culo emocionante no Teatro de Americana.<\/p>\n","protected":false},"author":1,"featured_media":6799,"comment_status":"open","ping_status":"open","sticky":false,"template":"","format":"standard","meta":{"footnotes":""},"categories":[903],"tags":[],"class_list":["post-6800","post","type-post","status-publish","format-standard","has-post-thumbnail","hentry","category-teatro","has_thumb"],"yoast_head":"<!-- This site is optimized with the Yoast SEO plugin v27.6 - https:\/\/yoast.com\/product\/yoast-seo-wordpress\/ -->\n<title>Dia do Rock: Banda Municipal divide palco do Teatro de Americana com a banda AR 40 | Guia Comercial de Americana SP<\/title>\n<meta name=\"robots\" content=\"index, follow, max-snippet:-1, max-image-preview:large, max-video-preview:-1\" \/>\n<link rel=\"canonical\" href=\"https:\/\/www.encontraamericana.com.br\/guia\/dia-do-rock-banda-municipal-divide-palco-do-teatro-de-americana-com-a-banda-ar-40\/\" \/>\n<meta property=\"og:locale\" content=\"pt_BR\" \/>\n<meta property=\"og:type\" content=\"article\" \/>\n<meta property=\"og:title\" content=\"Dia do Rock: Banda Municipal divide palco do Teatro de Americana com a banda AR 40 | Guia Comercial de Americana SP\" \/>\n<meta property=\"og:description\" content=\"Dia do Rock: Banda Municipal promete um espet\u00e1culo emocionante no Teatro de Americana.\" \/>\n<meta property=\"og:url\" content=\"https:\/\/www.encontraamericana.com.br\/guia\/dia-do-rock-banda-municipal-divide-palco-do-teatro-de-americana-com-a-banda-ar-40\/\" \/>\n<meta property=\"og:site_name\" content=\"Guia Comercial de Americana SP\" \/>\n<meta property=\"article:published_time\" content=\"2026-07-17T03:57:36+00:00\" \/>\n<meta property=\"og:image\" content=\"https:\/\/www.encontraamericana.com.br\/guia\/wp-content\/uploads\/2026\/07\/dia-do-rock-banda-municipal-divide-palco-do-teatro-de-americana-com-a-banda-ar-40.webp\" \/>\n<meta name=\"author\" content=\"Encontra Americana\" \/>\n<meta name=\"twitter:card\" content=\"summary_large_image\" \/>\n<meta name=\"twitter:label1\" content=\"Escrito por\" \/>\n\t<meta name=\"twitter:data1\" content=\"Encontra Americana\" \/>\n\t<meta name=\"twitter:label2\" content=\"Est. tempo de leitura\" \/>\n\t<meta name=\"twitter:data2\" content=\"6 minutos\" \/>\n<script type=\"application\/ld+json\" class=\"yoast-schema-graph\">{\"@context\":\"https:\\\/\\\/schema.org\",\"@graph\":[{\"@type\":\"Article\",\"@id\":\"https:\\\/\\\/www.encontraamericana.com.br\\\/guia\\\/dia-do-rock-banda-municipal-divide-palco-do-teatro-de-americana-com-a-banda-ar-40\\\/#article\",\"isPartOf\":{\"@id\":\"https:\\\/\\\/www.encontraamericana.com.br\\\/guia\\\/dia-do-rock-banda-municipal-divide-palco-do-teatro-de-americana-com-a-banda-ar-40\\\/\"},\"author\":{\"name\":\"Encontra Americana\",\"@id\":\"https:\\\/\\\/www.encontraamericana.com.br\\\/guia\\\/#\\\/schema\\\/person\\\/515cbc6082144e7445cab98211d14f9b\"},\"headline\":\"Dia do Rock: Banda Municipal divide palco do Teatro de Americana com a banda AR 40\",\"datePublished\":\"2026-07-17T03:57:36+00:00\",\"mainEntityOfPage\":{\"@id\":\"https:\\\/\\\/www.encontraamericana.com.br\\\/guia\\\/dia-do-rock-banda-municipal-divide-palco-do-teatro-de-americana-com-a-banda-ar-40\\\/\"},\"wordCount\":1134,\"commentCount\":0,\"image\":{\"@id\":\"https:\\\/\\\/www.encontraamericana.com.br\\\/guia\\\/dia-do-rock-banda-municipal-divide-palco-do-teatro-de-americana-com-a-banda-ar-40\\\/#primaryimage\"},\"thumbnailUrl\":\"https:\\\/\\\/www.encontraamericana.com.br\\\/guia\\\/wp-content\\\/uploads\\\/2026\\\/07\\\/dia-do-rock-banda-municipal-divide-palco-do-teatro-de-americana-com-a-banda-ar-40.webp\",\"articleSection\":[\"Teatro Americana\"],\"inLanguage\":\"pt-BR\",\"potentialAction\":[{\"@type\":\"CommentAction\",\"name\":\"Comment\",\"target\":[\"https:\\\/\\\/www.encontraamericana.com.br\\\/guia\\\/dia-do-rock-banda-municipal-divide-palco-do-teatro-de-americana-com-a-banda-ar-40\\\/#respond\"]}]},{\"@type\":\"WebPage\",\"@id\":\"https:\\\/\\\/www.encontraamericana.com.br\\\/guia\\\/dia-do-rock-banda-municipal-divide-palco-do-teatro-de-americana-com-a-banda-ar-40\\\/\",\"url\":\"https:\\\/\\\/www.encontraamericana.com.br\\\/guia\\\/dia-do-rock-banda-municipal-divide-palco-do-teatro-de-americana-com-a-banda-ar-40\\\/\",\"name\":\"Dia do Rock: Banda Municipal divide palco do Teatro de Americana com a banda AR 40 | Guia Comercial de Americana SP\",\"isPartOf\":{\"@id\":\"https:\\\/\\\/www.encontraamericana.com.br\\\/guia\\\/#website\"},\"primaryImageOfPage\":{\"@id\":\"https:\\\/\\\/www.encontraamericana.com.br\\\/guia\\\/dia-do-rock-banda-municipal-divide-palco-do-teatro-de-americana-com-a-banda-ar-40\\\/#primaryimage\"},\"image\":{\"@id\":\"https:\\\/\\\/www.encontraamericana.com.br\\\/guia\\\/dia-do-rock-banda-municipal-divide-palco-do-teatro-de-americana-com-a-banda-ar-40\\\/#primaryimage\"},\"thumbnailUrl\":\"https:\\\/\\\/www.encontraamericana.com.br\\\/guia\\\/wp-content\\\/uploads\\\/2026\\\/07\\\/dia-do-rock-banda-municipal-divide-palco-do-teatro-de-americana-com-a-banda-ar-40.webp\",\"datePublished\":\"2026-07-17T03:57:36+00:00\",\"author\":{\"@id\":\"https:\\\/\\\/www.encontraamericana.com.br\\\/guia\\\/#\\\/schema\\\/person\\\/515cbc6082144e7445cab98211d14f9b\"},\"inLanguage\":\"pt-BR\",\"potentialAction\":[{\"@type\":\"ReadAction\",\"target\":[\"https:\\\/\\\/www.encontraamericana.com.br\\\/guia\\\/dia-do-rock-banda-municipal-divide-palco-do-teatro-de-americana-com-a-banda-ar-40\\\/\"]}]},{\"@type\":\"ImageObject\",\"inLanguage\":\"pt-BR\",\"@id\":\"https:\\\/\\\/www.encontraamericana.com.br\\\/guia\\\/dia-do-rock-banda-municipal-divide-palco-do-teatro-de-americana-com-a-banda-ar-40\\\/#primaryimage\",\"url\":\"https:\\\/\\\/www.encontraamericana.com.br\\\/guia\\\/wp-content\\\/uploads\\\/2026\\\/07\\\/dia-do-rock-banda-municipal-divide-palco-do-teatro-de-americana-com-a-banda-ar-40.webp\",\"contentUrl\":\"https:\\\/\\\/www.encontraamericana.com.br\\\/guia\\\/wp-content\\\/uploads\\\/2026\\\/07\\\/dia-do-rock-banda-municipal-divide-palco-do-teatro-de-americana-com-a-banda-ar-40.webp\",\"width\":280,\"height\":280,\"caption\":\"Dia do Rock\"},{\"@type\":\"WebSite\",\"@id\":\"https:\\\/\\\/www.encontraamericana.com.br\\\/guia\\\/#website\",\"url\":\"https:\\\/\\\/www.encontraamericana.com.br\\\/guia\\\/\",\"name\":\"Guia Comercial de Americana SP\",\"description\":\"ENCONTRA AMERICANA - O guia comercial de neg\u00f3cios e empresas, cultura e divers\u00e3o na cidade de Americana. Feito 100% para voc\u00ea morador!\",\"potentialAction\":[{\"@type\":\"SearchAction\",\"target\":{\"@type\":\"EntryPoint\",\"urlTemplate\":\"https:\\\/\\\/www.encontraamericana.com.br\\\/guia\\\/?s={search_term_string}\"},\"query-input\":{\"@type\":\"PropertyValueSpecification\",\"valueRequired\":true,\"valueName\":\"search_term_string\"}}],\"inLanguage\":\"pt-BR\"},{\"@type\":\"Person\",\"@id\":\"https:\\\/\\\/www.encontraamericana.com.br\\\/guia\\\/#\\\/schema\\\/person\\\/515cbc6082144e7445cab98211d14f9b\",\"name\":\"Encontra Americana\",\"image\":{\"@type\":\"ImageObject\",\"inLanguage\":\"pt-BR\",\"@id\":\"https:\\\/\\\/secure.gravatar.com\\\/avatar\\\/c50c17820bcf322f0a8fd6b110b8c0918141409dc69076470f6fca5fee70a5d4?s=96&d=mm&r=g\",\"url\":\"https:\\\/\\\/secure.gravatar.com\\\/avatar\\\/c50c17820bcf322f0a8fd6b110b8c0918141409dc69076470f6fca5fee70a5d4?s=96&d=mm&r=g\",\"contentUrl\":\"https:\\\/\\\/secure.gravatar.com\\\/avatar\\\/c50c17820bcf322f0a8fd6b110b8c0918141409dc69076470f6fca5fee70a5d4?s=96&d=mm&r=g\",\"caption\":\"Encontra Americana\"},\"url\":\"https:\\\/\\\/www.encontraamericana.com.br\\\/guia\\\/author\\\/encontraamericana\\\/\"}]}<\/script>\n<!-- \/ Yoast SEO plugin. -->","yoast_head_json":{"title":"Dia do Rock: Banda Municipal divide palco do Teatro de Americana com a banda AR 40 | Guia Comercial de Americana SP","robots":{"index":"index","follow":"follow","max-snippet":"max-snippet:-1","max-image-preview":"max-image-preview:large","max-video-preview":"max-video-preview:-1"},"canonical":"https:\/\/www.encontraamericana.com.br\/guia\/dia-do-rock-banda-municipal-divide-palco-do-teatro-de-americana-com-a-banda-ar-40\/","og_locale":"pt_BR","og_type":"article","og_title":"Dia do Rock: Banda Municipal divide palco do Teatro de Americana com a banda AR 40 | Guia Comercial de Americana SP","og_description":"Dia do Rock: Banda Municipal promete um espet\u00e1culo emocionante no Teatro de Americana.","og_url":"https:\/\/www.encontraamericana.com.br\/guia\/dia-do-rock-banda-municipal-divide-palco-do-teatro-de-americana-com-a-banda-ar-40\/","og_site_name":"Guia Comercial de Americana SP","article_published_time":"2026-07-17T03:57:36+00:00","og_image":[{"url":"https:\/\/www.encontraamericana.com.br\/guia\/wp-content\/uploads\/2026\/07\/dia-do-rock-banda-municipal-divide-palco-do-teatro-de-americana-com-a-banda-ar-40.webp","type":"","width":"","height":""}],"author":"Encontra Americana","twitter_card":"summary_large_image","twitter_misc":{"Escrito por":"Encontra Americana","Est. tempo de leitura":"6 minutos"},"schema":{"@context":"https:\/\/schema.org","@graph":[{"@type":"Article","@id":"https:\/\/www.encontraamericana.com.br\/guia\/dia-do-rock-banda-municipal-divide-palco-do-teatro-de-americana-com-a-banda-ar-40\/#article","isPartOf":{"@id":"https:\/\/www.encontraamericana.com.br\/guia\/dia-do-rock-banda-municipal-divide-palco-do-teatro-de-americana-com-a-banda-ar-40\/"},"author":{"name":"Encontra Americana","@id":"https:\/\/www.encontraamericana.com.br\/guia\/#\/schema\/person\/515cbc6082144e7445cab98211d14f9b"},"headline":"Dia do Rock: Banda Municipal divide palco do Teatro de Americana com a banda AR 40","datePublished":"2026-07-17T03:57:36+00:00","mainEntityOfPage":{"@id":"https:\/\/www.encontraamericana.com.br\/guia\/dia-do-rock-banda-municipal-divide-palco-do-teatro-de-americana-com-a-banda-ar-40\/"},"wordCount":1134,"commentCount":0,"image":{"@id":"https:\/\/www.encontraamericana.com.br\/guia\/dia-do-rock-banda-municipal-divide-palco-do-teatro-de-americana-com-a-banda-ar-40\/#primaryimage"},"thumbnailUrl":"https:\/\/www.encontraamericana.com.br\/guia\/wp-content\/uploads\/2026\/07\/dia-do-rock-banda-municipal-divide-palco-do-teatro-de-americana-com-a-banda-ar-40.webp","articleSection":["Teatro Americana"],"inLanguage":"pt-BR","potentialAction":[{"@type":"CommentAction","name":"Comment","target":["https:\/\/www.encontraamericana.com.br\/guia\/dia-do-rock-banda-municipal-divide-palco-do-teatro-de-americana-com-a-banda-ar-40\/#respond"]}]},{"@type":"WebPage","@id":"https:\/\/www.encontraamericana.com.br\/guia\/dia-do-rock-banda-municipal-divide-palco-do-teatro-de-americana-com-a-banda-ar-40\/","url":"https:\/\/www.encontraamericana.com.br\/guia\/dia-do-rock-banda-municipal-divide-palco-do-teatro-de-americana-com-a-banda-ar-40\/","name":"Dia do Rock: Banda Municipal divide palco do Teatro de Americana com a banda AR 40 | Guia Comercial de Americana SP","isPartOf":{"@id":"https:\/\/www.encontraamericana.com.br\/guia\/#website"},"primaryImageOfPage":{"@id":"https:\/\/www.encontraamericana.com.br\/guia\/dia-do-rock-banda-municipal-divide-palco-do-teatro-de-americana-com-a-banda-ar-40\/#primaryimage"},"image":{"@id":"https:\/\/www.encontraamericana.com.br\/guia\/dia-do-rock-banda-municipal-divide-palco-do-teatro-de-americana-com-a-banda-ar-40\/#primaryimage"},"thumbnailUrl":"https:\/\/www.encontraamericana.com.br\/guia\/wp-content\/uploads\/2026\/07\/dia-do-rock-banda-municipal-divide-palco-do-teatro-de-americana-com-a-banda-ar-40.webp","datePublished":"2026-07-17T03:57:36+00:00","author":{"@id":"https:\/\/www.encontraamericana.com.br\/guia\/#\/schema\/person\/515cbc6082144e7445cab98211d14f9b"},"inLanguage":"pt-BR","potentialAction":[{"@type":"ReadAction","target":["https:\/\/www.encontraamericana.com.br\/guia\/dia-do-rock-banda-municipal-divide-palco-do-teatro-de-americana-com-a-banda-ar-40\/"]}]},{"@type":"ImageObject","inLanguage":"pt-BR","@id":"https:\/\/www.encontraamericana.com.br\/guia\/dia-do-rock-banda-municipal-divide-palco-do-teatro-de-americana-com-a-banda-ar-40\/#primaryimage","url":"https:\/\/www.encontraamericana.com.br\/guia\/wp-content\/uploads\/2026\/07\/dia-do-rock-banda-municipal-divide-palco-do-teatro-de-americana-com-a-banda-ar-40.webp","contentUrl":"https:\/\/www.encontraamericana.com.br\/guia\/wp-content\/uploads\/2026\/07\/dia-do-rock-banda-municipal-divide-palco-do-teatro-de-americana-com-a-banda-ar-40.webp","width":280,"height":280,"caption":"Dia do Rock"},{"@type":"WebSite","@id":"https:\/\/www.encontraamericana.com.br\/guia\/#website","url":"https:\/\/www.encontraamericana.com.br\/guia\/","name":"Guia Comercial de Americana SP","description":"ENCONTRA AMERICANA - O guia comercial de neg\u00f3cios e empresas, cultura e divers\u00e3o na cidade de Americana. Feito 100% para voc\u00ea morador!","potentialAction":[{"@type":"SearchAction","target":{"@type":"EntryPoint","urlTemplate":"https:\/\/www.encontraamericana.com.br\/guia\/?s={search_term_string}"},"query-input":{"@type":"PropertyValueSpecification","valueRequired":true,"valueName":"search_term_string"}}],"inLanguage":"pt-BR"},{"@type":"Person","@id":"https:\/\/www.encontraamericana.com.br\/guia\/#\/schema\/person\/515cbc6082144e7445cab98211d14f9b","name":"Encontra Americana","image":{"@type":"ImageObject","inLanguage":"pt-BR","@id":"https:\/\/secure.gravatar.com\/avatar\/c50c17820bcf322f0a8fd6b110b8c0918141409dc69076470f6fca5fee70a5d4?s=96&d=mm&r=g","url":"https:\/\/secure.gravatar.com\/avatar\/c50c17820bcf322f0a8fd6b110b8c0918141409dc69076470f6fca5fee70a5d4?s=96&d=mm&r=g","contentUrl":"https:\/\/secure.gravatar.com\/avatar\/c50c17820bcf322f0a8fd6b110b8c0918141409dc69076470f6fca5fee70a5d4?s=96&d=mm&r=g","caption":"Encontra Americana"},"url":"https:\/\/www.encontraamericana.com.br\/guia\/author\/encontraamericana\/"}]}},"_links":{"self":[{"href":"https:\/\/www.encontraamericana.com.br\/guia\/wp-json\/wp\/v2\/posts\/6800","targetHints":{"allow":["GET"]}}],"collection":[{"href":"https:\/\/www.encontraamericana.com.br\/guia\/wp-json\/wp\/v2\/posts"}],"about":[{"href":"https:\/\/www.encontraamericana.com.br\/guia\/wp-json\/wp\/v2\/types\/post"}],"author":[{"embeddable":true,"href":"https:\/\/www.encontraamericana.com.br\/guia\/wp-json\/wp\/v2\/users\/1"}],"replies":[{"embeddable":true,"href":"https:\/\/www.encontraamericana.com.br\/guia\/wp-json\/wp\/v2\/comments?post=6800"}],"version-history":[{"count":0,"href":"https:\/\/www.encontraamericana.com.br\/guia\/wp-json\/wp\/v2\/posts\/6800\/revisions"}],"wp:featuredmedia":[{"embeddable":true,"href":"https:\/\/www.encontraamericana.com.br\/guia\/wp-json\/wp\/v2\/media\/6799"}],"wp:attachment":[{"href":"https:\/\/www.encontraamericana.com.br\/guia\/wp-json\/wp\/v2\/media?parent=6800"}],"wp:term":[{"taxonomy":"category","embeddable":true,"href":"https:\/\/www.encontraamericana.com.br\/guia\/wp-json\/wp\/v2\/categories?post=6800"},{"taxonomy":"post_tag","embeddable":true,"href":"https:\/\/www.encontraamericana.com.br\/guia\/wp-json\/wp\/v2\/tags?post=6800"}],"curies":[{"name":"wp","href":"https:\/\/api.w.org\/{rel}","templated":true}]}}