{"id":6814,"date":"2026-07-19T12:28:58","date_gmt":"2026-07-19T15:28:58","guid":{"rendered":"https:\/\/www.encontraamericana.com.br\/guia\/em-video-guarda-aperta-mao-come-churrasco-e-ironiza-infracoes-de-motociclistas-nem-vi-voces\/"},"modified":"2026-07-19T12:28:58","modified_gmt":"2026-07-19T15:28:58","slug":"em-video-guarda-aperta-mao-come-churrasco-e-ironiza-infracoes-de-motociclistas-nem-vi-voces","status":"publish","type":"post","link":"https:\/\/www.encontraamericana.com.br\/guia\/em-video-guarda-aperta-mao-come-churrasco-e-ironiza-infracoes-de-motociclistas-nem-vi-voces\/","title":{"rendered":"Em v\u00eddeo, guarda aperta m\u00e3o, come churrasco e ironiza infra\u00e7\u00f5es de motociclistas: &#8216;Nem vi voc\u00eas&#8217;"},"content":{"rendered":"<h2>A atitude do guarda municipal<\/h2>\n<p>No dia 14 de julho de 2026, um agente da Guarda Municipal de Americana, identificado como Sergio Evangelista Souza, ficou em evid\u00eancia ap\u00f3s ser filmado enquanto participava de um churrasco. Durante a grava\u00e7\u00e3o, ele foi visto cumprimentando motociclistas que realizavam manobras arriscadas nas ruas, como empinar motos sem o uso de capacete.<\/p>\n<p>O guarda foi abordado por um dos motociclistas, que questionou se poderia continuar ali. Em resposta, Evangelista fez um coment\u00e1rio sarc\u00e1stico: &#8220;Nem vi voc\u00eas aqui&#8221;. Essa declara\u00e7\u00e3o gerou grande repercuss\u00e3o, especialmente entre os pr\u00f3prios motociclistas, que sentiram uma combina\u00e7\u00e3o de al\u00edvio e satisfa\u00e7\u00e3o com a falta de fiscaliza\u00e7\u00e3o.<\/p>\n<p>Essa situa\u00e7\u00e3o levantou discuss\u00f5es sobre a postura de agentes de seguran\u00e7a p\u00fablica e sua responsabilidade em manter a ordem e a seguran\u00e7a no tr\u00e2nsito. O uso de ironia em rela\u00e7\u00e3o a infra\u00e7\u00f5es de tr\u00e2nsito, especialmente em um contexto t\u00e3o perigoso quanto o das motocicletas, \u00e9 preocupante e levanta quest\u00f5es sobre o papel da pol\u00edcia e como as autoridades devem agir diante de situa\u00e7\u00f5es que envolvem seguran\u00e7a p\u00fablica.<\/p>\n<p><img decoding=\"async\" src=\"https:\/\/www.encontraamericana.com.br\/guia\/wp-content\/uploads\/2026\/07\/em-video-guarda-aperta-mao-come-churrasco-e-ironiza-infracoes-de-motociclistas-nem-vi-voces.webp\" alt=\"infra\u00e7\u00f5es de motociclistas\" loading=\"lazy\" \/><\/p>\n<h2>Rea\u00e7\u00e3o dos motociclistas<\/h2>\n<p>A rea\u00e7\u00e3o dos motociclistas diante da permissividade do guarda foi de entusiasmo. O v\u00eddeo mostrando a intera\u00e7\u00e3o entre o agente e os motociclistas rapidamente se espalhou pelas redes sociais, gerando coment\u00e1rios variados. Muitos elogiaram a &#8220;atitude&#8221; do guarda, como se esta fizesse parte de um comportamento desej\u00e1vel entre aqueles que cometem infra\u00e7\u00f5es de tr\u00e2nsito. Alguns usu\u00e1rios nas redes sociais foram ainda mais longe, afirmando que a experi\u00eancia seria uma &#8220;inspiradora&#8221;.<\/p>\n<p>Essa aceita\u00e7\u00e3o de manobras perigosas e a normaliza\u00e7\u00e3o de comportamentos de risco levantam uma bandeira vermelha sobre a educa\u00e7\u00e3o e a responsabilidade dos motociclistas. O fato de que muitos considerem o comportamento do guarda como algo positivo demonstra uma cultura que negligencia a seguran\u00e7a no tr\u00e2nsito em favor da divers\u00e3o ou adrenalina moment\u00e2nea.<\/p>\n<h2>Entrando na pol\u00eamica<\/h2>\n<p>A pol\u00eamica gerada pela atitude do guarda municipal n\u00e3o se limitou a coment\u00e1rios individuais. Ela foi amplamente discutida em diferentes plataformas, incluindo debates acalorados sobre o papel da pol\u00edcia na sociedade. A intera\u00e7\u00e3o entre o agente e os motociclistas foi vista por alguns como uma viola\u00e7\u00e3o dos deveres de um funcion\u00e1rio p\u00fablico, que deve agir em conformidade com as leis e regulamentos que visam proteger a vida e a seguran\u00e7a dos cidad\u00e3os.<\/p>\n<p>O contexto do v\u00eddeo vem \u00e0 tona no momento em que a Guarda Municipal de Americana j\u00e1 enfrenta cr\u00edticas pela sua atua\u00e7\u00e3o em situa\u00e7\u00f5es de infra\u00e7\u00e3o de tr\u00e2nsito. A simples ironia demonstra uma falta de seriedade em lidar com manobras que, segundo o C\u00f3digo de Tr\u00e2nsito Brasileiro, s\u00e3o consideradas infra\u00e7\u00f5es grav\u00edssimas.<\/p>\n<h2>Comportamento e seguran\u00e7a vi\u00e1ria<\/h2>\n<p>A seguran\u00e7a vi\u00e1ria \u00e9 um tema de extrema import\u00e2ncia em qualquer sociedade moderna. O comportamento de agentes da lei, como o guarda municipal mencionado, pode influenciar diretamente a condu\u00e7\u00e3o de ve\u00edculos e a ades\u00e3o \u00e0 legisla\u00e7\u00e3o de tr\u00e2nsito. Quando um agente de seguran\u00e7a se posiciona de forma relaxada em rela\u00e7\u00e3o a infra\u00e7\u00f5es, isso pode criar um senso de impunidade entre os motoristas e motociclistas.<\/p>\n<p>A pr\u00e1tica de empinar motos sem capacete n\u00e3o \u00e9 apenas uma viola\u00e7\u00e3o das leis de tr\u00e2nsito; \u00e9 uma s\u00e9ria amea\u00e7a \u00e0 vida e \u00e0 sa\u00fade dos que a praticam e dos outros usu\u00e1rios da via. Infelizmente, a normaliza\u00e7\u00e3o desse tipo de comportamento, tamanha a falta de coibi\u00e7\u00e3o por parte das autoridades, contribui consideravelmente para o aumento dos acidentes de tr\u00e2nsito.<\/p>\n<h2>Decis\u00f5es da Guarda Municipal<\/h2>\n<p>Diante da repercuss\u00e3o do evento, a Guarda Municipal de Americana tomou a decis\u00e3o de encaminhar o caso para a Corregedoria para que uma investiga\u00e7\u00e3o mais detalhada pudesse ocorrer. Essa medida \u00e9 fundamental para garantir que a conduta do guarda seja analisada e, se necess\u00e1rio, corrigida. A Gest\u00e3o Municipal precisa ser proativa em resolver este tipo de situa\u00e7\u00e3o, buscando evitar que outros membros da corpora\u00e7\u00e3o adotem comportamentos semelhantes no futuro.<\/p>\n<p>O guarda envolvido afirmou que se posicionar\u00e1 apenas dentro do procedimento administrativo, indicando que ele n\u00e3o pretende comentar sobre as a\u00e7\u00f5es tomadas no momento. Essa atitude \u00e9, em certa medida, esperada sob as circunst\u00e2ncias, pois envolve a realiza\u00e7\u00e3o de uma investiga\u00e7\u00e3o que deve ser considerada imparcial e adequada \u00e0s necessidades de responsabiliza\u00e7\u00e3o.<\/p>\n<h2>Consequ\u00eancias da atitude do guarda<\/h2>\n<p>A atitude do guarda pode ter v\u00e1rias consequ\u00eancias, tanto para os motociclistas quanto para a corpora\u00e7\u00e3o como um todo. Em termos imediatos, cria um ambiente de permissividade, onde os motociclistas podem sentir-se confort\u00e1veis para realizar manobras arriscadas sem medo de serem punidos. Essa mentalidade pode ter um efeito domin\u00f3, onde mais motociclistas come\u00e7am a adotar comportamentos semelhantes, acreditando que as infra\u00e7\u00f5es n\u00e3o ser\u00e3o fiscalizadas.<\/p>\n<p>No longo prazo, a falta de rigor na aplica\u00e7\u00e3o das leis de tr\u00e2nsito pode resultar em um aumento dos acidentes de motociclistas. Isso \u00e9 preocupante n\u00e3o apenas para os motoristas em si, mas tamb\u00e9m para o p\u00fablico geral que utiliza as vias. Al\u00e9m disso, essa situa\u00e7\u00e3o pode manchar a imagem da Guarda Municipal, levando a uma perda de credibilidade por parte da popula\u00e7\u00e3o. A fun\u00e7\u00e3o do agente se transforma de protetor da seguran\u00e7a p\u00fablica para um facilitador de infra\u00e7\u00f5es.<\/p>\n<h2>Seguran\u00e7a no tr\u00e2nsito e fiscaliza\u00e7\u00e3o<\/h2>\n<p>A seguran\u00e7a no tr\u00e2nsito passa obrigatoriamente por uma fiscaliza\u00e7\u00e3o mais consciente e eficaz. A atua\u00e7\u00e3o das autoridades deve ser firme e consistente, n\u00e3o apenas em rela\u00e7\u00e3o \u00e0s infra\u00e7\u00f5es mais graves, mas tamb\u00e9m em comportamentos de risco que podem parecer inofensivos. O caso do guarda municipal serve como um alerta sobre a necessidade de rever pr\u00e1ticas e condutas, tanto em agentes de fiscaliza\u00e7\u00e3o quanto em motoristas e motociclistas.<\/p>\n<p>Para que a seguran\u00e7a vi\u00e1ria melhore, \u00e9 imperativo que haja uma mudan\u00e7a de mentalidade, onde tanto os cidad\u00e3os quanto as autoridades se sintam respons\u00e1veis para manter as vias seguras. Isso inclui educa\u00e7\u00e3o e informa\u00e7\u00e3o sobre os riscos envolvidos em algumas pr\u00e1ticas, al\u00e9m da implementa\u00e7\u00e3o de campanhas de conscientiza\u00e7\u00e3o por parte das institui\u00e7\u00f5es envolvidas.<\/p>\n<h2>O impacto nas redes sociais<\/h2>\n<p>As redes sociais desempenharam um papel crucial na dissemina\u00e7\u00e3o do v\u00eddeo em que o guarda municipal foi filmado com motociclistas infringindo as leis de tr\u00e2nsito. A postagem viralizou rapidamente, atingindo uma vasta audi\u00eancia e gerando um debate sobre a seguran\u00e7a vi\u00e1ria e a responsabilidade dos agentes p\u00fablicos. O poder das redes sociais como plataforma de comunica\u00e7\u00e3o e mobiliza\u00e7\u00e3o \u00e9 indiscut\u00edvel, especialmente quando se trata de quest\u00f5es que afetam a seguran\u00e7a p\u00fablica.<\/p>\n<p>Entretanto, a viraliza\u00e7\u00e3o desse tipo de conte\u00fado apresenta riscos, como a glorifica\u00e7\u00e3o de comportamentos arriscados. A intera\u00e7\u00e3o descontra\u00edda entre o guarda e os motociclistas pode levar outros a replicar essas pr\u00e1ticas, sem considerar os potenciais resultados tr\u00e1gicos que podem seguir.<\/p>\n<h2>Repercuss\u00e3o na comunidade<\/h2>\n<p>A repercuss\u00e3o do ocorrido foi significativa na comunidade local. Os cidad\u00e3os come\u00e7aram a discutir a postura da Guarda Municipal e a capacidade da corpora\u00e7\u00e3o de garantir a seguran\u00e7a nas vias p\u00fablicas. O sentimento de inseguran\u00e7a pode crescer, levando a desconfian\u00e7a em rela\u00e7\u00e3o ao trabalho dos agentes de seguran\u00e7a p\u00fablica.<\/p>\n<p>Al\u00e9m disso, a imagem p\u00fablica do guarda municipal pode ser prejudicada. Mesmo que muitos motociclistas tenham visto suas a\u00e7\u00f5es com bons olhos, o p\u00fablico em geral pode visualizar a situa\u00e7\u00e3o com ceticismo, questionando a efic\u00e1cia da fiscaliza\u00e7\u00e3o de tr\u00e2nsito e a \u00e9tica dos agentes envolvidos na supervis\u00e3o das normas de seguran\u00e7a.<\/p>\n<h2>Reflex\u00e3o sobre infra\u00e7\u00f5es e responsabilidade<\/h2>\n<p>A situa\u00e7\u00e3o envolvendo o guarda municipal \u00e9 um exemplo claro de como a fiscaliza\u00e7\u00e3o pode falhar e como essa falha afeta a seguran\u00e7a p\u00fablica. \u00c9 essencial que se reflita sobre a responsabilidade n\u00e3o apenas dos agentes de seguran\u00e7a, mas tamb\u00e9m dos cidad\u00e3os em rela\u00e7\u00e3o \u00e0 seguran\u00e7a vi\u00e1ria. Cada infra\u00e7\u00e3o, por menor que pare\u00e7a, pode ter consequ\u00eancias devastadoras.<\/p>\n<p>Um entendimento mais amplo sobre natureza e repercuss\u00e3o das infra\u00e7\u00f5es pode levar a um maior n\u00edvel de consci\u00eancia, n\u00e3o somente aos condutores, mas tamb\u00e9m \u00e0 sociedade como um todo. A responsabilidade compartilhada \u00e9 essencial para estabelecer um ambiente de seguran\u00e7a nas vias p\u00fablicas e, por conseguinte, na vida de todos os cidad\u00e3os.<\/p>\n","protected":false},"excerpt":{"rendered":"<p>Guarda faz churrasco e despreza infra\u00e7\u00f5es de motociclistas em Americana.<\/p>\n","protected":false},"author":1,"featured_media":6813,"comment_status":"open","ping_status":"open","sticky":false,"template":"","format":"standard","meta":{"footnotes":""},"categories":[5],"tags":[],"class_list":["post-6814","post","type-post","status-publish","format-standard","has-post-thumbnail","hentry","category-noticias","has_thumb"],"yoast_head":"<!-- This site is optimized with the Yoast SEO plugin v27.6 - https:\/\/yoast.com\/product\/yoast-seo-wordpress\/ -->\n<title>Em v\u00eddeo, guarda aperta m\u00e3o, come churrasco e ironiza infra\u00e7\u00f5es de motociclistas: &#039;Nem vi voc\u00eas&#039; | Guia Comercial de Americana SP<\/title>\n<meta name=\"robots\" content=\"index, follow, max-snippet:-1, max-image-preview:large, max-video-preview:-1\" \/>\n<link rel=\"canonical\" href=\"https:\/\/www.encontraamericana.com.br\/guia\/em-video-guarda-aperta-mao-come-churrasco-e-ironiza-infracoes-de-motociclistas-nem-vi-voces\/\" \/>\n<meta property=\"og:locale\" content=\"pt_BR\" \/>\n<meta property=\"og:type\" content=\"article\" \/>\n<meta property=\"og:title\" content=\"Em v\u00eddeo, guarda aperta m\u00e3o, come churrasco e ironiza infra\u00e7\u00f5es de motociclistas: &#039;Nem vi voc\u00eas&#039; | Guia Comercial de Americana SP\" \/>\n<meta property=\"og:description\" content=\"Guarda faz churrasco e despreza infra\u00e7\u00f5es de motociclistas em Americana.\" \/>\n<meta property=\"og:url\" content=\"https:\/\/www.encontraamericana.com.br\/guia\/em-video-guarda-aperta-mao-come-churrasco-e-ironiza-infracoes-de-motociclistas-nem-vi-voces\/\" \/>\n<meta property=\"og:site_name\" content=\"Guia Comercial de Americana SP\" \/>\n<meta property=\"article:published_time\" content=\"2026-07-19T15:28:58+00:00\" \/>\n<meta property=\"og:image\" content=\"https:\/\/www.encontraamericana.com.br\/guia\/wp-content\/uploads\/2026\/07\/em-video-guarda-aperta-mao-come-churrasco-e-ironiza-infracoes-de-motociclistas-nem-vi-voces.webp\" \/>\n<meta name=\"author\" content=\"Encontra Americana\" \/>\n<meta name=\"twitter:card\" content=\"summary_large_image\" \/>\n<meta name=\"twitter:label1\" content=\"Escrito por\" \/>\n\t<meta name=\"twitter:data1\" content=\"Encontra Americana\" \/>\n\t<meta name=\"twitter:label2\" content=\"Est. tempo de leitura\" \/>\n\t<meta name=\"twitter:data2\" content=\"7 minutos\" \/>\n<script type=\"application\/ld+json\" class=\"yoast-schema-graph\">{\"@context\":\"https:\\\/\\\/schema.org\",\"@graph\":[{\"@type\":\"Article\",\"@id\":\"https:\\\/\\\/www.encontraamericana.com.br\\\/guia\\\/em-video-guarda-aperta-mao-come-churrasco-e-ironiza-infracoes-de-motociclistas-nem-vi-voces\\\/#article\",\"isPartOf\":{\"@id\":\"https:\\\/\\\/www.encontraamericana.com.br\\\/guia\\\/em-video-guarda-aperta-mao-come-churrasco-e-ironiza-infracoes-de-motociclistas-nem-vi-voces\\\/\"},\"author\":{\"name\":\"Encontra Americana\",\"@id\":\"https:\\\/\\\/www.encontraamericana.com.br\\\/guia\\\/#\\\/schema\\\/person\\\/515cbc6082144e7445cab98211d14f9b\"},\"headline\":\"Em v\u00eddeo, guarda aperta m\u00e3o, come churrasco e ironiza infra\u00e7\u00f5es de motociclistas: &#8216;Nem vi voc\u00eas&#8217;\",\"datePublished\":\"2026-07-19T15:28:58+00:00\",\"mainEntityOfPage\":{\"@id\":\"https:\\\/\\\/www.encontraamericana.com.br\\\/guia\\\/em-video-guarda-aperta-mao-come-churrasco-e-ironiza-infracoes-de-motociclistas-nem-vi-voces\\\/\"},\"wordCount\":1500,\"commentCount\":0,\"image\":{\"@id\":\"https:\\\/\\\/www.encontraamericana.com.br\\\/guia\\\/em-video-guarda-aperta-mao-come-churrasco-e-ironiza-infracoes-de-motociclistas-nem-vi-voces\\\/#primaryimage\"},\"thumbnailUrl\":\"https:\\\/\\\/www.encontraamericana.com.br\\\/guia\\\/wp-content\\\/uploads\\\/2026\\\/07\\\/em-video-guarda-aperta-mao-come-churrasco-e-ironiza-infracoes-de-motociclistas-nem-vi-voces.webp\",\"articleSection\":[\"Not\u00edcias Americana\"],\"inLanguage\":\"pt-BR\",\"potentialAction\":[{\"@type\":\"CommentAction\",\"name\":\"Comment\",\"target\":[\"https:\\\/\\\/www.encontraamericana.com.br\\\/guia\\\/em-video-guarda-aperta-mao-come-churrasco-e-ironiza-infracoes-de-motociclistas-nem-vi-voces\\\/#respond\"]}]},{\"@type\":\"WebPage\",\"@id\":\"https:\\\/\\\/www.encontraamericana.com.br\\\/guia\\\/em-video-guarda-aperta-mao-come-churrasco-e-ironiza-infracoes-de-motociclistas-nem-vi-voces\\\/\",\"url\":\"https:\\\/\\\/www.encontraamericana.com.br\\\/guia\\\/em-video-guarda-aperta-mao-come-churrasco-e-ironiza-infracoes-de-motociclistas-nem-vi-voces\\\/\",\"name\":\"Em v\u00eddeo, guarda aperta m\u00e3o, come churrasco e ironiza infra\u00e7\u00f5es de motociclistas: 'Nem vi voc\u00eas' | Guia Comercial de Americana SP\",\"isPartOf\":{\"@id\":\"https:\\\/\\\/www.encontraamericana.com.br\\\/guia\\\/#website\"},\"primaryImageOfPage\":{\"@id\":\"https:\\\/\\\/www.encontraamericana.com.br\\\/guia\\\/em-video-guarda-aperta-mao-come-churrasco-e-ironiza-infracoes-de-motociclistas-nem-vi-voces\\\/#primaryimage\"},\"image\":{\"@id\":\"https:\\\/\\\/www.encontraamericana.com.br\\\/guia\\\/em-video-guarda-aperta-mao-come-churrasco-e-ironiza-infracoes-de-motociclistas-nem-vi-voces\\\/#primaryimage\"},\"thumbnailUrl\":\"https:\\\/\\\/www.encontraamericana.com.br\\\/guia\\\/wp-content\\\/uploads\\\/2026\\\/07\\\/em-video-guarda-aperta-mao-come-churrasco-e-ironiza-infracoes-de-motociclistas-nem-vi-voces.webp\",\"datePublished\":\"2026-07-19T15:28:58+00:00\",\"author\":{\"@id\":\"https:\\\/\\\/www.encontraamericana.com.br\\\/guia\\\/#\\\/schema\\\/person\\\/515cbc6082144e7445cab98211d14f9b\"},\"inLanguage\":\"pt-BR\",\"potentialAction\":[{\"@type\":\"ReadAction\",\"target\":[\"https:\\\/\\\/www.encontraamericana.com.br\\\/guia\\\/em-video-guarda-aperta-mao-come-churrasco-e-ironiza-infracoes-de-motociclistas-nem-vi-voces\\\/\"]}]},{\"@type\":\"ImageObject\",\"inLanguage\":\"pt-BR\",\"@id\":\"https:\\\/\\\/www.encontraamericana.com.br\\\/guia\\\/em-video-guarda-aperta-mao-come-churrasco-e-ironiza-infracoes-de-motociclistas-nem-vi-voces\\\/#primaryimage\",\"url\":\"https:\\\/\\\/www.encontraamericana.com.br\\\/guia\\\/wp-content\\\/uploads\\\/2026\\\/07\\\/em-video-guarda-aperta-mao-come-churrasco-e-ironiza-infracoes-de-motociclistas-nem-vi-voces.webp\",\"contentUrl\":\"https:\\\/\\\/www.encontraamericana.com.br\\\/guia\\\/wp-content\\\/uploads\\\/2026\\\/07\\\/em-video-guarda-aperta-mao-come-churrasco-e-ironiza-infracoes-de-motociclistas-nem-vi-voces.webp\",\"width\":280,\"height\":280,\"caption\":\"infra\u00e7\u00f5es de motociclistas\"},{\"@type\":\"WebSite\",\"@id\":\"https:\\\/\\\/www.encontraamericana.com.br\\\/guia\\\/#website\",\"url\":\"https:\\\/\\\/www.encontraamericana.com.br\\\/guia\\\/\",\"name\":\"Guia Comercial de Americana SP\",\"description\":\"ENCONTRA AMERICANA - O guia comercial de neg\u00f3cios e empresas, cultura e divers\u00e3o na cidade de Americana. Feito 100% para voc\u00ea morador!\",\"potentialAction\":[{\"@type\":\"SearchAction\",\"target\":{\"@type\":\"EntryPoint\",\"urlTemplate\":\"https:\\\/\\\/www.encontraamericana.com.br\\\/guia\\\/?s={search_term_string}\"},\"query-input\":{\"@type\":\"PropertyValueSpecification\",\"valueRequired\":true,\"valueName\":\"search_term_string\"}}],\"inLanguage\":\"pt-BR\"},{\"@type\":\"Person\",\"@id\":\"https:\\\/\\\/www.encontraamericana.com.br\\\/guia\\\/#\\\/schema\\\/person\\\/515cbc6082144e7445cab98211d14f9b\",\"name\":\"Encontra Americana\",\"image\":{\"@type\":\"ImageObject\",\"inLanguage\":\"pt-BR\",\"@id\":\"https:\\\/\\\/secure.gravatar.com\\\/avatar\\\/c50c17820bcf322f0a8fd6b110b8c0918141409dc69076470f6fca5fee70a5d4?s=96&d=mm&r=g\",\"url\":\"https:\\\/\\\/secure.gravatar.com\\\/avatar\\\/c50c17820bcf322f0a8fd6b110b8c0918141409dc69076470f6fca5fee70a5d4?s=96&d=mm&r=g\",\"contentUrl\":\"https:\\\/\\\/secure.gravatar.com\\\/avatar\\\/c50c17820bcf322f0a8fd6b110b8c0918141409dc69076470f6fca5fee70a5d4?s=96&d=mm&r=g\",\"caption\":\"Encontra Americana\"},\"url\":\"https:\\\/\\\/www.encontraamericana.com.br\\\/guia\\\/author\\\/encontraamericana\\\/\"}]}<\/script>\n<!-- \/ Yoast SEO plugin. -->","yoast_head_json":{"title":"Em v\u00eddeo, guarda aperta m\u00e3o, come churrasco e ironiza infra\u00e7\u00f5es de motociclistas: 'Nem vi voc\u00eas' | Guia Comercial de Americana SP","robots":{"index":"index","follow":"follow","max-snippet":"max-snippet:-1","max-image-preview":"max-image-preview:large","max-video-preview":"max-video-preview:-1"},"canonical":"https:\/\/www.encontraamericana.com.br\/guia\/em-video-guarda-aperta-mao-come-churrasco-e-ironiza-infracoes-de-motociclistas-nem-vi-voces\/","og_locale":"pt_BR","og_type":"article","og_title":"Em v\u00eddeo, guarda aperta m\u00e3o, come churrasco e ironiza infra\u00e7\u00f5es de motociclistas: 'Nem vi voc\u00eas' | Guia Comercial de Americana SP","og_description":"Guarda faz churrasco e despreza infra\u00e7\u00f5es de motociclistas em Americana.","og_url":"https:\/\/www.encontraamericana.com.br\/guia\/em-video-guarda-aperta-mao-come-churrasco-e-ironiza-infracoes-de-motociclistas-nem-vi-voces\/","og_site_name":"Guia Comercial de Americana SP","article_published_time":"2026-07-19T15:28:58+00:00","og_image":[{"url":"https:\/\/www.encontraamericana.com.br\/guia\/wp-content\/uploads\/2026\/07\/em-video-guarda-aperta-mao-come-churrasco-e-ironiza-infracoes-de-motociclistas-nem-vi-voces.webp","type":"","width":"","height":""}],"author":"Encontra Americana","twitter_card":"summary_large_image","twitter_misc":{"Escrito por":"Encontra Americana","Est. tempo de leitura":"7 minutos"},"schema":{"@context":"https:\/\/schema.org","@graph":[{"@type":"Article","@id":"https:\/\/www.encontraamericana.com.br\/guia\/em-video-guarda-aperta-mao-come-churrasco-e-ironiza-infracoes-de-motociclistas-nem-vi-voces\/#article","isPartOf":{"@id":"https:\/\/www.encontraamericana.com.br\/guia\/em-video-guarda-aperta-mao-come-churrasco-e-ironiza-infracoes-de-motociclistas-nem-vi-voces\/"},"author":{"name":"Encontra Americana","@id":"https:\/\/www.encontraamericana.com.br\/guia\/#\/schema\/person\/515cbc6082144e7445cab98211d14f9b"},"headline":"Em v\u00eddeo, guarda aperta m\u00e3o, come churrasco e ironiza infra\u00e7\u00f5es de motociclistas: &#8216;Nem vi voc\u00eas&#8217;","datePublished":"2026-07-19T15:28:58+00:00","mainEntityOfPage":{"@id":"https:\/\/www.encontraamericana.com.br\/guia\/em-video-guarda-aperta-mao-come-churrasco-e-ironiza-infracoes-de-motociclistas-nem-vi-voces\/"},"wordCount":1500,"commentCount":0,"image":{"@id":"https:\/\/www.encontraamericana.com.br\/guia\/em-video-guarda-aperta-mao-come-churrasco-e-ironiza-infracoes-de-motociclistas-nem-vi-voces\/#primaryimage"},"thumbnailUrl":"https:\/\/www.encontraamericana.com.br\/guia\/wp-content\/uploads\/2026\/07\/em-video-guarda-aperta-mao-come-churrasco-e-ironiza-infracoes-de-motociclistas-nem-vi-voces.webp","articleSection":["Not\u00edcias Americana"],"inLanguage":"pt-BR","potentialAction":[{"@type":"CommentAction","name":"Comment","target":["https:\/\/www.encontraamericana.com.br\/guia\/em-video-guarda-aperta-mao-come-churrasco-e-ironiza-infracoes-de-motociclistas-nem-vi-voces\/#respond"]}]},{"@type":"WebPage","@id":"https:\/\/www.encontraamericana.com.br\/guia\/em-video-guarda-aperta-mao-come-churrasco-e-ironiza-infracoes-de-motociclistas-nem-vi-voces\/","url":"https:\/\/www.encontraamericana.com.br\/guia\/em-video-guarda-aperta-mao-come-churrasco-e-ironiza-infracoes-de-motociclistas-nem-vi-voces\/","name":"Em v\u00eddeo, guarda aperta m\u00e3o, come churrasco e ironiza infra\u00e7\u00f5es de motociclistas: 'Nem vi voc\u00eas' | Guia Comercial de Americana SP","isPartOf":{"@id":"https:\/\/www.encontraamericana.com.br\/guia\/#website"},"primaryImageOfPage":{"@id":"https:\/\/www.encontraamericana.com.br\/guia\/em-video-guarda-aperta-mao-come-churrasco-e-ironiza-infracoes-de-motociclistas-nem-vi-voces\/#primaryimage"},"image":{"@id":"https:\/\/www.encontraamericana.com.br\/guia\/em-video-guarda-aperta-mao-come-churrasco-e-ironiza-infracoes-de-motociclistas-nem-vi-voces\/#primaryimage"},"thumbnailUrl":"https:\/\/www.encontraamericana.com.br\/guia\/wp-content\/uploads\/2026\/07\/em-video-guarda-aperta-mao-come-churrasco-e-ironiza-infracoes-de-motociclistas-nem-vi-voces.webp","datePublished":"2026-07-19T15:28:58+00:00","author":{"@id":"https:\/\/www.encontraamericana.com.br\/guia\/#\/schema\/person\/515cbc6082144e7445cab98211d14f9b"},"inLanguage":"pt-BR","potentialAction":[{"@type":"ReadAction","target":["https:\/\/www.encontraamericana.com.br\/guia\/em-video-guarda-aperta-mao-come-churrasco-e-ironiza-infracoes-de-motociclistas-nem-vi-voces\/"]}]},{"@type":"ImageObject","inLanguage":"pt-BR","@id":"https:\/\/www.encontraamericana.com.br\/guia\/em-video-guarda-aperta-mao-come-churrasco-e-ironiza-infracoes-de-motociclistas-nem-vi-voces\/#primaryimage","url":"https:\/\/www.encontraamericana.com.br\/guia\/wp-content\/uploads\/2026\/07\/em-video-guarda-aperta-mao-come-churrasco-e-ironiza-infracoes-de-motociclistas-nem-vi-voces.webp","contentUrl":"https:\/\/www.encontraamericana.com.br\/guia\/wp-content\/uploads\/2026\/07\/em-video-guarda-aperta-mao-come-churrasco-e-ironiza-infracoes-de-motociclistas-nem-vi-voces.webp","width":280,"height":280,"caption":"infra\u00e7\u00f5es de motociclistas"},{"@type":"WebSite","@id":"https:\/\/www.encontraamericana.com.br\/guia\/#website","url":"https:\/\/www.encontraamericana.com.br\/guia\/","name":"Guia Comercial de Americana SP","description":"ENCONTRA AMERICANA - O guia comercial de neg\u00f3cios e empresas, cultura e divers\u00e3o na cidade de Americana. Feito 100% para voc\u00ea morador!","potentialAction":[{"@type":"SearchAction","target":{"@type":"EntryPoint","urlTemplate":"https:\/\/www.encontraamericana.com.br\/guia\/?s={search_term_string}"},"query-input":{"@type":"PropertyValueSpecification","valueRequired":true,"valueName":"search_term_string"}}],"inLanguage":"pt-BR"},{"@type":"Person","@id":"https:\/\/www.encontraamericana.com.br\/guia\/#\/schema\/person\/515cbc6082144e7445cab98211d14f9b","name":"Encontra Americana","image":{"@type":"ImageObject","inLanguage":"pt-BR","@id":"https:\/\/secure.gravatar.com\/avatar\/c50c17820bcf322f0a8fd6b110b8c0918141409dc69076470f6fca5fee70a5d4?s=96&d=mm&r=g","url":"https:\/\/secure.gravatar.com\/avatar\/c50c17820bcf322f0a8fd6b110b8c0918141409dc69076470f6fca5fee70a5d4?s=96&d=mm&r=g","contentUrl":"https:\/\/secure.gravatar.com\/avatar\/c50c17820bcf322f0a8fd6b110b8c0918141409dc69076470f6fca5fee70a5d4?s=96&d=mm&r=g","caption":"Encontra Americana"},"url":"https:\/\/www.encontraamericana.com.br\/guia\/author\/encontraamericana\/"}]}},"_links":{"self":[{"href":"https:\/\/www.encontraamericana.com.br\/guia\/wp-json\/wp\/v2\/posts\/6814","targetHints":{"allow":["GET"]}}],"collection":[{"href":"https:\/\/www.encontraamericana.com.br\/guia\/wp-json\/wp\/v2\/posts"}],"about":[{"href":"https:\/\/www.encontraamericana.com.br\/guia\/wp-json\/wp\/v2\/types\/post"}],"author":[{"embeddable":true,"href":"https:\/\/www.encontraamericana.com.br\/guia\/wp-json\/wp\/v2\/users\/1"}],"replies":[{"embeddable":true,"href":"https:\/\/www.encontraamericana.com.br\/guia\/wp-json\/wp\/v2\/comments?post=6814"}],"version-history":[{"count":0,"href":"https:\/\/www.encontraamericana.com.br\/guia\/wp-json\/wp\/v2\/posts\/6814\/revisions"}],"wp:featuredmedia":[{"embeddable":true,"href":"https:\/\/www.encontraamericana.com.br\/guia\/wp-json\/wp\/v2\/media\/6813"}],"wp:attachment":[{"href":"https:\/\/www.encontraamericana.com.br\/guia\/wp-json\/wp\/v2\/media?parent=6814"}],"wp:term":[{"taxonomy":"category","embeddable":true,"href":"https:\/\/www.encontraamericana.com.br\/guia\/wp-json\/wp\/v2\/categories?post=6814"},{"taxonomy":"post_tag","embeddable":true,"href":"https:\/\/www.encontraamericana.com.br\/guia\/wp-json\/wp\/v2\/tags?post=6814"}],"curies":[{"name":"wp","href":"https:\/\/api.w.org\/{rel}","templated":true}]}}