{"id":6820,"date":"2026-07-20T14:46:51","date_gmt":"2026-07-20T17:46:51","guid":{"rendered":"https:\/\/www.encontraamericana.com.br\/guia\/americana-sedia-encontro-regional-sobre-bolsa-familia-e-cadastro-unico\/"},"modified":"2026-07-20T14:46:51","modified_gmt":"2026-07-20T17:46:51","slug":"americana-sedia-encontro-regional-sobre-bolsa-familia-e-cadastro-unico","status":"publish","type":"post","link":"https:\/\/www.encontraamericana.com.br\/guia\/americana-sedia-encontro-regional-sobre-bolsa-familia-e-cadastro-unico\/","title":{"rendered":"Americana sedia encontro regional sobre Bolsa Fam\u00edlia e Cadastro \u00danico"},"content":{"rendered":"<h2>O que \u00e9 o Programa Bolsa Fam\u00edlia?<\/h2>\n<p>O <strong>Programa Bolsa Fam\u00edlia<\/strong> \u00e9 uma iniciativa que tem como principal alvo apoiar financeiramente as fam\u00edlias em situa\u00e7\u00e3o de vulnerabilidade social no Brasil. Implementado pelo Governo Federal, ele busca garantir seguran\u00e7a alimentar e nutricional, al\u00e9m de promover o acesso \u00e0 sa\u00fade e \u00e0 educa\u00e7\u00e3o. O programa atua em parceria com estados e munic\u00edpios, oferecendo recursos \u00e0s fam\u00edlias que se comprometem a atender a determinadas condi\u00e7\u00f5es, como a manuten\u00e7\u00e3o da frequ\u00eancia escolar das crian\u00e7as e o acompanhamento de sa\u00fade.<\/p>\n<h2>Import\u00e2ncia do Cadastro \u00danico para a Assist\u00eancia Social<\/h2>\n<p>O <strong>Cadastro \u00danico<\/strong> \u00e9 uma ferramenta essencial para a inclus\u00e3o social, pois re\u00fane informa\u00e7\u00f5es sobre as fam\u00edlias de baixa renda. Este cadastro \u00e9 fundamental para que os governos federal, estadual e municipal possam identificar e selecionar aqueles que t\u00eam direito a diferentes programas sociais, como o Bolsa Fam\u00edlia. Al\u00e9m de facilitar o acesso a benef\u00edcios, o Cadastro \u00danico possibilita uma melhor gest\u00e3o das pol\u00edticas p\u00fablicas, permitindo um atendimento mais eficaz e direcionado \u00e0s necessidades reais das fam\u00edlias.<\/p>\n<h2>Objetivos do Encontro Regional em Americana<\/h2>\n<p>O <strong>Encontro Regional Intersetorial<\/strong> que acontecer\u00e1 em Americana tem como finalidade principal fortalecer a articula\u00e7\u00e3o entre diversas pol\u00edticas p\u00fablicas envolvidas no atendimento a fam\u00edlias benefici\u00e1rias do Programa Bolsa Fam\u00edlia e do Cadastro \u00danico. O evento visa:<\/p>\n<p><img decoding=\"async\" src=\"https:\/\/www.encontraamericana.com.br\/guia\/wp-content\/uploads\/2026\/07\/americana-sedia-encontro-regional-sobre-bolsa-familia-e-cadastro-unico.webp\" alt=\"encontro regional sobre Bolsa Fam\u00edlia e Cadastro \u00danico\" loading=\"lazy\" \/><\/p>\n<ul>\n<li><strong>Qualificar o atendimento:<\/strong> Promover a capacita\u00e7\u00e3o dos gestores e equipes t\u00e9cnicas das \u00e1reas de Assist\u00eancia Social, Sa\u00fade e Educa\u00e7\u00e3o.<\/li>\n<li><strong>Estabelecer conex\u00f5es:<\/strong> Fomentar o di\u00e1logo entre diferentes setores, propiciando a troca de experi\u00eancias e boas pr\u00e1ticas.<\/li>\n<li><strong>Integrar a\u00e7\u00f5es:<\/strong> Alinhar estrat\u00e9gias que garantam o cumprimento das condicionalidades do programa aos benefici\u00e1rios.<\/li>\n<\/ul>\n<h2>Programa\u00e7\u00e3o: O que esperar do evento?<\/h2>\n<p>A programa\u00e7\u00e3o do encontro \u00e9 extensa e promete trazer debates enriquecedores sobre temas relevantes que afetam as pol\u00edticas sociais. O evento ocorrer\u00e1 no dia 21 de julho, das 8h30 \u00e0s 17h, no Senac Americana. Os participantes poder\u00e3o esperar:<\/p>\n<ul>\n<li><strong>Caf\u00e9 de recep\u00e7\u00e3o:<\/strong> 8h30<\/li>\n<li><strong>Abertura com apresenta\u00e7\u00f5es:<\/strong> Informa\u00e7\u00f5es sobre Bolsa Fam\u00edlia e Cadastro \u00danico, al\u00e9m de discuss\u00f5es sobre Prote\u00e7\u00e3o Social, Sa\u00fade e Educa\u00e7\u00e3o, a partir das 9h15.<\/li>\n<li><strong>Discuss\u00e3o em plen\u00e1rio:<\/strong> Oportunidade para todos os participantes discutirem ideias e sugerirem melhorias \u00e0s 11h.<\/li>\n<li><strong>Almo\u00e7o:<\/strong> 12h.<\/li>\n<li><strong>Grupos setoriais:<\/strong> Ap\u00f3s o almo\u00e7o, haver\u00e1 sess\u00f5es dedicadas a gest\u00e3o do Programa Bolsa Fam\u00edlia, Cadastro \u00danico, Prote\u00e7\u00e3o Social, entre outros, come\u00e7ando \u00e0s 13h30.<\/li>\n<li><strong>Roda de Conversa Regional:<\/strong> Um espa\u00e7o para debater assuntos pertinentes entre os munic\u00edpios a partir das 15h.<\/li>\n<li><strong>Plen\u00e1ria final:<\/strong> Apresenta\u00e7\u00e3o dos relat\u00f3rios das rodas de conversa, encerrando o evento \u00e0s 17h.<\/li>\n<\/ul>\n<h2>Palestrantes e Temas em Debate<\/h2>\n<p>Durante o encontro, diversos especialistas e gestores estar\u00e3o presentes para compartilhar seus conhecimentos e experi\u00eancias pr\u00e1ticas nas \u00e1reas de assist\u00eancia social, sa\u00fade e educa\u00e7\u00e3o. Entre os temas que ser\u00e3o abordados, destacam-se:<\/p>\n<ul>\n<li><strong>Integra\u00e7\u00e3o e Articula\u00e7\u00e3o das Pol\u00edticas P\u00fablicas:<\/strong> O papel de cada setor na luta contra a pobreza e na promo\u00e7\u00e3o da inclus\u00e3o social.<\/li>\n<li><strong>Desafios da Implementa\u00e7\u00e3o do Programa:<\/strong> Discuss\u00e3o sobre as dificuldades enfrentadas na execu\u00e7\u00e3o do Bolsa Fam\u00edlia e como super\u00e1-las.<\/li>\n<li><strong>Experi\u00eancias de Sucesso:<\/strong> Apresenta\u00e7\u00e3o de casos positivos de munic\u00edpios que conseguiram melhorar a efic\u00e1cia do atendimento \u00e0s fam\u00edlias benefici\u00e1rias.<\/li>\n<\/ul>\n<h2>Impacto das Pol\u00edticas P\u00fablicas na Vida das Fam\u00edlias<\/h2>\n<p>As pol\u00edticas p\u00fablicas, em especial o Bolsa Fam\u00edlia e o Cadastro \u00danico, t\u00eam um papel significativo na vida das fam\u00edlias em situa\u00e7\u00e3o de vulnerabilidade. Elas n\u00e3o apenas fornecem suporte financeiro, mas tamb\u00e9m promovem melhorias no acesso a servi\u00e7os essenciais como sa\u00fade e educa\u00e7\u00e3o. O acompanhamento das condicionalidades do programa \u00e9 fundamental para garantir que as fam\u00edlias cumpram os requisitos necess\u00e1rios, possibilitando um ciclo de inclus\u00e3o social e redu\u00e7\u00e3o da pobreza.<\/p>\n<h2>Integra\u00e7\u00e3o entre Assist\u00eancia Social, Sa\u00fade e Educa\u00e7\u00e3o<\/h2>\n<p>A integra\u00e7\u00e3o dessas \u00e1reas \u00e9 vital para o sucesso das pol\u00edticas p\u00fablicas. O trabalho conjunto entre Assist\u00eancia Social, Sa\u00fade e Educa\u00e7\u00e3o permite um atendimento mais completo e eficaz \u00e0s fam\u00edlias isentas de recursos. Por meio da troca de informa\u00e7\u00f5es e colabora\u00e7\u00e3o entre esses setores, \u00e9 poss\u00edvel identificar as necessidades espec\u00edficas de cada fam\u00edlia, assim garantindo um suporte mais assertivo e alinhado.<\/p>\n<h2>Experi\u00eancias de Sucesso em Outras Regi\u00f5es<\/h2>\n<p>V\u00e1rios munic\u00edpios no Brasil t\u00eam se destacado por suas iniciativas inovadoras relacionadas ao Bolsa Fam\u00edlia e ao Cadastro \u00danico. Esses exemplos sucintamente mostram como \u00e9 poss\u00edvel alcan\u00e7ar melhores resultados na gest\u00e3o de programas sociais:<\/p>\n<ul>\n<li><strong>Capacita\u00e7\u00e3o constante:<\/strong> Munic\u00edpios que realizam treinamentos frequentes com suas equipes tendem a apresentar resultados positivos na implementa\u00e7\u00e3o das pol\u00edticas.<\/li>\n<li><strong>Participa\u00e7\u00e3o da comunidade:<\/strong> Incentivar a participa\u00e7\u00e3o dos cidad\u00e3os no acompanhamento das pol\u00edticas p\u00fablicas contribui para melhorias no atendimento.<\/li>\n<li><strong>Uso de tecnologias:<\/strong> A ado\u00e7\u00e3o de ferramentas digitais facilita a gest\u00e3o das informa\u00e7\u00f5es e o acesso a servi\u00e7os.<\/li>\n<\/ul>\n<h2>Desafios Enfrentados na Implementa\u00e7\u00e3o do Programa<\/h2>\n<p>Apesar dos avan\u00e7os j\u00e1 conquistados, a implementa\u00e7\u00e3o do Bolsa Fam\u00edlia apresenta desafios que precisam ser enfrentados. Alguns dos principais obst\u00e1culos incluem:<\/p>\n<ul>\n<li><strong>Falta de recursos:<\/strong> A limita\u00e7\u00e3o de or\u00e7amento pode prejudicar a execu\u00e7\u00e3o de diversas a\u00e7\u00f5es necess\u00e1rias.<\/li>\n<li><strong>Desinforma\u00e7\u00e3o:<\/strong> Muitas fam\u00edlias n\u00e3o conhecem seus direitos ou como acessar os benef\u00edcios do programa.<\/li>\n<li><strong>Faltam articula\u00e7\u00f5es entre setores:<\/strong> A falta de comunica\u00e7\u00e3o e colabora\u00e7\u00e3o entre diferentes esferas do governo pode levar \u00e0 inefici\u00eancia.<\/li>\n<\/ul>\n<h2>Como Participar e Contribuir para o Encontro<\/h2>\n<p>O Encontro Regional Intersetorial \u00e9 uma oportunidade para gestores e profissionais da assist\u00eancia social se atualizarem sobre as melhores pr\u00e1ticas e se engajarem na melhoria do atendimento \u00e0s fam\u00edlias. Para participar, \u00e9 necess\u00e1rio realizar a inscri\u00e7\u00e3o pr\u00e9via e, ao comparecer, todos s\u00e3o estimulados a trazer suas experi\u00eancias e sugest\u00f5es. A colabora\u00e7\u00e3o de cada um \u00e9 importante para construir um atendimento mais qualificado e eficaz, que possa fazer a diferen\u00e7a na vida das pessoas assistidas pelos programas sociais.<\/p>\n","protected":false},"excerpt":{"rendered":"<p>Bolsa Fam\u00edlia e Cadastro \u00danico se destacam em encontro regional em Americana.<\/p>\n","protected":false},"author":1,"featured_media":6819,"comment_status":"open","ping_status":"open","sticky":false,"template":"","format":"standard","meta":{"footnotes":""},"categories":[5],"tags":[],"class_list":["post-6820","post","type-post","status-publish","format-standard","has-post-thumbnail","hentry","category-noticias","has_thumb"],"yoast_head":"<!-- This site is optimized with the Yoast SEO plugin v27.6 - https:\/\/yoast.com\/product\/yoast-seo-wordpress\/ -->\n<title>Americana sedia encontro regional sobre Bolsa Fam\u00edlia e Cadastro \u00danico | Guia Comercial de Americana SP<\/title>\n<meta name=\"robots\" content=\"index, follow, max-snippet:-1, max-image-preview:large, max-video-preview:-1\" \/>\n<link rel=\"canonical\" href=\"https:\/\/www.encontraamericana.com.br\/guia\/americana-sedia-encontro-regional-sobre-bolsa-familia-e-cadastro-unico\/\" \/>\n<meta property=\"og:locale\" content=\"pt_BR\" \/>\n<meta property=\"og:type\" content=\"article\" \/>\n<meta property=\"og:title\" content=\"Americana sedia encontro regional sobre Bolsa Fam\u00edlia e Cadastro \u00danico | Guia Comercial de Americana SP\" \/>\n<meta property=\"og:description\" content=\"Bolsa Fam\u00edlia e Cadastro \u00danico se destacam em encontro regional em Americana.\" \/>\n<meta property=\"og:url\" content=\"https:\/\/www.encontraamericana.com.br\/guia\/americana-sedia-encontro-regional-sobre-bolsa-familia-e-cadastro-unico\/\" \/>\n<meta property=\"og:site_name\" content=\"Guia Comercial de Americana SP\" \/>\n<meta property=\"article:published_time\" content=\"2026-07-20T17:46:51+00:00\" \/>\n<meta property=\"og:image\" content=\"https:\/\/www.encontraamericana.com.br\/guia\/wp-content\/uploads\/2026\/07\/americana-sedia-encontro-regional-sobre-bolsa-familia-e-cadastro-unico.webp\" \/>\n<meta name=\"author\" content=\"Encontra Americana\" \/>\n<meta name=\"twitter:card\" content=\"summary_large_image\" \/>\n<meta name=\"twitter:label1\" content=\"Escrito por\" \/>\n\t<meta name=\"twitter:data1\" content=\"Encontra Americana\" \/>\n\t<meta name=\"twitter:label2\" content=\"Est. tempo de leitura\" \/>\n\t<meta name=\"twitter:data2\" content=\"5 minutos\" \/>\n<script type=\"application\/ld+json\" class=\"yoast-schema-graph\">{\"@context\":\"https:\\\/\\\/schema.org\",\"@graph\":[{\"@type\":\"Article\",\"@id\":\"https:\\\/\\\/www.encontraamericana.com.br\\\/guia\\\/americana-sedia-encontro-regional-sobre-bolsa-familia-e-cadastro-unico\\\/#article\",\"isPartOf\":{\"@id\":\"https:\\\/\\\/www.encontraamericana.com.br\\\/guia\\\/americana-sedia-encontro-regional-sobre-bolsa-familia-e-cadastro-unico\\\/\"},\"author\":{\"name\":\"Encontra Americana\",\"@id\":\"https:\\\/\\\/www.encontraamericana.com.br\\\/guia\\\/#\\\/schema\\\/person\\\/515cbc6082144e7445cab98211d14f9b\"},\"headline\":\"Americana sedia encontro regional sobre Bolsa Fam\u00edlia e Cadastro \u00danico\",\"datePublished\":\"2026-07-20T17:46:51+00:00\",\"mainEntityOfPage\":{\"@id\":\"https:\\\/\\\/www.encontraamericana.com.br\\\/guia\\\/americana-sedia-encontro-regional-sobre-bolsa-familia-e-cadastro-unico\\\/\"},\"wordCount\":1077,\"commentCount\":0,\"image\":{\"@id\":\"https:\\\/\\\/www.encontraamericana.com.br\\\/guia\\\/americana-sedia-encontro-regional-sobre-bolsa-familia-e-cadastro-unico\\\/#primaryimage\"},\"thumbnailUrl\":\"https:\\\/\\\/www.encontraamericana.com.br\\\/guia\\\/wp-content\\\/uploads\\\/2026\\\/07\\\/americana-sedia-encontro-regional-sobre-bolsa-familia-e-cadastro-unico.webp\",\"articleSection\":[\"Not\u00edcias Americana\"],\"inLanguage\":\"pt-BR\",\"potentialAction\":[{\"@type\":\"CommentAction\",\"name\":\"Comment\",\"target\":[\"https:\\\/\\\/www.encontraamericana.com.br\\\/guia\\\/americana-sedia-encontro-regional-sobre-bolsa-familia-e-cadastro-unico\\\/#respond\"]}]},{\"@type\":\"WebPage\",\"@id\":\"https:\\\/\\\/www.encontraamericana.com.br\\\/guia\\\/americana-sedia-encontro-regional-sobre-bolsa-familia-e-cadastro-unico\\\/\",\"url\":\"https:\\\/\\\/www.encontraamericana.com.br\\\/guia\\\/americana-sedia-encontro-regional-sobre-bolsa-familia-e-cadastro-unico\\\/\",\"name\":\"Americana sedia encontro regional sobre Bolsa Fam\u00edlia e Cadastro \u00danico | Guia Comercial de Americana SP\",\"isPartOf\":{\"@id\":\"https:\\\/\\\/www.encontraamericana.com.br\\\/guia\\\/#website\"},\"primaryImageOfPage\":{\"@id\":\"https:\\\/\\\/www.encontraamericana.com.br\\\/guia\\\/americana-sedia-encontro-regional-sobre-bolsa-familia-e-cadastro-unico\\\/#primaryimage\"},\"image\":{\"@id\":\"https:\\\/\\\/www.encontraamericana.com.br\\\/guia\\\/americana-sedia-encontro-regional-sobre-bolsa-familia-e-cadastro-unico\\\/#primaryimage\"},\"thumbnailUrl\":\"https:\\\/\\\/www.encontraamericana.com.br\\\/guia\\\/wp-content\\\/uploads\\\/2026\\\/07\\\/americana-sedia-encontro-regional-sobre-bolsa-familia-e-cadastro-unico.webp\",\"datePublished\":\"2026-07-20T17:46:51+00:00\",\"author\":{\"@id\":\"https:\\\/\\\/www.encontraamericana.com.br\\\/guia\\\/#\\\/schema\\\/person\\\/515cbc6082144e7445cab98211d14f9b\"},\"inLanguage\":\"pt-BR\",\"potentialAction\":[{\"@type\":\"ReadAction\",\"target\":[\"https:\\\/\\\/www.encontraamericana.com.br\\\/guia\\\/americana-sedia-encontro-regional-sobre-bolsa-familia-e-cadastro-unico\\\/\"]}]},{\"@type\":\"ImageObject\",\"inLanguage\":\"pt-BR\",\"@id\":\"https:\\\/\\\/www.encontraamericana.com.br\\\/guia\\\/americana-sedia-encontro-regional-sobre-bolsa-familia-e-cadastro-unico\\\/#primaryimage\",\"url\":\"https:\\\/\\\/www.encontraamericana.com.br\\\/guia\\\/wp-content\\\/uploads\\\/2026\\\/07\\\/americana-sedia-encontro-regional-sobre-bolsa-familia-e-cadastro-unico.webp\",\"contentUrl\":\"https:\\\/\\\/www.encontraamericana.com.br\\\/guia\\\/wp-content\\\/uploads\\\/2026\\\/07\\\/americana-sedia-encontro-regional-sobre-bolsa-familia-e-cadastro-unico.webp\",\"width\":280,\"height\":280,\"caption\":\"encontro regional sobre Bolsa Fam\u00edlia e Cadastro \u00danico\"},{\"@type\":\"WebSite\",\"@id\":\"https:\\\/\\\/www.encontraamericana.com.br\\\/guia\\\/#website\",\"url\":\"https:\\\/\\\/www.encontraamericana.com.br\\\/guia\\\/\",\"name\":\"Guia Comercial de Americana SP\",\"description\":\"ENCONTRA AMERICANA - O guia comercial de neg\u00f3cios e empresas, cultura e divers\u00e3o na cidade de Americana. Feito 100% para voc\u00ea morador!\",\"potentialAction\":[{\"@type\":\"SearchAction\",\"target\":{\"@type\":\"EntryPoint\",\"urlTemplate\":\"https:\\\/\\\/www.encontraamericana.com.br\\\/guia\\\/?s={search_term_string}\"},\"query-input\":{\"@type\":\"PropertyValueSpecification\",\"valueRequired\":true,\"valueName\":\"search_term_string\"}}],\"inLanguage\":\"pt-BR\"},{\"@type\":\"Person\",\"@id\":\"https:\\\/\\\/www.encontraamericana.com.br\\\/guia\\\/#\\\/schema\\\/person\\\/515cbc6082144e7445cab98211d14f9b\",\"name\":\"Encontra Americana\",\"image\":{\"@type\":\"ImageObject\",\"inLanguage\":\"pt-BR\",\"@id\":\"https:\\\/\\\/secure.gravatar.com\\\/avatar\\\/c50c17820bcf322f0a8fd6b110b8c0918141409dc69076470f6fca5fee70a5d4?s=96&d=mm&r=g\",\"url\":\"https:\\\/\\\/secure.gravatar.com\\\/avatar\\\/c50c17820bcf322f0a8fd6b110b8c0918141409dc69076470f6fca5fee70a5d4?s=96&d=mm&r=g\",\"contentUrl\":\"https:\\\/\\\/secure.gravatar.com\\\/avatar\\\/c50c17820bcf322f0a8fd6b110b8c0918141409dc69076470f6fca5fee70a5d4?s=96&d=mm&r=g\",\"caption\":\"Encontra Americana\"},\"url\":\"https:\\\/\\\/www.encontraamericana.com.br\\\/guia\\\/author\\\/encontraamericana\\\/\"}]}<\/script>\n<!-- \/ Yoast SEO plugin. -->","yoast_head_json":{"title":"Americana sedia encontro regional sobre Bolsa Fam\u00edlia e Cadastro \u00danico | Guia Comercial de Americana SP","robots":{"index":"index","follow":"follow","max-snippet":"max-snippet:-1","max-image-preview":"max-image-preview:large","max-video-preview":"max-video-preview:-1"},"canonical":"https:\/\/www.encontraamericana.com.br\/guia\/americana-sedia-encontro-regional-sobre-bolsa-familia-e-cadastro-unico\/","og_locale":"pt_BR","og_type":"article","og_title":"Americana sedia encontro regional sobre Bolsa Fam\u00edlia e Cadastro \u00danico | Guia Comercial de Americana SP","og_description":"Bolsa Fam\u00edlia e Cadastro \u00danico se destacam em encontro regional em Americana.","og_url":"https:\/\/www.encontraamericana.com.br\/guia\/americana-sedia-encontro-regional-sobre-bolsa-familia-e-cadastro-unico\/","og_site_name":"Guia Comercial de Americana SP","article_published_time":"2026-07-20T17:46:51+00:00","og_image":[{"url":"https:\/\/www.encontraamericana.com.br\/guia\/wp-content\/uploads\/2026\/07\/americana-sedia-encontro-regional-sobre-bolsa-familia-e-cadastro-unico.webp","type":"","width":"","height":""}],"author":"Encontra Americana","twitter_card":"summary_large_image","twitter_misc":{"Escrito por":"Encontra Americana","Est. tempo de leitura":"5 minutos"},"schema":{"@context":"https:\/\/schema.org","@graph":[{"@type":"Article","@id":"https:\/\/www.encontraamericana.com.br\/guia\/americana-sedia-encontro-regional-sobre-bolsa-familia-e-cadastro-unico\/#article","isPartOf":{"@id":"https:\/\/www.encontraamericana.com.br\/guia\/americana-sedia-encontro-regional-sobre-bolsa-familia-e-cadastro-unico\/"},"author":{"name":"Encontra Americana","@id":"https:\/\/www.encontraamericana.com.br\/guia\/#\/schema\/person\/515cbc6082144e7445cab98211d14f9b"},"headline":"Americana sedia encontro regional sobre Bolsa Fam\u00edlia e Cadastro \u00danico","datePublished":"2026-07-20T17:46:51+00:00","mainEntityOfPage":{"@id":"https:\/\/www.encontraamericana.com.br\/guia\/americana-sedia-encontro-regional-sobre-bolsa-familia-e-cadastro-unico\/"},"wordCount":1077,"commentCount":0,"image":{"@id":"https:\/\/www.encontraamericana.com.br\/guia\/americana-sedia-encontro-regional-sobre-bolsa-familia-e-cadastro-unico\/#primaryimage"},"thumbnailUrl":"https:\/\/www.encontraamericana.com.br\/guia\/wp-content\/uploads\/2026\/07\/americana-sedia-encontro-regional-sobre-bolsa-familia-e-cadastro-unico.webp","articleSection":["Not\u00edcias Americana"],"inLanguage":"pt-BR","potentialAction":[{"@type":"CommentAction","name":"Comment","target":["https:\/\/www.encontraamericana.com.br\/guia\/americana-sedia-encontro-regional-sobre-bolsa-familia-e-cadastro-unico\/#respond"]}]},{"@type":"WebPage","@id":"https:\/\/www.encontraamericana.com.br\/guia\/americana-sedia-encontro-regional-sobre-bolsa-familia-e-cadastro-unico\/","url":"https:\/\/www.encontraamericana.com.br\/guia\/americana-sedia-encontro-regional-sobre-bolsa-familia-e-cadastro-unico\/","name":"Americana sedia encontro regional sobre Bolsa Fam\u00edlia e Cadastro \u00danico | Guia Comercial de Americana SP","isPartOf":{"@id":"https:\/\/www.encontraamericana.com.br\/guia\/#website"},"primaryImageOfPage":{"@id":"https:\/\/www.encontraamericana.com.br\/guia\/americana-sedia-encontro-regional-sobre-bolsa-familia-e-cadastro-unico\/#primaryimage"},"image":{"@id":"https:\/\/www.encontraamericana.com.br\/guia\/americana-sedia-encontro-regional-sobre-bolsa-familia-e-cadastro-unico\/#primaryimage"},"thumbnailUrl":"https:\/\/www.encontraamericana.com.br\/guia\/wp-content\/uploads\/2026\/07\/americana-sedia-encontro-regional-sobre-bolsa-familia-e-cadastro-unico.webp","datePublished":"2026-07-20T17:46:51+00:00","author":{"@id":"https:\/\/www.encontraamericana.com.br\/guia\/#\/schema\/person\/515cbc6082144e7445cab98211d14f9b"},"inLanguage":"pt-BR","potentialAction":[{"@type":"ReadAction","target":["https:\/\/www.encontraamericana.com.br\/guia\/americana-sedia-encontro-regional-sobre-bolsa-familia-e-cadastro-unico\/"]}]},{"@type":"ImageObject","inLanguage":"pt-BR","@id":"https:\/\/www.encontraamericana.com.br\/guia\/americana-sedia-encontro-regional-sobre-bolsa-familia-e-cadastro-unico\/#primaryimage","url":"https:\/\/www.encontraamericana.com.br\/guia\/wp-content\/uploads\/2026\/07\/americana-sedia-encontro-regional-sobre-bolsa-familia-e-cadastro-unico.webp","contentUrl":"https:\/\/www.encontraamericana.com.br\/guia\/wp-content\/uploads\/2026\/07\/americana-sedia-encontro-regional-sobre-bolsa-familia-e-cadastro-unico.webp","width":280,"height":280,"caption":"encontro regional sobre Bolsa Fam\u00edlia e Cadastro \u00danico"},{"@type":"WebSite","@id":"https:\/\/www.encontraamericana.com.br\/guia\/#website","url":"https:\/\/www.encontraamericana.com.br\/guia\/","name":"Guia Comercial de Americana SP","description":"ENCONTRA AMERICANA - O guia comercial de neg\u00f3cios e empresas, cultura e divers\u00e3o na cidade de Americana. Feito 100% para voc\u00ea morador!","potentialAction":[{"@type":"SearchAction","target":{"@type":"EntryPoint","urlTemplate":"https:\/\/www.encontraamericana.com.br\/guia\/?s={search_term_string}"},"query-input":{"@type":"PropertyValueSpecification","valueRequired":true,"valueName":"search_term_string"}}],"inLanguage":"pt-BR"},{"@type":"Person","@id":"https:\/\/www.encontraamericana.com.br\/guia\/#\/schema\/person\/515cbc6082144e7445cab98211d14f9b","name":"Encontra Americana","image":{"@type":"ImageObject","inLanguage":"pt-BR","@id":"https:\/\/secure.gravatar.com\/avatar\/c50c17820bcf322f0a8fd6b110b8c0918141409dc69076470f6fca5fee70a5d4?s=96&d=mm&r=g","url":"https:\/\/secure.gravatar.com\/avatar\/c50c17820bcf322f0a8fd6b110b8c0918141409dc69076470f6fca5fee70a5d4?s=96&d=mm&r=g","contentUrl":"https:\/\/secure.gravatar.com\/avatar\/c50c17820bcf322f0a8fd6b110b8c0918141409dc69076470f6fca5fee70a5d4?s=96&d=mm&r=g","caption":"Encontra Americana"},"url":"https:\/\/www.encontraamericana.com.br\/guia\/author\/encontraamericana\/"}]}},"_links":{"self":[{"href":"https:\/\/www.encontraamericana.com.br\/guia\/wp-json\/wp\/v2\/posts\/6820","targetHints":{"allow":["GET"]}}],"collection":[{"href":"https:\/\/www.encontraamericana.com.br\/guia\/wp-json\/wp\/v2\/posts"}],"about":[{"href":"https:\/\/www.encontraamericana.com.br\/guia\/wp-json\/wp\/v2\/types\/post"}],"author":[{"embeddable":true,"href":"https:\/\/www.encontraamericana.com.br\/guia\/wp-json\/wp\/v2\/users\/1"}],"replies":[{"embeddable":true,"href":"https:\/\/www.encontraamericana.com.br\/guia\/wp-json\/wp\/v2\/comments?post=6820"}],"version-history":[{"count":0,"href":"https:\/\/www.encontraamericana.com.br\/guia\/wp-json\/wp\/v2\/posts\/6820\/revisions"}],"wp:featuredmedia":[{"embeddable":true,"href":"https:\/\/www.encontraamericana.com.br\/guia\/wp-json\/wp\/v2\/media\/6819"}],"wp:attachment":[{"href":"https:\/\/www.encontraamericana.com.br\/guia\/wp-json\/wp\/v2\/media?parent=6820"}],"wp:term":[{"taxonomy":"category","embeddable":true,"href":"https:\/\/www.encontraamericana.com.br\/guia\/wp-json\/wp\/v2\/categories?post=6820"},{"taxonomy":"post_tag","embeddable":true,"href":"https:\/\/www.encontraamericana.com.br\/guia\/wp-json\/wp\/v2\/tags?post=6820"}],"curies":[{"name":"wp","href":"https:\/\/api.w.org\/{rel}","templated":true}]}}