{"id":6822,"date":"2026-07-20T14:47:54","date_gmt":"2026-07-20T17:47:54","guid":{"rendered":"https:\/\/www.encontraamericana.com.br\/guia\/prefeitura-de-americana-convoca-58-aprovados-em-concurso-publico\/"},"modified":"2026-07-20T14:47:54","modified_gmt":"2026-07-20T17:47:54","slug":"prefeitura-de-americana-convoca-58-aprovados-em-concurso-publico","status":"publish","type":"post","link":"https:\/\/www.encontraamericana.com.br\/guia\/prefeitura-de-americana-convoca-58-aprovados-em-concurso-publico\/","title":{"rendered":"Prefeitura de Americana convoca 58 aprovados em concurso p\u00fablico"},"content":{"rendered":"<h2>O que significa essa convoca\u00e7\u00e3o para Americana?<\/h2>\n<p>A convoca\u00e7\u00e3o da Prefeitura de Americana representa uma importante oportunidade para expandir e renovar a for\u00e7a de trabalho no setor p\u00fablico da cidade. Com a inclus\u00e3o de novos profissionais, a administra\u00e7\u00e3o p\u00fablica poder\u00e1 melhorar ainda mais a qualidade dos servi\u00e7os oferecidos aos cidad\u00e3os. Esta a\u00e7\u00e3o \u00e9 um reflexo do compromisso da gest\u00e3o com a transpar\u00eancia e a efici\u00eancia no atendimento ao p\u00fablico, garantindo que as demandas da popula\u00e7\u00e3o sejam atendidas de maneira eficaz e competente.<\/p>\n<h2>Quais s\u00e3o os cargos dispon\u00edveis?<\/h2>\n<p>Ao todo, a convoca\u00e7\u00e3o abrange 28 fun\u00e7\u00f5es em diferentes \u00e1reas. A seguir est\u00e1 uma lista dos cargos dispon\u00edveis e os respectivos n\u00fameros de vagas:<\/p>\n<ul>\n<li><strong>Inspetor de alunos:<\/strong> 3 vagas<\/li>\n<li><strong>Monitor escolar:<\/strong> 3 vagas<\/li>\n<li><strong>Oficial administrativo:<\/strong> 1 vaga<\/li>\n<li><strong>Professor de educa\u00e7\u00e3o fundamental:<\/strong> 8 vagas<\/li>\n<li><strong>Professor de educa\u00e7\u00e3o f\u00edsica:<\/strong> 1 vaga<\/li>\n<li><strong>Professor de geografia:<\/strong> 1 vaga<\/li>\n<li><strong>Professor de hist\u00f3ria:<\/strong> 1 vaga<\/li>\n<li><strong>Professor de ingl\u00eas \u2013 PCD:<\/strong> 1 vaga<\/li>\n<li><strong>Professor de matem\u00e1tica:<\/strong> 1 vaga<\/li>\n<li><strong>Professor de educa\u00e7\u00e3o infantil:<\/strong> 1 vaga<\/li>\n<li><strong>Professor de creche:<\/strong> 4 vagas<\/li>\n<li><strong>Professor de educa\u00e7\u00e3o especial:<\/strong> 1 vaga<\/li>\n<li><strong>Ajudante geral:<\/strong> 5 vagas<\/li>\n<li><strong>Educador social:<\/strong> 1 vaga<\/li>\n<li><strong>Educador social \u2013 PCD:<\/strong> 1 vaga<\/li>\n<li><strong>Escritur\u00e1rio:<\/strong> 4 vagas<\/li>\n<li><strong>Fisioterapeuta:<\/strong> 1 vaga<\/li>\n<li><strong>Jornalista:<\/strong> 1 vaga<\/li>\n<li><strong>M\u00e9dico de fam\u00edlia:<\/strong> 1 vaga<\/li>\n<li><strong>Motoristas:<\/strong> 2 vagas<\/li>\n<li><strong>Motorista de ambul\u00e2ncia:<\/strong> 1 vaga<\/li>\n<li><strong>Pintor:<\/strong> 2 vagas<\/li>\n<li><strong>Professor desportivo:<\/strong> 1 vaga<\/li>\n<li><strong>Psic\u00f3logo:<\/strong> 2 vagas<\/li>\n<li><strong>Psic\u00f3logo \u2013 PCD:<\/strong> 1 vaga<\/li>\n<li><strong>T\u00e9cnico de enfermagem:<\/strong> 7 vagas<\/li>\n<li><strong>T\u00e9cnico em planejamento e or\u00e7amento:<\/strong> 1 vaga<\/li>\n<li><strong>T\u00e9cnico de seguran\u00e7a do trabalho:<\/strong> 1 vaga<\/li>\n<\/ul>\n<h2>Data e local de apresenta\u00e7\u00e3o dos convocados<\/h2>\n<p>Os profissionais convocados dever\u00e3o se apresentar em datas e hor\u00e1rios espec\u00edficos, conforme suas designa\u00e7\u00f5es. As informa\u00e7\u00f5es s\u00e3o as seguintes:<\/p>\n<p><img decoding=\"async\" src=\"https:\/\/www.encontraamericana.com.br\/guia\/wp-content\/uploads\/2026\/07\/prefeitura-de-americana-convoca-58-aprovados-em-concurso-publico.webp\" alt=\"convoca\u00e7\u00e3o concurso p\u00fablico Americana\" loading=\"lazy\" \/><\/p>\n<ul>\n<li><strong>Data:<\/strong> 24 de julho<\/li>\n<li><strong>Local:<\/strong> Audit\u00f3rio Villa Americana, Pa\u00e7o Municipal<\/li>\n<li><strong>Hor\u00e1rios:<\/strong>\n<ul>\n<li>13h30 para os educadores e professores convocados<\/li>\n<li>09h00 para os demais cargos como ajudante geral, educador social, e t\u00e9cnicos<\/li>\n<\/ul>\n<\/li>\n<li><strong>Entrada:<\/strong> Rua Presidente Vargas<\/li>\n<\/ul>\n<h2>Import\u00e2ncia da convoca\u00e7\u00e3o para a educa\u00e7\u00e3o<\/h2>\n<p>A convoca\u00e7\u00e3o de novos educadores \u00e9 essencial para o fortalecimento da rede de ensino municipal de Americana. Com a inclus\u00e3o de professores nas disciplinas fundamentais e especializadas, a administra\u00e7\u00e3o municipal busca garantir que todos os alunos tenham acesso a uma educa\u00e7\u00e3o de qualidade. O aumento no n\u00famero de educadores poder\u00e1 reduzir a sobrecarga nas salas de aula, proporcionando um ambiente mais favor\u00e1vel ao aprendizado e um melhor acompanhamento individual dos alunos. Segundo o secret\u00e1rio de Educa\u00e7\u00e3o, Vinicius Ghizini, essas novas contrata\u00e7\u00f5es s\u00e3o parte de um esfor\u00e7o cont\u00ednuo para melhorar a qualidade da educa\u00e7\u00e3o na cidade.<\/p>\n<h2>Reflexos das novas contrata\u00e7\u00f5es na sa\u00fade p\u00fablica<\/h2>\n<p>A contrata\u00e7\u00e3o de novos profissionais nas \u00e1reas de sa\u00fade, como m\u00e9dicos e t\u00e9cnicos de enfermagem, \u00e9 igualmente significativa. A presen\u00e7a de mais profissionais qualificados contribuir\u00e1 para a efic\u00e1cia dos servi\u00e7os prestados nos centros de sa\u00fade e hospitais municipais, impactando diretamente a qualidade do atendimento \u00e0 popula\u00e7\u00e3o. A amplia\u00e7\u00e3o da equipe de sa\u00fade \u00e9 uma estrat\u00e9gia para enfrentar a demanda crescente por servi\u00e7os m\u00e9dicos, possibilitando um atendimento mais \u00e1gil e eficiente. Isso \u00e9 fundamental, especialmente em um momento em que a sa\u00fade p\u00fablica enfrenta diversos desafios.<\/p>\n<h2>Depoimentos do secret\u00e1rio de Administra\u00e7\u00e3o<\/h2>\n<p>O secret\u00e1rio de Administra\u00e7\u00e3o, Eduardo Flores, comentou sobre a import\u00e2ncia das recentes convoca\u00e7\u00f5es. &#8220;Essa \u00e9 uma das formas que encontramos de refor\u00e7ar os servi\u00e7os prestados \u00e0 popula\u00e7\u00e3o, garantindo que nosso compromisso com a transpar\u00eancia e efici\u00eancia seja cumprido. Cada novo profissional convocado tem um papel crucial na melhoria do atendimento oferecido \u00e0 comunidade&#8221;, enfatizou ele. Essa declara\u00e7\u00e3o destaca o investimento da administra\u00e7\u00e3o municipal na valoriza\u00e7\u00e3o do servidor p\u00fablico e na melhoria da presta\u00e7\u00e3o de servi\u00e7os.<\/p>\n<h2>Como a convoca\u00e7\u00e3o impacta os servi\u00e7os p\u00fablicos<\/h2>\n<p>A inclus\u00e3o de novos profissionais nos quadros da Prefeitura de Americana n\u00e3o s\u00f3 melhora a qualidade dos servi\u00e7os prestados, mas tamb\u00e9m fortalece a capacidade da administra\u00e7\u00e3o em atender a demanda da popula\u00e7\u00e3o. A presen\u00e7a de um n\u00famero adequado de funcion\u00e1rios em diferentes setores possibilita que cada \u00e1rea funcione de maneira mais eficiente e integrada. Isso resulta em um atendimento ao cidad\u00e3o que \u00e9 mais \u00e1gil, resolutivo e com maior responsabilidade. Al\u00e9m disso, essa convoca\u00e7\u00e3o serve como um incentivo \u00e0queles que desejam ingressar no servi\u00e7o p\u00fablico, mostrando que h\u00e1 oportunidades de carreira e desenvolvimento profissional na cidade.<\/p>\n<h2>Crit\u00e9rios para sele\u00e7\u00e3o dos convocados<\/h2>\n<p>A sele\u00e7\u00e3o dos profissionais convocados foi realizada com base em crit\u00e9rios rigorosos estabelecidos durante o concurso p\u00fablico. Os candidatos passaram por uma avalia\u00e7\u00e3o que mediu suas compet\u00eancias e conhecimentos nas respectivas \u00e1reas de atua\u00e7\u00e3o. O processo foi conduzido de forma transparente, garantindo que as melhores qualifica\u00e7\u00f5es fossem escolhidas para atender \u00e0s necessidades do servi\u00e7o p\u00fablico. Com isso, a administra\u00e7\u00e3o refor\u00e7a seu compromisso com a excel\u00eancia na presta\u00e7\u00e3o de servi\u00e7os \u00e0 popula\u00e7\u00e3o.<\/p>\n<h2>Expectativas para os novos profissionais<\/h2>\n<p>Os rec\u00e9m-contratados enfrentam grandes expectativas quanto ao desempenho de suas fun\u00e7\u00f5es. O comprometimento com a miss\u00e3o de servir ao p\u00fablico e a disposi\u00e7\u00e3o para colaborar para o desenvolvimento da cidade s\u00e3o fundamentais para o sucesso nessa nova fase. A administra\u00e7\u00e3o espera que esses profissionais contribuam n\u00e3o apenas com suas habilidades t\u00e9cnicas, mas tamb\u00e9m com um esp\u00edrito de equipe que ajude a construir uma atmosfera positiva dentro das institui\u00e7\u00f5es p\u00fablicas. Qualidade, \u00e9tica e dedica\u00e7\u00e3o s\u00e3o esperadas de todos os convocados.<\/p>\n<h2>Pr\u00f3ximos passos ap\u00f3s a convoca\u00e7\u00e3o<\/h2>\n<p>Ap\u00f3s a apresenta\u00e7\u00e3o no dia 24 de julho, os novos profissionais passar\u00e3o por um processo de integra\u00e7\u00e3o, onde receber\u00e3o informa\u00e7\u00f5es sobre suas fun\u00e7\u00f5es, direitos e deveres enquanto servidores p\u00fablicos. Esse treinamento inicial \u00e9 essencial para que possam se adequar ao ambiente de trabalho e compreender a import\u00e2ncia de suas atribui\u00e7\u00f5es na estrutura da administra\u00e7\u00e3o p\u00fablica. Espera-se que essa prepara\u00e7\u00e3o contribua para um desempenho eficaz e alinhado com os objetivos da Prefeitura de Americana.<\/p>\n","protected":false},"excerpt":{"rendered":"<p>Prefeitura de Americana surpreende ao convocar 58 aprovados em concurso p\u00fablico para novos cargos.<\/p>\n","protected":false},"author":1,"featured_media":6821,"comment_status":"open","ping_status":"open","sticky":false,"template":"","format":"standard","meta":{"footnotes":""},"categories":[905],"tags":[],"class_list":["post-6822","post","type-post","status-publish","format-standard","has-post-thumbnail","hentry","category-vagas-de-empregos","has_thumb"],"yoast_head":"<!-- This site is optimized with the Yoast SEO plugin v27.6 - https:\/\/yoast.com\/product\/yoast-seo-wordpress\/ -->\n<title>Prefeitura de Americana convoca 58 aprovados em concurso p\u00fablico | Guia Comercial de Americana SP<\/title>\n<meta name=\"robots\" content=\"index, follow, max-snippet:-1, max-image-preview:large, max-video-preview:-1\" \/>\n<link rel=\"canonical\" href=\"https:\/\/www.encontraamericana.com.br\/guia\/prefeitura-de-americana-convoca-58-aprovados-em-concurso-publico\/\" \/>\n<meta property=\"og:locale\" content=\"pt_BR\" \/>\n<meta property=\"og:type\" content=\"article\" \/>\n<meta property=\"og:title\" content=\"Prefeitura de Americana convoca 58 aprovados em concurso p\u00fablico | Guia Comercial de Americana SP\" \/>\n<meta property=\"og:description\" content=\"Prefeitura de Americana surpreende ao convocar 58 aprovados em concurso p\u00fablico para novos cargos.\" \/>\n<meta property=\"og:url\" content=\"https:\/\/www.encontraamericana.com.br\/guia\/prefeitura-de-americana-convoca-58-aprovados-em-concurso-publico\/\" \/>\n<meta property=\"og:site_name\" content=\"Guia Comercial de Americana SP\" \/>\n<meta property=\"article:published_time\" content=\"2026-07-20T17:47:54+00:00\" \/>\n<meta property=\"og:image\" content=\"https:\/\/www.encontraamericana.com.br\/guia\/wp-content\/uploads\/2026\/07\/prefeitura-de-americana-convoca-58-aprovados-em-concurso-publico.webp\" \/>\n<meta name=\"author\" content=\"Encontra Americana\" \/>\n<meta name=\"twitter:card\" content=\"summary_large_image\" \/>\n<meta name=\"twitter:label1\" content=\"Escrito por\" \/>\n\t<meta name=\"twitter:data1\" content=\"Encontra Americana\" \/>\n\t<meta name=\"twitter:label2\" content=\"Est. tempo de leitura\" \/>\n\t<meta name=\"twitter:data2\" content=\"5 minutos\" \/>\n<script type=\"application\/ld+json\" class=\"yoast-schema-graph\">{\"@context\":\"https:\\\/\\\/schema.org\",\"@graph\":[{\"@type\":\"Article\",\"@id\":\"https:\\\/\\\/www.encontraamericana.com.br\\\/guia\\\/prefeitura-de-americana-convoca-58-aprovados-em-concurso-publico\\\/#article\",\"isPartOf\":{\"@id\":\"https:\\\/\\\/www.encontraamericana.com.br\\\/guia\\\/prefeitura-de-americana-convoca-58-aprovados-em-concurso-publico\\\/\"},\"author\":{\"name\":\"Encontra Americana\",\"@id\":\"https:\\\/\\\/www.encontraamericana.com.br\\\/guia\\\/#\\\/schema\\\/person\\\/515cbc6082144e7445cab98211d14f9b\"},\"headline\":\"Prefeitura de Americana convoca 58 aprovados em concurso p\u00fablico\",\"datePublished\":\"2026-07-20T17:47:54+00:00\",\"mainEntityOfPage\":{\"@id\":\"https:\\\/\\\/www.encontraamericana.com.br\\\/guia\\\/prefeitura-de-americana-convoca-58-aprovados-em-concurso-publico\\\/\"},\"wordCount\":1050,\"commentCount\":0,\"image\":{\"@id\":\"https:\\\/\\\/www.encontraamericana.com.br\\\/guia\\\/prefeitura-de-americana-convoca-58-aprovados-em-concurso-publico\\\/#primaryimage\"},\"thumbnailUrl\":\"https:\\\/\\\/www.encontraamericana.com.br\\\/guia\\\/wp-content\\\/uploads\\\/2026\\\/07\\\/prefeitura-de-americana-convoca-58-aprovados-em-concurso-publico.webp\",\"articleSection\":[\"Vagas de Empregos Americana\"],\"inLanguage\":\"pt-BR\",\"potentialAction\":[{\"@type\":\"CommentAction\",\"name\":\"Comment\",\"target\":[\"https:\\\/\\\/www.encontraamericana.com.br\\\/guia\\\/prefeitura-de-americana-convoca-58-aprovados-em-concurso-publico\\\/#respond\"]}]},{\"@type\":\"WebPage\",\"@id\":\"https:\\\/\\\/www.encontraamericana.com.br\\\/guia\\\/prefeitura-de-americana-convoca-58-aprovados-em-concurso-publico\\\/\",\"url\":\"https:\\\/\\\/www.encontraamericana.com.br\\\/guia\\\/prefeitura-de-americana-convoca-58-aprovados-em-concurso-publico\\\/\",\"name\":\"Prefeitura de Americana convoca 58 aprovados em concurso p\u00fablico | Guia Comercial de Americana SP\",\"isPartOf\":{\"@id\":\"https:\\\/\\\/www.encontraamericana.com.br\\\/guia\\\/#website\"},\"primaryImageOfPage\":{\"@id\":\"https:\\\/\\\/www.encontraamericana.com.br\\\/guia\\\/prefeitura-de-americana-convoca-58-aprovados-em-concurso-publico\\\/#primaryimage\"},\"image\":{\"@id\":\"https:\\\/\\\/www.encontraamericana.com.br\\\/guia\\\/prefeitura-de-americana-convoca-58-aprovados-em-concurso-publico\\\/#primaryimage\"},\"thumbnailUrl\":\"https:\\\/\\\/www.encontraamericana.com.br\\\/guia\\\/wp-content\\\/uploads\\\/2026\\\/07\\\/prefeitura-de-americana-convoca-58-aprovados-em-concurso-publico.webp\",\"datePublished\":\"2026-07-20T17:47:54+00:00\",\"author\":{\"@id\":\"https:\\\/\\\/www.encontraamericana.com.br\\\/guia\\\/#\\\/schema\\\/person\\\/515cbc6082144e7445cab98211d14f9b\"},\"inLanguage\":\"pt-BR\",\"potentialAction\":[{\"@type\":\"ReadAction\",\"target\":[\"https:\\\/\\\/www.encontraamericana.com.br\\\/guia\\\/prefeitura-de-americana-convoca-58-aprovados-em-concurso-publico\\\/\"]}]},{\"@type\":\"ImageObject\",\"inLanguage\":\"pt-BR\",\"@id\":\"https:\\\/\\\/www.encontraamericana.com.br\\\/guia\\\/prefeitura-de-americana-convoca-58-aprovados-em-concurso-publico\\\/#primaryimage\",\"url\":\"https:\\\/\\\/www.encontraamericana.com.br\\\/guia\\\/wp-content\\\/uploads\\\/2026\\\/07\\\/prefeitura-de-americana-convoca-58-aprovados-em-concurso-publico.webp\",\"contentUrl\":\"https:\\\/\\\/www.encontraamericana.com.br\\\/guia\\\/wp-content\\\/uploads\\\/2026\\\/07\\\/prefeitura-de-americana-convoca-58-aprovados-em-concurso-publico.webp\",\"width\":280,\"height\":280,\"caption\":\"convoca\u00e7\u00e3o concurso p\u00fablico Americana\"},{\"@type\":\"WebSite\",\"@id\":\"https:\\\/\\\/www.encontraamericana.com.br\\\/guia\\\/#website\",\"url\":\"https:\\\/\\\/www.encontraamericana.com.br\\\/guia\\\/\",\"name\":\"Guia Comercial de Americana SP\",\"description\":\"ENCONTRA AMERICANA - O guia comercial de neg\u00f3cios e empresas, cultura e divers\u00e3o na cidade de Americana. Feito 100% para voc\u00ea morador!\",\"potentialAction\":[{\"@type\":\"SearchAction\",\"target\":{\"@type\":\"EntryPoint\",\"urlTemplate\":\"https:\\\/\\\/www.encontraamericana.com.br\\\/guia\\\/?s={search_term_string}\"},\"query-input\":{\"@type\":\"PropertyValueSpecification\",\"valueRequired\":true,\"valueName\":\"search_term_string\"}}],\"inLanguage\":\"pt-BR\"},{\"@type\":\"Person\",\"@id\":\"https:\\\/\\\/www.encontraamericana.com.br\\\/guia\\\/#\\\/schema\\\/person\\\/515cbc6082144e7445cab98211d14f9b\",\"name\":\"Encontra Americana\",\"image\":{\"@type\":\"ImageObject\",\"inLanguage\":\"pt-BR\",\"@id\":\"https:\\\/\\\/secure.gravatar.com\\\/avatar\\\/c50c17820bcf322f0a8fd6b110b8c0918141409dc69076470f6fca5fee70a5d4?s=96&d=mm&r=g\",\"url\":\"https:\\\/\\\/secure.gravatar.com\\\/avatar\\\/c50c17820bcf322f0a8fd6b110b8c0918141409dc69076470f6fca5fee70a5d4?s=96&d=mm&r=g\",\"contentUrl\":\"https:\\\/\\\/secure.gravatar.com\\\/avatar\\\/c50c17820bcf322f0a8fd6b110b8c0918141409dc69076470f6fca5fee70a5d4?s=96&d=mm&r=g\",\"caption\":\"Encontra Americana\"},\"url\":\"https:\\\/\\\/www.encontraamericana.com.br\\\/guia\\\/author\\\/encontraamericana\\\/\"}]}<\/script>\n<!-- \/ Yoast SEO plugin. -->","yoast_head_json":{"title":"Prefeitura de Americana convoca 58 aprovados em concurso p\u00fablico | Guia Comercial de Americana SP","robots":{"index":"index","follow":"follow","max-snippet":"max-snippet:-1","max-image-preview":"max-image-preview:large","max-video-preview":"max-video-preview:-1"},"canonical":"https:\/\/www.encontraamericana.com.br\/guia\/prefeitura-de-americana-convoca-58-aprovados-em-concurso-publico\/","og_locale":"pt_BR","og_type":"article","og_title":"Prefeitura de Americana convoca 58 aprovados em concurso p\u00fablico | Guia Comercial de Americana SP","og_description":"Prefeitura de Americana surpreende ao convocar 58 aprovados em concurso p\u00fablico para novos cargos.","og_url":"https:\/\/www.encontraamericana.com.br\/guia\/prefeitura-de-americana-convoca-58-aprovados-em-concurso-publico\/","og_site_name":"Guia Comercial de Americana SP","article_published_time":"2026-07-20T17:47:54+00:00","og_image":[{"url":"https:\/\/www.encontraamericana.com.br\/guia\/wp-content\/uploads\/2026\/07\/prefeitura-de-americana-convoca-58-aprovados-em-concurso-publico.webp","type":"","width":"","height":""}],"author":"Encontra Americana","twitter_card":"summary_large_image","twitter_misc":{"Escrito por":"Encontra Americana","Est. tempo de leitura":"5 minutos"},"schema":{"@context":"https:\/\/schema.org","@graph":[{"@type":"Article","@id":"https:\/\/www.encontraamericana.com.br\/guia\/prefeitura-de-americana-convoca-58-aprovados-em-concurso-publico\/#article","isPartOf":{"@id":"https:\/\/www.encontraamericana.com.br\/guia\/prefeitura-de-americana-convoca-58-aprovados-em-concurso-publico\/"},"author":{"name":"Encontra Americana","@id":"https:\/\/www.encontraamericana.com.br\/guia\/#\/schema\/person\/515cbc6082144e7445cab98211d14f9b"},"headline":"Prefeitura de Americana convoca 58 aprovados em concurso p\u00fablico","datePublished":"2026-07-20T17:47:54+00:00","mainEntityOfPage":{"@id":"https:\/\/www.encontraamericana.com.br\/guia\/prefeitura-de-americana-convoca-58-aprovados-em-concurso-publico\/"},"wordCount":1050,"commentCount":0,"image":{"@id":"https:\/\/www.encontraamericana.com.br\/guia\/prefeitura-de-americana-convoca-58-aprovados-em-concurso-publico\/#primaryimage"},"thumbnailUrl":"https:\/\/www.encontraamericana.com.br\/guia\/wp-content\/uploads\/2026\/07\/prefeitura-de-americana-convoca-58-aprovados-em-concurso-publico.webp","articleSection":["Vagas de Empregos Americana"],"inLanguage":"pt-BR","potentialAction":[{"@type":"CommentAction","name":"Comment","target":["https:\/\/www.encontraamericana.com.br\/guia\/prefeitura-de-americana-convoca-58-aprovados-em-concurso-publico\/#respond"]}]},{"@type":"WebPage","@id":"https:\/\/www.encontraamericana.com.br\/guia\/prefeitura-de-americana-convoca-58-aprovados-em-concurso-publico\/","url":"https:\/\/www.encontraamericana.com.br\/guia\/prefeitura-de-americana-convoca-58-aprovados-em-concurso-publico\/","name":"Prefeitura de Americana convoca 58 aprovados em concurso p\u00fablico | Guia Comercial de Americana SP","isPartOf":{"@id":"https:\/\/www.encontraamericana.com.br\/guia\/#website"},"primaryImageOfPage":{"@id":"https:\/\/www.encontraamericana.com.br\/guia\/prefeitura-de-americana-convoca-58-aprovados-em-concurso-publico\/#primaryimage"},"image":{"@id":"https:\/\/www.encontraamericana.com.br\/guia\/prefeitura-de-americana-convoca-58-aprovados-em-concurso-publico\/#primaryimage"},"thumbnailUrl":"https:\/\/www.encontraamericana.com.br\/guia\/wp-content\/uploads\/2026\/07\/prefeitura-de-americana-convoca-58-aprovados-em-concurso-publico.webp","datePublished":"2026-07-20T17:47:54+00:00","author":{"@id":"https:\/\/www.encontraamericana.com.br\/guia\/#\/schema\/person\/515cbc6082144e7445cab98211d14f9b"},"inLanguage":"pt-BR","potentialAction":[{"@type":"ReadAction","target":["https:\/\/www.encontraamericana.com.br\/guia\/prefeitura-de-americana-convoca-58-aprovados-em-concurso-publico\/"]}]},{"@type":"ImageObject","inLanguage":"pt-BR","@id":"https:\/\/www.encontraamericana.com.br\/guia\/prefeitura-de-americana-convoca-58-aprovados-em-concurso-publico\/#primaryimage","url":"https:\/\/www.encontraamericana.com.br\/guia\/wp-content\/uploads\/2026\/07\/prefeitura-de-americana-convoca-58-aprovados-em-concurso-publico.webp","contentUrl":"https:\/\/www.encontraamericana.com.br\/guia\/wp-content\/uploads\/2026\/07\/prefeitura-de-americana-convoca-58-aprovados-em-concurso-publico.webp","width":280,"height":280,"caption":"convoca\u00e7\u00e3o concurso p\u00fablico Americana"},{"@type":"WebSite","@id":"https:\/\/www.encontraamericana.com.br\/guia\/#website","url":"https:\/\/www.encontraamericana.com.br\/guia\/","name":"Guia Comercial de Americana SP","description":"ENCONTRA AMERICANA - O guia comercial de neg\u00f3cios e empresas, cultura e divers\u00e3o na cidade de Americana. Feito 100% para voc\u00ea morador!","potentialAction":[{"@type":"SearchAction","target":{"@type":"EntryPoint","urlTemplate":"https:\/\/www.encontraamericana.com.br\/guia\/?s={search_term_string}"},"query-input":{"@type":"PropertyValueSpecification","valueRequired":true,"valueName":"search_term_string"}}],"inLanguage":"pt-BR"},{"@type":"Person","@id":"https:\/\/www.encontraamericana.com.br\/guia\/#\/schema\/person\/515cbc6082144e7445cab98211d14f9b","name":"Encontra Americana","image":{"@type":"ImageObject","inLanguage":"pt-BR","@id":"https:\/\/secure.gravatar.com\/avatar\/c50c17820bcf322f0a8fd6b110b8c0918141409dc69076470f6fca5fee70a5d4?s=96&d=mm&r=g","url":"https:\/\/secure.gravatar.com\/avatar\/c50c17820bcf322f0a8fd6b110b8c0918141409dc69076470f6fca5fee70a5d4?s=96&d=mm&r=g","contentUrl":"https:\/\/secure.gravatar.com\/avatar\/c50c17820bcf322f0a8fd6b110b8c0918141409dc69076470f6fca5fee70a5d4?s=96&d=mm&r=g","caption":"Encontra Americana"},"url":"https:\/\/www.encontraamericana.com.br\/guia\/author\/encontraamericana\/"}]}},"_links":{"self":[{"href":"https:\/\/www.encontraamericana.com.br\/guia\/wp-json\/wp\/v2\/posts\/6822","targetHints":{"allow":["GET"]}}],"collection":[{"href":"https:\/\/www.encontraamericana.com.br\/guia\/wp-json\/wp\/v2\/posts"}],"about":[{"href":"https:\/\/www.encontraamericana.com.br\/guia\/wp-json\/wp\/v2\/types\/post"}],"author":[{"embeddable":true,"href":"https:\/\/www.encontraamericana.com.br\/guia\/wp-json\/wp\/v2\/users\/1"}],"replies":[{"embeddable":true,"href":"https:\/\/www.encontraamericana.com.br\/guia\/wp-json\/wp\/v2\/comments?post=6822"}],"version-history":[{"count":0,"href":"https:\/\/www.encontraamericana.com.br\/guia\/wp-json\/wp\/v2\/posts\/6822\/revisions"}],"wp:featuredmedia":[{"embeddable":true,"href":"https:\/\/www.encontraamericana.com.br\/guia\/wp-json\/wp\/v2\/media\/6821"}],"wp:attachment":[{"href":"https:\/\/www.encontraamericana.com.br\/guia\/wp-json\/wp\/v2\/media?parent=6822"}],"wp:term":[{"taxonomy":"category","embeddable":true,"href":"https:\/\/www.encontraamericana.com.br\/guia\/wp-json\/wp\/v2\/categories?post=6822"},{"taxonomy":"post_tag","embeddable":true,"href":"https:\/\/www.encontraamericana.com.br\/guia\/wp-json\/wp\/v2\/tags?post=6822"}],"curies":[{"name":"wp","href":"https:\/\/api.w.org\/{rel}","templated":true}]}}