{"id":6840,"date":"2026-07-23T11:03:13","date_gmt":"2026-07-23T14:03:13","guid":{"rendered":"https:\/\/www.encontraamericana.com.br\/guia\/festival-som-do-verde-vale-chega-a-10a-edicao-em-americana-neste-fim-de-semana\/"},"modified":"2026-07-23T11:03:13","modified_gmt":"2026-07-23T14:03:13","slug":"festival-som-do-verde-vale-chega-a-10a-edicao-em-americana-neste-fim-de-semana","status":"publish","type":"post","link":"https:\/\/www.encontraamericana.com.br\/guia\/festival-som-do-verde-vale-chega-a-10a-edicao-em-americana-neste-fim-de-semana\/","title":{"rendered":"Festival Som do Verde Vale chega \u00e0 10\u00aa edi\u00e7\u00e3o em Americana neste fim de semana"},"content":{"rendered":"<h2>Datas e Local do Festival<\/h2>\n<p>No pr\u00f3ximo fim de semana, dias 25 e 26 de julho de 2026, a Pra\u00e7a Rotary Club, localizada no Jardim Bela Vista, em Americana, ser\u00e1 o palco da 10\u00aa edi\u00e7\u00e3o do Festival Som do Verde Vale. Este evento, que j\u00e1 se tornou uma tradi\u00e7\u00e3o local, \u00e9 organizado pela iniciativa privada com o apoio da Prefeitura de Americana, atrav\u00e9s das secretarias de Cultura, Turismo e Esportes. Os visitantes podem desfrutar das atra\u00e7\u00f5es gratuitamente.<\/p>\n<h2>Atra\u00e7\u00f5es Imperd\u00edveis<\/h2>\n<p>O festival \u00e9 conhecido por sua programa\u00e7\u00e3o cultural vibrante, oferecendo uma variedade de atividades que prometem agradar a todos os p\u00fablicos. Entre os destaques est\u00e3o:<\/p>\n<ul>\n<li><strong>Pra\u00e7a de Alimenta\u00e7\u00e3o:<\/strong> Com diversas op\u00e7\u00f5es de comidas e bebidas.<\/li>\n<li><strong>Corrida de Rolim\u00e3:<\/strong> Uma divers\u00e3o que mant\u00e9m a tradi\u00e7\u00e3o e atrai competidores de todas as idades.<\/li>\n<li><strong>Kart Terapia:<\/strong> Uma atividade inclusiva voltada para pessoas com defici\u00eancia.<\/li>\n<li><strong>Shows de m\u00fasica ao vivo:<\/strong> Apresenta\u00e7\u00f5es de bandas cover e outros artistas renomados.<\/li>\n<\/ul>\n<h2>Programa\u00e7\u00e3o do S\u00e1bado<\/h2>\n<p>A programa\u00e7\u00e3o do primeiro dia do evento est\u00e1 repleta de atividades para toda a fam\u00edlia:<\/p>\n<p><img decoding=\"async\" src=\"https:\/\/www.encontraamericana.com.br\/guia\/wp-content\/uploads\/2026\/07\/festival-som-do-verde-vale-chega-a-10-edicao-em-americana-neste-fim-de-semana.webp\" alt=\"Festival Som do Verde Vale\" loading=\"lazy\" \/><\/p>\n<ul>\n<li><strong>8h:<\/strong> In\u00edcio do Sky Fit com Yoga e Pilates.<\/li>\n<li><strong>9h \u00e0s 10h30:<\/strong> Participa\u00e7\u00e3o no Sky Dance.<\/li>\n<li><strong>9h30 \u00e0s 12h:<\/strong> Kart Terapia dispon\u00edvel.<\/li>\n<li><strong>10h30 \u00e0s 11h30:<\/strong> Atra\u00e7\u00e3o de Jumping.<\/li>\n<li><strong>11h30 \u00e0s 13h:<\/strong> M\u00fasica com DJ.<\/li>\n<li><strong>13h30 \u00e0s 16h:<\/strong> Retorno do Kart Terapia.<\/li>\n<li><strong>13h \u00e0s 17h:<\/strong> Atividades de Rolim\u00e3.<\/li>\n<li><strong>17h \u00e0s 18h:<\/strong> DJ novamente no comando.<\/li>\n<li><strong>18h:<\/strong> Apresenta\u00e7\u00e3o do Raimundos Cover.<\/li>\n<li><strong>20h:<\/strong> Show do Nirvana Cover.<\/li>\n<\/ul>\n<h2>Programa\u00e7\u00e3o do Domingo<\/h2>\n<p>O segundo dia traz mais divers\u00e3o e entretenimento:<\/p>\n<ul>\n<li><strong>8h \u00e0s 11h30:<\/strong> Continua\u00e7\u00e3o do Sky Fit.<\/li>\n<li><strong>9h \u00e0s 17h:<\/strong> Feira de Artesanato com produtos variados.<\/li>\n<li><strong>9h \u00e0s 12h:<\/strong> Rolim\u00e3 dispon\u00edvel.<\/li>\n<li><strong>9h30 \u00e0s 12h:<\/strong> Kart Terapia acontece novamente.<\/li>\n<li><strong>12h:<\/strong> Apresenta\u00e7\u00e3o de Samba.<\/li>\n<li><strong>13h30 \u00e0s 16h:<\/strong> Retorno da Kart Terapia.<\/li>\n<li><strong>15h:<\/strong> Show de Rock.<\/li>\n<li><strong>17h:<\/strong> Apresenta\u00e7\u00e3o de Soul Blues.<\/li>\n<li><strong>19h:<\/strong> Sarau de Boteco encerra a programa\u00e7\u00e3o.<\/li>\n<\/ul>\n<h2>Como Participar<\/h2>\n<p>Para participar, os visitantes n\u00e3o precisam de ingressos, pois a entrada \u00e9 livre. Isso torna o festival acess\u00edvel para todos, incentivando que a comunidade de Americana e regi\u00f5es pr\u00f3ximas compare\u00e7am e aproveitem as atra\u00e7\u00f5es. As atividades e apresenta\u00e7\u00f5es, realizadas ao ar livre, prometem gerar um ambiente de confraterniza\u00e7\u00e3o e divers\u00e3o para todos os visitantes.<\/p>\n<h2>Esportes e Atividades<\/h2>\n<p>A programa\u00e7\u00e3o do festival tamb\u00e9m inclui atividades esportivas voltadas para diversos p\u00fablicos. Em particular, a corrida de rolim\u00e3 \u00e9 uma das atra\u00e7\u00f5es que mais chamam a aten\u00e7\u00e3o, permitindo que os participantes soltem a imagina\u00e7\u00e3o com seus ve\u00edculos improvisados, com corridas programadas para o s\u00e1bado \u00e0 tarde e o domingo de manh\u00e3. As inscri\u00e7\u00f5es para essa competi\u00e7\u00e3o ser\u00e3o feitas no local, e o uso de capacetes \u00e9 obrigat\u00f3rio.<\/p>\n<p>Outra atra\u00e7\u00e3o importante \u00e9 o Kart Terapia, que \u00e9 voltado para pessoas com defici\u00eancia. Essa atividade \u00e9 baseada em um projeto social idealizado por Gene Fireball, um entusiasta do motocross que se estabeleceu no Brasil nos anos 80. Gene ser\u00e1 respons\u00e1vel por conduzir os karts, promovendo uma experi\u00eancia emocionante e acess\u00edvel para todos os participantes.<\/p>\n<h2>Pra\u00e7a de Alimenta\u00e7\u00e3o<\/h2>\n<p>A Pra\u00e7a de Alimenta\u00e7\u00e3o do festival \u00e9 um dos locais mais esperados pelos visitantes. Com uma ampla variedade de op\u00e7\u00f5es gastron\u00f4micas, desde pratos t\u00edpicos at\u00e9 comidas de rua, h\u00e1 algo para todos os gostos. Al\u00e9m de satisfazer o apetite, esse espa\u00e7o proporciona uma \u00f3tima oportunidade de socializa\u00e7\u00e3o entre os participantes do evento, onde \u00e9 poss\u00edvel desfrutar de uma refei\u00e7\u00e3o enquanto se conta hist\u00f3rias e se compartilha experi\u00eancias do dia.<\/p>\n<h2>Entrevista com o Organizador<\/h2>\n<p>Em uma recente entrevista, o secret\u00e1rio de Cultura e Turismo, Vinicius Ghizini, falou sobre a import\u00e2ncia deste festival para a cidade. &#8220;O Som do Verde Vale fez hist\u00f3ria em Americana e estamos felizes em trazer novamente esse evento que une cultura e lazer, atraindo tanto os mais velhos quanto os jovens. Nossa expectativa \u00e9 que essa edi\u00e7\u00e3o seja um sucesso e que todos se sintam bem-vindos para aproveitar ao m\u00e1ximo suas atra\u00e7\u00f5es&#8221;.<\/p>\n<h2>Impacto Cultural na Comunidade<\/h2>\n<p>O Festival Som do Verde Vale n\u00e3o \u00e9 apenas um evento, mas uma celebra\u00e7\u00e3o da cultura e identidade local. Ele proporciona uma plataforma para artistas regionais e estimula a economia local ao atrair visitantes. A colabora\u00e7\u00e3o entre as diversas secretarias da prefeitura e a participa\u00e7\u00e3o da comunidade garantem que o festival continue a ser uma tradi\u00e7\u00e3o esperada anualmente, agregando valor \u00e0 cultura da cidade de Americana.<\/p>\n<h2>Expectativas para o Futuro do Festival<\/h2>\n<p>Com a realiza\u00e7\u00e3o da 10\u00aa edi\u00e7\u00e3o, h\u00e1 grandes expectativas para o futuro do Festival Som do Verde Vale. Os organizadores pretendem expandir as atra\u00e7\u00f5es, integrar mais iniciativas sociais e continuar com o foco na inclus\u00e3o. A ideia \u00e9 que as futuras edi\u00e7\u00f5es n\u00e3o s\u00f3 mantenham a qualidade das atra\u00e7\u00f5es, mas tamb\u00e9m tragam novas experi\u00eancias e surpresas, sempre buscando atender aos anseios do p\u00fablico e enriquecendo ainda mais a cultura local.<\/p>\n","protected":false},"excerpt":{"rendered":"<p>Venha conferir a 10\u00aa edi\u00e7\u00e3o do Festival Som do Verde Vale neste fim de semana!<\/p>\n","protected":false},"author":1,"featured_media":6839,"comment_status":"open","ping_status":"open","sticky":false,"template":"","format":"standard","meta":{"footnotes":""},"categories":[897],"tags":[],"class_list":["post-6840","post","type-post","status-publish","format-standard","has-post-thumbnail","hentry","category-eventos","has_thumb"],"yoast_head":"<!-- This site is optimized with the Yoast SEO plugin v27.6 - https:\/\/yoast.com\/product\/yoast-seo-wordpress\/ -->\n<title>Festival Som do Verde Vale chega \u00e0 10\u00aa edi\u00e7\u00e3o em Americana neste fim de semana | Guia Comercial de Americana SP<\/title>\n<meta name=\"robots\" content=\"index, follow, max-snippet:-1, max-image-preview:large, max-video-preview:-1\" \/>\n<link rel=\"canonical\" href=\"https:\/\/www.encontraamericana.com.br\/guia\/festival-som-do-verde-vale-chega-a-10a-edicao-em-americana-neste-fim-de-semana\/\" \/>\n<meta property=\"og:locale\" content=\"pt_BR\" \/>\n<meta property=\"og:type\" content=\"article\" \/>\n<meta property=\"og:title\" content=\"Festival Som do Verde Vale chega \u00e0 10\u00aa edi\u00e7\u00e3o em Americana neste fim de semana | Guia Comercial de Americana SP\" \/>\n<meta property=\"og:description\" content=\"Venha conferir a 10\u00aa edi\u00e7\u00e3o do Festival Som do Verde Vale neste fim de semana!\" \/>\n<meta property=\"og:url\" content=\"https:\/\/www.encontraamericana.com.br\/guia\/festival-som-do-verde-vale-chega-a-10a-edicao-em-americana-neste-fim-de-semana\/\" \/>\n<meta property=\"og:site_name\" content=\"Guia Comercial de Americana SP\" \/>\n<meta property=\"article:published_time\" content=\"2026-07-23T14:03:13+00:00\" \/>\n<meta property=\"og:image\" content=\"https:\/\/www.encontraamericana.com.br\/guia\/wp-content\/uploads\/2026\/07\/festival-som-do-verde-vale-chega-a-10-edicao-em-americana-neste-fim-de-semana.webp\" \/>\n<meta name=\"author\" content=\"Encontra Americana\" \/>\n<meta name=\"twitter:card\" content=\"summary_large_image\" \/>\n<meta name=\"twitter:label1\" content=\"Escrito por\" \/>\n\t<meta name=\"twitter:data1\" content=\"Encontra Americana\" \/>\n\t<meta name=\"twitter:label2\" content=\"Est. tempo de leitura\" \/>\n\t<meta name=\"twitter:data2\" content=\"4 minutos\" \/>\n<script type=\"application\/ld+json\" class=\"yoast-schema-graph\">{\"@context\":\"https:\\\/\\\/schema.org\",\"@graph\":[{\"@type\":\"Article\",\"@id\":\"https:\\\/\\\/www.encontraamericana.com.br\\\/guia\\\/festival-som-do-verde-vale-chega-a-10a-edicao-em-americana-neste-fim-de-semana\\\/#article\",\"isPartOf\":{\"@id\":\"https:\\\/\\\/www.encontraamericana.com.br\\\/guia\\\/festival-som-do-verde-vale-chega-a-10a-edicao-em-americana-neste-fim-de-semana\\\/\"},\"author\":{\"name\":\"Encontra Americana\",\"@id\":\"https:\\\/\\\/www.encontraamericana.com.br\\\/guia\\\/#\\\/schema\\\/person\\\/515cbc6082144e7445cab98211d14f9b\"},\"headline\":\"Festival Som do Verde Vale chega \u00e0 10\u00aa edi\u00e7\u00e3o em Americana neste fim de semana\",\"datePublished\":\"2026-07-23T14:03:13+00:00\",\"mainEntityOfPage\":{\"@id\":\"https:\\\/\\\/www.encontraamericana.com.br\\\/guia\\\/festival-som-do-verde-vale-chega-a-10a-edicao-em-americana-neste-fim-de-semana\\\/\"},\"wordCount\":867,\"commentCount\":0,\"image\":{\"@id\":\"https:\\\/\\\/www.encontraamericana.com.br\\\/guia\\\/festival-som-do-verde-vale-chega-a-10a-edicao-em-americana-neste-fim-de-semana\\\/#primaryimage\"},\"thumbnailUrl\":\"https:\\\/\\\/www.encontraamericana.com.br\\\/guia\\\/wp-content\\\/uploads\\\/2026\\\/07\\\/festival-som-do-verde-vale-chega-a-10-edicao-em-americana-neste-fim-de-semana.webp\",\"articleSection\":[\"Eventos Americana\"],\"inLanguage\":\"pt-BR\",\"potentialAction\":[{\"@type\":\"CommentAction\",\"name\":\"Comment\",\"target\":[\"https:\\\/\\\/www.encontraamericana.com.br\\\/guia\\\/festival-som-do-verde-vale-chega-a-10a-edicao-em-americana-neste-fim-de-semana\\\/#respond\"]}]},{\"@type\":\"WebPage\",\"@id\":\"https:\\\/\\\/www.encontraamericana.com.br\\\/guia\\\/festival-som-do-verde-vale-chega-a-10a-edicao-em-americana-neste-fim-de-semana\\\/\",\"url\":\"https:\\\/\\\/www.encontraamericana.com.br\\\/guia\\\/festival-som-do-verde-vale-chega-a-10a-edicao-em-americana-neste-fim-de-semana\\\/\",\"name\":\"Festival Som do Verde Vale chega \u00e0 10\u00aa edi\u00e7\u00e3o em Americana neste fim de semana | Guia Comercial de Americana SP\",\"isPartOf\":{\"@id\":\"https:\\\/\\\/www.encontraamericana.com.br\\\/guia\\\/#website\"},\"primaryImageOfPage\":{\"@id\":\"https:\\\/\\\/www.encontraamericana.com.br\\\/guia\\\/festival-som-do-verde-vale-chega-a-10a-edicao-em-americana-neste-fim-de-semana\\\/#primaryimage\"},\"image\":{\"@id\":\"https:\\\/\\\/www.encontraamericana.com.br\\\/guia\\\/festival-som-do-verde-vale-chega-a-10a-edicao-em-americana-neste-fim-de-semana\\\/#primaryimage\"},\"thumbnailUrl\":\"https:\\\/\\\/www.encontraamericana.com.br\\\/guia\\\/wp-content\\\/uploads\\\/2026\\\/07\\\/festival-som-do-verde-vale-chega-a-10-edicao-em-americana-neste-fim-de-semana.webp\",\"datePublished\":\"2026-07-23T14:03:13+00:00\",\"author\":{\"@id\":\"https:\\\/\\\/www.encontraamericana.com.br\\\/guia\\\/#\\\/schema\\\/person\\\/515cbc6082144e7445cab98211d14f9b\"},\"inLanguage\":\"pt-BR\",\"potentialAction\":[{\"@type\":\"ReadAction\",\"target\":[\"https:\\\/\\\/www.encontraamericana.com.br\\\/guia\\\/festival-som-do-verde-vale-chega-a-10a-edicao-em-americana-neste-fim-de-semana\\\/\"]}]},{\"@type\":\"ImageObject\",\"inLanguage\":\"pt-BR\",\"@id\":\"https:\\\/\\\/www.encontraamericana.com.br\\\/guia\\\/festival-som-do-verde-vale-chega-a-10a-edicao-em-americana-neste-fim-de-semana\\\/#primaryimage\",\"url\":\"https:\\\/\\\/www.encontraamericana.com.br\\\/guia\\\/wp-content\\\/uploads\\\/2026\\\/07\\\/festival-som-do-verde-vale-chega-a-10-edicao-em-americana-neste-fim-de-semana.webp\",\"contentUrl\":\"https:\\\/\\\/www.encontraamericana.com.br\\\/guia\\\/wp-content\\\/uploads\\\/2026\\\/07\\\/festival-som-do-verde-vale-chega-a-10-edicao-em-americana-neste-fim-de-semana.webp\",\"width\":280,\"height\":280,\"caption\":\"Festival Som do Verde Vale\"},{\"@type\":\"WebSite\",\"@id\":\"https:\\\/\\\/www.encontraamericana.com.br\\\/guia\\\/#website\",\"url\":\"https:\\\/\\\/www.encontraamericana.com.br\\\/guia\\\/\",\"name\":\"Guia Comercial de Americana SP\",\"description\":\"ENCONTRA AMERICANA - O guia comercial de neg\u00f3cios e empresas, cultura e divers\u00e3o na cidade de Americana. Feito 100% para voc\u00ea morador!\",\"potentialAction\":[{\"@type\":\"SearchAction\",\"target\":{\"@type\":\"EntryPoint\",\"urlTemplate\":\"https:\\\/\\\/www.encontraamericana.com.br\\\/guia\\\/?s={search_term_string}\"},\"query-input\":{\"@type\":\"PropertyValueSpecification\",\"valueRequired\":true,\"valueName\":\"search_term_string\"}}],\"inLanguage\":\"pt-BR\"},{\"@type\":\"Person\",\"@id\":\"https:\\\/\\\/www.encontraamericana.com.br\\\/guia\\\/#\\\/schema\\\/person\\\/515cbc6082144e7445cab98211d14f9b\",\"name\":\"Encontra Americana\",\"image\":{\"@type\":\"ImageObject\",\"inLanguage\":\"pt-BR\",\"@id\":\"https:\\\/\\\/secure.gravatar.com\\\/avatar\\\/c50c17820bcf322f0a8fd6b110b8c0918141409dc69076470f6fca5fee70a5d4?s=96&d=mm&r=g\",\"url\":\"https:\\\/\\\/secure.gravatar.com\\\/avatar\\\/c50c17820bcf322f0a8fd6b110b8c0918141409dc69076470f6fca5fee70a5d4?s=96&d=mm&r=g\",\"contentUrl\":\"https:\\\/\\\/secure.gravatar.com\\\/avatar\\\/c50c17820bcf322f0a8fd6b110b8c0918141409dc69076470f6fca5fee70a5d4?s=96&d=mm&r=g\",\"caption\":\"Encontra Americana\"},\"url\":\"https:\\\/\\\/www.encontraamericana.com.br\\\/guia\\\/author\\\/encontraamericana\\\/\"}]}<\/script>\n<!-- \/ Yoast SEO plugin. -->","yoast_head_json":{"title":"Festival Som do Verde Vale chega \u00e0 10\u00aa edi\u00e7\u00e3o em Americana neste fim de semana | Guia Comercial de Americana SP","robots":{"index":"index","follow":"follow","max-snippet":"max-snippet:-1","max-image-preview":"max-image-preview:large","max-video-preview":"max-video-preview:-1"},"canonical":"https:\/\/www.encontraamericana.com.br\/guia\/festival-som-do-verde-vale-chega-a-10a-edicao-em-americana-neste-fim-de-semana\/","og_locale":"pt_BR","og_type":"article","og_title":"Festival Som do Verde Vale chega \u00e0 10\u00aa edi\u00e7\u00e3o em Americana neste fim de semana | Guia Comercial de Americana SP","og_description":"Venha conferir a 10\u00aa edi\u00e7\u00e3o do Festival Som do Verde Vale neste fim de semana!","og_url":"https:\/\/www.encontraamericana.com.br\/guia\/festival-som-do-verde-vale-chega-a-10a-edicao-em-americana-neste-fim-de-semana\/","og_site_name":"Guia Comercial de Americana SP","article_published_time":"2026-07-23T14:03:13+00:00","og_image":[{"url":"https:\/\/www.encontraamericana.com.br\/guia\/wp-content\/uploads\/2026\/07\/festival-som-do-verde-vale-chega-a-10-edicao-em-americana-neste-fim-de-semana.webp","type":"","width":"","height":""}],"author":"Encontra Americana","twitter_card":"summary_large_image","twitter_misc":{"Escrito por":"Encontra Americana","Est. tempo de leitura":"4 minutos"},"schema":{"@context":"https:\/\/schema.org","@graph":[{"@type":"Article","@id":"https:\/\/www.encontraamericana.com.br\/guia\/festival-som-do-verde-vale-chega-a-10a-edicao-em-americana-neste-fim-de-semana\/#article","isPartOf":{"@id":"https:\/\/www.encontraamericana.com.br\/guia\/festival-som-do-verde-vale-chega-a-10a-edicao-em-americana-neste-fim-de-semana\/"},"author":{"name":"Encontra Americana","@id":"https:\/\/www.encontraamericana.com.br\/guia\/#\/schema\/person\/515cbc6082144e7445cab98211d14f9b"},"headline":"Festival Som do Verde Vale chega \u00e0 10\u00aa edi\u00e7\u00e3o em Americana neste fim de semana","datePublished":"2026-07-23T14:03:13+00:00","mainEntityOfPage":{"@id":"https:\/\/www.encontraamericana.com.br\/guia\/festival-som-do-verde-vale-chega-a-10a-edicao-em-americana-neste-fim-de-semana\/"},"wordCount":867,"commentCount":0,"image":{"@id":"https:\/\/www.encontraamericana.com.br\/guia\/festival-som-do-verde-vale-chega-a-10a-edicao-em-americana-neste-fim-de-semana\/#primaryimage"},"thumbnailUrl":"https:\/\/www.encontraamericana.com.br\/guia\/wp-content\/uploads\/2026\/07\/festival-som-do-verde-vale-chega-a-10-edicao-em-americana-neste-fim-de-semana.webp","articleSection":["Eventos Americana"],"inLanguage":"pt-BR","potentialAction":[{"@type":"CommentAction","name":"Comment","target":["https:\/\/www.encontraamericana.com.br\/guia\/festival-som-do-verde-vale-chega-a-10a-edicao-em-americana-neste-fim-de-semana\/#respond"]}]},{"@type":"WebPage","@id":"https:\/\/www.encontraamericana.com.br\/guia\/festival-som-do-verde-vale-chega-a-10a-edicao-em-americana-neste-fim-de-semana\/","url":"https:\/\/www.encontraamericana.com.br\/guia\/festival-som-do-verde-vale-chega-a-10a-edicao-em-americana-neste-fim-de-semana\/","name":"Festival Som do Verde Vale chega \u00e0 10\u00aa edi\u00e7\u00e3o em Americana neste fim de semana | Guia Comercial de Americana SP","isPartOf":{"@id":"https:\/\/www.encontraamericana.com.br\/guia\/#website"},"primaryImageOfPage":{"@id":"https:\/\/www.encontraamericana.com.br\/guia\/festival-som-do-verde-vale-chega-a-10a-edicao-em-americana-neste-fim-de-semana\/#primaryimage"},"image":{"@id":"https:\/\/www.encontraamericana.com.br\/guia\/festival-som-do-verde-vale-chega-a-10a-edicao-em-americana-neste-fim-de-semana\/#primaryimage"},"thumbnailUrl":"https:\/\/www.encontraamericana.com.br\/guia\/wp-content\/uploads\/2026\/07\/festival-som-do-verde-vale-chega-a-10-edicao-em-americana-neste-fim-de-semana.webp","datePublished":"2026-07-23T14:03:13+00:00","author":{"@id":"https:\/\/www.encontraamericana.com.br\/guia\/#\/schema\/person\/515cbc6082144e7445cab98211d14f9b"},"inLanguage":"pt-BR","potentialAction":[{"@type":"ReadAction","target":["https:\/\/www.encontraamericana.com.br\/guia\/festival-som-do-verde-vale-chega-a-10a-edicao-em-americana-neste-fim-de-semana\/"]}]},{"@type":"ImageObject","inLanguage":"pt-BR","@id":"https:\/\/www.encontraamericana.com.br\/guia\/festival-som-do-verde-vale-chega-a-10a-edicao-em-americana-neste-fim-de-semana\/#primaryimage","url":"https:\/\/www.encontraamericana.com.br\/guia\/wp-content\/uploads\/2026\/07\/festival-som-do-verde-vale-chega-a-10-edicao-em-americana-neste-fim-de-semana.webp","contentUrl":"https:\/\/www.encontraamericana.com.br\/guia\/wp-content\/uploads\/2026\/07\/festival-som-do-verde-vale-chega-a-10-edicao-em-americana-neste-fim-de-semana.webp","width":280,"height":280,"caption":"Festival Som do Verde Vale"},{"@type":"WebSite","@id":"https:\/\/www.encontraamericana.com.br\/guia\/#website","url":"https:\/\/www.encontraamericana.com.br\/guia\/","name":"Guia Comercial de Americana SP","description":"ENCONTRA AMERICANA - O guia comercial de neg\u00f3cios e empresas, cultura e divers\u00e3o na cidade de Americana. Feito 100% para voc\u00ea morador!","potentialAction":[{"@type":"SearchAction","target":{"@type":"EntryPoint","urlTemplate":"https:\/\/www.encontraamericana.com.br\/guia\/?s={search_term_string}"},"query-input":{"@type":"PropertyValueSpecification","valueRequired":true,"valueName":"search_term_string"}}],"inLanguage":"pt-BR"},{"@type":"Person","@id":"https:\/\/www.encontraamericana.com.br\/guia\/#\/schema\/person\/515cbc6082144e7445cab98211d14f9b","name":"Encontra Americana","image":{"@type":"ImageObject","inLanguage":"pt-BR","@id":"https:\/\/secure.gravatar.com\/avatar\/c50c17820bcf322f0a8fd6b110b8c0918141409dc69076470f6fca5fee70a5d4?s=96&d=mm&r=g","url":"https:\/\/secure.gravatar.com\/avatar\/c50c17820bcf322f0a8fd6b110b8c0918141409dc69076470f6fca5fee70a5d4?s=96&d=mm&r=g","contentUrl":"https:\/\/secure.gravatar.com\/avatar\/c50c17820bcf322f0a8fd6b110b8c0918141409dc69076470f6fca5fee70a5d4?s=96&d=mm&r=g","caption":"Encontra Americana"},"url":"https:\/\/www.encontraamericana.com.br\/guia\/author\/encontraamericana\/"}]}},"_links":{"self":[{"href":"https:\/\/www.encontraamericana.com.br\/guia\/wp-json\/wp\/v2\/posts\/6840","targetHints":{"allow":["GET"]}}],"collection":[{"href":"https:\/\/www.encontraamericana.com.br\/guia\/wp-json\/wp\/v2\/posts"}],"about":[{"href":"https:\/\/www.encontraamericana.com.br\/guia\/wp-json\/wp\/v2\/types\/post"}],"author":[{"embeddable":true,"href":"https:\/\/www.encontraamericana.com.br\/guia\/wp-json\/wp\/v2\/users\/1"}],"replies":[{"embeddable":true,"href":"https:\/\/www.encontraamericana.com.br\/guia\/wp-json\/wp\/v2\/comments?post=6840"}],"version-history":[{"count":0,"href":"https:\/\/www.encontraamericana.com.br\/guia\/wp-json\/wp\/v2\/posts\/6840\/revisions"}],"wp:featuredmedia":[{"embeddable":true,"href":"https:\/\/www.encontraamericana.com.br\/guia\/wp-json\/wp\/v2\/media\/6839"}],"wp:attachment":[{"href":"https:\/\/www.encontraamericana.com.br\/guia\/wp-json\/wp\/v2\/media?parent=6840"}],"wp:term":[{"taxonomy":"category","embeddable":true,"href":"https:\/\/www.encontraamericana.com.br\/guia\/wp-json\/wp\/v2\/categories?post=6840"},{"taxonomy":"post_tag","embeddable":true,"href":"https:\/\/www.encontraamericana.com.br\/guia\/wp-json\/wp\/v2\/tags?post=6840"}],"curies":[{"name":"wp","href":"https:\/\/api.w.org\/{rel}","templated":true}]}}