{"id":6860,"date":"2026-07-27T22:21:21","date_gmt":"2026-07-28T01:21:21","guid":{"rendered":"https:\/\/www.encontraamericana.com.br\/guia\/estacao-black-charme-integra-programacao-do-projeto-juventude-negra-empreendedora-em-americana\/"},"modified":"2026-07-27T22:21:21","modified_gmt":"2026-07-28T01:21:21","slug":"estacao-black-charme-integra-programacao-do-projeto-juventude-negra-empreendedora-em-americana","status":"publish","type":"post","link":"https:\/\/www.encontraamericana.com.br\/guia\/estacao-black-charme-integra-programacao-do-projeto-juventude-negra-empreendedora-em-americana\/","title":{"rendered":"Esta\u00e7\u00e3o Black Charme integra programa\u00e7\u00e3o do projeto Juventude Negra Empreendedora em Americana"},"content":{"rendered":"<h2>O que \u00e9 a Esta\u00e7\u00e3o Black Charme?<\/h2>\n<p>A Esta\u00e7\u00e3o Black Charme \u00e9 um evento cultural emblem\u00e1tico que ocorrer\u00e1 na <strong>Esta\u00e7\u00e3o Cultura de Americana<\/strong>, focado na valoriza\u00e7\u00e3o da cultura afro-brasileira e no fortalecimento do empreendedorismo entre a juventude negra. Previsto para o dia <strong>25 de julho de 2026<\/strong>, o evento integra o projeto <strong>Juventude Negra Empreendedora<\/strong>, cuja miss\u00e3o \u00e9 promover a auto-estima, a identidade e a resist\u00eancia cultural.<\/p>\n<h2>A import\u00e2ncia do projeto Juventude Negra Empreendedora<\/h2>\n<p>O projeto Juventude Negra Empreendedora \u00e9 uma iniciativa que busca empoderar a juventude negra em diversas localidades do Estado de S\u00e3o Paulo. Por meio de atividades formativas e culturais, o projeto se torna um pilar para o fortalecimento da identidade negra, visando o enfrentamento do racismo e a promo\u00e7\u00e3o do afroempreendedorismo. Ao longo de nove meses, o projeto promove encontros presenciais em v\u00e1rias cidades, pesquisas qualitativas, al\u00e9m da publica\u00e7\u00e3o de uma revista digital que compila experi\u00eancias e reflex\u00f5es coletivas.<\/p>\n<h2>Atividades culturais e formativas na Esta\u00e7\u00e3o<\/h2>\n<p>No evento Esta\u00e7\u00e3o Black Charme, os participantes ter\u00e3o a oportunidade de se envolver em diversas atividades culturais e formativas. A programa\u00e7\u00e3o inclui workshops, palestras e debates que abordam temas importantes relacionados \u00e0 identidade negra e ao empreendedorismo. Essas atividades s\u00e3o projetadas para estimular o di\u00e1logo e a troca de experi\u00eancias entre os participantes, promovendo uma maior consci\u00eancia sobre a cultura negra e suas ricas tradi\u00e7\u00f5es.<\/p>\n<p><img decoding=\"async\" src=\"https:\/\/www.encontraamericana.com.br\/guia\/wp-content\/uploads\/2026\/07\/estacao-black-charme-integra-programacao-do-projeto-juventude-negra-empreendedora-em-americana.webp\" alt=\"Esta\u00e7\u00e3o Black Charme\" loading=\"lazy\" \/><\/p>\n<h2>O que esperar do Baile Charme<\/h2>\n<p>Um dos principais destaques do Esta\u00e7\u00e3o Black Charme \u00e9 o <strong>Baile Charme<\/strong>, um evento que remete \u00e0s origens do movimento cultural carioca. Esse baile celebra a m\u00fasica, a dan\u00e7a e a eleg\u00e2ncia, promovendo a auto-estima e a valoriza\u00e7\u00e3o da cultura black. Combinando diversos estilos musicais, o baile se transforma em um espa\u00e7o de celebra\u00e7\u00e3o e confraterniza\u00e7\u00e3o, onde todos s\u00e3o convidados a dan\u00e7ar e se expressar livremente.<\/p>\n<h2>Participa\u00e7\u00e3o da PBLACK COMPANY<\/h2>\n<p>O evento contar\u00e1 com a presen\u00e7a da <strong>PBLACK COMPANY<\/strong>, uma organiza\u00e7\u00e3o renomada que promove a cultura negra por meio da m\u00fasica e das artes. Sob a condu\u00e7\u00e3o de Paulo, a PBLACK COMPANY promete levar ao baile uma experi\u00eancia inesquec\u00edvel, com uma sele\u00e7\u00e3o musical que resgata cl\u00e1ssicos e novas tend\u00eancias da black music. A diversidade de g\u00eaneros, como R&#038;B e soul, ser\u00e1 um convite \u00e0 dan\u00e7a e \u00e0 celebra\u00e7\u00e3o da cultura africana.<\/p>\n<h2>DJs e a m\u00fasica que encanta<\/h2>\n<p>O Esta\u00e7\u00e3o Black Charme ter\u00e1 tamb\u00e9m a participa\u00e7\u00e3o de DJs convidados, que trar\u00e3o ao evento uma mistura vibrante de ritmos. Essas performances musicais s\u00e3o uma parte essencial da experi\u00eancia, proporcionando um ambiente animado e festivo. Os DJs prometem embalar a noite com sets que incluem grandes sucessos do charme, criando uma atmosfera envolvente que convida os participantes a se juntarem \u00e0s celebra\u00e7\u00f5es.<\/p>\n<h2>Feira de artesanato e empreendedorismo<\/h2>\n<p>Al\u00e9m das atividades culturais, o evento incluir\u00e1 uma <strong>feira de artesanato e empreendedorismo<\/strong>, onde pequenos empreendedores e artistas locais poder\u00e3o expor e vender seus produtos. Essa feira ser\u00e1 uma excelente oportunidade para conhecer produtos artesanais, apoiar o com\u00e9rcio local e incentivar a economia criativa. O ambiente acolhedor permitir\u00e1 a intera\u00e7\u00e3o entre expositores e visitantes, facilitando a troca de ideias e experi\u00eancias.<\/p>\n<h2>Gastronomia local no evento<\/h2>\n<p>A gastronomia tamb\u00e9m ter\u00e1 um espa\u00e7o reservado no Esta\u00e7\u00e3o Black Charme. O evento contar\u00e1 com uma sele\u00e7\u00e3o de barracas de alimentos que oferecer\u00e3o pratos t\u00edpicos da culin\u00e1ria afro-brasileira, proporcionando uma experi\u00eancia sensorial completa. Os participantes poder\u00e3o saborear del\u00edcias que refletem a riqueza cultural do Brasil, enquanto desfrutam das atividades do evento.<\/p>\n<h2>Exposi\u00e7\u00e3o &#8217;80 Anos de Dito Preto&#8217;<\/h2>\n<p>Uma parte significativa do evento \u00e9 a exposi\u00e7\u00e3o intitulada <strong>&#8217;80 Anos de Dito Preto&#8217;<\/strong>, que conta com a curadoria de Claudia Monteiro da Unegro. Esta exposi\u00e7\u00e3o homenageia a vida e o legado de um importante mestre da cultura afro-brasileira, proporcionando aos visitantes uma vis\u00e3o profunda sobre sua trajet\u00f3ria e contribui\u00e7\u00f5es para a cultura local. A exposi\u00e7\u00e3o visa ressaltar a import\u00e2ncia de reconhecer e valorizar as figuras que pavimentaram o caminho para as gera\u00e7\u00f5es atuais.<\/p>\n<h2>Como participar e celebrar a cultura negra<\/h2>\n<p>A participa\u00e7\u00e3o no Esta\u00e7\u00e3o Black Charme \u00e9 gratuita, o que torna o evento acess\u00edvel a todos. Os interessados devem se dirigir \u00e0 <strong>Esta\u00e7\u00e3o Cultura de Americana<\/strong> no dia do evento, a partir das <strong>17h<\/strong>. Ao participar, os visitantes ter\u00e3o a chance de celebrar a cultura negra em todas as suas manifesta\u00e7\u00f5es, conhecer novos empreendedores e se envolver em atividades que promovem resist\u00eancia e valoriza\u00e7\u00e3o de identidades. \u00c9 uma oportunidade \u00fanica para vivenciar um dia repleto de cultura, mem\u00f3ria e celebra\u00e7\u00e3o.<\/p>\n","protected":false},"excerpt":{"rendered":"<p>Esta\u00e7\u00e3o Black Charme traz empreendedorismo e cultura negra em Americana.<\/p>\n","protected":false},"author":1,"featured_media":6859,"comment_status":"open","ping_status":"open","sticky":false,"template":"","format":"standard","meta":{"footnotes":""},"categories":[896],"tags":[],"class_list":["post-6860","post","type-post","status-publish","format-standard","has-post-thumbnail","hentry","category-cursos","has_thumb"],"yoast_head":"<!-- This site is optimized with the Yoast SEO plugin v27.6 - https:\/\/yoast.com\/product\/yoast-seo-wordpress\/ -->\n<title>Esta\u00e7\u00e3o Black Charme integra programa\u00e7\u00e3o do projeto Juventude Negra Empreendedora em Americana | Guia Comercial de Americana SP<\/title>\n<meta name=\"robots\" content=\"index, follow, max-snippet:-1, max-image-preview:large, max-video-preview:-1\" \/>\n<link rel=\"canonical\" href=\"https:\/\/www.encontraamericana.com.br\/guia\/estacao-black-charme-integra-programacao-do-projeto-juventude-negra-empreendedora-em-americana\/\" \/>\n<meta property=\"og:locale\" content=\"pt_BR\" \/>\n<meta property=\"og:type\" content=\"article\" \/>\n<meta property=\"og:title\" content=\"Esta\u00e7\u00e3o Black Charme integra programa\u00e7\u00e3o do projeto Juventude Negra Empreendedora em Americana | Guia Comercial de Americana SP\" \/>\n<meta property=\"og:description\" content=\"Esta\u00e7\u00e3o Black Charme traz empreendedorismo e cultura negra em Americana.\" \/>\n<meta property=\"og:url\" content=\"https:\/\/www.encontraamericana.com.br\/guia\/estacao-black-charme-integra-programacao-do-projeto-juventude-negra-empreendedora-em-americana\/\" \/>\n<meta property=\"og:site_name\" content=\"Guia Comercial de Americana SP\" \/>\n<meta property=\"article:published_time\" content=\"2026-07-28T01:21:21+00:00\" \/>\n<meta property=\"og:image\" content=\"https:\/\/www.encontraamericana.com.br\/guia\/wp-content\/uploads\/2026\/07\/estacao-black-charme-integra-programacao-do-projeto-juventude-negra-empreendedora-em-americana.webp\" \/>\n<meta name=\"author\" content=\"Encontra Americana\" \/>\n<meta name=\"twitter:card\" content=\"summary_large_image\" \/>\n<meta name=\"twitter:label1\" content=\"Escrito por\" \/>\n\t<meta name=\"twitter:data1\" content=\"Encontra Americana\" \/>\n\t<meta name=\"twitter:label2\" content=\"Est. tempo de leitura\" \/>\n\t<meta name=\"twitter:data2\" content=\"4 minutos\" \/>\n<script type=\"application\/ld+json\" class=\"yoast-schema-graph\">{\"@context\":\"https:\\\/\\\/schema.org\",\"@graph\":[{\"@type\":\"Article\",\"@id\":\"https:\\\/\\\/www.encontraamericana.com.br\\\/guia\\\/estacao-black-charme-integra-programacao-do-projeto-juventude-negra-empreendedora-em-americana\\\/#article\",\"isPartOf\":{\"@id\":\"https:\\\/\\\/www.encontraamericana.com.br\\\/guia\\\/estacao-black-charme-integra-programacao-do-projeto-juventude-negra-empreendedora-em-americana\\\/\"},\"author\":{\"name\":\"Encontra Americana\",\"@id\":\"https:\\\/\\\/www.encontraamericana.com.br\\\/guia\\\/#\\\/schema\\\/person\\\/515cbc6082144e7445cab98211d14f9b\"},\"headline\":\"Esta\u00e7\u00e3o Black Charme integra programa\u00e7\u00e3o do projeto Juventude Negra Empreendedora em Americana\",\"datePublished\":\"2026-07-28T01:21:21+00:00\",\"mainEntityOfPage\":{\"@id\":\"https:\\\/\\\/www.encontraamericana.com.br\\\/guia\\\/estacao-black-charme-integra-programacao-do-projeto-juventude-negra-empreendedora-em-americana\\\/\"},\"wordCount\":815,\"commentCount\":0,\"image\":{\"@id\":\"https:\\\/\\\/www.encontraamericana.com.br\\\/guia\\\/estacao-black-charme-integra-programacao-do-projeto-juventude-negra-empreendedora-em-americana\\\/#primaryimage\"},\"thumbnailUrl\":\"https:\\\/\\\/www.encontraamericana.com.br\\\/guia\\\/wp-content\\\/uploads\\\/2026\\\/07\\\/estacao-black-charme-integra-programacao-do-projeto-juventude-negra-empreendedora-em-americana.webp\",\"articleSection\":[\"Cursos Americana\"],\"inLanguage\":\"pt-BR\",\"potentialAction\":[{\"@type\":\"CommentAction\",\"name\":\"Comment\",\"target\":[\"https:\\\/\\\/www.encontraamericana.com.br\\\/guia\\\/estacao-black-charme-integra-programacao-do-projeto-juventude-negra-empreendedora-em-americana\\\/#respond\"]}]},{\"@type\":\"WebPage\",\"@id\":\"https:\\\/\\\/www.encontraamericana.com.br\\\/guia\\\/estacao-black-charme-integra-programacao-do-projeto-juventude-negra-empreendedora-em-americana\\\/\",\"url\":\"https:\\\/\\\/www.encontraamericana.com.br\\\/guia\\\/estacao-black-charme-integra-programacao-do-projeto-juventude-negra-empreendedora-em-americana\\\/\",\"name\":\"Esta\u00e7\u00e3o Black Charme integra programa\u00e7\u00e3o do projeto Juventude Negra Empreendedora em Americana | Guia Comercial de Americana SP\",\"isPartOf\":{\"@id\":\"https:\\\/\\\/www.encontraamericana.com.br\\\/guia\\\/#website\"},\"primaryImageOfPage\":{\"@id\":\"https:\\\/\\\/www.encontraamericana.com.br\\\/guia\\\/estacao-black-charme-integra-programacao-do-projeto-juventude-negra-empreendedora-em-americana\\\/#primaryimage\"},\"image\":{\"@id\":\"https:\\\/\\\/www.encontraamericana.com.br\\\/guia\\\/estacao-black-charme-integra-programacao-do-projeto-juventude-negra-empreendedora-em-americana\\\/#primaryimage\"},\"thumbnailUrl\":\"https:\\\/\\\/www.encontraamericana.com.br\\\/guia\\\/wp-content\\\/uploads\\\/2026\\\/07\\\/estacao-black-charme-integra-programacao-do-projeto-juventude-negra-empreendedora-em-americana.webp\",\"datePublished\":\"2026-07-28T01:21:21+00:00\",\"author\":{\"@id\":\"https:\\\/\\\/www.encontraamericana.com.br\\\/guia\\\/#\\\/schema\\\/person\\\/515cbc6082144e7445cab98211d14f9b\"},\"inLanguage\":\"pt-BR\",\"potentialAction\":[{\"@type\":\"ReadAction\",\"target\":[\"https:\\\/\\\/www.encontraamericana.com.br\\\/guia\\\/estacao-black-charme-integra-programacao-do-projeto-juventude-negra-empreendedora-em-americana\\\/\"]}]},{\"@type\":\"ImageObject\",\"inLanguage\":\"pt-BR\",\"@id\":\"https:\\\/\\\/www.encontraamericana.com.br\\\/guia\\\/estacao-black-charme-integra-programacao-do-projeto-juventude-negra-empreendedora-em-americana\\\/#primaryimage\",\"url\":\"https:\\\/\\\/www.encontraamericana.com.br\\\/guia\\\/wp-content\\\/uploads\\\/2026\\\/07\\\/estacao-black-charme-integra-programacao-do-projeto-juventude-negra-empreendedora-em-americana.webp\",\"contentUrl\":\"https:\\\/\\\/www.encontraamericana.com.br\\\/guia\\\/wp-content\\\/uploads\\\/2026\\\/07\\\/estacao-black-charme-integra-programacao-do-projeto-juventude-negra-empreendedora-em-americana.webp\",\"width\":280,\"height\":280,\"caption\":\"Esta\u00e7\u00e3o Black Charme\"},{\"@type\":\"WebSite\",\"@id\":\"https:\\\/\\\/www.encontraamericana.com.br\\\/guia\\\/#website\",\"url\":\"https:\\\/\\\/www.encontraamericana.com.br\\\/guia\\\/\",\"name\":\"Guia Comercial de Americana SP\",\"description\":\"ENCONTRA AMERICANA - O guia comercial de neg\u00f3cios e empresas, cultura e divers\u00e3o na cidade de Americana. Feito 100% para voc\u00ea morador!\",\"potentialAction\":[{\"@type\":\"SearchAction\",\"target\":{\"@type\":\"EntryPoint\",\"urlTemplate\":\"https:\\\/\\\/www.encontraamericana.com.br\\\/guia\\\/?s={search_term_string}\"},\"query-input\":{\"@type\":\"PropertyValueSpecification\",\"valueRequired\":true,\"valueName\":\"search_term_string\"}}],\"inLanguage\":\"pt-BR\"},{\"@type\":\"Person\",\"@id\":\"https:\\\/\\\/www.encontraamericana.com.br\\\/guia\\\/#\\\/schema\\\/person\\\/515cbc6082144e7445cab98211d14f9b\",\"name\":\"Encontra Americana\",\"image\":{\"@type\":\"ImageObject\",\"inLanguage\":\"pt-BR\",\"@id\":\"https:\\\/\\\/secure.gravatar.com\\\/avatar\\\/c50c17820bcf322f0a8fd6b110b8c0918141409dc69076470f6fca5fee70a5d4?s=96&d=mm&r=g\",\"url\":\"https:\\\/\\\/secure.gravatar.com\\\/avatar\\\/c50c17820bcf322f0a8fd6b110b8c0918141409dc69076470f6fca5fee70a5d4?s=96&d=mm&r=g\",\"contentUrl\":\"https:\\\/\\\/secure.gravatar.com\\\/avatar\\\/c50c17820bcf322f0a8fd6b110b8c0918141409dc69076470f6fca5fee70a5d4?s=96&d=mm&r=g\",\"caption\":\"Encontra Americana\"},\"url\":\"https:\\\/\\\/www.encontraamericana.com.br\\\/guia\\\/author\\\/encontraamericana\\\/\"}]}<\/script>\n<!-- \/ Yoast SEO plugin. -->","yoast_head_json":{"title":"Esta\u00e7\u00e3o Black Charme integra programa\u00e7\u00e3o do projeto Juventude Negra Empreendedora em Americana | Guia Comercial de Americana SP","robots":{"index":"index","follow":"follow","max-snippet":"max-snippet:-1","max-image-preview":"max-image-preview:large","max-video-preview":"max-video-preview:-1"},"canonical":"https:\/\/www.encontraamericana.com.br\/guia\/estacao-black-charme-integra-programacao-do-projeto-juventude-negra-empreendedora-em-americana\/","og_locale":"pt_BR","og_type":"article","og_title":"Esta\u00e7\u00e3o Black Charme integra programa\u00e7\u00e3o do projeto Juventude Negra Empreendedora em Americana | Guia Comercial de Americana SP","og_description":"Esta\u00e7\u00e3o Black Charme traz empreendedorismo e cultura negra em Americana.","og_url":"https:\/\/www.encontraamericana.com.br\/guia\/estacao-black-charme-integra-programacao-do-projeto-juventude-negra-empreendedora-em-americana\/","og_site_name":"Guia Comercial de Americana SP","article_published_time":"2026-07-28T01:21:21+00:00","og_image":[{"url":"https:\/\/www.encontraamericana.com.br\/guia\/wp-content\/uploads\/2026\/07\/estacao-black-charme-integra-programacao-do-projeto-juventude-negra-empreendedora-em-americana.webp","type":"","width":"","height":""}],"author":"Encontra Americana","twitter_card":"summary_large_image","twitter_misc":{"Escrito por":"Encontra Americana","Est. tempo de leitura":"4 minutos"},"schema":{"@context":"https:\/\/schema.org","@graph":[{"@type":"Article","@id":"https:\/\/www.encontraamericana.com.br\/guia\/estacao-black-charme-integra-programacao-do-projeto-juventude-negra-empreendedora-em-americana\/#article","isPartOf":{"@id":"https:\/\/www.encontraamericana.com.br\/guia\/estacao-black-charme-integra-programacao-do-projeto-juventude-negra-empreendedora-em-americana\/"},"author":{"name":"Encontra Americana","@id":"https:\/\/www.encontraamericana.com.br\/guia\/#\/schema\/person\/515cbc6082144e7445cab98211d14f9b"},"headline":"Esta\u00e7\u00e3o Black Charme integra programa\u00e7\u00e3o do projeto Juventude Negra Empreendedora em Americana","datePublished":"2026-07-28T01:21:21+00:00","mainEntityOfPage":{"@id":"https:\/\/www.encontraamericana.com.br\/guia\/estacao-black-charme-integra-programacao-do-projeto-juventude-negra-empreendedora-em-americana\/"},"wordCount":815,"commentCount":0,"image":{"@id":"https:\/\/www.encontraamericana.com.br\/guia\/estacao-black-charme-integra-programacao-do-projeto-juventude-negra-empreendedora-em-americana\/#primaryimage"},"thumbnailUrl":"https:\/\/www.encontraamericana.com.br\/guia\/wp-content\/uploads\/2026\/07\/estacao-black-charme-integra-programacao-do-projeto-juventude-negra-empreendedora-em-americana.webp","articleSection":["Cursos Americana"],"inLanguage":"pt-BR","potentialAction":[{"@type":"CommentAction","name":"Comment","target":["https:\/\/www.encontraamericana.com.br\/guia\/estacao-black-charme-integra-programacao-do-projeto-juventude-negra-empreendedora-em-americana\/#respond"]}]},{"@type":"WebPage","@id":"https:\/\/www.encontraamericana.com.br\/guia\/estacao-black-charme-integra-programacao-do-projeto-juventude-negra-empreendedora-em-americana\/","url":"https:\/\/www.encontraamericana.com.br\/guia\/estacao-black-charme-integra-programacao-do-projeto-juventude-negra-empreendedora-em-americana\/","name":"Esta\u00e7\u00e3o Black Charme integra programa\u00e7\u00e3o do projeto Juventude Negra Empreendedora em Americana | Guia Comercial de Americana SP","isPartOf":{"@id":"https:\/\/www.encontraamericana.com.br\/guia\/#website"},"primaryImageOfPage":{"@id":"https:\/\/www.encontraamericana.com.br\/guia\/estacao-black-charme-integra-programacao-do-projeto-juventude-negra-empreendedora-em-americana\/#primaryimage"},"image":{"@id":"https:\/\/www.encontraamericana.com.br\/guia\/estacao-black-charme-integra-programacao-do-projeto-juventude-negra-empreendedora-em-americana\/#primaryimage"},"thumbnailUrl":"https:\/\/www.encontraamericana.com.br\/guia\/wp-content\/uploads\/2026\/07\/estacao-black-charme-integra-programacao-do-projeto-juventude-negra-empreendedora-em-americana.webp","datePublished":"2026-07-28T01:21:21+00:00","author":{"@id":"https:\/\/www.encontraamericana.com.br\/guia\/#\/schema\/person\/515cbc6082144e7445cab98211d14f9b"},"inLanguage":"pt-BR","potentialAction":[{"@type":"ReadAction","target":["https:\/\/www.encontraamericana.com.br\/guia\/estacao-black-charme-integra-programacao-do-projeto-juventude-negra-empreendedora-em-americana\/"]}]},{"@type":"ImageObject","inLanguage":"pt-BR","@id":"https:\/\/www.encontraamericana.com.br\/guia\/estacao-black-charme-integra-programacao-do-projeto-juventude-negra-empreendedora-em-americana\/#primaryimage","url":"https:\/\/www.encontraamericana.com.br\/guia\/wp-content\/uploads\/2026\/07\/estacao-black-charme-integra-programacao-do-projeto-juventude-negra-empreendedora-em-americana.webp","contentUrl":"https:\/\/www.encontraamericana.com.br\/guia\/wp-content\/uploads\/2026\/07\/estacao-black-charme-integra-programacao-do-projeto-juventude-negra-empreendedora-em-americana.webp","width":280,"height":280,"caption":"Esta\u00e7\u00e3o Black Charme"},{"@type":"WebSite","@id":"https:\/\/www.encontraamericana.com.br\/guia\/#website","url":"https:\/\/www.encontraamericana.com.br\/guia\/","name":"Guia Comercial de Americana SP","description":"ENCONTRA AMERICANA - O guia comercial de neg\u00f3cios e empresas, cultura e divers\u00e3o na cidade de Americana. Feito 100% para voc\u00ea morador!","potentialAction":[{"@type":"SearchAction","target":{"@type":"EntryPoint","urlTemplate":"https:\/\/www.encontraamericana.com.br\/guia\/?s={search_term_string}"},"query-input":{"@type":"PropertyValueSpecification","valueRequired":true,"valueName":"search_term_string"}}],"inLanguage":"pt-BR"},{"@type":"Person","@id":"https:\/\/www.encontraamericana.com.br\/guia\/#\/schema\/person\/515cbc6082144e7445cab98211d14f9b","name":"Encontra Americana","image":{"@type":"ImageObject","inLanguage":"pt-BR","@id":"https:\/\/secure.gravatar.com\/avatar\/c50c17820bcf322f0a8fd6b110b8c0918141409dc69076470f6fca5fee70a5d4?s=96&d=mm&r=g","url":"https:\/\/secure.gravatar.com\/avatar\/c50c17820bcf322f0a8fd6b110b8c0918141409dc69076470f6fca5fee70a5d4?s=96&d=mm&r=g","contentUrl":"https:\/\/secure.gravatar.com\/avatar\/c50c17820bcf322f0a8fd6b110b8c0918141409dc69076470f6fca5fee70a5d4?s=96&d=mm&r=g","caption":"Encontra Americana"},"url":"https:\/\/www.encontraamericana.com.br\/guia\/author\/encontraamericana\/"}]}},"_links":{"self":[{"href":"https:\/\/www.encontraamericana.com.br\/guia\/wp-json\/wp\/v2\/posts\/6860","targetHints":{"allow":["GET"]}}],"collection":[{"href":"https:\/\/www.encontraamericana.com.br\/guia\/wp-json\/wp\/v2\/posts"}],"about":[{"href":"https:\/\/www.encontraamericana.com.br\/guia\/wp-json\/wp\/v2\/types\/post"}],"author":[{"embeddable":true,"href":"https:\/\/www.encontraamericana.com.br\/guia\/wp-json\/wp\/v2\/users\/1"}],"replies":[{"embeddable":true,"href":"https:\/\/www.encontraamericana.com.br\/guia\/wp-json\/wp\/v2\/comments?post=6860"}],"version-history":[{"count":0,"href":"https:\/\/www.encontraamericana.com.br\/guia\/wp-json\/wp\/v2\/posts\/6860\/revisions"}],"wp:featuredmedia":[{"embeddable":true,"href":"https:\/\/www.encontraamericana.com.br\/guia\/wp-json\/wp\/v2\/media\/6859"}],"wp:attachment":[{"href":"https:\/\/www.encontraamericana.com.br\/guia\/wp-json\/wp\/v2\/media?parent=6860"}],"wp:term":[{"taxonomy":"category","embeddable":true,"href":"https:\/\/www.encontraamericana.com.br\/guia\/wp-json\/wp\/v2\/categories?post=6860"},{"taxonomy":"post_tag","embeddable":true,"href":"https:\/\/www.encontraamericana.com.br\/guia\/wp-json\/wp\/v2\/tags?post=6860"}],"curies":[{"name":"wp","href":"https:\/\/api.w.org\/{rel}","templated":true}]}}