{"id":6874,"date":"2026-07-30T03:38:05","date_gmt":"2026-07-30T06:38:05","guid":{"rendered":"https:\/\/www.encontraamericana.com.br\/guia\/justica-de-sp-determina-reducao-de-superlotacao-em-cdp-de-americana\/"},"modified":"2026-07-30T03:38:05","modified_gmt":"2026-07-30T06:38:05","slug":"justica-de-sp-determina-reducao-de-superlotacao-em-cdp-de-americana","status":"publish","type":"post","link":"https:\/\/www.encontraamericana.com.br\/guia\/justica-de-sp-determina-reducao-de-superlotacao-em-cdp-de-americana\/","title":{"rendered":"Justi\u00e7a de SP determina redu\u00e7\u00e3o de superlota\u00e7\u00e3o em CDP de Americana"},"content":{"rendered":"<h2>O Que Motivou a Decis\u00e3o Judicial<\/h2>\n<p>Recentemente, a Justi\u00e7a de S\u00e3o Paulo emitiu uma determina\u00e7\u00e3o para que o governo do estado tome medidas para diminuir a superlota\u00e7\u00e3o no Centro de Deten\u00e7\u00e3o Provis\u00f3ria (CDP) AEVP Renato Gon\u00e7alves Rodrigues, localizado na cidade de Americana. Esta decis\u00e3o foi fundamentada em uma a\u00e7\u00e3o civil p\u00fablica proposta pelo Minist\u00e9rio P\u00fablico de S\u00e3o Paulo (MPSP), a qual destacou que a unidade prevista para abrigar at\u00e9 639 detentos atualmente acolhe cerca de 1.190, praticamente o dobro de sua capacidade.<\/p>\n<h2>Capacidade e Superlota\u00e7\u00e3o no CDP<\/h2>\n<p>A superlota\u00e7\u00e3o carcer\u00e1ria \u00e9 um problema significativo em muitos estados brasileiros e o CDP de Americana n\u00e3o \u00e9 exce\u00e7\u00e3o. O espa\u00e7o, que deveria oferecer condi\u00e7\u00f5es adequadas de habita\u00e7\u00e3o e seguran\u00e7a aos detentos, enfrenta desafios que comprometem tanto a seguran\u00e7a dos internos quanto a administra\u00e7\u00e3o da pr\u00f3pria unidade. A situa\u00e7\u00e3o exp\u00f5e vulnerabilidades n\u00e3o s\u00f3 para os detentos, mas tamb\u00e9m para os agentes penitenci\u00e1rios e a sociedade ao redor.<\/p>\n<h2>Consequ\u00eancias da Superlota\u00e7\u00e3o Carcer\u00e1ria<\/h2>\n<p>As consequ\u00eancias da superlota\u00e7\u00e3o no sistema carcer\u00e1rio v\u00e3o al\u00e9m do aumento no n\u00famero de presos. Elas incluem:<\/p>\n<p><img decoding=\"async\" src=\"https:\/\/www.encontraamericana.com.br\/guia\/wp-content\/uploads\/2026\/07\/justica-de-sp-determina-reducao-de-superlotacao-em-cdp-de-americana.webp\" alt=\"redu\u00e7\u00e3o de superlota\u00e7\u00e3o\" loading=\"lazy\" \/><\/p>\n<ul>\n<li><strong>Condi\u00e7\u00f5es inadequadas de higiene:<\/strong> O espa\u00e7o insuficiente gera problemas sanit\u00e1rios significativos, como a falta de acesso a cuidados b\u00e1sicos de sa\u00fade.<\/li>\n<li><strong>Conflitos internos:<\/strong> Um ambiente superlotado pode elevar a tens\u00e3o entre os detentos, aumentando a probabilidade de viol\u00eancia.<\/li>\n<li><strong>Impacto na ressocializa\u00e7\u00e3o:<\/strong> A superlota\u00e7\u00e3o dificulta a implementa\u00e7\u00e3o de programas de reabilita\u00e7\u00e3o, que s\u00e3o essenciais para a reintegra\u00e7\u00e3o dos presos \u00e0 sociedade.<\/li>\n<li><strong>Sobrecarga do sistema judicial:<\/strong> A manuten\u00e7\u00e3o de um n\u00famero excessivo de detentos leva \u00e0 lentid\u00e3o nos processos legais e \u00e0 dificuldade em garantir o direito a um julgamento r\u00e1pido e justo.<\/li>\n<\/ul>\n<h2>A Responsabilidade do Governo<\/h2>\n<p>Ap\u00f3s a determina\u00e7\u00e3o judicial, o governo de S\u00e3o Paulo foi chamado a agir de forma imediata. Entre as responsabilidades est\u00e3o:<\/p>\n<ul>\n<li><strong>Impedir novos ingressos:<\/strong> Assim que a decis\u00e3o foi acatada, o Estado deve suspender a entrada de novos detentos no CDP.<\/li>\n<li><strong>Remanejamento de presos:<\/strong> A redu\u00e7\u00e3o do n\u00famero de detentos deve ser feita atrav\u00e9s do remanejamento, que deve ocorrer em at\u00e9 90 dias.<\/li>\n<li><strong>Corre\u00e7\u00e3o de irregularidades sanit\u00e1rias:<\/strong> \u00c9 tamb\u00e9m responsabilidade do governo garantir que as condi\u00e7\u00f5es sanit\u00e1rias sejam adequadas para os internos.<\/li>\n<\/ul>\n<h2>Prazos e Multas para Cumprimento<\/h2>\n<p>O prazo estabelecido pela Justi\u00e7a para o cumprimento dessas determina\u00e7\u00f5es \u00e9 de 90 dias para a adequa\u00e7\u00e3o das condi\u00e7\u00f5es de habitabilidade e 180 dias para regularizar aspectos de seguran\u00e7a contra inc\u00eandio. Caso o governo n\u00e3o atenda a essas exig\u00eancias de forma satisfat\u00f3ria, uma multa di\u00e1ria de R$ 10 mil ser\u00e1 aplicada como penalidade. Esta abordagem refor\u00e7a a urg\u00eancia de medidas corretivas no sistema.<\/p>\n<h2>Irregularidades Identificadas na Unidade<\/h2>\n<p>Durante as inspe\u00e7\u00f5es feitas pelo Minist\u00e9rio P\u00fablico, diversas irregularidades vieram \u00e0 tona. Entre elas, destacam-se:<\/p>\n<ul>\n<li><strong>Superlota\u00e7\u00e3o:<\/strong> Como mencionado, o CDP abriga quase o dobro de sua capacidade.<\/li>\n<li><strong>Aus\u00eancia do AVCB:<\/strong> O Auto de Vistoria do Corpo de Bombeiros, fundamental para a seguran\u00e7a da estrutura, est\u00e1 ausente.<\/li>\n<li><strong>Defici\u00eancias sanit\u00e1rias:<\/strong> O local n\u00e3o atende aos padr\u00f5es m\u00ednimos de higiene exigidos.<\/li>\n<li><strong>Irregularidades estruturais:<\/strong> Problemas na edifica\u00e7\u00e3o que comprometem a seguran\u00e7a dos detentos e dos profissionais que l\u00e1 trabalham.<\/li>\n<\/ul>\n<h2>Impacto na Vida dos Detentos<\/h2>\n<p>A vida dos detentos \u00e9 diretamente afetada por essa condi\u00e7\u00e3o de superlota\u00e7\u00e3o e pelas defici\u00eancias estruturais. Os envolvidos enfrentam dificuldades que v\u00e3o desde o acesso limitado a servi\u00e7os de sa\u00fade at\u00e9 a dificuldade em participar de atividades que visam \u00e0 reabilita\u00e7\u00e3o. Al\u00e9m disso, essa situa\u00e7\u00e3o pode levar a um maior estigma social ao sa\u00edrem do sistema prisional, tornando ainda mais desafiadora a reintegra\u00e7\u00e3o na sociedade.<\/p>\n<h2>O Papel do Minist\u00e9rio P\u00fablico<\/h2>\n<p>O Minist\u00e9rio P\u00fablico de S\u00e3o Paulo, atrav\u00e9s da 9\u00aa Promotoria de Justi\u00e7a de Americana, teve um papel crucial ao identificar e denunciar as condi\u00e7\u00f5es prec\u00e1rias no CDP. \u00c9 sua fun\u00e7\u00e3o proteger os direitos dos cidad\u00e3os, e nesse caso, isso inclui a supervis\u00e3o das condi\u00e7\u00f5es de encarceramento. A a\u00e7\u00e3o judicial em quest\u00e3o \u00e9 um exemplo do compromisso do MP em zelar pela justi\u00e7a e pela dignidade dos detentos, estimulando melhorias que podem salvar vidas e promover a seguran\u00e7a p\u00fablica.<\/p>\n<h2>Medidas para Melhorar as Condi\u00e7\u00f5es Prisionais<\/h2>\n<p>Uma s\u00e9rie de medidas dever\u00e1 ser aplicada para melhorar as condi\u00e7\u00f5es prisionais, como:<\/p>\n<ul>\n<li><strong>Reformas na infraestrutura:<\/strong> Isso inclui reparos necess\u00e1rios na edifica\u00e7\u00e3o e melhorias no acesso \u00e0 ventila\u00e7\u00e3o e ilumina\u00e7\u00e3o.<\/li>\n<li><strong>Programas de reabilita\u00e7\u00e3o adequados:<\/strong> Focar na ressocializa\u00e7\u00e3o, oferecendo educa\u00e7\u00e3o e oportunidades que preparem os detentos para uma vida fora do sistema.<\/li>\n<li><strong>Capacita\u00e7\u00e3o dos funcion\u00e1rios:<\/strong> Investir na forma\u00e7\u00e3o adequada para os agentes penitenci\u00e1rios, garantindo que eles estejam preparados para lidar com todas as situa\u00e7\u00f5es de maneira eficiente.<\/li>\n<\/ul>\n<h2>Futuro da Gest\u00e3o Penitenci\u00e1ria em SP<\/h2>\n<p>O futuro da gest\u00e3o penitenci\u00e1ria no estado de S\u00e3o Paulo depender\u00e1 da capacidade do governo em atender a essas demandas e promover transforma\u00e7\u00f5es no sistema. A superlota\u00e7\u00e3o \u00e9 um problema que transcende o sistema prisional, impactando a sociedade como um todo. A aplica\u00e7\u00e3o das li\u00e7\u00f5es aprendidas e a implementa\u00e7\u00e3o de pol\u00edticas efetivas ser\u00e3o fundamentais para garantir a melhoria nas condi\u00e7\u00f5es do sistema carcer\u00e1rio e, consequentemente, na seguran\u00e7a p\u00fablica e na qualidade de vida dos detentos.<\/p>\n","protected":false},"excerpt":{"rendered":"<p>Justi\u00e7a de SP imp\u00f5e redu\u00e7\u00e3o da superlota\u00e7\u00e3o no CDP de Americana.<\/p>\n","protected":false},"author":1,"featured_media":6873,"comment_status":"open","ping_status":"open","sticky":false,"template":"","format":"standard","meta":{"footnotes":""},"categories":[5],"tags":[],"class_list":["post-6874","post","type-post","status-publish","format-standard","has-post-thumbnail","hentry","category-noticias","has_thumb"],"yoast_head":"<!-- This site is optimized with the Yoast SEO plugin v27.6 - https:\/\/yoast.com\/product\/yoast-seo-wordpress\/ -->\n<title>Justi\u00e7a de SP determina redu\u00e7\u00e3o de superlota\u00e7\u00e3o em CDP de Americana | Guia Comercial de Americana SP<\/title>\n<meta name=\"robots\" content=\"index, follow, max-snippet:-1, max-image-preview:large, max-video-preview:-1\" \/>\n<link rel=\"canonical\" href=\"https:\/\/www.encontraamericana.com.br\/guia\/justica-de-sp-determina-reducao-de-superlotacao-em-cdp-de-americana\/\" \/>\n<meta property=\"og:locale\" content=\"pt_BR\" \/>\n<meta property=\"og:type\" content=\"article\" \/>\n<meta property=\"og:title\" content=\"Justi\u00e7a de SP determina redu\u00e7\u00e3o de superlota\u00e7\u00e3o em CDP de Americana | Guia Comercial de Americana SP\" \/>\n<meta property=\"og:description\" content=\"Justi\u00e7a de SP imp\u00f5e redu\u00e7\u00e3o da superlota\u00e7\u00e3o no CDP de Americana.\" \/>\n<meta property=\"og:url\" content=\"https:\/\/www.encontraamericana.com.br\/guia\/justica-de-sp-determina-reducao-de-superlotacao-em-cdp-de-americana\/\" \/>\n<meta property=\"og:site_name\" content=\"Guia Comercial de Americana SP\" \/>\n<meta property=\"article:published_time\" content=\"2026-07-30T06:38:05+00:00\" \/>\n<meta property=\"og:image\" content=\"https:\/\/www.encontraamericana.com.br\/guia\/wp-content\/uploads\/2026\/07\/justica-de-sp-determina-reducao-de-superlotacao-em-cdp-de-americana.webp\" \/>\n<meta name=\"author\" content=\"Encontra Americana\" \/>\n<meta name=\"twitter:card\" content=\"summary_large_image\" \/>\n<meta name=\"twitter:label1\" content=\"Escrito por\" \/>\n\t<meta name=\"twitter:data1\" content=\"Encontra Americana\" \/>\n\t<meta name=\"twitter:label2\" content=\"Est. tempo de leitura\" \/>\n\t<meta name=\"twitter:data2\" content=\"5 minutos\" \/>\n<script type=\"application\/ld+json\" class=\"yoast-schema-graph\">{\"@context\":\"https:\\\/\\\/schema.org\",\"@graph\":[{\"@type\":\"Article\",\"@id\":\"https:\\\/\\\/www.encontraamericana.com.br\\\/guia\\\/justica-de-sp-determina-reducao-de-superlotacao-em-cdp-de-americana\\\/#article\",\"isPartOf\":{\"@id\":\"https:\\\/\\\/www.encontraamericana.com.br\\\/guia\\\/justica-de-sp-determina-reducao-de-superlotacao-em-cdp-de-americana\\\/\"},\"author\":{\"name\":\"Encontra Americana\",\"@id\":\"https:\\\/\\\/www.encontraamericana.com.br\\\/guia\\\/#\\\/schema\\\/person\\\/515cbc6082144e7445cab98211d14f9b\"},\"headline\":\"Justi\u00e7a de SP determina redu\u00e7\u00e3o de superlota\u00e7\u00e3o em CDP de Americana\",\"datePublished\":\"2026-07-30T06:38:05+00:00\",\"mainEntityOfPage\":{\"@id\":\"https:\\\/\\\/www.encontraamericana.com.br\\\/guia\\\/justica-de-sp-determina-reducao-de-superlotacao-em-cdp-de-americana\\\/\"},\"wordCount\":962,\"commentCount\":0,\"image\":{\"@id\":\"https:\\\/\\\/www.encontraamericana.com.br\\\/guia\\\/justica-de-sp-determina-reducao-de-superlotacao-em-cdp-de-americana\\\/#primaryimage\"},\"thumbnailUrl\":\"https:\\\/\\\/www.encontraamericana.com.br\\\/guia\\\/wp-content\\\/uploads\\\/2026\\\/07\\\/justica-de-sp-determina-reducao-de-superlotacao-em-cdp-de-americana.webp\",\"articleSection\":[\"Not\u00edcias Americana\"],\"inLanguage\":\"pt-BR\",\"potentialAction\":[{\"@type\":\"CommentAction\",\"name\":\"Comment\",\"target\":[\"https:\\\/\\\/www.encontraamericana.com.br\\\/guia\\\/justica-de-sp-determina-reducao-de-superlotacao-em-cdp-de-americana\\\/#respond\"]}]},{\"@type\":\"WebPage\",\"@id\":\"https:\\\/\\\/www.encontraamericana.com.br\\\/guia\\\/justica-de-sp-determina-reducao-de-superlotacao-em-cdp-de-americana\\\/\",\"url\":\"https:\\\/\\\/www.encontraamericana.com.br\\\/guia\\\/justica-de-sp-determina-reducao-de-superlotacao-em-cdp-de-americana\\\/\",\"name\":\"Justi\u00e7a de SP determina redu\u00e7\u00e3o de superlota\u00e7\u00e3o em CDP de Americana | Guia Comercial de Americana SP\",\"isPartOf\":{\"@id\":\"https:\\\/\\\/www.encontraamericana.com.br\\\/guia\\\/#website\"},\"primaryImageOfPage\":{\"@id\":\"https:\\\/\\\/www.encontraamericana.com.br\\\/guia\\\/justica-de-sp-determina-reducao-de-superlotacao-em-cdp-de-americana\\\/#primaryimage\"},\"image\":{\"@id\":\"https:\\\/\\\/www.encontraamericana.com.br\\\/guia\\\/justica-de-sp-determina-reducao-de-superlotacao-em-cdp-de-americana\\\/#primaryimage\"},\"thumbnailUrl\":\"https:\\\/\\\/www.encontraamericana.com.br\\\/guia\\\/wp-content\\\/uploads\\\/2026\\\/07\\\/justica-de-sp-determina-reducao-de-superlotacao-em-cdp-de-americana.webp\",\"datePublished\":\"2026-07-30T06:38:05+00:00\",\"author\":{\"@id\":\"https:\\\/\\\/www.encontraamericana.com.br\\\/guia\\\/#\\\/schema\\\/person\\\/515cbc6082144e7445cab98211d14f9b\"},\"inLanguage\":\"pt-BR\",\"potentialAction\":[{\"@type\":\"ReadAction\",\"target\":[\"https:\\\/\\\/www.encontraamericana.com.br\\\/guia\\\/justica-de-sp-determina-reducao-de-superlotacao-em-cdp-de-americana\\\/\"]}]},{\"@type\":\"ImageObject\",\"inLanguage\":\"pt-BR\",\"@id\":\"https:\\\/\\\/www.encontraamericana.com.br\\\/guia\\\/justica-de-sp-determina-reducao-de-superlotacao-em-cdp-de-americana\\\/#primaryimage\",\"url\":\"https:\\\/\\\/www.encontraamericana.com.br\\\/guia\\\/wp-content\\\/uploads\\\/2026\\\/07\\\/justica-de-sp-determina-reducao-de-superlotacao-em-cdp-de-americana.webp\",\"contentUrl\":\"https:\\\/\\\/www.encontraamericana.com.br\\\/guia\\\/wp-content\\\/uploads\\\/2026\\\/07\\\/justica-de-sp-determina-reducao-de-superlotacao-em-cdp-de-americana.webp\",\"width\":280,\"height\":280,\"caption\":\"redu\u00e7\u00e3o de superlota\u00e7\u00e3o\"},{\"@type\":\"WebSite\",\"@id\":\"https:\\\/\\\/www.encontraamericana.com.br\\\/guia\\\/#website\",\"url\":\"https:\\\/\\\/www.encontraamericana.com.br\\\/guia\\\/\",\"name\":\"Guia Comercial de Americana SP\",\"description\":\"ENCONTRA AMERICANA - O guia comercial de neg\u00f3cios e empresas, cultura e divers\u00e3o na cidade de Americana. Feito 100% para voc\u00ea morador!\",\"potentialAction\":[{\"@type\":\"SearchAction\",\"target\":{\"@type\":\"EntryPoint\",\"urlTemplate\":\"https:\\\/\\\/www.encontraamericana.com.br\\\/guia\\\/?s={search_term_string}\"},\"query-input\":{\"@type\":\"PropertyValueSpecification\",\"valueRequired\":true,\"valueName\":\"search_term_string\"}}],\"inLanguage\":\"pt-BR\"},{\"@type\":\"Person\",\"@id\":\"https:\\\/\\\/www.encontraamericana.com.br\\\/guia\\\/#\\\/schema\\\/person\\\/515cbc6082144e7445cab98211d14f9b\",\"name\":\"Encontra Americana\",\"image\":{\"@type\":\"ImageObject\",\"inLanguage\":\"pt-BR\",\"@id\":\"https:\\\/\\\/secure.gravatar.com\\\/avatar\\\/c50c17820bcf322f0a8fd6b110b8c0918141409dc69076470f6fca5fee70a5d4?s=96&d=mm&r=g\",\"url\":\"https:\\\/\\\/secure.gravatar.com\\\/avatar\\\/c50c17820bcf322f0a8fd6b110b8c0918141409dc69076470f6fca5fee70a5d4?s=96&d=mm&r=g\",\"contentUrl\":\"https:\\\/\\\/secure.gravatar.com\\\/avatar\\\/c50c17820bcf322f0a8fd6b110b8c0918141409dc69076470f6fca5fee70a5d4?s=96&d=mm&r=g\",\"caption\":\"Encontra Americana\"},\"url\":\"https:\\\/\\\/www.encontraamericana.com.br\\\/guia\\\/author\\\/encontraamericana\\\/\"}]}<\/script>\n<!-- \/ Yoast SEO plugin. -->","yoast_head_json":{"title":"Justi\u00e7a de SP determina redu\u00e7\u00e3o de superlota\u00e7\u00e3o em CDP de Americana | Guia Comercial de Americana SP","robots":{"index":"index","follow":"follow","max-snippet":"max-snippet:-1","max-image-preview":"max-image-preview:large","max-video-preview":"max-video-preview:-1"},"canonical":"https:\/\/www.encontraamericana.com.br\/guia\/justica-de-sp-determina-reducao-de-superlotacao-em-cdp-de-americana\/","og_locale":"pt_BR","og_type":"article","og_title":"Justi\u00e7a de SP determina redu\u00e7\u00e3o de superlota\u00e7\u00e3o em CDP de Americana | Guia Comercial de Americana SP","og_description":"Justi\u00e7a de SP imp\u00f5e redu\u00e7\u00e3o da superlota\u00e7\u00e3o no CDP de Americana.","og_url":"https:\/\/www.encontraamericana.com.br\/guia\/justica-de-sp-determina-reducao-de-superlotacao-em-cdp-de-americana\/","og_site_name":"Guia Comercial de Americana SP","article_published_time":"2026-07-30T06:38:05+00:00","og_image":[{"url":"https:\/\/www.encontraamericana.com.br\/guia\/wp-content\/uploads\/2026\/07\/justica-de-sp-determina-reducao-de-superlotacao-em-cdp-de-americana.webp","type":"","width":"","height":""}],"author":"Encontra Americana","twitter_card":"summary_large_image","twitter_misc":{"Escrito por":"Encontra Americana","Est. tempo de leitura":"5 minutos"},"schema":{"@context":"https:\/\/schema.org","@graph":[{"@type":"Article","@id":"https:\/\/www.encontraamericana.com.br\/guia\/justica-de-sp-determina-reducao-de-superlotacao-em-cdp-de-americana\/#article","isPartOf":{"@id":"https:\/\/www.encontraamericana.com.br\/guia\/justica-de-sp-determina-reducao-de-superlotacao-em-cdp-de-americana\/"},"author":{"name":"Encontra Americana","@id":"https:\/\/www.encontraamericana.com.br\/guia\/#\/schema\/person\/515cbc6082144e7445cab98211d14f9b"},"headline":"Justi\u00e7a de SP determina redu\u00e7\u00e3o de superlota\u00e7\u00e3o em CDP de Americana","datePublished":"2026-07-30T06:38:05+00:00","mainEntityOfPage":{"@id":"https:\/\/www.encontraamericana.com.br\/guia\/justica-de-sp-determina-reducao-de-superlotacao-em-cdp-de-americana\/"},"wordCount":962,"commentCount":0,"image":{"@id":"https:\/\/www.encontraamericana.com.br\/guia\/justica-de-sp-determina-reducao-de-superlotacao-em-cdp-de-americana\/#primaryimage"},"thumbnailUrl":"https:\/\/www.encontraamericana.com.br\/guia\/wp-content\/uploads\/2026\/07\/justica-de-sp-determina-reducao-de-superlotacao-em-cdp-de-americana.webp","articleSection":["Not\u00edcias Americana"],"inLanguage":"pt-BR","potentialAction":[{"@type":"CommentAction","name":"Comment","target":["https:\/\/www.encontraamericana.com.br\/guia\/justica-de-sp-determina-reducao-de-superlotacao-em-cdp-de-americana\/#respond"]}]},{"@type":"WebPage","@id":"https:\/\/www.encontraamericana.com.br\/guia\/justica-de-sp-determina-reducao-de-superlotacao-em-cdp-de-americana\/","url":"https:\/\/www.encontraamericana.com.br\/guia\/justica-de-sp-determina-reducao-de-superlotacao-em-cdp-de-americana\/","name":"Justi\u00e7a de SP determina redu\u00e7\u00e3o de superlota\u00e7\u00e3o em CDP de Americana | Guia Comercial de Americana SP","isPartOf":{"@id":"https:\/\/www.encontraamericana.com.br\/guia\/#website"},"primaryImageOfPage":{"@id":"https:\/\/www.encontraamericana.com.br\/guia\/justica-de-sp-determina-reducao-de-superlotacao-em-cdp-de-americana\/#primaryimage"},"image":{"@id":"https:\/\/www.encontraamericana.com.br\/guia\/justica-de-sp-determina-reducao-de-superlotacao-em-cdp-de-americana\/#primaryimage"},"thumbnailUrl":"https:\/\/www.encontraamericana.com.br\/guia\/wp-content\/uploads\/2026\/07\/justica-de-sp-determina-reducao-de-superlotacao-em-cdp-de-americana.webp","datePublished":"2026-07-30T06:38:05+00:00","author":{"@id":"https:\/\/www.encontraamericana.com.br\/guia\/#\/schema\/person\/515cbc6082144e7445cab98211d14f9b"},"inLanguage":"pt-BR","potentialAction":[{"@type":"ReadAction","target":["https:\/\/www.encontraamericana.com.br\/guia\/justica-de-sp-determina-reducao-de-superlotacao-em-cdp-de-americana\/"]}]},{"@type":"ImageObject","inLanguage":"pt-BR","@id":"https:\/\/www.encontraamericana.com.br\/guia\/justica-de-sp-determina-reducao-de-superlotacao-em-cdp-de-americana\/#primaryimage","url":"https:\/\/www.encontraamericana.com.br\/guia\/wp-content\/uploads\/2026\/07\/justica-de-sp-determina-reducao-de-superlotacao-em-cdp-de-americana.webp","contentUrl":"https:\/\/www.encontraamericana.com.br\/guia\/wp-content\/uploads\/2026\/07\/justica-de-sp-determina-reducao-de-superlotacao-em-cdp-de-americana.webp","width":280,"height":280,"caption":"redu\u00e7\u00e3o de superlota\u00e7\u00e3o"},{"@type":"WebSite","@id":"https:\/\/www.encontraamericana.com.br\/guia\/#website","url":"https:\/\/www.encontraamericana.com.br\/guia\/","name":"Guia Comercial de Americana SP","description":"ENCONTRA AMERICANA - O guia comercial de neg\u00f3cios e empresas, cultura e divers\u00e3o na cidade de Americana. Feito 100% para voc\u00ea morador!","potentialAction":[{"@type":"SearchAction","target":{"@type":"EntryPoint","urlTemplate":"https:\/\/www.encontraamericana.com.br\/guia\/?s={search_term_string}"},"query-input":{"@type":"PropertyValueSpecification","valueRequired":true,"valueName":"search_term_string"}}],"inLanguage":"pt-BR"},{"@type":"Person","@id":"https:\/\/www.encontraamericana.com.br\/guia\/#\/schema\/person\/515cbc6082144e7445cab98211d14f9b","name":"Encontra Americana","image":{"@type":"ImageObject","inLanguage":"pt-BR","@id":"https:\/\/secure.gravatar.com\/avatar\/c50c17820bcf322f0a8fd6b110b8c0918141409dc69076470f6fca5fee70a5d4?s=96&d=mm&r=g","url":"https:\/\/secure.gravatar.com\/avatar\/c50c17820bcf322f0a8fd6b110b8c0918141409dc69076470f6fca5fee70a5d4?s=96&d=mm&r=g","contentUrl":"https:\/\/secure.gravatar.com\/avatar\/c50c17820bcf322f0a8fd6b110b8c0918141409dc69076470f6fca5fee70a5d4?s=96&d=mm&r=g","caption":"Encontra Americana"},"url":"https:\/\/www.encontraamericana.com.br\/guia\/author\/encontraamericana\/"}]}},"_links":{"self":[{"href":"https:\/\/www.encontraamericana.com.br\/guia\/wp-json\/wp\/v2\/posts\/6874","targetHints":{"allow":["GET"]}}],"collection":[{"href":"https:\/\/www.encontraamericana.com.br\/guia\/wp-json\/wp\/v2\/posts"}],"about":[{"href":"https:\/\/www.encontraamericana.com.br\/guia\/wp-json\/wp\/v2\/types\/post"}],"author":[{"embeddable":true,"href":"https:\/\/www.encontraamericana.com.br\/guia\/wp-json\/wp\/v2\/users\/1"}],"replies":[{"embeddable":true,"href":"https:\/\/www.encontraamericana.com.br\/guia\/wp-json\/wp\/v2\/comments?post=6874"}],"version-history":[{"count":0,"href":"https:\/\/www.encontraamericana.com.br\/guia\/wp-json\/wp\/v2\/posts\/6874\/revisions"}],"wp:featuredmedia":[{"embeddable":true,"href":"https:\/\/www.encontraamericana.com.br\/guia\/wp-json\/wp\/v2\/media\/6873"}],"wp:attachment":[{"href":"https:\/\/www.encontraamericana.com.br\/guia\/wp-json\/wp\/v2\/media?parent=6874"}],"wp:term":[{"taxonomy":"category","embeddable":true,"href":"https:\/\/www.encontraamericana.com.br\/guia\/wp-json\/wp\/v2\/categories?post=6874"},{"taxonomy":"post_tag","embeddable":true,"href":"https:\/\/www.encontraamericana.com.br\/guia\/wp-json\/wp\/v2\/tags?post=6874"}],"curies":[{"name":"wp","href":"https:\/\/api.w.org\/{rel}","templated":true}]}}