{"id":6887,"date":"2026-07-31T20:46:58","date_gmt":"2026-07-31T23:46:58","guid":{"rendered":"https:\/\/www.encontraamericana.com.br\/guia\/sp-tera-que-reduzir-superlotacao-em-presidio-de-americana-em-90-dias\/"},"modified":"2026-07-31T20:46:58","modified_gmt":"2026-07-31T23:46:58","slug":"sp-tera-que-reduzir-superlotacao-em-presidio-de-americana-em-90-dias","status":"publish","type":"post","link":"https:\/\/www.encontraamericana.com.br\/guia\/sp-tera-que-reduzir-superlotacao-em-presidio-de-americana-em-90-dias\/","title":{"rendered":"SP ter\u00e1 que reduzir superlota\u00e7\u00e3o em pres\u00eddio de Americana em 90 dias"},"content":{"rendered":"<h2>O contexto do sistema prisional em S\u00e3o Paulo<\/h2>\n<p>A situa\u00e7\u00e3o no sistema prisional brasileiro, e especialmente no estado de S\u00e3o Paulo, tem se mostrado alarmante devido ao problema da superlota\u00e7\u00e3o. A crise carcer\u00e1ria \u00e9 uma quest\u00e3o recorrente, com frequentemente mais presos do que vagas dispon\u00edveis, o que resulta em condi\u00e7\u00f5es de vida prec\u00e1rias e de elevada inseguran\u00e7a dentro das pris\u00f5es. No estado de S\u00e3o Paulo, esse cen\u00e1rio foi evidenciado em uma decis\u00e3o judicial recente que determinou a redu\u00e7\u00e3o da superlota\u00e7\u00e3o em um pres\u00eddio espec\u00edfico na cidade de Americana.<\/p>\n<h2>Entenda a Decis\u00e3o Judicial<\/h2>\n<p>Em 28 de julho de 2026, o juiz Rodrigo de Castro Carvalho decidiu que o estado de S\u00e3o Paulo deveria implementar a\u00e7\u00f5es para ajustar a popula\u00e7\u00e3o carcer\u00e1ria do Centro de Deten\u00e7\u00e3o Provis\u00f3ria (CDP) Renato Gon\u00e7alves Rodrigues. Este pres\u00eddio, com capacidade para 639 detentos, abrigava 1.190 pessoas na \u00e9poca da decis\u00e3o, o que representa uma superlota\u00e7\u00e3o de 186% sobre sua capacidade autorizada. O juiz estipulou um prazo de 90 dias para que o n\u00famero de detentos fosse reduzido e para a realiza\u00e7\u00e3o de melhorias nas condi\u00e7\u00f5es de sa\u00fade e seguran\u00e7a dentro do estabelecimento.<\/p>\n<h2>O problema da superlota\u00e7\u00e3o no Brasil<\/h2>\n<p>O Brasil possui uma das mais altas taxas de superlota\u00e7\u00e3o carcer\u00e1ria do mundo. Estimativas indicam que o pa\u00eds tem cerca de 800 mil presos, enquanto a capacidade das pris\u00f5es \u00e9 para aproximadamente 450 mil. Tal discrep\u00e2ncia n\u00e3o s\u00f3 submete os detentos a condi\u00e7\u00f5es desumanas, mas tamb\u00e9m sobrecarrega o sistema judicial e eleva os riscos de viola\u00e7\u00e3o dos direitos humanos. A superlota\u00e7\u00e3o est\u00e1 ligada \u00e0 falta de alternativas vi\u00e1veis de ressocializa\u00e7\u00e3o, ao excessivo uso de pris\u00f5es preventivas e a processos judiciais morosos.<\/p>\n<p><img decoding=\"async\" src=\"https:\/\/www.encontraamericana.com.br\/guia\/wp-content\/uploads\/2026\/07\/sp-tera-que-reduzir-superlotacao-em-presidio-de-americana-em-90-dias.webp\" alt=\"superlota\u00e7\u00e3o em pres\u00eddio\" loading=\"lazy\" \/><\/p>\n<h2>Impactos da Superlota\u00e7\u00e3o na Sa\u00fade dos Detentos<\/h2>\n<p>A superlota\u00e7\u00e3o das pris\u00f5es se traduz em graves implica\u00e7\u00f5es para a sa\u00fade f\u00edsica e mental dos detentos. Ambientes encarcerados e superlotados s\u00e3o prop\u00edcios \u00e0 dissemina\u00e7\u00e3o de doen\u00e7as, em especial infec\u00e7\u00f5es respirat\u00f3rias e cont\u00e1gios de doen\u00e7as altamente transmiss\u00edveis. No caso do CDP mencionado, houve relatos de pelo menos oito \u00f3bitos de detentos no primeiro semestre do ano, sendo que ao menos dois desses foram por pneumonia, uma condi\u00e7\u00e3o que se agrava em situa\u00e7\u00f5es de sa\u00fade prec\u00e1ria.<\/p>\n<h2>Irregularidades Sanit\u00e1rias no Pres\u00eddio<\/h2>\n<p>Al\u00e9m da superlota\u00e7\u00e3o, o CDP de Americana apresentava v\u00e1rias irregularidades sanit\u00e1rias. Uma inspe\u00e7\u00e3o realizada pela Vigil\u00e2ncia Sanit\u00e1ria revelou problemas como medicamentos vencidos, falta de um farmac\u00eautico respons\u00e1vel, e celas danificadas. Condi\u00e7\u00f5es insalubres como vazamentos hidr\u00e1ulicos e ventila\u00e7\u00e3o inadequada tamb\u00e9m foram constatadas, refor\u00e7ando a necessidade de medidas de repara\u00e7\u00e3o.<\/p>\n<h2>Seguran\u00e7a Contra Inc\u00eandio: Um Desafio Cr\u00edtico<\/h2>\n<p>A seguran\u00e7a contra inc\u00eandios \u00e9 outro aspecto cr\u00edtico que precisa ser abordado. O Corpo de Bombeiros considerou a unidade prisional irregular por n\u00e3o ter o Auto de Vistoria do Corpo de Bombeiros (AVCB) e destacou a falta de um sistema de detec\u00e7\u00e3o e alarme, al\u00e9m da insufici\u00eancia de extintores e de uma bomba de hidrante inoperante. Tais fraquezas podem resultar em cat\u00e1strofes em caso de inc\u00eandios, colocando em risco a vida dos detentos e do pessoal que trabalha aqui.<\/p>\n<h2>Responsabilidade do Estado na Gest\u00e3o Prisional<\/h2>\n<p>A responsabilidade pela gest\u00e3o das pris\u00f5es e pelo cumprimento das condi\u00e7\u00f5es b\u00e1sicas de dignidade dos detentos \u00e9 do Estado. A aus\u00eancia de medidas adequadas n\u00e3o s\u00f3 compromete a seguran\u00e7a e a sa\u00fade dos presos, mas tamb\u00e9m infringe os direitos fundamentais garantidos pela constitui\u00e7\u00e3o. O juiz enfatizou que a viola\u00e7\u00e3o de normas n\u00e3o pode ser justificada pelo argumento de que as condi\u00e7\u00f5es desfavor\u00e1veis s\u00e3o permanentes.<\/p>\n<h2>Repercuss\u00f5es da Falta de Vagas nas Pris\u00f5es<\/h2>\n<p>Quando as institui\u00e7\u00f5es prisionais n\u00e3o conseguem gerenciar a quantidade de detentos de forma eficaz, isso gera um efeito de domino que impacta outros segmentos do sistema judici\u00e1rio e social. As pris\u00f5es superlotadas tornam-se ambientes onde as tens\u00f5es s\u00e3o intensificadas, e o potencial para viol\u00eancia e conflitos internos aumenta drasticamente. Isso n\u00e3o somente afeta os internos, mas tamb\u00e9m a equipe de seguran\u00e7a, que se v\u00ea sobrecarregada e em risco.<\/p>\n<h2>A Rea\u00e7\u00e3o do Sistema Judici\u00e1rio<\/h2>\n<p>A resposta judicial \u00e0 superlota\u00e7\u00e3o e \u00e0s m\u00e1s condi\u00e7\u00f5es carcer\u00e1rias tem sido um t\u00f3pico de intenso debate no Brasil. De um lado, a necessidade de medidas judiciais urgentes \u00e9 reconhecida para assegurar que os direitos dos detentos sejam respeitados. De outro, algumas autoridades argumentam que interven\u00e7\u00f5es judiciais podem interferir em decis\u00f5es administrativas sobre pol\u00edticas p\u00fablicas. O juiz em quest\u00e3o, no entanto, deixou claro que a continuidade da viola\u00e7\u00e3o dos direitos dos detentos \u00e9 inaceit\u00e1vel.<\/p>\n<h2>O Papel do Minist\u00e9rio P\u00fablico<\/h2>\n<p>O Minist\u00e9rio P\u00fablico (MP) assumiu uma posi\u00e7\u00e3o ativa na luta contra a superlota\u00e7\u00e3o e as condi\u00e7\u00f5es inadequadas nas pris\u00f5es. A a\u00e7\u00e3o civil p\u00fablica movida pelo MP contra a Fazenda P\u00fablica estadual \u00e9 um exemplo de como esse \u00f3rg\u00e3o busca responsabilizar o Estado por falhas na administra\u00e7\u00e3o do sistema prisional. O papel do MP \u00e9 atuar como guardi\u00e3o dos direitos fundamentais e promover a defesa dos interesses da sociedade, neste caso, dos detentos.<\/p>\n<h2>Medidas para Resolu\u00e7\u00e3o da Crise Presidi\u00e1ria<\/h2>\n<p>Para resolver a crise prisional, uma s\u00e9rie de medidas podem ser adotadas:<\/p>\n<ul>\n<li><strong>Pelo cumprimento de prazos judiciais:<\/strong> Estabelecer e respeitar prazos para a redu\u00e7\u00e3o da superlota\u00e7\u00e3o e melhorias nas condi\u00e7\u00f5es sanit\u00e1rias e de seguran\u00e7a.<\/li>\n<li><strong>Cria\u00e7\u00e3o de alternativas penais:<\/strong> Investir em programas de penas alternativas e monitoramento eletr\u00f4nico que possam diminuir a quantidade de pessoas encarceradas.<\/li>\n<li><strong>Reformas no sistema de justi\u00e7a:<\/strong> Modernizar o sistema judici\u00e1rio para aumentar sua efici\u00eancia e reduzir a morosidade dos processos.<\/li>\n<li><strong>Fortalecimento das pol\u00edticas de ressocializa\u00e7\u00e3o:<\/strong> Implementar programas que promovam a reintegra\u00e7\u00e3o social e evitem a reincid\u00eancia criminal.<\/li>\n<li><strong>Controle da popula\u00e7\u00e3o carcer\u00e1ria:<\/strong> Monitorar e regular o n\u00famero de novos ingressos em unidades prisionais para manter a capacidade adequada dos estabelecimentos.<\/li>\n<\/ul>\n<p>Essas medidas, se efetivamente implementadas, podem contribuir significativamente para a melhoria do sistema prisional e garantir a dignidade e os direitos dos detentos.<\/p>\n","protected":false},"excerpt":{"rendered":"<p>Superlota\u00e7\u00e3o no pres\u00eddio de Americana gera medidas urgentes pela Justi\u00e7a de SP.<\/p>\n","protected":false},"author":1,"featured_media":6886,"comment_status":"open","ping_status":"open","sticky":false,"template":"","format":"standard","meta":{"footnotes":""},"categories":[5],"tags":[],"class_list":["post-6887","post","type-post","status-publish","format-standard","has-post-thumbnail","hentry","category-noticias","has_thumb"],"yoast_head":"<!-- This site is optimized with the Yoast SEO plugin v27.6 - https:\/\/yoast.com\/product\/yoast-seo-wordpress\/ -->\n<title>SP ter\u00e1 que reduzir superlota\u00e7\u00e3o em pres\u00eddio de Americana em 90 dias | Guia Comercial de Americana SP<\/title>\n<meta name=\"robots\" content=\"index, follow, max-snippet:-1, max-image-preview:large, max-video-preview:-1\" \/>\n<link rel=\"canonical\" href=\"https:\/\/www.encontraamericana.com.br\/guia\/sp-tera-que-reduzir-superlotacao-em-presidio-de-americana-em-90-dias\/\" \/>\n<meta property=\"og:locale\" content=\"pt_BR\" \/>\n<meta property=\"og:type\" content=\"article\" \/>\n<meta property=\"og:title\" content=\"SP ter\u00e1 que reduzir superlota\u00e7\u00e3o em pres\u00eddio de Americana em 90 dias | Guia Comercial de Americana SP\" \/>\n<meta property=\"og:description\" content=\"Superlota\u00e7\u00e3o no pres\u00eddio de Americana gera medidas urgentes pela Justi\u00e7a de SP.\" \/>\n<meta property=\"og:url\" content=\"https:\/\/www.encontraamericana.com.br\/guia\/sp-tera-que-reduzir-superlotacao-em-presidio-de-americana-em-90-dias\/\" \/>\n<meta property=\"og:site_name\" content=\"Guia Comercial de Americana SP\" \/>\n<meta property=\"article:published_time\" content=\"2026-07-31T23:46:58+00:00\" \/>\n<meta property=\"og:image\" content=\"https:\/\/www.encontraamericana.com.br\/guia\/wp-content\/uploads\/2026\/07\/sp-tera-que-reduzir-superlotacao-em-presidio-de-americana-em-90-dias.webp\" \/>\n<meta name=\"author\" content=\"Encontra Americana\" \/>\n<meta name=\"twitter:card\" content=\"summary_large_image\" \/>\n<meta name=\"twitter:label1\" content=\"Escrito por\" \/>\n\t<meta name=\"twitter:data1\" content=\"Encontra Americana\" \/>\n\t<meta name=\"twitter:label2\" content=\"Est. tempo de leitura\" \/>\n\t<meta name=\"twitter:data2\" content=\"5 minutos\" \/>\n<script type=\"application\/ld+json\" class=\"yoast-schema-graph\">{\"@context\":\"https:\\\/\\\/schema.org\",\"@graph\":[{\"@type\":\"Article\",\"@id\":\"https:\\\/\\\/www.encontraamericana.com.br\\\/guia\\\/sp-tera-que-reduzir-superlotacao-em-presidio-de-americana-em-90-dias\\\/#article\",\"isPartOf\":{\"@id\":\"https:\\\/\\\/www.encontraamericana.com.br\\\/guia\\\/sp-tera-que-reduzir-superlotacao-em-presidio-de-americana-em-90-dias\\\/\"},\"author\":{\"name\":\"Encontra Americana\",\"@id\":\"https:\\\/\\\/www.encontraamericana.com.br\\\/guia\\\/#\\\/schema\\\/person\\\/515cbc6082144e7445cab98211d14f9b\"},\"headline\":\"SP ter\u00e1 que reduzir superlota\u00e7\u00e3o em pres\u00eddio de Americana em 90 dias\",\"datePublished\":\"2026-07-31T23:46:58+00:00\",\"mainEntityOfPage\":{\"@id\":\"https:\\\/\\\/www.encontraamericana.com.br\\\/guia\\\/sp-tera-que-reduzir-superlotacao-em-presidio-de-americana-em-90-dias\\\/\"},\"wordCount\":1100,\"commentCount\":0,\"image\":{\"@id\":\"https:\\\/\\\/www.encontraamericana.com.br\\\/guia\\\/sp-tera-que-reduzir-superlotacao-em-presidio-de-americana-em-90-dias\\\/#primaryimage\"},\"thumbnailUrl\":\"https:\\\/\\\/www.encontraamericana.com.br\\\/guia\\\/wp-content\\\/uploads\\\/2026\\\/07\\\/sp-tera-que-reduzir-superlotacao-em-presidio-de-americana-em-90-dias.webp\",\"articleSection\":[\"Not\u00edcias Americana\"],\"inLanguage\":\"pt-BR\",\"potentialAction\":[{\"@type\":\"CommentAction\",\"name\":\"Comment\",\"target\":[\"https:\\\/\\\/www.encontraamericana.com.br\\\/guia\\\/sp-tera-que-reduzir-superlotacao-em-presidio-de-americana-em-90-dias\\\/#respond\"]}]},{\"@type\":\"WebPage\",\"@id\":\"https:\\\/\\\/www.encontraamericana.com.br\\\/guia\\\/sp-tera-que-reduzir-superlotacao-em-presidio-de-americana-em-90-dias\\\/\",\"url\":\"https:\\\/\\\/www.encontraamericana.com.br\\\/guia\\\/sp-tera-que-reduzir-superlotacao-em-presidio-de-americana-em-90-dias\\\/\",\"name\":\"SP ter\u00e1 que reduzir superlota\u00e7\u00e3o em pres\u00eddio de Americana em 90 dias | Guia Comercial de Americana SP\",\"isPartOf\":{\"@id\":\"https:\\\/\\\/www.encontraamericana.com.br\\\/guia\\\/#website\"},\"primaryImageOfPage\":{\"@id\":\"https:\\\/\\\/www.encontraamericana.com.br\\\/guia\\\/sp-tera-que-reduzir-superlotacao-em-presidio-de-americana-em-90-dias\\\/#primaryimage\"},\"image\":{\"@id\":\"https:\\\/\\\/www.encontraamericana.com.br\\\/guia\\\/sp-tera-que-reduzir-superlotacao-em-presidio-de-americana-em-90-dias\\\/#primaryimage\"},\"thumbnailUrl\":\"https:\\\/\\\/www.encontraamericana.com.br\\\/guia\\\/wp-content\\\/uploads\\\/2026\\\/07\\\/sp-tera-que-reduzir-superlotacao-em-presidio-de-americana-em-90-dias.webp\",\"datePublished\":\"2026-07-31T23:46:58+00:00\",\"author\":{\"@id\":\"https:\\\/\\\/www.encontraamericana.com.br\\\/guia\\\/#\\\/schema\\\/person\\\/515cbc6082144e7445cab98211d14f9b\"},\"inLanguage\":\"pt-BR\",\"potentialAction\":[{\"@type\":\"ReadAction\",\"target\":[\"https:\\\/\\\/www.encontraamericana.com.br\\\/guia\\\/sp-tera-que-reduzir-superlotacao-em-presidio-de-americana-em-90-dias\\\/\"]}]},{\"@type\":\"ImageObject\",\"inLanguage\":\"pt-BR\",\"@id\":\"https:\\\/\\\/www.encontraamericana.com.br\\\/guia\\\/sp-tera-que-reduzir-superlotacao-em-presidio-de-americana-em-90-dias\\\/#primaryimage\",\"url\":\"https:\\\/\\\/www.encontraamericana.com.br\\\/guia\\\/wp-content\\\/uploads\\\/2026\\\/07\\\/sp-tera-que-reduzir-superlotacao-em-presidio-de-americana-em-90-dias.webp\",\"contentUrl\":\"https:\\\/\\\/www.encontraamericana.com.br\\\/guia\\\/wp-content\\\/uploads\\\/2026\\\/07\\\/sp-tera-que-reduzir-superlotacao-em-presidio-de-americana-em-90-dias.webp\",\"width\":280,\"height\":280,\"caption\":\"superlota\u00e7\u00e3o em pres\u00eddio\"},{\"@type\":\"WebSite\",\"@id\":\"https:\\\/\\\/www.encontraamericana.com.br\\\/guia\\\/#website\",\"url\":\"https:\\\/\\\/www.encontraamericana.com.br\\\/guia\\\/\",\"name\":\"Guia Comercial de Americana SP\",\"description\":\"ENCONTRA AMERICANA - O guia comercial de neg\u00f3cios e empresas, cultura e divers\u00e3o na cidade de Americana. Feito 100% para voc\u00ea morador!\",\"potentialAction\":[{\"@type\":\"SearchAction\",\"target\":{\"@type\":\"EntryPoint\",\"urlTemplate\":\"https:\\\/\\\/www.encontraamericana.com.br\\\/guia\\\/?s={search_term_string}\"},\"query-input\":{\"@type\":\"PropertyValueSpecification\",\"valueRequired\":true,\"valueName\":\"search_term_string\"}}],\"inLanguage\":\"pt-BR\"},{\"@type\":\"Person\",\"@id\":\"https:\\\/\\\/www.encontraamericana.com.br\\\/guia\\\/#\\\/schema\\\/person\\\/515cbc6082144e7445cab98211d14f9b\",\"name\":\"Encontra Americana\",\"image\":{\"@type\":\"ImageObject\",\"inLanguage\":\"pt-BR\",\"@id\":\"https:\\\/\\\/secure.gravatar.com\\\/avatar\\\/c50c17820bcf322f0a8fd6b110b8c0918141409dc69076470f6fca5fee70a5d4?s=96&d=mm&r=g\",\"url\":\"https:\\\/\\\/secure.gravatar.com\\\/avatar\\\/c50c17820bcf322f0a8fd6b110b8c0918141409dc69076470f6fca5fee70a5d4?s=96&d=mm&r=g\",\"contentUrl\":\"https:\\\/\\\/secure.gravatar.com\\\/avatar\\\/c50c17820bcf322f0a8fd6b110b8c0918141409dc69076470f6fca5fee70a5d4?s=96&d=mm&r=g\",\"caption\":\"Encontra Americana\"},\"url\":\"https:\\\/\\\/www.encontraamericana.com.br\\\/guia\\\/author\\\/encontraamericana\\\/\"}]}<\/script>\n<!-- \/ Yoast SEO plugin. -->","yoast_head_json":{"title":"SP ter\u00e1 que reduzir superlota\u00e7\u00e3o em pres\u00eddio de Americana em 90 dias | Guia Comercial de Americana SP","robots":{"index":"index","follow":"follow","max-snippet":"max-snippet:-1","max-image-preview":"max-image-preview:large","max-video-preview":"max-video-preview:-1"},"canonical":"https:\/\/www.encontraamericana.com.br\/guia\/sp-tera-que-reduzir-superlotacao-em-presidio-de-americana-em-90-dias\/","og_locale":"pt_BR","og_type":"article","og_title":"SP ter\u00e1 que reduzir superlota\u00e7\u00e3o em pres\u00eddio de Americana em 90 dias | Guia Comercial de Americana SP","og_description":"Superlota\u00e7\u00e3o no pres\u00eddio de Americana gera medidas urgentes pela Justi\u00e7a de SP.","og_url":"https:\/\/www.encontraamericana.com.br\/guia\/sp-tera-que-reduzir-superlotacao-em-presidio-de-americana-em-90-dias\/","og_site_name":"Guia Comercial de Americana SP","article_published_time":"2026-07-31T23:46:58+00:00","og_image":[{"url":"https:\/\/www.encontraamericana.com.br\/guia\/wp-content\/uploads\/2026\/07\/sp-tera-que-reduzir-superlotacao-em-presidio-de-americana-em-90-dias.webp","type":"","width":"","height":""}],"author":"Encontra Americana","twitter_card":"summary_large_image","twitter_misc":{"Escrito por":"Encontra Americana","Est. tempo de leitura":"5 minutos"},"schema":{"@context":"https:\/\/schema.org","@graph":[{"@type":"Article","@id":"https:\/\/www.encontraamericana.com.br\/guia\/sp-tera-que-reduzir-superlotacao-em-presidio-de-americana-em-90-dias\/#article","isPartOf":{"@id":"https:\/\/www.encontraamericana.com.br\/guia\/sp-tera-que-reduzir-superlotacao-em-presidio-de-americana-em-90-dias\/"},"author":{"name":"Encontra Americana","@id":"https:\/\/www.encontraamericana.com.br\/guia\/#\/schema\/person\/515cbc6082144e7445cab98211d14f9b"},"headline":"SP ter\u00e1 que reduzir superlota\u00e7\u00e3o em pres\u00eddio de Americana em 90 dias","datePublished":"2026-07-31T23:46:58+00:00","mainEntityOfPage":{"@id":"https:\/\/www.encontraamericana.com.br\/guia\/sp-tera-que-reduzir-superlotacao-em-presidio-de-americana-em-90-dias\/"},"wordCount":1100,"commentCount":0,"image":{"@id":"https:\/\/www.encontraamericana.com.br\/guia\/sp-tera-que-reduzir-superlotacao-em-presidio-de-americana-em-90-dias\/#primaryimage"},"thumbnailUrl":"https:\/\/www.encontraamericana.com.br\/guia\/wp-content\/uploads\/2026\/07\/sp-tera-que-reduzir-superlotacao-em-presidio-de-americana-em-90-dias.webp","articleSection":["Not\u00edcias Americana"],"inLanguage":"pt-BR","potentialAction":[{"@type":"CommentAction","name":"Comment","target":["https:\/\/www.encontraamericana.com.br\/guia\/sp-tera-que-reduzir-superlotacao-em-presidio-de-americana-em-90-dias\/#respond"]}]},{"@type":"WebPage","@id":"https:\/\/www.encontraamericana.com.br\/guia\/sp-tera-que-reduzir-superlotacao-em-presidio-de-americana-em-90-dias\/","url":"https:\/\/www.encontraamericana.com.br\/guia\/sp-tera-que-reduzir-superlotacao-em-presidio-de-americana-em-90-dias\/","name":"SP ter\u00e1 que reduzir superlota\u00e7\u00e3o em pres\u00eddio de Americana em 90 dias | Guia Comercial de Americana SP","isPartOf":{"@id":"https:\/\/www.encontraamericana.com.br\/guia\/#website"},"primaryImageOfPage":{"@id":"https:\/\/www.encontraamericana.com.br\/guia\/sp-tera-que-reduzir-superlotacao-em-presidio-de-americana-em-90-dias\/#primaryimage"},"image":{"@id":"https:\/\/www.encontraamericana.com.br\/guia\/sp-tera-que-reduzir-superlotacao-em-presidio-de-americana-em-90-dias\/#primaryimage"},"thumbnailUrl":"https:\/\/www.encontraamericana.com.br\/guia\/wp-content\/uploads\/2026\/07\/sp-tera-que-reduzir-superlotacao-em-presidio-de-americana-em-90-dias.webp","datePublished":"2026-07-31T23:46:58+00:00","author":{"@id":"https:\/\/www.encontraamericana.com.br\/guia\/#\/schema\/person\/515cbc6082144e7445cab98211d14f9b"},"inLanguage":"pt-BR","potentialAction":[{"@type":"ReadAction","target":["https:\/\/www.encontraamericana.com.br\/guia\/sp-tera-que-reduzir-superlotacao-em-presidio-de-americana-em-90-dias\/"]}]},{"@type":"ImageObject","inLanguage":"pt-BR","@id":"https:\/\/www.encontraamericana.com.br\/guia\/sp-tera-que-reduzir-superlotacao-em-presidio-de-americana-em-90-dias\/#primaryimage","url":"https:\/\/www.encontraamericana.com.br\/guia\/wp-content\/uploads\/2026\/07\/sp-tera-que-reduzir-superlotacao-em-presidio-de-americana-em-90-dias.webp","contentUrl":"https:\/\/www.encontraamericana.com.br\/guia\/wp-content\/uploads\/2026\/07\/sp-tera-que-reduzir-superlotacao-em-presidio-de-americana-em-90-dias.webp","width":280,"height":280,"caption":"superlota\u00e7\u00e3o em pres\u00eddio"},{"@type":"WebSite","@id":"https:\/\/www.encontraamericana.com.br\/guia\/#website","url":"https:\/\/www.encontraamericana.com.br\/guia\/","name":"Guia Comercial de Americana SP","description":"ENCONTRA AMERICANA - O guia comercial de neg\u00f3cios e empresas, cultura e divers\u00e3o na cidade de Americana. Feito 100% para voc\u00ea morador!","potentialAction":[{"@type":"SearchAction","target":{"@type":"EntryPoint","urlTemplate":"https:\/\/www.encontraamericana.com.br\/guia\/?s={search_term_string}"},"query-input":{"@type":"PropertyValueSpecification","valueRequired":true,"valueName":"search_term_string"}}],"inLanguage":"pt-BR"},{"@type":"Person","@id":"https:\/\/www.encontraamericana.com.br\/guia\/#\/schema\/person\/515cbc6082144e7445cab98211d14f9b","name":"Encontra Americana","image":{"@type":"ImageObject","inLanguage":"pt-BR","@id":"https:\/\/secure.gravatar.com\/avatar\/c50c17820bcf322f0a8fd6b110b8c0918141409dc69076470f6fca5fee70a5d4?s=96&d=mm&r=g","url":"https:\/\/secure.gravatar.com\/avatar\/c50c17820bcf322f0a8fd6b110b8c0918141409dc69076470f6fca5fee70a5d4?s=96&d=mm&r=g","contentUrl":"https:\/\/secure.gravatar.com\/avatar\/c50c17820bcf322f0a8fd6b110b8c0918141409dc69076470f6fca5fee70a5d4?s=96&d=mm&r=g","caption":"Encontra Americana"},"url":"https:\/\/www.encontraamericana.com.br\/guia\/author\/encontraamericana\/"}]}},"_links":{"self":[{"href":"https:\/\/www.encontraamericana.com.br\/guia\/wp-json\/wp\/v2\/posts\/6887","targetHints":{"allow":["GET"]}}],"collection":[{"href":"https:\/\/www.encontraamericana.com.br\/guia\/wp-json\/wp\/v2\/posts"}],"about":[{"href":"https:\/\/www.encontraamericana.com.br\/guia\/wp-json\/wp\/v2\/types\/post"}],"author":[{"embeddable":true,"href":"https:\/\/www.encontraamericana.com.br\/guia\/wp-json\/wp\/v2\/users\/1"}],"replies":[{"embeddable":true,"href":"https:\/\/www.encontraamericana.com.br\/guia\/wp-json\/wp\/v2\/comments?post=6887"}],"version-history":[{"count":0,"href":"https:\/\/www.encontraamericana.com.br\/guia\/wp-json\/wp\/v2\/posts\/6887\/revisions"}],"wp:featuredmedia":[{"embeddable":true,"href":"https:\/\/www.encontraamericana.com.br\/guia\/wp-json\/wp\/v2\/media\/6886"}],"wp:attachment":[{"href":"https:\/\/www.encontraamericana.com.br\/guia\/wp-json\/wp\/v2\/media?parent=6887"}],"wp:term":[{"taxonomy":"category","embeddable":true,"href":"https:\/\/www.encontraamericana.com.br\/guia\/wp-json\/wp\/v2\/categories?post=6887"},{"taxonomy":"post_tag","embeddable":true,"href":"https:\/\/www.encontraamericana.com.br\/guia\/wp-json\/wp\/v2\/tags?post=6887"}],"curies":[{"name":"wp","href":"https:\/\/api.w.org\/{rel}","templated":true}]}}