{"id":6891,"date":"2026-07-31T20:48:55","date_gmt":"2026-07-31T23:48:55","guid":{"rendered":"https:\/\/www.encontraamericana.com.br\/guia\/justica-determina-reducao-da-superlotacao-em-cdp-de-americana-sp\/"},"modified":"2026-07-31T20:48:55","modified_gmt":"2026-07-31T23:48:55","slug":"justica-determina-reducao-da-superlotacao-em-cdp-de-americana-sp","status":"publish","type":"post","link":"https:\/\/www.encontraamericana.com.br\/guia\/justica-determina-reducao-da-superlotacao-em-cdp-de-americana-sp\/","title":{"rendered":"Justi\u00e7a determina redu\u00e7\u00e3o da superlota\u00e7\u00e3o em CDP de Americana, SP"},"content":{"rendered":"<h2>Situa\u00e7\u00e3o Atual da Superlota\u00e7\u00e3o no CDP<\/h2>\n<p>Atualmente, a superlota\u00e7\u00e3o nos Centros de Deten\u00e7\u00e3o Provis\u00f3ria (CDP) \u00e9 uma quest\u00e3o cr\u00edtica no Brasil, afetando diretamente as condi\u00e7\u00f5es de vida dos detentos e comprometendo os princ\u00edpios b\u00e1sicos dos direitos humanos. O CDP em Americana, S\u00e3o Paulo, exemplifica essa problem\u00e1tica, onde o local destinado a 639 prisioneiros abriga na realidade 1.190 detentos, gerando um excesso de 551 indiv\u00edduos. Essa situa\u00e7\u00e3o alarmante demandou interven\u00e7\u00f5es judiciais, uma vez que a falta de espa\u00e7o provoca uma s\u00e9rie de consequ\u00eancias negativas tanto para os internos quanto para os funcion\u00e1rios e para a sociedade.<\/p>\n<h2>Decis\u00e3o da Justi\u00e7a de SP<\/h2>\n<p>Como resposta \u00e0 alarmante superlota\u00e7\u00e3o do CDP AEVP Renato Gon\u00e7alves Rodrigues em Americana, a Justi\u00e7a de S\u00e3o Paulo determinou a efetiva redu\u00e7\u00e3o do n\u00famero de presos. A liminar foi emitida pela 1\u00aa Vara C\u00edvel do munic\u00edpio, obrigando o Estado a adotar medidas no sentido de aliviar a popula\u00e7\u00e3o carcer\u00e1ria. Al\u00e9m da diminui\u00e7\u00e3o do n\u00famero de detentos, a decis\u00e3o tamb\u00e9m inclui a necessidade de corrigir problemas relacionados \u00e0 sa\u00fade e seguran\u00e7a, que s\u00e3o cruciais para o bem-estar dos internos.<\/p>\n<h2>Hist\u00f3rico de Problemas no Sistema Penal<\/h2>\n<p>A superlota\u00e7\u00e3o nos pres\u00eddios brasileiros n\u00e3o \u00e9 uma novidade, mas sim um resultado acumulado de pol\u00edticas p\u00fablicas ineficazes e do crescimento da criminalidade. Historicamente, a falta de investimentos em alternativas \u00e0 pris\u00e3o e em reformas no sistema penal contribuiu para que milhares de pessoas fossem encarceradas em condi\u00e7\u00f5es desumanas. Este ciclo vicioso de inefici\u00eancia do sistema penal exige aten\u00e7\u00e3o urgente, visando a transforma\u00e7\u00e3o e valoriza\u00e7\u00e3o da dignidade humana nas pris\u00f5es.<\/p>\n<p><img decoding=\"async\" src=\"https:\/\/www.encontraamericana.com.br\/guia\/wp-content\/uploads\/2026\/07\/justica-determina-reducao-da-superlotacao-em-cdp-de-americana-sp.webp\" alt=\"superlota\u00e7\u00e3o\" loading=\"lazy\" \/><\/p>\n<h2>O que a Superlota\u00e7\u00e3o Afeta na Vida dos Detentos<\/h2>\n<p>A superlota\u00e7\u00e3o impacta diretamente a vida dos detentos de maneira devastadora. A falta de espa\u00e7o resulta em conv\u00edvio dif\u00edcil, facilitando a dissemina\u00e7\u00e3o de doen\u00e7as e epidemias. Al\u00e9m disso, as condi\u00e7\u00f5es insalubres prejudicam a sa\u00fade mental e f\u00edsica dos internos. Os presos enfrentam tumultos, conflitos di\u00e1rios e a escassez de recursos b\u00e1sicos, como \u00e1gua e alimenta\u00e7\u00e3o, o que agrava ainda mais suas situa\u00e7\u00f5es. Com tantos desafios, a reintegra\u00e7\u00e3o social ap\u00f3s a pris\u00e3o torna-se uma tarefa quase imposs\u00edvel.<\/p>\n<h2>Medidas Imediatas para Redu\u00e7\u00e3o da Popula\u00e7\u00e3o Carcer\u00e1ria<\/h2>\n<p>Em decorr\u00eancia da decis\u00e3o judicial, diversas medidas devem ser implementadas imediatamente. O governo tem um prazo para interromper a admiss\u00e3o de novos detentos e redistribuir aqueles que est\u00e3o em excesso. Para tornar esses processos mais eficazes, \u00e9 imperativo que tamb\u00e9m sejam feitas melhorias nas condi\u00e7\u00f5es sanit\u00e1rias e estruturais das instala\u00e7\u00f5es, que s\u00e3o absolutamente necess\u00e1rias para a seguran\u00e7a dos prisioneiros e do pessoal da unidade.<\/p>\n<h2>Prazos Estabelecidos pela Justi\u00e7a<\/h2>\n<p>Os prazos estipulados pela Justi\u00e7a s\u00e3o claros e apresentam uma urg\u00eancia a ser respeitada. O Estado tem 90 dias para cessar a novas admiss\u00f5es de presos, assim como para realocar aqueles que est\u00e3o em excesso. Ademais, as irregularidades identificadas pela Vigil\u00e2ncia Sanit\u00e1ria devem ser corrigidas nesse per\u00edodo. Outras demandas, como a certifica\u00e7\u00e3o de seguran\u00e7a contra inc\u00eandios, deve ser cumprida em um prazo de 180 dias, conforme as normas estabelecidas pelo Corpo de Bombeiros.<\/p>\n<h2>Consequ\u00eancias do Descumprimento<\/h2>\n<p>A n\u00e3o observ\u00e2ncia das determina\u00e7\u00f5es judiciais acarretar\u00e1 san\u00e7\u00f5es significativas ao Estado. Uma multa di\u00e1ria de R$ 10 mil foi estipulada caso as exig\u00eancias n\u00e3o sejam cumpridas sem justificativa adequada. Essa medida busca garantir a efetividade da decis\u00e3o e a seguran\u00e7a dos cidad\u00e3os, refor\u00e7ando a import\u00e2ncia de uma administra\u00e7\u00e3o p\u00fablica respons\u00e1vel e comprometida com o bem-estar dos detentos.<\/p>\n<h2>Import\u00e2ncia da Dignidade Humana no Sistema Penitenci\u00e1rio<\/h2>\n<p>A dignidade humana deve ser a pedra angular de qualquer sistema penitenci\u00e1rio. Um ambiente prisional que respeita a dignidade dos detentos n\u00e3o apenas cumpre com as obriga\u00e7\u00f5es legais, mas tamb\u00e9m promove a possibilidade de reabilita\u00e7\u00e3o e reintegra\u00e7\u00e3o social. \u00c9 essencial que as institui\u00e7\u00f5es corrigiam as falhas que levam \u00e0 desumaniza\u00e7\u00e3o dos internos, promovendo respeito e garantias dos direitos fundamentais.<\/p>\n<h2>Impacto Social da Superlota\u00e7\u00e3o<\/h2>\n<p>A superlota\u00e7\u00e3o nas pris\u00f5es representa um problema que extrapola os muros das unidades penitenci\u00e1rias. A sociedade como um todo sente os efeitos dessa situa\u00e7\u00e3o, uma vez que a reintegra\u00e7\u00e3o de indiv\u00edduos que passaram por condi\u00e7\u00f5es adversas torna-se dif\u00edcil, perpetuando o ciclo de criminalidade. Al\u00e9m disso, a falta de seguran\u00e7a e a emerg\u00eancia de fac\u00e7\u00f5es dentro das pris\u00f5es culminam em um aumento da viol\u00eancia e da inseguran\u00e7a nas comunidades.<\/p>\n<h2>Necessidade de Reformas no Sistema Prisional<\/h2>\n<p>As reformas no sistema prisional s\u00e3o urgentes e inadi\u00e1veis. Investir em alternativas \u00e0 pris\u00e3o, como programas de educa\u00e7\u00e3o, trabalho e apoio psicol\u00f3gico, n\u00e3o s\u00f3 destacaria o potencial de reabilita\u00e7\u00e3o dos detentos, mas tamb\u00e9m reduziria o n\u00famero de pessoas dentro do sistema prisional. Reformas estruturais que garantam \u00e0 popula\u00e7\u00e3o carcer\u00e1ria condi\u00e7\u00f5es dignas e humanas n\u00e3o s\u00e3o apenas responsabilidades legais, mas tamb\u00e9m morais.<\/p>\n","protected":false},"excerpt":{"rendered":"<p>Superlota\u00e7\u00e3o em CDP de Americana, SP, agora controlada. Entenda a decis\u00e3o da Justi\u00e7a.<\/p>\n","protected":false},"author":1,"featured_media":6890,"comment_status":"open","ping_status":"open","sticky":false,"template":"","format":"standard","meta":{"footnotes":""},"categories":[5],"tags":[],"class_list":["post-6891","post","type-post","status-publish","format-standard","has-post-thumbnail","hentry","category-noticias","has_thumb"],"yoast_head":"<!-- This site is optimized with the Yoast SEO plugin v27.6 - https:\/\/yoast.com\/product\/yoast-seo-wordpress\/ -->\n<title>Justi\u00e7a determina redu\u00e7\u00e3o da superlota\u00e7\u00e3o em CDP de Americana, SP | Guia Comercial de Americana SP<\/title>\n<meta name=\"robots\" content=\"index, follow, max-snippet:-1, max-image-preview:large, max-video-preview:-1\" \/>\n<link rel=\"canonical\" href=\"https:\/\/www.encontraamericana.com.br\/guia\/justica-determina-reducao-da-superlotacao-em-cdp-de-americana-sp\/\" \/>\n<meta property=\"og:locale\" content=\"pt_BR\" \/>\n<meta property=\"og:type\" content=\"article\" \/>\n<meta property=\"og:title\" content=\"Justi\u00e7a determina redu\u00e7\u00e3o da superlota\u00e7\u00e3o em CDP de Americana, SP | Guia Comercial de Americana SP\" \/>\n<meta property=\"og:description\" content=\"Superlota\u00e7\u00e3o em CDP de Americana, SP, agora controlada. Entenda a decis\u00e3o da Justi\u00e7a.\" \/>\n<meta property=\"og:url\" content=\"https:\/\/www.encontraamericana.com.br\/guia\/justica-determina-reducao-da-superlotacao-em-cdp-de-americana-sp\/\" \/>\n<meta property=\"og:site_name\" content=\"Guia Comercial de Americana SP\" \/>\n<meta property=\"article:published_time\" content=\"2026-07-31T23:48:55+00:00\" \/>\n<meta property=\"og:image\" content=\"https:\/\/www.encontraamericana.com.br\/guia\/wp-content\/uploads\/2026\/07\/justica-determina-reducao-da-superlotacao-em-cdp-de-americana-sp.webp\" \/>\n<meta name=\"author\" content=\"Encontra Americana\" \/>\n<meta name=\"twitter:card\" content=\"summary_large_image\" \/>\n<meta name=\"twitter:label1\" content=\"Escrito por\" \/>\n\t<meta name=\"twitter:data1\" content=\"Encontra Americana\" \/>\n\t<meta name=\"twitter:label2\" content=\"Est. tempo de leitura\" \/>\n\t<meta name=\"twitter:data2\" content=\"4 minutos\" \/>\n<script type=\"application\/ld+json\" class=\"yoast-schema-graph\">{\"@context\":\"https:\\\/\\\/schema.org\",\"@graph\":[{\"@type\":\"Article\",\"@id\":\"https:\\\/\\\/www.encontraamericana.com.br\\\/guia\\\/justica-determina-reducao-da-superlotacao-em-cdp-de-americana-sp\\\/#article\",\"isPartOf\":{\"@id\":\"https:\\\/\\\/www.encontraamericana.com.br\\\/guia\\\/justica-determina-reducao-da-superlotacao-em-cdp-de-americana-sp\\\/\"},\"author\":{\"name\":\"Encontra Americana\",\"@id\":\"https:\\\/\\\/www.encontraamericana.com.br\\\/guia\\\/#\\\/schema\\\/person\\\/515cbc6082144e7445cab98211d14f9b\"},\"headline\":\"Justi\u00e7a determina redu\u00e7\u00e3o da superlota\u00e7\u00e3o em CDP de Americana, SP\",\"datePublished\":\"2026-07-31T23:48:55+00:00\",\"mainEntityOfPage\":{\"@id\":\"https:\\\/\\\/www.encontraamericana.com.br\\\/guia\\\/justica-determina-reducao-da-superlotacao-em-cdp-de-americana-sp\\\/\"},\"wordCount\":902,\"commentCount\":0,\"image\":{\"@id\":\"https:\\\/\\\/www.encontraamericana.com.br\\\/guia\\\/justica-determina-reducao-da-superlotacao-em-cdp-de-americana-sp\\\/#primaryimage\"},\"thumbnailUrl\":\"https:\\\/\\\/www.encontraamericana.com.br\\\/guia\\\/wp-content\\\/uploads\\\/2026\\\/07\\\/justica-determina-reducao-da-superlotacao-em-cdp-de-americana-sp.webp\",\"articleSection\":[\"Not\u00edcias Americana\"],\"inLanguage\":\"pt-BR\",\"potentialAction\":[{\"@type\":\"CommentAction\",\"name\":\"Comment\",\"target\":[\"https:\\\/\\\/www.encontraamericana.com.br\\\/guia\\\/justica-determina-reducao-da-superlotacao-em-cdp-de-americana-sp\\\/#respond\"]}]},{\"@type\":\"WebPage\",\"@id\":\"https:\\\/\\\/www.encontraamericana.com.br\\\/guia\\\/justica-determina-reducao-da-superlotacao-em-cdp-de-americana-sp\\\/\",\"url\":\"https:\\\/\\\/www.encontraamericana.com.br\\\/guia\\\/justica-determina-reducao-da-superlotacao-em-cdp-de-americana-sp\\\/\",\"name\":\"Justi\u00e7a determina redu\u00e7\u00e3o da superlota\u00e7\u00e3o em CDP de Americana, SP | Guia Comercial de Americana SP\",\"isPartOf\":{\"@id\":\"https:\\\/\\\/www.encontraamericana.com.br\\\/guia\\\/#website\"},\"primaryImageOfPage\":{\"@id\":\"https:\\\/\\\/www.encontraamericana.com.br\\\/guia\\\/justica-determina-reducao-da-superlotacao-em-cdp-de-americana-sp\\\/#primaryimage\"},\"image\":{\"@id\":\"https:\\\/\\\/www.encontraamericana.com.br\\\/guia\\\/justica-determina-reducao-da-superlotacao-em-cdp-de-americana-sp\\\/#primaryimage\"},\"thumbnailUrl\":\"https:\\\/\\\/www.encontraamericana.com.br\\\/guia\\\/wp-content\\\/uploads\\\/2026\\\/07\\\/justica-determina-reducao-da-superlotacao-em-cdp-de-americana-sp.webp\",\"datePublished\":\"2026-07-31T23:48:55+00:00\",\"author\":{\"@id\":\"https:\\\/\\\/www.encontraamericana.com.br\\\/guia\\\/#\\\/schema\\\/person\\\/515cbc6082144e7445cab98211d14f9b\"},\"inLanguage\":\"pt-BR\",\"potentialAction\":[{\"@type\":\"ReadAction\",\"target\":[\"https:\\\/\\\/www.encontraamericana.com.br\\\/guia\\\/justica-determina-reducao-da-superlotacao-em-cdp-de-americana-sp\\\/\"]}]},{\"@type\":\"ImageObject\",\"inLanguage\":\"pt-BR\",\"@id\":\"https:\\\/\\\/www.encontraamericana.com.br\\\/guia\\\/justica-determina-reducao-da-superlotacao-em-cdp-de-americana-sp\\\/#primaryimage\",\"url\":\"https:\\\/\\\/www.encontraamericana.com.br\\\/guia\\\/wp-content\\\/uploads\\\/2026\\\/07\\\/justica-determina-reducao-da-superlotacao-em-cdp-de-americana-sp.webp\",\"contentUrl\":\"https:\\\/\\\/www.encontraamericana.com.br\\\/guia\\\/wp-content\\\/uploads\\\/2026\\\/07\\\/justica-determina-reducao-da-superlotacao-em-cdp-de-americana-sp.webp\",\"width\":280,\"height\":280,\"caption\":\"superlota\u00e7\u00e3o\"},{\"@type\":\"WebSite\",\"@id\":\"https:\\\/\\\/www.encontraamericana.com.br\\\/guia\\\/#website\",\"url\":\"https:\\\/\\\/www.encontraamericana.com.br\\\/guia\\\/\",\"name\":\"Guia Comercial de Americana SP\",\"description\":\"ENCONTRA AMERICANA - O guia comercial de neg\u00f3cios e empresas, cultura e divers\u00e3o na cidade de Americana. Feito 100% para voc\u00ea morador!\",\"potentialAction\":[{\"@type\":\"SearchAction\",\"target\":{\"@type\":\"EntryPoint\",\"urlTemplate\":\"https:\\\/\\\/www.encontraamericana.com.br\\\/guia\\\/?s={search_term_string}\"},\"query-input\":{\"@type\":\"PropertyValueSpecification\",\"valueRequired\":true,\"valueName\":\"search_term_string\"}}],\"inLanguage\":\"pt-BR\"},{\"@type\":\"Person\",\"@id\":\"https:\\\/\\\/www.encontraamericana.com.br\\\/guia\\\/#\\\/schema\\\/person\\\/515cbc6082144e7445cab98211d14f9b\",\"name\":\"Encontra Americana\",\"image\":{\"@type\":\"ImageObject\",\"inLanguage\":\"pt-BR\",\"@id\":\"https:\\\/\\\/secure.gravatar.com\\\/avatar\\\/c50c17820bcf322f0a8fd6b110b8c0918141409dc69076470f6fca5fee70a5d4?s=96&d=mm&r=g\",\"url\":\"https:\\\/\\\/secure.gravatar.com\\\/avatar\\\/c50c17820bcf322f0a8fd6b110b8c0918141409dc69076470f6fca5fee70a5d4?s=96&d=mm&r=g\",\"contentUrl\":\"https:\\\/\\\/secure.gravatar.com\\\/avatar\\\/c50c17820bcf322f0a8fd6b110b8c0918141409dc69076470f6fca5fee70a5d4?s=96&d=mm&r=g\",\"caption\":\"Encontra Americana\"},\"url\":\"https:\\\/\\\/www.encontraamericana.com.br\\\/guia\\\/author\\\/encontraamericana\\\/\"}]}<\/script>\n<!-- \/ Yoast SEO plugin. -->","yoast_head_json":{"title":"Justi\u00e7a determina redu\u00e7\u00e3o da superlota\u00e7\u00e3o em CDP de Americana, SP | Guia Comercial de Americana SP","robots":{"index":"index","follow":"follow","max-snippet":"max-snippet:-1","max-image-preview":"max-image-preview:large","max-video-preview":"max-video-preview:-1"},"canonical":"https:\/\/www.encontraamericana.com.br\/guia\/justica-determina-reducao-da-superlotacao-em-cdp-de-americana-sp\/","og_locale":"pt_BR","og_type":"article","og_title":"Justi\u00e7a determina redu\u00e7\u00e3o da superlota\u00e7\u00e3o em CDP de Americana, SP | Guia Comercial de Americana SP","og_description":"Superlota\u00e7\u00e3o em CDP de Americana, SP, agora controlada. Entenda a decis\u00e3o da Justi\u00e7a.","og_url":"https:\/\/www.encontraamericana.com.br\/guia\/justica-determina-reducao-da-superlotacao-em-cdp-de-americana-sp\/","og_site_name":"Guia Comercial de Americana SP","article_published_time":"2026-07-31T23:48:55+00:00","og_image":[{"url":"https:\/\/www.encontraamericana.com.br\/guia\/wp-content\/uploads\/2026\/07\/justica-determina-reducao-da-superlotacao-em-cdp-de-americana-sp.webp","type":"","width":"","height":""}],"author":"Encontra Americana","twitter_card":"summary_large_image","twitter_misc":{"Escrito por":"Encontra Americana","Est. tempo de leitura":"4 minutos"},"schema":{"@context":"https:\/\/schema.org","@graph":[{"@type":"Article","@id":"https:\/\/www.encontraamericana.com.br\/guia\/justica-determina-reducao-da-superlotacao-em-cdp-de-americana-sp\/#article","isPartOf":{"@id":"https:\/\/www.encontraamericana.com.br\/guia\/justica-determina-reducao-da-superlotacao-em-cdp-de-americana-sp\/"},"author":{"name":"Encontra Americana","@id":"https:\/\/www.encontraamericana.com.br\/guia\/#\/schema\/person\/515cbc6082144e7445cab98211d14f9b"},"headline":"Justi\u00e7a determina redu\u00e7\u00e3o da superlota\u00e7\u00e3o em CDP de Americana, SP","datePublished":"2026-07-31T23:48:55+00:00","mainEntityOfPage":{"@id":"https:\/\/www.encontraamericana.com.br\/guia\/justica-determina-reducao-da-superlotacao-em-cdp-de-americana-sp\/"},"wordCount":902,"commentCount":0,"image":{"@id":"https:\/\/www.encontraamericana.com.br\/guia\/justica-determina-reducao-da-superlotacao-em-cdp-de-americana-sp\/#primaryimage"},"thumbnailUrl":"https:\/\/www.encontraamericana.com.br\/guia\/wp-content\/uploads\/2026\/07\/justica-determina-reducao-da-superlotacao-em-cdp-de-americana-sp.webp","articleSection":["Not\u00edcias Americana"],"inLanguage":"pt-BR","potentialAction":[{"@type":"CommentAction","name":"Comment","target":["https:\/\/www.encontraamericana.com.br\/guia\/justica-determina-reducao-da-superlotacao-em-cdp-de-americana-sp\/#respond"]}]},{"@type":"WebPage","@id":"https:\/\/www.encontraamericana.com.br\/guia\/justica-determina-reducao-da-superlotacao-em-cdp-de-americana-sp\/","url":"https:\/\/www.encontraamericana.com.br\/guia\/justica-determina-reducao-da-superlotacao-em-cdp-de-americana-sp\/","name":"Justi\u00e7a determina redu\u00e7\u00e3o da superlota\u00e7\u00e3o em CDP de Americana, SP | Guia Comercial de Americana SP","isPartOf":{"@id":"https:\/\/www.encontraamericana.com.br\/guia\/#website"},"primaryImageOfPage":{"@id":"https:\/\/www.encontraamericana.com.br\/guia\/justica-determina-reducao-da-superlotacao-em-cdp-de-americana-sp\/#primaryimage"},"image":{"@id":"https:\/\/www.encontraamericana.com.br\/guia\/justica-determina-reducao-da-superlotacao-em-cdp-de-americana-sp\/#primaryimage"},"thumbnailUrl":"https:\/\/www.encontraamericana.com.br\/guia\/wp-content\/uploads\/2026\/07\/justica-determina-reducao-da-superlotacao-em-cdp-de-americana-sp.webp","datePublished":"2026-07-31T23:48:55+00:00","author":{"@id":"https:\/\/www.encontraamericana.com.br\/guia\/#\/schema\/person\/515cbc6082144e7445cab98211d14f9b"},"inLanguage":"pt-BR","potentialAction":[{"@type":"ReadAction","target":["https:\/\/www.encontraamericana.com.br\/guia\/justica-determina-reducao-da-superlotacao-em-cdp-de-americana-sp\/"]}]},{"@type":"ImageObject","inLanguage":"pt-BR","@id":"https:\/\/www.encontraamericana.com.br\/guia\/justica-determina-reducao-da-superlotacao-em-cdp-de-americana-sp\/#primaryimage","url":"https:\/\/www.encontraamericana.com.br\/guia\/wp-content\/uploads\/2026\/07\/justica-determina-reducao-da-superlotacao-em-cdp-de-americana-sp.webp","contentUrl":"https:\/\/www.encontraamericana.com.br\/guia\/wp-content\/uploads\/2026\/07\/justica-determina-reducao-da-superlotacao-em-cdp-de-americana-sp.webp","width":280,"height":280,"caption":"superlota\u00e7\u00e3o"},{"@type":"WebSite","@id":"https:\/\/www.encontraamericana.com.br\/guia\/#website","url":"https:\/\/www.encontraamericana.com.br\/guia\/","name":"Guia Comercial de Americana SP","description":"ENCONTRA AMERICANA - O guia comercial de neg\u00f3cios e empresas, cultura e divers\u00e3o na cidade de Americana. Feito 100% para voc\u00ea morador!","potentialAction":[{"@type":"SearchAction","target":{"@type":"EntryPoint","urlTemplate":"https:\/\/www.encontraamericana.com.br\/guia\/?s={search_term_string}"},"query-input":{"@type":"PropertyValueSpecification","valueRequired":true,"valueName":"search_term_string"}}],"inLanguage":"pt-BR"},{"@type":"Person","@id":"https:\/\/www.encontraamericana.com.br\/guia\/#\/schema\/person\/515cbc6082144e7445cab98211d14f9b","name":"Encontra Americana","image":{"@type":"ImageObject","inLanguage":"pt-BR","@id":"https:\/\/secure.gravatar.com\/avatar\/c50c17820bcf322f0a8fd6b110b8c0918141409dc69076470f6fca5fee70a5d4?s=96&d=mm&r=g","url":"https:\/\/secure.gravatar.com\/avatar\/c50c17820bcf322f0a8fd6b110b8c0918141409dc69076470f6fca5fee70a5d4?s=96&d=mm&r=g","contentUrl":"https:\/\/secure.gravatar.com\/avatar\/c50c17820bcf322f0a8fd6b110b8c0918141409dc69076470f6fca5fee70a5d4?s=96&d=mm&r=g","caption":"Encontra Americana"},"url":"https:\/\/www.encontraamericana.com.br\/guia\/author\/encontraamericana\/"}]}},"_links":{"self":[{"href":"https:\/\/www.encontraamericana.com.br\/guia\/wp-json\/wp\/v2\/posts\/6891","targetHints":{"allow":["GET"]}}],"collection":[{"href":"https:\/\/www.encontraamericana.com.br\/guia\/wp-json\/wp\/v2\/posts"}],"about":[{"href":"https:\/\/www.encontraamericana.com.br\/guia\/wp-json\/wp\/v2\/types\/post"}],"author":[{"embeddable":true,"href":"https:\/\/www.encontraamericana.com.br\/guia\/wp-json\/wp\/v2\/users\/1"}],"replies":[{"embeddable":true,"href":"https:\/\/www.encontraamericana.com.br\/guia\/wp-json\/wp\/v2\/comments?post=6891"}],"version-history":[{"count":0,"href":"https:\/\/www.encontraamericana.com.br\/guia\/wp-json\/wp\/v2\/posts\/6891\/revisions"}],"wp:featuredmedia":[{"embeddable":true,"href":"https:\/\/www.encontraamericana.com.br\/guia\/wp-json\/wp\/v2\/media\/6890"}],"wp:attachment":[{"href":"https:\/\/www.encontraamericana.com.br\/guia\/wp-json\/wp\/v2\/media?parent=6891"}],"wp:term":[{"taxonomy":"category","embeddable":true,"href":"https:\/\/www.encontraamericana.com.br\/guia\/wp-json\/wp\/v2\/categories?post=6891"},{"taxonomy":"post_tag","embeddable":true,"href":"https:\/\/www.encontraamericana.com.br\/guia\/wp-json\/wp\/v2\/tags?post=6891"}],"curies":[{"name":"wp","href":"https:\/\/api.w.org\/{rel}","templated":true}]}}