{"id":6905,"date":"2026-08-03T02:57:22","date_gmt":"2026-08-03T05:57:22","guid":{"rendered":"https:\/\/www.encontraamericana.com.br\/guia\/tempo-muito-seco-alerta-amarelo-atinge-americana-sp-e-campinas-ate-segunda-3\/"},"modified":"2026-08-03T02:57:22","modified_gmt":"2026-08-03T05:57:22","slug":"tempo-muito-seco-alerta-amarelo-atinge-americana-sp-e-campinas-ate-segunda-3","status":"publish","type":"post","link":"https:\/\/www.encontraamericana.com.br\/guia\/tempo-muito-seco-alerta-amarelo-atinge-americana-sp-e-campinas-ate-segunda-3\/","title":{"rendered":"Tempo muito seco: alerta amarelo atinge Americana (SP) e Campinas at\u00e9 segunda (3)"},"content":{"rendered":"<h2>O que \u00e9 o alerta amarelo do INMET?<\/h2>\n<p>O alerta amarelo emitido pelo <strong>Instituto Nacional de Meteorologia (INMET)<\/strong> \u00e9 um sinal de aviso para a popula\u00e7\u00e3o sobre poss\u00edveis situa\u00e7\u00f5es clim\u00e1ticas que podem representar riscos \u00e0 sa\u00fade e \u00e0 seguran\u00e7a. Este tipo de alerta, especificamente relacionado \u00e0 baixa umidade do ar, indica que a umidade relativa pode cair a n\u00edveis preocupantes, trazendo consequ\u00eancias para a sa\u00fade p\u00fablica e aumentando a chance de inc\u00eandios florestais.<\/p>\n<h2>Por que a umidade baixa \u00e9 perigosa?<\/h2>\n<p>A umidade do ar \u00e9 uma vari\u00e1vel meteorol\u00f3gica vital para o bem-estar humano. Quando a umidade relativa fica abaixo de 30%, como indicado em um alerta amarelo, as pessoas podem come\u00e7ar a sentir efeitos negativos em sua sa\u00fade. Isso porque a baixa umidade pode desidratar as mucosas do corpo, tornando-as mais vulner\u00e1veis a infec\u00e7\u00f5es respirat\u00f3rias.<\/p>\n<p>Al\u00e9m disso, a baixa umidade pode favorecer o aumento dos inc\u00eandios florestais, pois a prolifera\u00e7\u00e3o de vegeta\u00e7\u00e3o seca se torna um combust\u00edvel ideal para as chamas. Por isso, esses alertas s\u00e3o essenciais para que a popula\u00e7\u00e3o se prepare e adote cuidados.<\/p>\n<p><img decoding=\"async\" src=\"https:\/\/www.encontraamericana.com.br\/guia\/wp-content\/uploads\/2026\/08\/tempo-muito-seco-alerta-amarelo-atinge-americana-sp-e-campinas-ate-segunda-3.webp\" alt=\"alerta amarelo\" loading=\"lazy\" \/><\/p>\n<h2>Como a baixa umidade pode afetar a sa\u00fade?<\/h2>\n<p>Os efeitos da baixa umidade s\u00e3o variados e podem afetar diferentes aspectos da sa\u00fade:<\/p>\n<ul>\n<li><strong>Desidrata\u00e7\u00e3o das Mucosas:<\/strong> A falta de umidade no ar pode causar ressecamento das mucosas nas vias respirat\u00f3rias, tornando-as mais suscet\u00edveis a infec\u00e7\u00f5es.<\/li>\n<li><strong>Alergias e Irrita\u00e7\u00f5es:<\/strong> A baixa umidade aumenta a quantidade de poeira e outros al\u00e9rgenos no ar, o que pode agravar problemas al\u00e9rgicos e respirat\u00f3rios.<\/li>\n<li><strong>Problemas de Pele:<\/strong> A exposi\u00e7\u00e3o prolongada ao ar seco pode levar ao ressecamento da pele, que pode se tornar irritada e at\u00e9 racha.<\/li>\n<li><strong>Disfun\u00e7\u00f5es Respirat\u00f3rias:<\/strong> Pessoas com doen\u00e7as respirat\u00f3rias como asma ou bronquite podem ter sua condi\u00e7\u00e3o agravada devido \u00e0 baixa umidade, dificultando a respira\u00e7\u00e3o.<\/li>\n<\/ul>\n<h2>Cidades afetadas pelo alerta de baixa umidade<\/h2>\n<p>Como mencionado no alerta do INMET, a cidade de <strong>Americana<\/strong> e regi\u00f5es adjacentes como <strong>Campinas<\/strong> foram destacadas. Nessas \u00e1reas, os n\u00edveis de umidade est\u00e3o previstos para cair abaixo dos 30%, o que eleva os riscos \u00e0 sa\u00fade e potenciais inc\u00eandios. O aviso \u00e9 v\u00e1lido a partir das 10h do dia 3 de agosto de 2026 at\u00e9 as 21h do mesmo dia.<\/p>\n<h2>Dicas para lidar com o tempo seco<\/h2>\n<p>Adotar algumas medidas pode ajudar a mitigar os efeitos da baixa umidade e manter a sa\u00fade em dia:<\/p>\n<ul>\n<li><strong>Hidrata\u00e7\u00e3o Constante:<\/strong> Beber \u00e1gua ao longo do dia, mesmo que n\u00e3o sinta sede, ajuda a manter o corpo hidratado.<\/li>\n<li><strong>Uso de Umidificadores:<\/strong> Em casa ou no escrit\u00f3rio, o uso de umidificadores pode ajudar a aumentar a umidade do ar.<\/li>\n<li><strong>Atividades ao Ar Livre:<\/strong> Evitar realizar atividades f\u00edsicas ao ar livre entre 10h e 17h, quando os raios solares est\u00e3o mais intensos.<\/li>\n<li><strong>Banhos Frios:<\/strong> Tomar banhos mornos ou frios em vez de quentes pode ajudar a evitar o ressecamento da pele.<\/li>\n<li><strong>Evitar Aglomera\u00e7\u00f5es:<\/strong> Em ambientes fechados, evite grandes reuni\u00f5es, pois a umidade tende a ser ainda mais baixa dentro de estabelecimentos com ar condicionado.<\/li>\n<\/ul>\n<h2>A import\u00e2ncia da hidrata\u00e7\u00e3o em per\u00edodos de seca<\/h2>\n<p>Mantendo-se bem hidratado durante per\u00edodos de baixa umidade, voc\u00ea pode evitar problemas de sa\u00fade. O corpo humano \u00e9 composto majoritariamente por \u00e1gua, e a desidrata\u00e7\u00e3o pode levar a sintomas graves, como dores de cabe\u00e7a, cansa\u00e7o e at\u00e9 dist\u00farbios de humor. Para manter uma boa hidrata\u00e7\u00e3o, \u00e9 recomendado:<\/p>\n<ul>\n<li><strong>Beber pelo menos 2 litros de \u00e1gua por dia:<\/strong> A quantidade de \u00e1gua varia de acordo com a atividade f\u00edsica e as condi\u00e7\u00f5es ambientais.<\/li>\n<li><strong>Consumir frutas e verduras ricas em \u00e1gua:<\/strong> Alimentos como melancia, laranja e pepino ajudam a complementar a ingest\u00e3o de l\u00edquidos.<\/li>\n<li><strong>Evitar bebidas diur\u00e9ticas:<\/strong> \u00c9 importante moderar o consumo de \u00e1lcool e bebidas com cafe\u00edna, que podem aumentar a desidrata\u00e7\u00e3o.<\/li>\n<\/ul>\n<h2>Recomenda\u00e7\u00f5es da Defesa Civil<\/h2>\n<p>A Defesa Civil recomenda algumas pr\u00e1ticas para ajudar a lidar com as condi\u00e7\u00f5es de baixa umidade:<\/p>\n<ul>\n<li><strong>Bebidas Hidratantes:<\/strong> Como mencionado, beba bastante l\u00edquido.<\/li>\n<li><strong>Limite a Exposi\u00e7\u00e3o ao Sol:<\/strong> Fique longe da luz solar direta durante os momentos de maior calor.<\/li>\n<li><strong>Usar Protetor Solar:<\/strong> Apliquem protetores solares adequados para proteger a pele.<\/li>\n<li><strong>Evitar Agoniza\u00e7\u00f5es Prolongadas em Ambientes Fechados:<\/strong> Caso tenha ar condicionado, utilize-o moderadamente e mantenha sempre a casa ventilada.<\/li>\n<\/ul>\n<h2>O que fazer em caso de problemas respirat\u00f3rios?<\/h2>\n<p>Se problemas respirat\u00f3rios ocorrerem durante um alerta amarelo, as medidas a serem tomadas incluem:<\/p>\n<ul>\n<li><strong>Procurar Ajuda M\u00e9dica:<\/strong> Consultar um profissional de sa\u00fade ao notar dificuldade para respirar.<\/li>\n<li><strong>Uso de Medicamentos:<\/strong> Mantenha medicamentos prescritos para asma ou outras condi\u00e7\u00f5es sempre \u00e0 m\u00e3o.<\/li>\n<li><strong>Evitar Fuma\u00e7a e Polui\u00e7\u00e3o:<\/strong> Fique longe de locais com fuma\u00e7a de cigarro e outros poluentes.<\/li>\n<\/ul>\n<h2>Como prevenir inc\u00eandios florestais<\/h2>\n<p>A preven\u00e7\u00e3o de inc\u00eandios \u00e9 crucial, especialmente em per\u00edodos de baixa umidade. Algumas dicas incluem:<\/p>\n<ul>\n<li><strong>N\u00e3o Fazer Queimadas:<\/strong> Lembre-se de que as queimadas controladas nas \u00e1reas rurais podem rapidamente sair do controle sob baixas condi\u00e7\u00f5es de umidade.<\/li>\n<li><strong>Descarte de Lixo:<\/strong> N\u00e3o queime lixo como forma de descarte, prefira levar a locais apropriados de coleta.<\/li>\n<li><strong>Relatar Inc\u00eandios:<\/strong> Se notar fuma\u00e7a ou fogo, notifique imediatamente o Corpo de Bombeiros ou a Defesa Civil.<\/li>\n<\/ul>\n<h2>Mantenha sua casa saud\u00e1vel durante a seca<\/h2>\n<p>Para garantir um ambiente saud\u00e1vel em casa durante per\u00edodos secos, adote as seguintes pr\u00e1ticas:<\/p>\n<ul>\n<li><strong>Limpeza Regular:<\/strong> Utilize panos \u00famidos para limpar superf\u00edcies e evitar a acumula\u00e7\u00e3o de poeira.<\/li>\n<li><strong>Evitar Roupas Secas:<\/strong> Use roupas limpas e arejadas, e evite o uso excessivo de aquecedores.<\/li>\n<li><strong>Plantas Naturais:<\/strong> Ter plantas em casa n\u00e3o s\u00f3 ajuda na umidade, mas tamb\u00e9m melhora a qualidade do ar.<\/li>\n<li><strong>Aera\u00e7\u00e3o Frequente:<\/strong> Abra janelas e portas durante per\u00edodos mais frescos do dia para promover a circula\u00e7\u00e3o do ar.<\/li>\n<\/ul>\n<p>Ao seguir essas orienta\u00e7\u00f5es e ficar atento a alertas como o emitido pelo INMET, voc\u00ea pode proteger sua sa\u00fade e garantir o bem-estar durante condi\u00e7\u00f5es de seca e baixa umidade.<\/p>\n","protected":false},"excerpt":{"rendered":"<p>Alerta de umidade baixa em Americana e Campinas: prepare-se para o que vem pela frente.<\/p>\n","protected":false},"author":1,"featured_media":6904,"comment_status":"open","ping_status":"open","sticky":false,"template":"","format":"standard","meta":{"footnotes":""},"categories":[5],"tags":[],"class_list":["post-6905","post","type-post","status-publish","format-standard","has-post-thumbnail","hentry","category-noticias","has_thumb"],"yoast_head":"<!-- This site is optimized with the Yoast SEO plugin v27.6 - https:\/\/yoast.com\/product\/yoast-seo-wordpress\/ -->\n<title>Tempo muito seco: alerta amarelo atinge Americana (SP) e Campinas at\u00e9 segunda (3) | Guia Comercial de Americana SP<\/title>\n<meta name=\"robots\" content=\"index, follow, max-snippet:-1, max-image-preview:large, max-video-preview:-1\" \/>\n<link rel=\"canonical\" href=\"https:\/\/www.encontraamericana.com.br\/guia\/tempo-muito-seco-alerta-amarelo-atinge-americana-sp-e-campinas-ate-segunda-3\/\" \/>\n<meta property=\"og:locale\" content=\"pt_BR\" \/>\n<meta property=\"og:type\" content=\"article\" \/>\n<meta property=\"og:title\" content=\"Tempo muito seco: alerta amarelo atinge Americana (SP) e Campinas at\u00e9 segunda (3) | Guia Comercial de Americana SP\" \/>\n<meta property=\"og:description\" content=\"Alerta de umidade baixa em Americana e Campinas: prepare-se para o que vem pela frente.\" \/>\n<meta property=\"og:url\" content=\"https:\/\/www.encontraamericana.com.br\/guia\/tempo-muito-seco-alerta-amarelo-atinge-americana-sp-e-campinas-ate-segunda-3\/\" \/>\n<meta property=\"og:site_name\" content=\"Guia Comercial de Americana SP\" \/>\n<meta property=\"article:published_time\" content=\"2026-08-03T05:57:22+00:00\" \/>\n<meta property=\"og:image\" content=\"https:\/\/www.encontraamericana.com.br\/guia\/wp-content\/uploads\/2026\/08\/tempo-muito-seco-alerta-amarelo-atinge-americana-sp-e-campinas-ate-segunda-3.webp\" \/>\n<meta name=\"author\" content=\"Encontra Americana\" \/>\n<meta name=\"twitter:card\" content=\"summary_large_image\" \/>\n<meta name=\"twitter:label1\" content=\"Escrito por\" \/>\n\t<meta name=\"twitter:data1\" content=\"Encontra Americana\" \/>\n\t<meta name=\"twitter:label2\" content=\"Est. tempo de leitura\" \/>\n\t<meta name=\"twitter:data2\" content=\"5 minutos\" \/>\n<script type=\"application\/ld+json\" class=\"yoast-schema-graph\">{\"@context\":\"https:\\\/\\\/schema.org\",\"@graph\":[{\"@type\":\"Article\",\"@id\":\"https:\\\/\\\/www.encontraamericana.com.br\\\/guia\\\/tempo-muito-seco-alerta-amarelo-atinge-americana-sp-e-campinas-ate-segunda-3\\\/#article\",\"isPartOf\":{\"@id\":\"https:\\\/\\\/www.encontraamericana.com.br\\\/guia\\\/tempo-muito-seco-alerta-amarelo-atinge-americana-sp-e-campinas-ate-segunda-3\\\/\"},\"author\":{\"name\":\"Encontra Americana\",\"@id\":\"https:\\\/\\\/www.encontraamericana.com.br\\\/guia\\\/#\\\/schema\\\/person\\\/515cbc6082144e7445cab98211d14f9b\"},\"headline\":\"Tempo muito seco: alerta amarelo atinge Americana (SP) e Campinas at\u00e9 segunda (3)\",\"datePublished\":\"2026-08-03T05:57:22+00:00\",\"mainEntityOfPage\":{\"@id\":\"https:\\\/\\\/www.encontraamericana.com.br\\\/guia\\\/tempo-muito-seco-alerta-amarelo-atinge-americana-sp-e-campinas-ate-segunda-3\\\/\"},\"wordCount\":1035,\"commentCount\":0,\"image\":{\"@id\":\"https:\\\/\\\/www.encontraamericana.com.br\\\/guia\\\/tempo-muito-seco-alerta-amarelo-atinge-americana-sp-e-campinas-ate-segunda-3\\\/#primaryimage\"},\"thumbnailUrl\":\"https:\\\/\\\/www.encontraamericana.com.br\\\/guia\\\/wp-content\\\/uploads\\\/2026\\\/08\\\/tempo-muito-seco-alerta-amarelo-atinge-americana-sp-e-campinas-ate-segunda-3.webp\",\"articleSection\":[\"Not\u00edcias Americana\"],\"inLanguage\":\"pt-BR\",\"potentialAction\":[{\"@type\":\"CommentAction\",\"name\":\"Comment\",\"target\":[\"https:\\\/\\\/www.encontraamericana.com.br\\\/guia\\\/tempo-muito-seco-alerta-amarelo-atinge-americana-sp-e-campinas-ate-segunda-3\\\/#respond\"]}]},{\"@type\":\"WebPage\",\"@id\":\"https:\\\/\\\/www.encontraamericana.com.br\\\/guia\\\/tempo-muito-seco-alerta-amarelo-atinge-americana-sp-e-campinas-ate-segunda-3\\\/\",\"url\":\"https:\\\/\\\/www.encontraamericana.com.br\\\/guia\\\/tempo-muito-seco-alerta-amarelo-atinge-americana-sp-e-campinas-ate-segunda-3\\\/\",\"name\":\"Tempo muito seco: alerta amarelo atinge Americana (SP) e Campinas at\u00e9 segunda (3) | Guia Comercial de Americana SP\",\"isPartOf\":{\"@id\":\"https:\\\/\\\/www.encontraamericana.com.br\\\/guia\\\/#website\"},\"primaryImageOfPage\":{\"@id\":\"https:\\\/\\\/www.encontraamericana.com.br\\\/guia\\\/tempo-muito-seco-alerta-amarelo-atinge-americana-sp-e-campinas-ate-segunda-3\\\/#primaryimage\"},\"image\":{\"@id\":\"https:\\\/\\\/www.encontraamericana.com.br\\\/guia\\\/tempo-muito-seco-alerta-amarelo-atinge-americana-sp-e-campinas-ate-segunda-3\\\/#primaryimage\"},\"thumbnailUrl\":\"https:\\\/\\\/www.encontraamericana.com.br\\\/guia\\\/wp-content\\\/uploads\\\/2026\\\/08\\\/tempo-muito-seco-alerta-amarelo-atinge-americana-sp-e-campinas-ate-segunda-3.webp\",\"datePublished\":\"2026-08-03T05:57:22+00:00\",\"author\":{\"@id\":\"https:\\\/\\\/www.encontraamericana.com.br\\\/guia\\\/#\\\/schema\\\/person\\\/515cbc6082144e7445cab98211d14f9b\"},\"inLanguage\":\"pt-BR\",\"potentialAction\":[{\"@type\":\"ReadAction\",\"target\":[\"https:\\\/\\\/www.encontraamericana.com.br\\\/guia\\\/tempo-muito-seco-alerta-amarelo-atinge-americana-sp-e-campinas-ate-segunda-3\\\/\"]}]},{\"@type\":\"ImageObject\",\"inLanguage\":\"pt-BR\",\"@id\":\"https:\\\/\\\/www.encontraamericana.com.br\\\/guia\\\/tempo-muito-seco-alerta-amarelo-atinge-americana-sp-e-campinas-ate-segunda-3\\\/#primaryimage\",\"url\":\"https:\\\/\\\/www.encontraamericana.com.br\\\/guia\\\/wp-content\\\/uploads\\\/2026\\\/08\\\/tempo-muito-seco-alerta-amarelo-atinge-americana-sp-e-campinas-ate-segunda-3.webp\",\"contentUrl\":\"https:\\\/\\\/www.encontraamericana.com.br\\\/guia\\\/wp-content\\\/uploads\\\/2026\\\/08\\\/tempo-muito-seco-alerta-amarelo-atinge-americana-sp-e-campinas-ate-segunda-3.webp\",\"width\":280,\"height\":280,\"caption\":\"alerta amarelo\"},{\"@type\":\"WebSite\",\"@id\":\"https:\\\/\\\/www.encontraamericana.com.br\\\/guia\\\/#website\",\"url\":\"https:\\\/\\\/www.encontraamericana.com.br\\\/guia\\\/\",\"name\":\"Guia Comercial de Americana SP\",\"description\":\"ENCONTRA AMERICANA - O guia comercial de neg\u00f3cios e empresas, cultura e divers\u00e3o na cidade de Americana. Feito 100% para voc\u00ea morador!\",\"potentialAction\":[{\"@type\":\"SearchAction\",\"target\":{\"@type\":\"EntryPoint\",\"urlTemplate\":\"https:\\\/\\\/www.encontraamericana.com.br\\\/guia\\\/?s={search_term_string}\"},\"query-input\":{\"@type\":\"PropertyValueSpecification\",\"valueRequired\":true,\"valueName\":\"search_term_string\"}}],\"inLanguage\":\"pt-BR\"},{\"@type\":\"Person\",\"@id\":\"https:\\\/\\\/www.encontraamericana.com.br\\\/guia\\\/#\\\/schema\\\/person\\\/515cbc6082144e7445cab98211d14f9b\",\"name\":\"Encontra Americana\",\"image\":{\"@type\":\"ImageObject\",\"inLanguage\":\"pt-BR\",\"@id\":\"https:\\\/\\\/secure.gravatar.com\\\/avatar\\\/c50c17820bcf322f0a8fd6b110b8c0918141409dc69076470f6fca5fee70a5d4?s=96&d=mm&r=g\",\"url\":\"https:\\\/\\\/secure.gravatar.com\\\/avatar\\\/c50c17820bcf322f0a8fd6b110b8c0918141409dc69076470f6fca5fee70a5d4?s=96&d=mm&r=g\",\"contentUrl\":\"https:\\\/\\\/secure.gravatar.com\\\/avatar\\\/c50c17820bcf322f0a8fd6b110b8c0918141409dc69076470f6fca5fee70a5d4?s=96&d=mm&r=g\",\"caption\":\"Encontra Americana\"},\"url\":\"https:\\\/\\\/www.encontraamericana.com.br\\\/guia\\\/author\\\/encontraamericana\\\/\"}]}<\/script>\n<!-- \/ Yoast SEO plugin. -->","yoast_head_json":{"title":"Tempo muito seco: alerta amarelo atinge Americana (SP) e Campinas at\u00e9 segunda (3) | Guia Comercial de Americana SP","robots":{"index":"index","follow":"follow","max-snippet":"max-snippet:-1","max-image-preview":"max-image-preview:large","max-video-preview":"max-video-preview:-1"},"canonical":"https:\/\/www.encontraamericana.com.br\/guia\/tempo-muito-seco-alerta-amarelo-atinge-americana-sp-e-campinas-ate-segunda-3\/","og_locale":"pt_BR","og_type":"article","og_title":"Tempo muito seco: alerta amarelo atinge Americana (SP) e Campinas at\u00e9 segunda (3) | Guia Comercial de Americana SP","og_description":"Alerta de umidade baixa em Americana e Campinas: prepare-se para o que vem pela frente.","og_url":"https:\/\/www.encontraamericana.com.br\/guia\/tempo-muito-seco-alerta-amarelo-atinge-americana-sp-e-campinas-ate-segunda-3\/","og_site_name":"Guia Comercial de Americana SP","article_published_time":"2026-08-03T05:57:22+00:00","og_image":[{"url":"https:\/\/www.encontraamericana.com.br\/guia\/wp-content\/uploads\/2026\/08\/tempo-muito-seco-alerta-amarelo-atinge-americana-sp-e-campinas-ate-segunda-3.webp","type":"","width":"","height":""}],"author":"Encontra Americana","twitter_card":"summary_large_image","twitter_misc":{"Escrito por":"Encontra Americana","Est. tempo de leitura":"5 minutos"},"schema":{"@context":"https:\/\/schema.org","@graph":[{"@type":"Article","@id":"https:\/\/www.encontraamericana.com.br\/guia\/tempo-muito-seco-alerta-amarelo-atinge-americana-sp-e-campinas-ate-segunda-3\/#article","isPartOf":{"@id":"https:\/\/www.encontraamericana.com.br\/guia\/tempo-muito-seco-alerta-amarelo-atinge-americana-sp-e-campinas-ate-segunda-3\/"},"author":{"name":"Encontra Americana","@id":"https:\/\/www.encontraamericana.com.br\/guia\/#\/schema\/person\/515cbc6082144e7445cab98211d14f9b"},"headline":"Tempo muito seco: alerta amarelo atinge Americana (SP) e Campinas at\u00e9 segunda (3)","datePublished":"2026-08-03T05:57:22+00:00","mainEntityOfPage":{"@id":"https:\/\/www.encontraamericana.com.br\/guia\/tempo-muito-seco-alerta-amarelo-atinge-americana-sp-e-campinas-ate-segunda-3\/"},"wordCount":1035,"commentCount":0,"image":{"@id":"https:\/\/www.encontraamericana.com.br\/guia\/tempo-muito-seco-alerta-amarelo-atinge-americana-sp-e-campinas-ate-segunda-3\/#primaryimage"},"thumbnailUrl":"https:\/\/www.encontraamericana.com.br\/guia\/wp-content\/uploads\/2026\/08\/tempo-muito-seco-alerta-amarelo-atinge-americana-sp-e-campinas-ate-segunda-3.webp","articleSection":["Not\u00edcias Americana"],"inLanguage":"pt-BR","potentialAction":[{"@type":"CommentAction","name":"Comment","target":["https:\/\/www.encontraamericana.com.br\/guia\/tempo-muito-seco-alerta-amarelo-atinge-americana-sp-e-campinas-ate-segunda-3\/#respond"]}]},{"@type":"WebPage","@id":"https:\/\/www.encontraamericana.com.br\/guia\/tempo-muito-seco-alerta-amarelo-atinge-americana-sp-e-campinas-ate-segunda-3\/","url":"https:\/\/www.encontraamericana.com.br\/guia\/tempo-muito-seco-alerta-amarelo-atinge-americana-sp-e-campinas-ate-segunda-3\/","name":"Tempo muito seco: alerta amarelo atinge Americana (SP) e Campinas at\u00e9 segunda (3) | Guia Comercial de Americana SP","isPartOf":{"@id":"https:\/\/www.encontraamericana.com.br\/guia\/#website"},"primaryImageOfPage":{"@id":"https:\/\/www.encontraamericana.com.br\/guia\/tempo-muito-seco-alerta-amarelo-atinge-americana-sp-e-campinas-ate-segunda-3\/#primaryimage"},"image":{"@id":"https:\/\/www.encontraamericana.com.br\/guia\/tempo-muito-seco-alerta-amarelo-atinge-americana-sp-e-campinas-ate-segunda-3\/#primaryimage"},"thumbnailUrl":"https:\/\/www.encontraamericana.com.br\/guia\/wp-content\/uploads\/2026\/08\/tempo-muito-seco-alerta-amarelo-atinge-americana-sp-e-campinas-ate-segunda-3.webp","datePublished":"2026-08-03T05:57:22+00:00","author":{"@id":"https:\/\/www.encontraamericana.com.br\/guia\/#\/schema\/person\/515cbc6082144e7445cab98211d14f9b"},"inLanguage":"pt-BR","potentialAction":[{"@type":"ReadAction","target":["https:\/\/www.encontraamericana.com.br\/guia\/tempo-muito-seco-alerta-amarelo-atinge-americana-sp-e-campinas-ate-segunda-3\/"]}]},{"@type":"ImageObject","inLanguage":"pt-BR","@id":"https:\/\/www.encontraamericana.com.br\/guia\/tempo-muito-seco-alerta-amarelo-atinge-americana-sp-e-campinas-ate-segunda-3\/#primaryimage","url":"https:\/\/www.encontraamericana.com.br\/guia\/wp-content\/uploads\/2026\/08\/tempo-muito-seco-alerta-amarelo-atinge-americana-sp-e-campinas-ate-segunda-3.webp","contentUrl":"https:\/\/www.encontraamericana.com.br\/guia\/wp-content\/uploads\/2026\/08\/tempo-muito-seco-alerta-amarelo-atinge-americana-sp-e-campinas-ate-segunda-3.webp","width":280,"height":280,"caption":"alerta amarelo"},{"@type":"WebSite","@id":"https:\/\/www.encontraamericana.com.br\/guia\/#website","url":"https:\/\/www.encontraamericana.com.br\/guia\/","name":"Guia Comercial de Americana SP","description":"ENCONTRA AMERICANA - O guia comercial de neg\u00f3cios e empresas, cultura e divers\u00e3o na cidade de Americana. Feito 100% para voc\u00ea morador!","potentialAction":[{"@type":"SearchAction","target":{"@type":"EntryPoint","urlTemplate":"https:\/\/www.encontraamericana.com.br\/guia\/?s={search_term_string}"},"query-input":{"@type":"PropertyValueSpecification","valueRequired":true,"valueName":"search_term_string"}}],"inLanguage":"pt-BR"},{"@type":"Person","@id":"https:\/\/www.encontraamericana.com.br\/guia\/#\/schema\/person\/515cbc6082144e7445cab98211d14f9b","name":"Encontra Americana","image":{"@type":"ImageObject","inLanguage":"pt-BR","@id":"https:\/\/secure.gravatar.com\/avatar\/c50c17820bcf322f0a8fd6b110b8c0918141409dc69076470f6fca5fee70a5d4?s=96&d=mm&r=g","url":"https:\/\/secure.gravatar.com\/avatar\/c50c17820bcf322f0a8fd6b110b8c0918141409dc69076470f6fca5fee70a5d4?s=96&d=mm&r=g","contentUrl":"https:\/\/secure.gravatar.com\/avatar\/c50c17820bcf322f0a8fd6b110b8c0918141409dc69076470f6fca5fee70a5d4?s=96&d=mm&r=g","caption":"Encontra Americana"},"url":"https:\/\/www.encontraamericana.com.br\/guia\/author\/encontraamericana\/"}]}},"_links":{"self":[{"href":"https:\/\/www.encontraamericana.com.br\/guia\/wp-json\/wp\/v2\/posts\/6905","targetHints":{"allow":["GET"]}}],"collection":[{"href":"https:\/\/www.encontraamericana.com.br\/guia\/wp-json\/wp\/v2\/posts"}],"about":[{"href":"https:\/\/www.encontraamericana.com.br\/guia\/wp-json\/wp\/v2\/types\/post"}],"author":[{"embeddable":true,"href":"https:\/\/www.encontraamericana.com.br\/guia\/wp-json\/wp\/v2\/users\/1"}],"replies":[{"embeddable":true,"href":"https:\/\/www.encontraamericana.com.br\/guia\/wp-json\/wp\/v2\/comments?post=6905"}],"version-history":[{"count":0,"href":"https:\/\/www.encontraamericana.com.br\/guia\/wp-json\/wp\/v2\/posts\/6905\/revisions"}],"wp:featuredmedia":[{"embeddable":true,"href":"https:\/\/www.encontraamericana.com.br\/guia\/wp-json\/wp\/v2\/media\/6904"}],"wp:attachment":[{"href":"https:\/\/www.encontraamericana.com.br\/guia\/wp-json\/wp\/v2\/media?parent=6905"}],"wp:term":[{"taxonomy":"category","embeddable":true,"href":"https:\/\/www.encontraamericana.com.br\/guia\/wp-json\/wp\/v2\/categories?post=6905"},{"taxonomy":"post_tag","embeddable":true,"href":"https:\/\/www.encontraamericana.com.br\/guia\/wp-json\/wp\/v2\/tags?post=6905"}],"curies":[{"name":"wp","href":"https:\/\/api.w.org\/{rel}","templated":true}]}}