{"id":6907,"date":"2026-08-03T02:58:20","date_gmt":"2026-08-03T05:58:20","guid":{"rendered":"https:\/\/www.encontraamericana.com.br\/guia\/prefeitura-abre-inscricoes-para-editais-da-politica-nacional-aldir-blanc-com-r-1-milhao-em-recursos\/"},"modified":"2026-08-03T02:58:20","modified_gmt":"2026-08-03T05:58:20","slug":"prefeitura-abre-inscricoes-para-editais-da-politica-nacional-aldir-blanc-com-r-1-milhao-em-recursos","status":"publish","type":"post","link":"https:\/\/www.encontraamericana.com.br\/guia\/prefeitura-abre-inscricoes-para-editais-da-politica-nacional-aldir-blanc-com-r-1-milhao-em-recursos\/","title":{"rendered":"Prefeitura abre inscri\u00e7\u00f5es para editais da Pol\u00edtica Nacional Aldir Blanc com R$ 1 milh\u00e3o em recursos"},"content":{"rendered":"<h2>O que \u00e9 a Pol\u00edtica Nacional Aldir Blanc?<\/h2>\n<p>A Pol\u00edtica Nacional Aldir Blanc \u00e9 uma iniciativa governamental que visa o incentivo e a promo\u00e7\u00e3o da cultura no Brasil. Estabelecida pela <strong>Lei Federal n\u00ba 14.399\/2022<\/strong>, essa pol\u00edtica busca criar mecanismos de apoio financeiro para artistas e produtores culturais, especialmente em per\u00edodos de adversidade, como a pandemia da COVID-19. O objetivo principal \u00e9 assegurar que os trabalhadores da cultura tenham condi\u00e7\u00f5es de desenvolver seus projetos e manter suas atividades.<\/p>\n<h2>Como funcionam os editais de fomento cultural?<\/h2>\n<p>Os editais de fomento cultural s\u00e3o ferramentas que possibilitam o acesso a recursos financeiros para a realiza\u00e7\u00e3o de projetos art\u00edsticos e culturais. Atrav\u00e9s desses editais, a administra\u00e7\u00e3o p\u00fablica convoca artistas, grupos e institui\u00e7\u00f5es a submeterem propostas que podem ser selecionadas para receber apoio financeiro. Cada edital tem suas especificidades quanto a categorias, valores dispon\u00edveis e crit\u00e9rios de sele\u00e7\u00e3o, visando atender \u00e0 diversidade cultural do pa\u00eds.<\/p>\n<h2>Detalhes das inscri\u00e7\u00f5es e prazos<\/h2>\n<p>As inscri\u00e7\u00f5es para os editais da Pol\u00edtica Nacional Aldir Blanc s\u00e3o abertas pela Secretaria de Cultura e Turismo e geralmente s\u00e3o divulgadas por meio de publica\u00e7\u00f5es em jornais oficiais e nas plataformas digitais da prefeitura. \u00c9 importante ressaltar que as inscri\u00e7\u00f5es t\u00eam prazos espec\u00edficos, que precisam ser respeitados pelos interessados. No caso da cidade de Americana, as inscri\u00e7\u00f5es para os editais relativos a este programa come\u00e7aram em <strong>27 de julho de 2026<\/strong> e v\u00e3o at\u00e9 <strong>25 de agosto de 2026<\/strong>. Para realizar a inscri\u00e7\u00e3o, os interessados devem acessar o site da prefeitura e seguir as orienta\u00e7\u00f5es dispon\u00edveis.<\/p>\n<p><img decoding=\"async\" src=\"https:\/\/www.encontraamericana.com.br\/guia\/wp-content\/uploads\/2026\/08\/prefeitura-abre-inscricoes-para-editais-da-politica-nacional-aldir-blanc-com-r-1-milhao-em-recursos.webp\" alt=\"editais da Pol\u00edtica Nacional Aldir Blanc\" loading=\"lazy\" \/><\/p>\n<h2>Crit\u00e9rios de participa\u00e7\u00e3o para artistas<\/h2>\n<p>Para se inscrever nos editais, os artistas e coletivos precisam cumprir requisitos determinados, como ter um registro v\u00e1lido no Cadastro de Agentes Culturais de Americana. Al\u00e9m disso, \u00e9 necess\u00e1rio que as propostas apresentem clareza em suas realiza\u00e7\u00f5es, impacto na sociedade e viabilidade de execu\u00e7\u00e3o. Os crit\u00e9rios espec\u00edficos est\u00e3o detalhados no edital, e todos os interessados devem consultar essa documenta\u00e7\u00e3o antes de submeter suas propostas.<\/p>\n<h2>O que est\u00e1 incluso nos editais?<\/h2>\n<p>Os editais da Pol\u00edtica Nacional Aldir Blanc abrangem diversas \u00e1reas culturais e art\u00edstica. No caso da cidade de Americana, os editais disponibilizam, por exemplo, mais de <strong>R$ 1 milh\u00e3o<\/strong> para diferentes tipos de projetos. O formato de apoio pode incluir desde subs\u00eddios para a produ\u00e7\u00e3o de espet\u00e1culos, exposi\u00e7\u00f5es, at\u00e9 a\u00e7\u00f5es de educa\u00e7\u00e3o e forma\u00e7\u00e3o cultural. Cada edital define claramente o montante dispon\u00edvel, a quantidade de projetos a serem selecionados e outras condi\u00e7\u00f5es espec\u00edficas.<\/p>\n<h2>Import\u00e2ncia do fomento \u00e0 cultura local<\/h2>\n<p>O fomento cultural \u00e9 essencial para a preserva\u00e7\u00e3o da identidade local e o fortalecimento da economia criativa. Ao incentivar a produ\u00e7\u00e3o cultural, a pol\u00edtica n\u00e3o apenas apoia artistas e coletivos, mas tamb\u00e9m promove o acesso \u00e0 cultura para a popula\u00e7\u00e3o em geral. Al\u00e9m disso, a valoriza\u00e7\u00e3o da cultura local estimula o turismo e contribui para a gera\u00e7\u00e3o de empregos na \u00e1rea cultural e em setores afins, como o com\u00e9rcio e a hotelaria.<\/p>\n<h2>Como se cadastrar no site da Prefeitura?<\/h2>\n<p>Para participar dos editais, os artistas devem se cadastrar no <strong>Cadastro de Agentes Culturais<\/strong> oferecido pela Prefeitura de Americana. O processo geralmente envolve a apresenta\u00e7\u00e3o de documentos pessoais, uma descri\u00e7\u00e3o detalhada da atividade cultural proposta e, em alguns casos, o envio de portf\u00f3lio ou evid\u00eancias de trabalhos anteriores. O cadastro pode ser feito de forma online, facilitando o acesso e a participa\u00e7\u00e3o de todos os interessados.<\/p>\n<h2>D\u00favidas comuns sobre os editais<\/h2>\n<p>\u00c9 comum que surgam d\u00favidas relacionadas aos editais, como quest\u00f5es sobre a elegibilidade, documenta\u00e7\u00e3o necess\u00e1ria e prazos. Os editais em si devem conter um FAQ com informa\u00e7\u00f5es detalhadas, mas em caso de d\u00favidas adicionais, os interessados podem entrar em contato diretamente com a Secretaria de Cultura e Turismo pelo e-mail ou telefone disponibilizados no site da prefeitura.<\/p>\n<h2>O papel da Secretaria de Cultura e Turismo<\/h2>\n<p>A Secretaria de Cultura e Turismo desempenha um papel vital na implementa\u00e7\u00e3o e acompanhamento dos editais da Pol\u00edtica Nacional Aldir Blanc. Al\u00e9m de promover a divulga\u00e7\u00e3o das oportunidades, a Secretaria \u00e9 respons\u00e1vel pela an\u00e1lise das propostas, acompanhamento da execu\u00e7\u00e3o dos projetos e presta\u00e7\u00e3o de contas dos recursos investidos. O trabalho deles garante que os objetivos da pol\u00edtica sejam cumpridos e que os recursos cheguem a quem realmente necessita.<\/p>\n<h2>Impacto dos projetos culturais em Americana<\/h2>\n<p>Os projetos culturais selecionados atrav\u00e9s dos editais n\u00e3o apenas enriquecem a cena art\u00edstica da cidade de Americana, mas tamb\u00e9m t\u00eam um impacto direto na comunidade. Iniciativas culturais promovem a inclus\u00e3o social, trazem forma\u00e7\u00e3o e educa\u00e7\u00e3o nas mais diversas \u00e1reas art\u00edsticas, e estimulam o fortalecimento do senso de pertencimento e identidade local. Ao investir em cultura, a cidade consolida seu papel como um espa\u00e7o vital para a produ\u00e7\u00e3o cultural no Brasil.<\/p>\n","protected":false},"excerpt":{"rendered":"<p>Prefeitura abre editais da Pol\u00edtica Nacional Aldir Blanc com R$ 1 milh\u00e3o em recursos para cultural.<\/p>\n","protected":false},"author":1,"featured_media":6906,"comment_status":"open","ping_status":"open","sticky":false,"template":"","format":"standard","meta":{"footnotes":""},"categories":[5],"tags":[],"class_list":["post-6907","post","type-post","status-publish","format-standard","has-post-thumbnail","hentry","category-noticias","has_thumb"],"yoast_head":"<!-- This site is optimized with the Yoast SEO plugin v27.6 - https:\/\/yoast.com\/product\/yoast-seo-wordpress\/ -->\n<title>Prefeitura abre inscri\u00e7\u00f5es para editais da Pol\u00edtica Nacional Aldir Blanc com R$ 1 milh\u00e3o em recursos | Guia Comercial de Americana SP<\/title>\n<meta name=\"robots\" content=\"index, follow, max-snippet:-1, max-image-preview:large, max-video-preview:-1\" \/>\n<link rel=\"canonical\" href=\"https:\/\/www.encontraamericana.com.br\/guia\/prefeitura-abre-inscricoes-para-editais-da-politica-nacional-aldir-blanc-com-r-1-milhao-em-recursos\/\" \/>\n<meta property=\"og:locale\" content=\"pt_BR\" \/>\n<meta property=\"og:type\" content=\"article\" \/>\n<meta property=\"og:title\" content=\"Prefeitura abre inscri\u00e7\u00f5es para editais da Pol\u00edtica Nacional Aldir Blanc com R$ 1 milh\u00e3o em recursos | Guia Comercial de Americana SP\" \/>\n<meta property=\"og:description\" content=\"Prefeitura abre editais da Pol\u00edtica Nacional Aldir Blanc com R$ 1 milh\u00e3o em recursos para cultural.\" \/>\n<meta property=\"og:url\" content=\"https:\/\/www.encontraamericana.com.br\/guia\/prefeitura-abre-inscricoes-para-editais-da-politica-nacional-aldir-blanc-com-r-1-milhao-em-recursos\/\" \/>\n<meta property=\"og:site_name\" content=\"Guia Comercial de Americana SP\" \/>\n<meta property=\"article:published_time\" content=\"2026-08-03T05:58:20+00:00\" \/>\n<meta property=\"og:image\" content=\"https:\/\/www.encontraamericana.com.br\/guia\/wp-content\/uploads\/2026\/08\/prefeitura-abre-inscricoes-para-editais-da-politica-nacional-aldir-blanc-com-r-1-milhao-em-recursos.webp\" \/>\n<meta name=\"author\" content=\"Encontra Americana\" \/>\n<meta name=\"twitter:card\" content=\"summary_large_image\" \/>\n<meta name=\"twitter:label1\" content=\"Escrito por\" \/>\n\t<meta name=\"twitter:data1\" content=\"Encontra Americana\" \/>\n\t<meta name=\"twitter:label2\" content=\"Est. tempo de leitura\" \/>\n\t<meta name=\"twitter:data2\" content=\"4 minutos\" \/>\n<script type=\"application\/ld+json\" class=\"yoast-schema-graph\">{\"@context\":\"https:\\\/\\\/schema.org\",\"@graph\":[{\"@type\":\"Article\",\"@id\":\"https:\\\/\\\/www.encontraamericana.com.br\\\/guia\\\/prefeitura-abre-inscricoes-para-editais-da-politica-nacional-aldir-blanc-com-r-1-milhao-em-recursos\\\/#article\",\"isPartOf\":{\"@id\":\"https:\\\/\\\/www.encontraamericana.com.br\\\/guia\\\/prefeitura-abre-inscricoes-para-editais-da-politica-nacional-aldir-blanc-com-r-1-milhao-em-recursos\\\/\"},\"author\":{\"name\":\"Encontra Americana\",\"@id\":\"https:\\\/\\\/www.encontraamericana.com.br\\\/guia\\\/#\\\/schema\\\/person\\\/515cbc6082144e7445cab98211d14f9b\"},\"headline\":\"Prefeitura abre inscri\u00e7\u00f5es para editais da Pol\u00edtica Nacional Aldir Blanc com R$ 1 milh\u00e3o em recursos\",\"datePublished\":\"2026-08-03T05:58:20+00:00\",\"mainEntityOfPage\":{\"@id\":\"https:\\\/\\\/www.encontraamericana.com.br\\\/guia\\\/prefeitura-abre-inscricoes-para-editais-da-politica-nacional-aldir-blanc-com-r-1-milhao-em-recursos\\\/\"},\"wordCount\":864,\"commentCount\":0,\"image\":{\"@id\":\"https:\\\/\\\/www.encontraamericana.com.br\\\/guia\\\/prefeitura-abre-inscricoes-para-editais-da-politica-nacional-aldir-blanc-com-r-1-milhao-em-recursos\\\/#primaryimage\"},\"thumbnailUrl\":\"https:\\\/\\\/www.encontraamericana.com.br\\\/guia\\\/wp-content\\\/uploads\\\/2026\\\/08\\\/prefeitura-abre-inscricoes-para-editais-da-politica-nacional-aldir-blanc-com-r-1-milhao-em-recursos.webp\",\"articleSection\":[\"Not\u00edcias Americana\"],\"inLanguage\":\"pt-BR\",\"potentialAction\":[{\"@type\":\"CommentAction\",\"name\":\"Comment\",\"target\":[\"https:\\\/\\\/www.encontraamericana.com.br\\\/guia\\\/prefeitura-abre-inscricoes-para-editais-da-politica-nacional-aldir-blanc-com-r-1-milhao-em-recursos\\\/#respond\"]}]},{\"@type\":\"WebPage\",\"@id\":\"https:\\\/\\\/www.encontraamericana.com.br\\\/guia\\\/prefeitura-abre-inscricoes-para-editais-da-politica-nacional-aldir-blanc-com-r-1-milhao-em-recursos\\\/\",\"url\":\"https:\\\/\\\/www.encontraamericana.com.br\\\/guia\\\/prefeitura-abre-inscricoes-para-editais-da-politica-nacional-aldir-blanc-com-r-1-milhao-em-recursos\\\/\",\"name\":\"Prefeitura abre inscri\u00e7\u00f5es para editais da Pol\u00edtica Nacional Aldir Blanc com R$ 1 milh\u00e3o em recursos | Guia Comercial de Americana SP\",\"isPartOf\":{\"@id\":\"https:\\\/\\\/www.encontraamericana.com.br\\\/guia\\\/#website\"},\"primaryImageOfPage\":{\"@id\":\"https:\\\/\\\/www.encontraamericana.com.br\\\/guia\\\/prefeitura-abre-inscricoes-para-editais-da-politica-nacional-aldir-blanc-com-r-1-milhao-em-recursos\\\/#primaryimage\"},\"image\":{\"@id\":\"https:\\\/\\\/www.encontraamericana.com.br\\\/guia\\\/prefeitura-abre-inscricoes-para-editais-da-politica-nacional-aldir-blanc-com-r-1-milhao-em-recursos\\\/#primaryimage\"},\"thumbnailUrl\":\"https:\\\/\\\/www.encontraamericana.com.br\\\/guia\\\/wp-content\\\/uploads\\\/2026\\\/08\\\/prefeitura-abre-inscricoes-para-editais-da-politica-nacional-aldir-blanc-com-r-1-milhao-em-recursos.webp\",\"datePublished\":\"2026-08-03T05:58:20+00:00\",\"author\":{\"@id\":\"https:\\\/\\\/www.encontraamericana.com.br\\\/guia\\\/#\\\/schema\\\/person\\\/515cbc6082144e7445cab98211d14f9b\"},\"inLanguage\":\"pt-BR\",\"potentialAction\":[{\"@type\":\"ReadAction\",\"target\":[\"https:\\\/\\\/www.encontraamericana.com.br\\\/guia\\\/prefeitura-abre-inscricoes-para-editais-da-politica-nacional-aldir-blanc-com-r-1-milhao-em-recursos\\\/\"]}]},{\"@type\":\"ImageObject\",\"inLanguage\":\"pt-BR\",\"@id\":\"https:\\\/\\\/www.encontraamericana.com.br\\\/guia\\\/prefeitura-abre-inscricoes-para-editais-da-politica-nacional-aldir-blanc-com-r-1-milhao-em-recursos\\\/#primaryimage\",\"url\":\"https:\\\/\\\/www.encontraamericana.com.br\\\/guia\\\/wp-content\\\/uploads\\\/2026\\\/08\\\/prefeitura-abre-inscricoes-para-editais-da-politica-nacional-aldir-blanc-com-r-1-milhao-em-recursos.webp\",\"contentUrl\":\"https:\\\/\\\/www.encontraamericana.com.br\\\/guia\\\/wp-content\\\/uploads\\\/2026\\\/08\\\/prefeitura-abre-inscricoes-para-editais-da-politica-nacional-aldir-blanc-com-r-1-milhao-em-recursos.webp\",\"width\":280,\"height\":280,\"caption\":\"editais da Pol\u00edtica Nacional Aldir Blanc\"},{\"@type\":\"WebSite\",\"@id\":\"https:\\\/\\\/www.encontraamericana.com.br\\\/guia\\\/#website\",\"url\":\"https:\\\/\\\/www.encontraamericana.com.br\\\/guia\\\/\",\"name\":\"Guia Comercial de Americana SP\",\"description\":\"ENCONTRA AMERICANA - O guia comercial de neg\u00f3cios e empresas, cultura e divers\u00e3o na cidade de Americana. Feito 100% para voc\u00ea morador!\",\"potentialAction\":[{\"@type\":\"SearchAction\",\"target\":{\"@type\":\"EntryPoint\",\"urlTemplate\":\"https:\\\/\\\/www.encontraamericana.com.br\\\/guia\\\/?s={search_term_string}\"},\"query-input\":{\"@type\":\"PropertyValueSpecification\",\"valueRequired\":true,\"valueName\":\"search_term_string\"}}],\"inLanguage\":\"pt-BR\"},{\"@type\":\"Person\",\"@id\":\"https:\\\/\\\/www.encontraamericana.com.br\\\/guia\\\/#\\\/schema\\\/person\\\/515cbc6082144e7445cab98211d14f9b\",\"name\":\"Encontra Americana\",\"image\":{\"@type\":\"ImageObject\",\"inLanguage\":\"pt-BR\",\"@id\":\"https:\\\/\\\/secure.gravatar.com\\\/avatar\\\/c50c17820bcf322f0a8fd6b110b8c0918141409dc69076470f6fca5fee70a5d4?s=96&d=mm&r=g\",\"url\":\"https:\\\/\\\/secure.gravatar.com\\\/avatar\\\/c50c17820bcf322f0a8fd6b110b8c0918141409dc69076470f6fca5fee70a5d4?s=96&d=mm&r=g\",\"contentUrl\":\"https:\\\/\\\/secure.gravatar.com\\\/avatar\\\/c50c17820bcf322f0a8fd6b110b8c0918141409dc69076470f6fca5fee70a5d4?s=96&d=mm&r=g\",\"caption\":\"Encontra Americana\"},\"url\":\"https:\\\/\\\/www.encontraamericana.com.br\\\/guia\\\/author\\\/encontraamericana\\\/\"}]}<\/script>\n<!-- \/ Yoast SEO plugin. -->","yoast_head_json":{"title":"Prefeitura abre inscri\u00e7\u00f5es para editais da Pol\u00edtica Nacional Aldir Blanc com R$ 1 milh\u00e3o em recursos | Guia Comercial de Americana SP","robots":{"index":"index","follow":"follow","max-snippet":"max-snippet:-1","max-image-preview":"max-image-preview:large","max-video-preview":"max-video-preview:-1"},"canonical":"https:\/\/www.encontraamericana.com.br\/guia\/prefeitura-abre-inscricoes-para-editais-da-politica-nacional-aldir-blanc-com-r-1-milhao-em-recursos\/","og_locale":"pt_BR","og_type":"article","og_title":"Prefeitura abre inscri\u00e7\u00f5es para editais da Pol\u00edtica Nacional Aldir Blanc com R$ 1 milh\u00e3o em recursos | Guia Comercial de Americana SP","og_description":"Prefeitura abre editais da Pol\u00edtica Nacional Aldir Blanc com R$ 1 milh\u00e3o em recursos para cultural.","og_url":"https:\/\/www.encontraamericana.com.br\/guia\/prefeitura-abre-inscricoes-para-editais-da-politica-nacional-aldir-blanc-com-r-1-milhao-em-recursos\/","og_site_name":"Guia Comercial de Americana SP","article_published_time":"2026-08-03T05:58:20+00:00","og_image":[{"url":"https:\/\/www.encontraamericana.com.br\/guia\/wp-content\/uploads\/2026\/08\/prefeitura-abre-inscricoes-para-editais-da-politica-nacional-aldir-blanc-com-r-1-milhao-em-recursos.webp","type":"","width":"","height":""}],"author":"Encontra Americana","twitter_card":"summary_large_image","twitter_misc":{"Escrito por":"Encontra Americana","Est. tempo de leitura":"4 minutos"},"schema":{"@context":"https:\/\/schema.org","@graph":[{"@type":"Article","@id":"https:\/\/www.encontraamericana.com.br\/guia\/prefeitura-abre-inscricoes-para-editais-da-politica-nacional-aldir-blanc-com-r-1-milhao-em-recursos\/#article","isPartOf":{"@id":"https:\/\/www.encontraamericana.com.br\/guia\/prefeitura-abre-inscricoes-para-editais-da-politica-nacional-aldir-blanc-com-r-1-milhao-em-recursos\/"},"author":{"name":"Encontra Americana","@id":"https:\/\/www.encontraamericana.com.br\/guia\/#\/schema\/person\/515cbc6082144e7445cab98211d14f9b"},"headline":"Prefeitura abre inscri\u00e7\u00f5es para editais da Pol\u00edtica Nacional Aldir Blanc com R$ 1 milh\u00e3o em recursos","datePublished":"2026-08-03T05:58:20+00:00","mainEntityOfPage":{"@id":"https:\/\/www.encontraamericana.com.br\/guia\/prefeitura-abre-inscricoes-para-editais-da-politica-nacional-aldir-blanc-com-r-1-milhao-em-recursos\/"},"wordCount":864,"commentCount":0,"image":{"@id":"https:\/\/www.encontraamericana.com.br\/guia\/prefeitura-abre-inscricoes-para-editais-da-politica-nacional-aldir-blanc-com-r-1-milhao-em-recursos\/#primaryimage"},"thumbnailUrl":"https:\/\/www.encontraamericana.com.br\/guia\/wp-content\/uploads\/2026\/08\/prefeitura-abre-inscricoes-para-editais-da-politica-nacional-aldir-blanc-com-r-1-milhao-em-recursos.webp","articleSection":["Not\u00edcias Americana"],"inLanguage":"pt-BR","potentialAction":[{"@type":"CommentAction","name":"Comment","target":["https:\/\/www.encontraamericana.com.br\/guia\/prefeitura-abre-inscricoes-para-editais-da-politica-nacional-aldir-blanc-com-r-1-milhao-em-recursos\/#respond"]}]},{"@type":"WebPage","@id":"https:\/\/www.encontraamericana.com.br\/guia\/prefeitura-abre-inscricoes-para-editais-da-politica-nacional-aldir-blanc-com-r-1-milhao-em-recursos\/","url":"https:\/\/www.encontraamericana.com.br\/guia\/prefeitura-abre-inscricoes-para-editais-da-politica-nacional-aldir-blanc-com-r-1-milhao-em-recursos\/","name":"Prefeitura abre inscri\u00e7\u00f5es para editais da Pol\u00edtica Nacional Aldir Blanc com R$ 1 milh\u00e3o em recursos | Guia Comercial de Americana SP","isPartOf":{"@id":"https:\/\/www.encontraamericana.com.br\/guia\/#website"},"primaryImageOfPage":{"@id":"https:\/\/www.encontraamericana.com.br\/guia\/prefeitura-abre-inscricoes-para-editais-da-politica-nacional-aldir-blanc-com-r-1-milhao-em-recursos\/#primaryimage"},"image":{"@id":"https:\/\/www.encontraamericana.com.br\/guia\/prefeitura-abre-inscricoes-para-editais-da-politica-nacional-aldir-blanc-com-r-1-milhao-em-recursos\/#primaryimage"},"thumbnailUrl":"https:\/\/www.encontraamericana.com.br\/guia\/wp-content\/uploads\/2026\/08\/prefeitura-abre-inscricoes-para-editais-da-politica-nacional-aldir-blanc-com-r-1-milhao-em-recursos.webp","datePublished":"2026-08-03T05:58:20+00:00","author":{"@id":"https:\/\/www.encontraamericana.com.br\/guia\/#\/schema\/person\/515cbc6082144e7445cab98211d14f9b"},"inLanguage":"pt-BR","potentialAction":[{"@type":"ReadAction","target":["https:\/\/www.encontraamericana.com.br\/guia\/prefeitura-abre-inscricoes-para-editais-da-politica-nacional-aldir-blanc-com-r-1-milhao-em-recursos\/"]}]},{"@type":"ImageObject","inLanguage":"pt-BR","@id":"https:\/\/www.encontraamericana.com.br\/guia\/prefeitura-abre-inscricoes-para-editais-da-politica-nacional-aldir-blanc-com-r-1-milhao-em-recursos\/#primaryimage","url":"https:\/\/www.encontraamericana.com.br\/guia\/wp-content\/uploads\/2026\/08\/prefeitura-abre-inscricoes-para-editais-da-politica-nacional-aldir-blanc-com-r-1-milhao-em-recursos.webp","contentUrl":"https:\/\/www.encontraamericana.com.br\/guia\/wp-content\/uploads\/2026\/08\/prefeitura-abre-inscricoes-para-editais-da-politica-nacional-aldir-blanc-com-r-1-milhao-em-recursos.webp","width":280,"height":280,"caption":"editais da Pol\u00edtica Nacional Aldir Blanc"},{"@type":"WebSite","@id":"https:\/\/www.encontraamericana.com.br\/guia\/#website","url":"https:\/\/www.encontraamericana.com.br\/guia\/","name":"Guia Comercial de Americana SP","description":"ENCONTRA AMERICANA - O guia comercial de neg\u00f3cios e empresas, cultura e divers\u00e3o na cidade de Americana. Feito 100% para voc\u00ea morador!","potentialAction":[{"@type":"SearchAction","target":{"@type":"EntryPoint","urlTemplate":"https:\/\/www.encontraamericana.com.br\/guia\/?s={search_term_string}"},"query-input":{"@type":"PropertyValueSpecification","valueRequired":true,"valueName":"search_term_string"}}],"inLanguage":"pt-BR"},{"@type":"Person","@id":"https:\/\/www.encontraamericana.com.br\/guia\/#\/schema\/person\/515cbc6082144e7445cab98211d14f9b","name":"Encontra Americana","image":{"@type":"ImageObject","inLanguage":"pt-BR","@id":"https:\/\/secure.gravatar.com\/avatar\/c50c17820bcf322f0a8fd6b110b8c0918141409dc69076470f6fca5fee70a5d4?s=96&d=mm&r=g","url":"https:\/\/secure.gravatar.com\/avatar\/c50c17820bcf322f0a8fd6b110b8c0918141409dc69076470f6fca5fee70a5d4?s=96&d=mm&r=g","contentUrl":"https:\/\/secure.gravatar.com\/avatar\/c50c17820bcf322f0a8fd6b110b8c0918141409dc69076470f6fca5fee70a5d4?s=96&d=mm&r=g","caption":"Encontra Americana"},"url":"https:\/\/www.encontraamericana.com.br\/guia\/author\/encontraamericana\/"}]}},"_links":{"self":[{"href":"https:\/\/www.encontraamericana.com.br\/guia\/wp-json\/wp\/v2\/posts\/6907","targetHints":{"allow":["GET"]}}],"collection":[{"href":"https:\/\/www.encontraamericana.com.br\/guia\/wp-json\/wp\/v2\/posts"}],"about":[{"href":"https:\/\/www.encontraamericana.com.br\/guia\/wp-json\/wp\/v2\/types\/post"}],"author":[{"embeddable":true,"href":"https:\/\/www.encontraamericana.com.br\/guia\/wp-json\/wp\/v2\/users\/1"}],"replies":[{"embeddable":true,"href":"https:\/\/www.encontraamericana.com.br\/guia\/wp-json\/wp\/v2\/comments?post=6907"}],"version-history":[{"count":0,"href":"https:\/\/www.encontraamericana.com.br\/guia\/wp-json\/wp\/v2\/posts\/6907\/revisions"}],"wp:featuredmedia":[{"embeddable":true,"href":"https:\/\/www.encontraamericana.com.br\/guia\/wp-json\/wp\/v2\/media\/6906"}],"wp:attachment":[{"href":"https:\/\/www.encontraamericana.com.br\/guia\/wp-json\/wp\/v2\/media?parent=6907"}],"wp:term":[{"taxonomy":"category","embeddable":true,"href":"https:\/\/www.encontraamericana.com.br\/guia\/wp-json\/wp\/v2\/categories?post=6907"},{"taxonomy":"post_tag","embeddable":true,"href":"https:\/\/www.encontraamericana.com.br\/guia\/wp-json\/wp\/v2\/tags?post=6907"}],"curies":[{"name":"wp","href":"https:\/\/api.w.org\/{rel}","templated":true}]}}