{"id":6909,"date":"2026-08-04T04:55:54","date_gmt":"2026-08-04T07:55:54","guid":{"rendered":"https:\/\/www.encontraamericana.com.br\/guia\/agosto-lilas-americana-inicia-programacao-com-destaque-para-o-forum-que-vai-debater-20-anos-da-lei-maria-da-penha\/"},"modified":"2026-08-04T04:55:54","modified_gmt":"2026-08-04T07:55:54","slug":"agosto-lilas-americana-inicia-programacao-com-destaque-para-o-forum-que-vai-debater-20-anos-da-lei-maria-da-penha","status":"publish","type":"post","link":"https:\/\/www.encontraamericana.com.br\/guia\/agosto-lilas-americana-inicia-programacao-com-destaque-para-o-forum-que-vai-debater-20-anos-da-lei-maria-da-penha\/","title":{"rendered":"Agosto Lil\u00e1s: Americana inicia programa\u00e7\u00e3o com destaque para o F\u00f3rum que vai debater 20 anos da Lei Maria da Penha"},"content":{"rendered":"<h2>A origem do Agosto Lil\u00e1s<\/h2>\n<p>Agosto Lil\u00e1s \u00e9 uma campanha que nasceu com o intuito de combater a viol\u00eancia contra a mulher e promover a reflex\u00e3o sobre a igualdade de g\u00eanero. Este evento ocorre em homenagem aos avan\u00e7os alcan\u00e7ados pela Lei Maria da Penha, que completa 20 anos de atua\u00e7\u00e3o em 2026. A iniciativa visa conscientizar a sociedade sobre a import\u00e2ncia de proteger os direitos das mulheres, oferecendo apoio e buscando mudan\u00e7as no comportamento coletivo que perpetuam a viol\u00eancia.<\/p>\n<h2>O impacto da Lei Maria da Penha<\/h2>\n<p>Desde a promulga\u00e7\u00e3o da Lei Maria da Penha em agosto de 2006, o Brasil tem enfrentado uma transforma\u00e7\u00e3o significativa no que diz respeito \u00e0 viol\u00eancia dom\u00e9stica e familiar. Esta legisla\u00e7\u00e3o foi um marco legal que n\u00e3o apenas reconheceu a gravidade da viol\u00eancia contra a mulher, mas tamb\u00e9m implementou mecanismos para prote\u00e7\u00e3o. Com a lei, o sistema judici\u00e1rio se tornou mais respons\u00e1vel em tratar os casos de viol\u00eancia de g\u00eanero, assegurando medidas protetivas e procedimentos mais r\u00e1pidos para atender as v\u00edtimas.<\/p>\n<h2>Programa\u00e7\u00e3o de atividades em Americana<\/h2>\n<p>No munic\u00edpio de Americana, a programa\u00e7\u00e3o do Agosto Lil\u00e1s foi inaugurada com uma s\u00e9rie de atividades que incluem palestras, oficinas e f\u00f3runs voltados para a discuss\u00e3o sobre o combate \u00e0 viol\u00eancia de g\u00eanero. As iniciativas s\u00e3o organizadas pela Secretaria de Assist\u00eancia Social e Direitos Humanos (SASDH), em colabora\u00e7\u00e3o com o Conselho Municipal dos Direitos da Mulher (CMDM) e o Programa Americana por Elas. Entre as atividades programadas est\u00e3o abordagens educativas que visam n\u00e3o apenas informar, mas tamb\u00e9m empoderar as mulheres da comunidade.<\/p>\n<p><img decoding=\"async\" src=\"https:\/\/www.encontraamericana.com.br\/guia\/wp-content\/uploads\/2026\/08\/agosto-lilas-americana-inicia-programacao-com-destaque-para-o-forum-que-vai-debater-20-anos-da-lei-m.webp\" alt=\"Agosto Lil\u00e1s\" loading=\"lazy\" \/><\/p>\n<h2>Import\u00e2ncia da conscientiza\u00e7\u00e3o social<\/h2>\n<p>A conscientiza\u00e7\u00e3o social \u00e9 um pilar fundamental do Agosto Lil\u00e1s. A mobiliza\u00e7\u00e3o da sociedade para reconhecer e combater a viol\u00eancia contra a mulher \u00e9 vital. Atrav\u00e9s de debates e a\u00e7\u00f5es educativas, busca-se sensibilizar n\u00e3o s\u00f3 as v\u00edtimas, mas tamb\u00e9m a popula\u00e7\u00e3o em geral, para que se tornem aliados na luta contra esse tipo de viol\u00eancia. O objetivo \u00e9 criar um ambiente seguro e de respeito \u00e0s mulheres, rompendo o ciclo de abuso e promovendo a igualdade de g\u00eanero.<\/p>\n<h2>F\u00f3rum sobre a Lei Maria da Penha<\/h2>\n<p>Um dos pontos altos da programa\u00e7\u00e3o de Agosto Lil\u00e1s em Americana \u00e9 o F\u00f3rum que ser\u00e1 realizado no dia 25 de agosto, das 8h30 \u00e0s 12h, na sede da SASDH. Este evento servir\u00e1 como um espa\u00e7o para a discuss\u00e3o aprofundada sobre os 20 anos da Lei Maria da Penha, abordando os avan\u00e7os conquistados e os desafios que ainda persistem. Especialistas e ativistas do tema estar\u00e3o presentes para compartilhar conhecimentos e experi\u00eancias que visam fortalecer a rede de apoio \u00e0s v\u00edtimas de viol\u00eancia.<\/p>\n<h2>Como a sociedade pode participar<\/h2>\n<p>A participa\u00e7\u00e3o da sociedade \u00e9 essencial para o sucesso do Agosto Lil\u00e1s. Todos podem se envolver nas atividades programadas, seja por meio da participa\u00e7\u00e3o em eventos, compartilhamento de informa\u00e7\u00f5es, ou mesmo apoiando campanhas nas redes sociais. A dissemina\u00e7\u00e3o da causa ajuda a manter o tema em evid\u00eancia, fazendo com que mais pessoas se juntem \u00e0 luta pela igualdade e pelo respeito \u00e0 mulher.<\/p>\n<h2>Apoio \u00e0s v\u00edtimas de viol\u00eancia<\/h2>\n<p>\u00c9 importante destacar que, al\u00e9m da conscientiza\u00e7\u00e3o, o Agosto Lil\u00e1s tamb\u00e9m visa proporcionar suporte \u00e0s v\u00edtimas de viol\u00eancia. A campanha re\u00fane recursos e informa\u00e7\u00f5es sobre onde buscar ajuda, incluindo servi\u00e7os de acolhimento e prote\u00e7\u00e3o. O acesso a atendimento psicol\u00f3gico, jur\u00eddico e social \u00e9 crucial para que as mulheres possam superar situa\u00e7\u00f5es de abuso e encontrar caminhos para a recupera\u00e7\u00e3o.<\/p>\n<h2>Palestras e semin\u00e1rios programados<\/h2>\n<p>Ao longo do m\u00eas de agosto, diversas palestras e semin\u00e1rios est\u00e3o programados. Estas atividades visam capacitar n\u00e3o apenas a popula\u00e7\u00e3o em geral, mas sobretudo os profissionais que atuam nas \u00e1reas de sa\u00fade, assist\u00eancia social e direito. O Semin\u00e1rio do Protocolo de Atendimento \u00e0 Mulher em Situa\u00e7\u00e3o de Viol\u00eancia, por exemplo, \u00e9 uma oportunidade para aperfei\u00e7oar os conhecimentos e pr\u00e1ticas de atendimento e acolhimento \u00e0s mulheres v\u00edtimas de viol\u00eancia.<\/p>\n<h2>O papel das institui\u00e7\u00f5es p\u00fablicas<\/h2>\n<p>As institui\u00e7\u00f5es p\u00fablicas desempenham um papel crucial no enfrentamento da viol\u00eancia contra a mulher. A colabora\u00e7\u00e3o entre diferentes setores, como sa\u00fade, assist\u00eancia social, educa\u00e7\u00e3o e seguran\u00e7a, \u00e9 indispens\u00e1vel para construir uma rede efetiva de prote\u00e7\u00e3o. Durante o Agosto Lil\u00e1s, as institui\u00e7\u00f5es s\u00e3o incentivadas a fortalecer suas a\u00e7\u00f5es, promovendo o di\u00e1logo e a articula\u00e7\u00e3o entre os servi\u00e7os dispon\u00edveis para atender \u00e0s necessidades das v\u00edtimas.<\/p>\n<h2>Resultados esperados da campanha<\/h2>\n<p>Os resultados esperados do Agosto Lil\u00e1s v\u00e3o al\u00e9m da conscientiza\u00e7\u00e3o. O evento busca induzir mudan\u00e7as culturais no reconhecimento e no enfrentamento da viol\u00eancia contra a mulher. Espera-se que, por meio da mobiliza\u00e7\u00e3o e do engajamento da popula\u00e7\u00e3o, mais mulheres se sintam seguras para buscar ajuda e que a sociedade se torne mais receptiva e ativa na defesa dos direitos femininos. O fortalecimento das pol\u00edticas p\u00fablicas e a amplia\u00e7\u00e3o da discuss\u00e3o sobre a prote\u00e7\u00e3o das mulheres s\u00e3o metas que se almeja alcan\u00e7ar com essa campanha.<\/p>\n","protected":false},"excerpt":{"rendered":"<p>Agosto Lil\u00e1s traz a\u00e7\u00f5es e debates importantes para o combate \u00e0 viol\u00eancia contra a mulher.<\/p>\n","protected":false},"author":1,"featured_media":6908,"comment_status":"open","ping_status":"open","sticky":false,"template":"","format":"standard","meta":{"footnotes":""},"categories":[5],"tags":[],"class_list":["post-6909","post","type-post","status-publish","format-standard","has-post-thumbnail","hentry","category-noticias","has_thumb"],"yoast_head":"<!-- This site is optimized with the Yoast SEO plugin v27.6 - https:\/\/yoast.com\/product\/yoast-seo-wordpress\/ -->\n<title>Agosto Lil\u00e1s: Americana inicia programa\u00e7\u00e3o com destaque para o F\u00f3rum que vai debater 20 anos da Lei Maria da Penha | Guia Comercial de Americana SP<\/title>\n<meta name=\"robots\" content=\"index, follow, max-snippet:-1, max-image-preview:large, max-video-preview:-1\" \/>\n<link rel=\"canonical\" href=\"https:\/\/www.encontraamericana.com.br\/guia\/agosto-lilas-americana-inicia-programacao-com-destaque-para-o-forum-que-vai-debater-20-anos-da-lei-maria-da-penha\/\" \/>\n<meta property=\"og:locale\" content=\"pt_BR\" \/>\n<meta property=\"og:type\" content=\"article\" \/>\n<meta property=\"og:title\" content=\"Agosto Lil\u00e1s: Americana inicia programa\u00e7\u00e3o com destaque para o F\u00f3rum que vai debater 20 anos da Lei Maria da Penha | Guia Comercial de Americana SP\" \/>\n<meta property=\"og:description\" content=\"Agosto Lil\u00e1s traz a\u00e7\u00f5es e debates importantes para o combate \u00e0 viol\u00eancia contra a mulher.\" \/>\n<meta property=\"og:url\" content=\"https:\/\/www.encontraamericana.com.br\/guia\/agosto-lilas-americana-inicia-programacao-com-destaque-para-o-forum-que-vai-debater-20-anos-da-lei-maria-da-penha\/\" \/>\n<meta property=\"og:site_name\" content=\"Guia Comercial de Americana SP\" \/>\n<meta property=\"article:published_time\" content=\"2026-08-04T07:55:54+00:00\" \/>\n<meta property=\"og:image\" content=\"https:\/\/www.encontraamericana.com.br\/guia\/wp-content\/uploads\/2026\/08\/agosto-lilas-americana-inicia-programacao-com-destaque-para-o-forum-que-vai-debater-20-anos-da-lei-m.webp\" \/>\n<meta name=\"author\" content=\"Encontra Americana\" \/>\n<meta name=\"twitter:card\" content=\"summary_large_image\" \/>\n<meta name=\"twitter:label1\" content=\"Escrito por\" \/>\n\t<meta name=\"twitter:data1\" content=\"Encontra Americana\" \/>\n\t<meta name=\"twitter:label2\" content=\"Est. tempo de leitura\" \/>\n\t<meta name=\"twitter:data2\" content=\"4 minutos\" \/>\n<script type=\"application\/ld+json\" class=\"yoast-schema-graph\">{\"@context\":\"https:\\\/\\\/schema.org\",\"@graph\":[{\"@type\":\"Article\",\"@id\":\"https:\\\/\\\/www.encontraamericana.com.br\\\/guia\\\/agosto-lilas-americana-inicia-programacao-com-destaque-para-o-forum-que-vai-debater-20-anos-da-lei-maria-da-penha\\\/#article\",\"isPartOf\":{\"@id\":\"https:\\\/\\\/www.encontraamericana.com.br\\\/guia\\\/agosto-lilas-americana-inicia-programacao-com-destaque-para-o-forum-que-vai-debater-20-anos-da-lei-maria-da-penha\\\/\"},\"author\":{\"name\":\"Encontra Americana\",\"@id\":\"https:\\\/\\\/www.encontraamericana.com.br\\\/guia\\\/#\\\/schema\\\/person\\\/515cbc6082144e7445cab98211d14f9b\"},\"headline\":\"Agosto Lil\u00e1s: Americana inicia programa\u00e7\u00e3o com destaque para o F\u00f3rum que vai debater 20 anos da Lei Maria da Penha\",\"datePublished\":\"2026-08-04T07:55:54+00:00\",\"mainEntityOfPage\":{\"@id\":\"https:\\\/\\\/www.encontraamericana.com.br\\\/guia\\\/agosto-lilas-americana-inicia-programacao-com-destaque-para-o-forum-que-vai-debater-20-anos-da-lei-maria-da-penha\\\/\"},\"wordCount\":925,\"commentCount\":0,\"image\":{\"@id\":\"https:\\\/\\\/www.encontraamericana.com.br\\\/guia\\\/agosto-lilas-americana-inicia-programacao-com-destaque-para-o-forum-que-vai-debater-20-anos-da-lei-maria-da-penha\\\/#primaryimage\"},\"thumbnailUrl\":\"https:\\\/\\\/www.encontraamericana.com.br\\\/guia\\\/wp-content\\\/uploads\\\/2026\\\/08\\\/agosto-lilas-americana-inicia-programacao-com-destaque-para-o-forum-que-vai-debater-20-anos-da-lei-m.webp\",\"articleSection\":[\"Not\u00edcias Americana\"],\"inLanguage\":\"pt-BR\",\"potentialAction\":[{\"@type\":\"CommentAction\",\"name\":\"Comment\",\"target\":[\"https:\\\/\\\/www.encontraamericana.com.br\\\/guia\\\/agosto-lilas-americana-inicia-programacao-com-destaque-para-o-forum-que-vai-debater-20-anos-da-lei-maria-da-penha\\\/#respond\"]}]},{\"@type\":\"WebPage\",\"@id\":\"https:\\\/\\\/www.encontraamericana.com.br\\\/guia\\\/agosto-lilas-americana-inicia-programacao-com-destaque-para-o-forum-que-vai-debater-20-anos-da-lei-maria-da-penha\\\/\",\"url\":\"https:\\\/\\\/www.encontraamericana.com.br\\\/guia\\\/agosto-lilas-americana-inicia-programacao-com-destaque-para-o-forum-que-vai-debater-20-anos-da-lei-maria-da-penha\\\/\",\"name\":\"Agosto Lil\u00e1s: Americana inicia programa\u00e7\u00e3o com destaque para o F\u00f3rum que vai debater 20 anos da Lei Maria da Penha | Guia Comercial de Americana SP\",\"isPartOf\":{\"@id\":\"https:\\\/\\\/www.encontraamericana.com.br\\\/guia\\\/#website\"},\"primaryImageOfPage\":{\"@id\":\"https:\\\/\\\/www.encontraamericana.com.br\\\/guia\\\/agosto-lilas-americana-inicia-programacao-com-destaque-para-o-forum-que-vai-debater-20-anos-da-lei-maria-da-penha\\\/#primaryimage\"},\"image\":{\"@id\":\"https:\\\/\\\/www.encontraamericana.com.br\\\/guia\\\/agosto-lilas-americana-inicia-programacao-com-destaque-para-o-forum-que-vai-debater-20-anos-da-lei-maria-da-penha\\\/#primaryimage\"},\"thumbnailUrl\":\"https:\\\/\\\/www.encontraamericana.com.br\\\/guia\\\/wp-content\\\/uploads\\\/2026\\\/08\\\/agosto-lilas-americana-inicia-programacao-com-destaque-para-o-forum-que-vai-debater-20-anos-da-lei-m.webp\",\"datePublished\":\"2026-08-04T07:55:54+00:00\",\"author\":{\"@id\":\"https:\\\/\\\/www.encontraamericana.com.br\\\/guia\\\/#\\\/schema\\\/person\\\/515cbc6082144e7445cab98211d14f9b\"},\"inLanguage\":\"pt-BR\",\"potentialAction\":[{\"@type\":\"ReadAction\",\"target\":[\"https:\\\/\\\/www.encontraamericana.com.br\\\/guia\\\/agosto-lilas-americana-inicia-programacao-com-destaque-para-o-forum-que-vai-debater-20-anos-da-lei-maria-da-penha\\\/\"]}]},{\"@type\":\"ImageObject\",\"inLanguage\":\"pt-BR\",\"@id\":\"https:\\\/\\\/www.encontraamericana.com.br\\\/guia\\\/agosto-lilas-americana-inicia-programacao-com-destaque-para-o-forum-que-vai-debater-20-anos-da-lei-maria-da-penha\\\/#primaryimage\",\"url\":\"https:\\\/\\\/www.encontraamericana.com.br\\\/guia\\\/wp-content\\\/uploads\\\/2026\\\/08\\\/agosto-lilas-americana-inicia-programacao-com-destaque-para-o-forum-que-vai-debater-20-anos-da-lei-m.webp\",\"contentUrl\":\"https:\\\/\\\/www.encontraamericana.com.br\\\/guia\\\/wp-content\\\/uploads\\\/2026\\\/08\\\/agosto-lilas-americana-inicia-programacao-com-destaque-para-o-forum-que-vai-debater-20-anos-da-lei-m.webp\",\"width\":280,\"height\":280,\"caption\":\"Agosto Lil\u00e1s\"},{\"@type\":\"WebSite\",\"@id\":\"https:\\\/\\\/www.encontraamericana.com.br\\\/guia\\\/#website\",\"url\":\"https:\\\/\\\/www.encontraamericana.com.br\\\/guia\\\/\",\"name\":\"Guia Comercial de Americana SP\",\"description\":\"ENCONTRA AMERICANA - O guia comercial de neg\u00f3cios e empresas, cultura e divers\u00e3o na cidade de Americana. Feito 100% para voc\u00ea morador!\",\"potentialAction\":[{\"@type\":\"SearchAction\",\"target\":{\"@type\":\"EntryPoint\",\"urlTemplate\":\"https:\\\/\\\/www.encontraamericana.com.br\\\/guia\\\/?s={search_term_string}\"},\"query-input\":{\"@type\":\"PropertyValueSpecification\",\"valueRequired\":true,\"valueName\":\"search_term_string\"}}],\"inLanguage\":\"pt-BR\"},{\"@type\":\"Person\",\"@id\":\"https:\\\/\\\/www.encontraamericana.com.br\\\/guia\\\/#\\\/schema\\\/person\\\/515cbc6082144e7445cab98211d14f9b\",\"name\":\"Encontra Americana\",\"image\":{\"@type\":\"ImageObject\",\"inLanguage\":\"pt-BR\",\"@id\":\"https:\\\/\\\/secure.gravatar.com\\\/avatar\\\/c50c17820bcf322f0a8fd6b110b8c0918141409dc69076470f6fca5fee70a5d4?s=96&d=mm&r=g\",\"url\":\"https:\\\/\\\/secure.gravatar.com\\\/avatar\\\/c50c17820bcf322f0a8fd6b110b8c0918141409dc69076470f6fca5fee70a5d4?s=96&d=mm&r=g\",\"contentUrl\":\"https:\\\/\\\/secure.gravatar.com\\\/avatar\\\/c50c17820bcf322f0a8fd6b110b8c0918141409dc69076470f6fca5fee70a5d4?s=96&d=mm&r=g\",\"caption\":\"Encontra Americana\"},\"url\":\"https:\\\/\\\/www.encontraamericana.com.br\\\/guia\\\/author\\\/encontraamericana\\\/\"}]}<\/script>\n<!-- \/ Yoast SEO plugin. -->","yoast_head_json":{"title":"Agosto Lil\u00e1s: Americana inicia programa\u00e7\u00e3o com destaque para o F\u00f3rum que vai debater 20 anos da Lei Maria da Penha | Guia Comercial de Americana SP","robots":{"index":"index","follow":"follow","max-snippet":"max-snippet:-1","max-image-preview":"max-image-preview:large","max-video-preview":"max-video-preview:-1"},"canonical":"https:\/\/www.encontraamericana.com.br\/guia\/agosto-lilas-americana-inicia-programacao-com-destaque-para-o-forum-que-vai-debater-20-anos-da-lei-maria-da-penha\/","og_locale":"pt_BR","og_type":"article","og_title":"Agosto Lil\u00e1s: Americana inicia programa\u00e7\u00e3o com destaque para o F\u00f3rum que vai debater 20 anos da Lei Maria da Penha | Guia Comercial de Americana SP","og_description":"Agosto Lil\u00e1s traz a\u00e7\u00f5es e debates importantes para o combate \u00e0 viol\u00eancia contra a mulher.","og_url":"https:\/\/www.encontraamericana.com.br\/guia\/agosto-lilas-americana-inicia-programacao-com-destaque-para-o-forum-que-vai-debater-20-anos-da-lei-maria-da-penha\/","og_site_name":"Guia Comercial de Americana SP","article_published_time":"2026-08-04T07:55:54+00:00","og_image":[{"url":"https:\/\/www.encontraamericana.com.br\/guia\/wp-content\/uploads\/2026\/08\/agosto-lilas-americana-inicia-programacao-com-destaque-para-o-forum-que-vai-debater-20-anos-da-lei-m.webp","type":"","width":"","height":""}],"author":"Encontra Americana","twitter_card":"summary_large_image","twitter_misc":{"Escrito por":"Encontra Americana","Est. tempo de leitura":"4 minutos"},"schema":{"@context":"https:\/\/schema.org","@graph":[{"@type":"Article","@id":"https:\/\/www.encontraamericana.com.br\/guia\/agosto-lilas-americana-inicia-programacao-com-destaque-para-o-forum-que-vai-debater-20-anos-da-lei-maria-da-penha\/#article","isPartOf":{"@id":"https:\/\/www.encontraamericana.com.br\/guia\/agosto-lilas-americana-inicia-programacao-com-destaque-para-o-forum-que-vai-debater-20-anos-da-lei-maria-da-penha\/"},"author":{"name":"Encontra Americana","@id":"https:\/\/www.encontraamericana.com.br\/guia\/#\/schema\/person\/515cbc6082144e7445cab98211d14f9b"},"headline":"Agosto Lil\u00e1s: Americana inicia programa\u00e7\u00e3o com destaque para o F\u00f3rum que vai debater 20 anos da Lei Maria da Penha","datePublished":"2026-08-04T07:55:54+00:00","mainEntityOfPage":{"@id":"https:\/\/www.encontraamericana.com.br\/guia\/agosto-lilas-americana-inicia-programacao-com-destaque-para-o-forum-que-vai-debater-20-anos-da-lei-maria-da-penha\/"},"wordCount":925,"commentCount":0,"image":{"@id":"https:\/\/www.encontraamericana.com.br\/guia\/agosto-lilas-americana-inicia-programacao-com-destaque-para-o-forum-que-vai-debater-20-anos-da-lei-maria-da-penha\/#primaryimage"},"thumbnailUrl":"https:\/\/www.encontraamericana.com.br\/guia\/wp-content\/uploads\/2026\/08\/agosto-lilas-americana-inicia-programacao-com-destaque-para-o-forum-que-vai-debater-20-anos-da-lei-m.webp","articleSection":["Not\u00edcias Americana"],"inLanguage":"pt-BR","potentialAction":[{"@type":"CommentAction","name":"Comment","target":["https:\/\/www.encontraamericana.com.br\/guia\/agosto-lilas-americana-inicia-programacao-com-destaque-para-o-forum-que-vai-debater-20-anos-da-lei-maria-da-penha\/#respond"]}]},{"@type":"WebPage","@id":"https:\/\/www.encontraamericana.com.br\/guia\/agosto-lilas-americana-inicia-programacao-com-destaque-para-o-forum-que-vai-debater-20-anos-da-lei-maria-da-penha\/","url":"https:\/\/www.encontraamericana.com.br\/guia\/agosto-lilas-americana-inicia-programacao-com-destaque-para-o-forum-que-vai-debater-20-anos-da-lei-maria-da-penha\/","name":"Agosto Lil\u00e1s: Americana inicia programa\u00e7\u00e3o com destaque para o F\u00f3rum que vai debater 20 anos da Lei Maria da Penha | Guia Comercial de Americana SP","isPartOf":{"@id":"https:\/\/www.encontraamericana.com.br\/guia\/#website"},"primaryImageOfPage":{"@id":"https:\/\/www.encontraamericana.com.br\/guia\/agosto-lilas-americana-inicia-programacao-com-destaque-para-o-forum-que-vai-debater-20-anos-da-lei-maria-da-penha\/#primaryimage"},"image":{"@id":"https:\/\/www.encontraamericana.com.br\/guia\/agosto-lilas-americana-inicia-programacao-com-destaque-para-o-forum-que-vai-debater-20-anos-da-lei-maria-da-penha\/#primaryimage"},"thumbnailUrl":"https:\/\/www.encontraamericana.com.br\/guia\/wp-content\/uploads\/2026\/08\/agosto-lilas-americana-inicia-programacao-com-destaque-para-o-forum-que-vai-debater-20-anos-da-lei-m.webp","datePublished":"2026-08-04T07:55:54+00:00","author":{"@id":"https:\/\/www.encontraamericana.com.br\/guia\/#\/schema\/person\/515cbc6082144e7445cab98211d14f9b"},"inLanguage":"pt-BR","potentialAction":[{"@type":"ReadAction","target":["https:\/\/www.encontraamericana.com.br\/guia\/agosto-lilas-americana-inicia-programacao-com-destaque-para-o-forum-que-vai-debater-20-anos-da-lei-maria-da-penha\/"]}]},{"@type":"ImageObject","inLanguage":"pt-BR","@id":"https:\/\/www.encontraamericana.com.br\/guia\/agosto-lilas-americana-inicia-programacao-com-destaque-para-o-forum-que-vai-debater-20-anos-da-lei-maria-da-penha\/#primaryimage","url":"https:\/\/www.encontraamericana.com.br\/guia\/wp-content\/uploads\/2026\/08\/agosto-lilas-americana-inicia-programacao-com-destaque-para-o-forum-que-vai-debater-20-anos-da-lei-m.webp","contentUrl":"https:\/\/www.encontraamericana.com.br\/guia\/wp-content\/uploads\/2026\/08\/agosto-lilas-americana-inicia-programacao-com-destaque-para-o-forum-que-vai-debater-20-anos-da-lei-m.webp","width":280,"height":280,"caption":"Agosto Lil\u00e1s"},{"@type":"WebSite","@id":"https:\/\/www.encontraamericana.com.br\/guia\/#website","url":"https:\/\/www.encontraamericana.com.br\/guia\/","name":"Guia Comercial de Americana SP","description":"ENCONTRA AMERICANA - O guia comercial de neg\u00f3cios e empresas, cultura e divers\u00e3o na cidade de Americana. Feito 100% para voc\u00ea morador!","potentialAction":[{"@type":"SearchAction","target":{"@type":"EntryPoint","urlTemplate":"https:\/\/www.encontraamericana.com.br\/guia\/?s={search_term_string}"},"query-input":{"@type":"PropertyValueSpecification","valueRequired":true,"valueName":"search_term_string"}}],"inLanguage":"pt-BR"},{"@type":"Person","@id":"https:\/\/www.encontraamericana.com.br\/guia\/#\/schema\/person\/515cbc6082144e7445cab98211d14f9b","name":"Encontra Americana","image":{"@type":"ImageObject","inLanguage":"pt-BR","@id":"https:\/\/secure.gravatar.com\/avatar\/c50c17820bcf322f0a8fd6b110b8c0918141409dc69076470f6fca5fee70a5d4?s=96&d=mm&r=g","url":"https:\/\/secure.gravatar.com\/avatar\/c50c17820bcf322f0a8fd6b110b8c0918141409dc69076470f6fca5fee70a5d4?s=96&d=mm&r=g","contentUrl":"https:\/\/secure.gravatar.com\/avatar\/c50c17820bcf322f0a8fd6b110b8c0918141409dc69076470f6fca5fee70a5d4?s=96&d=mm&r=g","caption":"Encontra Americana"},"url":"https:\/\/www.encontraamericana.com.br\/guia\/author\/encontraamericana\/"}]}},"_links":{"self":[{"href":"https:\/\/www.encontraamericana.com.br\/guia\/wp-json\/wp\/v2\/posts\/6909","targetHints":{"allow":["GET"]}}],"collection":[{"href":"https:\/\/www.encontraamericana.com.br\/guia\/wp-json\/wp\/v2\/posts"}],"about":[{"href":"https:\/\/www.encontraamericana.com.br\/guia\/wp-json\/wp\/v2\/types\/post"}],"author":[{"embeddable":true,"href":"https:\/\/www.encontraamericana.com.br\/guia\/wp-json\/wp\/v2\/users\/1"}],"replies":[{"embeddable":true,"href":"https:\/\/www.encontraamericana.com.br\/guia\/wp-json\/wp\/v2\/comments?post=6909"}],"version-history":[{"count":0,"href":"https:\/\/www.encontraamericana.com.br\/guia\/wp-json\/wp\/v2\/posts\/6909\/revisions"}],"wp:featuredmedia":[{"embeddable":true,"href":"https:\/\/www.encontraamericana.com.br\/guia\/wp-json\/wp\/v2\/media\/6908"}],"wp:attachment":[{"href":"https:\/\/www.encontraamericana.com.br\/guia\/wp-json\/wp\/v2\/media?parent=6909"}],"wp:term":[{"taxonomy":"category","embeddable":true,"href":"https:\/\/www.encontraamericana.com.br\/guia\/wp-json\/wp\/v2\/categories?post=6909"},{"taxonomy":"post_tag","embeddable":true,"href":"https:\/\/www.encontraamericana.com.br\/guia\/wp-json\/wp\/v2\/tags?post=6909"}],"curies":[{"name":"wp","href":"https:\/\/api.w.org\/{rel}","templated":true}]}}