{"id":6950,"date":"2026-08-12T02:11:16","date_gmt":"2026-08-12T05:11:16","guid":{"rendered":"https:\/\/www.encontraamericana.com.br\/guia\/franco-sardelli-visita-omar-najar-ex\/"},"modified":"2026-08-12T02:11:16","modified_gmt":"2026-08-12T05:11:16","slug":"franco-sardelli-visita-omar-najar-ex","status":"publish","type":"post","link":"https:\/\/www.encontraamericana.com.br\/guia\/franco-sardelli-visita-omar-najar-ex\/","title":{"rendered":"Franco Sardelli visita Omar Najar, ex"},"content":{"rendered":"<h2>A Influ\u00eancia de Omar Najar na Pol\u00edtica Local<\/h2>\n<p>Omar Najar \u00e9 um nome reconhecido na pol\u00edtica de Americana, sendo uma figura que deixou uma marca significativa durante seu tempo como prefeito. Sua administra\u00e7\u00e3o, realizada entre 2015 e 2020, se destacou por a\u00e7\u00f5es que visavam \u00e0 responsabilidade fiscal e moralidade no uso dos recursos p\u00fablicos. Najar enfrentou uma conjuntura econ\u00f4mica desafiadora e, com lideran\u00e7a firme, conseguiu implementar medidas que fez a cidade superar momentos cr\u00edticos.<\/p>\n<p>Durante seu mandato, foram promovidas a\u00e7\u00f5es voltadas \u00e0 efici\u00eancia administrativa, que garantiram a reestrutura\u00e7\u00e3o financeira do munic\u00edpio. As decis\u00f5es tomadas por Omar refletiram um compromisso n\u00e3o apenas com a melhora das contas p\u00fablicas, mas tamb\u00e9m com a promo\u00e7\u00e3o de desenvolvimento social e infraestrutura. Esse legado o torna uma refer\u00eancia na pol\u00edtica local, inspirando novos l\u00edderes e candidatos a seguirem \u00e0 risca princ\u00edpios de boa administra\u00e7\u00e3o.<\/p>\n<h2>Quem \u00e9 Franco Sardelli e Suas Aspira\u00e7\u00f5es<\/h2>\n<p>Franco Sardelli \u00e9 um candidato a deputado estadual que recentemente recebeu apoio em conven\u00e7\u00e3o do PL. Ele soube angariar simpatia e aten\u00e7\u00e3o da popula\u00e7\u00e3o, n\u00e3o apenas por suas propostas, mas tamb\u00e9m por seu tra\u00e7o de continuidade da lideran\u00e7a pol\u00edtica que Omar Najar representou. Sardelli, ao visitar Najar, expressou seus pensamentos sobre a necessidade de representa\u00e7\u00e3o significativa para Americana na Assembleia Legislativa.<\/p>\n<p><img decoding=\"async\" src=\"https:\/\/www.encontraamericana.com.br\/guia\/wp-content\/uploads\/2026\/08\/franco-sardelli-visita-omar-najar-ex.webp\" alt=\"Franco Sardelli visita Omar Najar\" loading=\"lazy\" \/><\/p>\n<p>O candidato torna-se cada vez mais relevante na discuss\u00e3o pol\u00edtica ao se colocar como voz da popula\u00e7\u00e3o em momentos de necessidades e anseios coletivos. Ele prop\u00f5e n\u00e3o apenas manter a hist\u00f3ria e os legados de ex-prefeitos, mas tamb\u00e9m implementar novas estrat\u00e9gias que atendam \u00e0s demandas contempor\u00e2neas dos cidad\u00e3os. O engajamento constante com a comunidade e a disposi\u00e7\u00e3o para dialogar sobre problemas locais s\u00e3o aspectos que fortalecem as bases de sua campanha.<\/p>\n<h2>O Impacto do Encontro na Comunidade de Americana<\/h2>\n<p>O encontro entre Franco Sardelli e Omar Najar n\u00e3o \u00e9 apenas uma reuni\u00e3o entre ex-prefeito e um candidato, mas um sinal de esperan\u00e7a para a atenta popula\u00e7\u00e3o de Americana. Esse momento traz \u00e0 tona a import\u00e2ncia da colabora\u00e7\u00e3o entre l\u00edderes locais. O di\u00e1logo entre as gera\u00e7\u00f5es inspiradas pelos mesmos valores pol\u00edticos permite um fluxo cont\u00ednuo de ideias e a garantia de que a cidade n\u00e3o ser\u00e1 esquecida em esferas mais altas da pol\u00edtica estadual.<\/p>\n<p>As expectativas geradas a partir dessa visita podem resultar em a\u00e7\u00f5es concretas que atendem \u00e0s demandas da popula\u00e7\u00e3o. Os cidad\u00e3os demonstram interesse em que os representantes no parlamento estadual sejam capazes de compreender profundamente os anseios locais e lev\u00e1-los adiante. Essa uni\u00e3o em prol de Americana ajuda a fortalecer a insepar\u00e1vel rela\u00e7\u00e3o entre a popula\u00e7\u00e3o e seus representantes.<\/p>\n<h2>Representabilidade na Assembleia Legislativa de S\u00e3o Paulo<\/h2>\n<p>Representar Americana na Assembleia Legislativa de S\u00e3o Paulo \u00e9 uma responsabilidade que deve ser cumprida com seriedade e comprometimento. Franco Sardelli, ao buscar essa posi\u00e7\u00e3o, entende que a voz da sua cidade deve ser ouvida em decis\u00f5es que v\u00e3o impactar vidas e moldar o futuro a curto e longo prazo. O hist\u00f3rico de Omar Najar traz \u00e0 tona a import\u00e2ncia de l\u00edderes que n\u00e3o simplesmente ocupam a posi\u00e7\u00e3o, mas que lutam ativamente por melhorias.<\/p>\n<p>O compromisso com a manuten\u00e7\u00e3o dos direitos do cidad\u00e3o, acessibilidade aos servi\u00e7os e o controle fiscal s\u00e3o apenas alguns dos pilares que devem sustentar qualquer mandato. Essa vis\u00e3o \u00e9 lastreada pela vontade de Franco em dar seguimento a um legado que prioriza o que \u00e9 essencial para o cidad\u00e3o, considerando sempre o bem-estar da popula\u00e7\u00e3o, e n\u00e3o apenas os interesses pessoais.<\/p>\n<h2>A Hist\u00f3ria de Omar Najar como ex-prefeito<\/h2>\n<p>A trajet\u00f3ria de Omar Najar como prefeito de Americana \u00e9 marcada por desafios, mas tamb\u00e9m por realiza\u00e7\u00f5es. Sua chegada ao cargo em uma elei\u00e7\u00e3o suplementar inseriu-o em um cen\u00e1rio em que a cidade necessitava de um l\u00edder forte e decidido. A reelei\u00e7\u00e3o demonstrou a confian\u00e7a da popula\u00e7\u00e3o em seu trabalho. Nesse per\u00edodo, Najar focou na san\u00e7\u00e3o de leis que buscavam cortar gastos e otimizar a execu\u00e7\u00e3o dos servi\u00e7os p\u00fablicos.<\/p>\n<p>A implementa\u00e7\u00e3o de uma pol\u00edtica de austeridade fiscal foi um diferencial em seu governo, permitindo que Americana se reerguese de graves instabilidades financeiras. A capacidade demonstrada de enfrentar crises foi admirada e avaliada como um marco por muitos cidad\u00e3os, irrigando um legado que ainda representa uma refer\u00eancia na cidade.<\/p>\n<h2>Desafios Enfrentados por Americana<\/h2>\n<p>Americana, ao longo dos anos, tem se deparado com uma diversidade de desafios que incluem quest\u00f5es econ\u00f4micas, sociais e infraestrutura. A administra\u00e7\u00e3o de Omar Najar se destacou ao tentar mitigar esses problemas. Durante seu mandato, a busca por solu\u00e7\u00f5es inovadoras e a parceria com diferentes setores foram essenciais para promover mudan\u00e7as positivas.<\/p>\n<p>A falta de representatividade e as consequ\u00eancias das crises financeiras necessitam aten\u00e7\u00e3o. A popula\u00e7\u00e3o e seus representantes devem unir for\u00e7as para construir solu\u00e7\u00f5es reais que impactem a vida dos cidad\u00e3os, evitando que esses problemas se tornem c\u00edclicos e perpetuem a insatisfa\u00e7\u00e3o.<\/p>\n<h2>O Papel dos Candidatos nas Mudan\u00e7as Regionais<\/h2>\n<p>Candidatos como Franco Sardelli t\u00eam um papel substancial a desempenhar nas mudan\u00e7as que ocorrem na regi\u00e3o. A atitude de se reunir e dialogar com ex-prefeitos mostra disposi\u00e7\u00e3o para aprender com a experi\u00eancia alheia, o que pode ser crucial na forma\u00e7\u00e3o de um futuro governamental que respeite a hist\u00f3ria ao mesmo tempo em que busca inova\u00e7\u00e3o.<\/p>\n<p>O engajamento dos jovens em processos eleitorais e a capacidade de adapta\u00e7\u00e3o \u00e0s transforma\u00e7\u00f5es sociopol\u00edticas s\u00e3o fundamentais para que novas lideran\u00e7as possam emergir. Franco destaca o desejo de contribuir para a continuidade de a\u00e7\u00f5es que levem Americana a um cen\u00e1rio de progresso e desenvolvimento.<\/p>\n<h2>Expectativas para o Futuro Eleitoral<\/h2>\n<p>As expectativas em rela\u00e7\u00e3o ao futuro eleitoral se concentram na possibilidade de renova\u00e7\u00e3o representativa e no fortalecimento das vozes locais. A candidatura de Franco Sardelli representa uma tend\u00eancia que visa, n\u00e3o apenas a escolha de um deputado, mas a oportunidade de resgatar di\u00e1logos que foram perdidos ao longo do tempo.<\/p>\n<p>A vis\u00e3o de um futuro com pol\u00edticas mais pr\u00f3ximas da realidade da comunidade depende da uni\u00e3o e do apoio da popula\u00e7\u00e3o. Portanto, a participa\u00e7\u00e3o ativa dos cidad\u00e3os nas discuss\u00f5es pol\u00edticas \u00e9 crucial para a constru\u00e7\u00e3o de um amanh\u00e3 que atenda \u00e0s reais necessidades locais.<\/p>\n<h2>A Revolu\u00e7\u00e3o Pol\u00edtica em Americana<\/h2>\n<p>O cen\u00e1rio pol\u00edtico em Americana est\u00e1 passando por uma transforma\u00e7\u00e3o. A revitaliza\u00e7\u00e3o do interesse c\u00edvico e a inten\u00e7\u00e3o de mudan\u00e7a por parte dos novos candidatos indicam um desejo por um futuro mais inclusivo e saud\u00e1vel para a pol\u00edtica local. A jun\u00e7\u00e3o de experi\u00eancias de administradores anteriores com as novas ideias de l\u00edderes emergentes pode gerar uma revolu\u00e7\u00e3o pol\u00edtica que assegure que Americana n\u00e3o apenas mantenha um status quo, mas avance para um desenvolvimento s\u00f3lido.<\/p>\n<p>Os cidad\u00e3os est\u00e3o cada vez mais cientes de sua responsabilidade em participar ativamente da pol\u00edtica. Essa nova consci\u00eancia \u00e9 um sinal animador para o futuro e pode resultar em um impacto significativo na administra\u00e7\u00e3o p\u00fablica.<\/p>\n<h2>Como a Ignor\u00e2ncia Pol\u00edtica Pode Afetar Cidades<\/h2>\n<p>A ignor\u00e2ncia pol\u00edtica tem um custo elevado para as cidades. O desinteresse e a falta de conhecimento sobre processos governamentais resultam em uma popula\u00e7\u00e3o menos envolvida na tomada de decis\u00f5es. Isso pode gerar uma desconex\u00e3o entre o que os governantes decidem e as necessidades que realmente existem nas comunidades.<\/p>\n<p>Al\u00e9m disso, a falta de educa\u00e7\u00e3o pol\u00edtica pode fomentar a corrup\u00e7\u00e3o e a m\u00e1 gest\u00e3o, prejudicando diretamente o desenvolvimento social e econ\u00f4mico das localidades. Portanto, \u00e9 fundamental que os cidad\u00e3os busquem informa\u00e7\u00f5es, se envolvam no debate pol\u00edtico e exijam prestibilidade dos seus l\u00edderes. O conhecimento \u00e9 a ferramenta que permite a mudan\u00e7a real e efetiva, promovendo uma sociedade mais justa e equilibrada.<\/p>\n","protected":false},"excerpt":{"rendered":"<p>Franco Sardelli se re\u00fane com Omar Najar para discutir o futuro de Americana.<\/p>\n","protected":false},"author":1,"featured_media":6949,"comment_status":"open","ping_status":"open","sticky":false,"template":"","format":"standard","meta":{"footnotes":""},"categories":[5],"tags":[],"class_list":["post-6950","post","type-post","status-publish","format-standard","has-post-thumbnail","hentry","category-noticias","has_thumb"],"yoast_head":"<!-- This site is optimized with the Yoast SEO plugin v27.6 - https:\/\/yoast.com\/product\/yoast-seo-wordpress\/ -->\n<title>Franco Sardelli visita Omar Najar, ex | Guia Comercial de Americana SP<\/title>\n<meta name=\"robots\" content=\"index, follow, max-snippet:-1, max-image-preview:large, max-video-preview:-1\" \/>\n<link rel=\"canonical\" href=\"https:\/\/www.encontraamericana.com.br\/guia\/franco-sardelli-visita-omar-najar-ex\/\" \/>\n<meta property=\"og:locale\" content=\"pt_BR\" \/>\n<meta property=\"og:type\" content=\"article\" \/>\n<meta property=\"og:title\" content=\"Franco Sardelli visita Omar Najar, ex | Guia Comercial de Americana SP\" \/>\n<meta property=\"og:description\" content=\"Franco Sardelli se re\u00fane com Omar Najar para discutir o futuro de Americana.\" \/>\n<meta property=\"og:url\" content=\"https:\/\/www.encontraamericana.com.br\/guia\/franco-sardelli-visita-omar-najar-ex\/\" \/>\n<meta property=\"og:site_name\" content=\"Guia Comercial de Americana SP\" \/>\n<meta property=\"article:published_time\" content=\"2026-08-12T05:11:16+00:00\" \/>\n<meta property=\"og:image\" content=\"https:\/\/www.encontraamericana.com.br\/guia\/wp-content\/uploads\/2026\/08\/franco-sardelli-visita-omar-najar-ex.webp\" \/>\n<meta name=\"author\" content=\"Encontra Americana\" \/>\n<meta name=\"twitter:card\" content=\"summary_large_image\" \/>\n<meta name=\"twitter:label1\" content=\"Escrito por\" \/>\n\t<meta name=\"twitter:data1\" content=\"Encontra Americana\" \/>\n\t<meta name=\"twitter:label2\" content=\"Est. tempo de leitura\" \/>\n\t<meta name=\"twitter:data2\" content=\"7 minutos\" \/>\n<script type=\"application\/ld+json\" class=\"yoast-schema-graph\">{\"@context\":\"https:\\\/\\\/schema.org\",\"@graph\":[{\"@type\":\"Article\",\"@id\":\"https:\\\/\\\/www.encontraamericana.com.br\\\/guia\\\/franco-sardelli-visita-omar-najar-ex\\\/#article\",\"isPartOf\":{\"@id\":\"https:\\\/\\\/www.encontraamericana.com.br\\\/guia\\\/franco-sardelli-visita-omar-najar-ex\\\/\"},\"author\":{\"name\":\"Encontra Americana\",\"@id\":\"https:\\\/\\\/www.encontraamericana.com.br\\\/guia\\\/#\\\/schema\\\/person\\\/515cbc6082144e7445cab98211d14f9b\"},\"headline\":\"Franco Sardelli visita Omar Najar, ex\",\"datePublished\":\"2026-08-12T05:11:16+00:00\",\"mainEntityOfPage\":{\"@id\":\"https:\\\/\\\/www.encontraamericana.com.br\\\/guia\\\/franco-sardelli-visita-omar-najar-ex\\\/\"},\"wordCount\":1395,\"commentCount\":0,\"image\":{\"@id\":\"https:\\\/\\\/www.encontraamericana.com.br\\\/guia\\\/franco-sardelli-visita-omar-najar-ex\\\/#primaryimage\"},\"thumbnailUrl\":\"https:\\\/\\\/www.encontraamericana.com.br\\\/guia\\\/wp-content\\\/uploads\\\/2026\\\/08\\\/franco-sardelli-visita-omar-najar-ex.webp\",\"articleSection\":[\"Not\u00edcias Americana\"],\"inLanguage\":\"pt-BR\",\"potentialAction\":[{\"@type\":\"CommentAction\",\"name\":\"Comment\",\"target\":[\"https:\\\/\\\/www.encontraamericana.com.br\\\/guia\\\/franco-sardelli-visita-omar-najar-ex\\\/#respond\"]}]},{\"@type\":\"WebPage\",\"@id\":\"https:\\\/\\\/www.encontraamericana.com.br\\\/guia\\\/franco-sardelli-visita-omar-najar-ex\\\/\",\"url\":\"https:\\\/\\\/www.encontraamericana.com.br\\\/guia\\\/franco-sardelli-visita-omar-najar-ex\\\/\",\"name\":\"Franco Sardelli visita Omar Najar, ex | Guia Comercial de Americana SP\",\"isPartOf\":{\"@id\":\"https:\\\/\\\/www.encontraamericana.com.br\\\/guia\\\/#website\"},\"primaryImageOfPage\":{\"@id\":\"https:\\\/\\\/www.encontraamericana.com.br\\\/guia\\\/franco-sardelli-visita-omar-najar-ex\\\/#primaryimage\"},\"image\":{\"@id\":\"https:\\\/\\\/www.encontraamericana.com.br\\\/guia\\\/franco-sardelli-visita-omar-najar-ex\\\/#primaryimage\"},\"thumbnailUrl\":\"https:\\\/\\\/www.encontraamericana.com.br\\\/guia\\\/wp-content\\\/uploads\\\/2026\\\/08\\\/franco-sardelli-visita-omar-najar-ex.webp\",\"datePublished\":\"2026-08-12T05:11:16+00:00\",\"author\":{\"@id\":\"https:\\\/\\\/www.encontraamericana.com.br\\\/guia\\\/#\\\/schema\\\/person\\\/515cbc6082144e7445cab98211d14f9b\"},\"inLanguage\":\"pt-BR\",\"potentialAction\":[{\"@type\":\"ReadAction\",\"target\":[\"https:\\\/\\\/www.encontraamericana.com.br\\\/guia\\\/franco-sardelli-visita-omar-najar-ex\\\/\"]}]},{\"@type\":\"ImageObject\",\"inLanguage\":\"pt-BR\",\"@id\":\"https:\\\/\\\/www.encontraamericana.com.br\\\/guia\\\/franco-sardelli-visita-omar-najar-ex\\\/#primaryimage\",\"url\":\"https:\\\/\\\/www.encontraamericana.com.br\\\/guia\\\/wp-content\\\/uploads\\\/2026\\\/08\\\/franco-sardelli-visita-omar-najar-ex.webp\",\"contentUrl\":\"https:\\\/\\\/www.encontraamericana.com.br\\\/guia\\\/wp-content\\\/uploads\\\/2026\\\/08\\\/franco-sardelli-visita-omar-najar-ex.webp\",\"width\":280,\"height\":280,\"caption\":\"Franco Sardelli visita Omar Najar\"},{\"@type\":\"WebSite\",\"@id\":\"https:\\\/\\\/www.encontraamericana.com.br\\\/guia\\\/#website\",\"url\":\"https:\\\/\\\/www.encontraamericana.com.br\\\/guia\\\/\",\"name\":\"Guia Comercial de Americana SP\",\"description\":\"ENCONTRA AMERICANA - O guia comercial de neg\u00f3cios e empresas, cultura e divers\u00e3o na cidade de Americana. Feito 100% para voc\u00ea morador!\",\"potentialAction\":[{\"@type\":\"SearchAction\",\"target\":{\"@type\":\"EntryPoint\",\"urlTemplate\":\"https:\\\/\\\/www.encontraamericana.com.br\\\/guia\\\/?s={search_term_string}\"},\"query-input\":{\"@type\":\"PropertyValueSpecification\",\"valueRequired\":true,\"valueName\":\"search_term_string\"}}],\"inLanguage\":\"pt-BR\"},{\"@type\":\"Person\",\"@id\":\"https:\\\/\\\/www.encontraamericana.com.br\\\/guia\\\/#\\\/schema\\\/person\\\/515cbc6082144e7445cab98211d14f9b\",\"name\":\"Encontra Americana\",\"image\":{\"@type\":\"ImageObject\",\"inLanguage\":\"pt-BR\",\"@id\":\"https:\\\/\\\/secure.gravatar.com\\\/avatar\\\/c50c17820bcf322f0a8fd6b110b8c0918141409dc69076470f6fca5fee70a5d4?s=96&d=mm&r=g\",\"url\":\"https:\\\/\\\/secure.gravatar.com\\\/avatar\\\/c50c17820bcf322f0a8fd6b110b8c0918141409dc69076470f6fca5fee70a5d4?s=96&d=mm&r=g\",\"contentUrl\":\"https:\\\/\\\/secure.gravatar.com\\\/avatar\\\/c50c17820bcf322f0a8fd6b110b8c0918141409dc69076470f6fca5fee70a5d4?s=96&d=mm&r=g\",\"caption\":\"Encontra Americana\"},\"url\":\"https:\\\/\\\/www.encontraamericana.com.br\\\/guia\\\/author\\\/encontraamericana\\\/\"}]}<\/script>\n<!-- \/ Yoast SEO plugin. -->","yoast_head_json":{"title":"Franco Sardelli visita Omar Najar, ex | Guia Comercial de Americana SP","robots":{"index":"index","follow":"follow","max-snippet":"max-snippet:-1","max-image-preview":"max-image-preview:large","max-video-preview":"max-video-preview:-1"},"canonical":"https:\/\/www.encontraamericana.com.br\/guia\/franco-sardelli-visita-omar-najar-ex\/","og_locale":"pt_BR","og_type":"article","og_title":"Franco Sardelli visita Omar Najar, ex | Guia Comercial de Americana SP","og_description":"Franco Sardelli se re\u00fane com Omar Najar para discutir o futuro de Americana.","og_url":"https:\/\/www.encontraamericana.com.br\/guia\/franco-sardelli-visita-omar-najar-ex\/","og_site_name":"Guia Comercial de Americana SP","article_published_time":"2026-08-12T05:11:16+00:00","og_image":[{"url":"https:\/\/www.encontraamericana.com.br\/guia\/wp-content\/uploads\/2026\/08\/franco-sardelli-visita-omar-najar-ex.webp","type":"","width":"","height":""}],"author":"Encontra Americana","twitter_card":"summary_large_image","twitter_misc":{"Escrito por":"Encontra Americana","Est. tempo de leitura":"7 minutos"},"schema":{"@context":"https:\/\/schema.org","@graph":[{"@type":"Article","@id":"https:\/\/www.encontraamericana.com.br\/guia\/franco-sardelli-visita-omar-najar-ex\/#article","isPartOf":{"@id":"https:\/\/www.encontraamericana.com.br\/guia\/franco-sardelli-visita-omar-najar-ex\/"},"author":{"name":"Encontra Americana","@id":"https:\/\/www.encontraamericana.com.br\/guia\/#\/schema\/person\/515cbc6082144e7445cab98211d14f9b"},"headline":"Franco Sardelli visita Omar Najar, ex","datePublished":"2026-08-12T05:11:16+00:00","mainEntityOfPage":{"@id":"https:\/\/www.encontraamericana.com.br\/guia\/franco-sardelli-visita-omar-najar-ex\/"},"wordCount":1395,"commentCount":0,"image":{"@id":"https:\/\/www.encontraamericana.com.br\/guia\/franco-sardelli-visita-omar-najar-ex\/#primaryimage"},"thumbnailUrl":"https:\/\/www.encontraamericana.com.br\/guia\/wp-content\/uploads\/2026\/08\/franco-sardelli-visita-omar-najar-ex.webp","articleSection":["Not\u00edcias Americana"],"inLanguage":"pt-BR","potentialAction":[{"@type":"CommentAction","name":"Comment","target":["https:\/\/www.encontraamericana.com.br\/guia\/franco-sardelli-visita-omar-najar-ex\/#respond"]}]},{"@type":"WebPage","@id":"https:\/\/www.encontraamericana.com.br\/guia\/franco-sardelli-visita-omar-najar-ex\/","url":"https:\/\/www.encontraamericana.com.br\/guia\/franco-sardelli-visita-omar-najar-ex\/","name":"Franco Sardelli visita Omar Najar, ex | Guia Comercial de Americana SP","isPartOf":{"@id":"https:\/\/www.encontraamericana.com.br\/guia\/#website"},"primaryImageOfPage":{"@id":"https:\/\/www.encontraamericana.com.br\/guia\/franco-sardelli-visita-omar-najar-ex\/#primaryimage"},"image":{"@id":"https:\/\/www.encontraamericana.com.br\/guia\/franco-sardelli-visita-omar-najar-ex\/#primaryimage"},"thumbnailUrl":"https:\/\/www.encontraamericana.com.br\/guia\/wp-content\/uploads\/2026\/08\/franco-sardelli-visita-omar-najar-ex.webp","datePublished":"2026-08-12T05:11:16+00:00","author":{"@id":"https:\/\/www.encontraamericana.com.br\/guia\/#\/schema\/person\/515cbc6082144e7445cab98211d14f9b"},"inLanguage":"pt-BR","potentialAction":[{"@type":"ReadAction","target":["https:\/\/www.encontraamericana.com.br\/guia\/franco-sardelli-visita-omar-najar-ex\/"]}]},{"@type":"ImageObject","inLanguage":"pt-BR","@id":"https:\/\/www.encontraamericana.com.br\/guia\/franco-sardelli-visita-omar-najar-ex\/#primaryimage","url":"https:\/\/www.encontraamericana.com.br\/guia\/wp-content\/uploads\/2026\/08\/franco-sardelli-visita-omar-najar-ex.webp","contentUrl":"https:\/\/www.encontraamericana.com.br\/guia\/wp-content\/uploads\/2026\/08\/franco-sardelli-visita-omar-najar-ex.webp","width":280,"height":280,"caption":"Franco Sardelli visita Omar Najar"},{"@type":"WebSite","@id":"https:\/\/www.encontraamericana.com.br\/guia\/#website","url":"https:\/\/www.encontraamericana.com.br\/guia\/","name":"Guia Comercial de Americana SP","description":"ENCONTRA AMERICANA - O guia comercial de neg\u00f3cios e empresas, cultura e divers\u00e3o na cidade de Americana. Feito 100% para voc\u00ea morador!","potentialAction":[{"@type":"SearchAction","target":{"@type":"EntryPoint","urlTemplate":"https:\/\/www.encontraamericana.com.br\/guia\/?s={search_term_string}"},"query-input":{"@type":"PropertyValueSpecification","valueRequired":true,"valueName":"search_term_string"}}],"inLanguage":"pt-BR"},{"@type":"Person","@id":"https:\/\/www.encontraamericana.com.br\/guia\/#\/schema\/person\/515cbc6082144e7445cab98211d14f9b","name":"Encontra Americana","image":{"@type":"ImageObject","inLanguage":"pt-BR","@id":"https:\/\/secure.gravatar.com\/avatar\/c50c17820bcf322f0a8fd6b110b8c0918141409dc69076470f6fca5fee70a5d4?s=96&d=mm&r=g","url":"https:\/\/secure.gravatar.com\/avatar\/c50c17820bcf322f0a8fd6b110b8c0918141409dc69076470f6fca5fee70a5d4?s=96&d=mm&r=g","contentUrl":"https:\/\/secure.gravatar.com\/avatar\/c50c17820bcf322f0a8fd6b110b8c0918141409dc69076470f6fca5fee70a5d4?s=96&d=mm&r=g","caption":"Encontra Americana"},"url":"https:\/\/www.encontraamericana.com.br\/guia\/author\/encontraamericana\/"}]}},"_links":{"self":[{"href":"https:\/\/www.encontraamericana.com.br\/guia\/wp-json\/wp\/v2\/posts\/6950","targetHints":{"allow":["GET"]}}],"collection":[{"href":"https:\/\/www.encontraamericana.com.br\/guia\/wp-json\/wp\/v2\/posts"}],"about":[{"href":"https:\/\/www.encontraamericana.com.br\/guia\/wp-json\/wp\/v2\/types\/post"}],"author":[{"embeddable":true,"href":"https:\/\/www.encontraamericana.com.br\/guia\/wp-json\/wp\/v2\/users\/1"}],"replies":[{"embeddable":true,"href":"https:\/\/www.encontraamericana.com.br\/guia\/wp-json\/wp\/v2\/comments?post=6950"}],"version-history":[{"count":0,"href":"https:\/\/www.encontraamericana.com.br\/guia\/wp-json\/wp\/v2\/posts\/6950\/revisions"}],"wp:featuredmedia":[{"embeddable":true,"href":"https:\/\/www.encontraamericana.com.br\/guia\/wp-json\/wp\/v2\/media\/6949"}],"wp:attachment":[{"href":"https:\/\/www.encontraamericana.com.br\/guia\/wp-json\/wp\/v2\/media?parent=6950"}],"wp:term":[{"taxonomy":"category","embeddable":true,"href":"https:\/\/www.encontraamericana.com.br\/guia\/wp-json\/wp\/v2\/categories?post=6950"},{"taxonomy":"post_tag","embeddable":true,"href":"https:\/\/www.encontraamericana.com.br\/guia\/wp-json\/wp\/v2\/tags?post=6950"}],"curies":[{"name":"wp","href":"https:\/\/api.w.org\/{rel}","templated":true}]}}