{"id":6978,"date":"2026-08-17T19:21:28","date_gmt":"2026-08-17T22:21:28","guid":{"rendered":"https:\/\/www.encontraamericana.com.br\/guia\/americana-forum-agosto-lilas-recebe-inscricoes-ate-sexta\/"},"modified":"2026-08-17T19:21:28","modified_gmt":"2026-08-17T22:21:28","slug":"americana-forum-agosto-lilas-recebe-inscricoes-ate-sexta","status":"publish","type":"post","link":"https:\/\/www.encontraamericana.com.br\/guia\/americana-forum-agosto-lilas-recebe-inscricoes-ate-sexta\/","title":{"rendered":"Americana: F\u00f3rum &#8216;Agosto Lil\u00e1s&#8217; recebe inscri\u00e7\u00f5es at\u00e9 sexta"},"content":{"rendered":"<h2>O que \u00e9 o F\u00f3rum &#8216;Agosto Lil\u00e1s&#8217;?<\/h2>\n<p>O <strong>F\u00f3rum &#8216;Agosto Lil\u00e1s&#8217;<\/strong> \u00e9 um evento significativo que visa abordar e discutir a viol\u00eancia contra a mulher, promovendo informa\u00e7\u00f5es e reflex\u00f5es sobre a tem\u00e1tica. Essa iniciativa integra a campanha &#8220;Agosto Lil\u00e1s&#8221;, que celebra os <strong>20 anos da Lei Maria da Penha<\/strong> e busca conscientizar a sociedade sobre a import\u00e2ncia de medidas efetivas de prote\u00e7\u00e3o e apoio \u00e0s mulheres em situa\u00e7\u00e3o de viol\u00eancia.<\/p>\n<h2>Inscri\u00e7\u00f5es e Participa\u00e7\u00e3o no Evento<\/h2>\n<p>A participa\u00e7\u00e3o no f\u00f3rum \u00e9 gratuita e as inscri\u00e7\u00f5es estar\u00e3o dispon\u00edveis at\u00e9 a pr\u00f3xima sexta-feira (21). Para se inscrever, os interessados devem acessar o site oficial da Prefeitura de Americana, onde um banner direcionando para a inscri\u00e7\u00e3o encontra-se na p\u00e1gina inicial. O evento ocorrer\u00e1 no dia 25 de agosto (ter\u00e7a-feira), das 8h30 \u00e0s 12h, no audit\u00f3rio da <strong>Secretaria de Assist\u00eancia Social e Direitos Humanos (SASDH)<\/strong> localizada na Rua Purus, n\u00ba 31, Jardim S\u00e3o Roque, em Americana.<\/p>\n<h2>Tema Central: Viol\u00eancia Contra a Mulher<\/h2>\n<p>O <strong>F\u00f3rum Agosto Lil\u00e1s<\/strong> se prop\u00f5e a ser um espa\u00e7o para discutir a atua\u00e7\u00e3o da <strong>Lei Maria da Penha<\/strong> na prote\u00e7\u00e3o das mulheres e as pr\u00e1ticas adotadas no atendimento das v\u00edtimas de viol\u00eancia. Al\u00e9m disso, o f\u00f3rum abordar\u00e1 as <strong>medidas protetivas<\/strong> que buscam combater o feminic\u00eddio e as formas de enfrentar a viol\u00eancia de g\u00eanero.<\/p>\n<p><img decoding=\"async\" src=\"https:\/\/www.encontraamericana.com.br\/guia\/wp-content\/uploads\/2026\/08\/americana-forum-agosto-lilas-recebe-inscricoes-ate-sexta.webp\" alt=\"\" loading=\"lazy\" \/><\/p>\n<h2>A Lei Maria da Penha e Sua Import\u00e2ncia<\/h2>\n<p>A <strong>Lei Maria da Penha<\/strong>, sancionada em 2006, \u00e9 um marco na luta pela prote\u00e7\u00e3o das mulheres no Brasil. Essa legisla\u00e7\u00e3o criou mecanismos que visam coibir a viol\u00eancia dom\u00e9stica e familiar, estabelecendo um sistema de puni\u00e7\u00f5es e amparo \u00e0s v\u00edtimas. O f\u00f3rum discutir\u00e1 como essa lei tem se mostrado um recurso pr\u00e1tico e eficiente para garantir a seguran\u00e7a e o acolhimento das mulheres em situa\u00e7\u00e3o de vulnerabilidade.<\/p>\n<h2>Objetivos do F\u00f3rum em Americana<\/h2>\n<p>Os principais objetivos do <strong>F\u00f3rum &#8216;Agosto Lil\u00e1s&#8217;<\/strong> incluem:<\/p>\n<ul>\n<li><strong>Discutir pol\u00edticas p\u00fablicas<\/strong> voltadas ao enfrentamento da viol\u00eancia contra a mulher.<\/li>\n<li><strong>Sensibilizar a comunidade<\/strong> sobre a realidade da viol\u00eancia de g\u00eanero e seus impactos sociais.<\/li>\n<li><strong>Fortalecer a rede de prote\u00e7\u00e3o<\/strong> \u00e0 mulher na cidade de Americana.<\/li>\n<li><strong>Aumentar o conhecimento<\/strong> sobre direitos e mecanismos de den\u00fancia dispon\u00edveis.<\/li>\n<li><strong>Refletir sobre as medidas protetivas<\/strong> e sua efic\u00e1cia no combate ao feminic\u00eddio.<\/li>\n<\/ul>\n<h2>Programa\u00e7\u00e3o do Evento<\/h2>\n<p>A programa\u00e7\u00e3o do f\u00f3rum conta com diversas atividades, onde representantes da rede de atendimento trocar\u00e3o experi\u00eancias e conhecimentos sobre o suporte \u00e0s mulheres que sofreram viol\u00eancia. O evento ser\u00e1 dividido em diferentes momentos, incluindo palestras e debates.<\/p>\n<ul>\n<li><strong>Abertura oficial:<\/strong> Discurso de autoridades \u00e0s 8h30.<\/li>\n<li><strong>Talk 1:<\/strong> &#8220;20 anos da Lei Maria da Penha&#8221; com uma mesa de discuss\u00f5es, a partir das 9h00.<\/li>\n<li><strong>Intera\u00e7\u00f5es com o p\u00fablico:<\/strong> Espa\u00e7o para perguntas e coment\u00e1rios \u00e0s 10h10.<\/li>\n<li><strong>Coffee Break:<\/strong> Para intera\u00e7\u00e3o e networking, \u00e0s 10h30.<\/li>\n<li><strong>Apresenta\u00e7\u00e3o musical:<\/strong> Com a participa\u00e7\u00e3o de artistas locais, \u00e0s 10h50.<\/li>\n<li><strong>Talk 2:<\/strong> Discuss\u00e3o sobre &#8220;Feminic\u00eddio \u2013 Medidas Protetivas Salvam&#8221; \u00e0s 11h10.<\/li>\n<li><strong>Encerramento:<\/strong> Previsto para \u00e0s 12h.<\/li>\n<\/ul>\n<h2>Convidados Especiais e Palestrantes<\/h2>\n<p>O evento contar\u00e1 com a participa\u00e7\u00e3o de renomados palestrantes e especialistas na \u00e1rea, como:<\/p>\n<ul>\n<li><strong>Dr. Edson Ant\u00f4nio dos Santos:<\/strong> Representante da Delegacia de Defesa da Mulher.<\/li>\n<li><strong>J\u00e9ssica Pollyane Neves Paulo Archanjo:<\/strong> Inspetora da Patrulha Maria da Penha.<\/li>\n<li><strong>Dra. Candice Fabri Fanti:<\/strong> M\u00e9dica legista da Sala Lil\u00e1s.<\/li>\n<li><strong>K\u00e1tia Cristina Ravagnani Elias:<\/strong> Coordenadora da Prote\u00e7\u00e3o Especial da Assist\u00eancia Social.<\/li>\n<li><strong>Juiz de Direito Prof. Dr. Wendell Lopes Barbosa de Souza:<\/strong> Especialista em feminic\u00eddio e medidas protetivas.<\/li>\n<\/ul>\n<h2>Como a Comunidade Pode Participar<\/h2>\n<p>A participa\u00e7\u00e3o da comunidade \u00e9 fundamental para o sucesso do f\u00f3rum. Os cidad\u00e3os que desejam se envolver devem:<\/p>\n<ul>\n<li><strong>Participar das discuss\u00f5es:<\/strong> Comparecer ao evento e contribuir com perguntas e coment\u00e1rios.<\/li>\n<li><strong>Divulgar informa\u00e7\u00f5es:<\/strong> Compartilhar o evento com amigos e familiares para aumentar a conscientiza\u00e7\u00e3o.<\/li>\n<li><strong>Engajar-se nas redes sociais:<\/strong> Acompanhar as redes da Prefeitura de Americana para mais informa\u00e7\u00f5es e atualiza\u00e7\u00f5es sobre o evento.<\/li>\n<\/ul>\n<h2>A Import\u00e2ncia das Pol\u00edticas P\u00fablicas<\/h2>\n<p>As <strong>pol\u00edticas p\u00fablicas<\/strong> s\u00e3o essenciais para a luta contra a viol\u00eancia de g\u00eanero e t\u00eam um papel crucial na constru\u00e7\u00e3o de um sistema de prote\u00e7\u00e3o eficiente. Atrav\u00e9s de pol\u00edticas bem estruturadas, \u00e9 poss\u00edvel atender \u00e0s necessidades das v\u00edtimas, garantir sua seguran\u00e7a e promover uma cultura de respeito e igualdade entre os g\u00eaneros.<\/p>\n<h2>Futuras A\u00e7\u00f5es e Compromissos<\/h2>\n<p>Al\u00e9m do f\u00f3rum, a Prefeitura de Americana e o Comit\u00ea Americana por Elas est\u00e3o comprometidos em desenvolver outras a\u00e7\u00f5es e campanhas que visam melhorar a qualidade de vida das mulheres, garantindo seus direitos e seguran\u00e7a. Isso inclui a capacita\u00e7\u00e3o de profissionais, a promo\u00e7\u00e3o de di\u00e1logos entre a comunidade e o poder p\u00fablico, e a continuidade das campanhas de conscientiza\u00e7\u00e3o.<\/p>\n","protected":false},"excerpt":{"rendered":"<p>F\u00f3rum &#8216;Agosto Lil\u00e1s&#8217; em Americana discute o combate \u00e0 viol\u00eancia contra a mulher.<\/p>\n","protected":false},"author":1,"featured_media":6977,"comment_status":"open","ping_status":"open","sticky":false,"template":"","format":"standard","meta":{"footnotes":""},"categories":[896],"tags":[],"class_list":["post-6978","post","type-post","status-publish","format-standard","has-post-thumbnail","hentry","category-cursos","has_thumb"],"yoast_head":"<!-- This site is optimized with the Yoast SEO plugin v27.6 - https:\/\/yoast.com\/product\/yoast-seo-wordpress\/ -->\n<title>Americana: F\u00f3rum &#039;Agosto Lil\u00e1s&#039; recebe inscri\u00e7\u00f5es at\u00e9 sexta | Guia Comercial de Americana SP<\/title>\n<meta name=\"robots\" content=\"index, follow, max-snippet:-1, max-image-preview:large, max-video-preview:-1\" \/>\n<link rel=\"canonical\" href=\"https:\/\/www.encontraamericana.com.br\/guia\/americana-forum-agosto-lilas-recebe-inscricoes-ate-sexta\/\" \/>\n<meta property=\"og:locale\" content=\"pt_BR\" \/>\n<meta property=\"og:type\" content=\"article\" \/>\n<meta property=\"og:title\" content=\"Americana: F\u00f3rum &#039;Agosto Lil\u00e1s&#039; recebe inscri\u00e7\u00f5es at\u00e9 sexta | Guia Comercial de Americana SP\" \/>\n<meta property=\"og:description\" content=\"F\u00f3rum &#039;Agosto Lil\u00e1s&#039; em Americana discute o combate \u00e0 viol\u00eancia contra a mulher.\" \/>\n<meta property=\"og:url\" content=\"https:\/\/www.encontraamericana.com.br\/guia\/americana-forum-agosto-lilas-recebe-inscricoes-ate-sexta\/\" \/>\n<meta property=\"og:site_name\" content=\"Guia Comercial de Americana SP\" \/>\n<meta property=\"article:published_time\" content=\"2026-08-17T22:21:28+00:00\" \/>\n<meta property=\"og:image\" content=\"https:\/\/www.encontraamericana.com.br\/guia\/wp-content\/uploads\/2026\/08\/americana-forum-agosto-lilas-recebe-inscricoes-ate-sexta.webp\" \/>\n<meta name=\"author\" content=\"Encontra Americana\" \/>\n<meta name=\"twitter:card\" content=\"summary_large_image\" \/>\n<meta name=\"twitter:label1\" content=\"Escrito por\" \/>\n\t<meta name=\"twitter:data1\" content=\"Encontra Americana\" \/>\n\t<meta name=\"twitter:label2\" content=\"Est. tempo de leitura\" \/>\n\t<meta name=\"twitter:data2\" content=\"4 minutos\" \/>\n<script type=\"application\/ld+json\" class=\"yoast-schema-graph\">{\"@context\":\"https:\\\/\\\/schema.org\",\"@graph\":[{\"@type\":\"Article\",\"@id\":\"https:\\\/\\\/www.encontraamericana.com.br\\\/guia\\\/americana-forum-agosto-lilas-recebe-inscricoes-ate-sexta\\\/#article\",\"isPartOf\":{\"@id\":\"https:\\\/\\\/www.encontraamericana.com.br\\\/guia\\\/americana-forum-agosto-lilas-recebe-inscricoes-ate-sexta\\\/\"},\"author\":{\"name\":\"Encontra Americana\",\"@id\":\"https:\\\/\\\/www.encontraamericana.com.br\\\/guia\\\/#\\\/schema\\\/person\\\/515cbc6082144e7445cab98211d14f9b\"},\"headline\":\"Americana: F\u00f3rum &#8216;Agosto Lil\u00e1s&#8217; recebe inscri\u00e7\u00f5es at\u00e9 sexta\",\"datePublished\":\"2026-08-17T22:21:28+00:00\",\"mainEntityOfPage\":{\"@id\":\"https:\\\/\\\/www.encontraamericana.com.br\\\/guia\\\/americana-forum-agosto-lilas-recebe-inscricoes-ate-sexta\\\/\"},\"wordCount\":855,\"commentCount\":0,\"image\":{\"@id\":\"https:\\\/\\\/www.encontraamericana.com.br\\\/guia\\\/americana-forum-agosto-lilas-recebe-inscricoes-ate-sexta\\\/#primaryimage\"},\"thumbnailUrl\":\"https:\\\/\\\/www.encontraamericana.com.br\\\/guia\\\/wp-content\\\/uploads\\\/2026\\\/08\\\/americana-forum-agosto-lilas-recebe-inscricoes-ate-sexta.webp\",\"articleSection\":[\"Cursos Americana\"],\"inLanguage\":\"pt-BR\",\"potentialAction\":[{\"@type\":\"CommentAction\",\"name\":\"Comment\",\"target\":[\"https:\\\/\\\/www.encontraamericana.com.br\\\/guia\\\/americana-forum-agosto-lilas-recebe-inscricoes-ate-sexta\\\/#respond\"]}]},{\"@type\":\"WebPage\",\"@id\":\"https:\\\/\\\/www.encontraamericana.com.br\\\/guia\\\/americana-forum-agosto-lilas-recebe-inscricoes-ate-sexta\\\/\",\"url\":\"https:\\\/\\\/www.encontraamericana.com.br\\\/guia\\\/americana-forum-agosto-lilas-recebe-inscricoes-ate-sexta\\\/\",\"name\":\"Americana: F\u00f3rum 'Agosto Lil\u00e1s' recebe inscri\u00e7\u00f5es at\u00e9 sexta | Guia Comercial de Americana SP\",\"isPartOf\":{\"@id\":\"https:\\\/\\\/www.encontraamericana.com.br\\\/guia\\\/#website\"},\"primaryImageOfPage\":{\"@id\":\"https:\\\/\\\/www.encontraamericana.com.br\\\/guia\\\/americana-forum-agosto-lilas-recebe-inscricoes-ate-sexta\\\/#primaryimage\"},\"image\":{\"@id\":\"https:\\\/\\\/www.encontraamericana.com.br\\\/guia\\\/americana-forum-agosto-lilas-recebe-inscricoes-ate-sexta\\\/#primaryimage\"},\"thumbnailUrl\":\"https:\\\/\\\/www.encontraamericana.com.br\\\/guia\\\/wp-content\\\/uploads\\\/2026\\\/08\\\/americana-forum-agosto-lilas-recebe-inscricoes-ate-sexta.webp\",\"datePublished\":\"2026-08-17T22:21:28+00:00\",\"author\":{\"@id\":\"https:\\\/\\\/www.encontraamericana.com.br\\\/guia\\\/#\\\/schema\\\/person\\\/515cbc6082144e7445cab98211d14f9b\"},\"inLanguage\":\"pt-BR\",\"potentialAction\":[{\"@type\":\"ReadAction\",\"target\":[\"https:\\\/\\\/www.encontraamericana.com.br\\\/guia\\\/americana-forum-agosto-lilas-recebe-inscricoes-ate-sexta\\\/\"]}]},{\"@type\":\"ImageObject\",\"inLanguage\":\"pt-BR\",\"@id\":\"https:\\\/\\\/www.encontraamericana.com.br\\\/guia\\\/americana-forum-agosto-lilas-recebe-inscricoes-ate-sexta\\\/#primaryimage\",\"url\":\"https:\\\/\\\/www.encontraamericana.com.br\\\/guia\\\/wp-content\\\/uploads\\\/2026\\\/08\\\/americana-forum-agosto-lilas-recebe-inscricoes-ate-sexta.webp\",\"contentUrl\":\"https:\\\/\\\/www.encontraamericana.com.br\\\/guia\\\/wp-content\\\/uploads\\\/2026\\\/08\\\/americana-forum-agosto-lilas-recebe-inscricoes-ate-sexta.webp\",\"width\":280,\"height\":280},{\"@type\":\"WebSite\",\"@id\":\"https:\\\/\\\/www.encontraamericana.com.br\\\/guia\\\/#website\",\"url\":\"https:\\\/\\\/www.encontraamericana.com.br\\\/guia\\\/\",\"name\":\"Guia Comercial de Americana SP\",\"description\":\"ENCONTRA AMERICANA - O guia comercial de neg\u00f3cios e empresas, cultura e divers\u00e3o na cidade de Americana. Feito 100% para voc\u00ea morador!\",\"potentialAction\":[{\"@type\":\"SearchAction\",\"target\":{\"@type\":\"EntryPoint\",\"urlTemplate\":\"https:\\\/\\\/www.encontraamericana.com.br\\\/guia\\\/?s={search_term_string}\"},\"query-input\":{\"@type\":\"PropertyValueSpecification\",\"valueRequired\":true,\"valueName\":\"search_term_string\"}}],\"inLanguage\":\"pt-BR\"},{\"@type\":\"Person\",\"@id\":\"https:\\\/\\\/www.encontraamericana.com.br\\\/guia\\\/#\\\/schema\\\/person\\\/515cbc6082144e7445cab98211d14f9b\",\"name\":\"Encontra Americana\",\"image\":{\"@type\":\"ImageObject\",\"inLanguage\":\"pt-BR\",\"@id\":\"https:\\\/\\\/secure.gravatar.com\\\/avatar\\\/c50c17820bcf322f0a8fd6b110b8c0918141409dc69076470f6fca5fee70a5d4?s=96&d=mm&r=g\",\"url\":\"https:\\\/\\\/secure.gravatar.com\\\/avatar\\\/c50c17820bcf322f0a8fd6b110b8c0918141409dc69076470f6fca5fee70a5d4?s=96&d=mm&r=g\",\"contentUrl\":\"https:\\\/\\\/secure.gravatar.com\\\/avatar\\\/c50c17820bcf322f0a8fd6b110b8c0918141409dc69076470f6fca5fee70a5d4?s=96&d=mm&r=g\",\"caption\":\"Encontra Americana\"},\"url\":\"https:\\\/\\\/www.encontraamericana.com.br\\\/guia\\\/author\\\/encontraamericana\\\/\"}]}<\/script>\n<!-- \/ Yoast SEO plugin. -->","yoast_head_json":{"title":"Americana: F\u00f3rum 'Agosto Lil\u00e1s' recebe inscri\u00e7\u00f5es at\u00e9 sexta | Guia Comercial de Americana SP","robots":{"index":"index","follow":"follow","max-snippet":"max-snippet:-1","max-image-preview":"max-image-preview:large","max-video-preview":"max-video-preview:-1"},"canonical":"https:\/\/www.encontraamericana.com.br\/guia\/americana-forum-agosto-lilas-recebe-inscricoes-ate-sexta\/","og_locale":"pt_BR","og_type":"article","og_title":"Americana: F\u00f3rum 'Agosto Lil\u00e1s' recebe inscri\u00e7\u00f5es at\u00e9 sexta | Guia Comercial de Americana SP","og_description":"F\u00f3rum 'Agosto Lil\u00e1s' em Americana discute o combate \u00e0 viol\u00eancia contra a mulher.","og_url":"https:\/\/www.encontraamericana.com.br\/guia\/americana-forum-agosto-lilas-recebe-inscricoes-ate-sexta\/","og_site_name":"Guia Comercial de Americana SP","article_published_time":"2026-08-17T22:21:28+00:00","og_image":[{"url":"https:\/\/www.encontraamericana.com.br\/guia\/wp-content\/uploads\/2026\/08\/americana-forum-agosto-lilas-recebe-inscricoes-ate-sexta.webp","type":"","width":"","height":""}],"author":"Encontra Americana","twitter_card":"summary_large_image","twitter_misc":{"Escrito por":"Encontra Americana","Est. tempo de leitura":"4 minutos"},"schema":{"@context":"https:\/\/schema.org","@graph":[{"@type":"Article","@id":"https:\/\/www.encontraamericana.com.br\/guia\/americana-forum-agosto-lilas-recebe-inscricoes-ate-sexta\/#article","isPartOf":{"@id":"https:\/\/www.encontraamericana.com.br\/guia\/americana-forum-agosto-lilas-recebe-inscricoes-ate-sexta\/"},"author":{"name":"Encontra Americana","@id":"https:\/\/www.encontraamericana.com.br\/guia\/#\/schema\/person\/515cbc6082144e7445cab98211d14f9b"},"headline":"Americana: F\u00f3rum &#8216;Agosto Lil\u00e1s&#8217; recebe inscri\u00e7\u00f5es at\u00e9 sexta","datePublished":"2026-08-17T22:21:28+00:00","mainEntityOfPage":{"@id":"https:\/\/www.encontraamericana.com.br\/guia\/americana-forum-agosto-lilas-recebe-inscricoes-ate-sexta\/"},"wordCount":855,"commentCount":0,"image":{"@id":"https:\/\/www.encontraamericana.com.br\/guia\/americana-forum-agosto-lilas-recebe-inscricoes-ate-sexta\/#primaryimage"},"thumbnailUrl":"https:\/\/www.encontraamericana.com.br\/guia\/wp-content\/uploads\/2026\/08\/americana-forum-agosto-lilas-recebe-inscricoes-ate-sexta.webp","articleSection":["Cursos Americana"],"inLanguage":"pt-BR","potentialAction":[{"@type":"CommentAction","name":"Comment","target":["https:\/\/www.encontraamericana.com.br\/guia\/americana-forum-agosto-lilas-recebe-inscricoes-ate-sexta\/#respond"]}]},{"@type":"WebPage","@id":"https:\/\/www.encontraamericana.com.br\/guia\/americana-forum-agosto-lilas-recebe-inscricoes-ate-sexta\/","url":"https:\/\/www.encontraamericana.com.br\/guia\/americana-forum-agosto-lilas-recebe-inscricoes-ate-sexta\/","name":"Americana: F\u00f3rum 'Agosto Lil\u00e1s' recebe inscri\u00e7\u00f5es at\u00e9 sexta | Guia Comercial de Americana SP","isPartOf":{"@id":"https:\/\/www.encontraamericana.com.br\/guia\/#website"},"primaryImageOfPage":{"@id":"https:\/\/www.encontraamericana.com.br\/guia\/americana-forum-agosto-lilas-recebe-inscricoes-ate-sexta\/#primaryimage"},"image":{"@id":"https:\/\/www.encontraamericana.com.br\/guia\/americana-forum-agosto-lilas-recebe-inscricoes-ate-sexta\/#primaryimage"},"thumbnailUrl":"https:\/\/www.encontraamericana.com.br\/guia\/wp-content\/uploads\/2026\/08\/americana-forum-agosto-lilas-recebe-inscricoes-ate-sexta.webp","datePublished":"2026-08-17T22:21:28+00:00","author":{"@id":"https:\/\/www.encontraamericana.com.br\/guia\/#\/schema\/person\/515cbc6082144e7445cab98211d14f9b"},"inLanguage":"pt-BR","potentialAction":[{"@type":"ReadAction","target":["https:\/\/www.encontraamericana.com.br\/guia\/americana-forum-agosto-lilas-recebe-inscricoes-ate-sexta\/"]}]},{"@type":"ImageObject","inLanguage":"pt-BR","@id":"https:\/\/www.encontraamericana.com.br\/guia\/americana-forum-agosto-lilas-recebe-inscricoes-ate-sexta\/#primaryimage","url":"https:\/\/www.encontraamericana.com.br\/guia\/wp-content\/uploads\/2026\/08\/americana-forum-agosto-lilas-recebe-inscricoes-ate-sexta.webp","contentUrl":"https:\/\/www.encontraamericana.com.br\/guia\/wp-content\/uploads\/2026\/08\/americana-forum-agosto-lilas-recebe-inscricoes-ate-sexta.webp","width":280,"height":280},{"@type":"WebSite","@id":"https:\/\/www.encontraamericana.com.br\/guia\/#website","url":"https:\/\/www.encontraamericana.com.br\/guia\/","name":"Guia Comercial de Americana SP","description":"ENCONTRA AMERICANA - O guia comercial de neg\u00f3cios e empresas, cultura e divers\u00e3o na cidade de Americana. Feito 100% para voc\u00ea morador!","potentialAction":[{"@type":"SearchAction","target":{"@type":"EntryPoint","urlTemplate":"https:\/\/www.encontraamericana.com.br\/guia\/?s={search_term_string}"},"query-input":{"@type":"PropertyValueSpecification","valueRequired":true,"valueName":"search_term_string"}}],"inLanguage":"pt-BR"},{"@type":"Person","@id":"https:\/\/www.encontraamericana.com.br\/guia\/#\/schema\/person\/515cbc6082144e7445cab98211d14f9b","name":"Encontra Americana","image":{"@type":"ImageObject","inLanguage":"pt-BR","@id":"https:\/\/secure.gravatar.com\/avatar\/c50c17820bcf322f0a8fd6b110b8c0918141409dc69076470f6fca5fee70a5d4?s=96&d=mm&r=g","url":"https:\/\/secure.gravatar.com\/avatar\/c50c17820bcf322f0a8fd6b110b8c0918141409dc69076470f6fca5fee70a5d4?s=96&d=mm&r=g","contentUrl":"https:\/\/secure.gravatar.com\/avatar\/c50c17820bcf322f0a8fd6b110b8c0918141409dc69076470f6fca5fee70a5d4?s=96&d=mm&r=g","caption":"Encontra Americana"},"url":"https:\/\/www.encontraamericana.com.br\/guia\/author\/encontraamericana\/"}]}},"_links":{"self":[{"href":"https:\/\/www.encontraamericana.com.br\/guia\/wp-json\/wp\/v2\/posts\/6978","targetHints":{"allow":["GET"]}}],"collection":[{"href":"https:\/\/www.encontraamericana.com.br\/guia\/wp-json\/wp\/v2\/posts"}],"about":[{"href":"https:\/\/www.encontraamericana.com.br\/guia\/wp-json\/wp\/v2\/types\/post"}],"author":[{"embeddable":true,"href":"https:\/\/www.encontraamericana.com.br\/guia\/wp-json\/wp\/v2\/users\/1"}],"replies":[{"embeddable":true,"href":"https:\/\/www.encontraamericana.com.br\/guia\/wp-json\/wp\/v2\/comments?post=6978"}],"version-history":[{"count":0,"href":"https:\/\/www.encontraamericana.com.br\/guia\/wp-json\/wp\/v2\/posts\/6978\/revisions"}],"wp:featuredmedia":[{"embeddable":true,"href":"https:\/\/www.encontraamericana.com.br\/guia\/wp-json\/wp\/v2\/media\/6977"}],"wp:attachment":[{"href":"https:\/\/www.encontraamericana.com.br\/guia\/wp-json\/wp\/v2\/media?parent=6978"}],"wp:term":[{"taxonomy":"category","embeddable":true,"href":"https:\/\/www.encontraamericana.com.br\/guia\/wp-json\/wp\/v2\/categories?post=6978"},{"taxonomy":"post_tag","embeddable":true,"href":"https:\/\/www.encontraamericana.com.br\/guia\/wp-json\/wp\/v2\/tags?post=6978"}],"curies":[{"name":"wp","href":"https:\/\/api.w.org\/{rel}","templated":true}]}}