{"id":7000,"date":"2026-08-21T11:17:11","date_gmt":"2026-08-21T14:17:11","guid":{"rendered":"https:\/\/www.encontraamericana.com.br\/guia\/exposicao-materialidades-pode-ser-vista-no-mac-ate-31-de-agosto\/"},"modified":"2026-08-21T11:17:11","modified_gmt":"2026-08-21T14:17:11","slug":"exposicao-materialidades-pode-ser-vista-no-mac-ate-31-de-agosto","status":"publish","type":"post","link":"https:\/\/www.encontraamericana.com.br\/guia\/exposicao-materialidades-pode-ser-vista-no-mac-ate-31-de-agosto\/","title":{"rendered":"Exposi\u00e7\u00e3o \u201cMaterialidades\u201d pode ser vista no MAC at\u00e9 31 de agosto"},"content":{"rendered":"<h2>Visita\u00e7\u00e3o Gratuita ao MAC<\/h2>\n<p>A exposi\u00e7\u00e3o <strong>&#8220;Materialidades&#8221;<\/strong> est\u00e1 dispon\u00edvel para visita\u00e7\u00e3o at\u00e9 o dia 31 de agosto, no <strong>MAC<\/strong> (Museu de Arte Contempor\u00e2nea) de Americana. A secretaria de Cultura e Turismo da Prefeitura de Americana decidiu estender o per\u00edodo de visitas \u00e0 mostra, oferecendo aos cidad\u00e3os a oportunidade de apreciar obras de arte contempor\u00e2nea durante a semana. O MAC abre suas portas de segunda a sexta-feira, das 9h \u00e0s 17h, e a entrada para a mostra \u00e9 completamente gratuita. O museu est\u00e1 localizado no Centro de Cultura e Lazer (CCL), na Avenida Brasil, 1.293, no Jardim S\u00e3o Paulo.<\/p>\n<h2>O que \u00e9 a Exposi\u00e7\u00e3o Materialidades?<\/h2>\n<p>A exposi\u00e7\u00e3o &#8220;Materialidades&#8221; re\u00fane uma sele\u00e7\u00e3o distinta de produ\u00e7\u00f5es art\u00edsticas contempor\u00e2neas que utilizam materiais inusitados, rompendo fronteiras das linguagens art\u00edsticas tradicionais. Os trabalhos apresentados s\u00e3o frutos de um cuidadoso acervo institucional do MAC, destacando o uso de materiais diversos e inovadores que instigam reflex\u00f5es sobre a arte e a realidade atual. Com essa exposi\u00e7\u00e3o, o MAC se torna um espa\u00e7o de di\u00e1logo sobre a modernidade e as inquieta\u00e7\u00f5es do mundo atual a partir da est\u00e9tica contempor\u00e2nea.<\/p>\n<h2>Obras em Destaque da Exposi\u00e7\u00e3o<\/h2>\n<p>Na exposi\u00e7\u00e3o est\u00e3o inclu\u00eddas obras de renomados artistas como:<\/p>\n<p><img decoding=\"async\" src=\"https:\/\/www.encontraamericana.com.br\/guia\/wp-content\/uploads\/2026\/08\/exposicao-materialidades-pode-ser-vista-no-mac-ate-31-de-agosto.webp\" alt=\"exposi\u00e7\u00e3o materialidades\" loading=\"lazy\" \/><\/p>\n<ul>\n<li><strong>Alfredo Algud Samad<\/strong><\/li>\n<li><strong>Christina Polsel<\/strong><\/li>\n<li><strong>Leda Catunda<\/strong><\/li>\n<li><strong>S\u00e9rgio Romagnolo<\/strong><\/li>\n<li><strong>Quina Sobral<\/strong><\/li>\n<li><strong>Domitilia Coelho<\/strong><\/li>\n<li><strong>Paulo Miranda<\/strong><\/li>\n<li><strong>Schwanke<\/strong><\/li>\n<li><strong>Sylvia Furegatti<\/strong><\/li>\n<\/ul>\n<p>Esses artistas exploram uma variedade de formatos, utilizando elementos cotidianos, sobras de ind\u00fastrias, recursos da natureza e tecnologia digital para compor suas obras. Cada pe\u00e7a envolve uma narrativa \u00fanica que conecta a arte \u00e0 vida contempor\u00e2nea.<\/p>\n<h2>Artistas Participantes e Suas Cria\u00e7\u00f5es<\/h2>\n<p>Os artistas que comp\u00f5em a exposi\u00e7\u00e3o t\u00eam em comum a inquieta\u00e7\u00e3o em rela\u00e7\u00e3o aos materiais que escolheram para seus trabalhos. Eles usam<\/p>\n<ul>\n<li><strong>Pl\u00e1stico<\/strong><\/li>\n<li><strong>Metal reciclado<\/strong><\/li>\n<li><strong>Res\u00edduos org\u00e2nicos<\/strong><\/li>\n<li><strong>Componentes digitais<\/strong><\/li>\n<\/ul>\n<p>por meio dessas escolhas, provocam reflex\u00f5es sobre os temas do consumismo e a responsabilidade ambiental. Cada obra apresenta uma abordagem singular sobre como a arte pode ser um reflexo das quest\u00f5es atuais do nosso ambiente.<\/p>\n<h2>Import\u00e2ncia da Arte Contempor\u00e2nea<\/h2>\n<p>A arte contempor\u00e2nea desempenha um papel crucial na sociedade atual. Ela n\u00e3o apenas reflete as preocupa\u00e7\u00f5es modernas, mas tamb\u00e9m provoca e convida \u00e0 reflex\u00e3o. Atrav\u00e9s de suas cria\u00e7\u00f5es, os artistas contempor\u00e2neos desafiam as percep\u00e7\u00f5es tradicionais e oferecem novas maneiras de pensar sobre o mundo. A exposi\u00e7\u00e3o &#8220;Materialidades&#8221; \u00e9 um exemplo perfeito dessa rela\u00e7\u00e3o transformadora entre arte e sociedade, amplificando vozes e permitindo discuss\u00f5es relevantes sobre os desafios do nosso tempo.<\/p>\n<h2>Como a Exposi\u00e7\u00e3o Aborda o Consumismo<\/h2>\n<p>A exposi\u00e7\u00e3o se utiliza de obras que questionam diretamente o consumismo desenfreado da sociedade atual. Ao abordar como os materiais s\u00e3o escolhidos e utilizados nas cria\u00e7\u00f5es, os artistas comunicam uma mensagem sobre o impacto das nossas escolhas di\u00e1rias no meio ambiente. Um dos focos \u00e9 desmascarar a rela\u00e7\u00e3o entre produ\u00e7\u00e3o e consumo, incentivando o p\u00fablico a refletir sobre suas pr\u00f3prias a\u00e7\u00f5es e o consumo respons\u00e1vel.<\/p>\n<h2>Impacto Ambiental e Artistas<\/h2>\n<p>Al\u00e9m de desafiar o espectador a pensar sobre consumismo, as obras expostas discutem o impacto ambiental resultante da a\u00e7\u00e3o humana. Ao utilizar res\u00edduos e materiais reciclados, os artistas n\u00e3o apenas criam beleza, mas tamb\u00e9m abordam a urg\u00eancia das quest\u00f5es ecol\u00f3gicas. O uso consciente de materiais sugere uma rela\u00e7\u00e3o mais direta com o ambiente, fazendo com que o p\u00fablico considere o legado que estamos deixando para as futuras gera\u00e7\u00f5es.<\/p>\n<h2>Visitas Agendadas para Escolas<\/h2>\n<p>O MAC incentiva a visita\u00e7\u00e3o de grupos escolares, oferecendo a possibilidade de agendar visitas antecipadamente. As escolas interessadas podem entrar em contato pelo telefone (19) 3408-4825 ou pelo e-mail <a href=\"mailto:mac@americana.sp.gov.br\">mac@americana.sp.gov.br<\/a>. Essa \u00e9 uma excelente oportunidade para os alunos entrarem em contato com a arte contempor\u00e2nea e desenvolverem sua percep\u00e7\u00e3o cr\u00edtica sobre o mundo.<\/p>\n<h2>Depoimentos de Visitantes<\/h2>\n<p>Visitar a exposi\u00e7\u00e3o &#8220;Materialidades&#8221; tem sido uma experi\u00eancia enriquecedora para muitos. Os visitantes destacam:<\/p>\n<ul>\n<li>Oportunidade de refletir sobre os materiais e seu significado.<\/li>\n<li>A variedade de abordagens art\u00edsticas apresentadas.<\/li>\n<li>A relev\u00e2ncia das discuss\u00f5es contempor\u00e2neas trazidas pelas obras.<\/li>\n<\/ul>\n<p>A experi\u00eancia no MAC \u00e9 frequentemente descrita como transformadora, desafiando os visitantes a repensar sua rela\u00e7\u00e3o com a arte e o meio ambiente.<\/p>\n<h2>Pr\u00f3ximos Eventos no MAC<\/h2>\n<p>O MAC frequentemente organiza eventos e exposi\u00e7\u00f5es que complementam sua programa\u00e7\u00e3o art\u00edstica. Fique atento ao calend\u00e1rio cultural do museu para n\u00e3o perder as pr\u00f3ximas atividades, que incluem palestras, oficinas e novas exposi\u00e7\u00f5es que abordam temas contempor\u00e2neos e pertinentes. Estas iniciativas s\u00e3o valiosas para conectar a comunidade \u00e0 arte e \u00e0 cultura.<\/p>\n","protected":false},"excerpt":{"rendered":"<p>Exposi\u00e7\u00e3o \u201cMaterialidades\u201d no MAC revelando arte contempor\u00e2nea at\u00e9 31 de agosto.<\/p>\n","protected":false},"author":1,"featured_media":6999,"comment_status":"open","ping_status":"open","sticky":false,"template":"","format":"standard","meta":{"footnotes":""},"categories":[898],"tags":[],"class_list":["post-7000","post","type-post","status-publish","format-standard","has-post-thumbnail","hentry","category-exposicao","has_thumb"],"yoast_head":"<!-- This site is optimized with the Yoast SEO plugin v27.6 - https:\/\/yoast.com\/product\/yoast-seo-wordpress\/ -->\n<title>Exposi\u00e7\u00e3o \u201cMaterialidades\u201d pode ser vista no MAC at\u00e9 31 de agosto | Guia Comercial de Americana SP<\/title>\n<meta name=\"robots\" content=\"index, follow, max-snippet:-1, max-image-preview:large, max-video-preview:-1\" \/>\n<link rel=\"canonical\" href=\"https:\/\/www.encontraamericana.com.br\/guia\/exposicao-materialidades-pode-ser-vista-no-mac-ate-31-de-agosto\/\" \/>\n<meta property=\"og:locale\" content=\"pt_BR\" \/>\n<meta property=\"og:type\" content=\"article\" \/>\n<meta property=\"og:title\" content=\"Exposi\u00e7\u00e3o \u201cMaterialidades\u201d pode ser vista no MAC at\u00e9 31 de agosto | Guia Comercial de Americana SP\" \/>\n<meta property=\"og:description\" content=\"Exposi\u00e7\u00e3o \u201cMaterialidades\u201d no MAC revelando arte contempor\u00e2nea at\u00e9 31 de agosto.\" \/>\n<meta property=\"og:url\" content=\"https:\/\/www.encontraamericana.com.br\/guia\/exposicao-materialidades-pode-ser-vista-no-mac-ate-31-de-agosto\/\" \/>\n<meta property=\"og:site_name\" content=\"Guia Comercial de Americana SP\" \/>\n<meta property=\"article:published_time\" content=\"2026-08-21T14:17:11+00:00\" \/>\n<meta property=\"og:image\" content=\"https:\/\/www.encontraamericana.com.br\/guia\/wp-content\/uploads\/2026\/08\/exposicao-materialidades-pode-ser-vista-no-mac-ate-31-de-agosto.webp\" \/>\n<meta name=\"author\" content=\"Encontra Americana\" \/>\n<meta name=\"twitter:card\" content=\"summary_large_image\" \/>\n<meta name=\"twitter:label1\" content=\"Escrito por\" \/>\n\t<meta name=\"twitter:data1\" content=\"Encontra Americana\" \/>\n\t<meta name=\"twitter:label2\" content=\"Est. tempo de leitura\" \/>\n\t<meta name=\"twitter:data2\" content=\"4 minutos\" \/>\n<script type=\"application\/ld+json\" class=\"yoast-schema-graph\">{\"@context\":\"https:\\\/\\\/schema.org\",\"@graph\":[{\"@type\":\"Article\",\"@id\":\"https:\\\/\\\/www.encontraamericana.com.br\\\/guia\\\/exposicao-materialidades-pode-ser-vista-no-mac-ate-31-de-agosto\\\/#article\",\"isPartOf\":{\"@id\":\"https:\\\/\\\/www.encontraamericana.com.br\\\/guia\\\/exposicao-materialidades-pode-ser-vista-no-mac-ate-31-de-agosto\\\/\"},\"author\":{\"name\":\"Encontra Americana\",\"@id\":\"https:\\\/\\\/www.encontraamericana.com.br\\\/guia\\\/#\\\/schema\\\/person\\\/515cbc6082144e7445cab98211d14f9b\"},\"headline\":\"Exposi\u00e7\u00e3o \u201cMaterialidades\u201d pode ser vista no MAC at\u00e9 31 de agosto\",\"datePublished\":\"2026-08-21T14:17:11+00:00\",\"mainEntityOfPage\":{\"@id\":\"https:\\\/\\\/www.encontraamericana.com.br\\\/guia\\\/exposicao-materialidades-pode-ser-vista-no-mac-ate-31-de-agosto\\\/\"},\"wordCount\":812,\"commentCount\":0,\"image\":{\"@id\":\"https:\\\/\\\/www.encontraamericana.com.br\\\/guia\\\/exposicao-materialidades-pode-ser-vista-no-mac-ate-31-de-agosto\\\/#primaryimage\"},\"thumbnailUrl\":\"https:\\\/\\\/www.encontraamericana.com.br\\\/guia\\\/wp-content\\\/uploads\\\/2026\\\/08\\\/exposicao-materialidades-pode-ser-vista-no-mac-ate-31-de-agosto.webp\",\"articleSection\":[\"Exposi\u00e7\u00e3o Americana\"],\"inLanguage\":\"pt-BR\",\"potentialAction\":[{\"@type\":\"CommentAction\",\"name\":\"Comment\",\"target\":[\"https:\\\/\\\/www.encontraamericana.com.br\\\/guia\\\/exposicao-materialidades-pode-ser-vista-no-mac-ate-31-de-agosto\\\/#respond\"]}]},{\"@type\":\"WebPage\",\"@id\":\"https:\\\/\\\/www.encontraamericana.com.br\\\/guia\\\/exposicao-materialidades-pode-ser-vista-no-mac-ate-31-de-agosto\\\/\",\"url\":\"https:\\\/\\\/www.encontraamericana.com.br\\\/guia\\\/exposicao-materialidades-pode-ser-vista-no-mac-ate-31-de-agosto\\\/\",\"name\":\"Exposi\u00e7\u00e3o \u201cMaterialidades\u201d pode ser vista no MAC at\u00e9 31 de agosto | Guia Comercial de Americana SP\",\"isPartOf\":{\"@id\":\"https:\\\/\\\/www.encontraamericana.com.br\\\/guia\\\/#website\"},\"primaryImageOfPage\":{\"@id\":\"https:\\\/\\\/www.encontraamericana.com.br\\\/guia\\\/exposicao-materialidades-pode-ser-vista-no-mac-ate-31-de-agosto\\\/#primaryimage\"},\"image\":{\"@id\":\"https:\\\/\\\/www.encontraamericana.com.br\\\/guia\\\/exposicao-materialidades-pode-ser-vista-no-mac-ate-31-de-agosto\\\/#primaryimage\"},\"thumbnailUrl\":\"https:\\\/\\\/www.encontraamericana.com.br\\\/guia\\\/wp-content\\\/uploads\\\/2026\\\/08\\\/exposicao-materialidades-pode-ser-vista-no-mac-ate-31-de-agosto.webp\",\"datePublished\":\"2026-08-21T14:17:11+00:00\",\"author\":{\"@id\":\"https:\\\/\\\/www.encontraamericana.com.br\\\/guia\\\/#\\\/schema\\\/person\\\/515cbc6082144e7445cab98211d14f9b\"},\"inLanguage\":\"pt-BR\",\"potentialAction\":[{\"@type\":\"ReadAction\",\"target\":[\"https:\\\/\\\/www.encontraamericana.com.br\\\/guia\\\/exposicao-materialidades-pode-ser-vista-no-mac-ate-31-de-agosto\\\/\"]}]},{\"@type\":\"ImageObject\",\"inLanguage\":\"pt-BR\",\"@id\":\"https:\\\/\\\/www.encontraamericana.com.br\\\/guia\\\/exposicao-materialidades-pode-ser-vista-no-mac-ate-31-de-agosto\\\/#primaryimage\",\"url\":\"https:\\\/\\\/www.encontraamericana.com.br\\\/guia\\\/wp-content\\\/uploads\\\/2026\\\/08\\\/exposicao-materialidades-pode-ser-vista-no-mac-ate-31-de-agosto.webp\",\"contentUrl\":\"https:\\\/\\\/www.encontraamericana.com.br\\\/guia\\\/wp-content\\\/uploads\\\/2026\\\/08\\\/exposicao-materialidades-pode-ser-vista-no-mac-ate-31-de-agosto.webp\",\"width\":280,\"height\":280,\"caption\":\"exposi\u00e7\u00e3o materialidades\"},{\"@type\":\"WebSite\",\"@id\":\"https:\\\/\\\/www.encontraamericana.com.br\\\/guia\\\/#website\",\"url\":\"https:\\\/\\\/www.encontraamericana.com.br\\\/guia\\\/\",\"name\":\"Guia Comercial de Americana SP\",\"description\":\"ENCONTRA AMERICANA - O guia comercial de neg\u00f3cios e empresas, cultura e divers\u00e3o na cidade de Americana. Feito 100% para voc\u00ea morador!\",\"potentialAction\":[{\"@type\":\"SearchAction\",\"target\":{\"@type\":\"EntryPoint\",\"urlTemplate\":\"https:\\\/\\\/www.encontraamericana.com.br\\\/guia\\\/?s={search_term_string}\"},\"query-input\":{\"@type\":\"PropertyValueSpecification\",\"valueRequired\":true,\"valueName\":\"search_term_string\"}}],\"inLanguage\":\"pt-BR\"},{\"@type\":\"Person\",\"@id\":\"https:\\\/\\\/www.encontraamericana.com.br\\\/guia\\\/#\\\/schema\\\/person\\\/515cbc6082144e7445cab98211d14f9b\",\"name\":\"Encontra Americana\",\"image\":{\"@type\":\"ImageObject\",\"inLanguage\":\"pt-BR\",\"@id\":\"https:\\\/\\\/secure.gravatar.com\\\/avatar\\\/c50c17820bcf322f0a8fd6b110b8c0918141409dc69076470f6fca5fee70a5d4?s=96&d=mm&r=g\",\"url\":\"https:\\\/\\\/secure.gravatar.com\\\/avatar\\\/c50c17820bcf322f0a8fd6b110b8c0918141409dc69076470f6fca5fee70a5d4?s=96&d=mm&r=g\",\"contentUrl\":\"https:\\\/\\\/secure.gravatar.com\\\/avatar\\\/c50c17820bcf322f0a8fd6b110b8c0918141409dc69076470f6fca5fee70a5d4?s=96&d=mm&r=g\",\"caption\":\"Encontra Americana\"},\"url\":\"https:\\\/\\\/www.encontraamericana.com.br\\\/guia\\\/author\\\/encontraamericana\\\/\"}]}<\/script>\n<!-- \/ Yoast SEO plugin. -->","yoast_head_json":{"title":"Exposi\u00e7\u00e3o \u201cMaterialidades\u201d pode ser vista no MAC at\u00e9 31 de agosto | Guia Comercial de Americana SP","robots":{"index":"index","follow":"follow","max-snippet":"max-snippet:-1","max-image-preview":"max-image-preview:large","max-video-preview":"max-video-preview:-1"},"canonical":"https:\/\/www.encontraamericana.com.br\/guia\/exposicao-materialidades-pode-ser-vista-no-mac-ate-31-de-agosto\/","og_locale":"pt_BR","og_type":"article","og_title":"Exposi\u00e7\u00e3o \u201cMaterialidades\u201d pode ser vista no MAC at\u00e9 31 de agosto | Guia Comercial de Americana SP","og_description":"Exposi\u00e7\u00e3o \u201cMaterialidades\u201d no MAC revelando arte contempor\u00e2nea at\u00e9 31 de agosto.","og_url":"https:\/\/www.encontraamericana.com.br\/guia\/exposicao-materialidades-pode-ser-vista-no-mac-ate-31-de-agosto\/","og_site_name":"Guia Comercial de Americana SP","article_published_time":"2026-08-21T14:17:11+00:00","og_image":[{"url":"https:\/\/www.encontraamericana.com.br\/guia\/wp-content\/uploads\/2026\/08\/exposicao-materialidades-pode-ser-vista-no-mac-ate-31-de-agosto.webp","type":"","width":"","height":""}],"author":"Encontra Americana","twitter_card":"summary_large_image","twitter_misc":{"Escrito por":"Encontra Americana","Est. tempo de leitura":"4 minutos"},"schema":{"@context":"https:\/\/schema.org","@graph":[{"@type":"Article","@id":"https:\/\/www.encontraamericana.com.br\/guia\/exposicao-materialidades-pode-ser-vista-no-mac-ate-31-de-agosto\/#article","isPartOf":{"@id":"https:\/\/www.encontraamericana.com.br\/guia\/exposicao-materialidades-pode-ser-vista-no-mac-ate-31-de-agosto\/"},"author":{"name":"Encontra Americana","@id":"https:\/\/www.encontraamericana.com.br\/guia\/#\/schema\/person\/515cbc6082144e7445cab98211d14f9b"},"headline":"Exposi\u00e7\u00e3o \u201cMaterialidades\u201d pode ser vista no MAC at\u00e9 31 de agosto","datePublished":"2026-08-21T14:17:11+00:00","mainEntityOfPage":{"@id":"https:\/\/www.encontraamericana.com.br\/guia\/exposicao-materialidades-pode-ser-vista-no-mac-ate-31-de-agosto\/"},"wordCount":812,"commentCount":0,"image":{"@id":"https:\/\/www.encontraamericana.com.br\/guia\/exposicao-materialidades-pode-ser-vista-no-mac-ate-31-de-agosto\/#primaryimage"},"thumbnailUrl":"https:\/\/www.encontraamericana.com.br\/guia\/wp-content\/uploads\/2026\/08\/exposicao-materialidades-pode-ser-vista-no-mac-ate-31-de-agosto.webp","articleSection":["Exposi\u00e7\u00e3o Americana"],"inLanguage":"pt-BR","potentialAction":[{"@type":"CommentAction","name":"Comment","target":["https:\/\/www.encontraamericana.com.br\/guia\/exposicao-materialidades-pode-ser-vista-no-mac-ate-31-de-agosto\/#respond"]}]},{"@type":"WebPage","@id":"https:\/\/www.encontraamericana.com.br\/guia\/exposicao-materialidades-pode-ser-vista-no-mac-ate-31-de-agosto\/","url":"https:\/\/www.encontraamericana.com.br\/guia\/exposicao-materialidades-pode-ser-vista-no-mac-ate-31-de-agosto\/","name":"Exposi\u00e7\u00e3o \u201cMaterialidades\u201d pode ser vista no MAC at\u00e9 31 de agosto | Guia Comercial de Americana SP","isPartOf":{"@id":"https:\/\/www.encontraamericana.com.br\/guia\/#website"},"primaryImageOfPage":{"@id":"https:\/\/www.encontraamericana.com.br\/guia\/exposicao-materialidades-pode-ser-vista-no-mac-ate-31-de-agosto\/#primaryimage"},"image":{"@id":"https:\/\/www.encontraamericana.com.br\/guia\/exposicao-materialidades-pode-ser-vista-no-mac-ate-31-de-agosto\/#primaryimage"},"thumbnailUrl":"https:\/\/www.encontraamericana.com.br\/guia\/wp-content\/uploads\/2026\/08\/exposicao-materialidades-pode-ser-vista-no-mac-ate-31-de-agosto.webp","datePublished":"2026-08-21T14:17:11+00:00","author":{"@id":"https:\/\/www.encontraamericana.com.br\/guia\/#\/schema\/person\/515cbc6082144e7445cab98211d14f9b"},"inLanguage":"pt-BR","potentialAction":[{"@type":"ReadAction","target":["https:\/\/www.encontraamericana.com.br\/guia\/exposicao-materialidades-pode-ser-vista-no-mac-ate-31-de-agosto\/"]}]},{"@type":"ImageObject","inLanguage":"pt-BR","@id":"https:\/\/www.encontraamericana.com.br\/guia\/exposicao-materialidades-pode-ser-vista-no-mac-ate-31-de-agosto\/#primaryimage","url":"https:\/\/www.encontraamericana.com.br\/guia\/wp-content\/uploads\/2026\/08\/exposicao-materialidades-pode-ser-vista-no-mac-ate-31-de-agosto.webp","contentUrl":"https:\/\/www.encontraamericana.com.br\/guia\/wp-content\/uploads\/2026\/08\/exposicao-materialidades-pode-ser-vista-no-mac-ate-31-de-agosto.webp","width":280,"height":280,"caption":"exposi\u00e7\u00e3o materialidades"},{"@type":"WebSite","@id":"https:\/\/www.encontraamericana.com.br\/guia\/#website","url":"https:\/\/www.encontraamericana.com.br\/guia\/","name":"Guia Comercial de Americana SP","description":"ENCONTRA AMERICANA - O guia comercial de neg\u00f3cios e empresas, cultura e divers\u00e3o na cidade de Americana. Feito 100% para voc\u00ea morador!","potentialAction":[{"@type":"SearchAction","target":{"@type":"EntryPoint","urlTemplate":"https:\/\/www.encontraamericana.com.br\/guia\/?s={search_term_string}"},"query-input":{"@type":"PropertyValueSpecification","valueRequired":true,"valueName":"search_term_string"}}],"inLanguage":"pt-BR"},{"@type":"Person","@id":"https:\/\/www.encontraamericana.com.br\/guia\/#\/schema\/person\/515cbc6082144e7445cab98211d14f9b","name":"Encontra Americana","image":{"@type":"ImageObject","inLanguage":"pt-BR","@id":"https:\/\/secure.gravatar.com\/avatar\/c50c17820bcf322f0a8fd6b110b8c0918141409dc69076470f6fca5fee70a5d4?s=96&d=mm&r=g","url":"https:\/\/secure.gravatar.com\/avatar\/c50c17820bcf322f0a8fd6b110b8c0918141409dc69076470f6fca5fee70a5d4?s=96&d=mm&r=g","contentUrl":"https:\/\/secure.gravatar.com\/avatar\/c50c17820bcf322f0a8fd6b110b8c0918141409dc69076470f6fca5fee70a5d4?s=96&d=mm&r=g","caption":"Encontra Americana"},"url":"https:\/\/www.encontraamericana.com.br\/guia\/author\/encontraamericana\/"}]}},"_links":{"self":[{"href":"https:\/\/www.encontraamericana.com.br\/guia\/wp-json\/wp\/v2\/posts\/7000","targetHints":{"allow":["GET"]}}],"collection":[{"href":"https:\/\/www.encontraamericana.com.br\/guia\/wp-json\/wp\/v2\/posts"}],"about":[{"href":"https:\/\/www.encontraamericana.com.br\/guia\/wp-json\/wp\/v2\/types\/post"}],"author":[{"embeddable":true,"href":"https:\/\/www.encontraamericana.com.br\/guia\/wp-json\/wp\/v2\/users\/1"}],"replies":[{"embeddable":true,"href":"https:\/\/www.encontraamericana.com.br\/guia\/wp-json\/wp\/v2\/comments?post=7000"}],"version-history":[{"count":0,"href":"https:\/\/www.encontraamericana.com.br\/guia\/wp-json\/wp\/v2\/posts\/7000\/revisions"}],"wp:featuredmedia":[{"embeddable":true,"href":"https:\/\/www.encontraamericana.com.br\/guia\/wp-json\/wp\/v2\/media\/6999"}],"wp:attachment":[{"href":"https:\/\/www.encontraamericana.com.br\/guia\/wp-json\/wp\/v2\/media?parent=7000"}],"wp:term":[{"taxonomy":"category","embeddable":true,"href":"https:\/\/www.encontraamericana.com.br\/guia\/wp-json\/wp\/v2\/categories?post=7000"},{"taxonomy":"post_tag","embeddable":true,"href":"https:\/\/www.encontraamericana.com.br\/guia\/wp-json\/wp\/v2\/tags?post=7000"}],"curies":[{"name":"wp","href":"https:\/\/api.w.org\/{rel}","templated":true}]}}