{"id":7027,"date":"2026-08-25T13:36:53","date_gmt":"2026-08-25T16:36:53","guid":{"rendered":"https:\/\/www.encontraamericana.com.br\/guia\/sabino-desabafa-apos-classificacao-do-sao-paulo-na-sul\/"},"modified":"2026-08-25T13:36:53","modified_gmt":"2026-08-25T16:36:53","slug":"sabino-desabafa-apos-classificacao-do-sao-paulo-na-sul","status":"publish","type":"post","link":"https:\/\/www.encontraamericana.com.br\/guia\/sabino-desabafa-apos-classificacao-do-sao-paulo-na-sul\/","title":{"rendered":"Sabino desabafa ap\u00f3s classifica\u00e7\u00e3o do S\u00e3o Paulo na Sul"},"content":{"rendered":"<h2>A Import\u00e2ncia do Gol de Sabino<\/h2>\n<p>O zagueiro do S\u00e3o Paulo, Sabino, teve um papel fundamental na recente vit\u00f3ria do time sobre o Bol\u00edvar ao marcar o terceiro gol que selou a classifica\u00e7\u00e3o do Tricolor para as quartas de final da Sul-Americana. Esse momento n\u00e3o apenas demonstrou a efic\u00e1cia de Sabino, mas tamb\u00e9m emocionou os torcedores, refletindo a import\u00e2ncia de cada jogador na montagem do sucesso da equipe, principalmente em uma fase delicada da temporada.<\/p>\n<h2>Como a Vit\u00f3ria Impactou o S\u00e3o Paulo<\/h2>\n<p>A conquista da vaga nas quartas da Sul-Americana trouxe um al\u00edvio e renovou a confian\u00e7a do elenco paulista. O triunfo sobre o Bol\u00edvar n\u00e3o s\u00f3 significa uma progress\u00e3o no torneio, mas tamb\u00e9m um respiro para um time que vinha enfrentando desafios na competi\u00e7\u00e3o. Essa vit\u00f3ria refor\u00e7a a ideia de que o grupo possui total potencial para reverter a situa\u00e7\u00e3o atual por meio de um trabalho em conjunto e apoio m\u00fatuo entre os atletas.<\/p>\n<h2>As Palavras de Sabino: Um Al\u00edvio para o Elenco<\/h2>\n<p>No p\u00f3s-jogo, Sabino expressou seu al\u00edvio e felicidade ao falar sobre suas emo\u00e7\u00f5es. Ele destacou a alegria de voltar a marcar ap\u00f3s um per\u00edodo de convalesc\u00eancia devido a uma les\u00e3o na coxa. A afirma\u00e7\u00e3o de que esse era um \u201c\u00e2nimo a mais\u201d para todos os membros do time refor\u00e7a a conex\u00e3o emocional que os jogadores t\u00eam com seu desempenho e com a resposta dos f\u00e3s.<\/p>\n<p><img decoding=\"async\" src=\"https:\/\/www.encontraamericana.com.br\/guia\/wp-content\/uploads\/2026\/08\/sabino-desabafa-apos-classificacao-do-sao-paulo-na-sul.webp\" alt=\"S\u00e3o Paulo na Sul-Americana\" loading=\"lazy\" \/><\/p>\n<h2>O Desempenho do S\u00e3o Paulo na Sul-Americana<\/h2>\n<p>At\u00e9 o momento, a campanha do S\u00e3o Paulo na Sul-Americana tem sido cheia de altos e baixos. Ao enfrentar equipes que oferecem desafios significativos, o time conseguiu mostrar momentos de grande habilidade, mas tamb\u00e9m enfrentou dificuldades. O progresso para as quartas de final reflete uma melhora gradual, e cada jogo se torna uma oportunidade para a equipe afirmar sua for\u00e7a no torneio continental.<\/p>\n<h2>Expectativas para a Pr\u00f3xima Fase<\/h2>\n<p>Com a classifica\u00e7\u00e3o \u00e0s quartas, o S\u00e3o Paulo agora se prepara para encarar o Boca Juniors, um advers\u00e1rio de peso no cen\u00e1rio sul-americano. As expectativas s\u00e3o altas, e a equipe deve intensificar seus treinos para lidar com a press\u00e3o que um confronto dessa magnitude naturalmente traz. Pelo lado da torcida, o apoio \u00e9 crucial, e espera-se que os f\u00e3s continuem a lotar o Morumbi, inspirando o time em mais uma dif\u00edcil batalha.<\/p>\n<h2>Sabino e Sua Trajet\u00f3ria no Clube<\/h2>\n<p>Sabino, que se recuperou de uma les\u00e3o, \u00e9 um jogador que simboliza a capacidade do S\u00e3o Paulo de se reerguer diante das adversidades. Sua trajet\u00f3ria no clube \u00e9 marcada por desafios, mas tamb\u00e9m por conquistas. O zagueiro n\u00e3o s\u00f3 \u00e9 uma pe\u00e7a fundamental na defesa, mas tamb\u00e9m um exemplo de perseveran\u00e7a para seus companheiros, seguindo firme no seu objetivo de continuar contribuindo com o sucesso do S\u00e3o Paulo.<\/p>\n<h2>A Recupera\u00e7\u00e3o do Zagueiro ap\u00f3s les\u00e3o<\/h2>\n<p>A recupera\u00e7\u00e3o de Sabino foi um ponto crucial para a equipe. Les\u00f5es muitas vezes podem afetar a moral de um jogador, mas a dedica\u00e7\u00e3o e o esfor\u00e7o do zagueiro em retornar ao seu melhor n\u00edvel foram not\u00e1veis. Seu comprometimento com os treinos e a reabilita\u00e7\u00e3o permite que o treinador conte com ele para jogos decisivos, assim como foi contra o Bol\u00edvar.<\/p>\n<h2>Rea\u00e7\u00f5es da Torcida ap\u00f3s a Classifica\u00e7\u00e3o<\/h2>\n<p>A vit\u00f3ria sobre o Bol\u00edvar gerou euforia entre os torcedores do S\u00e3o Paulo. A presen\u00e7a maci\u00e7a da torcida no Morumbi demonstrou um apoio incondicional que, sem d\u00favida, motiva os jogadores a darem o melhor de si em campo. O clima festivo e a satisfa\u00e7\u00e3o dos f\u00e3s ap\u00f3s a vit\u00f3ria s\u00e3o um reflexo do desejo coletivo por melhores dias no futebol.<\/p>\n","protected":false},"excerpt":{"rendered":"<p>Sabino desabafa sobre a vit\u00f3ria do S\u00e3o Paulo na Sul-Americana e suas expectativas.<\/p>\n","protected":false},"author":1,"featured_media":7026,"comment_status":"open","ping_status":"open","sticky":false,"template":"","format":"standard","meta":{"footnotes":""},"categories":[5],"tags":[],"class_list":["post-7027","post","type-post","status-publish","format-standard","has-post-thumbnail","hentry","category-noticias","has_thumb"],"yoast_head":"<!-- This site is optimized with the Yoast SEO plugin v27.6 - https:\/\/yoast.com\/product\/yoast-seo-wordpress\/ -->\n<title>Sabino desabafa ap\u00f3s classifica\u00e7\u00e3o do S\u00e3o Paulo na Sul | Guia Comercial de Americana SP<\/title>\n<meta name=\"robots\" content=\"index, follow, max-snippet:-1, max-image-preview:large, max-video-preview:-1\" \/>\n<link rel=\"canonical\" href=\"https:\/\/www.encontraamericana.com.br\/guia\/sabino-desabafa-apos-classificacao-do-sao-paulo-na-sul\/\" \/>\n<meta property=\"og:locale\" content=\"pt_BR\" \/>\n<meta property=\"og:type\" content=\"article\" \/>\n<meta property=\"og:title\" content=\"Sabino desabafa ap\u00f3s classifica\u00e7\u00e3o do S\u00e3o Paulo na Sul | Guia Comercial de Americana SP\" \/>\n<meta property=\"og:description\" content=\"Sabino desabafa sobre a vit\u00f3ria do S\u00e3o Paulo na Sul-Americana e suas expectativas.\" \/>\n<meta property=\"og:url\" content=\"https:\/\/www.encontraamericana.com.br\/guia\/sabino-desabafa-apos-classificacao-do-sao-paulo-na-sul\/\" \/>\n<meta property=\"og:site_name\" content=\"Guia Comercial de Americana SP\" \/>\n<meta property=\"article:published_time\" content=\"2026-08-25T16:36:53+00:00\" \/>\n<meta property=\"og:image\" content=\"https:\/\/www.encontraamericana.com.br\/guia\/wp-content\/uploads\/2026\/08\/sabino-desabafa-apos-classificacao-do-sao-paulo-na-sul.webp\" \/>\n<meta name=\"author\" content=\"Encontra Americana\" \/>\n<meta name=\"twitter:card\" content=\"summary_large_image\" \/>\n<meta name=\"twitter:label1\" content=\"Escrito por\" \/>\n\t<meta name=\"twitter:data1\" content=\"Encontra Americana\" \/>\n\t<meta name=\"twitter:label2\" content=\"Est. tempo de leitura\" \/>\n\t<meta name=\"twitter:data2\" content=\"3 minutos\" \/>\n<script type=\"application\/ld+json\" class=\"yoast-schema-graph\">{\"@context\":\"https:\\\/\\\/schema.org\",\"@graph\":[{\"@type\":\"Article\",\"@id\":\"https:\\\/\\\/www.encontraamericana.com.br\\\/guia\\\/sabino-desabafa-apos-classificacao-do-sao-paulo-na-sul\\\/#article\",\"isPartOf\":{\"@id\":\"https:\\\/\\\/www.encontraamericana.com.br\\\/guia\\\/sabino-desabafa-apos-classificacao-do-sao-paulo-na-sul\\\/\"},\"author\":{\"name\":\"Encontra Americana\",\"@id\":\"https:\\\/\\\/www.encontraamericana.com.br\\\/guia\\\/#\\\/schema\\\/person\\\/515cbc6082144e7445cab98211d14f9b\"},\"headline\":\"Sabino desabafa ap\u00f3s classifica\u00e7\u00e3o do S\u00e3o Paulo na Sul\",\"datePublished\":\"2026-08-25T16:36:53+00:00\",\"mainEntityOfPage\":{\"@id\":\"https:\\\/\\\/www.encontraamericana.com.br\\\/guia\\\/sabino-desabafa-apos-classificacao-do-sao-paulo-na-sul\\\/\"},\"wordCount\":674,\"commentCount\":0,\"image\":{\"@id\":\"https:\\\/\\\/www.encontraamericana.com.br\\\/guia\\\/sabino-desabafa-apos-classificacao-do-sao-paulo-na-sul\\\/#primaryimage\"},\"thumbnailUrl\":\"https:\\\/\\\/www.encontraamericana.com.br\\\/guia\\\/wp-content\\\/uploads\\\/2026\\\/08\\\/sabino-desabafa-apos-classificacao-do-sao-paulo-na-sul.webp\",\"articleSection\":[\"Not\u00edcias Americana\"],\"inLanguage\":\"pt-BR\",\"potentialAction\":[{\"@type\":\"CommentAction\",\"name\":\"Comment\",\"target\":[\"https:\\\/\\\/www.encontraamericana.com.br\\\/guia\\\/sabino-desabafa-apos-classificacao-do-sao-paulo-na-sul\\\/#respond\"]}]},{\"@type\":\"WebPage\",\"@id\":\"https:\\\/\\\/www.encontraamericana.com.br\\\/guia\\\/sabino-desabafa-apos-classificacao-do-sao-paulo-na-sul\\\/\",\"url\":\"https:\\\/\\\/www.encontraamericana.com.br\\\/guia\\\/sabino-desabafa-apos-classificacao-do-sao-paulo-na-sul\\\/\",\"name\":\"Sabino desabafa ap\u00f3s classifica\u00e7\u00e3o do S\u00e3o Paulo na Sul | Guia Comercial de Americana SP\",\"isPartOf\":{\"@id\":\"https:\\\/\\\/www.encontraamericana.com.br\\\/guia\\\/#website\"},\"primaryImageOfPage\":{\"@id\":\"https:\\\/\\\/www.encontraamericana.com.br\\\/guia\\\/sabino-desabafa-apos-classificacao-do-sao-paulo-na-sul\\\/#primaryimage\"},\"image\":{\"@id\":\"https:\\\/\\\/www.encontraamericana.com.br\\\/guia\\\/sabino-desabafa-apos-classificacao-do-sao-paulo-na-sul\\\/#primaryimage\"},\"thumbnailUrl\":\"https:\\\/\\\/www.encontraamericana.com.br\\\/guia\\\/wp-content\\\/uploads\\\/2026\\\/08\\\/sabino-desabafa-apos-classificacao-do-sao-paulo-na-sul.webp\",\"datePublished\":\"2026-08-25T16:36:53+00:00\",\"author\":{\"@id\":\"https:\\\/\\\/www.encontraamericana.com.br\\\/guia\\\/#\\\/schema\\\/person\\\/515cbc6082144e7445cab98211d14f9b\"},\"inLanguage\":\"pt-BR\",\"potentialAction\":[{\"@type\":\"ReadAction\",\"target\":[\"https:\\\/\\\/www.encontraamericana.com.br\\\/guia\\\/sabino-desabafa-apos-classificacao-do-sao-paulo-na-sul\\\/\"]}]},{\"@type\":\"ImageObject\",\"inLanguage\":\"pt-BR\",\"@id\":\"https:\\\/\\\/www.encontraamericana.com.br\\\/guia\\\/sabino-desabafa-apos-classificacao-do-sao-paulo-na-sul\\\/#primaryimage\",\"url\":\"https:\\\/\\\/www.encontraamericana.com.br\\\/guia\\\/wp-content\\\/uploads\\\/2026\\\/08\\\/sabino-desabafa-apos-classificacao-do-sao-paulo-na-sul.webp\",\"contentUrl\":\"https:\\\/\\\/www.encontraamericana.com.br\\\/guia\\\/wp-content\\\/uploads\\\/2026\\\/08\\\/sabino-desabafa-apos-classificacao-do-sao-paulo-na-sul.webp\",\"width\":280,\"height\":280,\"caption\":\"S\u00e3o Paulo na Sul-Americana\"},{\"@type\":\"WebSite\",\"@id\":\"https:\\\/\\\/www.encontraamericana.com.br\\\/guia\\\/#website\",\"url\":\"https:\\\/\\\/www.encontraamericana.com.br\\\/guia\\\/\",\"name\":\"Guia Comercial de Americana SP\",\"description\":\"ENCONTRA AMERICANA - O guia comercial de neg\u00f3cios e empresas, cultura e divers\u00e3o na cidade de Americana. Feito 100% para voc\u00ea morador!\",\"potentialAction\":[{\"@type\":\"SearchAction\",\"target\":{\"@type\":\"EntryPoint\",\"urlTemplate\":\"https:\\\/\\\/www.encontraamericana.com.br\\\/guia\\\/?s={search_term_string}\"},\"query-input\":{\"@type\":\"PropertyValueSpecification\",\"valueRequired\":true,\"valueName\":\"search_term_string\"}}],\"inLanguage\":\"pt-BR\"},{\"@type\":\"Person\",\"@id\":\"https:\\\/\\\/www.encontraamericana.com.br\\\/guia\\\/#\\\/schema\\\/person\\\/515cbc6082144e7445cab98211d14f9b\",\"name\":\"Encontra Americana\",\"image\":{\"@type\":\"ImageObject\",\"inLanguage\":\"pt-BR\",\"@id\":\"https:\\\/\\\/secure.gravatar.com\\\/avatar\\\/c50c17820bcf322f0a8fd6b110b8c0918141409dc69076470f6fca5fee70a5d4?s=96&d=mm&r=g\",\"url\":\"https:\\\/\\\/secure.gravatar.com\\\/avatar\\\/c50c17820bcf322f0a8fd6b110b8c0918141409dc69076470f6fca5fee70a5d4?s=96&d=mm&r=g\",\"contentUrl\":\"https:\\\/\\\/secure.gravatar.com\\\/avatar\\\/c50c17820bcf322f0a8fd6b110b8c0918141409dc69076470f6fca5fee70a5d4?s=96&d=mm&r=g\",\"caption\":\"Encontra Americana\"},\"url\":\"https:\\\/\\\/www.encontraamericana.com.br\\\/guia\\\/author\\\/encontraamericana\\\/\"}]}<\/script>\n<!-- \/ Yoast SEO plugin. -->","yoast_head_json":{"title":"Sabino desabafa ap\u00f3s classifica\u00e7\u00e3o do S\u00e3o Paulo na Sul | Guia Comercial de Americana SP","robots":{"index":"index","follow":"follow","max-snippet":"max-snippet:-1","max-image-preview":"max-image-preview:large","max-video-preview":"max-video-preview:-1"},"canonical":"https:\/\/www.encontraamericana.com.br\/guia\/sabino-desabafa-apos-classificacao-do-sao-paulo-na-sul\/","og_locale":"pt_BR","og_type":"article","og_title":"Sabino desabafa ap\u00f3s classifica\u00e7\u00e3o do S\u00e3o Paulo na Sul | Guia Comercial de Americana SP","og_description":"Sabino desabafa sobre a vit\u00f3ria do S\u00e3o Paulo na Sul-Americana e suas expectativas.","og_url":"https:\/\/www.encontraamericana.com.br\/guia\/sabino-desabafa-apos-classificacao-do-sao-paulo-na-sul\/","og_site_name":"Guia Comercial de Americana SP","article_published_time":"2026-08-25T16:36:53+00:00","og_image":[{"url":"https:\/\/www.encontraamericana.com.br\/guia\/wp-content\/uploads\/2026\/08\/sabino-desabafa-apos-classificacao-do-sao-paulo-na-sul.webp","type":"","width":"","height":""}],"author":"Encontra Americana","twitter_card":"summary_large_image","twitter_misc":{"Escrito por":"Encontra Americana","Est. tempo de leitura":"3 minutos"},"schema":{"@context":"https:\/\/schema.org","@graph":[{"@type":"Article","@id":"https:\/\/www.encontraamericana.com.br\/guia\/sabino-desabafa-apos-classificacao-do-sao-paulo-na-sul\/#article","isPartOf":{"@id":"https:\/\/www.encontraamericana.com.br\/guia\/sabino-desabafa-apos-classificacao-do-sao-paulo-na-sul\/"},"author":{"name":"Encontra Americana","@id":"https:\/\/www.encontraamericana.com.br\/guia\/#\/schema\/person\/515cbc6082144e7445cab98211d14f9b"},"headline":"Sabino desabafa ap\u00f3s classifica\u00e7\u00e3o do S\u00e3o Paulo na Sul","datePublished":"2026-08-25T16:36:53+00:00","mainEntityOfPage":{"@id":"https:\/\/www.encontraamericana.com.br\/guia\/sabino-desabafa-apos-classificacao-do-sao-paulo-na-sul\/"},"wordCount":674,"commentCount":0,"image":{"@id":"https:\/\/www.encontraamericana.com.br\/guia\/sabino-desabafa-apos-classificacao-do-sao-paulo-na-sul\/#primaryimage"},"thumbnailUrl":"https:\/\/www.encontraamericana.com.br\/guia\/wp-content\/uploads\/2026\/08\/sabino-desabafa-apos-classificacao-do-sao-paulo-na-sul.webp","articleSection":["Not\u00edcias Americana"],"inLanguage":"pt-BR","potentialAction":[{"@type":"CommentAction","name":"Comment","target":["https:\/\/www.encontraamericana.com.br\/guia\/sabino-desabafa-apos-classificacao-do-sao-paulo-na-sul\/#respond"]}]},{"@type":"WebPage","@id":"https:\/\/www.encontraamericana.com.br\/guia\/sabino-desabafa-apos-classificacao-do-sao-paulo-na-sul\/","url":"https:\/\/www.encontraamericana.com.br\/guia\/sabino-desabafa-apos-classificacao-do-sao-paulo-na-sul\/","name":"Sabino desabafa ap\u00f3s classifica\u00e7\u00e3o do S\u00e3o Paulo na Sul | Guia Comercial de Americana SP","isPartOf":{"@id":"https:\/\/www.encontraamericana.com.br\/guia\/#website"},"primaryImageOfPage":{"@id":"https:\/\/www.encontraamericana.com.br\/guia\/sabino-desabafa-apos-classificacao-do-sao-paulo-na-sul\/#primaryimage"},"image":{"@id":"https:\/\/www.encontraamericana.com.br\/guia\/sabino-desabafa-apos-classificacao-do-sao-paulo-na-sul\/#primaryimage"},"thumbnailUrl":"https:\/\/www.encontraamericana.com.br\/guia\/wp-content\/uploads\/2026\/08\/sabino-desabafa-apos-classificacao-do-sao-paulo-na-sul.webp","datePublished":"2026-08-25T16:36:53+00:00","author":{"@id":"https:\/\/www.encontraamericana.com.br\/guia\/#\/schema\/person\/515cbc6082144e7445cab98211d14f9b"},"inLanguage":"pt-BR","potentialAction":[{"@type":"ReadAction","target":["https:\/\/www.encontraamericana.com.br\/guia\/sabino-desabafa-apos-classificacao-do-sao-paulo-na-sul\/"]}]},{"@type":"ImageObject","inLanguage":"pt-BR","@id":"https:\/\/www.encontraamericana.com.br\/guia\/sabino-desabafa-apos-classificacao-do-sao-paulo-na-sul\/#primaryimage","url":"https:\/\/www.encontraamericana.com.br\/guia\/wp-content\/uploads\/2026\/08\/sabino-desabafa-apos-classificacao-do-sao-paulo-na-sul.webp","contentUrl":"https:\/\/www.encontraamericana.com.br\/guia\/wp-content\/uploads\/2026\/08\/sabino-desabafa-apos-classificacao-do-sao-paulo-na-sul.webp","width":280,"height":280,"caption":"S\u00e3o Paulo na Sul-Americana"},{"@type":"WebSite","@id":"https:\/\/www.encontraamericana.com.br\/guia\/#website","url":"https:\/\/www.encontraamericana.com.br\/guia\/","name":"Guia Comercial de Americana SP","description":"ENCONTRA AMERICANA - O guia comercial de neg\u00f3cios e empresas, cultura e divers\u00e3o na cidade de Americana. Feito 100% para voc\u00ea morador!","potentialAction":[{"@type":"SearchAction","target":{"@type":"EntryPoint","urlTemplate":"https:\/\/www.encontraamericana.com.br\/guia\/?s={search_term_string}"},"query-input":{"@type":"PropertyValueSpecification","valueRequired":true,"valueName":"search_term_string"}}],"inLanguage":"pt-BR"},{"@type":"Person","@id":"https:\/\/www.encontraamericana.com.br\/guia\/#\/schema\/person\/515cbc6082144e7445cab98211d14f9b","name":"Encontra Americana","image":{"@type":"ImageObject","inLanguage":"pt-BR","@id":"https:\/\/secure.gravatar.com\/avatar\/c50c17820bcf322f0a8fd6b110b8c0918141409dc69076470f6fca5fee70a5d4?s=96&d=mm&r=g","url":"https:\/\/secure.gravatar.com\/avatar\/c50c17820bcf322f0a8fd6b110b8c0918141409dc69076470f6fca5fee70a5d4?s=96&d=mm&r=g","contentUrl":"https:\/\/secure.gravatar.com\/avatar\/c50c17820bcf322f0a8fd6b110b8c0918141409dc69076470f6fca5fee70a5d4?s=96&d=mm&r=g","caption":"Encontra Americana"},"url":"https:\/\/www.encontraamericana.com.br\/guia\/author\/encontraamericana\/"}]}},"_links":{"self":[{"href":"https:\/\/www.encontraamericana.com.br\/guia\/wp-json\/wp\/v2\/posts\/7027","targetHints":{"allow":["GET"]}}],"collection":[{"href":"https:\/\/www.encontraamericana.com.br\/guia\/wp-json\/wp\/v2\/posts"}],"about":[{"href":"https:\/\/www.encontraamericana.com.br\/guia\/wp-json\/wp\/v2\/types\/post"}],"author":[{"embeddable":true,"href":"https:\/\/www.encontraamericana.com.br\/guia\/wp-json\/wp\/v2\/users\/1"}],"replies":[{"embeddable":true,"href":"https:\/\/www.encontraamericana.com.br\/guia\/wp-json\/wp\/v2\/comments?post=7027"}],"version-history":[{"count":0,"href":"https:\/\/www.encontraamericana.com.br\/guia\/wp-json\/wp\/v2\/posts\/7027\/revisions"}],"wp:featuredmedia":[{"embeddable":true,"href":"https:\/\/www.encontraamericana.com.br\/guia\/wp-json\/wp\/v2\/media\/7026"}],"wp:attachment":[{"href":"https:\/\/www.encontraamericana.com.br\/guia\/wp-json\/wp\/v2\/media?parent=7027"}],"wp:term":[{"taxonomy":"category","embeddable":true,"href":"https:\/\/www.encontraamericana.com.br\/guia\/wp-json\/wp\/v2\/categories?post=7027"},{"taxonomy":"post_tag","embeddable":true,"href":"https:\/\/www.encontraamericana.com.br\/guia\/wp-json\/wp\/v2\/tags?post=7027"}],"curies":[{"name":"wp","href":"https:\/\/api.w.org\/{rel}","templated":true}]}}