{"id":7049,"date":"2026-08-28T11:19:07","date_gmt":"2026-08-28T14:19:07","guid":{"rendered":"https:\/\/www.encontraamericana.com.br\/guia\/americana-151-anos-de-uma-linda-trajetoria\/"},"modified":"2026-08-28T11:19:07","modified_gmt":"2026-08-28T14:19:07","slug":"americana-151-anos-de-uma-linda-trajetoria","status":"publish","type":"post","link":"https:\/\/www.encontraamericana.com.br\/guia\/americana-151-anos-de-uma-linda-trajetoria\/","title":{"rendered":"Americana, 151 anos de uma linda trajet\u00f3ria"},"content":{"rendered":"<h2>A Hist\u00f3ria de Americana: Do Povoado \u00e0 Cidade<\/h2>\n<p>Americana, uma cidade que carrega consigo uma rica hist\u00f3ria, teve seu in\u00edcio como um modesto povoado pr\u00f3ximo \u00e0 esta\u00e7\u00e3o ferrovi\u00e1ria de Santa B\u00e1rbara. Desde sua funda\u00e7\u00e3o, o local passou por v\u00e1rias transforma\u00e7\u00f5es, conseguindo evoluir para um dos munic\u00edpios mais significativos do estado de S\u00e3o Paulo. Este crescimento testemunhou a transi\u00e7\u00e3o de um simples agrupamento de casas para uma \u00e1rea urbana vibrante, repleta de com\u00e9rcio, servi\u00e7os e uma forte comunidade.<\/p>\n<p>Ao longo de seus 151 anos, Americana n\u00e3o apenas expandiu fisicamente, mas tamb\u00e9m se moldou culturalmente, integrando a diversidade \u00e9tnica que sempre foi uma de suas caracter\u00edsticas mais marcantes. Desde a chegada de imigrantes europeus at\u00e9 a mistura de culturas brasileiras, a cidade aprendeu a valorizar suas ra\u00edzes enquanto se modernizava.<\/p>\n<h2>Gente de Americana: Hist\u00f3ria de Trabalho e Sonhos<\/h2>\n<p>A for\u00e7a de trabalho de Americana \u00e9 o que realmente destaca a cidade. Os moradores, conhecidos por sua dedica\u00e7\u00e3o e esfor\u00e7o, s\u00e3o a espinha dorsal do crescimento dessa localidade. Desde a agricultura, que foi a base da cidade nos primeiros anos, at\u00e9 o surgimento de ind\u00fastrias e com\u00e9rcio, cada gera\u00e7\u00e3o contribuiu para o desenvolvimento e o sonho de um futuro melhor.<\/p>\n<p><img decoding=\"async\" src=\"https:\/\/www.encontraamericana.com.br\/guia\/wp-content\/uploads\/2026\/08\/americana-151-anos-de-uma-linda-trajetoria.webp\" alt=\"Americana 151 anos de uma linda trajet\u00f3ria\" loading=\"lazy\" \/><\/p>\n<p>As pessoas que habitam Americana trazem consigo o desejo de progresso, sempre promovendo iniciativas que refletem a sua determina\u00e7\u00e3o em alcan\u00e7ar objetivos. Por meio de trabalhos em equipe e a solidariedade entre vizinhos, a cidade cultivou um forte senso de comunidade que ressoa at\u00e9 os dias atuais.<\/p>\n<h2>Momentos Marcantes da Hist\u00f3ria de Americana<\/h2>\n<p>V\u00e1rios acontecimentos ao longo dos anos marcaram a trajet\u00f3ria de Americana e contribu\u00edram para a forma\u00e7\u00e3o de sua identidade. Entre esses momentos, destacam-se:<\/p>\n<ul>\n<li>A inaugura\u00e7\u00e3o da esta\u00e7\u00e3o ferrovi\u00e1ria, que facilitou o transporte e estimulou o crescimento econ\u00f4mico;<\/li>\n<li>O surgimento das primeiras ind\u00fastrias, que geraram empregos e atra\u00edram novos moradores;<\/li>\n<li>A emancipa\u00e7\u00e3o pol\u00edtica em 1920, quando Americana se tornou um munic\u00edpio independente;<\/li>\n<li>As celebra\u00e7\u00f5es do anivers\u00e1rio da cidade, que re\u00fanem a popula\u00e7\u00e3o em eventos festivos, refor\u00e7ando a valoriza\u00e7\u00e3o da hist\u00f3ria local.<\/li>\n<\/ul>\n<h2>Desenvolvimento Econ\u00f4mico em Americana<\/h2>\n<p>O desenvolvimento econ\u00f4mico de Americana \u00e9 um reflexo da diversidade e da for\u00e7a de sua popula\u00e7\u00e3o. A cidade se destacou na agricultura, especialmente na produ\u00e7\u00e3o de cana-de-a\u00e7\u00facar, mas com o tempo diversificou suas atividades industriais e comerciais. Hoje, Americana abriga diversas empresas nos setores de servi\u00e7os, com\u00e9rcio e manufatura, tornando-se um importante polo econ\u00f4mico na regi\u00e3o.<\/p>\n<p>Al\u00e9m disso, a cidade aposta em tecnologias e inova\u00e7\u00f5es que t\u00eam sido cada vez mais integradas ao cotidiano empresarial. Este dinamismo econ\u00f4mico n\u00e3o s\u00f3 gera empregos, mas tamb\u00e9m melhora a qualidade de vida dos cidad\u00e3os.<\/p>\n<h2>A Cultura e Tradi\u00e7\u00f5es de Americana<\/h2>\n<p>A cultura de Americana \u00e9 uma fus\u00e3o vibrante de tradi\u00e7\u00f5es que refletem a diversidade \u00e9tnica de sua popula\u00e7\u00e3o. As festas, exposi\u00e7\u00f5es de arte, festivais de m\u00fasica e apresenta\u00e7\u00f5es de dan\u00e7a s\u00e3o comuns e atraem tanto moradores quanto visitantes. Eventos como a Festa do Pe\u00e3o de Americana e outras celebra\u00e7\u00f5es regionais promovem a cultura local, unindo a comunidade em torno de suas ra\u00edzes.<\/p>\n<p>Al\u00e9m disso, as tradi\u00e7\u00f5es familiares e educativas s\u00e3o fortemente valorizadas, com escolas e centros culturais organizando atividades que buscam preservar a heran\u00e7a cultural da cidade, enquanto educam as novas gera\u00e7\u00f5es.<\/p>\n<h2>Educa\u00e7\u00e3o e Oportunidades em Americana<\/h2>\n<p>A educa\u00e7\u00e3o sempre desempenhou um papel fundamental na forma\u00e7\u00e3o de cidadania e compet\u00eancia profissional entre os moradores de Americana. Com uma gama de institui\u00e7\u00f5es de ensino, que v\u00e3o desde a educa\u00e7\u00e3o infantil at\u00e9 cursos superiores, a cidade se empenha em oferecer oportunidades para todos os cidad\u00e3os. As escolas p\u00fablicas e privadas competem para oferecer ensino de qualidade, preparando os alunos para o mercado de trabalho.<\/p>\n<p>As parcerias entre institui\u00e7\u00f5es educacionais e empresas locais tamb\u00e9m t\u00eam crescido, proporcionando est\u00e1gios e vagas de emprego para jovens em in\u00edcio de carreira. Isso n\u00e3o apenas ajuda na forma\u00e7\u00e3o pedag\u00f3gica, mas tamb\u00e9m aproxima a teoria da pr\u00e1tica.<\/p>\n<h2>Eventos que Marcam a Hist\u00f3ria de Americana<\/h2>\n<p>Dentre os diversos eventos que marcaram a hist\u00f3ria de Americana, alguns merecem destaque especial. A cidade \u00e9 palco de festividades que promovem seu patrim\u00f4nio cultural.<\/p>\n<ul>\n<li>O anivers\u00e1rio de Americana \u00e9 uma das celebra\u00e7\u00f5es mais esperadas, envolvendo a popula\u00e7\u00e3o em atividades festivas;<\/li>\n<li>A Semana da Independ\u00eancia, que remete \u00e0s tradi\u00e7\u00f5es patri\u00f3ticas;<\/li>\n<li>Feiras culturais que apresentam a culin\u00e1ria, a m\u00fasica e as manifesta\u00e7\u00f5es de arte locais;<\/li>\n<li>O Festival de Inverno, que atrai visitantes e promove a economia local.<\/li>\n<\/ul>\n<p>Esses eventos n\u00e3o apenas celebram a hist\u00f3ria da cidade, mas tamb\u00e9m refor\u00e7am a uni\u00e3o da comunidade.<\/p>\n<h2>Desafios e Oportunidades para o Futuro<\/h2>\n<p>Como toda cidade em crescimento, Americana enfrenta desafios em seu caminho para o futuro. A urbaniza\u00e7\u00e3o, o aumento populacional e a necessidade de melhorias na infraestrutura s\u00e3o alguns dos t\u00f3picos que precisam ser abordados para garantir um desenvolvimento sustent\u00e1vel.<\/p>\n<p>Contudo, cada desafio traz consigo uma oportunidade. O engajamento da comunidade e a colabora\u00e7\u00e3o entre governo e popula\u00e7\u00e3o s\u00e3o essenciais para que solu\u00e7\u00f5es criativas e eficientes possam ser implementadas. Iniciativas voltadas para o meio ambiente, a tecnologia e a inclus\u00e3o social t\u00eam ganhado destaque nas discuss\u00f5es sobre o futuro de Americana.<\/p>\n<h2>A Import\u00e2ncia da Comunidade em Americana<\/h2>\n<p>A comunidade \u00e9 o verdadeiro cora\u00e7\u00e3o de Americana. \u00c9 l\u00e1 que amizades se fortalecem, hist\u00f3rias se entrela\u00e7am e tradi\u00e7\u00f5es s\u00e3o passadas de gera\u00e7\u00e3o para gera\u00e7\u00e3o. O sentido de pertencimento e apoio m\u00fatuo \u00e9 forte, permitindo que a popula\u00e7\u00e3o enfrente desafios coletivamente.<\/p>\n<p>As organiza\u00e7\u00f5es sociais, clubes e associa\u00e7\u00f5es atuam incansavelmente em diversas frentes, desde a assist\u00eancia social at\u00e9 o lazer, promovendo um cen\u00e1rio onde todos t\u00eam a oportunidade de participar e contribuir para o bem-estar comum.<\/p>\n<h2>Americana Hoje: Perspectivas para os Pr\u00f3ximos Anos<\/h2>\n<p>Hoje, Americana se apresenta como uma cidade em plena transforma\u00e7\u00e3o, buscando constantemente inovar e se modernizar. Seu compromisso com o crescimento sustent\u00e1vel, a valoriza\u00e7\u00e3o da cultura e o bem-estar da popula\u00e7\u00e3o s\u00e3o evidentes em diversas \u00e1reas de atua\u00e7\u00e3o do governo e da sociedade civil.<\/p>\n<p>Ao olhar para o futuro, a expectativa \u00e9 de que Americana continue a prosperar e a criar oportunidades para todos os seus cidad\u00e3os, mantendo viva a rica hist\u00f3ria que a tornou o que \u00e9 hoje. O futuro parece promissor, e a cidade se posiciona como um exemplo de resili\u00eancia e for\u00e7a coletiva.<\/p>\n","protected":false},"excerpt":{"rendered":"<p>Americana completa 151 anos de hist\u00f3ria e desafios para o futuro.<\/p>\n","protected":false},"author":1,"featured_media":7048,"comment_status":"open","ping_status":"open","sticky":false,"template":"","format":"standard","meta":{"footnotes":""},"categories":[5],"tags":[],"class_list":["post-7049","post","type-post","status-publish","format-standard","has-post-thumbnail","hentry","category-noticias","has_thumb"],"yoast_head":"<!-- This site is optimized with the Yoast SEO plugin v27.6 - https:\/\/yoast.com\/product\/yoast-seo-wordpress\/ -->\n<title>Americana, 151 anos de uma linda trajet\u00f3ria | Guia Comercial de Americana SP<\/title>\n<meta name=\"robots\" content=\"index, follow, max-snippet:-1, max-image-preview:large, max-video-preview:-1\" \/>\n<link rel=\"canonical\" href=\"https:\/\/www.encontraamericana.com.br\/guia\/americana-151-anos-de-uma-linda-trajetoria\/\" \/>\n<meta property=\"og:locale\" content=\"pt_BR\" \/>\n<meta property=\"og:type\" content=\"article\" \/>\n<meta property=\"og:title\" content=\"Americana, 151 anos de uma linda trajet\u00f3ria | Guia Comercial de Americana SP\" \/>\n<meta property=\"og:description\" content=\"Americana completa 151 anos de hist\u00f3ria e desafios para o futuro.\" \/>\n<meta property=\"og:url\" content=\"https:\/\/www.encontraamericana.com.br\/guia\/americana-151-anos-de-uma-linda-trajetoria\/\" \/>\n<meta property=\"og:site_name\" content=\"Guia Comercial de Americana SP\" \/>\n<meta property=\"article:published_time\" content=\"2026-08-28T14:19:07+00:00\" \/>\n<meta property=\"og:image\" content=\"https:\/\/www.encontraamericana.com.br\/guia\/wp-content\/uploads\/2026\/08\/americana-151-anos-de-uma-linda-trajetoria.webp\" \/>\n<meta name=\"author\" content=\"Encontra Americana\" \/>\n<meta name=\"twitter:card\" content=\"summary_large_image\" \/>\n<meta name=\"twitter:label1\" content=\"Escrito por\" \/>\n\t<meta name=\"twitter:data1\" content=\"Encontra Americana\" \/>\n\t<meta name=\"twitter:label2\" content=\"Est. tempo de leitura\" \/>\n\t<meta name=\"twitter:data2\" content=\"6 minutos\" \/>\n<script type=\"application\/ld+json\" class=\"yoast-schema-graph\">{\"@context\":\"https:\\\/\\\/schema.org\",\"@graph\":[{\"@type\":\"Article\",\"@id\":\"https:\\\/\\\/www.encontraamericana.com.br\\\/guia\\\/americana-151-anos-de-uma-linda-trajetoria\\\/#article\",\"isPartOf\":{\"@id\":\"https:\\\/\\\/www.encontraamericana.com.br\\\/guia\\\/americana-151-anos-de-uma-linda-trajetoria\\\/\"},\"author\":{\"name\":\"Encontra Americana\",\"@id\":\"https:\\\/\\\/www.encontraamericana.com.br\\\/guia\\\/#\\\/schema\\\/person\\\/515cbc6082144e7445cab98211d14f9b\"},\"headline\":\"Americana, 151 anos de uma linda trajet\u00f3ria\",\"datePublished\":\"2026-08-28T14:19:07+00:00\",\"mainEntityOfPage\":{\"@id\":\"https:\\\/\\\/www.encontraamericana.com.br\\\/guia\\\/americana-151-anos-de-uma-linda-trajetoria\\\/\"},\"wordCount\":1159,\"commentCount\":0,\"image\":{\"@id\":\"https:\\\/\\\/www.encontraamericana.com.br\\\/guia\\\/americana-151-anos-de-uma-linda-trajetoria\\\/#primaryimage\"},\"thumbnailUrl\":\"https:\\\/\\\/www.encontraamericana.com.br\\\/guia\\\/wp-content\\\/uploads\\\/2026\\\/08\\\/americana-151-anos-de-uma-linda-trajetoria.webp\",\"articleSection\":[\"Not\u00edcias Americana\"],\"inLanguage\":\"pt-BR\",\"potentialAction\":[{\"@type\":\"CommentAction\",\"name\":\"Comment\",\"target\":[\"https:\\\/\\\/www.encontraamericana.com.br\\\/guia\\\/americana-151-anos-de-uma-linda-trajetoria\\\/#respond\"]}]},{\"@type\":\"WebPage\",\"@id\":\"https:\\\/\\\/www.encontraamericana.com.br\\\/guia\\\/americana-151-anos-de-uma-linda-trajetoria\\\/\",\"url\":\"https:\\\/\\\/www.encontraamericana.com.br\\\/guia\\\/americana-151-anos-de-uma-linda-trajetoria\\\/\",\"name\":\"Americana, 151 anos de uma linda trajet\u00f3ria | Guia Comercial de Americana SP\",\"isPartOf\":{\"@id\":\"https:\\\/\\\/www.encontraamericana.com.br\\\/guia\\\/#website\"},\"primaryImageOfPage\":{\"@id\":\"https:\\\/\\\/www.encontraamericana.com.br\\\/guia\\\/americana-151-anos-de-uma-linda-trajetoria\\\/#primaryimage\"},\"image\":{\"@id\":\"https:\\\/\\\/www.encontraamericana.com.br\\\/guia\\\/americana-151-anos-de-uma-linda-trajetoria\\\/#primaryimage\"},\"thumbnailUrl\":\"https:\\\/\\\/www.encontraamericana.com.br\\\/guia\\\/wp-content\\\/uploads\\\/2026\\\/08\\\/americana-151-anos-de-uma-linda-trajetoria.webp\",\"datePublished\":\"2026-08-28T14:19:07+00:00\",\"author\":{\"@id\":\"https:\\\/\\\/www.encontraamericana.com.br\\\/guia\\\/#\\\/schema\\\/person\\\/515cbc6082144e7445cab98211d14f9b\"},\"inLanguage\":\"pt-BR\",\"potentialAction\":[{\"@type\":\"ReadAction\",\"target\":[\"https:\\\/\\\/www.encontraamericana.com.br\\\/guia\\\/americana-151-anos-de-uma-linda-trajetoria\\\/\"]}]},{\"@type\":\"ImageObject\",\"inLanguage\":\"pt-BR\",\"@id\":\"https:\\\/\\\/www.encontraamericana.com.br\\\/guia\\\/americana-151-anos-de-uma-linda-trajetoria\\\/#primaryimage\",\"url\":\"https:\\\/\\\/www.encontraamericana.com.br\\\/guia\\\/wp-content\\\/uploads\\\/2026\\\/08\\\/americana-151-anos-de-uma-linda-trajetoria.webp\",\"contentUrl\":\"https:\\\/\\\/www.encontraamericana.com.br\\\/guia\\\/wp-content\\\/uploads\\\/2026\\\/08\\\/americana-151-anos-de-uma-linda-trajetoria.webp\",\"width\":280,\"height\":280,\"caption\":\"Americana 151 anos de uma linda trajet\u00f3ria\"},{\"@type\":\"WebSite\",\"@id\":\"https:\\\/\\\/www.encontraamericana.com.br\\\/guia\\\/#website\",\"url\":\"https:\\\/\\\/www.encontraamericana.com.br\\\/guia\\\/\",\"name\":\"Guia Comercial de Americana SP\",\"description\":\"ENCONTRA AMERICANA - O guia comercial de neg\u00f3cios e empresas, cultura e divers\u00e3o na cidade de Americana. Feito 100% para voc\u00ea morador!\",\"potentialAction\":[{\"@type\":\"SearchAction\",\"target\":{\"@type\":\"EntryPoint\",\"urlTemplate\":\"https:\\\/\\\/www.encontraamericana.com.br\\\/guia\\\/?s={search_term_string}\"},\"query-input\":{\"@type\":\"PropertyValueSpecification\",\"valueRequired\":true,\"valueName\":\"search_term_string\"}}],\"inLanguage\":\"pt-BR\"},{\"@type\":\"Person\",\"@id\":\"https:\\\/\\\/www.encontraamericana.com.br\\\/guia\\\/#\\\/schema\\\/person\\\/515cbc6082144e7445cab98211d14f9b\",\"name\":\"Encontra Americana\",\"image\":{\"@type\":\"ImageObject\",\"inLanguage\":\"pt-BR\",\"@id\":\"https:\\\/\\\/secure.gravatar.com\\\/avatar\\\/c50c17820bcf322f0a8fd6b110b8c0918141409dc69076470f6fca5fee70a5d4?s=96&d=mm&r=g\",\"url\":\"https:\\\/\\\/secure.gravatar.com\\\/avatar\\\/c50c17820bcf322f0a8fd6b110b8c0918141409dc69076470f6fca5fee70a5d4?s=96&d=mm&r=g\",\"contentUrl\":\"https:\\\/\\\/secure.gravatar.com\\\/avatar\\\/c50c17820bcf322f0a8fd6b110b8c0918141409dc69076470f6fca5fee70a5d4?s=96&d=mm&r=g\",\"caption\":\"Encontra Americana\"},\"url\":\"https:\\\/\\\/www.encontraamericana.com.br\\\/guia\\\/author\\\/encontraamericana\\\/\"}]}<\/script>\n<!-- \/ Yoast SEO plugin. -->","yoast_head_json":{"title":"Americana, 151 anos de uma linda trajet\u00f3ria | Guia Comercial de Americana SP","robots":{"index":"index","follow":"follow","max-snippet":"max-snippet:-1","max-image-preview":"max-image-preview:large","max-video-preview":"max-video-preview:-1"},"canonical":"https:\/\/www.encontraamericana.com.br\/guia\/americana-151-anos-de-uma-linda-trajetoria\/","og_locale":"pt_BR","og_type":"article","og_title":"Americana, 151 anos de uma linda trajet\u00f3ria | Guia Comercial de Americana SP","og_description":"Americana completa 151 anos de hist\u00f3ria e desafios para o futuro.","og_url":"https:\/\/www.encontraamericana.com.br\/guia\/americana-151-anos-de-uma-linda-trajetoria\/","og_site_name":"Guia Comercial de Americana SP","article_published_time":"2026-08-28T14:19:07+00:00","og_image":[{"url":"https:\/\/www.encontraamericana.com.br\/guia\/wp-content\/uploads\/2026\/08\/americana-151-anos-de-uma-linda-trajetoria.webp","type":"","width":"","height":""}],"author":"Encontra Americana","twitter_card":"summary_large_image","twitter_misc":{"Escrito por":"Encontra Americana","Est. tempo de leitura":"6 minutos"},"schema":{"@context":"https:\/\/schema.org","@graph":[{"@type":"Article","@id":"https:\/\/www.encontraamericana.com.br\/guia\/americana-151-anos-de-uma-linda-trajetoria\/#article","isPartOf":{"@id":"https:\/\/www.encontraamericana.com.br\/guia\/americana-151-anos-de-uma-linda-trajetoria\/"},"author":{"name":"Encontra Americana","@id":"https:\/\/www.encontraamericana.com.br\/guia\/#\/schema\/person\/515cbc6082144e7445cab98211d14f9b"},"headline":"Americana, 151 anos de uma linda trajet\u00f3ria","datePublished":"2026-08-28T14:19:07+00:00","mainEntityOfPage":{"@id":"https:\/\/www.encontraamericana.com.br\/guia\/americana-151-anos-de-uma-linda-trajetoria\/"},"wordCount":1159,"commentCount":0,"image":{"@id":"https:\/\/www.encontraamericana.com.br\/guia\/americana-151-anos-de-uma-linda-trajetoria\/#primaryimage"},"thumbnailUrl":"https:\/\/www.encontraamericana.com.br\/guia\/wp-content\/uploads\/2026\/08\/americana-151-anos-de-uma-linda-trajetoria.webp","articleSection":["Not\u00edcias Americana"],"inLanguage":"pt-BR","potentialAction":[{"@type":"CommentAction","name":"Comment","target":["https:\/\/www.encontraamericana.com.br\/guia\/americana-151-anos-de-uma-linda-trajetoria\/#respond"]}]},{"@type":"WebPage","@id":"https:\/\/www.encontraamericana.com.br\/guia\/americana-151-anos-de-uma-linda-trajetoria\/","url":"https:\/\/www.encontraamericana.com.br\/guia\/americana-151-anos-de-uma-linda-trajetoria\/","name":"Americana, 151 anos de uma linda trajet\u00f3ria | Guia Comercial de Americana SP","isPartOf":{"@id":"https:\/\/www.encontraamericana.com.br\/guia\/#website"},"primaryImageOfPage":{"@id":"https:\/\/www.encontraamericana.com.br\/guia\/americana-151-anos-de-uma-linda-trajetoria\/#primaryimage"},"image":{"@id":"https:\/\/www.encontraamericana.com.br\/guia\/americana-151-anos-de-uma-linda-trajetoria\/#primaryimage"},"thumbnailUrl":"https:\/\/www.encontraamericana.com.br\/guia\/wp-content\/uploads\/2026\/08\/americana-151-anos-de-uma-linda-trajetoria.webp","datePublished":"2026-08-28T14:19:07+00:00","author":{"@id":"https:\/\/www.encontraamericana.com.br\/guia\/#\/schema\/person\/515cbc6082144e7445cab98211d14f9b"},"inLanguage":"pt-BR","potentialAction":[{"@type":"ReadAction","target":["https:\/\/www.encontraamericana.com.br\/guia\/americana-151-anos-de-uma-linda-trajetoria\/"]}]},{"@type":"ImageObject","inLanguage":"pt-BR","@id":"https:\/\/www.encontraamericana.com.br\/guia\/americana-151-anos-de-uma-linda-trajetoria\/#primaryimage","url":"https:\/\/www.encontraamericana.com.br\/guia\/wp-content\/uploads\/2026\/08\/americana-151-anos-de-uma-linda-trajetoria.webp","contentUrl":"https:\/\/www.encontraamericana.com.br\/guia\/wp-content\/uploads\/2026\/08\/americana-151-anos-de-uma-linda-trajetoria.webp","width":280,"height":280,"caption":"Americana 151 anos de uma linda trajet\u00f3ria"},{"@type":"WebSite","@id":"https:\/\/www.encontraamericana.com.br\/guia\/#website","url":"https:\/\/www.encontraamericana.com.br\/guia\/","name":"Guia Comercial de Americana SP","description":"ENCONTRA AMERICANA - O guia comercial de neg\u00f3cios e empresas, cultura e divers\u00e3o na cidade de Americana. Feito 100% para voc\u00ea morador!","potentialAction":[{"@type":"SearchAction","target":{"@type":"EntryPoint","urlTemplate":"https:\/\/www.encontraamericana.com.br\/guia\/?s={search_term_string}"},"query-input":{"@type":"PropertyValueSpecification","valueRequired":true,"valueName":"search_term_string"}}],"inLanguage":"pt-BR"},{"@type":"Person","@id":"https:\/\/www.encontraamericana.com.br\/guia\/#\/schema\/person\/515cbc6082144e7445cab98211d14f9b","name":"Encontra Americana","image":{"@type":"ImageObject","inLanguage":"pt-BR","@id":"https:\/\/secure.gravatar.com\/avatar\/c50c17820bcf322f0a8fd6b110b8c0918141409dc69076470f6fca5fee70a5d4?s=96&d=mm&r=g","url":"https:\/\/secure.gravatar.com\/avatar\/c50c17820bcf322f0a8fd6b110b8c0918141409dc69076470f6fca5fee70a5d4?s=96&d=mm&r=g","contentUrl":"https:\/\/secure.gravatar.com\/avatar\/c50c17820bcf322f0a8fd6b110b8c0918141409dc69076470f6fca5fee70a5d4?s=96&d=mm&r=g","caption":"Encontra Americana"},"url":"https:\/\/www.encontraamericana.com.br\/guia\/author\/encontraamericana\/"}]}},"_links":{"self":[{"href":"https:\/\/www.encontraamericana.com.br\/guia\/wp-json\/wp\/v2\/posts\/7049","targetHints":{"allow":["GET"]}}],"collection":[{"href":"https:\/\/www.encontraamericana.com.br\/guia\/wp-json\/wp\/v2\/posts"}],"about":[{"href":"https:\/\/www.encontraamericana.com.br\/guia\/wp-json\/wp\/v2\/types\/post"}],"author":[{"embeddable":true,"href":"https:\/\/www.encontraamericana.com.br\/guia\/wp-json\/wp\/v2\/users\/1"}],"replies":[{"embeddable":true,"href":"https:\/\/www.encontraamericana.com.br\/guia\/wp-json\/wp\/v2\/comments?post=7049"}],"version-history":[{"count":0,"href":"https:\/\/www.encontraamericana.com.br\/guia\/wp-json\/wp\/v2\/posts\/7049\/revisions"}],"wp:featuredmedia":[{"embeddable":true,"href":"https:\/\/www.encontraamericana.com.br\/guia\/wp-json\/wp\/v2\/media\/7048"}],"wp:attachment":[{"href":"https:\/\/www.encontraamericana.com.br\/guia\/wp-json\/wp\/v2\/media?parent=7049"}],"wp:term":[{"taxonomy":"category","embeddable":true,"href":"https:\/\/www.encontraamericana.com.br\/guia\/wp-json\/wp\/v2\/categories?post=7049"},{"taxonomy":"post_tag","embeddable":true,"href":"https:\/\/www.encontraamericana.com.br\/guia\/wp-json\/wp\/v2\/tags?post=7049"}],"curies":[{"name":"wp","href":"https:\/\/api.w.org\/{rel}","templated":true}]}}