{"id":7061,"date":"2026-08-30T11:53:34","date_gmt":"2026-08-30T14:53:34","guid":{"rendered":"https:\/\/www.encontraamericana.com.br\/guia\/americana-celebra-151-anos-com-destaque-para-saude-educacao-seguranca-e-empregos\/"},"modified":"2026-08-30T11:53:34","modified_gmt":"2026-08-30T14:53:34","slug":"americana-celebra-151-anos-com-destaque-para-saude-educacao-seguranca-e-empregos","status":"publish","type":"post","link":"https:\/\/www.encontraamericana.com.br\/guia\/americana-celebra-151-anos-com-destaque-para-saude-educacao-seguranca-e-empregos\/","title":{"rendered":"Americana celebra 151 anos com destaque para sa\u00fade, educa\u00e7\u00e3o, seguran\u00e7a e empregos"},"content":{"rendered":"<h2>Comemora\u00e7\u00f5es em Americana<\/h2>\n<p>No dia 27 de agosto de 2026, a cidade de Americana completou 151 anos desde sua funda\u00e7\u00e3o. Para celebrar essa data, a administra\u00e7\u00e3o municipal organizou uma s\u00e9rie de eventos durante todo o m\u00eas de agosto. As festividades culminaram em um roteiro gastron\u00f4mico que aconteceu neste \u00faltimo fim de semana. A cerim\u00f4nia oficial ocorreu no Pa\u00e7o Municipal, com a presen\u00e7a de autoridades locais, funcion\u00e1rios p\u00fablicos, a Banda Municipal e um p\u00fablico animado que se juntou para festejar.<\/p>\n<h2>Avan\u00e7os na Sa\u00fade<\/h2>\n<p>Dentre os maiores avan\u00e7os apresentados pela administra\u00e7\u00e3o da cidade, os investimentos no setor de sa\u00fade foram amplamente destacados. Um dos principais s\u00edmbolos dessa evolu\u00e7\u00e3o \u00e9 a Unacon (Centro de Oncologia de Americana), uma unidade dedicada ao tratamento de pacientes com c\u00e2ncer. Essa institui\u00e7\u00e3o n\u00e3o s\u00f3 executa cirurgias oncol\u00f3gicas nas \u00e1reas de mastologia, ginecologia, urologia e aparelho digestivo, mas tamb\u00e9m oferece um abrangente suporte diagn\u00f3stico e procedimentos ambulatoriais.<\/p>\n<p>O espa\u00e7o conta com infraestrutura adequada, que inclui poltronas para quimioterapia e leitos para infus\u00f5es, garantindo um atendimento de qualidade a pacientes oncol\u00f3gicos. Somente nos \u00faltimos quatro anos, a unidade j\u00e1 promoveu mais de 88 mil atendimentos, conforme informado pela Prefeitura.<\/p>\n<p><img decoding=\"async\" src=\"https:\/\/www.encontraamericana.com.br\/guia\/wp-content\/uploads\/2026\/08\/americana-celebra-151-anos-com-destaque-para-saude-educacao-seguranca-e-empregos.webp\" alt=\"Americana 151 anos\" loading=\"lazy\" \/><\/p>\n<p>Outra iniciativa relevante na \u00e1rea da sa\u00fade foi o Mutir\u00e3o \u201cMil Cuidados em Um Dia\u201d, que acontece mensalmente e disponibiliza consultas e exames em diversas especialidades. Desde a sua primeira edi\u00e7\u00e3o, mais de 9 mil pacientes foram beneficiados, ajudando a ampliar o acesso aos servi\u00e7os e a diminuir as longas filas de espera.<\/p>\n<p>Al\u00e9m disso, o N\u00facleo de Especialidades registrou mais de 200 mil atendimentos especializados s\u00f3 nos \u00faltimos dois anos. A administra\u00e7\u00e3o ainda enfatiza a import\u00e2ncia da nova maternidade do Hospital Municipal e a amplia\u00e7\u00e3o dos hor\u00e1rios em UBSs e USFs, melhorando ainda mais o atendimento para a popula\u00e7\u00e3o.<\/p>\n<h2>Educa\u00e7\u00e3o e Reconhecimento Nacional<\/h2>\n<p>No que tange \u00e0 educa\u00e7\u00e3o, Americana foi agraciada com o Selo Ouro do Compromisso Nacional Crian\u00e7a Alfabetizada, um reconhecimento do Governo Federal por suas pr\u00e1ticas educacionais de qualidade. A cidade foi ainda contemplada com o Pr\u00eamio Excel\u00eancia Educacional, por ter atingido as metas de alfabetiza\u00e7\u00e3o estabelecidas.<\/p>\n<p>As escolas da rede p\u00fablica municipal t\u00eam recebido a atua\u00e7\u00e3o da Guarda Municipal, que desenvolve a\u00e7\u00f5es voltadas para a seguran\u00e7a e o car\u00e1ter preventivo no ambiente escolar. Isso tem contribu\u00eddo para um melhor clima de ensino, tornando-se um importante aliado na promo\u00e7\u00e3o do bem-estar dos estudantes.<\/p>\n<h2>Seguran\u00e7a P\u00fablica em Foco<\/h2>\n<p>Na seara da seguran\u00e7a p\u00fablica, um dos principais investimentos foi a implementa\u00e7\u00e3o da Muralha Digital, um sistema de monitoramento que abrange as entradas e sa\u00eddas do munic\u00edpio e est\u00e1 integrado ao CSI (Centro de Seguran\u00e7a e Intelig\u00eancia). Essa iniciativa visa aumentar a seguran\u00e7a dos cidad\u00e3os, otimizando a vigil\u00e2ncia e a resposta a incidentes.<\/p>\n<h2>Gera\u00e7\u00e3o de Empregos Crescente<\/h2>\n<p>O setor de emprego em Americana tamb\u00e9m vivencia um crescimento consider\u00e1vel. Desde o ano de 2021, foram criados mais de 12 mil postos de trabalho formais, de acordo com dados apresentados pela administra\u00e7\u00e3o local. Um marco importante foi a chegada da empresa YAPP, uma multinacional chinesa que investiu cerca de R$ 140 milh\u00f5es na instala\u00e7\u00e3o de uma nova planta industrial na cidade. Essa opera\u00e7\u00e3o est\u00e1 prevista para gerar mais de 100 novas vagas de emprego, proporcionando um impulso significativo \u00e0 economia regional.<\/p>\n<h2>As Sete Maravilhas de Americana<\/h2>\n<p>Em meio \u00e0s comemora\u00e7\u00f5es do anivers\u00e1rio da cidade, foi realizada uma vota\u00e7\u00e3o popular para eleger as Sete Maravilhas de Americana. Essa pesquisa contou com a participa\u00e7\u00e3o de 1.057 pessoas e incluiu 50 locais que foram candidatos ao t\u00edtulo. Os sete locais mais votados foram os seguintes:<\/p>\n<ol>\n<li><strong>Bas\u00edlica Santu\u00e1rio Santo Ant\u00f4nio de P\u00e1dua<\/strong><\/li>\n<li><strong>Parque Ecol\u00f3gico Municipal de Americana<\/strong><\/li>\n<li><strong>Avenida Brasil<\/strong><\/li>\n<li><strong>Biblioteca Municipal Jandira Basseto P\u00e2ntano<\/strong><\/li>\n<li><strong>Esta\u00e7\u00e3o Cultural<\/strong><\/li>\n<li><strong>Jardim Bot\u00e2nico de Americana<\/strong><\/li>\n<li><strong>Represa do Salto Grande<\/strong><\/li>\n<\/ol>\n<p>Esse reconhecimento celebra a hist\u00f3ria e a cultura da cidade, evidenciando locais que s\u00e3o s\u00edmbolos do patrim\u00f4nio local.<\/p>\n<h2>Programa\u00e7\u00e3o de Anivers\u00e1rio<\/h2>\n<p>A programa\u00e7\u00e3o de anivers\u00e1rio de 151 anos de Americana culminou com o roteiro gastron\u00f4mico, que foi um sucesso absoluto, atraindo a participa\u00e7\u00e3o de moradores e visitantes. Durante este evento, os participantes puderam apreciar a diversidade da culin\u00e1ria local, com destaque para a criatividade e o sabor dos pratos preparados pelos chefs da regi\u00e3o.<\/p>\n<h2>Investimentos em Sa\u00fade e Educa\u00e7\u00e3o<\/h2>\n<p>Os investimentos em sa\u00fade e educa\u00e7\u00e3o foram fundamentais para a cidade nos \u00faltimos anos, refletindo a prioridade da administra\u00e7\u00e3o em melhorar a qualidade de vida da popula\u00e7\u00e3o. A promo\u00e7\u00e3o de servi\u00e7os de sa\u00fade acess\u00edveis e a implementa\u00e7\u00e3o de pr\u00e1ticas educativas inovadoras t\u00eam colocado Americana em destaque no cen\u00e1rio estadual.<\/p>\n<h2>O Papel da Comunidade na Celebra\u00e7\u00e3o<\/h2>\n<p>A celebra\u00e7\u00e3o dos 151 anos de Americana n\u00e3o foi apenas uma festa, mas tamb\u00e9m um momento de reflex\u00e3o sobre o papel da comunidade na constru\u00e7\u00e3o da cidade. A participa\u00e7\u00e3o ativa dos cidad\u00e3os em eventos e vota\u00e7\u00f5es, como as Sete Maravilhas, demonstra o engajamento da popula\u00e7\u00e3o e a import\u00e2ncia do sentimento de pertencimento \u00e0 cidade.<\/p>\n<h2>Futuro e Expectativas para Americana<\/h2>\n<p>O futuro de Americana parece promissor, com as iniciativas atuais e o investimento em infraestrutura, sa\u00fade, e educa\u00e7\u00e3o criando um ambiente prop\u00edcio para o desenvolvimento cont\u00ednuo. A expectativa \u00e9 que, com a uni\u00e3o dos esfor\u00e7os e a participa\u00e7\u00e3o da comunidade, a cidade continue a prosperar e a ser um exemplo de qualidade de vida e desenvolvimento urbano.<\/p>\n","protected":false},"excerpt":{"rendered":"<p>Americana celebra 151 anos com \u00eanfase em sa\u00fade, educa\u00e7\u00e3o e gera\u00e7\u00e3o de empregos.<\/p>\n","protected":false},"author":1,"featured_media":7060,"comment_status":"open","ping_status":"open","sticky":false,"template":"","format":"standard","meta":{"footnotes":""},"categories":[5],"tags":[],"class_list":["post-7061","post","type-post","status-publish","format-standard","has-post-thumbnail","hentry","category-noticias","has_thumb"],"yoast_head":"<!-- This site is optimized with the Yoast SEO plugin v27.6 - https:\/\/yoast.com\/product\/yoast-seo-wordpress\/ -->\n<title>Americana celebra 151 anos com destaque para sa\u00fade, educa\u00e7\u00e3o, seguran\u00e7a e empregos | Guia Comercial de Americana SP<\/title>\n<meta name=\"robots\" content=\"index, follow, max-snippet:-1, max-image-preview:large, max-video-preview:-1\" \/>\n<link rel=\"canonical\" href=\"https:\/\/www.encontraamericana.com.br\/guia\/americana-celebra-151-anos-com-destaque-para-saude-educacao-seguranca-e-empregos\/\" \/>\n<meta property=\"og:locale\" content=\"pt_BR\" \/>\n<meta property=\"og:type\" content=\"article\" \/>\n<meta property=\"og:title\" content=\"Americana celebra 151 anos com destaque para sa\u00fade, educa\u00e7\u00e3o, seguran\u00e7a e empregos | Guia Comercial de Americana SP\" \/>\n<meta property=\"og:description\" content=\"Americana celebra 151 anos com \u00eanfase em sa\u00fade, educa\u00e7\u00e3o e gera\u00e7\u00e3o de empregos.\" \/>\n<meta property=\"og:url\" content=\"https:\/\/www.encontraamericana.com.br\/guia\/americana-celebra-151-anos-com-destaque-para-saude-educacao-seguranca-e-empregos\/\" \/>\n<meta property=\"og:site_name\" content=\"Guia Comercial de Americana SP\" \/>\n<meta property=\"article:published_time\" content=\"2026-08-30T14:53:34+00:00\" \/>\n<meta property=\"og:image\" content=\"https:\/\/www.encontraamericana.com.br\/guia\/wp-content\/uploads\/2026\/08\/americana-celebra-151-anos-com-destaque-para-saude-educacao-seguranca-e-empregos.webp\" \/>\n<meta name=\"author\" content=\"Encontra Americana\" \/>\n<meta name=\"twitter:card\" content=\"summary_large_image\" \/>\n<meta name=\"twitter:label1\" content=\"Escrito por\" \/>\n\t<meta name=\"twitter:data1\" content=\"Encontra Americana\" \/>\n\t<meta name=\"twitter:label2\" content=\"Est. tempo de leitura\" \/>\n\t<meta name=\"twitter:data2\" content=\"5 minutos\" \/>\n<script type=\"application\/ld+json\" class=\"yoast-schema-graph\">{\"@context\":\"https:\\\/\\\/schema.org\",\"@graph\":[{\"@type\":\"Article\",\"@id\":\"https:\\\/\\\/www.encontraamericana.com.br\\\/guia\\\/americana-celebra-151-anos-com-destaque-para-saude-educacao-seguranca-e-empregos\\\/#article\",\"isPartOf\":{\"@id\":\"https:\\\/\\\/www.encontraamericana.com.br\\\/guia\\\/americana-celebra-151-anos-com-destaque-para-saude-educacao-seguranca-e-empregos\\\/\"},\"author\":{\"name\":\"Encontra Americana\",\"@id\":\"https:\\\/\\\/www.encontraamericana.com.br\\\/guia\\\/#\\\/schema\\\/person\\\/515cbc6082144e7445cab98211d14f9b\"},\"headline\":\"Americana celebra 151 anos com destaque para sa\u00fade, educa\u00e7\u00e3o, seguran\u00e7a e empregos\",\"datePublished\":\"2026-08-30T14:53:34+00:00\",\"mainEntityOfPage\":{\"@id\":\"https:\\\/\\\/www.encontraamericana.com.br\\\/guia\\\/americana-celebra-151-anos-com-destaque-para-saude-educacao-seguranca-e-empregos\\\/\"},\"wordCount\":983,\"commentCount\":0,\"image\":{\"@id\":\"https:\\\/\\\/www.encontraamericana.com.br\\\/guia\\\/americana-celebra-151-anos-com-destaque-para-saude-educacao-seguranca-e-empregos\\\/#primaryimage\"},\"thumbnailUrl\":\"https:\\\/\\\/www.encontraamericana.com.br\\\/guia\\\/wp-content\\\/uploads\\\/2026\\\/08\\\/americana-celebra-151-anos-com-destaque-para-saude-educacao-seguranca-e-empregos.webp\",\"articleSection\":[\"Not\u00edcias Americana\"],\"inLanguage\":\"pt-BR\",\"potentialAction\":[{\"@type\":\"CommentAction\",\"name\":\"Comment\",\"target\":[\"https:\\\/\\\/www.encontraamericana.com.br\\\/guia\\\/americana-celebra-151-anos-com-destaque-para-saude-educacao-seguranca-e-empregos\\\/#respond\"]}]},{\"@type\":\"WebPage\",\"@id\":\"https:\\\/\\\/www.encontraamericana.com.br\\\/guia\\\/americana-celebra-151-anos-com-destaque-para-saude-educacao-seguranca-e-empregos\\\/\",\"url\":\"https:\\\/\\\/www.encontraamericana.com.br\\\/guia\\\/americana-celebra-151-anos-com-destaque-para-saude-educacao-seguranca-e-empregos\\\/\",\"name\":\"Americana celebra 151 anos com destaque para sa\u00fade, educa\u00e7\u00e3o, seguran\u00e7a e empregos | Guia Comercial de Americana SP\",\"isPartOf\":{\"@id\":\"https:\\\/\\\/www.encontraamericana.com.br\\\/guia\\\/#website\"},\"primaryImageOfPage\":{\"@id\":\"https:\\\/\\\/www.encontraamericana.com.br\\\/guia\\\/americana-celebra-151-anos-com-destaque-para-saude-educacao-seguranca-e-empregos\\\/#primaryimage\"},\"image\":{\"@id\":\"https:\\\/\\\/www.encontraamericana.com.br\\\/guia\\\/americana-celebra-151-anos-com-destaque-para-saude-educacao-seguranca-e-empregos\\\/#primaryimage\"},\"thumbnailUrl\":\"https:\\\/\\\/www.encontraamericana.com.br\\\/guia\\\/wp-content\\\/uploads\\\/2026\\\/08\\\/americana-celebra-151-anos-com-destaque-para-saude-educacao-seguranca-e-empregos.webp\",\"datePublished\":\"2026-08-30T14:53:34+00:00\",\"author\":{\"@id\":\"https:\\\/\\\/www.encontraamericana.com.br\\\/guia\\\/#\\\/schema\\\/person\\\/515cbc6082144e7445cab98211d14f9b\"},\"inLanguage\":\"pt-BR\",\"potentialAction\":[{\"@type\":\"ReadAction\",\"target\":[\"https:\\\/\\\/www.encontraamericana.com.br\\\/guia\\\/americana-celebra-151-anos-com-destaque-para-saude-educacao-seguranca-e-empregos\\\/\"]}]},{\"@type\":\"ImageObject\",\"inLanguage\":\"pt-BR\",\"@id\":\"https:\\\/\\\/www.encontraamericana.com.br\\\/guia\\\/americana-celebra-151-anos-com-destaque-para-saude-educacao-seguranca-e-empregos\\\/#primaryimage\",\"url\":\"https:\\\/\\\/www.encontraamericana.com.br\\\/guia\\\/wp-content\\\/uploads\\\/2026\\\/08\\\/americana-celebra-151-anos-com-destaque-para-saude-educacao-seguranca-e-empregos.webp\",\"contentUrl\":\"https:\\\/\\\/www.encontraamericana.com.br\\\/guia\\\/wp-content\\\/uploads\\\/2026\\\/08\\\/americana-celebra-151-anos-com-destaque-para-saude-educacao-seguranca-e-empregos.webp\",\"width\":280,\"height\":280,\"caption\":\"Americana 151 anos\"},{\"@type\":\"WebSite\",\"@id\":\"https:\\\/\\\/www.encontraamericana.com.br\\\/guia\\\/#website\",\"url\":\"https:\\\/\\\/www.encontraamericana.com.br\\\/guia\\\/\",\"name\":\"Guia Comercial de Americana SP\",\"description\":\"ENCONTRA AMERICANA - O guia comercial de neg\u00f3cios e empresas, cultura e divers\u00e3o na cidade de Americana. Feito 100% para voc\u00ea morador!\",\"potentialAction\":[{\"@type\":\"SearchAction\",\"target\":{\"@type\":\"EntryPoint\",\"urlTemplate\":\"https:\\\/\\\/www.encontraamericana.com.br\\\/guia\\\/?s={search_term_string}\"},\"query-input\":{\"@type\":\"PropertyValueSpecification\",\"valueRequired\":true,\"valueName\":\"search_term_string\"}}],\"inLanguage\":\"pt-BR\"},{\"@type\":\"Person\",\"@id\":\"https:\\\/\\\/www.encontraamericana.com.br\\\/guia\\\/#\\\/schema\\\/person\\\/515cbc6082144e7445cab98211d14f9b\",\"name\":\"Encontra Americana\",\"image\":{\"@type\":\"ImageObject\",\"inLanguage\":\"pt-BR\",\"@id\":\"https:\\\/\\\/secure.gravatar.com\\\/avatar\\\/c50c17820bcf322f0a8fd6b110b8c0918141409dc69076470f6fca5fee70a5d4?s=96&d=mm&r=g\",\"url\":\"https:\\\/\\\/secure.gravatar.com\\\/avatar\\\/c50c17820bcf322f0a8fd6b110b8c0918141409dc69076470f6fca5fee70a5d4?s=96&d=mm&r=g\",\"contentUrl\":\"https:\\\/\\\/secure.gravatar.com\\\/avatar\\\/c50c17820bcf322f0a8fd6b110b8c0918141409dc69076470f6fca5fee70a5d4?s=96&d=mm&r=g\",\"caption\":\"Encontra Americana\"},\"url\":\"https:\\\/\\\/www.encontraamericana.com.br\\\/guia\\\/author\\\/encontraamericana\\\/\"}]}<\/script>\n<!-- \/ Yoast SEO plugin. -->","yoast_head_json":{"title":"Americana celebra 151 anos com destaque para sa\u00fade, educa\u00e7\u00e3o, seguran\u00e7a e empregos | Guia Comercial de Americana SP","robots":{"index":"index","follow":"follow","max-snippet":"max-snippet:-1","max-image-preview":"max-image-preview:large","max-video-preview":"max-video-preview:-1"},"canonical":"https:\/\/www.encontraamericana.com.br\/guia\/americana-celebra-151-anos-com-destaque-para-saude-educacao-seguranca-e-empregos\/","og_locale":"pt_BR","og_type":"article","og_title":"Americana celebra 151 anos com destaque para sa\u00fade, educa\u00e7\u00e3o, seguran\u00e7a e empregos | Guia Comercial de Americana SP","og_description":"Americana celebra 151 anos com \u00eanfase em sa\u00fade, educa\u00e7\u00e3o e gera\u00e7\u00e3o de empregos.","og_url":"https:\/\/www.encontraamericana.com.br\/guia\/americana-celebra-151-anos-com-destaque-para-saude-educacao-seguranca-e-empregos\/","og_site_name":"Guia Comercial de Americana SP","article_published_time":"2026-08-30T14:53:34+00:00","og_image":[{"url":"https:\/\/www.encontraamericana.com.br\/guia\/wp-content\/uploads\/2026\/08\/americana-celebra-151-anos-com-destaque-para-saude-educacao-seguranca-e-empregos.webp","type":"","width":"","height":""}],"author":"Encontra Americana","twitter_card":"summary_large_image","twitter_misc":{"Escrito por":"Encontra Americana","Est. tempo de leitura":"5 minutos"},"schema":{"@context":"https:\/\/schema.org","@graph":[{"@type":"Article","@id":"https:\/\/www.encontraamericana.com.br\/guia\/americana-celebra-151-anos-com-destaque-para-saude-educacao-seguranca-e-empregos\/#article","isPartOf":{"@id":"https:\/\/www.encontraamericana.com.br\/guia\/americana-celebra-151-anos-com-destaque-para-saude-educacao-seguranca-e-empregos\/"},"author":{"name":"Encontra Americana","@id":"https:\/\/www.encontraamericana.com.br\/guia\/#\/schema\/person\/515cbc6082144e7445cab98211d14f9b"},"headline":"Americana celebra 151 anos com destaque para sa\u00fade, educa\u00e7\u00e3o, seguran\u00e7a e empregos","datePublished":"2026-08-30T14:53:34+00:00","mainEntityOfPage":{"@id":"https:\/\/www.encontraamericana.com.br\/guia\/americana-celebra-151-anos-com-destaque-para-saude-educacao-seguranca-e-empregos\/"},"wordCount":983,"commentCount":0,"image":{"@id":"https:\/\/www.encontraamericana.com.br\/guia\/americana-celebra-151-anos-com-destaque-para-saude-educacao-seguranca-e-empregos\/#primaryimage"},"thumbnailUrl":"https:\/\/www.encontraamericana.com.br\/guia\/wp-content\/uploads\/2026\/08\/americana-celebra-151-anos-com-destaque-para-saude-educacao-seguranca-e-empregos.webp","articleSection":["Not\u00edcias Americana"],"inLanguage":"pt-BR","potentialAction":[{"@type":"CommentAction","name":"Comment","target":["https:\/\/www.encontraamericana.com.br\/guia\/americana-celebra-151-anos-com-destaque-para-saude-educacao-seguranca-e-empregos\/#respond"]}]},{"@type":"WebPage","@id":"https:\/\/www.encontraamericana.com.br\/guia\/americana-celebra-151-anos-com-destaque-para-saude-educacao-seguranca-e-empregos\/","url":"https:\/\/www.encontraamericana.com.br\/guia\/americana-celebra-151-anos-com-destaque-para-saude-educacao-seguranca-e-empregos\/","name":"Americana celebra 151 anos com destaque para sa\u00fade, educa\u00e7\u00e3o, seguran\u00e7a e empregos | Guia Comercial de Americana SP","isPartOf":{"@id":"https:\/\/www.encontraamericana.com.br\/guia\/#website"},"primaryImageOfPage":{"@id":"https:\/\/www.encontraamericana.com.br\/guia\/americana-celebra-151-anos-com-destaque-para-saude-educacao-seguranca-e-empregos\/#primaryimage"},"image":{"@id":"https:\/\/www.encontraamericana.com.br\/guia\/americana-celebra-151-anos-com-destaque-para-saude-educacao-seguranca-e-empregos\/#primaryimage"},"thumbnailUrl":"https:\/\/www.encontraamericana.com.br\/guia\/wp-content\/uploads\/2026\/08\/americana-celebra-151-anos-com-destaque-para-saude-educacao-seguranca-e-empregos.webp","datePublished":"2026-08-30T14:53:34+00:00","author":{"@id":"https:\/\/www.encontraamericana.com.br\/guia\/#\/schema\/person\/515cbc6082144e7445cab98211d14f9b"},"inLanguage":"pt-BR","potentialAction":[{"@type":"ReadAction","target":["https:\/\/www.encontraamericana.com.br\/guia\/americana-celebra-151-anos-com-destaque-para-saude-educacao-seguranca-e-empregos\/"]}]},{"@type":"ImageObject","inLanguage":"pt-BR","@id":"https:\/\/www.encontraamericana.com.br\/guia\/americana-celebra-151-anos-com-destaque-para-saude-educacao-seguranca-e-empregos\/#primaryimage","url":"https:\/\/www.encontraamericana.com.br\/guia\/wp-content\/uploads\/2026\/08\/americana-celebra-151-anos-com-destaque-para-saude-educacao-seguranca-e-empregos.webp","contentUrl":"https:\/\/www.encontraamericana.com.br\/guia\/wp-content\/uploads\/2026\/08\/americana-celebra-151-anos-com-destaque-para-saude-educacao-seguranca-e-empregos.webp","width":280,"height":280,"caption":"Americana 151 anos"},{"@type":"WebSite","@id":"https:\/\/www.encontraamericana.com.br\/guia\/#website","url":"https:\/\/www.encontraamericana.com.br\/guia\/","name":"Guia Comercial de Americana SP","description":"ENCONTRA AMERICANA - O guia comercial de neg\u00f3cios e empresas, cultura e divers\u00e3o na cidade de Americana. Feito 100% para voc\u00ea morador!","potentialAction":[{"@type":"SearchAction","target":{"@type":"EntryPoint","urlTemplate":"https:\/\/www.encontraamericana.com.br\/guia\/?s={search_term_string}"},"query-input":{"@type":"PropertyValueSpecification","valueRequired":true,"valueName":"search_term_string"}}],"inLanguage":"pt-BR"},{"@type":"Person","@id":"https:\/\/www.encontraamericana.com.br\/guia\/#\/schema\/person\/515cbc6082144e7445cab98211d14f9b","name":"Encontra Americana","image":{"@type":"ImageObject","inLanguage":"pt-BR","@id":"https:\/\/secure.gravatar.com\/avatar\/c50c17820bcf322f0a8fd6b110b8c0918141409dc69076470f6fca5fee70a5d4?s=96&d=mm&r=g","url":"https:\/\/secure.gravatar.com\/avatar\/c50c17820bcf322f0a8fd6b110b8c0918141409dc69076470f6fca5fee70a5d4?s=96&d=mm&r=g","contentUrl":"https:\/\/secure.gravatar.com\/avatar\/c50c17820bcf322f0a8fd6b110b8c0918141409dc69076470f6fca5fee70a5d4?s=96&d=mm&r=g","caption":"Encontra Americana"},"url":"https:\/\/www.encontraamericana.com.br\/guia\/author\/encontraamericana\/"}]}},"_links":{"self":[{"href":"https:\/\/www.encontraamericana.com.br\/guia\/wp-json\/wp\/v2\/posts\/7061","targetHints":{"allow":["GET"]}}],"collection":[{"href":"https:\/\/www.encontraamericana.com.br\/guia\/wp-json\/wp\/v2\/posts"}],"about":[{"href":"https:\/\/www.encontraamericana.com.br\/guia\/wp-json\/wp\/v2\/types\/post"}],"author":[{"embeddable":true,"href":"https:\/\/www.encontraamericana.com.br\/guia\/wp-json\/wp\/v2\/users\/1"}],"replies":[{"embeddable":true,"href":"https:\/\/www.encontraamericana.com.br\/guia\/wp-json\/wp\/v2\/comments?post=7061"}],"version-history":[{"count":0,"href":"https:\/\/www.encontraamericana.com.br\/guia\/wp-json\/wp\/v2\/posts\/7061\/revisions"}],"wp:featuredmedia":[{"embeddable":true,"href":"https:\/\/www.encontraamericana.com.br\/guia\/wp-json\/wp\/v2\/media\/7060"}],"wp:attachment":[{"href":"https:\/\/www.encontraamericana.com.br\/guia\/wp-json\/wp\/v2\/media?parent=7061"}],"wp:term":[{"taxonomy":"category","embeddable":true,"href":"https:\/\/www.encontraamericana.com.br\/guia\/wp-json\/wp\/v2\/categories?post=7061"},{"taxonomy":"post_tag","embeddable":true,"href":"https:\/\/www.encontraamericana.com.br\/guia\/wp-json\/wp\/v2\/tags?post=7061"}],"curies":[{"name":"wp","href":"https:\/\/api.w.org\/{rel}","templated":true}]}}