{"id":7069,"date":"2026-09-01T11:16:56","date_gmt":"2026-09-01T14:16:56","guid":{"rendered":"https:\/\/www.encontraamericana.com.br\/guia\/prefeitura-abre-licitacao-para-novo-pacote-de-recapeamento-em-americana\/"},"modified":"2026-09-01T11:16:56","modified_gmt":"2026-09-01T14:16:56","slug":"prefeitura-abre-licitacao-para-novo-pacote-de-recapeamento-em-americana","status":"publish","type":"post","link":"https:\/\/www.encontraamericana.com.br\/guia\/prefeitura-abre-licitacao-para-novo-pacote-de-recapeamento-em-americana\/","title":{"rendered":"Prefeitura abre licita\u00e7\u00e3o para novo pacote de recapeamento em Americana"},"content":{"rendered":"<h2>Detalhes da Licita\u00e7\u00e3o<\/h2>\n<p>A Prefeitura de Americana lan\u00e7ou um edital para a sele\u00e7\u00e3o de uma empresa que ser\u00e1 respons\u00e1vel pelos servi\u00e7os de recapeamento asf\u00e1ltico em v\u00e1rias ruas da cidade. Essa iniciativa faz parte de um plano abrangente apresentado pelo prefeito Chico Sardelli para melhorar a infraestrutura urbana, abrangendo 76 ruas em seis bairros, com um investimento total superior a R$ 7 milh\u00f5es.<\/p>\n<h2>Investimento Total no Recapeamento<\/h2>\n<p>A quantia significativa destinada a este projeto \u00e9 proveniente de um conv\u00eanio entre a Prefeitura de Americana e a Secretaria de Governo e Rela\u00e7\u00f5es Institucionais do Estado de S\u00e3o Paulo. O investimento incluir\u00e1 R$ 5 milh\u00f5es do estado e R$ 2,7 milh\u00f5es da contrapartida municipal, resultando no recapeamento de 114,6 mil m\u00b2 de asfalto novo na regi\u00e3o.<\/p>\n<h2>Bairros Beneficiados pelo Projeto<\/h2>\n<p>Os bairros que ser\u00e3o contemplados com as melhorias s\u00e3o:<strong><\/strong><\/p>\n<p><img decoding=\"async\" src=\"https:\/\/www.encontraamericana.com.br\/guia\/wp-content\/uploads\/2026\/09\/prefeitura-abre-licitacao-para-novo-pacote-de-recapeamento-em-americana.webp\" alt=\"Prefeitura abre licita\u00e7\u00e3o\" loading=\"lazy\" \/><\/p>\n<ul>\n<li>Parque da Liberdade<\/li>\n<li>Jardim dos L\u00edrios<\/li>\n<li>Vila Bela<\/li>\n<li>Jardim da Paz<\/li>\n<li>Jardim Alvorada<\/li>\n<li>Jardim Nossa Senhora Aparecida<\/li>\n<\/ul>\n<h2>Materiais e M\u00e3o de Obra Inclu\u00eddos<\/h2>\n<p>A empresa contratada n\u00e3o apenas far\u00e1 o recapeamento, mas tamb\u00e9m fornecer\u00e1 todos os materiais necess\u00e1rios, al\u00e9m de m\u00e3o de obra e equipamentos. Essa abordagem visa garantir um servi\u00e7o de qualidade e efici\u00eancia na execu\u00e7\u00e3o do projeto, assegurando que as vias p\u00fablicas sejam restauradas com os melhores padr\u00f5es.<\/p>\n<h2>Processo de Licita\u00e7\u00e3o Eletr\u00f4nica<\/h2>\n<p>A licita\u00e7\u00e3o ser\u00e1 conduzida via Preg\u00e3o Eletr\u00f4nico, que \u00e9 um m\u00e9todo transparente e eficiente. A modalidade foi escolhida para garantir que todas as empresas interessadas possam participar de forma igualit\u00e1ria, tendo acesso \u00e0s informa\u00e7\u00f5es e condi\u00e7\u00f5es do edital.<\/p>\n<h2>Data da Abertura da Licita\u00e7\u00e3o<\/h2>\n<p>A abertura das propostas ser\u00e1 realizada no dia 16 de setembro de 2026, \u00e0s 8h30. O edital da licita\u00e7\u00e3o, publicado no Di\u00e1rio Oficial do Munic\u00edpio, ficar\u00e1 dispon\u00edvel para consulta a partir do dia 31 de agosto. Os interessados podem acessar os documentos nas sedes indicadas e tamb\u00e9m nos sites oficiais.<\/p>\n<h2>Import\u00e2ncia do Recapeamento para o Tr\u00e2nsito<\/h2>\n<p>O recapeamento das vias \u00e9 uma a\u00e7\u00e3o fundamental que contribui de maneira significativa para a seguran\u00e7a e conforto no tr\u00e2nsito. A melhoria das condi\u00e7\u00f5es das ruas n\u00e3o apenas aumenta a seguran\u00e7a dos motoristas e pedestres, mas tamb\u00e9m ajuda a reduzir acidentes e danos aos ve\u00edculos, melhorando a qualidade de vida da popula\u00e7\u00e3o local.<\/p>\n<h2>Como Participar da Licita\u00e7\u00e3o<\/h2>\n<p>Os interessados em participar do processo licitat\u00f3rio devem acessar o edital na Unidade de Suprimentos ou nos sites indicados, onde encontrar\u00e3o todas as informa\u00e7\u00f5es necess\u00e1rias sobre a documenta\u00e7\u00e3o exigida e os requisitos para a apresenta\u00e7\u00e3o de propostas.<\/p>\n<h2>Resultados Esperados do Recapeamento<\/h2>\n<p>Espera-se que, ao final deste projeto, as ruas recapeadas apresentem uma melhora consider\u00e1vel na durabilidade do pavimento, bem como na fluidez do tr\u00e1fego. A medida visa promover um transporte mais seguro e eficiente, al\u00e9m de agregar valor \u00e0s \u00e1reas urbanas abrangidas pelas obras.<\/p>\n<h2>Hist\u00f3rico das Melhorias na Infraestrutura<\/h2>\n<p>Este pacote de recapeamento \u00e9 parte do programa &#8220;Asfalto Novo&#8221;, iniciado em junho, que j\u00e1 tem demonstrado resultados positivos em v\u00e1rias regi\u00f5es. A iniciativa demonstra o compromisso da administra\u00e7\u00e3o municipal com a recupera\u00e7\u00e3o e manuten\u00e7\u00e3o das vias urbanas, essencial para o desenvolvimento e bem-estar da comunidade.<\/p>\n<h2>Trechos a Serem Recapeados<\/h2>\n<p>Os trabalhos de recapeamento afetar\u00e3o os seguintes trechos:<\/p>\n<h3>Parque da Liberdade<\/h3>\n<ul>\n<li>Serra do Acara\u00ed<\/li>\n<li>Serra de Maracaj\u00fa<\/li>\n<li>Serra do Capara\u00f3<\/li>\n<li>Serra da Cajazeira<\/li>\n<li>Serra do Espig\u00e3o<\/li>\n<li>Serra das Araras<\/li>\n<li>Serra da Saudade<\/li>\n<li>Serra da Mangabeira<\/li>\n<\/ul>\n<h3>Jardim dos L\u00edrios<\/h3>\n<ul>\n<li>Travessa Flor de Maio<\/li>\n<li>Travessa das Avencas<\/li>\n<li>Travessa Lantana<\/li>\n<li>Travessa Vit\u00f3ria R\u00e9gia<\/li>\n<li>Travessa Ipom\u00e9ias<\/li>\n<li>Travessa Clivia<\/li>\n<li>Travessa Copo de Leite<\/li>\n<li>Travessa Flor do Campo<\/li>\n<\/ul>\n<h3>Vila Bela<\/h3>\n<ul>\n<li>Olga Garcia<\/li>\n<li>Jo\u00e3o Francisco Montebelo<\/li>\n<li>M\u00e1rio Cavichioli<\/li>\n<li>Eduardo Panaro<\/li>\n<li>Jo\u00e3o Rachcovski<\/li>\n<li>Virgilio Giongo<\/li>\n<li>Eduardo Milani<\/li>\n<li>Maria de Lourdes Pigato<\/li>\n<li>Gelindo Cia<\/li>\n<li>Jos\u00e9 Berni<\/li>\n<li>Ant\u00f4nio Mileta<\/li>\n<li>\u00c2ngelo Jos\u00e9 Kokol<\/li>\n<\/ul>\n<h3>Jardim da Paz<\/h3>\n<ul>\n<li>Medita\u00e7\u00e3o<\/li>\n<li>Bondade<\/li>\n<li>Plenitude<\/li>\n<li>Alian\u00e7a<\/li>\n<li>Devo\u00e7\u00e3o<\/li>\n<li>Confian\u00e7a<\/li>\n<li>Ideais<\/li>\n<li>Sinceridade<\/li>\n<li>Compreens\u00e3o<\/li>\n<li>Dedica\u00e7\u00e3o<\/li>\n<li>Lembran\u00e7a<\/li>\n<li>Serenidade<\/li>\n<li>Heitor Santon<\/li>\n<li>Tranquilidade<\/li>\n<li>Prud\u00eancia<\/li>\n<li>Caridade<\/li>\n<li>Esperan\u00e7a<\/li>\n<li>Harmonia<\/li>\n<li>Pacificador<\/li>\n<li>Alegria<\/li>\n<li>Sonhos<\/li>\n<li>Benevol\u00eancia<\/li>\n<li>Felicidade<\/li>\n<li>Brandura<\/li>\n<li>Lealdade<\/li>\n<li>Gratid\u00e3o<\/li>\n<\/ul>\n<h3>Jardim Alvorada<\/h3>\n<ul>\n<li>Andes<\/li>\n<li>Urais<\/li>\n<li>Himalaias<\/li>\n<li>Constela\u00e7\u00f5es<\/li>\n<li>Plut\u00e3o<\/li>\n<li>Aster\u00f3ides<\/li>\n<li>Cometa<\/li>\n<li>J\u00fapiter<\/li>\n<\/ul>\n<h3>Jardim Nossa Senhora Aparecida<\/h3>\n<ul>\n<li>C\u00e1sper L\u00edbero<\/li>\n<li>L\u00facio Cardoso<\/li>\n<li>Caetano de Campos<\/li>\n<li>Emiliano Perneta<\/li>\n<li>Solano Trindade<\/li>\n<li>Gondim da Fonseca<\/li>\n<li>Dalmo Florence<\/li>\n<li>Judas Isgorogota<\/li>\n<li>Francisco Alves<\/li>\n<li>Leonardo Mota<\/li>\n<li>Gustavo Teixeira<\/li>\n<li>Ingl\u00eas de Sousa<\/li>\n<li>Jackson de Figueira<\/li>\n<li>An\u00edsio Teixeira<\/li>\n<\/ul>\n","protected":false},"excerpt":{"rendered":"<p>Prefeitura abre licita\u00e7\u00e3o para recapeamento em Americana, melhorando a infraestrutura urbana.<\/p>\n","protected":false},"author":1,"featured_media":7068,"comment_status":"open","ping_status":"open","sticky":false,"template":"","format":"standard","meta":{"footnotes":""},"categories":[5],"tags":[],"class_list":["post-7069","post","type-post","status-publish","format-standard","has-post-thumbnail","hentry","category-noticias","has_thumb"],"yoast_head":"<!-- This site is optimized with the Yoast SEO plugin v27.6 - https:\/\/yoast.com\/product\/yoast-seo-wordpress\/ -->\n<title>Prefeitura abre licita\u00e7\u00e3o para novo pacote de recapeamento em Americana | Guia Comercial de Americana SP<\/title>\n<meta name=\"robots\" content=\"index, follow, max-snippet:-1, max-image-preview:large, max-video-preview:-1\" \/>\n<link rel=\"canonical\" href=\"https:\/\/www.encontraamericana.com.br\/guia\/prefeitura-abre-licitacao-para-novo-pacote-de-recapeamento-em-americana\/\" \/>\n<meta property=\"og:locale\" content=\"pt_BR\" \/>\n<meta property=\"og:type\" content=\"article\" \/>\n<meta property=\"og:title\" content=\"Prefeitura abre licita\u00e7\u00e3o para novo pacote de recapeamento em Americana | Guia Comercial de Americana SP\" \/>\n<meta property=\"og:description\" content=\"Prefeitura abre licita\u00e7\u00e3o para recapeamento em Americana, melhorando a infraestrutura urbana.\" \/>\n<meta property=\"og:url\" content=\"https:\/\/www.encontraamericana.com.br\/guia\/prefeitura-abre-licitacao-para-novo-pacote-de-recapeamento-em-americana\/\" \/>\n<meta property=\"og:site_name\" content=\"Guia Comercial de Americana SP\" \/>\n<meta property=\"article:published_time\" content=\"2026-09-01T14:16:56+00:00\" \/>\n<meta property=\"og:image\" content=\"https:\/\/www.encontraamericana.com.br\/guia\/wp-content\/uploads\/2026\/09\/prefeitura-abre-licitacao-para-novo-pacote-de-recapeamento-em-americana.webp\" \/>\n<meta name=\"author\" content=\"Encontra Americana\" \/>\n<meta name=\"twitter:card\" content=\"summary_large_image\" \/>\n<meta name=\"twitter:label1\" content=\"Escrito por\" \/>\n\t<meta name=\"twitter:data1\" content=\"Encontra Americana\" \/>\n\t<meta name=\"twitter:label2\" content=\"Est. tempo de leitura\" \/>\n\t<meta name=\"twitter:data2\" content=\"4 minutos\" \/>\n<script type=\"application\/ld+json\" class=\"yoast-schema-graph\">{\"@context\":\"https:\\\/\\\/schema.org\",\"@graph\":[{\"@type\":\"Article\",\"@id\":\"https:\\\/\\\/www.encontraamericana.com.br\\\/guia\\\/prefeitura-abre-licitacao-para-novo-pacote-de-recapeamento-em-americana\\\/#article\",\"isPartOf\":{\"@id\":\"https:\\\/\\\/www.encontraamericana.com.br\\\/guia\\\/prefeitura-abre-licitacao-para-novo-pacote-de-recapeamento-em-americana\\\/\"},\"author\":{\"name\":\"Encontra Americana\",\"@id\":\"https:\\\/\\\/www.encontraamericana.com.br\\\/guia\\\/#\\\/schema\\\/person\\\/515cbc6082144e7445cab98211d14f9b\"},\"headline\":\"Prefeitura abre licita\u00e7\u00e3o para novo pacote de recapeamento em Americana\",\"datePublished\":\"2026-09-01T14:16:56+00:00\",\"mainEntityOfPage\":{\"@id\":\"https:\\\/\\\/www.encontraamericana.com.br\\\/guia\\\/prefeitura-abre-licitacao-para-novo-pacote-de-recapeamento-em-americana\\\/\"},\"wordCount\":773,\"commentCount\":0,\"image\":{\"@id\":\"https:\\\/\\\/www.encontraamericana.com.br\\\/guia\\\/prefeitura-abre-licitacao-para-novo-pacote-de-recapeamento-em-americana\\\/#primaryimage\"},\"thumbnailUrl\":\"https:\\\/\\\/www.encontraamericana.com.br\\\/guia\\\/wp-content\\\/uploads\\\/2026\\\/09\\\/prefeitura-abre-licitacao-para-novo-pacote-de-recapeamento-em-americana.webp\",\"articleSection\":[\"Not\u00edcias Americana\"],\"inLanguage\":\"pt-BR\",\"potentialAction\":[{\"@type\":\"CommentAction\",\"name\":\"Comment\",\"target\":[\"https:\\\/\\\/www.encontraamericana.com.br\\\/guia\\\/prefeitura-abre-licitacao-para-novo-pacote-de-recapeamento-em-americana\\\/#respond\"]}]},{\"@type\":\"WebPage\",\"@id\":\"https:\\\/\\\/www.encontraamericana.com.br\\\/guia\\\/prefeitura-abre-licitacao-para-novo-pacote-de-recapeamento-em-americana\\\/\",\"url\":\"https:\\\/\\\/www.encontraamericana.com.br\\\/guia\\\/prefeitura-abre-licitacao-para-novo-pacote-de-recapeamento-em-americana\\\/\",\"name\":\"Prefeitura abre licita\u00e7\u00e3o para novo pacote de recapeamento em Americana | Guia Comercial de Americana SP\",\"isPartOf\":{\"@id\":\"https:\\\/\\\/www.encontraamericana.com.br\\\/guia\\\/#website\"},\"primaryImageOfPage\":{\"@id\":\"https:\\\/\\\/www.encontraamericana.com.br\\\/guia\\\/prefeitura-abre-licitacao-para-novo-pacote-de-recapeamento-em-americana\\\/#primaryimage\"},\"image\":{\"@id\":\"https:\\\/\\\/www.encontraamericana.com.br\\\/guia\\\/prefeitura-abre-licitacao-para-novo-pacote-de-recapeamento-em-americana\\\/#primaryimage\"},\"thumbnailUrl\":\"https:\\\/\\\/www.encontraamericana.com.br\\\/guia\\\/wp-content\\\/uploads\\\/2026\\\/09\\\/prefeitura-abre-licitacao-para-novo-pacote-de-recapeamento-em-americana.webp\",\"datePublished\":\"2026-09-01T14:16:56+00:00\",\"author\":{\"@id\":\"https:\\\/\\\/www.encontraamericana.com.br\\\/guia\\\/#\\\/schema\\\/person\\\/515cbc6082144e7445cab98211d14f9b\"},\"inLanguage\":\"pt-BR\",\"potentialAction\":[{\"@type\":\"ReadAction\",\"target\":[\"https:\\\/\\\/www.encontraamericana.com.br\\\/guia\\\/prefeitura-abre-licitacao-para-novo-pacote-de-recapeamento-em-americana\\\/\"]}]},{\"@type\":\"ImageObject\",\"inLanguage\":\"pt-BR\",\"@id\":\"https:\\\/\\\/www.encontraamericana.com.br\\\/guia\\\/prefeitura-abre-licitacao-para-novo-pacote-de-recapeamento-em-americana\\\/#primaryimage\",\"url\":\"https:\\\/\\\/www.encontraamericana.com.br\\\/guia\\\/wp-content\\\/uploads\\\/2026\\\/09\\\/prefeitura-abre-licitacao-para-novo-pacote-de-recapeamento-em-americana.webp\",\"contentUrl\":\"https:\\\/\\\/www.encontraamericana.com.br\\\/guia\\\/wp-content\\\/uploads\\\/2026\\\/09\\\/prefeitura-abre-licitacao-para-novo-pacote-de-recapeamento-em-americana.webp\",\"width\":280,\"height\":280,\"caption\":\"Prefeitura abre licita\u00e7\u00e3o\"},{\"@type\":\"WebSite\",\"@id\":\"https:\\\/\\\/www.encontraamericana.com.br\\\/guia\\\/#website\",\"url\":\"https:\\\/\\\/www.encontraamericana.com.br\\\/guia\\\/\",\"name\":\"Guia Comercial de Americana SP\",\"description\":\"ENCONTRA AMERICANA - O guia comercial de neg\u00f3cios e empresas, cultura e divers\u00e3o na cidade de Americana. Feito 100% para voc\u00ea morador!\",\"potentialAction\":[{\"@type\":\"SearchAction\",\"target\":{\"@type\":\"EntryPoint\",\"urlTemplate\":\"https:\\\/\\\/www.encontraamericana.com.br\\\/guia\\\/?s={search_term_string}\"},\"query-input\":{\"@type\":\"PropertyValueSpecification\",\"valueRequired\":true,\"valueName\":\"search_term_string\"}}],\"inLanguage\":\"pt-BR\"},{\"@type\":\"Person\",\"@id\":\"https:\\\/\\\/www.encontraamericana.com.br\\\/guia\\\/#\\\/schema\\\/person\\\/515cbc6082144e7445cab98211d14f9b\",\"name\":\"Encontra Americana\",\"image\":{\"@type\":\"ImageObject\",\"inLanguage\":\"pt-BR\",\"@id\":\"https:\\\/\\\/secure.gravatar.com\\\/avatar\\\/c50c17820bcf322f0a8fd6b110b8c0918141409dc69076470f6fca5fee70a5d4?s=96&d=mm&r=g\",\"url\":\"https:\\\/\\\/secure.gravatar.com\\\/avatar\\\/c50c17820bcf322f0a8fd6b110b8c0918141409dc69076470f6fca5fee70a5d4?s=96&d=mm&r=g\",\"contentUrl\":\"https:\\\/\\\/secure.gravatar.com\\\/avatar\\\/c50c17820bcf322f0a8fd6b110b8c0918141409dc69076470f6fca5fee70a5d4?s=96&d=mm&r=g\",\"caption\":\"Encontra Americana\"},\"url\":\"https:\\\/\\\/www.encontraamericana.com.br\\\/guia\\\/author\\\/encontraamericana\\\/\"}]}<\/script>\n<!-- \/ Yoast SEO plugin. -->","yoast_head_json":{"title":"Prefeitura abre licita\u00e7\u00e3o para novo pacote de recapeamento em Americana | Guia Comercial de Americana SP","robots":{"index":"index","follow":"follow","max-snippet":"max-snippet:-1","max-image-preview":"max-image-preview:large","max-video-preview":"max-video-preview:-1"},"canonical":"https:\/\/www.encontraamericana.com.br\/guia\/prefeitura-abre-licitacao-para-novo-pacote-de-recapeamento-em-americana\/","og_locale":"pt_BR","og_type":"article","og_title":"Prefeitura abre licita\u00e7\u00e3o para novo pacote de recapeamento em Americana | Guia Comercial de Americana SP","og_description":"Prefeitura abre licita\u00e7\u00e3o para recapeamento em Americana, melhorando a infraestrutura urbana.","og_url":"https:\/\/www.encontraamericana.com.br\/guia\/prefeitura-abre-licitacao-para-novo-pacote-de-recapeamento-em-americana\/","og_site_name":"Guia Comercial de Americana SP","article_published_time":"2026-09-01T14:16:56+00:00","og_image":[{"url":"https:\/\/www.encontraamericana.com.br\/guia\/wp-content\/uploads\/2026\/09\/prefeitura-abre-licitacao-para-novo-pacote-de-recapeamento-em-americana.webp","type":"","width":"","height":""}],"author":"Encontra Americana","twitter_card":"summary_large_image","twitter_misc":{"Escrito por":"Encontra Americana","Est. tempo de leitura":"4 minutos"},"schema":{"@context":"https:\/\/schema.org","@graph":[{"@type":"Article","@id":"https:\/\/www.encontraamericana.com.br\/guia\/prefeitura-abre-licitacao-para-novo-pacote-de-recapeamento-em-americana\/#article","isPartOf":{"@id":"https:\/\/www.encontraamericana.com.br\/guia\/prefeitura-abre-licitacao-para-novo-pacote-de-recapeamento-em-americana\/"},"author":{"name":"Encontra Americana","@id":"https:\/\/www.encontraamericana.com.br\/guia\/#\/schema\/person\/515cbc6082144e7445cab98211d14f9b"},"headline":"Prefeitura abre licita\u00e7\u00e3o para novo pacote de recapeamento em Americana","datePublished":"2026-09-01T14:16:56+00:00","mainEntityOfPage":{"@id":"https:\/\/www.encontraamericana.com.br\/guia\/prefeitura-abre-licitacao-para-novo-pacote-de-recapeamento-em-americana\/"},"wordCount":773,"commentCount":0,"image":{"@id":"https:\/\/www.encontraamericana.com.br\/guia\/prefeitura-abre-licitacao-para-novo-pacote-de-recapeamento-em-americana\/#primaryimage"},"thumbnailUrl":"https:\/\/www.encontraamericana.com.br\/guia\/wp-content\/uploads\/2026\/09\/prefeitura-abre-licitacao-para-novo-pacote-de-recapeamento-em-americana.webp","articleSection":["Not\u00edcias Americana"],"inLanguage":"pt-BR","potentialAction":[{"@type":"CommentAction","name":"Comment","target":["https:\/\/www.encontraamericana.com.br\/guia\/prefeitura-abre-licitacao-para-novo-pacote-de-recapeamento-em-americana\/#respond"]}]},{"@type":"WebPage","@id":"https:\/\/www.encontraamericana.com.br\/guia\/prefeitura-abre-licitacao-para-novo-pacote-de-recapeamento-em-americana\/","url":"https:\/\/www.encontraamericana.com.br\/guia\/prefeitura-abre-licitacao-para-novo-pacote-de-recapeamento-em-americana\/","name":"Prefeitura abre licita\u00e7\u00e3o para novo pacote de recapeamento em Americana | Guia Comercial de Americana SP","isPartOf":{"@id":"https:\/\/www.encontraamericana.com.br\/guia\/#website"},"primaryImageOfPage":{"@id":"https:\/\/www.encontraamericana.com.br\/guia\/prefeitura-abre-licitacao-para-novo-pacote-de-recapeamento-em-americana\/#primaryimage"},"image":{"@id":"https:\/\/www.encontraamericana.com.br\/guia\/prefeitura-abre-licitacao-para-novo-pacote-de-recapeamento-em-americana\/#primaryimage"},"thumbnailUrl":"https:\/\/www.encontraamericana.com.br\/guia\/wp-content\/uploads\/2026\/09\/prefeitura-abre-licitacao-para-novo-pacote-de-recapeamento-em-americana.webp","datePublished":"2026-09-01T14:16:56+00:00","author":{"@id":"https:\/\/www.encontraamericana.com.br\/guia\/#\/schema\/person\/515cbc6082144e7445cab98211d14f9b"},"inLanguage":"pt-BR","potentialAction":[{"@type":"ReadAction","target":["https:\/\/www.encontraamericana.com.br\/guia\/prefeitura-abre-licitacao-para-novo-pacote-de-recapeamento-em-americana\/"]}]},{"@type":"ImageObject","inLanguage":"pt-BR","@id":"https:\/\/www.encontraamericana.com.br\/guia\/prefeitura-abre-licitacao-para-novo-pacote-de-recapeamento-em-americana\/#primaryimage","url":"https:\/\/www.encontraamericana.com.br\/guia\/wp-content\/uploads\/2026\/09\/prefeitura-abre-licitacao-para-novo-pacote-de-recapeamento-em-americana.webp","contentUrl":"https:\/\/www.encontraamericana.com.br\/guia\/wp-content\/uploads\/2026\/09\/prefeitura-abre-licitacao-para-novo-pacote-de-recapeamento-em-americana.webp","width":280,"height":280,"caption":"Prefeitura abre licita\u00e7\u00e3o"},{"@type":"WebSite","@id":"https:\/\/www.encontraamericana.com.br\/guia\/#website","url":"https:\/\/www.encontraamericana.com.br\/guia\/","name":"Guia Comercial de Americana SP","description":"ENCONTRA AMERICANA - O guia comercial de neg\u00f3cios e empresas, cultura e divers\u00e3o na cidade de Americana. Feito 100% para voc\u00ea morador!","potentialAction":[{"@type":"SearchAction","target":{"@type":"EntryPoint","urlTemplate":"https:\/\/www.encontraamericana.com.br\/guia\/?s={search_term_string}"},"query-input":{"@type":"PropertyValueSpecification","valueRequired":true,"valueName":"search_term_string"}}],"inLanguage":"pt-BR"},{"@type":"Person","@id":"https:\/\/www.encontraamericana.com.br\/guia\/#\/schema\/person\/515cbc6082144e7445cab98211d14f9b","name":"Encontra Americana","image":{"@type":"ImageObject","inLanguage":"pt-BR","@id":"https:\/\/secure.gravatar.com\/avatar\/c50c17820bcf322f0a8fd6b110b8c0918141409dc69076470f6fca5fee70a5d4?s=96&d=mm&r=g","url":"https:\/\/secure.gravatar.com\/avatar\/c50c17820bcf322f0a8fd6b110b8c0918141409dc69076470f6fca5fee70a5d4?s=96&d=mm&r=g","contentUrl":"https:\/\/secure.gravatar.com\/avatar\/c50c17820bcf322f0a8fd6b110b8c0918141409dc69076470f6fca5fee70a5d4?s=96&d=mm&r=g","caption":"Encontra Americana"},"url":"https:\/\/www.encontraamericana.com.br\/guia\/author\/encontraamericana\/"}]}},"_links":{"self":[{"href":"https:\/\/www.encontraamericana.com.br\/guia\/wp-json\/wp\/v2\/posts\/7069","targetHints":{"allow":["GET"]}}],"collection":[{"href":"https:\/\/www.encontraamericana.com.br\/guia\/wp-json\/wp\/v2\/posts"}],"about":[{"href":"https:\/\/www.encontraamericana.com.br\/guia\/wp-json\/wp\/v2\/types\/post"}],"author":[{"embeddable":true,"href":"https:\/\/www.encontraamericana.com.br\/guia\/wp-json\/wp\/v2\/users\/1"}],"replies":[{"embeddable":true,"href":"https:\/\/www.encontraamericana.com.br\/guia\/wp-json\/wp\/v2\/comments?post=7069"}],"version-history":[{"count":0,"href":"https:\/\/www.encontraamericana.com.br\/guia\/wp-json\/wp\/v2\/posts\/7069\/revisions"}],"wp:featuredmedia":[{"embeddable":true,"href":"https:\/\/www.encontraamericana.com.br\/guia\/wp-json\/wp\/v2\/media\/7068"}],"wp:attachment":[{"href":"https:\/\/www.encontraamericana.com.br\/guia\/wp-json\/wp\/v2\/media?parent=7069"}],"wp:term":[{"taxonomy":"category","embeddable":true,"href":"https:\/\/www.encontraamericana.com.br\/guia\/wp-json\/wp\/v2\/categories?post=7069"},{"taxonomy":"post_tag","embeddable":true,"href":"https:\/\/www.encontraamericana.com.br\/guia\/wp-json\/wp\/v2\/tags?post=7069"}],"curies":[{"name":"wp","href":"https:\/\/api.w.org\/{rel}","templated":true}]}}