{"id":7071,"date":"2026-09-01T11:17:49","date_gmt":"2026-09-01T14:17:49","guid":{"rendered":"https:\/\/www.encontraamericana.com.br\/guia\/teatro-infantil-a-bela-e-a-fera-sera-encenado-em-americana-neste-sabado-e-domingo\/"},"modified":"2026-09-01T11:17:49","modified_gmt":"2026-09-01T14:17:49","slug":"teatro-infantil-a-bela-e-a-fera-sera-encenado-em-americana-neste-sabado-e-domingo","status":"publish","type":"post","link":"https:\/\/www.encontraamericana.com.br\/guia\/teatro-infantil-a-bela-e-a-fera-sera-encenado-em-americana-neste-sabado-e-domingo\/","title":{"rendered":"Teatro infantil \u201cA Bela e a Fera\u201d ser\u00e1 encenado em Americana neste s\u00e1bado e domingo"},"content":{"rendered":"<h2>Detalhes das Apresenta\u00e7\u00f5es<\/h2>\n<p>O encantador espet\u00e1culo infantil &#8220;A Bela e a Fera &#8211; O Musical&#8221; ser\u00e1 apresentado no renomado Teatro Municipal Lulu Benencase, situado em Americana. No pr\u00f3ximo final de semana, nos dias 29 e 30 de agosto, o p\u00fablico poder\u00e1 desfrutar de tr\u00eas sess\u00f5es desse cl\u00e1ssico da literatura infantil. As apresenta\u00e7\u00f5es est\u00e3o programadas para acontecer aos s\u00e1bados, \u00e0s 15h e \u00e0s 20h, e no domingo, \u00e0s 19h. Essa montagem traz uma emocionante viagem ao universo m\u00e1gico e rom\u00e2ntico da hist\u00f3ria de Bela e sua rela\u00e7\u00e3o com a Fera, prometendo cativar crian\u00e7as e adultos.<\/p>\n<h2>Ingressos e Pre\u00e7os<\/h2>\n<p>Os ingressos est\u00e3o dispon\u00edveis por valores que variam entre R$ 70 e R$ 140, garantindo a possibilidade de acesso a diferentes faixas de pre\u00e7o para que todos possam apreciar o espet\u00e1culo. A compra pode ser realizada de forma pr\u00e1tica pelo site <a href=\"https:\/\/ingressodigital.com\/home\">www.ingressodigital.com<\/a>. O evento possui classifica\u00e7\u00e3o indicativa livre, sendo apropriado para todas as idades. Este \u00e9 um \u00f3timo momento para incentivar o gosto pela arte e a cultura entre crian\u00e7as e suas fam\u00edlias.<\/p>\n<h2>O Que Esperar do Espet\u00e1culo<\/h2>\n<p>&#8220;A Bela e a Fera &#8211; O Musical&#8221; oferece uma experi\u00eancia enriquecedora que vai al\u00e9m da hist\u00f3ria tradicional. O espet\u00e1culo combina atua\u00e7\u00f5es ao vivo com m\u00fasica encantadora e dan\u00e7as vibrantes, criando um ambiente envolvente que transporta o p\u00fablico para um mundo de fantasia. Com um cuidadoso trabalho em cenografia e figurinos, a produ\u00e7\u00e3o promete impressionar com visuais deslumbrantes e uma ambienta\u00e7\u00e3o que respeita e celebra a ess\u00eancia do conto de fadas.<\/p>\n<p><img decoding=\"async\" src=\"https:\/\/www.encontraamericana.com.br\/guia\/wp-content\/uploads\/2026\/09\/teatro-infantil-a-bela-e-a-fera-sera-encenado-em-americana-neste-sabado-e-domingo.webp\" alt=\"teatro infantil \"A Bela e a Fera\"\" loading=\"lazy\" \/><\/p>\n<h2>Hist\u00f3ria de &#8220;A Bela e a Fera&#8221;<\/h2>\n<p>A narrativa de &#8220;A Bela e a Fera&#8221; gira em torno de Bela, uma jovem corajosa e inteligente que, ap\u00f3s um encontro inesperado com a Fera em um castelo m\u00e1gico, descobre que a verdadeira beleza est\u00e1 dentro de cada ser. A hist\u00f3ria \u00e9 uma linda mensagem sobre amor, aceita\u00e7\u00e3o e o poder de transforma\u00e7\u00e3o. Ao longo do espet\u00e1culo, temas de amizade, valentia e compreens\u00e3o s\u00e3o explorados, proporcionando reflex\u00f5es valiosas para o p\u00fablico infantil e adulto.<\/p>\n<h2>Elenco e Produ\u00e7\u00e3o<\/h2>\n<p>A produ\u00e7\u00e3o do musical conta com um elenco talentoso, que traz vida e emo\u00e7\u00e3o aos personagens cl\u00e1ssicos. Atuando sob a dire\u00e7\u00e3o da Catavento Brasil, a equipe envolvida \u00e9 composta por artistas experientes e criativos, que se dedicaram a dar o melhor de si nesse projeto. Esse comprometimento resulta em uma performance que n\u00e3o apenas encanta, mas tamb\u00e9m conecta o p\u00fablico com as emo\u00e7\u00f5es e li\u00e7\u00f5es da hist\u00f3ria narrada.<\/p>\n<h2>Localiza\u00e7\u00e3o do Teatro<\/h2>\n<p>O Teatro Municipal Lulu Benencase est\u00e1 localizado na Rua Gon\u00e7alves Dias, 696, Jardim Girassol, em Americana. Com uma infraestrutura projetada para receber confortavelmente o p\u00fablico, o espa\u00e7o \u00e9 ideal para apresenta\u00e7\u00f5es culturais e art\u00edsticas. \u00c9 aconselh\u00e1vel chegar com anteced\u00eancia para garantir bom assento e aproveitar toda a divers\u00e3o que o evento pode oferecer.<\/p>\n<h2>Expectativas do P\u00fablico<\/h2>\n<p>Espera-se que as apresenta\u00e7\u00f5es do musical atraiam um grande n\u00famero de pessoas, especialmente fam\u00edlias que desejam proporcionar uma experi\u00eancia cultural marcante para seus filhos. Com um apelo popular, o espet\u00e1culo tende a ser uma relevante oportunidade para que a nova gera\u00e7\u00e3o tenha seu primeiro contato com o teatro. A mistura de m\u00fasica, dan\u00e7a e uma mensagem positiva certamente criar\u00e1 mem\u00f3rias especiais para todos os presentes.<\/p>\n<h2>Coment\u00e1rio do Secret\u00e1rio de Cultura<\/h2>\n<p>O secret\u00e1rio de Cultura e Turismo, Vinicius Ghizini, compartilhou sua empolga\u00e7\u00e3o ao afirmar: &#8220;Um dos contos mais tradicionais da hist\u00f3ria da humanidade ser\u00e1 apresentado em tr\u00eas sess\u00f5es no Teatro Lulu Benencase, que receber\u00e1 o p\u00fablico com muito conforto e qualidade.&#8221; Isso demonstra n\u00e3o apenas o valor da produ\u00e7\u00e3o, mas tamb\u00e9m o empenho da prefeitura em promover atividades culturais que enrique\u00e7am a vida dos cidad\u00e3os e fortale\u00e7am os la\u00e7os comunit\u00e1rios.<\/p>\n<h2>Como Chegar ao Teatro<\/h2>\n<p>Para aqueles que desejam visitar o Teatro Municipal Lulu Benencase, existem v\u00e1rias op\u00e7\u00f5es de transporte. A localiza\u00e7\u00e3o \u00e9 bem acess\u00edvel, e \u00e9 poss\u00edvel chegar de carro ou transporte p\u00fablico. Al\u00e9m disso, \u00e9 sempre uma boa ideia verificar com anteced\u00eancia a disponibilidade de estacionamento nas redondezas para evitar contratempos no dia da apresenta\u00e7\u00e3o.<\/p>\n<h2>Informa\u00e7\u00f5es Adicionais<\/h2>\n<p>Para quem pretende acompanhar as apresenta\u00e7\u00f5es, vale lembrar que \u00e9 prudente ficar atento \u00e0s recomenda\u00e7\u00f5es de sa\u00fade, caso ainda existam diretrizes por conta de eventos p\u00fablicos. O teatro \u00e9 um espa\u00e7o seguro e preparado para proporcionar uma experi\u00eancia positiva a todos, priorizando a seguran\u00e7a e o bem-estar do p\u00fablico.<\/p>\n<p>A produ\u00e7\u00e3o &#8220;A Bela e a Fera&#8221; promete ser um espet\u00e1culo inesquec\u00edvel e j\u00e1 est\u00e1 despertando grande expectativa na comunidade. N\u00e3o perca a chance de vivenciar essa mistura incr\u00edvel de arte e entretenimento, um convite \u00e0 magia que o teatro pode oferecer!<\/p>\n","protected":false},"excerpt":{"rendered":"<p>Teatro infantil &#8220;A Bela e a Fera&#8221; promete encantar adultos e crian\u00e7as em Americana.<\/p>\n","protected":false},"author":1,"featured_media":7070,"comment_status":"open","ping_status":"open","sticky":false,"template":"","format":"standard","meta":{"footnotes":""},"categories":[903],"tags":[],"class_list":["post-7071","post","type-post","status-publish","format-standard","has-post-thumbnail","hentry","category-teatro","has_thumb"],"yoast_head":"<!-- This site is optimized with the Yoast SEO plugin v27.6 - https:\/\/yoast.com\/product\/yoast-seo-wordpress\/ -->\n<title>Teatro infantil \u201cA Bela e a Fera\u201d ser\u00e1 encenado em Americana neste s\u00e1bado e domingo | Guia Comercial de Americana SP<\/title>\n<meta name=\"robots\" content=\"index, follow, max-snippet:-1, max-image-preview:large, max-video-preview:-1\" \/>\n<link rel=\"canonical\" href=\"https:\/\/www.encontraamericana.com.br\/guia\/teatro-infantil-a-bela-e-a-fera-sera-encenado-em-americana-neste-sabado-e-domingo\/\" \/>\n<meta property=\"og:locale\" content=\"pt_BR\" \/>\n<meta property=\"og:type\" content=\"article\" \/>\n<meta property=\"og:title\" content=\"Teatro infantil \u201cA Bela e a Fera\u201d ser\u00e1 encenado em Americana neste s\u00e1bado e domingo | Guia Comercial de Americana SP\" \/>\n<meta property=\"og:description\" content=\"Teatro infantil &quot;A Bela e a Fera&quot; promete encantar adultos e crian\u00e7as em Americana.\" \/>\n<meta property=\"og:url\" content=\"https:\/\/www.encontraamericana.com.br\/guia\/teatro-infantil-a-bela-e-a-fera-sera-encenado-em-americana-neste-sabado-e-domingo\/\" \/>\n<meta property=\"og:site_name\" content=\"Guia Comercial de Americana SP\" \/>\n<meta property=\"article:published_time\" content=\"2026-09-01T14:17:49+00:00\" \/>\n<meta property=\"og:image\" content=\"https:\/\/www.encontraamericana.com.br\/guia\/wp-content\/uploads\/2026\/09\/teatro-infantil-a-bela-e-a-fera-sera-encenado-em-americana-neste-sabado-e-domingo.webp\" \/>\n<meta name=\"author\" content=\"Encontra Americana\" \/>\n<meta name=\"twitter:card\" content=\"summary_large_image\" \/>\n<meta name=\"twitter:label1\" content=\"Escrito por\" \/>\n\t<meta name=\"twitter:data1\" content=\"Encontra Americana\" \/>\n\t<meta name=\"twitter:label2\" content=\"Est. tempo de leitura\" \/>\n\t<meta name=\"twitter:data2\" content=\"4 minutos\" \/>\n<script type=\"application\/ld+json\" class=\"yoast-schema-graph\">{\"@context\":\"https:\\\/\\\/schema.org\",\"@graph\":[{\"@type\":\"Article\",\"@id\":\"https:\\\/\\\/www.encontraamericana.com.br\\\/guia\\\/teatro-infantil-a-bela-e-a-fera-sera-encenado-em-americana-neste-sabado-e-domingo\\\/#article\",\"isPartOf\":{\"@id\":\"https:\\\/\\\/www.encontraamericana.com.br\\\/guia\\\/teatro-infantil-a-bela-e-a-fera-sera-encenado-em-americana-neste-sabado-e-domingo\\\/\"},\"author\":{\"name\":\"Encontra Americana\",\"@id\":\"https:\\\/\\\/www.encontraamericana.com.br\\\/guia\\\/#\\\/schema\\\/person\\\/515cbc6082144e7445cab98211d14f9b\"},\"headline\":\"Teatro infantil \u201cA Bela e a Fera\u201d ser\u00e1 encenado em Americana neste s\u00e1bado e domingo\",\"datePublished\":\"2026-09-01T14:17:49+00:00\",\"mainEntityOfPage\":{\"@id\":\"https:\\\/\\\/www.encontraamericana.com.br\\\/guia\\\/teatro-infantil-a-bela-e-a-fera-sera-encenado-em-americana-neste-sabado-e-domingo\\\/\"},\"wordCount\":864,\"commentCount\":0,\"image\":{\"@id\":\"https:\\\/\\\/www.encontraamericana.com.br\\\/guia\\\/teatro-infantil-a-bela-e-a-fera-sera-encenado-em-americana-neste-sabado-e-domingo\\\/#primaryimage\"},\"thumbnailUrl\":\"https:\\\/\\\/www.encontraamericana.com.br\\\/guia\\\/wp-content\\\/uploads\\\/2026\\\/09\\\/teatro-infantil-a-bela-e-a-fera-sera-encenado-em-americana-neste-sabado-e-domingo.webp\",\"articleSection\":[\"Teatro Americana\"],\"inLanguage\":\"pt-BR\",\"potentialAction\":[{\"@type\":\"CommentAction\",\"name\":\"Comment\",\"target\":[\"https:\\\/\\\/www.encontraamericana.com.br\\\/guia\\\/teatro-infantil-a-bela-e-a-fera-sera-encenado-em-americana-neste-sabado-e-domingo\\\/#respond\"]}]},{\"@type\":\"WebPage\",\"@id\":\"https:\\\/\\\/www.encontraamericana.com.br\\\/guia\\\/teatro-infantil-a-bela-e-a-fera-sera-encenado-em-americana-neste-sabado-e-domingo\\\/\",\"url\":\"https:\\\/\\\/www.encontraamericana.com.br\\\/guia\\\/teatro-infantil-a-bela-e-a-fera-sera-encenado-em-americana-neste-sabado-e-domingo\\\/\",\"name\":\"Teatro infantil \u201cA Bela e a Fera\u201d ser\u00e1 encenado em Americana neste s\u00e1bado e domingo | Guia Comercial de Americana SP\",\"isPartOf\":{\"@id\":\"https:\\\/\\\/www.encontraamericana.com.br\\\/guia\\\/#website\"},\"primaryImageOfPage\":{\"@id\":\"https:\\\/\\\/www.encontraamericana.com.br\\\/guia\\\/teatro-infantil-a-bela-e-a-fera-sera-encenado-em-americana-neste-sabado-e-domingo\\\/#primaryimage\"},\"image\":{\"@id\":\"https:\\\/\\\/www.encontraamericana.com.br\\\/guia\\\/teatro-infantil-a-bela-e-a-fera-sera-encenado-em-americana-neste-sabado-e-domingo\\\/#primaryimage\"},\"thumbnailUrl\":\"https:\\\/\\\/www.encontraamericana.com.br\\\/guia\\\/wp-content\\\/uploads\\\/2026\\\/09\\\/teatro-infantil-a-bela-e-a-fera-sera-encenado-em-americana-neste-sabado-e-domingo.webp\",\"datePublished\":\"2026-09-01T14:17:49+00:00\",\"author\":{\"@id\":\"https:\\\/\\\/www.encontraamericana.com.br\\\/guia\\\/#\\\/schema\\\/person\\\/515cbc6082144e7445cab98211d14f9b\"},\"inLanguage\":\"pt-BR\",\"potentialAction\":[{\"@type\":\"ReadAction\",\"target\":[\"https:\\\/\\\/www.encontraamericana.com.br\\\/guia\\\/teatro-infantil-a-bela-e-a-fera-sera-encenado-em-americana-neste-sabado-e-domingo\\\/\"]}]},{\"@type\":\"ImageObject\",\"inLanguage\":\"pt-BR\",\"@id\":\"https:\\\/\\\/www.encontraamericana.com.br\\\/guia\\\/teatro-infantil-a-bela-e-a-fera-sera-encenado-em-americana-neste-sabado-e-domingo\\\/#primaryimage\",\"url\":\"https:\\\/\\\/www.encontraamericana.com.br\\\/guia\\\/wp-content\\\/uploads\\\/2026\\\/09\\\/teatro-infantil-a-bela-e-a-fera-sera-encenado-em-americana-neste-sabado-e-domingo.webp\",\"contentUrl\":\"https:\\\/\\\/www.encontraamericana.com.br\\\/guia\\\/wp-content\\\/uploads\\\/2026\\\/09\\\/teatro-infantil-a-bela-e-a-fera-sera-encenado-em-americana-neste-sabado-e-domingo.webp\",\"width\":280,\"height\":280,\"caption\":\"teatro infantil \\\"A Bela e a Fera\\\"\"},{\"@type\":\"WebSite\",\"@id\":\"https:\\\/\\\/www.encontraamericana.com.br\\\/guia\\\/#website\",\"url\":\"https:\\\/\\\/www.encontraamericana.com.br\\\/guia\\\/\",\"name\":\"Guia Comercial de Americana SP\",\"description\":\"ENCONTRA AMERICANA - O guia comercial de neg\u00f3cios e empresas, cultura e divers\u00e3o na cidade de Americana. Feito 100% para voc\u00ea morador!\",\"potentialAction\":[{\"@type\":\"SearchAction\",\"target\":{\"@type\":\"EntryPoint\",\"urlTemplate\":\"https:\\\/\\\/www.encontraamericana.com.br\\\/guia\\\/?s={search_term_string}\"},\"query-input\":{\"@type\":\"PropertyValueSpecification\",\"valueRequired\":true,\"valueName\":\"search_term_string\"}}],\"inLanguage\":\"pt-BR\"},{\"@type\":\"Person\",\"@id\":\"https:\\\/\\\/www.encontraamericana.com.br\\\/guia\\\/#\\\/schema\\\/person\\\/515cbc6082144e7445cab98211d14f9b\",\"name\":\"Encontra Americana\",\"image\":{\"@type\":\"ImageObject\",\"inLanguage\":\"pt-BR\",\"@id\":\"https:\\\/\\\/secure.gravatar.com\\\/avatar\\\/c50c17820bcf322f0a8fd6b110b8c0918141409dc69076470f6fca5fee70a5d4?s=96&d=mm&r=g\",\"url\":\"https:\\\/\\\/secure.gravatar.com\\\/avatar\\\/c50c17820bcf322f0a8fd6b110b8c0918141409dc69076470f6fca5fee70a5d4?s=96&d=mm&r=g\",\"contentUrl\":\"https:\\\/\\\/secure.gravatar.com\\\/avatar\\\/c50c17820bcf322f0a8fd6b110b8c0918141409dc69076470f6fca5fee70a5d4?s=96&d=mm&r=g\",\"caption\":\"Encontra Americana\"},\"url\":\"https:\\\/\\\/www.encontraamericana.com.br\\\/guia\\\/author\\\/encontraamericana\\\/\"}]}<\/script>\n<!-- \/ Yoast SEO plugin. -->","yoast_head_json":{"title":"Teatro infantil \u201cA Bela e a Fera\u201d ser\u00e1 encenado em Americana neste s\u00e1bado e domingo | Guia Comercial de Americana SP","robots":{"index":"index","follow":"follow","max-snippet":"max-snippet:-1","max-image-preview":"max-image-preview:large","max-video-preview":"max-video-preview:-1"},"canonical":"https:\/\/www.encontraamericana.com.br\/guia\/teatro-infantil-a-bela-e-a-fera-sera-encenado-em-americana-neste-sabado-e-domingo\/","og_locale":"pt_BR","og_type":"article","og_title":"Teatro infantil \u201cA Bela e a Fera\u201d ser\u00e1 encenado em Americana neste s\u00e1bado e domingo | Guia Comercial de Americana SP","og_description":"Teatro infantil \"A Bela e a Fera\" promete encantar adultos e crian\u00e7as em Americana.","og_url":"https:\/\/www.encontraamericana.com.br\/guia\/teatro-infantil-a-bela-e-a-fera-sera-encenado-em-americana-neste-sabado-e-domingo\/","og_site_name":"Guia Comercial de Americana SP","article_published_time":"2026-09-01T14:17:49+00:00","og_image":[{"url":"https:\/\/www.encontraamericana.com.br\/guia\/wp-content\/uploads\/2026\/09\/teatro-infantil-a-bela-e-a-fera-sera-encenado-em-americana-neste-sabado-e-domingo.webp","type":"","width":"","height":""}],"author":"Encontra Americana","twitter_card":"summary_large_image","twitter_misc":{"Escrito por":"Encontra Americana","Est. tempo de leitura":"4 minutos"},"schema":{"@context":"https:\/\/schema.org","@graph":[{"@type":"Article","@id":"https:\/\/www.encontraamericana.com.br\/guia\/teatro-infantil-a-bela-e-a-fera-sera-encenado-em-americana-neste-sabado-e-domingo\/#article","isPartOf":{"@id":"https:\/\/www.encontraamericana.com.br\/guia\/teatro-infantil-a-bela-e-a-fera-sera-encenado-em-americana-neste-sabado-e-domingo\/"},"author":{"name":"Encontra Americana","@id":"https:\/\/www.encontraamericana.com.br\/guia\/#\/schema\/person\/515cbc6082144e7445cab98211d14f9b"},"headline":"Teatro infantil \u201cA Bela e a Fera\u201d ser\u00e1 encenado em Americana neste s\u00e1bado e domingo","datePublished":"2026-09-01T14:17:49+00:00","mainEntityOfPage":{"@id":"https:\/\/www.encontraamericana.com.br\/guia\/teatro-infantil-a-bela-e-a-fera-sera-encenado-em-americana-neste-sabado-e-domingo\/"},"wordCount":864,"commentCount":0,"image":{"@id":"https:\/\/www.encontraamericana.com.br\/guia\/teatro-infantil-a-bela-e-a-fera-sera-encenado-em-americana-neste-sabado-e-domingo\/#primaryimage"},"thumbnailUrl":"https:\/\/www.encontraamericana.com.br\/guia\/wp-content\/uploads\/2026\/09\/teatro-infantil-a-bela-e-a-fera-sera-encenado-em-americana-neste-sabado-e-domingo.webp","articleSection":["Teatro Americana"],"inLanguage":"pt-BR","potentialAction":[{"@type":"CommentAction","name":"Comment","target":["https:\/\/www.encontraamericana.com.br\/guia\/teatro-infantil-a-bela-e-a-fera-sera-encenado-em-americana-neste-sabado-e-domingo\/#respond"]}]},{"@type":"WebPage","@id":"https:\/\/www.encontraamericana.com.br\/guia\/teatro-infantil-a-bela-e-a-fera-sera-encenado-em-americana-neste-sabado-e-domingo\/","url":"https:\/\/www.encontraamericana.com.br\/guia\/teatro-infantil-a-bela-e-a-fera-sera-encenado-em-americana-neste-sabado-e-domingo\/","name":"Teatro infantil \u201cA Bela e a Fera\u201d ser\u00e1 encenado em Americana neste s\u00e1bado e domingo | Guia Comercial de Americana SP","isPartOf":{"@id":"https:\/\/www.encontraamericana.com.br\/guia\/#website"},"primaryImageOfPage":{"@id":"https:\/\/www.encontraamericana.com.br\/guia\/teatro-infantil-a-bela-e-a-fera-sera-encenado-em-americana-neste-sabado-e-domingo\/#primaryimage"},"image":{"@id":"https:\/\/www.encontraamericana.com.br\/guia\/teatro-infantil-a-bela-e-a-fera-sera-encenado-em-americana-neste-sabado-e-domingo\/#primaryimage"},"thumbnailUrl":"https:\/\/www.encontraamericana.com.br\/guia\/wp-content\/uploads\/2026\/09\/teatro-infantil-a-bela-e-a-fera-sera-encenado-em-americana-neste-sabado-e-domingo.webp","datePublished":"2026-09-01T14:17:49+00:00","author":{"@id":"https:\/\/www.encontraamericana.com.br\/guia\/#\/schema\/person\/515cbc6082144e7445cab98211d14f9b"},"inLanguage":"pt-BR","potentialAction":[{"@type":"ReadAction","target":["https:\/\/www.encontraamericana.com.br\/guia\/teatro-infantil-a-bela-e-a-fera-sera-encenado-em-americana-neste-sabado-e-domingo\/"]}]},{"@type":"ImageObject","inLanguage":"pt-BR","@id":"https:\/\/www.encontraamericana.com.br\/guia\/teatro-infantil-a-bela-e-a-fera-sera-encenado-em-americana-neste-sabado-e-domingo\/#primaryimage","url":"https:\/\/www.encontraamericana.com.br\/guia\/wp-content\/uploads\/2026\/09\/teatro-infantil-a-bela-e-a-fera-sera-encenado-em-americana-neste-sabado-e-domingo.webp","contentUrl":"https:\/\/www.encontraamericana.com.br\/guia\/wp-content\/uploads\/2026\/09\/teatro-infantil-a-bela-e-a-fera-sera-encenado-em-americana-neste-sabado-e-domingo.webp","width":280,"height":280,"caption":"teatro infantil \"A Bela e a Fera\""},{"@type":"WebSite","@id":"https:\/\/www.encontraamericana.com.br\/guia\/#website","url":"https:\/\/www.encontraamericana.com.br\/guia\/","name":"Guia Comercial de Americana SP","description":"ENCONTRA AMERICANA - O guia comercial de neg\u00f3cios e empresas, cultura e divers\u00e3o na cidade de Americana. Feito 100% para voc\u00ea morador!","potentialAction":[{"@type":"SearchAction","target":{"@type":"EntryPoint","urlTemplate":"https:\/\/www.encontraamericana.com.br\/guia\/?s={search_term_string}"},"query-input":{"@type":"PropertyValueSpecification","valueRequired":true,"valueName":"search_term_string"}}],"inLanguage":"pt-BR"},{"@type":"Person","@id":"https:\/\/www.encontraamericana.com.br\/guia\/#\/schema\/person\/515cbc6082144e7445cab98211d14f9b","name":"Encontra Americana","image":{"@type":"ImageObject","inLanguage":"pt-BR","@id":"https:\/\/secure.gravatar.com\/avatar\/c50c17820bcf322f0a8fd6b110b8c0918141409dc69076470f6fca5fee70a5d4?s=96&d=mm&r=g","url":"https:\/\/secure.gravatar.com\/avatar\/c50c17820bcf322f0a8fd6b110b8c0918141409dc69076470f6fca5fee70a5d4?s=96&d=mm&r=g","contentUrl":"https:\/\/secure.gravatar.com\/avatar\/c50c17820bcf322f0a8fd6b110b8c0918141409dc69076470f6fca5fee70a5d4?s=96&d=mm&r=g","caption":"Encontra Americana"},"url":"https:\/\/www.encontraamericana.com.br\/guia\/author\/encontraamericana\/"}]}},"_links":{"self":[{"href":"https:\/\/www.encontraamericana.com.br\/guia\/wp-json\/wp\/v2\/posts\/7071","targetHints":{"allow":["GET"]}}],"collection":[{"href":"https:\/\/www.encontraamericana.com.br\/guia\/wp-json\/wp\/v2\/posts"}],"about":[{"href":"https:\/\/www.encontraamericana.com.br\/guia\/wp-json\/wp\/v2\/types\/post"}],"author":[{"embeddable":true,"href":"https:\/\/www.encontraamericana.com.br\/guia\/wp-json\/wp\/v2\/users\/1"}],"replies":[{"embeddable":true,"href":"https:\/\/www.encontraamericana.com.br\/guia\/wp-json\/wp\/v2\/comments?post=7071"}],"version-history":[{"count":0,"href":"https:\/\/www.encontraamericana.com.br\/guia\/wp-json\/wp\/v2\/posts\/7071\/revisions"}],"wp:featuredmedia":[{"embeddable":true,"href":"https:\/\/www.encontraamericana.com.br\/guia\/wp-json\/wp\/v2\/media\/7070"}],"wp:attachment":[{"href":"https:\/\/www.encontraamericana.com.br\/guia\/wp-json\/wp\/v2\/media?parent=7071"}],"wp:term":[{"taxonomy":"category","embeddable":true,"href":"https:\/\/www.encontraamericana.com.br\/guia\/wp-json\/wp\/v2\/categories?post=7071"},{"taxonomy":"post_tag","embeddable":true,"href":"https:\/\/www.encontraamericana.com.br\/guia\/wp-json\/wp\/v2\/tags?post=7071"}],"curies":[{"name":"wp","href":"https:\/\/api.w.org\/{rel}","templated":true}]}}