{"id":7079,"date":"2026-09-02T11:18:19","date_gmt":"2026-09-02T14:18:19","guid":{"rendered":"https:\/\/www.encontraamericana.com.br\/guia\/agosto-lilas-palestra-no-dae-aborda-20-anos-da-lei-maria-da-penha\/"},"modified":"2026-09-02T11:18:19","modified_gmt":"2026-09-02T14:18:19","slug":"agosto-lilas-palestra-no-dae-aborda-20-anos-da-lei-maria-da-penha","status":"publish","type":"post","link":"https:\/\/www.encontraamericana.com.br\/guia\/agosto-lilas-palestra-no-dae-aborda-20-anos-da-lei-maria-da-penha\/","title":{"rendered":"Agosto Lil\u00e1s: palestra no DAE aborda \u201c20 anos da Lei Maria da Penha\u201d"},"content":{"rendered":"<h2>O que \u00e9 Agosto Lil\u00e1s?<\/h2>\n<p>Agosto Lil\u00e1s \u00e9 uma campanha anual que visa combater a viol\u00eancia de g\u00eanero e conscientizar a sociedade sobre a import\u00e2ncia do respeito e dos direitos das mulheres. Este movimento entrou em destaque por meio de v\u00e1rias a\u00e7\u00f5es voltadas \u00e0 reflex\u00e3o e ao debate sobre a viol\u00eancia que muitas mulheres enfrentam diariamente. Durante esse m\u00eas, s\u00e3o promovidas atividades educativas, palestras e workshops para informar e engajar a popula\u00e7\u00e3o em torno deste tema t\u00e3o crucial.<\/p>\n<h2>Hist\u00f3ria da Lei Maria da Penha<\/h2>\n<p>A Lei Maria da Penha, sancionada em 7 de agosto de 2006, \u00e9 uma legisla\u00e7\u00e3o brasileira que surgiu com o objetivo de coibir a viol\u00eancia dom\u00e9stica e familiar contra a mulher. O nome da lei homenageia Maria da Penha Maia Fernandes, uma mulher que sofreu diversas agress\u00f5es por parte de seu marido e que lutou por justi\u00e7a por muitos anos. Essa lei se tornou um marco na prote\u00e7\u00e3o dos direitos das mulheres, estabelecendo medidas de preven\u00e7\u00e3o e puni\u00e7\u00e3o para agressores.<\/p>\n<h2>Import\u00e2ncia da Lei para as Mulheres<\/h2>\n<p>A Lei Maria da Penha representa um avan\u00e7o significativo na prote\u00e7\u00e3o das mulheres, fornecendo um arcabou\u00e7o jur\u00eddico que permite a elas buscar justi\u00e7a e prote\u00e7\u00e3o em situa\u00e7\u00f5es de viol\u00eancia. Este instrumento legal traz dispositivos que garantem, entre outras coisas, o afastamento do agressor e a cria\u00e7\u00e3o de centros de atendimento especializados, al\u00e9m de promover campanhas de conscientiza\u00e7\u00e3o e educa\u00e7\u00e3o sobre a viol\u00eancia de g\u00eanero.<\/p>\n<p><img decoding=\"async\" src=\"https:\/\/www.encontraamericana.com.br\/guia\/wp-content\/uploads\/2026\/09\/agosto-lilas-palestra-no-dae-aborda-20-anos-da-lei-maria-da-penha.webp\" alt=\"Agosto Lil\u00e1s\" loading=\"lazy\" \/><\/p>\n<h2>Eventos do Agosto Lil\u00e1s<\/h2>\n<p>As atividades programadas para o Agosto Lil\u00e1s s\u00e3o diversas e visam alcan\u00e7ar um p\u00fablico amplo. Elas incluem:<\/p>\n<ul>\n<li><strong>Palestras educativas:<\/strong> Eventualmente realizadas em escolas, empresas e institui\u00e7\u00f5es, abordando temas relacionados \u00e0 viol\u00eancia de g\u00eanero e aos direitos das mulheres.<\/li>\n<li><strong>Workshops:<\/strong> Oferecendo forma\u00e7\u00e3o e capacita\u00e7\u00e3o sobre como enfrentar e prevenir a viol\u00eancia contra as mulheres.<\/li>\n<li><strong>Campanhas de conscientiza\u00e7\u00e3o:<\/strong> Uso de m\u00eddias sociais e materiais impressos para espalhar mensagens de empoderamento e respeito.<\/li>\n<\/ul>\n<h2>Palestras como Instrumento de Conscientiza\u00e7\u00e3o<\/h2>\n<p>As palestras s\u00e3o uma das formas mais eficazes de discutir e disseminar informa\u00e7\u00f5es sobre a Lei Maria da Penha e a import\u00e2ncia do Agosto Lil\u00e1s. Neste m\u00eas, institui\u00e7\u00f5es como o Departamento de \u00c1gua e Esgoto (DAE) realizam eventos com especialistas que falam sobre a legisla\u00e7\u00e3o, os direitos das mulheres, e a necessidade de um apoio m\u00fatuo para lutar contra a viol\u00eancia.<\/p>\n<h2>Depoimentos de Participantes<\/h2>\n<p>As experi\u00eancias e testemunhos de pessoas que participaram dos eventos do Agosto Lil\u00e1s s\u00e3o muito valiosas. Muitos relatam como as palestras e debates os ajudaram a compreender melhor a situa\u00e7\u00e3o da mulher no nosso contexto social. Esses depoimentos destacam o impacto positivo que essas a\u00e7\u00f5es t\u00eam na mudan\u00e7a de mentalidade e na promo\u00e7\u00e3o de um ambiente mais respeitoso e seguro.<\/p>\n<h2>Como a Legisla\u00e7\u00e3o Afeta o Cotidiano<\/h2>\n<p>A Lei Maria da Penha e as iniciativas do Agosto Lil\u00e1s impactam a sociedade de v\u00e1rias maneiras. Elas n\u00e3o apenas proporcionam um suporte legal para as mulheres que enfrentam viol\u00eancia, mas tamb\u00e9m incentivam uma mudan\u00e7a cultural em rela\u00e7\u00e3o \u00e0 viol\u00eancia de g\u00eanero. Muitas campanhas visam quebrar o sil\u00eancio e levar a quest\u00e3o \u00e0 tona, promovendo discuss\u00f5es que antes eram consideradas tabu.<\/p>\n<h2>Campanhas de Combate \u00e0 Viol\u00eancia<\/h2>\n<p>Durante o m\u00eas de agosto, diversas campanhas s\u00e3o lan\u00e7adas para intensificar a luta contra a viol\u00eancia. As redes sociais desempenham um papel fundamental nessa divulga\u00e7\u00e3o, com hashtags e publica\u00e7\u00f5es que promovem a visibilidade do tema. \u00c9 uma oportunidade para coletivos e organiza\u00e7\u00f5es n\u00e3o governamentais se unirem e refor\u00e7arem sua mensagem, engajando a comunidade em a\u00e7\u00f5es pr\u00e1ticas.<\/p>\n<h2>A\u00e7\u00f5es de Apoio \u00e0s V\u00edtimas<\/h2>\n<p>Al\u00e9m da conscientiza\u00e7\u00e3o, a\u00e7\u00f5es de apoio \u00e0s v\u00edtimas de viol\u00eancia s\u00e3o essenciais. Isso inclui a cria\u00e7\u00e3o de canais de den\u00fancia, abrigos tempor\u00e1rios, assist\u00eancia psicol\u00f3gica e jur\u00eddica. Esses recursos s\u00e3o vitais para oferecer suporte \u00e0s mulheres que buscam escapar de situa\u00e7\u00f5es abusivas e recome\u00e7ar suas vidas.<\/p>\n<h2>O Futuro da Luta Contra a Viol\u00eancia<\/h2>\n<p>A luta contra a viol\u00eancia de g\u00eanero precisa ser cont\u00ednua e adaptativa. Com os desafios e mudan\u00e7as sociais, \u00e9 importante que as campanhas, legisla\u00e7\u00f5es e a\u00e7\u00f5es de apoio sejam revisadas e atualizadas constantemente. O futuro deve incluir um engajamento maior na educa\u00e7\u00e3o desde cedo, ensinando o respeito \u00e0s diferen\u00e7as e os direitos de todos, independentemente de g\u00eanero.<\/p>\n","protected":false},"excerpt":{"rendered":"<p>Agosto Lil\u00e1s traz palestra sobre 20 anos da Lei Maria da Penha.<\/p>\n","protected":false},"author":1,"featured_media":7078,"comment_status":"open","ping_status":"open","sticky":false,"template":"","format":"standard","meta":{"footnotes":""},"categories":[5],"tags":[],"class_list":["post-7079","post","type-post","status-publish","format-standard","has-post-thumbnail","hentry","category-noticias","has_thumb"],"yoast_head":"<!-- This site is optimized with the Yoast SEO plugin v27.6 - https:\/\/yoast.com\/product\/yoast-seo-wordpress\/ -->\n<title>Agosto Lil\u00e1s: palestra no DAE aborda \u201c20 anos da Lei Maria da Penha\u201d | Guia Comercial de Americana SP<\/title>\n<meta name=\"robots\" content=\"index, follow, max-snippet:-1, max-image-preview:large, max-video-preview:-1\" \/>\n<link rel=\"canonical\" href=\"https:\/\/www.encontraamericana.com.br\/guia\/agosto-lilas-palestra-no-dae-aborda-20-anos-da-lei-maria-da-penha\/\" \/>\n<meta property=\"og:locale\" content=\"pt_BR\" \/>\n<meta property=\"og:type\" content=\"article\" \/>\n<meta property=\"og:title\" content=\"Agosto Lil\u00e1s: palestra no DAE aborda \u201c20 anos da Lei Maria da Penha\u201d | Guia Comercial de Americana SP\" \/>\n<meta property=\"og:description\" content=\"Agosto Lil\u00e1s traz palestra sobre 20 anos da Lei Maria da Penha.\" \/>\n<meta property=\"og:url\" content=\"https:\/\/www.encontraamericana.com.br\/guia\/agosto-lilas-palestra-no-dae-aborda-20-anos-da-lei-maria-da-penha\/\" \/>\n<meta property=\"og:site_name\" content=\"Guia Comercial de Americana SP\" \/>\n<meta property=\"article:published_time\" content=\"2026-09-02T14:18:19+00:00\" \/>\n<meta property=\"og:image\" content=\"https:\/\/www.encontraamericana.com.br\/guia\/wp-content\/uploads\/2026\/09\/agosto-lilas-palestra-no-dae-aborda-20-anos-da-lei-maria-da-penha.webp\" \/>\n<meta name=\"author\" content=\"Encontra Americana\" \/>\n<meta name=\"twitter:card\" content=\"summary_large_image\" \/>\n<meta name=\"twitter:label1\" content=\"Escrito por\" \/>\n\t<meta name=\"twitter:data1\" content=\"Encontra Americana\" \/>\n\t<meta name=\"twitter:label2\" content=\"Est. tempo de leitura\" \/>\n\t<meta name=\"twitter:data2\" content=\"4 minutos\" \/>\n<script type=\"application\/ld+json\" class=\"yoast-schema-graph\">{\"@context\":\"https:\\\/\\\/schema.org\",\"@graph\":[{\"@type\":\"Article\",\"@id\":\"https:\\\/\\\/www.encontraamericana.com.br\\\/guia\\\/agosto-lilas-palestra-no-dae-aborda-20-anos-da-lei-maria-da-penha\\\/#article\",\"isPartOf\":{\"@id\":\"https:\\\/\\\/www.encontraamericana.com.br\\\/guia\\\/agosto-lilas-palestra-no-dae-aborda-20-anos-da-lei-maria-da-penha\\\/\"},\"author\":{\"name\":\"Encontra Americana\",\"@id\":\"https:\\\/\\\/www.encontraamericana.com.br\\\/guia\\\/#\\\/schema\\\/person\\\/515cbc6082144e7445cab98211d14f9b\"},\"headline\":\"Agosto Lil\u00e1s: palestra no DAE aborda \u201c20 anos da Lei Maria da Penha\u201d\",\"datePublished\":\"2026-09-02T14:18:19+00:00\",\"mainEntityOfPage\":{\"@id\":\"https:\\\/\\\/www.encontraamericana.com.br\\\/guia\\\/agosto-lilas-palestra-no-dae-aborda-20-anos-da-lei-maria-da-penha\\\/\"},\"wordCount\":800,\"commentCount\":0,\"image\":{\"@id\":\"https:\\\/\\\/www.encontraamericana.com.br\\\/guia\\\/agosto-lilas-palestra-no-dae-aborda-20-anos-da-lei-maria-da-penha\\\/#primaryimage\"},\"thumbnailUrl\":\"https:\\\/\\\/www.encontraamericana.com.br\\\/guia\\\/wp-content\\\/uploads\\\/2026\\\/09\\\/agosto-lilas-palestra-no-dae-aborda-20-anos-da-lei-maria-da-penha.webp\",\"articleSection\":[\"Not\u00edcias Americana\"],\"inLanguage\":\"pt-BR\",\"potentialAction\":[{\"@type\":\"CommentAction\",\"name\":\"Comment\",\"target\":[\"https:\\\/\\\/www.encontraamericana.com.br\\\/guia\\\/agosto-lilas-palestra-no-dae-aborda-20-anos-da-lei-maria-da-penha\\\/#respond\"]}]},{\"@type\":\"WebPage\",\"@id\":\"https:\\\/\\\/www.encontraamericana.com.br\\\/guia\\\/agosto-lilas-palestra-no-dae-aborda-20-anos-da-lei-maria-da-penha\\\/\",\"url\":\"https:\\\/\\\/www.encontraamericana.com.br\\\/guia\\\/agosto-lilas-palestra-no-dae-aborda-20-anos-da-lei-maria-da-penha\\\/\",\"name\":\"Agosto Lil\u00e1s: palestra no DAE aborda \u201c20 anos da Lei Maria da Penha\u201d | Guia Comercial de Americana SP\",\"isPartOf\":{\"@id\":\"https:\\\/\\\/www.encontraamericana.com.br\\\/guia\\\/#website\"},\"primaryImageOfPage\":{\"@id\":\"https:\\\/\\\/www.encontraamericana.com.br\\\/guia\\\/agosto-lilas-palestra-no-dae-aborda-20-anos-da-lei-maria-da-penha\\\/#primaryimage\"},\"image\":{\"@id\":\"https:\\\/\\\/www.encontraamericana.com.br\\\/guia\\\/agosto-lilas-palestra-no-dae-aborda-20-anos-da-lei-maria-da-penha\\\/#primaryimage\"},\"thumbnailUrl\":\"https:\\\/\\\/www.encontraamericana.com.br\\\/guia\\\/wp-content\\\/uploads\\\/2026\\\/09\\\/agosto-lilas-palestra-no-dae-aborda-20-anos-da-lei-maria-da-penha.webp\",\"datePublished\":\"2026-09-02T14:18:19+00:00\",\"author\":{\"@id\":\"https:\\\/\\\/www.encontraamericana.com.br\\\/guia\\\/#\\\/schema\\\/person\\\/515cbc6082144e7445cab98211d14f9b\"},\"inLanguage\":\"pt-BR\",\"potentialAction\":[{\"@type\":\"ReadAction\",\"target\":[\"https:\\\/\\\/www.encontraamericana.com.br\\\/guia\\\/agosto-lilas-palestra-no-dae-aborda-20-anos-da-lei-maria-da-penha\\\/\"]}]},{\"@type\":\"ImageObject\",\"inLanguage\":\"pt-BR\",\"@id\":\"https:\\\/\\\/www.encontraamericana.com.br\\\/guia\\\/agosto-lilas-palestra-no-dae-aborda-20-anos-da-lei-maria-da-penha\\\/#primaryimage\",\"url\":\"https:\\\/\\\/www.encontraamericana.com.br\\\/guia\\\/wp-content\\\/uploads\\\/2026\\\/09\\\/agosto-lilas-palestra-no-dae-aborda-20-anos-da-lei-maria-da-penha.webp\",\"contentUrl\":\"https:\\\/\\\/www.encontraamericana.com.br\\\/guia\\\/wp-content\\\/uploads\\\/2026\\\/09\\\/agosto-lilas-palestra-no-dae-aborda-20-anos-da-lei-maria-da-penha.webp\",\"width\":280,\"height\":280,\"caption\":\"Agosto Lil\u00e1s\"},{\"@type\":\"WebSite\",\"@id\":\"https:\\\/\\\/www.encontraamericana.com.br\\\/guia\\\/#website\",\"url\":\"https:\\\/\\\/www.encontraamericana.com.br\\\/guia\\\/\",\"name\":\"Guia Comercial de Americana SP\",\"description\":\"ENCONTRA AMERICANA - O guia comercial de neg\u00f3cios e empresas, cultura e divers\u00e3o na cidade de Americana. Feito 100% para voc\u00ea morador!\",\"potentialAction\":[{\"@type\":\"SearchAction\",\"target\":{\"@type\":\"EntryPoint\",\"urlTemplate\":\"https:\\\/\\\/www.encontraamericana.com.br\\\/guia\\\/?s={search_term_string}\"},\"query-input\":{\"@type\":\"PropertyValueSpecification\",\"valueRequired\":true,\"valueName\":\"search_term_string\"}}],\"inLanguage\":\"pt-BR\"},{\"@type\":\"Person\",\"@id\":\"https:\\\/\\\/www.encontraamericana.com.br\\\/guia\\\/#\\\/schema\\\/person\\\/515cbc6082144e7445cab98211d14f9b\",\"name\":\"Encontra Americana\",\"image\":{\"@type\":\"ImageObject\",\"inLanguage\":\"pt-BR\",\"@id\":\"https:\\\/\\\/secure.gravatar.com\\\/avatar\\\/c50c17820bcf322f0a8fd6b110b8c0918141409dc69076470f6fca5fee70a5d4?s=96&d=mm&r=g\",\"url\":\"https:\\\/\\\/secure.gravatar.com\\\/avatar\\\/c50c17820bcf322f0a8fd6b110b8c0918141409dc69076470f6fca5fee70a5d4?s=96&d=mm&r=g\",\"contentUrl\":\"https:\\\/\\\/secure.gravatar.com\\\/avatar\\\/c50c17820bcf322f0a8fd6b110b8c0918141409dc69076470f6fca5fee70a5d4?s=96&d=mm&r=g\",\"caption\":\"Encontra Americana\"},\"url\":\"https:\\\/\\\/www.encontraamericana.com.br\\\/guia\\\/author\\\/encontraamericana\\\/\"}]}<\/script>\n<!-- \/ Yoast SEO plugin. -->","yoast_head_json":{"title":"Agosto Lil\u00e1s: palestra no DAE aborda \u201c20 anos da Lei Maria da Penha\u201d | Guia Comercial de Americana SP","robots":{"index":"index","follow":"follow","max-snippet":"max-snippet:-1","max-image-preview":"max-image-preview:large","max-video-preview":"max-video-preview:-1"},"canonical":"https:\/\/www.encontraamericana.com.br\/guia\/agosto-lilas-palestra-no-dae-aborda-20-anos-da-lei-maria-da-penha\/","og_locale":"pt_BR","og_type":"article","og_title":"Agosto Lil\u00e1s: palestra no DAE aborda \u201c20 anos da Lei Maria da Penha\u201d | Guia Comercial de Americana SP","og_description":"Agosto Lil\u00e1s traz palestra sobre 20 anos da Lei Maria da Penha.","og_url":"https:\/\/www.encontraamericana.com.br\/guia\/agosto-lilas-palestra-no-dae-aborda-20-anos-da-lei-maria-da-penha\/","og_site_name":"Guia Comercial de Americana SP","article_published_time":"2026-09-02T14:18:19+00:00","og_image":[{"url":"https:\/\/www.encontraamericana.com.br\/guia\/wp-content\/uploads\/2026\/09\/agosto-lilas-palestra-no-dae-aborda-20-anos-da-lei-maria-da-penha.webp","type":"","width":"","height":""}],"author":"Encontra Americana","twitter_card":"summary_large_image","twitter_misc":{"Escrito por":"Encontra Americana","Est. tempo de leitura":"4 minutos"},"schema":{"@context":"https:\/\/schema.org","@graph":[{"@type":"Article","@id":"https:\/\/www.encontraamericana.com.br\/guia\/agosto-lilas-palestra-no-dae-aborda-20-anos-da-lei-maria-da-penha\/#article","isPartOf":{"@id":"https:\/\/www.encontraamericana.com.br\/guia\/agosto-lilas-palestra-no-dae-aborda-20-anos-da-lei-maria-da-penha\/"},"author":{"name":"Encontra Americana","@id":"https:\/\/www.encontraamericana.com.br\/guia\/#\/schema\/person\/515cbc6082144e7445cab98211d14f9b"},"headline":"Agosto Lil\u00e1s: palestra no DAE aborda \u201c20 anos da Lei Maria da Penha\u201d","datePublished":"2026-09-02T14:18:19+00:00","mainEntityOfPage":{"@id":"https:\/\/www.encontraamericana.com.br\/guia\/agosto-lilas-palestra-no-dae-aborda-20-anos-da-lei-maria-da-penha\/"},"wordCount":800,"commentCount":0,"image":{"@id":"https:\/\/www.encontraamericana.com.br\/guia\/agosto-lilas-palestra-no-dae-aborda-20-anos-da-lei-maria-da-penha\/#primaryimage"},"thumbnailUrl":"https:\/\/www.encontraamericana.com.br\/guia\/wp-content\/uploads\/2026\/09\/agosto-lilas-palestra-no-dae-aborda-20-anos-da-lei-maria-da-penha.webp","articleSection":["Not\u00edcias Americana"],"inLanguage":"pt-BR","potentialAction":[{"@type":"CommentAction","name":"Comment","target":["https:\/\/www.encontraamericana.com.br\/guia\/agosto-lilas-palestra-no-dae-aborda-20-anos-da-lei-maria-da-penha\/#respond"]}]},{"@type":"WebPage","@id":"https:\/\/www.encontraamericana.com.br\/guia\/agosto-lilas-palestra-no-dae-aborda-20-anos-da-lei-maria-da-penha\/","url":"https:\/\/www.encontraamericana.com.br\/guia\/agosto-lilas-palestra-no-dae-aborda-20-anos-da-lei-maria-da-penha\/","name":"Agosto Lil\u00e1s: palestra no DAE aborda \u201c20 anos da Lei Maria da Penha\u201d | Guia Comercial de Americana SP","isPartOf":{"@id":"https:\/\/www.encontraamericana.com.br\/guia\/#website"},"primaryImageOfPage":{"@id":"https:\/\/www.encontraamericana.com.br\/guia\/agosto-lilas-palestra-no-dae-aborda-20-anos-da-lei-maria-da-penha\/#primaryimage"},"image":{"@id":"https:\/\/www.encontraamericana.com.br\/guia\/agosto-lilas-palestra-no-dae-aborda-20-anos-da-lei-maria-da-penha\/#primaryimage"},"thumbnailUrl":"https:\/\/www.encontraamericana.com.br\/guia\/wp-content\/uploads\/2026\/09\/agosto-lilas-palestra-no-dae-aborda-20-anos-da-lei-maria-da-penha.webp","datePublished":"2026-09-02T14:18:19+00:00","author":{"@id":"https:\/\/www.encontraamericana.com.br\/guia\/#\/schema\/person\/515cbc6082144e7445cab98211d14f9b"},"inLanguage":"pt-BR","potentialAction":[{"@type":"ReadAction","target":["https:\/\/www.encontraamericana.com.br\/guia\/agosto-lilas-palestra-no-dae-aborda-20-anos-da-lei-maria-da-penha\/"]}]},{"@type":"ImageObject","inLanguage":"pt-BR","@id":"https:\/\/www.encontraamericana.com.br\/guia\/agosto-lilas-palestra-no-dae-aborda-20-anos-da-lei-maria-da-penha\/#primaryimage","url":"https:\/\/www.encontraamericana.com.br\/guia\/wp-content\/uploads\/2026\/09\/agosto-lilas-palestra-no-dae-aborda-20-anos-da-lei-maria-da-penha.webp","contentUrl":"https:\/\/www.encontraamericana.com.br\/guia\/wp-content\/uploads\/2026\/09\/agosto-lilas-palestra-no-dae-aborda-20-anos-da-lei-maria-da-penha.webp","width":280,"height":280,"caption":"Agosto Lil\u00e1s"},{"@type":"WebSite","@id":"https:\/\/www.encontraamericana.com.br\/guia\/#website","url":"https:\/\/www.encontraamericana.com.br\/guia\/","name":"Guia Comercial de Americana SP","description":"ENCONTRA AMERICANA - O guia comercial de neg\u00f3cios e empresas, cultura e divers\u00e3o na cidade de Americana. Feito 100% para voc\u00ea morador!","potentialAction":[{"@type":"SearchAction","target":{"@type":"EntryPoint","urlTemplate":"https:\/\/www.encontraamericana.com.br\/guia\/?s={search_term_string}"},"query-input":{"@type":"PropertyValueSpecification","valueRequired":true,"valueName":"search_term_string"}}],"inLanguage":"pt-BR"},{"@type":"Person","@id":"https:\/\/www.encontraamericana.com.br\/guia\/#\/schema\/person\/515cbc6082144e7445cab98211d14f9b","name":"Encontra Americana","image":{"@type":"ImageObject","inLanguage":"pt-BR","@id":"https:\/\/secure.gravatar.com\/avatar\/c50c17820bcf322f0a8fd6b110b8c0918141409dc69076470f6fca5fee70a5d4?s=96&d=mm&r=g","url":"https:\/\/secure.gravatar.com\/avatar\/c50c17820bcf322f0a8fd6b110b8c0918141409dc69076470f6fca5fee70a5d4?s=96&d=mm&r=g","contentUrl":"https:\/\/secure.gravatar.com\/avatar\/c50c17820bcf322f0a8fd6b110b8c0918141409dc69076470f6fca5fee70a5d4?s=96&d=mm&r=g","caption":"Encontra Americana"},"url":"https:\/\/www.encontraamericana.com.br\/guia\/author\/encontraamericana\/"}]}},"_links":{"self":[{"href":"https:\/\/www.encontraamericana.com.br\/guia\/wp-json\/wp\/v2\/posts\/7079","targetHints":{"allow":["GET"]}}],"collection":[{"href":"https:\/\/www.encontraamericana.com.br\/guia\/wp-json\/wp\/v2\/posts"}],"about":[{"href":"https:\/\/www.encontraamericana.com.br\/guia\/wp-json\/wp\/v2\/types\/post"}],"author":[{"embeddable":true,"href":"https:\/\/www.encontraamericana.com.br\/guia\/wp-json\/wp\/v2\/users\/1"}],"replies":[{"embeddable":true,"href":"https:\/\/www.encontraamericana.com.br\/guia\/wp-json\/wp\/v2\/comments?post=7079"}],"version-history":[{"count":0,"href":"https:\/\/www.encontraamericana.com.br\/guia\/wp-json\/wp\/v2\/posts\/7079\/revisions"}],"wp:featuredmedia":[{"embeddable":true,"href":"https:\/\/www.encontraamericana.com.br\/guia\/wp-json\/wp\/v2\/media\/7078"}],"wp:attachment":[{"href":"https:\/\/www.encontraamericana.com.br\/guia\/wp-json\/wp\/v2\/media?parent=7079"}],"wp:term":[{"taxonomy":"category","embeddable":true,"href":"https:\/\/www.encontraamericana.com.br\/guia\/wp-json\/wp\/v2\/categories?post=7079"},{"taxonomy":"post_tag","embeddable":true,"href":"https:\/\/www.encontraamericana.com.br\/guia\/wp-json\/wp\/v2\/tags?post=7079"}],"curies":[{"name":"wp","href":"https:\/\/api.w.org\/{rel}","templated":true}]}}