{"id":1005,"date":"2012-02-28T13:59:34","date_gmt":"2012-02-28T13:59:34","guid":{"rendered":"http:\/\/www.encontraamericana.com.br\/noticias\/?p=1005"},"modified":"2019-04-29T20:38:16","modified_gmt":"2019-04-29T20:38:16","slug":"falta-dagua-revolta-moradores-em-americana","status":"publish","type":"post","link":"https:\/\/www.encontraamericana.com.br\/sobre\/falta-dagua-revolta-moradores-em-americana\/","title":{"rendered":"Falta d&#8217;\u00e1gua revolta moradores em Americana"},"content":{"rendered":"<div class=\"a5b19addc3b60ae39ffd01daa729d676\" data-index=\"1\" style=\"float: none; margin:0px;\">\n<!-- Anuncio display - global -->\r\n<ins class=\"adsbygoogle\"\r\n     style=\"display:block\"\r\n     data-ad-client=\"ca-pub-8585364105181520\"\r\n     data-ad-slot=\"8789329856\"\r\n     data-ad-format=\"auto\"\r\n     data-full-width-responsive=\"true\"><\/ins>\r\n<script>\r\n     (adsbygoogle = window.adsbygoogle || []).push({});\r\n<\/script>\n<\/div>\n<p>Em pleno ver\u00e3o, a escassez de \u00e1gua se espalha pelos bairros da cidade de Americana. No Jardim Progresso o problema j\u00e1 \u00e9 antigo e se agravou nos \u00faltimos seis meses. H\u00e1 60 dias, por\u00e9m, a situa\u00e7\u00e3o piorou e os reservat\u00f3rios est\u00e3o praticamente vazios.<\/p>\n<p>A falta d&#8217;\u00e1gua atinge tamb\u00e9m o Jardim Bertoni, onde os moradores est\u00e3o com as torneiras vazias desde o \u00faltimo s\u00e1bado.<\/p>\n<p>No Jardim Progresso os reservat\u00f3rios est\u00e3o baixos h\u00e1 tempos. Em 2010 o jornal O LIBERAL publicou mat\u00e9ria sobre a situa\u00e7\u00e3o e moradores alegaram que no dia seguinte seis caminh\u00f5es do DAE (Departamento de \u00c1gua e Esgoto) solucionaram o problema.<\/p>\n<p>Por\u00e9m, seis meses depois, a situa\u00e7\u00e3o voltou a piorar, e, desde ent\u00e3o, a quantidade de \u00e1gua dispon\u00edvel no bairro n\u00e3o parou de diminuir.<\/p>\n<p>A dona de casa Silvana dos Santos, de 58 anos, afirma estar sem \u00e1gua todas as tardes. Segundo ela, o problema causa desconforto no dia-a-dia, pois muitas vezes n\u00e3o tem como tomar banho, n\u00e3o consegue encher uma m\u00e1quina de lavar roupas e encontra dificuldades para cozinhar.<\/p>\n<p>A \u00fanica op\u00e7\u00e3o \u00e9 buscar o l\u00edquido no po\u00e7o artesiano do bairro, que est\u00e1 externamente com apar\u00eancia de abandono, com mato alto.<\/p>\n<p>&#8220;\u00c9 muito ruim abrir a torneira e ver apenas algumas gotas caindo. O pior \u00e9 quando eu chamo uma diarista para c\u00e1, pois tenho que pagar a di\u00e1ria dela e sem \u00e1gua ela n\u00e3o tem como trabalhar&#8221;, relata a moradora, que ainda relatou outra situa\u00e7\u00e3o que a deixou indignada durante o Carnaval.<\/p>\n<p>&#8220;Eu moro perto do local onde a Prefeitura organizou o show do Jorge Ben Jor e os desfiles das escolas de samba, e o curioso \u00e9 que durante este per\u00edodo o DAE levou um mutir\u00e3o para lavar e limpar as ruas pr\u00f3ximas, mas n\u00e3o conseguiu mandar uma pessoa sequer para analisar a falta d&#8217;\u00e1gua no nosso bairro&#8221;.<\/p>\n<p>No Jardim Bertoni, o morador Antonio Marcos Dias Bonfim alega que desde o \u00faltimo s\u00e1bado todo o bairro est\u00e1 sem \u00e1gua e, mesmo ap\u00f3s reclamar para o DAE, ningu\u00e9m tomou provid\u00eancias.<\/p>\n<p>&#8220;Faram que existe um vazamento e que por isso a \u00e1gua est\u00e1 cortada, mas nunca vi nenhum carro do DAE procurando o tal vazamento. Acho que com tanto tempo sem \u00e1gua, o m\u00ednimo que eles deviam fazer \u00e9 mandar um caminh\u00e3o pipa para a popula\u00e7\u00e3o, mas nem isso fizeram&#8221;, afirma.<\/p>\n<p>A reportagem do jornal O Liberal questionou a Prefeitura para comentar a falta d&#8217;\u00e1gua no munic\u00edpio, por\u00e9m n\u00e3o recebeu resposta da assessoria de imprensa at\u00e9 o fechamento desta edi\u00e7\u00e3o.<\/p>\n<p><em>Fonte: Jornal O Liberal<\/em><\/p>\n\n<div style=\"font-size: 0px; height: 0px; line-height: 0px; margin: 0; padding: 0; clear: both;\"><\/div>","protected":false},"excerpt":{"rendered":"<p>Em pleno ver\u00e3o, a escassez de \u00e1gua se espalha pelos bairros da cidade de Americana. No Jardim Progresso o problema j\u00e1 \u00e9 antigo e se agravou nos \u00faltimos seis meses. H\u00e1 60 dias, por\u00e9m, a situa\u00e7\u00e3o piorou e os reservat\u00f3rios est\u00e3o praticamente vazios. A falta d&#8217;\u00e1gua atinge tamb\u00e9m o Jardim Bertoni, onde os moradores est\u00e3o com as torneiras vazias desde o \u00faltimo s\u00e1bado. No Jardim Progresso os reservat\u00f3rios est\u00e3o baixos h\u00e1 tempos. Em 2010 o jornal O LIBERAL publicou mat\u00e9ria sobre a situa\u00e7\u00e3o e moradores alegaram que no dia seguinte seis caminh\u00f5es do DAE (Departamento de \u00c1gua e Esgoto) solucionaram <\/p>\n","protected":false},"author":1,"featured_media":0,"comment_status":"open","ping_status":"closed","sticky":false,"template":"","format":"standard","meta":{"footnotes":""},"categories":[9],"tags":[],"class_list":["post-1005","post","type-post","status-publish","format-standard","hentry","category-noticias-americana"],"aioseo_notices":[],"_links":{"self":[{"href":"https:\/\/www.encontraamericana.com.br\/sobre\/wp-json\/wp\/v2\/posts\/1005","targetHints":{"allow":["GET"]}}],"collection":[{"href":"https:\/\/www.encontraamericana.com.br\/sobre\/wp-json\/wp\/v2\/posts"}],"about":[{"href":"https:\/\/www.encontraamericana.com.br\/sobre\/wp-json\/wp\/v2\/types\/post"}],"author":[{"embeddable":true,"href":"https:\/\/www.encontraamericana.com.br\/sobre\/wp-json\/wp\/v2\/users\/1"}],"replies":[{"embeddable":true,"href":"https:\/\/www.encontraamericana.com.br\/sobre\/wp-json\/wp\/v2\/comments?post=1005"}],"version-history":[{"count":0,"href":"https:\/\/www.encontraamericana.com.br\/sobre\/wp-json\/wp\/v2\/posts\/1005\/revisions"}],"wp:attachment":[{"href":"https:\/\/www.encontraamericana.com.br\/sobre\/wp-json\/wp\/v2\/media?parent=1005"}],"wp:term":[{"taxonomy":"category","embeddable":true,"href":"https:\/\/www.encontraamericana.com.br\/sobre\/wp-json\/wp\/v2\/categories?post=1005"},{"taxonomy":"post_tag","embeddable":true,"href":"https:\/\/www.encontraamericana.com.br\/sobre\/wp-json\/wp\/v2\/tags?post=1005"}],"curies":[{"name":"wp","href":"https:\/\/api.w.org\/{rel}","templated":true}]}}