{"id":117,"date":"2010-11-26T14:29:43","date_gmt":"2010-11-26T14:29:43","guid":{"rendered":"http:\/\/www.encontraamericana.com.br\/noticias\/?p=117"},"modified":"2019-04-29T20:40:00","modified_gmt":"2019-04-29T20:40:00","slug":"casa-da-crianca-de-americana-realiza-a-ii-caminhada-da-cidadania","status":"publish","type":"post","link":"https:\/\/www.encontraamericana.com.br\/sobre\/casa-da-crianca-de-americana-realiza-a-ii-caminhada-da-cidadania\/","title":{"rendered":"Casa da Crian\u00e7a de Americana realiza a II Caminhada da Cidadania"},"content":{"rendered":"<div class=\"a5b19addc3b60ae39ffd01daa729d676\" data-index=\"1\" style=\"float: none; margin:0px;\">\n<!-- Anuncio display - global -->\r\n<ins class=\"adsbygoogle\"\r\n     style=\"display:block\"\r\n     data-ad-client=\"ca-pub-8585364105181520\"\r\n     data-ad-slot=\"8789329856\"\r\n     data-ad-format=\"auto\"\r\n     data-full-width-responsive=\"true\"><\/ins>\r\n<script>\r\n     (adsbygoogle = window.adsbygoogle || []).push({});\r\n<\/script>\n<\/div>\n<p>Acontece amanh\u00e3, (27\/11), \u00e0s 8h, na Casa da Crian\u00e7a Pitanga, a II Caminhada da Cidadania. A a\u00e7\u00e3o faz parte do projeto de conscientiza\u00e7\u00e3o e preserva\u00e7\u00e3o do meio ambiente que a escola desenvolve com os 160 alunos das Emeis e seus familiares.<\/p>\n<p>O percurso da caminhada ser\u00e1 nas ruas aos arredores da escola, no bairro Jardim do Lago, e deve durar cerca de uma hora.<\/p>\n<p>A escola realizou um concurso entre os alunos do n\u00edvel II, onde desenharam sobre o meio ambiente. Um dos desenhos foi escolhido por uma equipe avaliadora para simbolizar o tema. O desenho foi estampado no adesivo que ser\u00e1 entregue \u00e0 popula\u00e7\u00e3o durante a caminhada.<\/p>\n<p>\u201cOs pais e alunos devem caminhar juntos, \u00e9 uma maneira de estarem unidos e passar a mensagem de preserva\u00e7\u00e3o para a comunidade do bairro. Durante o percurso, vamos distribuir alguns adesivos para lembrar a popula\u00e7\u00e3o sobre a import\u00e2ncia de preservar a natureza, de todas as formas e em todos os aspectos\u201d, diz a coordenadora Vanilde Helena Lacis Linarello.<\/p>\n<p>Todas as crian\u00e7as e pais da Casa da Crian\u00e7a Pitanga foram convidados para a caminha. A expectativa da dire\u00e7\u00e3o da escola \u00e9 que quase 250 pessoas participem da a\u00e7\u00e3o.<\/p>\n<p><em>Fonte: Jornal RMC<\/em><\/p>\n\n<div style=\"font-size: 0px; height: 0px; line-height: 0px; margin: 0; padding: 0; clear: both;\"><\/div>","protected":false},"excerpt":{"rendered":"<p>Acontece amanh\u00e3, (27\/11), \u00e0s 8h, na Casa da Crian\u00e7a Pitanga, a II Caminhada da Cidadania. A a\u00e7\u00e3o faz parte do projeto de conscientiza\u00e7\u00e3o e preserva\u00e7\u00e3o do meio ambiente que a escola desenvolve com os 160 alunos das Emeis e seus familiares. O percurso da caminhada ser\u00e1 nas ruas aos arredores da escola, no bairro Jardim do Lago, e deve durar cerca de uma hora. A escola realizou um concurso entre os alunos do n\u00edvel II, onde desenharam sobre o meio ambiente. Um dos desenhos foi escolhido por uma equipe avaliadora para simbolizar o tema. O desenho foi estampado no adesivo <\/p>\n","protected":false},"author":1,"featured_media":0,"comment_status":"open","ping_status":"closed","sticky":false,"template":"","format":"standard","meta":{"footnotes":""},"categories":[9],"tags":[],"class_list":["post-117","post","type-post","status-publish","format-standard","hentry","category-noticias-americana"],"aioseo_notices":[],"_links":{"self":[{"href":"https:\/\/www.encontraamericana.com.br\/sobre\/wp-json\/wp\/v2\/posts\/117","targetHints":{"allow":["GET"]}}],"collection":[{"href":"https:\/\/www.encontraamericana.com.br\/sobre\/wp-json\/wp\/v2\/posts"}],"about":[{"href":"https:\/\/www.encontraamericana.com.br\/sobre\/wp-json\/wp\/v2\/types\/post"}],"author":[{"embeddable":true,"href":"https:\/\/www.encontraamericana.com.br\/sobre\/wp-json\/wp\/v2\/users\/1"}],"replies":[{"embeddable":true,"href":"https:\/\/www.encontraamericana.com.br\/sobre\/wp-json\/wp\/v2\/comments?post=117"}],"version-history":[{"count":0,"href":"https:\/\/www.encontraamericana.com.br\/sobre\/wp-json\/wp\/v2\/posts\/117\/revisions"}],"wp:attachment":[{"href":"https:\/\/www.encontraamericana.com.br\/sobre\/wp-json\/wp\/v2\/media?parent=117"}],"wp:term":[{"taxonomy":"category","embeddable":true,"href":"https:\/\/www.encontraamericana.com.br\/sobre\/wp-json\/wp\/v2\/categories?post=117"},{"taxonomy":"post_tag","embeddable":true,"href":"https:\/\/www.encontraamericana.com.br\/sobre\/wp-json\/wp\/v2\/tags?post=117"}],"curies":[{"name":"wp","href":"https:\/\/api.w.org\/{rel}","templated":true}]}}